{"id":4846,"date":"2024-12-03T18:48:57","date_gmt":"2024-12-03T18:48:57","guid":{"rendered":"https:\/\/arealorcaradio.es\/?p=4846"},"modified":"2024-12-03T18:48:57","modified_gmt":"2024-12-03T18:48:57","slug":"seis-personas-del-centro-apandis-de-lorca-participan-en-el-club-de-lectura-facil-desarrollado-por-plena-inclusion","status":"publish","type":"post","link":"https:\/\/arealorcaradio.es\/index.php\/2024\/12\/03\/seis-personas-del-centro-apandis-de-lorca-participan-en-el-club-de-lectura-facil-desarrollado-por-plena-inclusion\/","title":{"rendered":"Seis personas del centro Apandis de Lorca participan en el club de lectura f\u00e1cil desarrollado por Plena Inclusi\u00f3n"},"content":{"rendered":"<p>\u00c1REA LORCA RADIO. 03-12-24.<\/p>\n<p>Escucha aqu\u00ed la entrevista que han concedido a Paco S\u00e1nchez en el magazine \u00c1rea Lorca Actualidad con motivo del D\u00eda Internacional de las Personas con Discapacidad, Mari Paz G\u00f3mez, dinamizadora del Club de Lectura F\u00e1cil de Plena Inclusi\u00f3n, qui\u00e9n ha estado acompa\u00f1ada por cinco de las seis de las personas que componen este grupo de lectura en el centro de la Asociaci\u00f3n Apandis de Lorca, Natalia Garc\u00eda Garc\u00eda, Conchi Zabala Ruiz. Francisco Jos\u00e9 L\u00f3pez Lario, Paco Jes\u00fas Garc\u00eda Elvira y Diego Alberto Fern\u00e1ndez Ruzafa.<\/p>\n<audio class=\"wp-audio-shortcode\" id=\"audio-4846-1\" preload=\"none\" style=\"width: 100%;\" controls=\"controls\"><source type=\"audio\/mpeg\" src=\"https:\/\/arealorcaradio.es\/wp-content\/uploads\/2024\/12\/031224-MARI-PAZ-Y-APANDIS.mp3?_=1\" \/><a href=\"https:\/\/arealorcaradio.es\/wp-content\/uploads\/2024\/12\/031224-MARI-PAZ-Y-APANDIS.mp3\">https:\/\/arealorcaradio.es\/wp-content\/uploads\/2024\/12\/031224-MARI-PAZ-Y-APANDIS.mp3<\/a><\/audio>\n<p><img loading=\"lazy\" decoding=\"async\" class=\"alignnone size-medium wp-image-4853\" src=\"https:\/\/arealorcaradio.es\/wp-content\/uploads\/2024\/12\/20241203_183415-300x225.jpg\" alt=\"\" width=\"300\" height=\"225\" srcset=\"https:\/\/arealorcaradio.es\/wp-content\/uploads\/2024\/12\/20241203_183415-300x225.jpg 300w, https:\/\/arealorcaradio.es\/wp-content\/uploads\/2024\/12\/20241203_183415-1024x768.jpg 1024w, https:\/\/arealorcaradio.es\/wp-content\/uploads\/2024\/12\/20241203_183415-768x576.jpg 768w, https:\/\/arealorcaradio.es\/wp-content\/uploads\/2024\/12\/20241203_183415-1536x1152.jpg 1536w, https:\/\/arealorcaradio.es\/wp-content\/uploads\/2024\/12\/20241203_183415-2048x1536.jpg 2048w, https:\/\/arealorcaradio.es\/wp-content\/uploads\/2024\/12\/20241203_183415-86x64.jpg 86w\" sizes=\"auto, (max-width: 300px) 100vw, 300px\" \/> \u00a0<img loading=\"lazy\" decoding=\"async\" class=\"alignnone size-medium wp-image-4854\" src=\"https:\/\/arealorcaradio.es\/wp-content\/uploads\/2024\/12\/20241203_173326-300x225.jpg\" alt=\"\" width=\"300\" height=\"225\" srcset=\"https:\/\/arealorcaradio.es\/wp-content\/uploads\/2024\/12\/20241203_173326-300x225.jpg 300w, https:\/\/arealorcaradio.es\/wp-content\/uploads\/2024\/12\/20241203_173326-1024x768.jpg 1024w, https:\/\/arealorcaradio.es\/wp-content\/uploads\/2024\/12\/20241203_173326-768x576.jpg 768w, https:\/\/arealorcaradio.es\/wp-content\/uploads\/2024\/12\/20241203_173326-1536x1152.jpg 1536w, https:\/\/arealorcaradio.es\/wp-content\/uploads\/2024\/12\/20241203_173326-2048x1536.jpg 2048w, https:\/\/arealorcaradio.es\/wp-content\/uploads\/2024\/12\/20241203_173326-86x64.jpg 86w\" sizes=\"auto, (max-width: 300px) 100vw, 300px\" \/><\/p>\n","protected":false},"excerpt":{"rendered":"<p>\u00c1REA LORCA RADIO. 03-12-24. Escucha aqu\u00ed la entrevista que han concedido a Paco S\u00e1nchez en el magazine \u00c1rea Lorca Actualidad con motivo del D\u00eda Internacional de las Personas con Discapacidad, Mari Paz G\u00f3mez, dinamizadora del Club de Lectura F\u00e1cil de Plena Inclusi\u00f3n, qui\u00e9n ha estado acompa\u00f1ada por cinco de las seis de las personas que [&hellip;]<\/p>\n","protected":false},"author":1,"featured_media":4852,"comment_status":"open","ping_status":"open","sticky":false,"template":"","format":"standard","meta":{"iawp_total_views":194,"footnotes":""},"categories":[5,7],"tags":[],"class_list":["post-4846","post","type-post","status-publish","format-standard","has-post-thumbnail","hentry","category-actualidad","category-lorca"],"yoast_head":"<!-- This site is optimized with the Yoast SEO plugin v27.5 - https:\/\/yoast.com\/product\/yoast-seo-wordpress\/ -->\n<title>Seis personas del centro Apandis de Lorca participan en el club de lectura f\u00e1cil desarrollado por Plena Inclusi\u00f3n - AREA LORCA RADIO<\/title>\n<meta name=\"robots\" content=\"index, follow, max-snippet:-1, max-image-preview:large, max-video-preview:-1\" \/>\n<link rel=\"canonical\" href=\"https:\/\/arealorcaradio.es\/index.php\/2024\/12\/03\/seis-personas-del-centro-apandis-de-lorca-participan-en-el-club-de-lectura-facil-desarrollado-por-plena-inclusion\/\" \/>\n<meta property=\"og:locale\" content=\"es_ES\" \/>\n<meta property=\"og:type\" content=\"article\" \/>\n<meta property=\"og:title\" content=\"Seis personas del centro Apandis de Lorca participan en el club de lectura f\u00e1cil desarrollado por Plena Inclusi\u00f3n - AREA LORCA RADIO\" \/>\n<meta property=\"og:description\" content=\"\u00c1REA LORCA RADIO. 03-12-24. Escucha aqu\u00ed la entrevista que han concedido a Paco S\u00e1nchez en el magazine \u00c1rea Lorca Actualidad con motivo del D\u00eda Internacional de las Personas con Discapacidad, Mari Paz G\u00f3mez, dinamizadora del Club de Lectura F\u00e1cil de Plena Inclusi\u00f3n, qui\u00e9n ha estado acompa\u00f1ada por cinco de las seis de las personas que [&hellip;]\" \/>\n<meta property=\"og:url\" content=\"https:\/\/arealorcaradio.es\/index.php\/2024\/12\/03\/seis-personas-del-centro-apandis-de-lorca-participan-en-el-club-de-lectura-facil-desarrollado-por-plena-inclusion\/\" \/>\n<meta property=\"og:site_name\" content=\"AREA LORCA RADIO\" \/>\n<meta property=\"article:published_time\" content=\"2024-12-03T18:48:57+00:00\" \/>\n<meta property=\"og:image\" content=\"https:\/\/arealorcaradio.es\/wp-content\/uploads\/2024\/12\/20241203_183511-scaled.jpg\" \/>\n\t<meta property=\"og:image:width\" content=\"2560\" \/>\n\t<meta property=\"og:image:height\" content=\"1920\" \/>\n\t<meta property=\"og:image:type\" content=\"image\/jpeg\" \/>\n<meta name=\"author\" content=\"Paco S\u00e1nchez\" \/>\n<meta name=\"twitter:card\" content=\"summary_large_image\" \/>\n<meta name=\"twitter:label1\" content=\"Escrito por\" \/>\n\t<meta name=\"twitter:data1\" content=\"Paco S\u00e1nchez\" \/>\n\t<meta name=\"twitter:label2\" content=\"Tiempo de lectura\" \/>\n\t<meta name=\"twitter:data2\" content=\"2 minutos\" \/>\n<script type=\"application\/ld+json\" class=\"yoast-schema-graph\">{\"@context\":\"https:\\\/\\\/schema.org\",\"@graph\":[{\"@type\":\"Article\",\"@id\":\"https:\\\/\\\/arealorcaradio.es\\\/index.php\\\/2024\\\/12\\\/03\\\/seis-personas-del-centro-apandis-de-lorca-participan-en-el-club-de-lectura-facil-desarrollado-por-plena-inclusion\\\/#article\",\"isPartOf\":{\"@id\":\"https:\\\/\\\/arealorcaradio.es\\\/index.php\\\/2024\\\/12\\\/03\\\/seis-personas-del-centro-apandis-de-lorca-participan-en-el-club-de-lectura-facil-desarrollado-por-plena-inclusion\\\/\"},\"author\":{\"name\":\"Paco S\u00e1nchez\",\"@id\":\"https:\\\/\\\/arealorcaradio.es\\\/#\\\/schema\\\/person\\\/9fae605fc25b0f2c83c1ab207139bd27\"},\"headline\":\"Seis personas del centro Apandis de Lorca participan en el club de lectura f\u00e1cil desarrollado por Plena Inclusi\u00f3n\",\"datePublished\":\"2024-12-03T18:48:57+00:00\",\"mainEntityOfPage\":{\"@id\":\"https:\\\/\\\/arealorcaradio.es\\\/index.php\\\/2024\\\/12\\\/03\\\/seis-personas-del-centro-apandis-de-lorca-participan-en-el-club-de-lectura-facil-desarrollado-por-plena-inclusion\\\/\"},\"wordCount\":133,\"commentCount\":0,\"image\":{\"@id\":\"https:\\\/\\\/arealorcaradio.es\\\/index.php\\\/2024\\\/12\\\/03\\\/seis-personas-del-centro-apandis-de-lorca-participan-en-el-club-de-lectura-facil-desarrollado-por-plena-inclusion\\\/#primaryimage\"},\"thumbnailUrl\":\"https:\\\/\\\/arealorcaradio.es\\\/wp-content\\\/uploads\\\/2024\\\/12\\\/20241203_183511-scaled.jpg\",\"articleSection\":[\"ACTUALIDAD\",\"LORCA\"],\"inLanguage\":\"es\",\"potentialAction\":[{\"@type\":\"CommentAction\",\"name\":\"Comment\",\"target\":[\"https:\\\/\\\/arealorcaradio.es\\\/index.php\\\/2024\\\/12\\\/03\\\/seis-personas-del-centro-apandis-de-lorca-participan-en-el-club-de-lectura-facil-desarrollado-por-plena-inclusion\\\/#respond\"]}]},{\"@type\":\"WebPage\",\"@id\":\"https:\\\/\\\/arealorcaradio.es\\\/index.php\\\/2024\\\/12\\\/03\\\/seis-personas-del-centro-apandis-de-lorca-participan-en-el-club-de-lectura-facil-desarrollado-por-plena-inclusion\\\/\",\"url\":\"https:\\\/\\\/arealorcaradio.es\\\/index.php\\\/2024\\\/12\\\/03\\\/seis-personas-del-centro-apandis-de-lorca-participan-en-el-club-de-lectura-facil-desarrollado-por-plena-inclusion\\\/\",\"name\":\"Seis personas del centro Apandis de Lorca participan en el club de lectura f\u00e1cil desarrollado por Plena Inclusi\u00f3n - AREA LORCA RADIO\",\"isPartOf\":{\"@id\":\"https:\\\/\\\/arealorcaradio.es\\\/#website\"},\"primaryImageOfPage\":{\"@id\":\"https:\\\/\\\/arealorcaradio.es\\\/index.php\\\/2024\\\/12\\\/03\\\/seis-personas-del-centro-apandis-de-lorca-participan-en-el-club-de-lectura-facil-desarrollado-por-plena-inclusion\\\/#primaryimage\"},\"image\":{\"@id\":\"https:\\\/\\\/arealorcaradio.es\\\/index.php\\\/2024\\\/12\\\/03\\\/seis-personas-del-centro-apandis-de-lorca-participan-en-el-club-de-lectura-facil-desarrollado-por-plena-inclusion\\\/#primaryimage\"},\"thumbnailUrl\":\"https:\\\/\\\/arealorcaradio.es\\\/wp-content\\\/uploads\\\/2024\\\/12\\\/20241203_183511-scaled.jpg\",\"datePublished\":\"2024-12-03T18:48:57+00:00\",\"author\":{\"@id\":\"https:\\\/\\\/arealorcaradio.es\\\/#\\\/schema\\\/person\\\/9fae605fc25b0f2c83c1ab207139bd27\"},\"breadcrumb\":{\"@id\":\"https:\\\/\\\/arealorcaradio.es\\\/index.php\\\/2024\\\/12\\\/03\\\/seis-personas-del-centro-apandis-de-lorca-participan-en-el-club-de-lectura-facil-desarrollado-por-plena-inclusion\\\/#breadcrumb\"},\"inLanguage\":\"es\",\"potentialAction\":[{\"@type\":\"ReadAction\",\"target\":[\"https:\\\/\\\/arealorcaradio.es\\\/index.php\\\/2024\\\/12\\\/03\\\/seis-personas-del-centro-apandis-de-lorca-participan-en-el-club-de-lectura-facil-desarrollado-por-plena-inclusion\\\/\"]}]},{\"@type\":\"ImageObject\",\"inLanguage\":\"es\",\"@id\":\"https:\\\/\\\/arealorcaradio.es\\\/index.php\\\/2024\\\/12\\\/03\\\/seis-personas-del-centro-apandis-de-lorca-participan-en-el-club-de-lectura-facil-desarrollado-por-plena-inclusion\\\/#primaryimage\",\"url\":\"https:\\\/\\\/arealorcaradio.es\\\/wp-content\\\/uploads\\\/2024\\\/12\\\/20241203_183511-scaled.jpg\",\"contentUrl\":\"https:\\\/\\\/arealorcaradio.es\\\/wp-content\\\/uploads\\\/2024\\\/12\\\/20241203_183511-scaled.jpg\",\"width\":2560,\"height\":1920},{\"@type\":\"BreadcrumbList\",\"@id\":\"https:\\\/\\\/arealorcaradio.es\\\/index.php\\\/2024\\\/12\\\/03\\\/seis-personas-del-centro-apandis-de-lorca-participan-en-el-club-de-lectura-facil-desarrollado-por-plena-inclusion\\\/#breadcrumb\",\"itemListElement\":[{\"@type\":\"ListItem\",\"position\":1,\"name\":\"Portada\",\"item\":\"https:\\\/\\\/arealorcaradio.es\\\/\"},{\"@type\":\"ListItem\",\"position\":2,\"name\":\"Seis personas del centro Apandis de Lorca participan en el club de lectura f\u00e1cil desarrollado por Plena Inclusi\u00f3n\"}]},{\"@type\":\"WebSite\",\"@id\":\"https:\\\/\\\/arealorcaradio.es\\\/#website\",\"url\":\"https:\\\/\\\/arealorcaradio.es\\\/\",\"name\":\"AREA LORCA RADIO\",\"description\":\"Descubre la programaci\u00f3n actual en \u00c1rea Lorca Radio, tu fuente de entrenamiento y noticias locales. Sintoniza ahora y mantente conectado online.\",\"potentialAction\":[{\"@type\":\"SearchAction\",\"target\":{\"@type\":\"EntryPoint\",\"urlTemplate\":\"https:\\\/\\\/arealorcaradio.es\\\/?s={search_term_string}\"},\"query-input\":{\"@type\":\"PropertyValueSpecification\",\"valueRequired\":true,\"valueName\":\"search_term_string\"}}],\"inLanguage\":\"es\"},{\"@type\":\"Person\",\"@id\":\"https:\\\/\\\/arealorcaradio.es\\\/#\\\/schema\\\/person\\\/9fae605fc25b0f2c83c1ab207139bd27\",\"name\":\"Paco S\u00e1nchez\",\"image\":{\"@type\":\"ImageObject\",\"inLanguage\":\"es\",\"@id\":\"https:\\\/\\\/secure.gravatar.com\\\/avatar\\\/d67144e966420fb74aa84c9f2a0103be4724fd14db52b52d3b6bca749f257e79?s=96&d=mm&r=g\",\"url\":\"https:\\\/\\\/secure.gravatar.com\\\/avatar\\\/d67144e966420fb74aa84c9f2a0103be4724fd14db52b52d3b6bca749f257e79?s=96&d=mm&r=g\",\"contentUrl\":\"https:\\\/\\\/secure.gravatar.com\\\/avatar\\\/d67144e966420fb74aa84c9f2a0103be4724fd14db52b52d3b6bca749f257e79?s=96&d=mm&r=g\",\"caption\":\"Paco S\u00e1nchez\"},\"sameAs\":[\"https:\\\/\\\/arealorcaradio.es\"],\"url\":\"https:\\\/\\\/arealorcaradio.es\\\/index.php\\\/author\\\/admin_alorcaradio\\\/\"}]}<\/script>\n<!-- \/ Yoast SEO plugin. -->","yoast_head_json":{"title":"Seis personas del centro Apandis de Lorca participan en el club de lectura f\u00e1cil desarrollado por Plena Inclusi\u00f3n - AREA LORCA RADIO","robots":{"index":"index","follow":"follow","max-snippet":"max-snippet:-1","max-image-preview":"max-image-preview:large","max-video-preview":"max-video-preview:-1"},"canonical":"https:\/\/arealorcaradio.es\/index.php\/2024\/12\/03\/seis-personas-del-centro-apandis-de-lorca-participan-en-el-club-de-lectura-facil-desarrollado-por-plena-inclusion\/","og_locale":"es_ES","og_type":"article","og_title":"Seis personas del centro Apandis de Lorca participan en el club de lectura f\u00e1cil desarrollado por Plena Inclusi\u00f3n - AREA LORCA RADIO","og_description":"\u00c1REA LORCA RADIO. 03-12-24. Escucha aqu\u00ed la entrevista que han concedido a Paco S\u00e1nchez en el magazine \u00c1rea Lorca Actualidad con motivo del D\u00eda Internacional de las Personas con Discapacidad, Mari Paz G\u00f3mez, dinamizadora del Club de Lectura F\u00e1cil de Plena Inclusi\u00f3n, qui\u00e9n ha estado acompa\u00f1ada por cinco de las seis de las personas que [&hellip;]","og_url":"https:\/\/arealorcaradio.es\/index.php\/2024\/12\/03\/seis-personas-del-centro-apandis-de-lorca-participan-en-el-club-de-lectura-facil-desarrollado-por-plena-inclusion\/","og_site_name":"AREA LORCA RADIO","article_published_time":"2024-12-03T18:48:57+00:00","og_image":[{"width":2560,"height":1920,"url":"https:\/\/arealorcaradio.es\/wp-content\/uploads\/2024\/12\/20241203_183511-scaled.jpg","type":"image\/jpeg"}],"author":"Paco S\u00e1nchez","twitter_card":"summary_large_image","twitter_misc":{"Escrito por":"Paco S\u00e1nchez","Tiempo de lectura":"2 minutos"},"schema":{"@context":"https:\/\/schema.org","@graph":[{"@type":"Article","@id":"https:\/\/arealorcaradio.es\/index.php\/2024\/12\/03\/seis-personas-del-centro-apandis-de-lorca-participan-en-el-club-de-lectura-facil-desarrollado-por-plena-inclusion\/#article","isPartOf":{"@id":"https:\/\/arealorcaradio.es\/index.php\/2024\/12\/03\/seis-personas-del-centro-apandis-de-lorca-participan-en-el-club-de-lectura-facil-desarrollado-por-plena-inclusion\/"},"author":{"name":"Paco S\u00e1nchez","@id":"https:\/\/arealorcaradio.es\/#\/schema\/person\/9fae605fc25b0f2c83c1ab207139bd27"},"headline":"Seis personas del centro Apandis de Lorca participan en el club de lectura f\u00e1cil desarrollado por Plena Inclusi\u00f3n","datePublished":"2024-12-03T18:48:57+00:00","mainEntityOfPage":{"@id":"https:\/\/arealorcaradio.es\/index.php\/2024\/12\/03\/seis-personas-del-centro-apandis-de-lorca-participan-en-el-club-de-lectura-facil-desarrollado-por-plena-inclusion\/"},"wordCount":133,"commentCount":0,"image":{"@id":"https:\/\/arealorcaradio.es\/index.php\/2024\/12\/03\/seis-personas-del-centro-apandis-de-lorca-participan-en-el-club-de-lectura-facil-desarrollado-por-plena-inclusion\/#primaryimage"},"thumbnailUrl":"https:\/\/arealorcaradio.es\/wp-content\/uploads\/2024\/12\/20241203_183511-scaled.jpg","articleSection":["ACTUALIDAD","LORCA"],"inLanguage":"es","potentialAction":[{"@type":"CommentAction","name":"Comment","target":["https:\/\/arealorcaradio.es\/index.php\/2024\/12\/03\/seis-personas-del-centro-apandis-de-lorca-participan-en-el-club-de-lectura-facil-desarrollado-por-plena-inclusion\/#respond"]}]},{"@type":"WebPage","@id":"https:\/\/arealorcaradio.es\/index.php\/2024\/12\/03\/seis-personas-del-centro-apandis-de-lorca-participan-en-el-club-de-lectura-facil-desarrollado-por-plena-inclusion\/","url":"https:\/\/arealorcaradio.es\/index.php\/2024\/12\/03\/seis-personas-del-centro-apandis-de-lorca-participan-en-el-club-de-lectura-facil-desarrollado-por-plena-inclusion\/","name":"Seis personas del centro Apandis de Lorca participan en el club de lectura f\u00e1cil desarrollado por Plena Inclusi\u00f3n - AREA LORCA RADIO","isPartOf":{"@id":"https:\/\/arealorcaradio.es\/#website"},"primaryImageOfPage":{"@id":"https:\/\/arealorcaradio.es\/index.php\/2024\/12\/03\/seis-personas-del-centro-apandis-de-lorca-participan-en-el-club-de-lectura-facil-desarrollado-por-plena-inclusion\/#primaryimage"},"image":{"@id":"https:\/\/arealorcaradio.es\/index.php\/2024\/12\/03\/seis-personas-del-centro-apandis-de-lorca-participan-en-el-club-de-lectura-facil-desarrollado-por-plena-inclusion\/#primaryimage"},"thumbnailUrl":"https:\/\/arealorcaradio.es\/wp-content\/uploads\/2024\/12\/20241203_183511-scaled.jpg","datePublished":"2024-12-03T18:48:57+00:00","author":{"@id":"https:\/\/arealorcaradio.es\/#\/schema\/person\/9fae605fc25b0f2c83c1ab207139bd27"},"breadcrumb":{"@id":"https:\/\/arealorcaradio.es\/index.php\/2024\/12\/03\/seis-personas-del-centro-apandis-de-lorca-participan-en-el-club-de-lectura-facil-desarrollado-por-plena-inclusion\/#breadcrumb"},"inLanguage":"es","potentialAction":[{"@type":"ReadAction","target":["https:\/\/arealorcaradio.es\/index.php\/2024\/12\/03\/seis-personas-del-centro-apandis-de-lorca-participan-en-el-club-de-lectura-facil-desarrollado-por-plena-inclusion\/"]}]},{"@type":"ImageObject","inLanguage":"es","@id":"https:\/\/arealorcaradio.es\/index.php\/2024\/12\/03\/seis-personas-del-centro-apandis-de-lorca-participan-en-el-club-de-lectura-facil-desarrollado-por-plena-inclusion\/#primaryimage","url":"https:\/\/arealorcaradio.es\/wp-content\/uploads\/2024\/12\/20241203_183511-scaled.jpg","contentUrl":"https:\/\/arealorcaradio.es\/wp-content\/uploads\/2024\/12\/20241203_183511-scaled.jpg","width":2560,"height":1920},{"@type":"BreadcrumbList","@id":"https:\/\/arealorcaradio.es\/index.php\/2024\/12\/03\/seis-personas-del-centro-apandis-de-lorca-participan-en-el-club-de-lectura-facil-desarrollado-por-plena-inclusion\/#breadcrumb","itemListElement":[{"@type":"ListItem","position":1,"name":"Portada","item":"https:\/\/arealorcaradio.es\/"},{"@type":"ListItem","position":2,"name":"Seis personas del centro Apandis de Lorca participan en el club de lectura f\u00e1cil desarrollado por Plena Inclusi\u00f3n"}]},{"@type":"WebSite","@id":"https:\/\/arealorcaradio.es\/#website","url":"https:\/\/arealorcaradio.es\/","name":"AREA LORCA RADIO","description":"Descubre la programaci\u00f3n actual en \u00c1rea Lorca Radio, tu fuente de entrenamiento y noticias locales. Sintoniza ahora y mantente conectado online.","potentialAction":[{"@type":"SearchAction","target":{"@type":"EntryPoint","urlTemplate":"https:\/\/arealorcaradio.es\/?s={search_term_string}"},"query-input":{"@type":"PropertyValueSpecification","valueRequired":true,"valueName":"search_term_string"}}],"inLanguage":"es"},{"@type":"Person","@id":"https:\/\/arealorcaradio.es\/#\/schema\/person\/9fae605fc25b0f2c83c1ab207139bd27","name":"Paco S\u00e1nchez","image":{"@type":"ImageObject","inLanguage":"es","@id":"https:\/\/secure.gravatar.com\/avatar\/d67144e966420fb74aa84c9f2a0103be4724fd14db52b52d3b6bca749f257e79?s=96&d=mm&r=g","url":"https:\/\/secure.gravatar.com\/avatar\/d67144e966420fb74aa84c9f2a0103be4724fd14db52b52d3b6bca749f257e79?s=96&d=mm&r=g","contentUrl":"https:\/\/secure.gravatar.com\/avatar\/d67144e966420fb74aa84c9f2a0103be4724fd14db52b52d3b6bca749f257e79?s=96&d=mm&r=g","caption":"Paco S\u00e1nchez"},"sameAs":["https:\/\/arealorcaradio.es"],"url":"https:\/\/arealorcaradio.es\/index.php\/author\/admin_alorcaradio\/"}]}},"_links":{"self":[{"href":"https:\/\/arealorcaradio.es\/index.php\/wp-json\/wp\/v2\/posts\/4846","targetHints":{"allow":["GET"]}}],"collection":[{"href":"https:\/\/arealorcaradio.es\/index.php\/wp-json\/wp\/v2\/posts"}],"about":[{"href":"https:\/\/arealorcaradio.es\/index.php\/wp-json\/wp\/v2\/types\/post"}],"author":[{"embeddable":true,"href":"https:\/\/arealorcaradio.es\/index.php\/wp-json\/wp\/v2\/users\/1"}],"replies":[{"embeddable":true,"href":"https:\/\/arealorcaradio.es\/index.php\/wp-json\/wp\/v2\/comments?post=4846"}],"version-history":[{"count":4,"href":"https:\/\/arealorcaradio.es\/index.php\/wp-json\/wp\/v2\/posts\/4846\/revisions"}],"predecessor-version":[{"id":4858,"href":"https:\/\/arealorcaradio.es\/index.php\/wp-json\/wp\/v2\/posts\/4846\/revisions\/4858"}],"wp:featuredmedia":[{"embeddable":true,"href":"https:\/\/arealorcaradio.es\/index.php\/wp-json\/wp\/v2\/media\/4852"}],"wp:attachment":[{"href":"https:\/\/arealorcaradio.es\/index.php\/wp-json\/wp\/v2\/media?parent=4846"}],"wp:term":[{"taxonomy":"category","embeddable":true,"href":"https:\/\/arealorcaradio.es\/index.php\/wp-json\/wp\/v2\/categories?post=4846"},{"taxonomy":"post_tag","embeddable":true,"href":"https:\/\/arealorcaradio.es\/index.php\/wp-json\/wp\/v2\/tags?post=4846"}],"curies":[{"name":"wp","href":"https:\/\/api.w.org\/{rel}","templated":true}]}}