{"id":4837,"date":"2024-12-02T17:10:55","date_gmt":"2024-12-02T17:10:55","guid":{"rendered":"https:\/\/arealorcaradio.es\/?p=4837"},"modified":"2024-12-02T17:10:55","modified_gmt":"2024-12-02T17:10:55","slug":"hector-galiano-a-dia-de-hoy-los-unicos-que-han-respondido-dentro-y-fuera-son-nuestros-aficionados","status":"publish","type":"post","link":"https:\/\/arealorcaradio.es\/index.php\/2024\/12\/02\/hector-galiano-a-dia-de-hoy-los-unicos-que-han-respondido-dentro-y-fuera-son-nuestros-aficionados\/","title":{"rendered":"H\u00e9ctor Galiano: \u00abA d\u00eda de hoy los \u00fanicos que han respondido dentro y fuera son nuestros aficionados\u00bb"},"content":{"rendered":"<p><strong>\u00c1REA LORCA RADIO. 02-12-24.<\/strong><\/p>\n<p>Escucha aqu\u00ed las interesantes declaraciones del central del Lorca Deportiva H\u00e9ctor Galiano en el programa \u00c1rea Lorca Deportes con Paco S\u00e1nchez. Galiano ha dicho \u00absomos todos de Tercera y tenemos que ser realistas y lo somos con lo que hay. Si queremos subir de categor\u00eda hay que ganar en todo tipo de campos, no hay escusa\u00bb. Ha concluido afirmando que todos tienen que poner mas de su parte, cuerpo t\u00e9cnico, plantilla, club y Ayuntamiento de Lorca, este \u00faltimo deber\u00eda de facilitar al club poder jugar en horarios y d\u00edas en los que la afici\u00f3n pueda estar en mayor numero con el equipo.<\/p>\n<audio class=\"wp-audio-shortcode\" id=\"audio-4837-1\" preload=\"none\" style=\"width: 100%;\" controls=\"controls\"><source type=\"audio\/mpeg\" src=\"https:\/\/arealorcaradio.es\/wp-content\/uploads\/2024\/12\/021224-HECTOR-GALIANO.-POST-MINERVA.mp3?_=1\" \/><a href=\"https:\/\/arealorcaradio.es\/wp-content\/uploads\/2024\/12\/021224-HECTOR-GALIANO.-POST-MINERVA.mp3\">https:\/\/arealorcaradio.es\/wp-content\/uploads\/2024\/12\/021224-HECTOR-GALIANO.-POST-MINERVA.mp3<\/a><\/audio>\n<p><img loading=\"lazy\" decoding=\"async\" class=\"alignnone  wp-image-4843\" src=\"https:\/\/arealorcaradio.es\/wp-content\/uploads\/2024\/12\/IMG-20241202-WA0027-1-300x200.jpg\" alt=\"\" width=\"260\" height=\"173\" srcset=\"https:\/\/arealorcaradio.es\/wp-content\/uploads\/2024\/12\/IMG-20241202-WA0027-1-300x200.jpg 300w, https:\/\/arealorcaradio.es\/wp-content\/uploads\/2024\/12\/IMG-20241202-WA0027-1-1024x682.jpg 1024w, https:\/\/arealorcaradio.es\/wp-content\/uploads\/2024\/12\/IMG-20241202-WA0027-1-768x512.jpg 768w, https:\/\/arealorcaradio.es\/wp-content\/uploads\/2024\/12\/IMG-20241202-WA0027-1-1536x1023.jpg 1536w, https:\/\/arealorcaradio.es\/wp-content\/uploads\/2024\/12\/IMG-20241202-WA0027-1.jpg 1600w\" sizes=\"auto, (max-width: 260px) 100vw, 260px\" \/> <img loading=\"lazy\" decoding=\"async\" class=\"alignnone  wp-image-4840\" src=\"https:\/\/arealorcaradio.es\/wp-content\/uploads\/2024\/12\/IMG-20241202-WA0028-300x149.jpg\" alt=\"\" width=\"346\" height=\"172\" srcset=\"https:\/\/arealorcaradio.es\/wp-content\/uploads\/2024\/12\/IMG-20241202-WA0028-300x149.jpg 300w, https:\/\/arealorcaradio.es\/wp-content\/uploads\/2024\/12\/IMG-20241202-WA0028-1024x508.jpg 1024w, https:\/\/arealorcaradio.es\/wp-content\/uploads\/2024\/12\/IMG-20241202-WA0028-768x381.jpg 768w, https:\/\/arealorcaradio.es\/wp-content\/uploads\/2024\/12\/IMG-20241202-WA0028-1536x761.jpg 1536w, https:\/\/arealorcaradio.es\/wp-content\/uploads\/2024\/12\/IMG-20241202-WA0028.jpg 1600w\" sizes=\"auto, (max-width: 346px) 100vw, 346px\" \/><\/p>\n","protected":false},"excerpt":{"rendered":"<p>\u00c1REA LORCA RADIO. 02-12-24. Escucha aqu\u00ed las interesantes declaraciones del central del Lorca Deportiva H\u00e9ctor Galiano en el programa \u00c1rea Lorca Deportes con Paco S\u00e1nchez. Galiano ha dicho \u00absomos todos de Tercera y tenemos que ser realistas y lo somos con lo que hay. Si queremos subir de categor\u00eda hay que ganar en todo tipo [&hellip;]<\/p>\n","protected":false},"author":1,"featured_media":4839,"comment_status":"open","ping_status":"open","sticky":false,"template":"","format":"standard","meta":{"iawp_total_views":225,"footnotes":""},"categories":[4,7],"tags":[],"class_list":["post-4837","post","type-post","status-publish","format-standard","has-post-thumbnail","hentry","category-deportes","category-lorca"],"yoast_head":"<!-- This site is optimized with the Yoast SEO plugin v27.5 - https:\/\/yoast.com\/product\/yoast-seo-wordpress\/ -->\n<title>H\u00e9ctor Galiano: &quot;A d\u00eda de hoy los \u00fanicos que han respondido dentro y fuera son nuestros aficionados&quot; - AREA LORCA RADIO<\/title>\n<meta name=\"robots\" content=\"index, follow, max-snippet:-1, max-image-preview:large, max-video-preview:-1\" \/>\n<link rel=\"canonical\" href=\"https:\/\/arealorcaradio.es\/index.php\/2024\/12\/02\/hector-galiano-a-dia-de-hoy-los-unicos-que-han-respondido-dentro-y-fuera-son-nuestros-aficionados\/\" \/>\n<meta property=\"og:locale\" content=\"es_ES\" \/>\n<meta property=\"og:type\" content=\"article\" \/>\n<meta property=\"og:title\" content=\"H\u00e9ctor Galiano: &quot;A d\u00eda de hoy los \u00fanicos que han respondido dentro y fuera son nuestros aficionados&quot; - AREA LORCA RADIO\" \/>\n<meta property=\"og:description\" content=\"\u00c1REA LORCA RADIO. 02-12-24. Escucha aqu\u00ed las interesantes declaraciones del central del Lorca Deportiva H\u00e9ctor Galiano en el programa \u00c1rea Lorca Deportes con Paco S\u00e1nchez. Galiano ha dicho \u00absomos todos de Tercera y tenemos que ser realistas y lo somos con lo que hay. Si queremos subir de categor\u00eda hay que ganar en todo tipo [&hellip;]\" \/>\n<meta property=\"og:url\" content=\"https:\/\/arealorcaradio.es\/index.php\/2024\/12\/02\/hector-galiano-a-dia-de-hoy-los-unicos-que-han-respondido-dentro-y-fuera-son-nuestros-aficionados\/\" \/>\n<meta property=\"og:site_name\" content=\"AREA LORCA RADIO\" \/>\n<meta property=\"article:published_time\" content=\"2024-12-02T17:10:55+00:00\" \/>\n<meta property=\"og:image\" content=\"https:\/\/arealorcaradio.es\/wp-content\/uploads\/2024\/12\/20241202_121748-scaled.jpg\" \/>\n\t<meta property=\"og:image:width\" content=\"2560\" \/>\n\t<meta property=\"og:image:height\" content=\"1920\" \/>\n\t<meta property=\"og:image:type\" content=\"image\/jpeg\" \/>\n<meta name=\"author\" content=\"Paco S\u00e1nchez\" \/>\n<meta name=\"twitter:card\" content=\"summary_large_image\" \/>\n<meta name=\"twitter:label1\" content=\"Escrito por\" \/>\n\t<meta name=\"twitter:data1\" content=\"Paco S\u00e1nchez\" \/>\n\t<meta name=\"twitter:label2\" content=\"Tiempo de lectura\" \/>\n\t<meta name=\"twitter:data2\" content=\"2 minutos\" \/>\n<script type=\"application\/ld+json\" class=\"yoast-schema-graph\">{\"@context\":\"https:\\\/\\\/schema.org\",\"@graph\":[{\"@type\":\"Article\",\"@id\":\"https:\\\/\\\/arealorcaradio.es\\\/index.php\\\/2024\\\/12\\\/02\\\/hector-galiano-a-dia-de-hoy-los-unicos-que-han-respondido-dentro-y-fuera-son-nuestros-aficionados\\\/#article\",\"isPartOf\":{\"@id\":\"https:\\\/\\\/arealorcaradio.es\\\/index.php\\\/2024\\\/12\\\/02\\\/hector-galiano-a-dia-de-hoy-los-unicos-que-han-respondido-dentro-y-fuera-son-nuestros-aficionados\\\/\"},\"author\":{\"name\":\"Paco S\u00e1nchez\",\"@id\":\"https:\\\/\\\/arealorcaradio.es\\\/#\\\/schema\\\/person\\\/9fae605fc25b0f2c83c1ab207139bd27\"},\"headline\":\"H\u00e9ctor Galiano: \u00abA d\u00eda de hoy los \u00fanicos que han respondido dentro y fuera son nuestros aficionados\u00bb\",\"datePublished\":\"2024-12-02T17:10:55+00:00\",\"mainEntityOfPage\":{\"@id\":\"https:\\\/\\\/arealorcaradio.es\\\/index.php\\\/2024\\\/12\\\/02\\\/hector-galiano-a-dia-de-hoy-los-unicos-que-han-respondido-dentro-y-fuera-son-nuestros-aficionados\\\/\"},\"wordCount\":144,\"commentCount\":0,\"image\":{\"@id\":\"https:\\\/\\\/arealorcaradio.es\\\/index.php\\\/2024\\\/12\\\/02\\\/hector-galiano-a-dia-de-hoy-los-unicos-que-han-respondido-dentro-y-fuera-son-nuestros-aficionados\\\/#primaryimage\"},\"thumbnailUrl\":\"https:\\\/\\\/arealorcaradio.es\\\/wp-content\\\/uploads\\\/2024\\\/12\\\/20241202_121748-scaled.jpg\",\"articleSection\":[\"DEPORTES\",\"LORCA\"],\"inLanguage\":\"es\",\"potentialAction\":[{\"@type\":\"CommentAction\",\"name\":\"Comment\",\"target\":[\"https:\\\/\\\/arealorcaradio.es\\\/index.php\\\/2024\\\/12\\\/02\\\/hector-galiano-a-dia-de-hoy-los-unicos-que-han-respondido-dentro-y-fuera-son-nuestros-aficionados\\\/#respond\"]}]},{\"@type\":\"WebPage\",\"@id\":\"https:\\\/\\\/arealorcaradio.es\\\/index.php\\\/2024\\\/12\\\/02\\\/hector-galiano-a-dia-de-hoy-los-unicos-que-han-respondido-dentro-y-fuera-son-nuestros-aficionados\\\/\",\"url\":\"https:\\\/\\\/arealorcaradio.es\\\/index.php\\\/2024\\\/12\\\/02\\\/hector-galiano-a-dia-de-hoy-los-unicos-que-han-respondido-dentro-y-fuera-son-nuestros-aficionados\\\/\",\"name\":\"H\u00e9ctor Galiano: \\\"A d\u00eda de hoy los \u00fanicos que han respondido dentro y fuera son nuestros aficionados\\\" - AREA LORCA RADIO\",\"isPartOf\":{\"@id\":\"https:\\\/\\\/arealorcaradio.es\\\/#website\"},\"primaryImageOfPage\":{\"@id\":\"https:\\\/\\\/arealorcaradio.es\\\/index.php\\\/2024\\\/12\\\/02\\\/hector-galiano-a-dia-de-hoy-los-unicos-que-han-respondido-dentro-y-fuera-son-nuestros-aficionados\\\/#primaryimage\"},\"image\":{\"@id\":\"https:\\\/\\\/arealorcaradio.es\\\/index.php\\\/2024\\\/12\\\/02\\\/hector-galiano-a-dia-de-hoy-los-unicos-que-han-respondido-dentro-y-fuera-son-nuestros-aficionados\\\/#primaryimage\"},\"thumbnailUrl\":\"https:\\\/\\\/arealorcaradio.es\\\/wp-content\\\/uploads\\\/2024\\\/12\\\/20241202_121748-scaled.jpg\",\"datePublished\":\"2024-12-02T17:10:55+00:00\",\"author\":{\"@id\":\"https:\\\/\\\/arealorcaradio.es\\\/#\\\/schema\\\/person\\\/9fae605fc25b0f2c83c1ab207139bd27\"},\"breadcrumb\":{\"@id\":\"https:\\\/\\\/arealorcaradio.es\\\/index.php\\\/2024\\\/12\\\/02\\\/hector-galiano-a-dia-de-hoy-los-unicos-que-han-respondido-dentro-y-fuera-son-nuestros-aficionados\\\/#breadcrumb\"},\"inLanguage\":\"es\",\"potentialAction\":[{\"@type\":\"ReadAction\",\"target\":[\"https:\\\/\\\/arealorcaradio.es\\\/index.php\\\/2024\\\/12\\\/02\\\/hector-galiano-a-dia-de-hoy-los-unicos-que-han-respondido-dentro-y-fuera-son-nuestros-aficionados\\\/\"]}]},{\"@type\":\"ImageObject\",\"inLanguage\":\"es\",\"@id\":\"https:\\\/\\\/arealorcaradio.es\\\/index.php\\\/2024\\\/12\\\/02\\\/hector-galiano-a-dia-de-hoy-los-unicos-que-han-respondido-dentro-y-fuera-son-nuestros-aficionados\\\/#primaryimage\",\"url\":\"https:\\\/\\\/arealorcaradio.es\\\/wp-content\\\/uploads\\\/2024\\\/12\\\/20241202_121748-scaled.jpg\",\"contentUrl\":\"https:\\\/\\\/arealorcaradio.es\\\/wp-content\\\/uploads\\\/2024\\\/12\\\/20241202_121748-scaled.jpg\",\"width\":2560,\"height\":1920},{\"@type\":\"BreadcrumbList\",\"@id\":\"https:\\\/\\\/arealorcaradio.es\\\/index.php\\\/2024\\\/12\\\/02\\\/hector-galiano-a-dia-de-hoy-los-unicos-que-han-respondido-dentro-y-fuera-son-nuestros-aficionados\\\/#breadcrumb\",\"itemListElement\":[{\"@type\":\"ListItem\",\"position\":1,\"name\":\"Portada\",\"item\":\"https:\\\/\\\/arealorcaradio.es\\\/\"},{\"@type\":\"ListItem\",\"position\":2,\"name\":\"H\u00e9ctor Galiano: \u00abA d\u00eda de hoy los \u00fanicos que han respondido dentro y fuera son nuestros aficionados\u00bb\"}]},{\"@type\":\"WebSite\",\"@id\":\"https:\\\/\\\/arealorcaradio.es\\\/#website\",\"url\":\"https:\\\/\\\/arealorcaradio.es\\\/\",\"name\":\"AREA LORCA RADIO\",\"description\":\"Descubre la programaci\u00f3n actual en \u00c1rea Lorca Radio, tu fuente de entrenamiento y noticias locales. Sintoniza ahora y mantente conectado online.\",\"potentialAction\":[{\"@type\":\"SearchAction\",\"target\":{\"@type\":\"EntryPoint\",\"urlTemplate\":\"https:\\\/\\\/arealorcaradio.es\\\/?s={search_term_string}\"},\"query-input\":{\"@type\":\"PropertyValueSpecification\",\"valueRequired\":true,\"valueName\":\"search_term_string\"}}],\"inLanguage\":\"es\"},{\"@type\":\"Person\",\"@id\":\"https:\\\/\\\/arealorcaradio.es\\\/#\\\/schema\\\/person\\\/9fae605fc25b0f2c83c1ab207139bd27\",\"name\":\"Paco S\u00e1nchez\",\"image\":{\"@type\":\"ImageObject\",\"inLanguage\":\"es\",\"@id\":\"https:\\\/\\\/secure.gravatar.com\\\/avatar\\\/d67144e966420fb74aa84c9f2a0103be4724fd14db52b52d3b6bca749f257e79?s=96&d=mm&r=g\",\"url\":\"https:\\\/\\\/secure.gravatar.com\\\/avatar\\\/d67144e966420fb74aa84c9f2a0103be4724fd14db52b52d3b6bca749f257e79?s=96&d=mm&r=g\",\"contentUrl\":\"https:\\\/\\\/secure.gravatar.com\\\/avatar\\\/d67144e966420fb74aa84c9f2a0103be4724fd14db52b52d3b6bca749f257e79?s=96&d=mm&r=g\",\"caption\":\"Paco S\u00e1nchez\"},\"sameAs\":[\"https:\\\/\\\/arealorcaradio.es\"],\"url\":\"https:\\\/\\\/arealorcaradio.es\\\/index.php\\\/author\\\/admin_alorcaradio\\\/\"}]}<\/script>\n<!-- \/ Yoast SEO plugin. -->","yoast_head_json":{"title":"H\u00e9ctor Galiano: \"A d\u00eda de hoy los \u00fanicos que han respondido dentro y fuera son nuestros aficionados\" - AREA LORCA RADIO","robots":{"index":"index","follow":"follow","max-snippet":"max-snippet:-1","max-image-preview":"max-image-preview:large","max-video-preview":"max-video-preview:-1"},"canonical":"https:\/\/arealorcaradio.es\/index.php\/2024\/12\/02\/hector-galiano-a-dia-de-hoy-los-unicos-que-han-respondido-dentro-y-fuera-son-nuestros-aficionados\/","og_locale":"es_ES","og_type":"article","og_title":"H\u00e9ctor Galiano: \"A d\u00eda de hoy los \u00fanicos que han respondido dentro y fuera son nuestros aficionados\" - AREA LORCA RADIO","og_description":"\u00c1REA LORCA RADIO. 02-12-24. Escucha aqu\u00ed las interesantes declaraciones del central del Lorca Deportiva H\u00e9ctor Galiano en el programa \u00c1rea Lorca Deportes con Paco S\u00e1nchez. Galiano ha dicho \u00absomos todos de Tercera y tenemos que ser realistas y lo somos con lo que hay. Si queremos subir de categor\u00eda hay que ganar en todo tipo [&hellip;]","og_url":"https:\/\/arealorcaradio.es\/index.php\/2024\/12\/02\/hector-galiano-a-dia-de-hoy-los-unicos-que-han-respondido-dentro-y-fuera-son-nuestros-aficionados\/","og_site_name":"AREA LORCA RADIO","article_published_time":"2024-12-02T17:10:55+00:00","og_image":[{"width":2560,"height":1920,"url":"https:\/\/arealorcaradio.es\/wp-content\/uploads\/2024\/12\/20241202_121748-scaled.jpg","type":"image\/jpeg"}],"author":"Paco S\u00e1nchez","twitter_card":"summary_large_image","twitter_misc":{"Escrito por":"Paco S\u00e1nchez","Tiempo de lectura":"2 minutos"},"schema":{"@context":"https:\/\/schema.org","@graph":[{"@type":"Article","@id":"https:\/\/arealorcaradio.es\/index.php\/2024\/12\/02\/hector-galiano-a-dia-de-hoy-los-unicos-que-han-respondido-dentro-y-fuera-son-nuestros-aficionados\/#article","isPartOf":{"@id":"https:\/\/arealorcaradio.es\/index.php\/2024\/12\/02\/hector-galiano-a-dia-de-hoy-los-unicos-que-han-respondido-dentro-y-fuera-son-nuestros-aficionados\/"},"author":{"name":"Paco S\u00e1nchez","@id":"https:\/\/arealorcaradio.es\/#\/schema\/person\/9fae605fc25b0f2c83c1ab207139bd27"},"headline":"H\u00e9ctor Galiano: \u00abA d\u00eda de hoy los \u00fanicos que han respondido dentro y fuera son nuestros aficionados\u00bb","datePublished":"2024-12-02T17:10:55+00:00","mainEntityOfPage":{"@id":"https:\/\/arealorcaradio.es\/index.php\/2024\/12\/02\/hector-galiano-a-dia-de-hoy-los-unicos-que-han-respondido-dentro-y-fuera-son-nuestros-aficionados\/"},"wordCount":144,"commentCount":0,"image":{"@id":"https:\/\/arealorcaradio.es\/index.php\/2024\/12\/02\/hector-galiano-a-dia-de-hoy-los-unicos-que-han-respondido-dentro-y-fuera-son-nuestros-aficionados\/#primaryimage"},"thumbnailUrl":"https:\/\/arealorcaradio.es\/wp-content\/uploads\/2024\/12\/20241202_121748-scaled.jpg","articleSection":["DEPORTES","LORCA"],"inLanguage":"es","potentialAction":[{"@type":"CommentAction","name":"Comment","target":["https:\/\/arealorcaradio.es\/index.php\/2024\/12\/02\/hector-galiano-a-dia-de-hoy-los-unicos-que-han-respondido-dentro-y-fuera-son-nuestros-aficionados\/#respond"]}]},{"@type":"WebPage","@id":"https:\/\/arealorcaradio.es\/index.php\/2024\/12\/02\/hector-galiano-a-dia-de-hoy-los-unicos-que-han-respondido-dentro-y-fuera-son-nuestros-aficionados\/","url":"https:\/\/arealorcaradio.es\/index.php\/2024\/12\/02\/hector-galiano-a-dia-de-hoy-los-unicos-que-han-respondido-dentro-y-fuera-son-nuestros-aficionados\/","name":"H\u00e9ctor Galiano: \"A d\u00eda de hoy los \u00fanicos que han respondido dentro y fuera son nuestros aficionados\" - AREA LORCA RADIO","isPartOf":{"@id":"https:\/\/arealorcaradio.es\/#website"},"primaryImageOfPage":{"@id":"https:\/\/arealorcaradio.es\/index.php\/2024\/12\/02\/hector-galiano-a-dia-de-hoy-los-unicos-que-han-respondido-dentro-y-fuera-son-nuestros-aficionados\/#primaryimage"},"image":{"@id":"https:\/\/arealorcaradio.es\/index.php\/2024\/12\/02\/hector-galiano-a-dia-de-hoy-los-unicos-que-han-respondido-dentro-y-fuera-son-nuestros-aficionados\/#primaryimage"},"thumbnailUrl":"https:\/\/arealorcaradio.es\/wp-content\/uploads\/2024\/12\/20241202_121748-scaled.jpg","datePublished":"2024-12-02T17:10:55+00:00","author":{"@id":"https:\/\/arealorcaradio.es\/#\/schema\/person\/9fae605fc25b0f2c83c1ab207139bd27"},"breadcrumb":{"@id":"https:\/\/arealorcaradio.es\/index.php\/2024\/12\/02\/hector-galiano-a-dia-de-hoy-los-unicos-que-han-respondido-dentro-y-fuera-son-nuestros-aficionados\/#breadcrumb"},"inLanguage":"es","potentialAction":[{"@type":"ReadAction","target":["https:\/\/arealorcaradio.es\/index.php\/2024\/12\/02\/hector-galiano-a-dia-de-hoy-los-unicos-que-han-respondido-dentro-y-fuera-son-nuestros-aficionados\/"]}]},{"@type":"ImageObject","inLanguage":"es","@id":"https:\/\/arealorcaradio.es\/index.php\/2024\/12\/02\/hector-galiano-a-dia-de-hoy-los-unicos-que-han-respondido-dentro-y-fuera-son-nuestros-aficionados\/#primaryimage","url":"https:\/\/arealorcaradio.es\/wp-content\/uploads\/2024\/12\/20241202_121748-scaled.jpg","contentUrl":"https:\/\/arealorcaradio.es\/wp-content\/uploads\/2024\/12\/20241202_121748-scaled.jpg","width":2560,"height":1920},{"@type":"BreadcrumbList","@id":"https:\/\/arealorcaradio.es\/index.php\/2024\/12\/02\/hector-galiano-a-dia-de-hoy-los-unicos-que-han-respondido-dentro-y-fuera-son-nuestros-aficionados\/#breadcrumb","itemListElement":[{"@type":"ListItem","position":1,"name":"Portada","item":"https:\/\/arealorcaradio.es\/"},{"@type":"ListItem","position":2,"name":"H\u00e9ctor Galiano: \u00abA d\u00eda de hoy los \u00fanicos que han respondido dentro y fuera son nuestros aficionados\u00bb"}]},{"@type":"WebSite","@id":"https:\/\/arealorcaradio.es\/#website","url":"https:\/\/arealorcaradio.es\/","name":"AREA LORCA RADIO","description":"Descubre la programaci\u00f3n actual en \u00c1rea Lorca Radio, tu fuente de entrenamiento y noticias locales. Sintoniza ahora y mantente conectado online.","potentialAction":[{"@type":"SearchAction","target":{"@type":"EntryPoint","urlTemplate":"https:\/\/arealorcaradio.es\/?s={search_term_string}"},"query-input":{"@type":"PropertyValueSpecification","valueRequired":true,"valueName":"search_term_string"}}],"inLanguage":"es"},{"@type":"Person","@id":"https:\/\/arealorcaradio.es\/#\/schema\/person\/9fae605fc25b0f2c83c1ab207139bd27","name":"Paco S\u00e1nchez","image":{"@type":"ImageObject","inLanguage":"es","@id":"https:\/\/secure.gravatar.com\/avatar\/d67144e966420fb74aa84c9f2a0103be4724fd14db52b52d3b6bca749f257e79?s=96&d=mm&r=g","url":"https:\/\/secure.gravatar.com\/avatar\/d67144e966420fb74aa84c9f2a0103be4724fd14db52b52d3b6bca749f257e79?s=96&d=mm&r=g","contentUrl":"https:\/\/secure.gravatar.com\/avatar\/d67144e966420fb74aa84c9f2a0103be4724fd14db52b52d3b6bca749f257e79?s=96&d=mm&r=g","caption":"Paco S\u00e1nchez"},"sameAs":["https:\/\/arealorcaradio.es"],"url":"https:\/\/arealorcaradio.es\/index.php\/author\/admin_alorcaradio\/"}]}},"_links":{"self":[{"href":"https:\/\/arealorcaradio.es\/index.php\/wp-json\/wp\/v2\/posts\/4837","targetHints":{"allow":["GET"]}}],"collection":[{"href":"https:\/\/arealorcaradio.es\/index.php\/wp-json\/wp\/v2\/posts"}],"about":[{"href":"https:\/\/arealorcaradio.es\/index.php\/wp-json\/wp\/v2\/types\/post"}],"author":[{"embeddable":true,"href":"https:\/\/arealorcaradio.es\/index.php\/wp-json\/wp\/v2\/users\/1"}],"replies":[{"embeddable":true,"href":"https:\/\/arealorcaradio.es\/index.php\/wp-json\/wp\/v2\/comments?post=4837"}],"version-history":[{"count":3,"href":"https:\/\/arealorcaradio.es\/index.php\/wp-json\/wp\/v2\/posts\/4837\/revisions"}],"predecessor-version":[{"id":4845,"href":"https:\/\/arealorcaradio.es\/index.php\/wp-json\/wp\/v2\/posts\/4837\/revisions\/4845"}],"wp:featuredmedia":[{"embeddable":true,"href":"https:\/\/arealorcaradio.es\/index.php\/wp-json\/wp\/v2\/media\/4839"}],"wp:attachment":[{"href":"https:\/\/arealorcaradio.es\/index.php\/wp-json\/wp\/v2\/media?parent=4837"}],"wp:term":[{"taxonomy":"category","embeddable":true,"href":"https:\/\/arealorcaradio.es\/index.php\/wp-json\/wp\/v2\/categories?post=4837"},{"taxonomy":"post_tag","embeddable":true,"href":"https:\/\/arealorcaradio.es\/index.php\/wp-json\/wp\/v2\/tags?post=4837"}],"curies":[{"name":"wp","href":"https:\/\/api.w.org\/{rel}","templated":true}]}}