{"id":4794,"date":"2024-11-27T17:52:43","date_gmt":"2024-11-27T17:52:43","guid":{"rendered":"https:\/\/arealorcaradio.es\/?p=4794"},"modified":"2024-11-27T18:11:42","modified_gmt":"2024-11-27T18:11:42","slug":"salvador-roman-llevo-42-anos-entrenando-y-puedo-decir-que-el-futbol-de-antes-nada-tiene-que-ver-con-el-actual","status":"publish","type":"post","link":"https:\/\/arealorcaradio.es\/index.php\/2024\/11\/27\/salvador-roman-llevo-42-anos-entrenando-y-puedo-decir-que-el-futbol-de-antes-nada-tiene-que-ver-con-el-actual\/","title":{"rendered":"Salvador Rom\u00e1n: \u00abLlevo 42 a\u00f1os entrenando y puedo decir que el f\u00fatbol de antes nada tiene que ver con el actual\u00bb"},"content":{"rendered":"<p><strong>\u00c1REA LORCA RADIO. 27-11-24.<\/strong><\/p>\n<p>Escucha aqu\u00ed la entrevista que ha concedido el entrenador del Cadete de Segunda del Lorca Club F\u00fatbol Base, Salvador Rom\u00e1n a Paco S\u00e1nchez en el programa \u00c1rea Lorca Deportes. Durante su intervenci\u00f3n el veterano entrenador ha hecho un repaso de los cuarenta y dos a\u00f1os que lleva en los banquillos, habiendo pasado por pr\u00e1cticamente la totalidad de clubes de futbol lorquinos en ese periodo de tiempo, aparte de una experiencia tambi\u00e9n en Alhama de Murcia.<\/p>\n<p>Salvador Rom\u00e1n habla del f\u00fatbol de antes y del actual, asegurando que ha cambiado mucho en todos los conceptos.<\/p>\n<audio class=\"wp-audio-shortcode\" id=\"audio-4794-1\" preload=\"none\" style=\"width: 100%;\" controls=\"controls\"><source type=\"audio\/mpeg\" src=\"https:\/\/arealorcaradio.es\/wp-content\/uploads\/2024\/11\/271124-SALVADOR-ROMAN.-LORCA-CFB-CADETE.mp3?_=1\" \/><a href=\"https:\/\/arealorcaradio.es\/wp-content\/uploads\/2024\/11\/271124-SALVADOR-ROMAN.-LORCA-CFB-CADETE.mp3\">https:\/\/arealorcaradio.es\/wp-content\/uploads\/2024\/11\/271124-SALVADOR-ROMAN.-LORCA-CFB-CADETE.mp3<\/a><\/audio>\n<p><img loading=\"lazy\" decoding=\"async\" class=\"alignnone wp-image-4795\" src=\"https:\/\/arealorcaradio.es\/wp-content\/uploads\/2024\/11\/20241127_133939-300x300.jpg\" alt=\"\" width=\"227\" height=\"227\" srcset=\"https:\/\/arealorcaradio.es\/wp-content\/uploads\/2024\/11\/20241127_133939-300x300.jpg 300w, https:\/\/arealorcaradio.es\/wp-content\/uploads\/2024\/11\/20241127_133939-1024x1024.jpg 1024w, https:\/\/arealorcaradio.es\/wp-content\/uploads\/2024\/11\/20241127_133939-150x150.jpg 150w, https:\/\/arealorcaradio.es\/wp-content\/uploads\/2024\/11\/20241127_133939-768x768.jpg 768w, https:\/\/arealorcaradio.es\/wp-content\/uploads\/2024\/11\/20241127_133939-1536x1536.jpg 1536w, https:\/\/arealorcaradio.es\/wp-content\/uploads\/2024\/11\/20241127_133939.jpg 1800w\" sizes=\"auto, (max-width: 227px) 100vw, 227px\" \/> <img loading=\"lazy\" decoding=\"async\" class=\"alignnone wp-image-4796\" src=\"https:\/\/arealorcaradio.es\/wp-content\/uploads\/2024\/11\/IMG-20241127-WA0033-300x225.jpg\" alt=\"\" width=\"303\" height=\"227\" srcset=\"https:\/\/arealorcaradio.es\/wp-content\/uploads\/2024\/11\/IMG-20241127-WA0033-300x225.jpg 300w, https:\/\/arealorcaradio.es\/wp-content\/uploads\/2024\/11\/IMG-20241127-WA0033-1024x768.jpg 1024w, https:\/\/arealorcaradio.es\/wp-content\/uploads\/2024\/11\/IMG-20241127-WA0033-768x576.jpg 768w, https:\/\/arealorcaradio.es\/wp-content\/uploads\/2024\/11\/IMG-20241127-WA0033-1536x1152.jpg 1536w, https:\/\/arealorcaradio.es\/wp-content\/uploads\/2024\/11\/IMG-20241127-WA0033-86x64.jpg 86w, https:\/\/arealorcaradio.es\/wp-content\/uploads\/2024\/11\/IMG-20241127-WA0033.jpg 2048w\" sizes=\"auto, (max-width: 303px) 100vw, 303px\" \/> <img loading=\"lazy\" decoding=\"async\" class=\"alignnone  wp-image-4811\" src=\"https:\/\/arealorcaradio.es\/wp-content\/uploads\/2024\/11\/IMG-20241127-WA0054-225x300.jpg\" alt=\"\" width=\"171\" height=\"228\" srcset=\"https:\/\/arealorcaradio.es\/wp-content\/uploads\/2024\/11\/IMG-20241127-WA0054-225x300.jpg 225w, https:\/\/arealorcaradio.es\/wp-content\/uploads\/2024\/11\/IMG-20241127-WA0054-768x1024.jpg 768w, https:\/\/arealorcaradio.es\/wp-content\/uploads\/2024\/11\/IMG-20241127-WA0054-1152x1536.jpg 1152w, https:\/\/arealorcaradio.es\/wp-content\/uploads\/2024\/11\/IMG-20241127-WA0054.jpg 1536w\" sizes=\"auto, (max-width: 171px) 100vw, 171px\" \/><\/p>\n<p>Lorca Club F\u00fatbol Base, actual equipo de Salvador Rom\u00e1n y l\u00edder de Segunda Cadete.<\/p>\n","protected":false},"excerpt":{"rendered":"<p>\u00c1REA LORCA RADIO. 27-11-24. Escucha aqu\u00ed la entrevista que ha concedido el entrenador del Cadete de Segunda del Lorca Club F\u00fatbol Base, Salvador Rom\u00e1n a Paco S\u00e1nchez en el programa \u00c1rea Lorca Deportes. Durante su intervenci\u00f3n el veterano entrenador ha hecho un repaso de los cuarenta y dos a\u00f1os que lleva en los banquillos, habiendo [&hellip;]<\/p>\n","protected":false},"author":1,"featured_media":4798,"comment_status":"open","ping_status":"open","sticky":false,"template":"","format":"standard","meta":{"iawp_total_views":288,"footnotes":""},"categories":[4,7],"tags":[],"class_list":["post-4794","post","type-post","status-publish","format-standard","has-post-thumbnail","hentry","category-deportes","category-lorca"],"yoast_head":"<!-- This site is optimized with the Yoast SEO plugin v27.5 - https:\/\/yoast.com\/product\/yoast-seo-wordpress\/ -->\n<title>Salvador Rom\u00e1n: &quot;Llevo 42 a\u00f1os entrenando y puedo decir que el f\u00fatbol de antes nada tiene que ver con el actual&quot; - AREA LORCA RADIO<\/title>\n<meta name=\"robots\" content=\"index, follow, max-snippet:-1, max-image-preview:large, max-video-preview:-1\" \/>\n<link rel=\"canonical\" href=\"https:\/\/arealorcaradio.es\/index.php\/2024\/11\/27\/salvador-roman-llevo-42-anos-entrenando-y-puedo-decir-que-el-futbol-de-antes-nada-tiene-que-ver-con-el-actual\/\" \/>\n<meta property=\"og:locale\" content=\"es_ES\" \/>\n<meta property=\"og:type\" content=\"article\" \/>\n<meta property=\"og:title\" content=\"Salvador Rom\u00e1n: &quot;Llevo 42 a\u00f1os entrenando y puedo decir que el f\u00fatbol de antes nada tiene que ver con el actual&quot; - AREA LORCA RADIO\" \/>\n<meta property=\"og:description\" content=\"\u00c1REA LORCA RADIO. 27-11-24. Escucha aqu\u00ed la entrevista que ha concedido el entrenador del Cadete de Segunda del Lorca Club F\u00fatbol Base, Salvador Rom\u00e1n a Paco S\u00e1nchez en el programa \u00c1rea Lorca Deportes. Durante su intervenci\u00f3n el veterano entrenador ha hecho un repaso de los cuarenta y dos a\u00f1os que lleva en los banquillos, habiendo [&hellip;]\" \/>\n<meta property=\"og:url\" content=\"https:\/\/arealorcaradio.es\/index.php\/2024\/11\/27\/salvador-roman-llevo-42-anos-entrenando-y-puedo-decir-que-el-futbol-de-antes-nada-tiene-que-ver-con-el-actual\/\" \/>\n<meta property=\"og:site_name\" content=\"AREA LORCA RADIO\" \/>\n<meta property=\"article:published_time\" content=\"2024-11-27T17:52:43+00:00\" \/>\n<meta property=\"article:modified_time\" content=\"2024-11-27T18:11:42+00:00\" \/>\n<meta property=\"og:image\" content=\"https:\/\/arealorcaradio.es\/wp-content\/uploads\/2024\/11\/20241127_171911-scaled.jpg\" \/>\n\t<meta property=\"og:image:width\" content=\"2560\" \/>\n\t<meta property=\"og:image:height\" content=\"1920\" \/>\n\t<meta property=\"og:image:type\" content=\"image\/jpeg\" \/>\n<meta name=\"author\" content=\"Paco S\u00e1nchez\" \/>\n<meta name=\"twitter:card\" content=\"summary_large_image\" \/>\n<meta name=\"twitter:label1\" content=\"Escrito por\" \/>\n\t<meta name=\"twitter:data1\" content=\"Paco S\u00e1nchez\" \/>\n\t<meta name=\"twitter:label2\" content=\"Tiempo de lectura\" \/>\n\t<meta name=\"twitter:data2\" content=\"2 minutos\" \/>\n<script type=\"application\/ld+json\" class=\"yoast-schema-graph\">{\"@context\":\"https:\\\/\\\/schema.org\",\"@graph\":[{\"@type\":\"Article\",\"@id\":\"https:\\\/\\\/arealorcaradio.es\\\/index.php\\\/2024\\\/11\\\/27\\\/salvador-roman-llevo-42-anos-entrenando-y-puedo-decir-que-el-futbol-de-antes-nada-tiene-que-ver-con-el-actual\\\/#article\",\"isPartOf\":{\"@id\":\"https:\\\/\\\/arealorcaradio.es\\\/index.php\\\/2024\\\/11\\\/27\\\/salvador-roman-llevo-42-anos-entrenando-y-puedo-decir-que-el-futbol-de-antes-nada-tiene-que-ver-con-el-actual\\\/\"},\"author\":{\"name\":\"Paco S\u00e1nchez\",\"@id\":\"https:\\\/\\\/arealorcaradio.es\\\/#\\\/schema\\\/person\\\/9fae605fc25b0f2c83c1ab207139bd27\"},\"headline\":\"Salvador Rom\u00e1n: \u00abLlevo 42 a\u00f1os entrenando y puedo decir que el f\u00fatbol de antes nada tiene que ver con el actual\u00bb\",\"datePublished\":\"2024-11-27T17:52:43+00:00\",\"dateModified\":\"2024-11-27T18:11:42+00:00\",\"mainEntityOfPage\":{\"@id\":\"https:\\\/\\\/arealorcaradio.es\\\/index.php\\\/2024\\\/11\\\/27\\\/salvador-roman-llevo-42-anos-entrenando-y-puedo-decir-que-el-futbol-de-antes-nada-tiene-que-ver-con-el-actual\\\/\"},\"wordCount\":159,\"commentCount\":0,\"image\":{\"@id\":\"https:\\\/\\\/arealorcaradio.es\\\/index.php\\\/2024\\\/11\\\/27\\\/salvador-roman-llevo-42-anos-entrenando-y-puedo-decir-que-el-futbol-de-antes-nada-tiene-que-ver-con-el-actual\\\/#primaryimage\"},\"thumbnailUrl\":\"https:\\\/\\\/arealorcaradio.es\\\/wp-content\\\/uploads\\\/2024\\\/11\\\/20241127_171911-scaled.jpg\",\"articleSection\":[\"DEPORTES\",\"LORCA\"],\"inLanguage\":\"es\",\"potentialAction\":[{\"@type\":\"CommentAction\",\"name\":\"Comment\",\"target\":[\"https:\\\/\\\/arealorcaradio.es\\\/index.php\\\/2024\\\/11\\\/27\\\/salvador-roman-llevo-42-anos-entrenando-y-puedo-decir-que-el-futbol-de-antes-nada-tiene-que-ver-con-el-actual\\\/#respond\"]}]},{\"@type\":\"WebPage\",\"@id\":\"https:\\\/\\\/arealorcaradio.es\\\/index.php\\\/2024\\\/11\\\/27\\\/salvador-roman-llevo-42-anos-entrenando-y-puedo-decir-que-el-futbol-de-antes-nada-tiene-que-ver-con-el-actual\\\/\",\"url\":\"https:\\\/\\\/arealorcaradio.es\\\/index.php\\\/2024\\\/11\\\/27\\\/salvador-roman-llevo-42-anos-entrenando-y-puedo-decir-que-el-futbol-de-antes-nada-tiene-que-ver-con-el-actual\\\/\",\"name\":\"Salvador Rom\u00e1n: \\\"Llevo 42 a\u00f1os entrenando y puedo decir que el f\u00fatbol de antes nada tiene que ver con el actual\\\" - AREA LORCA RADIO\",\"isPartOf\":{\"@id\":\"https:\\\/\\\/arealorcaradio.es\\\/#website\"},\"primaryImageOfPage\":{\"@id\":\"https:\\\/\\\/arealorcaradio.es\\\/index.php\\\/2024\\\/11\\\/27\\\/salvador-roman-llevo-42-anos-entrenando-y-puedo-decir-que-el-futbol-de-antes-nada-tiene-que-ver-con-el-actual\\\/#primaryimage\"},\"image\":{\"@id\":\"https:\\\/\\\/arealorcaradio.es\\\/index.php\\\/2024\\\/11\\\/27\\\/salvador-roman-llevo-42-anos-entrenando-y-puedo-decir-que-el-futbol-de-antes-nada-tiene-que-ver-con-el-actual\\\/#primaryimage\"},\"thumbnailUrl\":\"https:\\\/\\\/arealorcaradio.es\\\/wp-content\\\/uploads\\\/2024\\\/11\\\/20241127_171911-scaled.jpg\",\"datePublished\":\"2024-11-27T17:52:43+00:00\",\"dateModified\":\"2024-11-27T18:11:42+00:00\",\"author\":{\"@id\":\"https:\\\/\\\/arealorcaradio.es\\\/#\\\/schema\\\/person\\\/9fae605fc25b0f2c83c1ab207139bd27\"},\"breadcrumb\":{\"@id\":\"https:\\\/\\\/arealorcaradio.es\\\/index.php\\\/2024\\\/11\\\/27\\\/salvador-roman-llevo-42-anos-entrenando-y-puedo-decir-que-el-futbol-de-antes-nada-tiene-que-ver-con-el-actual\\\/#breadcrumb\"},\"inLanguage\":\"es\",\"potentialAction\":[{\"@type\":\"ReadAction\",\"target\":[\"https:\\\/\\\/arealorcaradio.es\\\/index.php\\\/2024\\\/11\\\/27\\\/salvador-roman-llevo-42-anos-entrenando-y-puedo-decir-que-el-futbol-de-antes-nada-tiene-que-ver-con-el-actual\\\/\"]}]},{\"@type\":\"ImageObject\",\"inLanguage\":\"es\",\"@id\":\"https:\\\/\\\/arealorcaradio.es\\\/index.php\\\/2024\\\/11\\\/27\\\/salvador-roman-llevo-42-anos-entrenando-y-puedo-decir-que-el-futbol-de-antes-nada-tiene-que-ver-con-el-actual\\\/#primaryimage\",\"url\":\"https:\\\/\\\/arealorcaradio.es\\\/wp-content\\\/uploads\\\/2024\\\/11\\\/20241127_171911-scaled.jpg\",\"contentUrl\":\"https:\\\/\\\/arealorcaradio.es\\\/wp-content\\\/uploads\\\/2024\\\/11\\\/20241127_171911-scaled.jpg\",\"width\":2560,\"height\":1920},{\"@type\":\"BreadcrumbList\",\"@id\":\"https:\\\/\\\/arealorcaradio.es\\\/index.php\\\/2024\\\/11\\\/27\\\/salvador-roman-llevo-42-anos-entrenando-y-puedo-decir-que-el-futbol-de-antes-nada-tiene-que-ver-con-el-actual\\\/#breadcrumb\",\"itemListElement\":[{\"@type\":\"ListItem\",\"position\":1,\"name\":\"Portada\",\"item\":\"https:\\\/\\\/arealorcaradio.es\\\/\"},{\"@type\":\"ListItem\",\"position\":2,\"name\":\"Salvador Rom\u00e1n: \u00abLlevo 42 a\u00f1os entrenando y puedo decir que el f\u00fatbol de antes nada tiene que ver con el actual\u00bb\"}]},{\"@type\":\"WebSite\",\"@id\":\"https:\\\/\\\/arealorcaradio.es\\\/#website\",\"url\":\"https:\\\/\\\/arealorcaradio.es\\\/\",\"name\":\"AREA LORCA RADIO\",\"description\":\"Descubre la programaci\u00f3n actual en \u00c1rea Lorca Radio, tu fuente de entrenamiento y noticias locales. Sintoniza ahora y mantente conectado online.\",\"potentialAction\":[{\"@type\":\"SearchAction\",\"target\":{\"@type\":\"EntryPoint\",\"urlTemplate\":\"https:\\\/\\\/arealorcaradio.es\\\/?s={search_term_string}\"},\"query-input\":{\"@type\":\"PropertyValueSpecification\",\"valueRequired\":true,\"valueName\":\"search_term_string\"}}],\"inLanguage\":\"es\"},{\"@type\":\"Person\",\"@id\":\"https:\\\/\\\/arealorcaradio.es\\\/#\\\/schema\\\/person\\\/9fae605fc25b0f2c83c1ab207139bd27\",\"name\":\"Paco S\u00e1nchez\",\"image\":{\"@type\":\"ImageObject\",\"inLanguage\":\"es\",\"@id\":\"https:\\\/\\\/secure.gravatar.com\\\/avatar\\\/d67144e966420fb74aa84c9f2a0103be4724fd14db52b52d3b6bca749f257e79?s=96&d=mm&r=g\",\"url\":\"https:\\\/\\\/secure.gravatar.com\\\/avatar\\\/d67144e966420fb74aa84c9f2a0103be4724fd14db52b52d3b6bca749f257e79?s=96&d=mm&r=g\",\"contentUrl\":\"https:\\\/\\\/secure.gravatar.com\\\/avatar\\\/d67144e966420fb74aa84c9f2a0103be4724fd14db52b52d3b6bca749f257e79?s=96&d=mm&r=g\",\"caption\":\"Paco S\u00e1nchez\"},\"sameAs\":[\"https:\\\/\\\/arealorcaradio.es\"],\"url\":\"https:\\\/\\\/arealorcaradio.es\\\/index.php\\\/author\\\/admin_alorcaradio\\\/\"}]}<\/script>\n<!-- \/ Yoast SEO plugin. -->","yoast_head_json":{"title":"Salvador Rom\u00e1n: \"Llevo 42 a\u00f1os entrenando y puedo decir que el f\u00fatbol de antes nada tiene que ver con el actual\" - AREA LORCA RADIO","robots":{"index":"index","follow":"follow","max-snippet":"max-snippet:-1","max-image-preview":"max-image-preview:large","max-video-preview":"max-video-preview:-1"},"canonical":"https:\/\/arealorcaradio.es\/index.php\/2024\/11\/27\/salvador-roman-llevo-42-anos-entrenando-y-puedo-decir-que-el-futbol-de-antes-nada-tiene-que-ver-con-el-actual\/","og_locale":"es_ES","og_type":"article","og_title":"Salvador Rom\u00e1n: \"Llevo 42 a\u00f1os entrenando y puedo decir que el f\u00fatbol de antes nada tiene que ver con el actual\" - AREA LORCA RADIO","og_description":"\u00c1REA LORCA RADIO. 27-11-24. Escucha aqu\u00ed la entrevista que ha concedido el entrenador del Cadete de Segunda del Lorca Club F\u00fatbol Base, Salvador Rom\u00e1n a Paco S\u00e1nchez en el programa \u00c1rea Lorca Deportes. Durante su intervenci\u00f3n el veterano entrenador ha hecho un repaso de los cuarenta y dos a\u00f1os que lleva en los banquillos, habiendo [&hellip;]","og_url":"https:\/\/arealorcaradio.es\/index.php\/2024\/11\/27\/salvador-roman-llevo-42-anos-entrenando-y-puedo-decir-que-el-futbol-de-antes-nada-tiene-que-ver-con-el-actual\/","og_site_name":"AREA LORCA RADIO","article_published_time":"2024-11-27T17:52:43+00:00","article_modified_time":"2024-11-27T18:11:42+00:00","og_image":[{"width":2560,"height":1920,"url":"https:\/\/arealorcaradio.es\/wp-content\/uploads\/2024\/11\/20241127_171911-scaled.jpg","type":"image\/jpeg"}],"author":"Paco S\u00e1nchez","twitter_card":"summary_large_image","twitter_misc":{"Escrito por":"Paco S\u00e1nchez","Tiempo de lectura":"2 minutos"},"schema":{"@context":"https:\/\/schema.org","@graph":[{"@type":"Article","@id":"https:\/\/arealorcaradio.es\/index.php\/2024\/11\/27\/salvador-roman-llevo-42-anos-entrenando-y-puedo-decir-que-el-futbol-de-antes-nada-tiene-que-ver-con-el-actual\/#article","isPartOf":{"@id":"https:\/\/arealorcaradio.es\/index.php\/2024\/11\/27\/salvador-roman-llevo-42-anos-entrenando-y-puedo-decir-que-el-futbol-de-antes-nada-tiene-que-ver-con-el-actual\/"},"author":{"name":"Paco S\u00e1nchez","@id":"https:\/\/arealorcaradio.es\/#\/schema\/person\/9fae605fc25b0f2c83c1ab207139bd27"},"headline":"Salvador Rom\u00e1n: \u00abLlevo 42 a\u00f1os entrenando y puedo decir que el f\u00fatbol de antes nada tiene que ver con el actual\u00bb","datePublished":"2024-11-27T17:52:43+00:00","dateModified":"2024-11-27T18:11:42+00:00","mainEntityOfPage":{"@id":"https:\/\/arealorcaradio.es\/index.php\/2024\/11\/27\/salvador-roman-llevo-42-anos-entrenando-y-puedo-decir-que-el-futbol-de-antes-nada-tiene-que-ver-con-el-actual\/"},"wordCount":159,"commentCount":0,"image":{"@id":"https:\/\/arealorcaradio.es\/index.php\/2024\/11\/27\/salvador-roman-llevo-42-anos-entrenando-y-puedo-decir-que-el-futbol-de-antes-nada-tiene-que-ver-con-el-actual\/#primaryimage"},"thumbnailUrl":"https:\/\/arealorcaradio.es\/wp-content\/uploads\/2024\/11\/20241127_171911-scaled.jpg","articleSection":["DEPORTES","LORCA"],"inLanguage":"es","potentialAction":[{"@type":"CommentAction","name":"Comment","target":["https:\/\/arealorcaradio.es\/index.php\/2024\/11\/27\/salvador-roman-llevo-42-anos-entrenando-y-puedo-decir-que-el-futbol-de-antes-nada-tiene-que-ver-con-el-actual\/#respond"]}]},{"@type":"WebPage","@id":"https:\/\/arealorcaradio.es\/index.php\/2024\/11\/27\/salvador-roman-llevo-42-anos-entrenando-y-puedo-decir-que-el-futbol-de-antes-nada-tiene-que-ver-con-el-actual\/","url":"https:\/\/arealorcaradio.es\/index.php\/2024\/11\/27\/salvador-roman-llevo-42-anos-entrenando-y-puedo-decir-que-el-futbol-de-antes-nada-tiene-que-ver-con-el-actual\/","name":"Salvador Rom\u00e1n: \"Llevo 42 a\u00f1os entrenando y puedo decir que el f\u00fatbol de antes nada tiene que ver con el actual\" - AREA LORCA RADIO","isPartOf":{"@id":"https:\/\/arealorcaradio.es\/#website"},"primaryImageOfPage":{"@id":"https:\/\/arealorcaradio.es\/index.php\/2024\/11\/27\/salvador-roman-llevo-42-anos-entrenando-y-puedo-decir-que-el-futbol-de-antes-nada-tiene-que-ver-con-el-actual\/#primaryimage"},"image":{"@id":"https:\/\/arealorcaradio.es\/index.php\/2024\/11\/27\/salvador-roman-llevo-42-anos-entrenando-y-puedo-decir-que-el-futbol-de-antes-nada-tiene-que-ver-con-el-actual\/#primaryimage"},"thumbnailUrl":"https:\/\/arealorcaradio.es\/wp-content\/uploads\/2024\/11\/20241127_171911-scaled.jpg","datePublished":"2024-11-27T17:52:43+00:00","dateModified":"2024-11-27T18:11:42+00:00","author":{"@id":"https:\/\/arealorcaradio.es\/#\/schema\/person\/9fae605fc25b0f2c83c1ab207139bd27"},"breadcrumb":{"@id":"https:\/\/arealorcaradio.es\/index.php\/2024\/11\/27\/salvador-roman-llevo-42-anos-entrenando-y-puedo-decir-que-el-futbol-de-antes-nada-tiene-que-ver-con-el-actual\/#breadcrumb"},"inLanguage":"es","potentialAction":[{"@type":"ReadAction","target":["https:\/\/arealorcaradio.es\/index.php\/2024\/11\/27\/salvador-roman-llevo-42-anos-entrenando-y-puedo-decir-que-el-futbol-de-antes-nada-tiene-que-ver-con-el-actual\/"]}]},{"@type":"ImageObject","inLanguage":"es","@id":"https:\/\/arealorcaradio.es\/index.php\/2024\/11\/27\/salvador-roman-llevo-42-anos-entrenando-y-puedo-decir-que-el-futbol-de-antes-nada-tiene-que-ver-con-el-actual\/#primaryimage","url":"https:\/\/arealorcaradio.es\/wp-content\/uploads\/2024\/11\/20241127_171911-scaled.jpg","contentUrl":"https:\/\/arealorcaradio.es\/wp-content\/uploads\/2024\/11\/20241127_171911-scaled.jpg","width":2560,"height":1920},{"@type":"BreadcrumbList","@id":"https:\/\/arealorcaradio.es\/index.php\/2024\/11\/27\/salvador-roman-llevo-42-anos-entrenando-y-puedo-decir-que-el-futbol-de-antes-nada-tiene-que-ver-con-el-actual\/#breadcrumb","itemListElement":[{"@type":"ListItem","position":1,"name":"Portada","item":"https:\/\/arealorcaradio.es\/"},{"@type":"ListItem","position":2,"name":"Salvador Rom\u00e1n: \u00abLlevo 42 a\u00f1os entrenando y puedo decir que el f\u00fatbol de antes nada tiene que ver con el actual\u00bb"}]},{"@type":"WebSite","@id":"https:\/\/arealorcaradio.es\/#website","url":"https:\/\/arealorcaradio.es\/","name":"AREA LORCA RADIO","description":"Descubre la programaci\u00f3n actual en \u00c1rea Lorca Radio, tu fuente de entrenamiento y noticias locales. Sintoniza ahora y mantente conectado online.","potentialAction":[{"@type":"SearchAction","target":{"@type":"EntryPoint","urlTemplate":"https:\/\/arealorcaradio.es\/?s={search_term_string}"},"query-input":{"@type":"PropertyValueSpecification","valueRequired":true,"valueName":"search_term_string"}}],"inLanguage":"es"},{"@type":"Person","@id":"https:\/\/arealorcaradio.es\/#\/schema\/person\/9fae605fc25b0f2c83c1ab207139bd27","name":"Paco S\u00e1nchez","image":{"@type":"ImageObject","inLanguage":"es","@id":"https:\/\/secure.gravatar.com\/avatar\/d67144e966420fb74aa84c9f2a0103be4724fd14db52b52d3b6bca749f257e79?s=96&d=mm&r=g","url":"https:\/\/secure.gravatar.com\/avatar\/d67144e966420fb74aa84c9f2a0103be4724fd14db52b52d3b6bca749f257e79?s=96&d=mm&r=g","contentUrl":"https:\/\/secure.gravatar.com\/avatar\/d67144e966420fb74aa84c9f2a0103be4724fd14db52b52d3b6bca749f257e79?s=96&d=mm&r=g","caption":"Paco S\u00e1nchez"},"sameAs":["https:\/\/arealorcaradio.es"],"url":"https:\/\/arealorcaradio.es\/index.php\/author\/admin_alorcaradio\/"}]}},"_links":{"self":[{"href":"https:\/\/arealorcaradio.es\/index.php\/wp-json\/wp\/v2\/posts\/4794","targetHints":{"allow":["GET"]}}],"collection":[{"href":"https:\/\/arealorcaradio.es\/index.php\/wp-json\/wp\/v2\/posts"}],"about":[{"href":"https:\/\/arealorcaradio.es\/index.php\/wp-json\/wp\/v2\/types\/post"}],"author":[{"embeddable":true,"href":"https:\/\/arealorcaradio.es\/index.php\/wp-json\/wp\/v2\/users\/1"}],"replies":[{"embeddable":true,"href":"https:\/\/arealorcaradio.es\/index.php\/wp-json\/wp\/v2\/comments?post=4794"}],"version-history":[{"count":3,"href":"https:\/\/arealorcaradio.es\/index.php\/wp-json\/wp\/v2\/posts\/4794\/revisions"}],"predecessor-version":[{"id":4812,"href":"https:\/\/arealorcaradio.es\/index.php\/wp-json\/wp\/v2\/posts\/4794\/revisions\/4812"}],"wp:featuredmedia":[{"embeddable":true,"href":"https:\/\/arealorcaradio.es\/index.php\/wp-json\/wp\/v2\/media\/4798"}],"wp:attachment":[{"href":"https:\/\/arealorcaradio.es\/index.php\/wp-json\/wp\/v2\/media?parent=4794"}],"wp:term":[{"taxonomy":"category","embeddable":true,"href":"https:\/\/arealorcaradio.es\/index.php\/wp-json\/wp\/v2\/categories?post=4794"},{"taxonomy":"post_tag","embeddable":true,"href":"https:\/\/arealorcaradio.es\/index.php\/wp-json\/wp\/v2\/tags?post=4794"}],"curies":[{"name":"wp","href":"https:\/\/api.w.org\/{rel}","templated":true}]}}