{"id":4788,"date":"2024-11-26T19:25:58","date_gmt":"2024-11-26T19:25:58","guid":{"rendered":"https:\/\/arealorcaradio.es\/?p=4788"},"modified":"2024-11-26T19:25:58","modified_gmt":"2024-11-26T19:25:58","slug":"debaho-band-presenta-el-videoclip-de-su-nuevo-tema-tramposa","status":"publish","type":"post","link":"https:\/\/arealorcaradio.es\/index.php\/2024\/11\/26\/debaho-band-presenta-el-videoclip-de-su-nuevo-tema-tramposa\/","title":{"rendered":"Debaho Band presenta el videoclip de su nuevo tema \u00abTramposa\u00bb"},"content":{"rendered":"<p>\u00c1REA LORCA RADIO. 26-11-24.<\/p>\n<p>El pasado mes de febrero la banda Debaho Band llev\u00f3 a cabo la grabaci\u00f3n de su cuarto disco \u00abEntero\u00bb en los estudios R5 en tierras navarras bajo la direcci\u00f3n de David D\u00edaz \u00abKolibr\u00ed\u00bb, guitarra de la banda de rock, Marea.<\/p>\n<p>Durante las \u00faltimas semanas se ha llevado a cabo la grabaci\u00f3n de un nuevo videoclip del tema \u00abTramposa\u00bb en varias localizaciones de la ciudad de Lorca. Para ello han contado con la colaboraci\u00f3n del exvocalista de La Fuga, Pedro Fern\u00e1ndez Razkin. La direcci\u00f3n de este videoclip ha corrido a cargo del director lorquino Jes\u00fas Mart\u00ednez \u00abel nota\u00bb y Alfonso Alfonso Gonz\u00e1lez de Creativa ProVideo.<\/p>\n<p>La presentaci\u00f3n tendr\u00e1 lugar en el Centro Cultural Jos\u00e9 Mar\u00eda Campoy de Lorca a las 20:30 horas de este mi\u00e9rcoles 27 de noviembre.<\/p>\n<p>Escucha la entrevista que han concedido a Paco S\u00e1nchez en el magazine \u00c1rea Lorca Actualidad, Jos\u00e9 Luis Meca, bajo y voz de la banda de rock y el manager Fernando Romera.<\/p>\n<audio class=\"wp-audio-shortcode\" id=\"audio-4788-1\" preload=\"none\" style=\"width: 100%;\" controls=\"controls\"><source type=\"audio\/mpeg\" src=\"https:\/\/arealorcaradio.es\/wp-content\/uploads\/2024\/11\/261124-JOSE-LUIS-MECA-Y-FERNANDO-ROMERA.-DEBAHO-BAND-OK.mp3?_=1\" \/><a href=\"https:\/\/arealorcaradio.es\/wp-content\/uploads\/2024\/11\/261124-JOSE-LUIS-MECA-Y-FERNANDO-ROMERA.-DEBAHO-BAND-OK.mp3\">https:\/\/arealorcaradio.es\/wp-content\/uploads\/2024\/11\/261124-JOSE-LUIS-MECA-Y-FERNANDO-ROMERA.-DEBAHO-BAND-OK.mp3<\/a><\/audio>\n<p><img loading=\"lazy\" decoding=\"async\" class=\"alignnone size-medium wp-image-4792\" src=\"https:\/\/arealorcaradio.es\/wp-content\/uploads\/2024\/11\/FB_IMG_1732647579166-300x169.jpg\" alt=\"\" width=\"300\" height=\"169\" srcset=\"https:\/\/arealorcaradio.es\/wp-content\/uploads\/2024\/11\/FB_IMG_1732647579166-300x169.jpg 300w, https:\/\/arealorcaradio.es\/wp-content\/uploads\/2024\/11\/FB_IMG_1732647579166.jpg 720w\" sizes=\"auto, (max-width: 300px) 100vw, 300px\" \/><\/p>\n","protected":false},"excerpt":{"rendered":"<p>\u00c1REA LORCA RADIO. 26-11-24. El pasado mes de febrero la banda Debaho Band llev\u00f3 a cabo la grabaci\u00f3n de su cuarto disco \u00abEntero\u00bb en los estudios R5 en tierras navarras bajo la direcci\u00f3n de David D\u00edaz \u00abKolibr\u00ed\u00bb, guitarra de la banda de rock, Marea. Durante las \u00faltimas semanas se ha llevado a cabo la grabaci\u00f3n [&hellip;]<\/p>\n","protected":false},"author":1,"featured_media":4790,"comment_status":"open","ping_status":"open","sticky":false,"template":"","format":"standard","meta":{"iawp_total_views":120,"footnotes":""},"categories":[5,7],"tags":[],"class_list":["post-4788","post","type-post","status-publish","format-standard","has-post-thumbnail","hentry","category-actualidad","category-lorca"],"yoast_head":"<!-- This site is optimized with the Yoast SEO plugin v27.5 - https:\/\/yoast.com\/product\/yoast-seo-wordpress\/ -->\n<title>Debaho Band presenta el videoclip de su nuevo tema &quot;Tramposa&quot; - AREA LORCA RADIO<\/title>\n<meta name=\"robots\" content=\"index, follow, max-snippet:-1, max-image-preview:large, max-video-preview:-1\" \/>\n<link rel=\"canonical\" href=\"https:\/\/arealorcaradio.es\/index.php\/2024\/11\/26\/debaho-band-presenta-el-videoclip-de-su-nuevo-tema-tramposa\/\" \/>\n<meta property=\"og:locale\" content=\"es_ES\" \/>\n<meta property=\"og:type\" content=\"article\" \/>\n<meta property=\"og:title\" content=\"Debaho Band presenta el videoclip de su nuevo tema &quot;Tramposa&quot; - AREA LORCA RADIO\" \/>\n<meta property=\"og:description\" content=\"\u00c1REA LORCA RADIO. 26-11-24. El pasado mes de febrero la banda Debaho Band llev\u00f3 a cabo la grabaci\u00f3n de su cuarto disco \u00abEntero\u00bb en los estudios R5 en tierras navarras bajo la direcci\u00f3n de David D\u00edaz \u00abKolibr\u00ed\u00bb, guitarra de la banda de rock, Marea. Durante las \u00faltimas semanas se ha llevado a cabo la grabaci\u00f3n [&hellip;]\" \/>\n<meta property=\"og:url\" content=\"https:\/\/arealorcaradio.es\/index.php\/2024\/11\/26\/debaho-band-presenta-el-videoclip-de-su-nuevo-tema-tramposa\/\" \/>\n<meta property=\"og:site_name\" content=\"AREA LORCA RADIO\" \/>\n<meta property=\"article:published_time\" content=\"2024-11-26T19:25:58+00:00\" \/>\n<meta property=\"og:image\" content=\"https:\/\/arealorcaradio.es\/wp-content\/uploads\/2024\/11\/20241126_174102-scaled.jpg\" \/>\n\t<meta property=\"og:image:width\" content=\"2560\" \/>\n\t<meta property=\"og:image:height\" content=\"1920\" \/>\n\t<meta property=\"og:image:type\" content=\"image\/jpeg\" \/>\n<meta name=\"author\" content=\"Paco S\u00e1nchez\" \/>\n<meta name=\"twitter:card\" content=\"summary_large_image\" \/>\n<meta name=\"twitter:label1\" content=\"Escrito por\" \/>\n\t<meta name=\"twitter:data1\" content=\"Paco S\u00e1nchez\" \/>\n\t<meta name=\"twitter:label2\" content=\"Tiempo de lectura\" \/>\n\t<meta name=\"twitter:data2\" content=\"2 minutos\" \/>\n<script type=\"application\/ld+json\" class=\"yoast-schema-graph\">{\"@context\":\"https:\\\/\\\/schema.org\",\"@graph\":[{\"@type\":\"Article\",\"@id\":\"https:\\\/\\\/arealorcaradio.es\\\/index.php\\\/2024\\\/11\\\/26\\\/debaho-band-presenta-el-videoclip-de-su-nuevo-tema-tramposa\\\/#article\",\"isPartOf\":{\"@id\":\"https:\\\/\\\/arealorcaradio.es\\\/index.php\\\/2024\\\/11\\\/26\\\/debaho-band-presenta-el-videoclip-de-su-nuevo-tema-tramposa\\\/\"},\"author\":{\"name\":\"Paco S\u00e1nchez\",\"@id\":\"https:\\\/\\\/arealorcaradio.es\\\/#\\\/schema\\\/person\\\/9fae605fc25b0f2c83c1ab207139bd27\"},\"headline\":\"Debaho Band presenta el videoclip de su nuevo tema \u00abTramposa\u00bb\",\"datePublished\":\"2024-11-26T19:25:58+00:00\",\"mainEntityOfPage\":{\"@id\":\"https:\\\/\\\/arealorcaradio.es\\\/index.php\\\/2024\\\/11\\\/26\\\/debaho-band-presenta-el-videoclip-de-su-nuevo-tema-tramposa\\\/\"},\"wordCount\":196,\"commentCount\":0,\"image\":{\"@id\":\"https:\\\/\\\/arealorcaradio.es\\\/index.php\\\/2024\\\/11\\\/26\\\/debaho-band-presenta-el-videoclip-de-su-nuevo-tema-tramposa\\\/#primaryimage\"},\"thumbnailUrl\":\"https:\\\/\\\/arealorcaradio.es\\\/wp-content\\\/uploads\\\/2024\\\/11\\\/20241126_174102-scaled.jpg\",\"articleSection\":[\"ACTUALIDAD\",\"LORCA\"],\"inLanguage\":\"es\",\"potentialAction\":[{\"@type\":\"CommentAction\",\"name\":\"Comment\",\"target\":[\"https:\\\/\\\/arealorcaradio.es\\\/index.php\\\/2024\\\/11\\\/26\\\/debaho-band-presenta-el-videoclip-de-su-nuevo-tema-tramposa\\\/#respond\"]}]},{\"@type\":\"WebPage\",\"@id\":\"https:\\\/\\\/arealorcaradio.es\\\/index.php\\\/2024\\\/11\\\/26\\\/debaho-band-presenta-el-videoclip-de-su-nuevo-tema-tramposa\\\/\",\"url\":\"https:\\\/\\\/arealorcaradio.es\\\/index.php\\\/2024\\\/11\\\/26\\\/debaho-band-presenta-el-videoclip-de-su-nuevo-tema-tramposa\\\/\",\"name\":\"Debaho Band presenta el videoclip de su nuevo tema \\\"Tramposa\\\" - AREA LORCA RADIO\",\"isPartOf\":{\"@id\":\"https:\\\/\\\/arealorcaradio.es\\\/#website\"},\"primaryImageOfPage\":{\"@id\":\"https:\\\/\\\/arealorcaradio.es\\\/index.php\\\/2024\\\/11\\\/26\\\/debaho-band-presenta-el-videoclip-de-su-nuevo-tema-tramposa\\\/#primaryimage\"},\"image\":{\"@id\":\"https:\\\/\\\/arealorcaradio.es\\\/index.php\\\/2024\\\/11\\\/26\\\/debaho-band-presenta-el-videoclip-de-su-nuevo-tema-tramposa\\\/#primaryimage\"},\"thumbnailUrl\":\"https:\\\/\\\/arealorcaradio.es\\\/wp-content\\\/uploads\\\/2024\\\/11\\\/20241126_174102-scaled.jpg\",\"datePublished\":\"2024-11-26T19:25:58+00:00\",\"author\":{\"@id\":\"https:\\\/\\\/arealorcaradio.es\\\/#\\\/schema\\\/person\\\/9fae605fc25b0f2c83c1ab207139bd27\"},\"breadcrumb\":{\"@id\":\"https:\\\/\\\/arealorcaradio.es\\\/index.php\\\/2024\\\/11\\\/26\\\/debaho-band-presenta-el-videoclip-de-su-nuevo-tema-tramposa\\\/#breadcrumb\"},\"inLanguage\":\"es\",\"potentialAction\":[{\"@type\":\"ReadAction\",\"target\":[\"https:\\\/\\\/arealorcaradio.es\\\/index.php\\\/2024\\\/11\\\/26\\\/debaho-band-presenta-el-videoclip-de-su-nuevo-tema-tramposa\\\/\"]}]},{\"@type\":\"ImageObject\",\"inLanguage\":\"es\",\"@id\":\"https:\\\/\\\/arealorcaradio.es\\\/index.php\\\/2024\\\/11\\\/26\\\/debaho-band-presenta-el-videoclip-de-su-nuevo-tema-tramposa\\\/#primaryimage\",\"url\":\"https:\\\/\\\/arealorcaradio.es\\\/wp-content\\\/uploads\\\/2024\\\/11\\\/20241126_174102-scaled.jpg\",\"contentUrl\":\"https:\\\/\\\/arealorcaradio.es\\\/wp-content\\\/uploads\\\/2024\\\/11\\\/20241126_174102-scaled.jpg\",\"width\":2560,\"height\":1920},{\"@type\":\"BreadcrumbList\",\"@id\":\"https:\\\/\\\/arealorcaradio.es\\\/index.php\\\/2024\\\/11\\\/26\\\/debaho-band-presenta-el-videoclip-de-su-nuevo-tema-tramposa\\\/#breadcrumb\",\"itemListElement\":[{\"@type\":\"ListItem\",\"position\":1,\"name\":\"Portada\",\"item\":\"https:\\\/\\\/arealorcaradio.es\\\/\"},{\"@type\":\"ListItem\",\"position\":2,\"name\":\"Debaho Band presenta el videoclip de su nuevo tema \u00abTramposa\u00bb\"}]},{\"@type\":\"WebSite\",\"@id\":\"https:\\\/\\\/arealorcaradio.es\\\/#website\",\"url\":\"https:\\\/\\\/arealorcaradio.es\\\/\",\"name\":\"AREA LORCA RADIO\",\"description\":\"Descubre la programaci\u00f3n actual en \u00c1rea Lorca Radio, tu fuente de entrenamiento y noticias locales. Sintoniza ahora y mantente conectado online.\",\"potentialAction\":[{\"@type\":\"SearchAction\",\"target\":{\"@type\":\"EntryPoint\",\"urlTemplate\":\"https:\\\/\\\/arealorcaradio.es\\\/?s={search_term_string}\"},\"query-input\":{\"@type\":\"PropertyValueSpecification\",\"valueRequired\":true,\"valueName\":\"search_term_string\"}}],\"inLanguage\":\"es\"},{\"@type\":\"Person\",\"@id\":\"https:\\\/\\\/arealorcaradio.es\\\/#\\\/schema\\\/person\\\/9fae605fc25b0f2c83c1ab207139bd27\",\"name\":\"Paco S\u00e1nchez\",\"image\":{\"@type\":\"ImageObject\",\"inLanguage\":\"es\",\"@id\":\"https:\\\/\\\/secure.gravatar.com\\\/avatar\\\/d67144e966420fb74aa84c9f2a0103be4724fd14db52b52d3b6bca749f257e79?s=96&d=mm&r=g\",\"url\":\"https:\\\/\\\/secure.gravatar.com\\\/avatar\\\/d67144e966420fb74aa84c9f2a0103be4724fd14db52b52d3b6bca749f257e79?s=96&d=mm&r=g\",\"contentUrl\":\"https:\\\/\\\/secure.gravatar.com\\\/avatar\\\/d67144e966420fb74aa84c9f2a0103be4724fd14db52b52d3b6bca749f257e79?s=96&d=mm&r=g\",\"caption\":\"Paco S\u00e1nchez\"},\"sameAs\":[\"https:\\\/\\\/arealorcaradio.es\"],\"url\":\"https:\\\/\\\/arealorcaradio.es\\\/index.php\\\/author\\\/admin_alorcaradio\\\/\"}]}<\/script>\n<!-- \/ Yoast SEO plugin. -->","yoast_head_json":{"title":"Debaho Band presenta el videoclip de su nuevo tema \"Tramposa\" - AREA LORCA RADIO","robots":{"index":"index","follow":"follow","max-snippet":"max-snippet:-1","max-image-preview":"max-image-preview:large","max-video-preview":"max-video-preview:-1"},"canonical":"https:\/\/arealorcaradio.es\/index.php\/2024\/11\/26\/debaho-band-presenta-el-videoclip-de-su-nuevo-tema-tramposa\/","og_locale":"es_ES","og_type":"article","og_title":"Debaho Band presenta el videoclip de su nuevo tema \"Tramposa\" - AREA LORCA RADIO","og_description":"\u00c1REA LORCA RADIO. 26-11-24. El pasado mes de febrero la banda Debaho Band llev\u00f3 a cabo la grabaci\u00f3n de su cuarto disco \u00abEntero\u00bb en los estudios R5 en tierras navarras bajo la direcci\u00f3n de David D\u00edaz \u00abKolibr\u00ed\u00bb, guitarra de la banda de rock, Marea. Durante las \u00faltimas semanas se ha llevado a cabo la grabaci\u00f3n [&hellip;]","og_url":"https:\/\/arealorcaradio.es\/index.php\/2024\/11\/26\/debaho-band-presenta-el-videoclip-de-su-nuevo-tema-tramposa\/","og_site_name":"AREA LORCA RADIO","article_published_time":"2024-11-26T19:25:58+00:00","og_image":[{"width":2560,"height":1920,"url":"https:\/\/arealorcaradio.es\/wp-content\/uploads\/2024\/11\/20241126_174102-scaled.jpg","type":"image\/jpeg"}],"author":"Paco S\u00e1nchez","twitter_card":"summary_large_image","twitter_misc":{"Escrito por":"Paco S\u00e1nchez","Tiempo de lectura":"2 minutos"},"schema":{"@context":"https:\/\/schema.org","@graph":[{"@type":"Article","@id":"https:\/\/arealorcaradio.es\/index.php\/2024\/11\/26\/debaho-band-presenta-el-videoclip-de-su-nuevo-tema-tramposa\/#article","isPartOf":{"@id":"https:\/\/arealorcaradio.es\/index.php\/2024\/11\/26\/debaho-band-presenta-el-videoclip-de-su-nuevo-tema-tramposa\/"},"author":{"name":"Paco S\u00e1nchez","@id":"https:\/\/arealorcaradio.es\/#\/schema\/person\/9fae605fc25b0f2c83c1ab207139bd27"},"headline":"Debaho Band presenta el videoclip de su nuevo tema \u00abTramposa\u00bb","datePublished":"2024-11-26T19:25:58+00:00","mainEntityOfPage":{"@id":"https:\/\/arealorcaradio.es\/index.php\/2024\/11\/26\/debaho-band-presenta-el-videoclip-de-su-nuevo-tema-tramposa\/"},"wordCount":196,"commentCount":0,"image":{"@id":"https:\/\/arealorcaradio.es\/index.php\/2024\/11\/26\/debaho-band-presenta-el-videoclip-de-su-nuevo-tema-tramposa\/#primaryimage"},"thumbnailUrl":"https:\/\/arealorcaradio.es\/wp-content\/uploads\/2024\/11\/20241126_174102-scaled.jpg","articleSection":["ACTUALIDAD","LORCA"],"inLanguage":"es","potentialAction":[{"@type":"CommentAction","name":"Comment","target":["https:\/\/arealorcaradio.es\/index.php\/2024\/11\/26\/debaho-band-presenta-el-videoclip-de-su-nuevo-tema-tramposa\/#respond"]}]},{"@type":"WebPage","@id":"https:\/\/arealorcaradio.es\/index.php\/2024\/11\/26\/debaho-band-presenta-el-videoclip-de-su-nuevo-tema-tramposa\/","url":"https:\/\/arealorcaradio.es\/index.php\/2024\/11\/26\/debaho-band-presenta-el-videoclip-de-su-nuevo-tema-tramposa\/","name":"Debaho Band presenta el videoclip de su nuevo tema \"Tramposa\" - AREA LORCA RADIO","isPartOf":{"@id":"https:\/\/arealorcaradio.es\/#website"},"primaryImageOfPage":{"@id":"https:\/\/arealorcaradio.es\/index.php\/2024\/11\/26\/debaho-band-presenta-el-videoclip-de-su-nuevo-tema-tramposa\/#primaryimage"},"image":{"@id":"https:\/\/arealorcaradio.es\/index.php\/2024\/11\/26\/debaho-band-presenta-el-videoclip-de-su-nuevo-tema-tramposa\/#primaryimage"},"thumbnailUrl":"https:\/\/arealorcaradio.es\/wp-content\/uploads\/2024\/11\/20241126_174102-scaled.jpg","datePublished":"2024-11-26T19:25:58+00:00","author":{"@id":"https:\/\/arealorcaradio.es\/#\/schema\/person\/9fae605fc25b0f2c83c1ab207139bd27"},"breadcrumb":{"@id":"https:\/\/arealorcaradio.es\/index.php\/2024\/11\/26\/debaho-band-presenta-el-videoclip-de-su-nuevo-tema-tramposa\/#breadcrumb"},"inLanguage":"es","potentialAction":[{"@type":"ReadAction","target":["https:\/\/arealorcaradio.es\/index.php\/2024\/11\/26\/debaho-band-presenta-el-videoclip-de-su-nuevo-tema-tramposa\/"]}]},{"@type":"ImageObject","inLanguage":"es","@id":"https:\/\/arealorcaradio.es\/index.php\/2024\/11\/26\/debaho-band-presenta-el-videoclip-de-su-nuevo-tema-tramposa\/#primaryimage","url":"https:\/\/arealorcaradio.es\/wp-content\/uploads\/2024\/11\/20241126_174102-scaled.jpg","contentUrl":"https:\/\/arealorcaradio.es\/wp-content\/uploads\/2024\/11\/20241126_174102-scaled.jpg","width":2560,"height":1920},{"@type":"BreadcrumbList","@id":"https:\/\/arealorcaradio.es\/index.php\/2024\/11\/26\/debaho-band-presenta-el-videoclip-de-su-nuevo-tema-tramposa\/#breadcrumb","itemListElement":[{"@type":"ListItem","position":1,"name":"Portada","item":"https:\/\/arealorcaradio.es\/"},{"@type":"ListItem","position":2,"name":"Debaho Band presenta el videoclip de su nuevo tema \u00abTramposa\u00bb"}]},{"@type":"WebSite","@id":"https:\/\/arealorcaradio.es\/#website","url":"https:\/\/arealorcaradio.es\/","name":"AREA LORCA RADIO","description":"Descubre la programaci\u00f3n actual en \u00c1rea Lorca Radio, tu fuente de entrenamiento y noticias locales. Sintoniza ahora y mantente conectado online.","potentialAction":[{"@type":"SearchAction","target":{"@type":"EntryPoint","urlTemplate":"https:\/\/arealorcaradio.es\/?s={search_term_string}"},"query-input":{"@type":"PropertyValueSpecification","valueRequired":true,"valueName":"search_term_string"}}],"inLanguage":"es"},{"@type":"Person","@id":"https:\/\/arealorcaradio.es\/#\/schema\/person\/9fae605fc25b0f2c83c1ab207139bd27","name":"Paco S\u00e1nchez","image":{"@type":"ImageObject","inLanguage":"es","@id":"https:\/\/secure.gravatar.com\/avatar\/d67144e966420fb74aa84c9f2a0103be4724fd14db52b52d3b6bca749f257e79?s=96&d=mm&r=g","url":"https:\/\/secure.gravatar.com\/avatar\/d67144e966420fb74aa84c9f2a0103be4724fd14db52b52d3b6bca749f257e79?s=96&d=mm&r=g","contentUrl":"https:\/\/secure.gravatar.com\/avatar\/d67144e966420fb74aa84c9f2a0103be4724fd14db52b52d3b6bca749f257e79?s=96&d=mm&r=g","caption":"Paco S\u00e1nchez"},"sameAs":["https:\/\/arealorcaradio.es"],"url":"https:\/\/arealorcaradio.es\/index.php\/author\/admin_alorcaradio\/"}]}},"_links":{"self":[{"href":"https:\/\/arealorcaradio.es\/index.php\/wp-json\/wp\/v2\/posts\/4788","targetHints":{"allow":["GET"]}}],"collection":[{"href":"https:\/\/arealorcaradio.es\/index.php\/wp-json\/wp\/v2\/posts"}],"about":[{"href":"https:\/\/arealorcaradio.es\/index.php\/wp-json\/wp\/v2\/types\/post"}],"author":[{"embeddable":true,"href":"https:\/\/arealorcaradio.es\/index.php\/wp-json\/wp\/v2\/users\/1"}],"replies":[{"embeddable":true,"href":"https:\/\/arealorcaradio.es\/index.php\/wp-json\/wp\/v2\/comments?post=4788"}],"version-history":[{"count":2,"href":"https:\/\/arealorcaradio.es\/index.php\/wp-json\/wp\/v2\/posts\/4788\/revisions"}],"predecessor-version":[{"id":4793,"href":"https:\/\/arealorcaradio.es\/index.php\/wp-json\/wp\/v2\/posts\/4788\/revisions\/4793"}],"wp:featuredmedia":[{"embeddable":true,"href":"https:\/\/arealorcaradio.es\/index.php\/wp-json\/wp\/v2\/media\/4790"}],"wp:attachment":[{"href":"https:\/\/arealorcaradio.es\/index.php\/wp-json\/wp\/v2\/media?parent=4788"}],"wp:term":[{"taxonomy":"category","embeddable":true,"href":"https:\/\/arealorcaradio.es\/index.php\/wp-json\/wp\/v2\/categories?post=4788"},{"taxonomy":"post_tag","embeddable":true,"href":"https:\/\/arealorcaradio.es\/index.php\/wp-json\/wp\/v2\/tags?post=4788"}],"curies":[{"name":"wp","href":"https:\/\/api.w.org\/{rel}","templated":true}]}}