{"id":4775,"date":"2024-11-25T17:41:36","date_gmt":"2024-11-25T17:41:36","guid":{"rendered":"https:\/\/arealorcaradio.es\/?p=4775"},"modified":"2024-11-25T17:41:36","modified_gmt":"2024-11-25T17:41:36","slug":"junior-chourio-deje-colombia-y-a-mi-familia-con-el-objetivo-de-cumplir-mi-sueno-de-ser-futbolista","status":"publish","type":"post","link":"https:\/\/arealorcaradio.es\/index.php\/2024\/11\/25\/junior-chourio-deje-colombia-y-a-mi-familia-con-el-objetivo-de-cumplir-mi-sueno-de-ser-futbolista\/","title":{"rendered":"Junior Chourio: \u00abDeje Colombia y a mi familia con el objetivo de cumplir mi sue\u00f1o de ser futbolista\u00bb"},"content":{"rendered":"<p><strong>\u00c1REA LORCA RADIO. 25-11-24.<\/strong><\/p>\n<p>Escucha aqu\u00ed la entrevista que ha concedido a Paco S\u00e1nchez en el programa \u00c1rea Lorca Deportes el futbolista Junior Chourio, que a sus 21 a\u00f1os comienza a apuntar muy buenas maneras cara a un futuro en el primer equipo del Lorca Deportiva. Este s\u00e1bado frente al Mule\u00f1o CF salt\u00f3 al campo en la segunda parte tras el descanso y su actuaci\u00f3n fue importante cara a la victoria final del equipo en el tramo final del partido con un doblete de Carrasco. Actualmente tiene ficha con el equipo filial del Lorca Deportiva que milita en Preferente Auton\u00f3mica.<\/p>\n<p>En esta entrevista nos cuenta cual es su sue\u00f1o que le llev\u00f3 a tomar la decisi\u00f3n mas importante de su vida, dejar a su familia y pa\u00eds natal Colombia, en busca de su sue\u00f1o, ser futbolista.<\/p>\n<audio class=\"wp-audio-shortcode\" id=\"audio-4775-1\" preload=\"none\" style=\"width: 100%;\" controls=\"controls\"><source type=\"audio\/mpeg\" src=\"https:\/\/arealorcaradio.es\/wp-content\/uploads\/2024\/11\/251124-JUNIOR-CHOURIO.-ESTUDIO-POST-MULENO.mp3?_=1\" \/><a href=\"https:\/\/arealorcaradio.es\/wp-content\/uploads\/2024\/11\/251124-JUNIOR-CHOURIO.-ESTUDIO-POST-MULENO.mp3\">https:\/\/arealorcaradio.es\/wp-content\/uploads\/2024\/11\/251124-JUNIOR-CHOURIO.-ESTUDIO-POST-MULENO.mp3<\/a><\/audio>\n<p><img loading=\"lazy\" decoding=\"async\" class=\"alignnone size-medium wp-image-4779\" src=\"https:\/\/arealorcaradio.es\/wp-content\/uploads\/2024\/11\/20241125_121939-300x225.jpg\" alt=\"\" width=\"300\" height=\"225\" srcset=\"https:\/\/arealorcaradio.es\/wp-content\/uploads\/2024\/11\/20241125_121939-300x225.jpg 300w, https:\/\/arealorcaradio.es\/wp-content\/uploads\/2024\/11\/20241125_121939-1024x768.jpg 1024w, https:\/\/arealorcaradio.es\/wp-content\/uploads\/2024\/11\/20241125_121939-768x576.jpg 768w, https:\/\/arealorcaradio.es\/wp-content\/uploads\/2024\/11\/20241125_121939-1536x1152.jpg 1536w, https:\/\/arealorcaradio.es\/wp-content\/uploads\/2024\/11\/20241125_121939-2048x1536.jpg 2048w, https:\/\/arealorcaradio.es\/wp-content\/uploads\/2024\/11\/20241125_121939-86x64.jpg 86w\" sizes=\"auto, (max-width: 300px) 100vw, 300px\" \/> <img loading=\"lazy\" decoding=\"async\" class=\"alignnone size-medium wp-image-4780\" src=\"https:\/\/arealorcaradio.es\/wp-content\/uploads\/2024\/11\/IMG-20241125-WA0058-300x225.jpg\" alt=\"\" width=\"300\" height=\"225\" srcset=\"https:\/\/arealorcaradio.es\/wp-content\/uploads\/2024\/11\/IMG-20241125-WA0058-300x225.jpg 300w, https:\/\/arealorcaradio.es\/wp-content\/uploads\/2024\/11\/IMG-20241125-WA0058-1024x768.jpg 1024w, https:\/\/arealorcaradio.es\/wp-content\/uploads\/2024\/11\/IMG-20241125-WA0058-768x576.jpg 768w, https:\/\/arealorcaradio.es\/wp-content\/uploads\/2024\/11\/IMG-20241125-WA0058-1536x1152.jpg 1536w, https:\/\/arealorcaradio.es\/wp-content\/uploads\/2024\/11\/IMG-20241125-WA0058-2048x1536.jpg 2048w, https:\/\/arealorcaradio.es\/wp-content\/uploads\/2024\/11\/IMG-20241125-WA0058-86x64.jpg 86w\" sizes=\"auto, (max-width: 300px) 100vw, 300px\" \/><\/p>\n<p>&nbsp;<\/p>\n","protected":false},"excerpt":{"rendered":"<p>\u00c1REA LORCA RADIO. 25-11-24. Escucha aqu\u00ed la entrevista que ha concedido a Paco S\u00e1nchez en el programa \u00c1rea Lorca Deportes el futbolista Junior Chourio, que a sus 21 a\u00f1os comienza a apuntar muy buenas maneras cara a un futuro en el primer equipo del Lorca Deportiva. Este s\u00e1bado frente al Mule\u00f1o CF salt\u00f3 al campo [&hellip;]<\/p>\n","protected":false},"author":1,"featured_media":4777,"comment_status":"open","ping_status":"open","sticky":false,"template":"","format":"standard","meta":{"iawp_total_views":339,"footnotes":""},"categories":[4,7],"tags":[],"class_list":["post-4775","post","type-post","status-publish","format-standard","has-post-thumbnail","hentry","category-deportes","category-lorca"],"yoast_head":"<!-- This site is optimized with the Yoast SEO plugin v27.5 - https:\/\/yoast.com\/product\/yoast-seo-wordpress\/ -->\n<title>Junior Chourio: &quot;Deje Colombia y a mi familia con el objetivo de cumplir mi sue\u00f1o de ser futbolista&quot; - AREA LORCA RADIO<\/title>\n<meta name=\"robots\" content=\"index, follow, max-snippet:-1, max-image-preview:large, max-video-preview:-1\" \/>\n<link rel=\"canonical\" href=\"https:\/\/arealorcaradio.es\/index.php\/2024\/11\/25\/junior-chourio-deje-colombia-y-a-mi-familia-con-el-objetivo-de-cumplir-mi-sueno-de-ser-futbolista\/\" \/>\n<meta property=\"og:locale\" content=\"es_ES\" \/>\n<meta property=\"og:type\" content=\"article\" \/>\n<meta property=\"og:title\" content=\"Junior Chourio: &quot;Deje Colombia y a mi familia con el objetivo de cumplir mi sue\u00f1o de ser futbolista&quot; - AREA LORCA RADIO\" \/>\n<meta property=\"og:description\" content=\"\u00c1REA LORCA RADIO. 25-11-24. Escucha aqu\u00ed la entrevista que ha concedido a Paco S\u00e1nchez en el programa \u00c1rea Lorca Deportes el futbolista Junior Chourio, que a sus 21 a\u00f1os comienza a apuntar muy buenas maneras cara a un futuro en el primer equipo del Lorca Deportiva. Este s\u00e1bado frente al Mule\u00f1o CF salt\u00f3 al campo [&hellip;]\" \/>\n<meta property=\"og:url\" content=\"https:\/\/arealorcaradio.es\/index.php\/2024\/11\/25\/junior-chourio-deje-colombia-y-a-mi-familia-con-el-objetivo-de-cumplir-mi-sueno-de-ser-futbolista\/\" \/>\n<meta property=\"og:site_name\" content=\"AREA LORCA RADIO\" \/>\n<meta property=\"article:published_time\" content=\"2024-11-25T17:41:36+00:00\" \/>\n<meta property=\"og:image\" content=\"https:\/\/arealorcaradio.es\/wp-content\/uploads\/2024\/11\/IMG-20241125-WA0057-scaled.jpg\" \/>\n\t<meta property=\"og:image:width\" content=\"2560\" \/>\n\t<meta property=\"og:image:height\" content=\"1920\" \/>\n\t<meta property=\"og:image:type\" content=\"image\/jpeg\" \/>\n<meta name=\"author\" content=\"Paco S\u00e1nchez\" \/>\n<meta name=\"twitter:card\" content=\"summary_large_image\" \/>\n<meta name=\"twitter:label1\" content=\"Escrito por\" \/>\n\t<meta name=\"twitter:data1\" content=\"Paco S\u00e1nchez\" \/>\n\t<meta name=\"twitter:label2\" content=\"Tiempo de lectura\" \/>\n\t<meta name=\"twitter:data2\" content=\"2 minutos\" \/>\n<script type=\"application\/ld+json\" class=\"yoast-schema-graph\">{\"@context\":\"https:\\\/\\\/schema.org\",\"@graph\":[{\"@type\":\"Article\",\"@id\":\"https:\\\/\\\/arealorcaradio.es\\\/index.php\\\/2024\\\/11\\\/25\\\/junior-chourio-deje-colombia-y-a-mi-familia-con-el-objetivo-de-cumplir-mi-sueno-de-ser-futbolista\\\/#article\",\"isPartOf\":{\"@id\":\"https:\\\/\\\/arealorcaradio.es\\\/index.php\\\/2024\\\/11\\\/25\\\/junior-chourio-deje-colombia-y-a-mi-familia-con-el-objetivo-de-cumplir-mi-sueno-de-ser-futbolista\\\/\"},\"author\":{\"name\":\"Paco S\u00e1nchez\",\"@id\":\"https:\\\/\\\/arealorcaradio.es\\\/#\\\/schema\\\/person\\\/9fae605fc25b0f2c83c1ab207139bd27\"},\"headline\":\"Junior Chourio: \u00abDeje Colombia y a mi familia con el objetivo de cumplir mi sue\u00f1o de ser futbolista\u00bb\",\"datePublished\":\"2024-11-25T17:41:36+00:00\",\"mainEntityOfPage\":{\"@id\":\"https:\\\/\\\/arealorcaradio.es\\\/index.php\\\/2024\\\/11\\\/25\\\/junior-chourio-deje-colombia-y-a-mi-familia-con-el-objetivo-de-cumplir-mi-sueno-de-ser-futbolista\\\/\"},\"wordCount\":177,\"commentCount\":0,\"image\":{\"@id\":\"https:\\\/\\\/arealorcaradio.es\\\/index.php\\\/2024\\\/11\\\/25\\\/junior-chourio-deje-colombia-y-a-mi-familia-con-el-objetivo-de-cumplir-mi-sueno-de-ser-futbolista\\\/#primaryimage\"},\"thumbnailUrl\":\"https:\\\/\\\/arealorcaradio.es\\\/wp-content\\\/uploads\\\/2024\\\/11\\\/IMG-20241125-WA0057-scaled.jpg\",\"articleSection\":[\"DEPORTES\",\"LORCA\"],\"inLanguage\":\"es\",\"potentialAction\":[{\"@type\":\"CommentAction\",\"name\":\"Comment\",\"target\":[\"https:\\\/\\\/arealorcaradio.es\\\/index.php\\\/2024\\\/11\\\/25\\\/junior-chourio-deje-colombia-y-a-mi-familia-con-el-objetivo-de-cumplir-mi-sueno-de-ser-futbolista\\\/#respond\"]}]},{\"@type\":\"WebPage\",\"@id\":\"https:\\\/\\\/arealorcaradio.es\\\/index.php\\\/2024\\\/11\\\/25\\\/junior-chourio-deje-colombia-y-a-mi-familia-con-el-objetivo-de-cumplir-mi-sueno-de-ser-futbolista\\\/\",\"url\":\"https:\\\/\\\/arealorcaradio.es\\\/index.php\\\/2024\\\/11\\\/25\\\/junior-chourio-deje-colombia-y-a-mi-familia-con-el-objetivo-de-cumplir-mi-sueno-de-ser-futbolista\\\/\",\"name\":\"Junior Chourio: \\\"Deje Colombia y a mi familia con el objetivo de cumplir mi sue\u00f1o de ser futbolista\\\" - AREA LORCA RADIO\",\"isPartOf\":{\"@id\":\"https:\\\/\\\/arealorcaradio.es\\\/#website\"},\"primaryImageOfPage\":{\"@id\":\"https:\\\/\\\/arealorcaradio.es\\\/index.php\\\/2024\\\/11\\\/25\\\/junior-chourio-deje-colombia-y-a-mi-familia-con-el-objetivo-de-cumplir-mi-sueno-de-ser-futbolista\\\/#primaryimage\"},\"image\":{\"@id\":\"https:\\\/\\\/arealorcaradio.es\\\/index.php\\\/2024\\\/11\\\/25\\\/junior-chourio-deje-colombia-y-a-mi-familia-con-el-objetivo-de-cumplir-mi-sueno-de-ser-futbolista\\\/#primaryimage\"},\"thumbnailUrl\":\"https:\\\/\\\/arealorcaradio.es\\\/wp-content\\\/uploads\\\/2024\\\/11\\\/IMG-20241125-WA0057-scaled.jpg\",\"datePublished\":\"2024-11-25T17:41:36+00:00\",\"author\":{\"@id\":\"https:\\\/\\\/arealorcaradio.es\\\/#\\\/schema\\\/person\\\/9fae605fc25b0f2c83c1ab207139bd27\"},\"breadcrumb\":{\"@id\":\"https:\\\/\\\/arealorcaradio.es\\\/index.php\\\/2024\\\/11\\\/25\\\/junior-chourio-deje-colombia-y-a-mi-familia-con-el-objetivo-de-cumplir-mi-sueno-de-ser-futbolista\\\/#breadcrumb\"},\"inLanguage\":\"es\",\"potentialAction\":[{\"@type\":\"ReadAction\",\"target\":[\"https:\\\/\\\/arealorcaradio.es\\\/index.php\\\/2024\\\/11\\\/25\\\/junior-chourio-deje-colombia-y-a-mi-familia-con-el-objetivo-de-cumplir-mi-sueno-de-ser-futbolista\\\/\"]}]},{\"@type\":\"ImageObject\",\"inLanguage\":\"es\",\"@id\":\"https:\\\/\\\/arealorcaradio.es\\\/index.php\\\/2024\\\/11\\\/25\\\/junior-chourio-deje-colombia-y-a-mi-familia-con-el-objetivo-de-cumplir-mi-sueno-de-ser-futbolista\\\/#primaryimage\",\"url\":\"https:\\\/\\\/arealorcaradio.es\\\/wp-content\\\/uploads\\\/2024\\\/11\\\/IMG-20241125-WA0057-scaled.jpg\",\"contentUrl\":\"https:\\\/\\\/arealorcaradio.es\\\/wp-content\\\/uploads\\\/2024\\\/11\\\/IMG-20241125-WA0057-scaled.jpg\",\"width\":2560,\"height\":1920},{\"@type\":\"BreadcrumbList\",\"@id\":\"https:\\\/\\\/arealorcaradio.es\\\/index.php\\\/2024\\\/11\\\/25\\\/junior-chourio-deje-colombia-y-a-mi-familia-con-el-objetivo-de-cumplir-mi-sueno-de-ser-futbolista\\\/#breadcrumb\",\"itemListElement\":[{\"@type\":\"ListItem\",\"position\":1,\"name\":\"Portada\",\"item\":\"https:\\\/\\\/arealorcaradio.es\\\/\"},{\"@type\":\"ListItem\",\"position\":2,\"name\":\"Junior Chourio: \u00abDeje Colombia y a mi familia con el objetivo de cumplir mi sue\u00f1o de ser futbolista\u00bb\"}]},{\"@type\":\"WebSite\",\"@id\":\"https:\\\/\\\/arealorcaradio.es\\\/#website\",\"url\":\"https:\\\/\\\/arealorcaradio.es\\\/\",\"name\":\"AREA LORCA RADIO\",\"description\":\"Descubre la programaci\u00f3n actual en \u00c1rea Lorca Radio, tu fuente de entrenamiento y noticias locales. Sintoniza ahora y mantente conectado online.\",\"potentialAction\":[{\"@type\":\"SearchAction\",\"target\":{\"@type\":\"EntryPoint\",\"urlTemplate\":\"https:\\\/\\\/arealorcaradio.es\\\/?s={search_term_string}\"},\"query-input\":{\"@type\":\"PropertyValueSpecification\",\"valueRequired\":true,\"valueName\":\"search_term_string\"}}],\"inLanguage\":\"es\"},{\"@type\":\"Person\",\"@id\":\"https:\\\/\\\/arealorcaradio.es\\\/#\\\/schema\\\/person\\\/9fae605fc25b0f2c83c1ab207139bd27\",\"name\":\"Paco S\u00e1nchez\",\"image\":{\"@type\":\"ImageObject\",\"inLanguage\":\"es\",\"@id\":\"https:\\\/\\\/secure.gravatar.com\\\/avatar\\\/d67144e966420fb74aa84c9f2a0103be4724fd14db52b52d3b6bca749f257e79?s=96&d=mm&r=g\",\"url\":\"https:\\\/\\\/secure.gravatar.com\\\/avatar\\\/d67144e966420fb74aa84c9f2a0103be4724fd14db52b52d3b6bca749f257e79?s=96&d=mm&r=g\",\"contentUrl\":\"https:\\\/\\\/secure.gravatar.com\\\/avatar\\\/d67144e966420fb74aa84c9f2a0103be4724fd14db52b52d3b6bca749f257e79?s=96&d=mm&r=g\",\"caption\":\"Paco S\u00e1nchez\"},\"sameAs\":[\"https:\\\/\\\/arealorcaradio.es\"],\"url\":\"https:\\\/\\\/arealorcaradio.es\\\/index.php\\\/author\\\/admin_alorcaradio\\\/\"}]}<\/script>\n<!-- \/ Yoast SEO plugin. -->","yoast_head_json":{"title":"Junior Chourio: \"Deje Colombia y a mi familia con el objetivo de cumplir mi sue\u00f1o de ser futbolista\" - AREA LORCA RADIO","robots":{"index":"index","follow":"follow","max-snippet":"max-snippet:-1","max-image-preview":"max-image-preview:large","max-video-preview":"max-video-preview:-1"},"canonical":"https:\/\/arealorcaradio.es\/index.php\/2024\/11\/25\/junior-chourio-deje-colombia-y-a-mi-familia-con-el-objetivo-de-cumplir-mi-sueno-de-ser-futbolista\/","og_locale":"es_ES","og_type":"article","og_title":"Junior Chourio: \"Deje Colombia y a mi familia con el objetivo de cumplir mi sue\u00f1o de ser futbolista\" - AREA LORCA RADIO","og_description":"\u00c1REA LORCA RADIO. 25-11-24. Escucha aqu\u00ed la entrevista que ha concedido a Paco S\u00e1nchez en el programa \u00c1rea Lorca Deportes el futbolista Junior Chourio, que a sus 21 a\u00f1os comienza a apuntar muy buenas maneras cara a un futuro en el primer equipo del Lorca Deportiva. Este s\u00e1bado frente al Mule\u00f1o CF salt\u00f3 al campo [&hellip;]","og_url":"https:\/\/arealorcaradio.es\/index.php\/2024\/11\/25\/junior-chourio-deje-colombia-y-a-mi-familia-con-el-objetivo-de-cumplir-mi-sueno-de-ser-futbolista\/","og_site_name":"AREA LORCA RADIO","article_published_time":"2024-11-25T17:41:36+00:00","og_image":[{"width":2560,"height":1920,"url":"https:\/\/arealorcaradio.es\/wp-content\/uploads\/2024\/11\/IMG-20241125-WA0057-scaled.jpg","type":"image\/jpeg"}],"author":"Paco S\u00e1nchez","twitter_card":"summary_large_image","twitter_misc":{"Escrito por":"Paco S\u00e1nchez","Tiempo de lectura":"2 minutos"},"schema":{"@context":"https:\/\/schema.org","@graph":[{"@type":"Article","@id":"https:\/\/arealorcaradio.es\/index.php\/2024\/11\/25\/junior-chourio-deje-colombia-y-a-mi-familia-con-el-objetivo-de-cumplir-mi-sueno-de-ser-futbolista\/#article","isPartOf":{"@id":"https:\/\/arealorcaradio.es\/index.php\/2024\/11\/25\/junior-chourio-deje-colombia-y-a-mi-familia-con-el-objetivo-de-cumplir-mi-sueno-de-ser-futbolista\/"},"author":{"name":"Paco S\u00e1nchez","@id":"https:\/\/arealorcaradio.es\/#\/schema\/person\/9fae605fc25b0f2c83c1ab207139bd27"},"headline":"Junior Chourio: \u00abDeje Colombia y a mi familia con el objetivo de cumplir mi sue\u00f1o de ser futbolista\u00bb","datePublished":"2024-11-25T17:41:36+00:00","mainEntityOfPage":{"@id":"https:\/\/arealorcaradio.es\/index.php\/2024\/11\/25\/junior-chourio-deje-colombia-y-a-mi-familia-con-el-objetivo-de-cumplir-mi-sueno-de-ser-futbolista\/"},"wordCount":177,"commentCount":0,"image":{"@id":"https:\/\/arealorcaradio.es\/index.php\/2024\/11\/25\/junior-chourio-deje-colombia-y-a-mi-familia-con-el-objetivo-de-cumplir-mi-sueno-de-ser-futbolista\/#primaryimage"},"thumbnailUrl":"https:\/\/arealorcaradio.es\/wp-content\/uploads\/2024\/11\/IMG-20241125-WA0057-scaled.jpg","articleSection":["DEPORTES","LORCA"],"inLanguage":"es","potentialAction":[{"@type":"CommentAction","name":"Comment","target":["https:\/\/arealorcaradio.es\/index.php\/2024\/11\/25\/junior-chourio-deje-colombia-y-a-mi-familia-con-el-objetivo-de-cumplir-mi-sueno-de-ser-futbolista\/#respond"]}]},{"@type":"WebPage","@id":"https:\/\/arealorcaradio.es\/index.php\/2024\/11\/25\/junior-chourio-deje-colombia-y-a-mi-familia-con-el-objetivo-de-cumplir-mi-sueno-de-ser-futbolista\/","url":"https:\/\/arealorcaradio.es\/index.php\/2024\/11\/25\/junior-chourio-deje-colombia-y-a-mi-familia-con-el-objetivo-de-cumplir-mi-sueno-de-ser-futbolista\/","name":"Junior Chourio: \"Deje Colombia y a mi familia con el objetivo de cumplir mi sue\u00f1o de ser futbolista\" - AREA LORCA RADIO","isPartOf":{"@id":"https:\/\/arealorcaradio.es\/#website"},"primaryImageOfPage":{"@id":"https:\/\/arealorcaradio.es\/index.php\/2024\/11\/25\/junior-chourio-deje-colombia-y-a-mi-familia-con-el-objetivo-de-cumplir-mi-sueno-de-ser-futbolista\/#primaryimage"},"image":{"@id":"https:\/\/arealorcaradio.es\/index.php\/2024\/11\/25\/junior-chourio-deje-colombia-y-a-mi-familia-con-el-objetivo-de-cumplir-mi-sueno-de-ser-futbolista\/#primaryimage"},"thumbnailUrl":"https:\/\/arealorcaradio.es\/wp-content\/uploads\/2024\/11\/IMG-20241125-WA0057-scaled.jpg","datePublished":"2024-11-25T17:41:36+00:00","author":{"@id":"https:\/\/arealorcaradio.es\/#\/schema\/person\/9fae605fc25b0f2c83c1ab207139bd27"},"breadcrumb":{"@id":"https:\/\/arealorcaradio.es\/index.php\/2024\/11\/25\/junior-chourio-deje-colombia-y-a-mi-familia-con-el-objetivo-de-cumplir-mi-sueno-de-ser-futbolista\/#breadcrumb"},"inLanguage":"es","potentialAction":[{"@type":"ReadAction","target":["https:\/\/arealorcaradio.es\/index.php\/2024\/11\/25\/junior-chourio-deje-colombia-y-a-mi-familia-con-el-objetivo-de-cumplir-mi-sueno-de-ser-futbolista\/"]}]},{"@type":"ImageObject","inLanguage":"es","@id":"https:\/\/arealorcaradio.es\/index.php\/2024\/11\/25\/junior-chourio-deje-colombia-y-a-mi-familia-con-el-objetivo-de-cumplir-mi-sueno-de-ser-futbolista\/#primaryimage","url":"https:\/\/arealorcaradio.es\/wp-content\/uploads\/2024\/11\/IMG-20241125-WA0057-scaled.jpg","contentUrl":"https:\/\/arealorcaradio.es\/wp-content\/uploads\/2024\/11\/IMG-20241125-WA0057-scaled.jpg","width":2560,"height":1920},{"@type":"BreadcrumbList","@id":"https:\/\/arealorcaradio.es\/index.php\/2024\/11\/25\/junior-chourio-deje-colombia-y-a-mi-familia-con-el-objetivo-de-cumplir-mi-sueno-de-ser-futbolista\/#breadcrumb","itemListElement":[{"@type":"ListItem","position":1,"name":"Portada","item":"https:\/\/arealorcaradio.es\/"},{"@type":"ListItem","position":2,"name":"Junior Chourio: \u00abDeje Colombia y a mi familia con el objetivo de cumplir mi sue\u00f1o de ser futbolista\u00bb"}]},{"@type":"WebSite","@id":"https:\/\/arealorcaradio.es\/#website","url":"https:\/\/arealorcaradio.es\/","name":"AREA LORCA RADIO","description":"Descubre la programaci\u00f3n actual en \u00c1rea Lorca Radio, tu fuente de entrenamiento y noticias locales. Sintoniza ahora y mantente conectado online.","potentialAction":[{"@type":"SearchAction","target":{"@type":"EntryPoint","urlTemplate":"https:\/\/arealorcaradio.es\/?s={search_term_string}"},"query-input":{"@type":"PropertyValueSpecification","valueRequired":true,"valueName":"search_term_string"}}],"inLanguage":"es"},{"@type":"Person","@id":"https:\/\/arealorcaradio.es\/#\/schema\/person\/9fae605fc25b0f2c83c1ab207139bd27","name":"Paco S\u00e1nchez","image":{"@type":"ImageObject","inLanguage":"es","@id":"https:\/\/secure.gravatar.com\/avatar\/d67144e966420fb74aa84c9f2a0103be4724fd14db52b52d3b6bca749f257e79?s=96&d=mm&r=g","url":"https:\/\/secure.gravatar.com\/avatar\/d67144e966420fb74aa84c9f2a0103be4724fd14db52b52d3b6bca749f257e79?s=96&d=mm&r=g","contentUrl":"https:\/\/secure.gravatar.com\/avatar\/d67144e966420fb74aa84c9f2a0103be4724fd14db52b52d3b6bca749f257e79?s=96&d=mm&r=g","caption":"Paco S\u00e1nchez"},"sameAs":["https:\/\/arealorcaradio.es"],"url":"https:\/\/arealorcaradio.es\/index.php\/author\/admin_alorcaradio\/"}]}},"_links":{"self":[{"href":"https:\/\/arealorcaradio.es\/index.php\/wp-json\/wp\/v2\/posts\/4775","targetHints":{"allow":["GET"]}}],"collection":[{"href":"https:\/\/arealorcaradio.es\/index.php\/wp-json\/wp\/v2\/posts"}],"about":[{"href":"https:\/\/arealorcaradio.es\/index.php\/wp-json\/wp\/v2\/types\/post"}],"author":[{"embeddable":true,"href":"https:\/\/arealorcaradio.es\/index.php\/wp-json\/wp\/v2\/users\/1"}],"replies":[{"embeddable":true,"href":"https:\/\/arealorcaradio.es\/index.php\/wp-json\/wp\/v2\/comments?post=4775"}],"version-history":[{"count":3,"href":"https:\/\/arealorcaradio.es\/index.php\/wp-json\/wp\/v2\/posts\/4775\/revisions"}],"predecessor-version":[{"id":4782,"href":"https:\/\/arealorcaradio.es\/index.php\/wp-json\/wp\/v2\/posts\/4775\/revisions\/4782"}],"wp:featuredmedia":[{"embeddable":true,"href":"https:\/\/arealorcaradio.es\/index.php\/wp-json\/wp\/v2\/media\/4777"}],"wp:attachment":[{"href":"https:\/\/arealorcaradio.es\/index.php\/wp-json\/wp\/v2\/media?parent=4775"}],"wp:term":[{"taxonomy":"category","embeddable":true,"href":"https:\/\/arealorcaradio.es\/index.php\/wp-json\/wp\/v2\/categories?post=4775"},{"taxonomy":"post_tag","embeddable":true,"href":"https:\/\/arealorcaradio.es\/index.php\/wp-json\/wp\/v2\/tags?post=4775"}],"curies":[{"name":"wp","href":"https:\/\/api.w.org\/{rel}","templated":true}]}}