{"id":4759,"date":"2024-11-21T16:16:54","date_gmt":"2024-11-21T16:16:54","guid":{"rendered":"https:\/\/arealorcaradio.es\/?p=4759"},"modified":"2024-11-21T16:16:54","modified_gmt":"2024-11-21T16:16:54","slug":"el-casco-antiguo-de-lorca-acogera-hasta-el-domingo-el-mercado-medieval-de-las-fiestas-de-san-clemente","status":"publish","type":"post","link":"https:\/\/arealorcaradio.es\/index.php\/2024\/11\/21\/el-casco-antiguo-de-lorca-acogera-hasta-el-domingo-el-mercado-medieval-de-las-fiestas-de-san-clemente\/","title":{"rendered":"El casco antiguo de Lorca acoger\u00e1 hasta el domingo el Mercado Medieval de las fiestas de San Clemente\u00a0"},"content":{"rendered":"<p>\u00c1REA LORCA RADIO.<\/p>\n<p><strong>21 de noviembre de 2024.<\/strong> El alcalde de Lorca, Fulgencio Gil J\u00f3dar, y el Presidente de la Federaci\u00f3n San Clemente, Luis Antonio Torres del Alc\u00e1zar, han inaugurado este jueves el Mercado Medieval, que tiene lugar con motivo de las fiestas del patr\u00f3n de la ciudad, San Clemente, y que est\u00e1 instalado en pleno coraz\u00f3n del casco hist\u00f3rico, aprovechando el magn\u00edfico escenario que brinda nuestro espectacular patrimonio monumental. Estar\u00e1 abierto hasta el 24 de noviembre desde la ma\u00f1ana y hasta que haya afluencia de p\u00fablico en la noche.<\/p>\n<p>Fulgencio Gil \u00a0ha informado que \u201cconcretamente, el Mercado Medieval se ha instalado en la zona m\u00e1s antigua de la ciudad como forma de dinamizaci\u00f3n del casco hist\u00f3rico lorquino, al tiempo que ofrecer\u00e1 un marco m\u00e1s que emblem\u00e1tico para su desarrollo. Est\u00e1 ubicado en Plaza de Espa\u00f1a, Calle \u00c1lamo, Santiago, Plaza de Santiago, Juan II, Plaza de San Vicente y calle Corredera por lo que se trata de un Mercado Medieval que est\u00e1 instalado en calles y espacios existentes ya en el propio Medievo.<\/p>\n<p>El primer edil ha destacado que \u201cm\u00e1s de 120 artesanos procedentes de toda la geograf\u00eda nacional estar\u00e1n a disposici\u00f3n de los visitantes. En ellos podremos encontrar productos gastron\u00f3micos como quesos, embutidos, sobrasada, pat\u00e9s, panader\u00eda, pasteler\u00eda,\u2026, as\u00ed como productos artesanos de macram\u00e9, corcho y resina, joyer\u00eda, juguetes de madera, cosm\u00e9tica natural y un largo etc\u00e9tera. Habr\u00e1 tambi\u00e9n tabernas para degustar productos a la brasa, empanadillas y cervezas artesanas.<\/p>\n<p>Los m\u00e1s peque\u00f1os tambi\u00e9n tienen su espacio en este Mercado Medieval, ya que se llevar\u00e1n a cabo mesas de juegos did\u00e1cticos, talleres infantiles donde podr\u00e1n pintar cofres y mascaras, atracciones y cuenta cuentos. Asimismo, tambi\u00e9n habr\u00e1 m\u00fasica en directo con el grupo Los Turdiones, exposici\u00f3n de aperos y trajes de la \u00e9poca, y un trono donde los visitantes podr\u00e1n hacerse fotos vestidos con capas y espada.<\/p>\n<p>Y ha a\u00f1adido que como novedad, encontraremos el taller de herrer\u00eda y taller de alfarer\u00eda, el cual ofrecer\u00e1 \u00a0exhibiciones del oficio en directo y gran variedad de talleres, actuaciones itinerantes (zancudos, acrobacia a\u00e9rea, espect\u00e1culo con fuego), actores tematizados de personajes de la \u00e9poca realizando pasacalles e interactuando con el p\u00fablico,\u00a0<strong>granja medieval con paseo de ocas<\/strong> y burritos, cetrer\u00eda con exhibici\u00f3n de vuelo\u00a0de aves, zoco \u00e1rabe, demostraci\u00f3n a cargo de la asociaci\u00f3n de esgrima SAAXM y pasacalles con el\u00a0drag\u00f3n medieval.<\/p>\n<p><img loading=\"lazy\" decoding=\"async\" class=\"alignnone size-medium wp-image-4760\" src=\"https:\/\/arealorcaradio.es\/wp-content\/uploads\/2024\/11\/MERCADO-MEDIEVAL-3-300x200.jpeg\" alt=\"\" width=\"300\" height=\"200\" srcset=\"https:\/\/arealorcaradio.es\/wp-content\/uploads\/2024\/11\/MERCADO-MEDIEVAL-3-300x200.jpeg 300w, https:\/\/arealorcaradio.es\/wp-content\/uploads\/2024\/11\/MERCADO-MEDIEVAL-3-1024x683.jpeg 1024w, https:\/\/arealorcaradio.es\/wp-content\/uploads\/2024\/11\/MERCADO-MEDIEVAL-3-768x512.jpeg 768w, https:\/\/arealorcaradio.es\/wp-content\/uploads\/2024\/11\/MERCADO-MEDIEVAL-3-1536x1024.jpeg 1536w, https:\/\/arealorcaradio.es\/wp-content\/uploads\/2024\/11\/MERCADO-MEDIEVAL-3-2048x1365.jpeg 2048w\" sizes=\"auto, (max-width: 300px) 100vw, 300px\" \/><\/p>\n<p>Gil J\u00f3dar ha se\u00f1alado que \u201cgracias a este mercado podremos revivir la era medieval recorriendo un espacio de ocio que ofrece gran cantidad de atractivos, desde los comerciales hasta los gastron\u00f3micos, y que adem\u00e1s compartir\u00e1 con lorquinos y visitantes un gran n\u00famero de actividades especiales con el fin de celebrar las fiestas de nuestro Patr\u00f3n. Desde el Ayuntamiento de Lorca animamos a lorquinos y visitantes a que visiten este Mercado y disfruten del mismo en pleno casco hist\u00f3rico de la ciudad y, concretamente, en un espacio monumental sin comparaci\u00f3n en toda Espa\u00f1a\u201d.<\/p>\n","protected":false},"excerpt":{"rendered":"<p>\u00c1REA LORCA RADIO. 21 de noviembre de 2024. El alcalde de Lorca, Fulgencio Gil J\u00f3dar, y el Presidente de la Federaci\u00f3n San Clemente, Luis Antonio Torres del Alc\u00e1zar, han inaugurado este jueves el Mercado Medieval, que tiene lugar con motivo de las fiestas del patr\u00f3n de la ciudad, San Clemente, y que est\u00e1 instalado en [&hellip;]<\/p>\n","protected":false},"author":1,"featured_media":4761,"comment_status":"open","ping_status":"open","sticky":false,"template":"","format":"standard","meta":{"iawp_total_views":11,"footnotes":""},"categories":[5,7],"tags":[],"class_list":["post-4759","post","type-post","status-publish","format-standard","has-post-thumbnail","hentry","category-actualidad","category-lorca"],"yoast_head":"<!-- This site is optimized with the Yoast SEO plugin v27.5 - https:\/\/yoast.com\/product\/yoast-seo-wordpress\/ -->\n<title>El casco antiguo de Lorca acoger\u00e1 hasta el domingo el Mercado Medieval de las fiestas de San Clemente\u00a0 - AREA LORCA RADIO<\/title>\n<meta name=\"robots\" content=\"index, follow, max-snippet:-1, max-image-preview:large, max-video-preview:-1\" \/>\n<link rel=\"canonical\" href=\"https:\/\/arealorcaradio.es\/index.php\/2024\/11\/21\/el-casco-antiguo-de-lorca-acogera-hasta-el-domingo-el-mercado-medieval-de-las-fiestas-de-san-clemente\/\" \/>\n<meta property=\"og:locale\" content=\"es_ES\" \/>\n<meta property=\"og:type\" content=\"article\" \/>\n<meta property=\"og:title\" content=\"El casco antiguo de Lorca acoger\u00e1 hasta el domingo el Mercado Medieval de las fiestas de San Clemente\u00a0 - AREA LORCA RADIO\" \/>\n<meta property=\"og:description\" content=\"\u00c1REA LORCA RADIO. 21 de noviembre de 2024. El alcalde de Lorca, Fulgencio Gil J\u00f3dar, y el Presidente de la Federaci\u00f3n San Clemente, Luis Antonio Torres del Alc\u00e1zar, han inaugurado este jueves el Mercado Medieval, que tiene lugar con motivo de las fiestas del patr\u00f3n de la ciudad, San Clemente, y que est\u00e1 instalado en [&hellip;]\" \/>\n<meta property=\"og:url\" content=\"https:\/\/arealorcaradio.es\/index.php\/2024\/11\/21\/el-casco-antiguo-de-lorca-acogera-hasta-el-domingo-el-mercado-medieval-de-las-fiestas-de-san-clemente\/\" \/>\n<meta property=\"og:site_name\" content=\"AREA LORCA RADIO\" \/>\n<meta property=\"article:published_time\" content=\"2024-11-21T16:16:54+00:00\" \/>\n<meta property=\"og:image\" content=\"https:\/\/arealorcaradio.es\/wp-content\/uploads\/2024\/11\/MERCADO-MEDIEVAL-2-scaled.jpeg\" \/>\n\t<meta property=\"og:image:width\" content=\"2560\" \/>\n\t<meta property=\"og:image:height\" content=\"1707\" \/>\n\t<meta property=\"og:image:type\" content=\"image\/jpeg\" \/>\n<meta name=\"author\" content=\"Paco S\u00e1nchez\" \/>\n<meta name=\"twitter:card\" content=\"summary_large_image\" \/>\n<meta name=\"twitter:label1\" content=\"Escrito por\" \/>\n\t<meta name=\"twitter:data1\" content=\"Paco S\u00e1nchez\" \/>\n\t<meta name=\"twitter:label2\" content=\"Tiempo de lectura\" \/>\n\t<meta name=\"twitter:data2\" content=\"3 minutos\" \/>\n<script type=\"application\/ld+json\" class=\"yoast-schema-graph\">{\"@context\":\"https:\\\/\\\/schema.org\",\"@graph\":[{\"@type\":\"Article\",\"@id\":\"https:\\\/\\\/arealorcaradio.es\\\/index.php\\\/2024\\\/11\\\/21\\\/el-casco-antiguo-de-lorca-acogera-hasta-el-domingo-el-mercado-medieval-de-las-fiestas-de-san-clemente\\\/#article\",\"isPartOf\":{\"@id\":\"https:\\\/\\\/arealorcaradio.es\\\/index.php\\\/2024\\\/11\\\/21\\\/el-casco-antiguo-de-lorca-acogera-hasta-el-domingo-el-mercado-medieval-de-las-fiestas-de-san-clemente\\\/\"},\"author\":{\"name\":\"Paco S\u00e1nchez\",\"@id\":\"https:\\\/\\\/arealorcaradio.es\\\/#\\\/schema\\\/person\\\/9fae605fc25b0f2c83c1ab207139bd27\"},\"headline\":\"El casco antiguo de Lorca acoger\u00e1 hasta el domingo el Mercado Medieval de las fiestas de San Clemente\u00a0\",\"datePublished\":\"2024-11-21T16:16:54+00:00\",\"mainEntityOfPage\":{\"@id\":\"https:\\\/\\\/arealorcaradio.es\\\/index.php\\\/2024\\\/11\\\/21\\\/el-casco-antiguo-de-lorca-acogera-hasta-el-domingo-el-mercado-medieval-de-las-fiestas-de-san-clemente\\\/\"},\"wordCount\":551,\"commentCount\":0,\"image\":{\"@id\":\"https:\\\/\\\/arealorcaradio.es\\\/index.php\\\/2024\\\/11\\\/21\\\/el-casco-antiguo-de-lorca-acogera-hasta-el-domingo-el-mercado-medieval-de-las-fiestas-de-san-clemente\\\/#primaryimage\"},\"thumbnailUrl\":\"https:\\\/\\\/arealorcaradio.es\\\/wp-content\\\/uploads\\\/2024\\\/11\\\/MERCADO-MEDIEVAL-2-scaled.jpeg\",\"articleSection\":[\"ACTUALIDAD\",\"LORCA\"],\"inLanguage\":\"es\",\"potentialAction\":[{\"@type\":\"CommentAction\",\"name\":\"Comment\",\"target\":[\"https:\\\/\\\/arealorcaradio.es\\\/index.php\\\/2024\\\/11\\\/21\\\/el-casco-antiguo-de-lorca-acogera-hasta-el-domingo-el-mercado-medieval-de-las-fiestas-de-san-clemente\\\/#respond\"]}]},{\"@type\":\"WebPage\",\"@id\":\"https:\\\/\\\/arealorcaradio.es\\\/index.php\\\/2024\\\/11\\\/21\\\/el-casco-antiguo-de-lorca-acogera-hasta-el-domingo-el-mercado-medieval-de-las-fiestas-de-san-clemente\\\/\",\"url\":\"https:\\\/\\\/arealorcaradio.es\\\/index.php\\\/2024\\\/11\\\/21\\\/el-casco-antiguo-de-lorca-acogera-hasta-el-domingo-el-mercado-medieval-de-las-fiestas-de-san-clemente\\\/\",\"name\":\"El casco antiguo de Lorca acoger\u00e1 hasta el domingo el Mercado Medieval de las fiestas de San Clemente\u00a0 - AREA LORCA RADIO\",\"isPartOf\":{\"@id\":\"https:\\\/\\\/arealorcaradio.es\\\/#website\"},\"primaryImageOfPage\":{\"@id\":\"https:\\\/\\\/arealorcaradio.es\\\/index.php\\\/2024\\\/11\\\/21\\\/el-casco-antiguo-de-lorca-acogera-hasta-el-domingo-el-mercado-medieval-de-las-fiestas-de-san-clemente\\\/#primaryimage\"},\"image\":{\"@id\":\"https:\\\/\\\/arealorcaradio.es\\\/index.php\\\/2024\\\/11\\\/21\\\/el-casco-antiguo-de-lorca-acogera-hasta-el-domingo-el-mercado-medieval-de-las-fiestas-de-san-clemente\\\/#primaryimage\"},\"thumbnailUrl\":\"https:\\\/\\\/arealorcaradio.es\\\/wp-content\\\/uploads\\\/2024\\\/11\\\/MERCADO-MEDIEVAL-2-scaled.jpeg\",\"datePublished\":\"2024-11-21T16:16:54+00:00\",\"author\":{\"@id\":\"https:\\\/\\\/arealorcaradio.es\\\/#\\\/schema\\\/person\\\/9fae605fc25b0f2c83c1ab207139bd27\"},\"breadcrumb\":{\"@id\":\"https:\\\/\\\/arealorcaradio.es\\\/index.php\\\/2024\\\/11\\\/21\\\/el-casco-antiguo-de-lorca-acogera-hasta-el-domingo-el-mercado-medieval-de-las-fiestas-de-san-clemente\\\/#breadcrumb\"},\"inLanguage\":\"es\",\"potentialAction\":[{\"@type\":\"ReadAction\",\"target\":[\"https:\\\/\\\/arealorcaradio.es\\\/index.php\\\/2024\\\/11\\\/21\\\/el-casco-antiguo-de-lorca-acogera-hasta-el-domingo-el-mercado-medieval-de-las-fiestas-de-san-clemente\\\/\"]}]},{\"@type\":\"ImageObject\",\"inLanguage\":\"es\",\"@id\":\"https:\\\/\\\/arealorcaradio.es\\\/index.php\\\/2024\\\/11\\\/21\\\/el-casco-antiguo-de-lorca-acogera-hasta-el-domingo-el-mercado-medieval-de-las-fiestas-de-san-clemente\\\/#primaryimage\",\"url\":\"https:\\\/\\\/arealorcaradio.es\\\/wp-content\\\/uploads\\\/2024\\\/11\\\/MERCADO-MEDIEVAL-2-scaled.jpeg\",\"contentUrl\":\"https:\\\/\\\/arealorcaradio.es\\\/wp-content\\\/uploads\\\/2024\\\/11\\\/MERCADO-MEDIEVAL-2-scaled.jpeg\",\"width\":2560,\"height\":1707},{\"@type\":\"BreadcrumbList\",\"@id\":\"https:\\\/\\\/arealorcaradio.es\\\/index.php\\\/2024\\\/11\\\/21\\\/el-casco-antiguo-de-lorca-acogera-hasta-el-domingo-el-mercado-medieval-de-las-fiestas-de-san-clemente\\\/#breadcrumb\",\"itemListElement\":[{\"@type\":\"ListItem\",\"position\":1,\"name\":\"Portada\",\"item\":\"https:\\\/\\\/arealorcaradio.es\\\/\"},{\"@type\":\"ListItem\",\"position\":2,\"name\":\"El casco antiguo de Lorca acoger\u00e1 hasta el domingo el Mercado Medieval de las fiestas de San Clemente\u00a0\"}]},{\"@type\":\"WebSite\",\"@id\":\"https:\\\/\\\/arealorcaradio.es\\\/#website\",\"url\":\"https:\\\/\\\/arealorcaradio.es\\\/\",\"name\":\"AREA LORCA RADIO\",\"description\":\"Descubre la programaci\u00f3n actual en \u00c1rea Lorca Radio, tu fuente de entrenamiento y noticias locales. Sintoniza ahora y mantente conectado online.\",\"potentialAction\":[{\"@type\":\"SearchAction\",\"target\":{\"@type\":\"EntryPoint\",\"urlTemplate\":\"https:\\\/\\\/arealorcaradio.es\\\/?s={search_term_string}\"},\"query-input\":{\"@type\":\"PropertyValueSpecification\",\"valueRequired\":true,\"valueName\":\"search_term_string\"}}],\"inLanguage\":\"es\"},{\"@type\":\"Person\",\"@id\":\"https:\\\/\\\/arealorcaradio.es\\\/#\\\/schema\\\/person\\\/9fae605fc25b0f2c83c1ab207139bd27\",\"name\":\"Paco S\u00e1nchez\",\"image\":{\"@type\":\"ImageObject\",\"inLanguage\":\"es\",\"@id\":\"https:\\\/\\\/secure.gravatar.com\\\/avatar\\\/d67144e966420fb74aa84c9f2a0103be4724fd14db52b52d3b6bca749f257e79?s=96&d=mm&r=g\",\"url\":\"https:\\\/\\\/secure.gravatar.com\\\/avatar\\\/d67144e966420fb74aa84c9f2a0103be4724fd14db52b52d3b6bca749f257e79?s=96&d=mm&r=g\",\"contentUrl\":\"https:\\\/\\\/secure.gravatar.com\\\/avatar\\\/d67144e966420fb74aa84c9f2a0103be4724fd14db52b52d3b6bca749f257e79?s=96&d=mm&r=g\",\"caption\":\"Paco S\u00e1nchez\"},\"sameAs\":[\"https:\\\/\\\/arealorcaradio.es\"],\"url\":\"https:\\\/\\\/arealorcaradio.es\\\/index.php\\\/author\\\/admin_alorcaradio\\\/\"}]}<\/script>\n<!-- \/ Yoast SEO plugin. -->","yoast_head_json":{"title":"El casco antiguo de Lorca acoger\u00e1 hasta el domingo el Mercado Medieval de las fiestas de San Clemente\u00a0 - AREA LORCA RADIO","robots":{"index":"index","follow":"follow","max-snippet":"max-snippet:-1","max-image-preview":"max-image-preview:large","max-video-preview":"max-video-preview:-1"},"canonical":"https:\/\/arealorcaradio.es\/index.php\/2024\/11\/21\/el-casco-antiguo-de-lorca-acogera-hasta-el-domingo-el-mercado-medieval-de-las-fiestas-de-san-clemente\/","og_locale":"es_ES","og_type":"article","og_title":"El casco antiguo de Lorca acoger\u00e1 hasta el domingo el Mercado Medieval de las fiestas de San Clemente\u00a0 - AREA LORCA RADIO","og_description":"\u00c1REA LORCA RADIO. 21 de noviembre de 2024. El alcalde de Lorca, Fulgencio Gil J\u00f3dar, y el Presidente de la Federaci\u00f3n San Clemente, Luis Antonio Torres del Alc\u00e1zar, han inaugurado este jueves el Mercado Medieval, que tiene lugar con motivo de las fiestas del patr\u00f3n de la ciudad, San Clemente, y que est\u00e1 instalado en [&hellip;]","og_url":"https:\/\/arealorcaradio.es\/index.php\/2024\/11\/21\/el-casco-antiguo-de-lorca-acogera-hasta-el-domingo-el-mercado-medieval-de-las-fiestas-de-san-clemente\/","og_site_name":"AREA LORCA RADIO","article_published_time":"2024-11-21T16:16:54+00:00","og_image":[{"width":2560,"height":1707,"url":"https:\/\/arealorcaradio.es\/wp-content\/uploads\/2024\/11\/MERCADO-MEDIEVAL-2-scaled.jpeg","type":"image\/jpeg"}],"author":"Paco S\u00e1nchez","twitter_card":"summary_large_image","twitter_misc":{"Escrito por":"Paco S\u00e1nchez","Tiempo de lectura":"3 minutos"},"schema":{"@context":"https:\/\/schema.org","@graph":[{"@type":"Article","@id":"https:\/\/arealorcaradio.es\/index.php\/2024\/11\/21\/el-casco-antiguo-de-lorca-acogera-hasta-el-domingo-el-mercado-medieval-de-las-fiestas-de-san-clemente\/#article","isPartOf":{"@id":"https:\/\/arealorcaradio.es\/index.php\/2024\/11\/21\/el-casco-antiguo-de-lorca-acogera-hasta-el-domingo-el-mercado-medieval-de-las-fiestas-de-san-clemente\/"},"author":{"name":"Paco S\u00e1nchez","@id":"https:\/\/arealorcaradio.es\/#\/schema\/person\/9fae605fc25b0f2c83c1ab207139bd27"},"headline":"El casco antiguo de Lorca acoger\u00e1 hasta el domingo el Mercado Medieval de las fiestas de San Clemente\u00a0","datePublished":"2024-11-21T16:16:54+00:00","mainEntityOfPage":{"@id":"https:\/\/arealorcaradio.es\/index.php\/2024\/11\/21\/el-casco-antiguo-de-lorca-acogera-hasta-el-domingo-el-mercado-medieval-de-las-fiestas-de-san-clemente\/"},"wordCount":551,"commentCount":0,"image":{"@id":"https:\/\/arealorcaradio.es\/index.php\/2024\/11\/21\/el-casco-antiguo-de-lorca-acogera-hasta-el-domingo-el-mercado-medieval-de-las-fiestas-de-san-clemente\/#primaryimage"},"thumbnailUrl":"https:\/\/arealorcaradio.es\/wp-content\/uploads\/2024\/11\/MERCADO-MEDIEVAL-2-scaled.jpeg","articleSection":["ACTUALIDAD","LORCA"],"inLanguage":"es","potentialAction":[{"@type":"CommentAction","name":"Comment","target":["https:\/\/arealorcaradio.es\/index.php\/2024\/11\/21\/el-casco-antiguo-de-lorca-acogera-hasta-el-domingo-el-mercado-medieval-de-las-fiestas-de-san-clemente\/#respond"]}]},{"@type":"WebPage","@id":"https:\/\/arealorcaradio.es\/index.php\/2024\/11\/21\/el-casco-antiguo-de-lorca-acogera-hasta-el-domingo-el-mercado-medieval-de-las-fiestas-de-san-clemente\/","url":"https:\/\/arealorcaradio.es\/index.php\/2024\/11\/21\/el-casco-antiguo-de-lorca-acogera-hasta-el-domingo-el-mercado-medieval-de-las-fiestas-de-san-clemente\/","name":"El casco antiguo de Lorca acoger\u00e1 hasta el domingo el Mercado Medieval de las fiestas de San Clemente\u00a0 - AREA LORCA RADIO","isPartOf":{"@id":"https:\/\/arealorcaradio.es\/#website"},"primaryImageOfPage":{"@id":"https:\/\/arealorcaradio.es\/index.php\/2024\/11\/21\/el-casco-antiguo-de-lorca-acogera-hasta-el-domingo-el-mercado-medieval-de-las-fiestas-de-san-clemente\/#primaryimage"},"image":{"@id":"https:\/\/arealorcaradio.es\/index.php\/2024\/11\/21\/el-casco-antiguo-de-lorca-acogera-hasta-el-domingo-el-mercado-medieval-de-las-fiestas-de-san-clemente\/#primaryimage"},"thumbnailUrl":"https:\/\/arealorcaradio.es\/wp-content\/uploads\/2024\/11\/MERCADO-MEDIEVAL-2-scaled.jpeg","datePublished":"2024-11-21T16:16:54+00:00","author":{"@id":"https:\/\/arealorcaradio.es\/#\/schema\/person\/9fae605fc25b0f2c83c1ab207139bd27"},"breadcrumb":{"@id":"https:\/\/arealorcaradio.es\/index.php\/2024\/11\/21\/el-casco-antiguo-de-lorca-acogera-hasta-el-domingo-el-mercado-medieval-de-las-fiestas-de-san-clemente\/#breadcrumb"},"inLanguage":"es","potentialAction":[{"@type":"ReadAction","target":["https:\/\/arealorcaradio.es\/index.php\/2024\/11\/21\/el-casco-antiguo-de-lorca-acogera-hasta-el-domingo-el-mercado-medieval-de-las-fiestas-de-san-clemente\/"]}]},{"@type":"ImageObject","inLanguage":"es","@id":"https:\/\/arealorcaradio.es\/index.php\/2024\/11\/21\/el-casco-antiguo-de-lorca-acogera-hasta-el-domingo-el-mercado-medieval-de-las-fiestas-de-san-clemente\/#primaryimage","url":"https:\/\/arealorcaradio.es\/wp-content\/uploads\/2024\/11\/MERCADO-MEDIEVAL-2-scaled.jpeg","contentUrl":"https:\/\/arealorcaradio.es\/wp-content\/uploads\/2024\/11\/MERCADO-MEDIEVAL-2-scaled.jpeg","width":2560,"height":1707},{"@type":"BreadcrumbList","@id":"https:\/\/arealorcaradio.es\/index.php\/2024\/11\/21\/el-casco-antiguo-de-lorca-acogera-hasta-el-domingo-el-mercado-medieval-de-las-fiestas-de-san-clemente\/#breadcrumb","itemListElement":[{"@type":"ListItem","position":1,"name":"Portada","item":"https:\/\/arealorcaradio.es\/"},{"@type":"ListItem","position":2,"name":"El casco antiguo de Lorca acoger\u00e1 hasta el domingo el Mercado Medieval de las fiestas de San Clemente\u00a0"}]},{"@type":"WebSite","@id":"https:\/\/arealorcaradio.es\/#website","url":"https:\/\/arealorcaradio.es\/","name":"AREA LORCA RADIO","description":"Descubre la programaci\u00f3n actual en \u00c1rea Lorca Radio, tu fuente de entrenamiento y noticias locales. Sintoniza ahora y mantente conectado online.","potentialAction":[{"@type":"SearchAction","target":{"@type":"EntryPoint","urlTemplate":"https:\/\/arealorcaradio.es\/?s={search_term_string}"},"query-input":{"@type":"PropertyValueSpecification","valueRequired":true,"valueName":"search_term_string"}}],"inLanguage":"es"},{"@type":"Person","@id":"https:\/\/arealorcaradio.es\/#\/schema\/person\/9fae605fc25b0f2c83c1ab207139bd27","name":"Paco S\u00e1nchez","image":{"@type":"ImageObject","inLanguage":"es","@id":"https:\/\/secure.gravatar.com\/avatar\/d67144e966420fb74aa84c9f2a0103be4724fd14db52b52d3b6bca749f257e79?s=96&d=mm&r=g","url":"https:\/\/secure.gravatar.com\/avatar\/d67144e966420fb74aa84c9f2a0103be4724fd14db52b52d3b6bca749f257e79?s=96&d=mm&r=g","contentUrl":"https:\/\/secure.gravatar.com\/avatar\/d67144e966420fb74aa84c9f2a0103be4724fd14db52b52d3b6bca749f257e79?s=96&d=mm&r=g","caption":"Paco S\u00e1nchez"},"sameAs":["https:\/\/arealorcaradio.es"],"url":"https:\/\/arealorcaradio.es\/index.php\/author\/admin_alorcaradio\/"}]}},"_links":{"self":[{"href":"https:\/\/arealorcaradio.es\/index.php\/wp-json\/wp\/v2\/posts\/4759","targetHints":{"allow":["GET"]}}],"collection":[{"href":"https:\/\/arealorcaradio.es\/index.php\/wp-json\/wp\/v2\/posts"}],"about":[{"href":"https:\/\/arealorcaradio.es\/index.php\/wp-json\/wp\/v2\/types\/post"}],"author":[{"embeddable":true,"href":"https:\/\/arealorcaradio.es\/index.php\/wp-json\/wp\/v2\/users\/1"}],"replies":[{"embeddable":true,"href":"https:\/\/arealorcaradio.es\/index.php\/wp-json\/wp\/v2\/comments?post=4759"}],"version-history":[{"count":1,"href":"https:\/\/arealorcaradio.es\/index.php\/wp-json\/wp\/v2\/posts\/4759\/revisions"}],"predecessor-version":[{"id":4762,"href":"https:\/\/arealorcaradio.es\/index.php\/wp-json\/wp\/v2\/posts\/4759\/revisions\/4762"}],"wp:featuredmedia":[{"embeddable":true,"href":"https:\/\/arealorcaradio.es\/index.php\/wp-json\/wp\/v2\/media\/4761"}],"wp:attachment":[{"href":"https:\/\/arealorcaradio.es\/index.php\/wp-json\/wp\/v2\/media?parent=4759"}],"wp:term":[{"taxonomy":"category","embeddable":true,"href":"https:\/\/arealorcaradio.es\/index.php\/wp-json\/wp\/v2\/categories?post=4759"},{"taxonomy":"post_tag","embeddable":true,"href":"https:\/\/arealorcaradio.es\/index.php\/wp-json\/wp\/v2\/tags?post=4759"}],"curies":[{"name":"wp","href":"https:\/\/api.w.org\/{rel}","templated":true}]}}