{"id":4753,"date":"2024-11-21T12:40:14","date_gmt":"2024-11-21T12:40:14","guid":{"rendered":"https:\/\/arealorcaradio.es\/?p=4753"},"modified":"2024-11-21T12:40:14","modified_gmt":"2024-11-21T12:40:14","slug":"sebas-lopez-mi-equipo-sera-un-equipo-con-personalidad-valiente-y-contundente-en-las-dos-areas","status":"publish","type":"post","link":"https:\/\/arealorcaradio.es\/index.php\/2024\/11\/21\/sebas-lopez-mi-equipo-sera-un-equipo-con-personalidad-valiente-y-contundente-en-las-dos-areas\/","title":{"rendered":"Sebas L\u00f3pez: \u00abMi equipo ser\u00e1 un equipo con personalidad, valiente y contundente en las dos \u00e1reas\u00bb"},"content":{"rendered":"<p>\u00c1REA LORCA RADIO. 21.11.24<\/p>\n<p>Escucha aqu\u00ed la presentaci\u00f3n del nuevo t\u00e9cnico del Lorca Deportiva Sebas L\u00f3pez. El director deportivo David Navarro \u00abPeki\u00bb ha sido en encargado de presentar al nuevo entrenador que firma por lo que resta de temporada con opci\u00f3n a otra si consigue el objetivo del ascenso.<\/p>\n<audio class=\"wp-audio-shortcode\" id=\"audio-4753-1\" preload=\"none\" style=\"width: 100%;\" controls=\"controls\"><source type=\"audio\/mpeg\" src=\"https:\/\/arealorcaradio.es\/wp-content\/uploads\/2024\/11\/211124-PRESENTACION-SEBAS-LOPEZ-CON-PEKI.mp3?_=1\" \/><a href=\"https:\/\/arealorcaradio.es\/wp-content\/uploads\/2024\/11\/211124-PRESENTACION-SEBAS-LOPEZ-CON-PEKI.mp3\">https:\/\/arealorcaradio.es\/wp-content\/uploads\/2024\/11\/211124-PRESENTACION-SEBAS-LOPEZ-CON-PEKI.mp3<\/a><\/audio>\n<p><img loading=\"lazy\" decoding=\"async\" class=\"alignnone size-medium wp-image-4755\" src=\"https:\/\/arealorcaradio.es\/wp-content\/uploads\/2024\/11\/20241121_123627-300x225.jpg\" alt=\"\" width=\"300\" height=\"225\" srcset=\"https:\/\/arealorcaradio.es\/wp-content\/uploads\/2024\/11\/20241121_123627-300x225.jpg 300w, https:\/\/arealorcaradio.es\/wp-content\/uploads\/2024\/11\/20241121_123627-1024x768.jpg 1024w, https:\/\/arealorcaradio.es\/wp-content\/uploads\/2024\/11\/20241121_123627-768x576.jpg 768w, https:\/\/arealorcaradio.es\/wp-content\/uploads\/2024\/11\/20241121_123627-1536x1152.jpg 1536w, https:\/\/arealorcaradio.es\/wp-content\/uploads\/2024\/11\/20241121_123627-2048x1536.jpg 2048w, https:\/\/arealorcaradio.es\/wp-content\/uploads\/2024\/11\/20241121_123627-86x64.jpg 86w\" sizes=\"auto, (max-width: 300px) 100vw, 300px\" \/><\/p>\n","protected":false},"excerpt":{"rendered":"<p>\u00c1REA LORCA RADIO. 21.11.24 Escucha aqu\u00ed la presentaci\u00f3n del nuevo t\u00e9cnico del Lorca Deportiva Sebas L\u00f3pez. El director deportivo David Navarro \u00abPeki\u00bb ha sido en encargado de presentar al nuevo entrenador que firma por lo que resta de temporada con opci\u00f3n a otra si consigue el objetivo del ascenso.<\/p>\n","protected":false},"author":1,"featured_media":4756,"comment_status":"open","ping_status":"open","sticky":false,"template":"","format":"standard","meta":{"iawp_total_views":95,"footnotes":""},"categories":[4,7],"tags":[],"class_list":["post-4753","post","type-post","status-publish","format-standard","has-post-thumbnail","hentry","category-deportes","category-lorca"],"yoast_head":"<!-- This site is optimized with the Yoast SEO plugin v27.5 - https:\/\/yoast.com\/product\/yoast-seo-wordpress\/ -->\n<title>Sebas L\u00f3pez: &quot;Mi equipo ser\u00e1 un equipo con personalidad, valiente y contundente en las dos \u00e1reas&quot; - AREA LORCA RADIO<\/title>\n<meta name=\"robots\" content=\"index, follow, max-snippet:-1, max-image-preview:large, max-video-preview:-1\" \/>\n<link rel=\"canonical\" href=\"https:\/\/arealorcaradio.es\/index.php\/2024\/11\/21\/sebas-lopez-mi-equipo-sera-un-equipo-con-personalidad-valiente-y-contundente-en-las-dos-areas\/\" \/>\n<meta property=\"og:locale\" content=\"es_ES\" \/>\n<meta property=\"og:type\" content=\"article\" \/>\n<meta property=\"og:title\" content=\"Sebas L\u00f3pez: &quot;Mi equipo ser\u00e1 un equipo con personalidad, valiente y contundente en las dos \u00e1reas&quot; - AREA LORCA RADIO\" \/>\n<meta property=\"og:description\" content=\"\u00c1REA LORCA RADIO. 21.11.24 Escucha aqu\u00ed la presentaci\u00f3n del nuevo t\u00e9cnico del Lorca Deportiva Sebas L\u00f3pez. El director deportivo David Navarro \u00abPeki\u00bb ha sido en encargado de presentar al nuevo entrenador que firma por lo que resta de temporada con opci\u00f3n a otra si consigue el objetivo del ascenso.\" \/>\n<meta property=\"og:url\" content=\"https:\/\/arealorcaradio.es\/index.php\/2024\/11\/21\/sebas-lopez-mi-equipo-sera-un-equipo-con-personalidad-valiente-y-contundente-en-las-dos-areas\/\" \/>\n<meta property=\"og:site_name\" content=\"AREA LORCA RADIO\" \/>\n<meta property=\"article:published_time\" content=\"2024-11-21T12:40:14+00:00\" \/>\n<meta property=\"og:image\" content=\"https:\/\/arealorcaradio.es\/wp-content\/uploads\/2024\/11\/20241121_124844-scaled.jpg\" \/>\n\t<meta property=\"og:image:width\" content=\"2560\" \/>\n\t<meta property=\"og:image:height\" content=\"1920\" \/>\n\t<meta property=\"og:image:type\" content=\"image\/jpeg\" \/>\n<meta name=\"author\" content=\"Paco S\u00e1nchez\" \/>\n<meta name=\"twitter:card\" content=\"summary_large_image\" \/>\n<meta name=\"twitter:label1\" content=\"Escrito por\" \/>\n\t<meta name=\"twitter:data1\" content=\"Paco S\u00e1nchez\" \/>\n\t<meta name=\"twitter:label2\" content=\"Tiempo de lectura\" \/>\n\t<meta name=\"twitter:data2\" content=\"1 minuto\" \/>\n<script type=\"application\/ld+json\" class=\"yoast-schema-graph\">{\"@context\":\"https:\\\/\\\/schema.org\",\"@graph\":[{\"@type\":\"Article\",\"@id\":\"https:\\\/\\\/arealorcaradio.es\\\/index.php\\\/2024\\\/11\\\/21\\\/sebas-lopez-mi-equipo-sera-un-equipo-con-personalidad-valiente-y-contundente-en-las-dos-areas\\\/#article\",\"isPartOf\":{\"@id\":\"https:\\\/\\\/arealorcaradio.es\\\/index.php\\\/2024\\\/11\\\/21\\\/sebas-lopez-mi-equipo-sera-un-equipo-con-personalidad-valiente-y-contundente-en-las-dos-areas\\\/\"},\"author\":{\"name\":\"Paco S\u00e1nchez\",\"@id\":\"https:\\\/\\\/arealorcaradio.es\\\/#\\\/schema\\\/person\\\/9fae605fc25b0f2c83c1ab207139bd27\"},\"headline\":\"Sebas L\u00f3pez: \u00abMi equipo ser\u00e1 un equipo con personalidad, valiente y contundente en las dos \u00e1reas\u00bb\",\"datePublished\":\"2024-11-21T12:40:14+00:00\",\"mainEntityOfPage\":{\"@id\":\"https:\\\/\\\/arealorcaradio.es\\\/index.php\\\/2024\\\/11\\\/21\\\/sebas-lopez-mi-equipo-sera-un-equipo-con-personalidad-valiente-y-contundente-en-las-dos-areas\\\/\"},\"wordCount\":79,\"commentCount\":0,\"image\":{\"@id\":\"https:\\\/\\\/arealorcaradio.es\\\/index.php\\\/2024\\\/11\\\/21\\\/sebas-lopez-mi-equipo-sera-un-equipo-con-personalidad-valiente-y-contundente-en-las-dos-areas\\\/#primaryimage\"},\"thumbnailUrl\":\"https:\\\/\\\/arealorcaradio.es\\\/wp-content\\\/uploads\\\/2024\\\/11\\\/20241121_124844-scaled.jpg\",\"articleSection\":[\"DEPORTES\",\"LORCA\"],\"inLanguage\":\"es\",\"potentialAction\":[{\"@type\":\"CommentAction\",\"name\":\"Comment\",\"target\":[\"https:\\\/\\\/arealorcaradio.es\\\/index.php\\\/2024\\\/11\\\/21\\\/sebas-lopez-mi-equipo-sera-un-equipo-con-personalidad-valiente-y-contundente-en-las-dos-areas\\\/#respond\"]}]},{\"@type\":\"WebPage\",\"@id\":\"https:\\\/\\\/arealorcaradio.es\\\/index.php\\\/2024\\\/11\\\/21\\\/sebas-lopez-mi-equipo-sera-un-equipo-con-personalidad-valiente-y-contundente-en-las-dos-areas\\\/\",\"url\":\"https:\\\/\\\/arealorcaradio.es\\\/index.php\\\/2024\\\/11\\\/21\\\/sebas-lopez-mi-equipo-sera-un-equipo-con-personalidad-valiente-y-contundente-en-las-dos-areas\\\/\",\"name\":\"Sebas L\u00f3pez: \\\"Mi equipo ser\u00e1 un equipo con personalidad, valiente y contundente en las dos \u00e1reas\\\" - AREA LORCA RADIO\",\"isPartOf\":{\"@id\":\"https:\\\/\\\/arealorcaradio.es\\\/#website\"},\"primaryImageOfPage\":{\"@id\":\"https:\\\/\\\/arealorcaradio.es\\\/index.php\\\/2024\\\/11\\\/21\\\/sebas-lopez-mi-equipo-sera-un-equipo-con-personalidad-valiente-y-contundente-en-las-dos-areas\\\/#primaryimage\"},\"image\":{\"@id\":\"https:\\\/\\\/arealorcaradio.es\\\/index.php\\\/2024\\\/11\\\/21\\\/sebas-lopez-mi-equipo-sera-un-equipo-con-personalidad-valiente-y-contundente-en-las-dos-areas\\\/#primaryimage\"},\"thumbnailUrl\":\"https:\\\/\\\/arealorcaradio.es\\\/wp-content\\\/uploads\\\/2024\\\/11\\\/20241121_124844-scaled.jpg\",\"datePublished\":\"2024-11-21T12:40:14+00:00\",\"author\":{\"@id\":\"https:\\\/\\\/arealorcaradio.es\\\/#\\\/schema\\\/person\\\/9fae605fc25b0f2c83c1ab207139bd27\"},\"breadcrumb\":{\"@id\":\"https:\\\/\\\/arealorcaradio.es\\\/index.php\\\/2024\\\/11\\\/21\\\/sebas-lopez-mi-equipo-sera-un-equipo-con-personalidad-valiente-y-contundente-en-las-dos-areas\\\/#breadcrumb\"},\"inLanguage\":\"es\",\"potentialAction\":[{\"@type\":\"ReadAction\",\"target\":[\"https:\\\/\\\/arealorcaradio.es\\\/index.php\\\/2024\\\/11\\\/21\\\/sebas-lopez-mi-equipo-sera-un-equipo-con-personalidad-valiente-y-contundente-en-las-dos-areas\\\/\"]}]},{\"@type\":\"ImageObject\",\"inLanguage\":\"es\",\"@id\":\"https:\\\/\\\/arealorcaradio.es\\\/index.php\\\/2024\\\/11\\\/21\\\/sebas-lopez-mi-equipo-sera-un-equipo-con-personalidad-valiente-y-contundente-en-las-dos-areas\\\/#primaryimage\",\"url\":\"https:\\\/\\\/arealorcaradio.es\\\/wp-content\\\/uploads\\\/2024\\\/11\\\/20241121_124844-scaled.jpg\",\"contentUrl\":\"https:\\\/\\\/arealorcaradio.es\\\/wp-content\\\/uploads\\\/2024\\\/11\\\/20241121_124844-scaled.jpg\",\"width\":2560,\"height\":1920},{\"@type\":\"BreadcrumbList\",\"@id\":\"https:\\\/\\\/arealorcaradio.es\\\/index.php\\\/2024\\\/11\\\/21\\\/sebas-lopez-mi-equipo-sera-un-equipo-con-personalidad-valiente-y-contundente-en-las-dos-areas\\\/#breadcrumb\",\"itemListElement\":[{\"@type\":\"ListItem\",\"position\":1,\"name\":\"Portada\",\"item\":\"https:\\\/\\\/arealorcaradio.es\\\/\"},{\"@type\":\"ListItem\",\"position\":2,\"name\":\"Sebas L\u00f3pez: \u00abMi equipo ser\u00e1 un equipo con personalidad, valiente y contundente en las dos \u00e1reas\u00bb\"}]},{\"@type\":\"WebSite\",\"@id\":\"https:\\\/\\\/arealorcaradio.es\\\/#website\",\"url\":\"https:\\\/\\\/arealorcaradio.es\\\/\",\"name\":\"AREA LORCA RADIO\",\"description\":\"Descubre la programaci\u00f3n actual en \u00c1rea Lorca Radio, tu fuente de entrenamiento y noticias locales. Sintoniza ahora y mantente conectado online.\",\"potentialAction\":[{\"@type\":\"SearchAction\",\"target\":{\"@type\":\"EntryPoint\",\"urlTemplate\":\"https:\\\/\\\/arealorcaradio.es\\\/?s={search_term_string}\"},\"query-input\":{\"@type\":\"PropertyValueSpecification\",\"valueRequired\":true,\"valueName\":\"search_term_string\"}}],\"inLanguage\":\"es\"},{\"@type\":\"Person\",\"@id\":\"https:\\\/\\\/arealorcaradio.es\\\/#\\\/schema\\\/person\\\/9fae605fc25b0f2c83c1ab207139bd27\",\"name\":\"Paco S\u00e1nchez\",\"image\":{\"@type\":\"ImageObject\",\"inLanguage\":\"es\",\"@id\":\"https:\\\/\\\/secure.gravatar.com\\\/avatar\\\/d67144e966420fb74aa84c9f2a0103be4724fd14db52b52d3b6bca749f257e79?s=96&d=mm&r=g\",\"url\":\"https:\\\/\\\/secure.gravatar.com\\\/avatar\\\/d67144e966420fb74aa84c9f2a0103be4724fd14db52b52d3b6bca749f257e79?s=96&d=mm&r=g\",\"contentUrl\":\"https:\\\/\\\/secure.gravatar.com\\\/avatar\\\/d67144e966420fb74aa84c9f2a0103be4724fd14db52b52d3b6bca749f257e79?s=96&d=mm&r=g\",\"caption\":\"Paco S\u00e1nchez\"},\"sameAs\":[\"https:\\\/\\\/arealorcaradio.es\"],\"url\":\"https:\\\/\\\/arealorcaradio.es\\\/index.php\\\/author\\\/admin_alorcaradio\\\/\"}]}<\/script>\n<!-- \/ Yoast SEO plugin. -->","yoast_head_json":{"title":"Sebas L\u00f3pez: \"Mi equipo ser\u00e1 un equipo con personalidad, valiente y contundente en las dos \u00e1reas\" - AREA LORCA RADIO","robots":{"index":"index","follow":"follow","max-snippet":"max-snippet:-1","max-image-preview":"max-image-preview:large","max-video-preview":"max-video-preview:-1"},"canonical":"https:\/\/arealorcaradio.es\/index.php\/2024\/11\/21\/sebas-lopez-mi-equipo-sera-un-equipo-con-personalidad-valiente-y-contundente-en-las-dos-areas\/","og_locale":"es_ES","og_type":"article","og_title":"Sebas L\u00f3pez: \"Mi equipo ser\u00e1 un equipo con personalidad, valiente y contundente en las dos \u00e1reas\" - AREA LORCA RADIO","og_description":"\u00c1REA LORCA RADIO. 21.11.24 Escucha aqu\u00ed la presentaci\u00f3n del nuevo t\u00e9cnico del Lorca Deportiva Sebas L\u00f3pez. El director deportivo David Navarro \u00abPeki\u00bb ha sido en encargado de presentar al nuevo entrenador que firma por lo que resta de temporada con opci\u00f3n a otra si consigue el objetivo del ascenso.","og_url":"https:\/\/arealorcaradio.es\/index.php\/2024\/11\/21\/sebas-lopez-mi-equipo-sera-un-equipo-con-personalidad-valiente-y-contundente-en-las-dos-areas\/","og_site_name":"AREA LORCA RADIO","article_published_time":"2024-11-21T12:40:14+00:00","og_image":[{"width":2560,"height":1920,"url":"https:\/\/arealorcaradio.es\/wp-content\/uploads\/2024\/11\/20241121_124844-scaled.jpg","type":"image\/jpeg"}],"author":"Paco S\u00e1nchez","twitter_card":"summary_large_image","twitter_misc":{"Escrito por":"Paco S\u00e1nchez","Tiempo de lectura":"1 minuto"},"schema":{"@context":"https:\/\/schema.org","@graph":[{"@type":"Article","@id":"https:\/\/arealorcaradio.es\/index.php\/2024\/11\/21\/sebas-lopez-mi-equipo-sera-un-equipo-con-personalidad-valiente-y-contundente-en-las-dos-areas\/#article","isPartOf":{"@id":"https:\/\/arealorcaradio.es\/index.php\/2024\/11\/21\/sebas-lopez-mi-equipo-sera-un-equipo-con-personalidad-valiente-y-contundente-en-las-dos-areas\/"},"author":{"name":"Paco S\u00e1nchez","@id":"https:\/\/arealorcaradio.es\/#\/schema\/person\/9fae605fc25b0f2c83c1ab207139bd27"},"headline":"Sebas L\u00f3pez: \u00abMi equipo ser\u00e1 un equipo con personalidad, valiente y contundente en las dos \u00e1reas\u00bb","datePublished":"2024-11-21T12:40:14+00:00","mainEntityOfPage":{"@id":"https:\/\/arealorcaradio.es\/index.php\/2024\/11\/21\/sebas-lopez-mi-equipo-sera-un-equipo-con-personalidad-valiente-y-contundente-en-las-dos-areas\/"},"wordCount":79,"commentCount":0,"image":{"@id":"https:\/\/arealorcaradio.es\/index.php\/2024\/11\/21\/sebas-lopez-mi-equipo-sera-un-equipo-con-personalidad-valiente-y-contundente-en-las-dos-areas\/#primaryimage"},"thumbnailUrl":"https:\/\/arealorcaradio.es\/wp-content\/uploads\/2024\/11\/20241121_124844-scaled.jpg","articleSection":["DEPORTES","LORCA"],"inLanguage":"es","potentialAction":[{"@type":"CommentAction","name":"Comment","target":["https:\/\/arealorcaradio.es\/index.php\/2024\/11\/21\/sebas-lopez-mi-equipo-sera-un-equipo-con-personalidad-valiente-y-contundente-en-las-dos-areas\/#respond"]}]},{"@type":"WebPage","@id":"https:\/\/arealorcaradio.es\/index.php\/2024\/11\/21\/sebas-lopez-mi-equipo-sera-un-equipo-con-personalidad-valiente-y-contundente-en-las-dos-areas\/","url":"https:\/\/arealorcaradio.es\/index.php\/2024\/11\/21\/sebas-lopez-mi-equipo-sera-un-equipo-con-personalidad-valiente-y-contundente-en-las-dos-areas\/","name":"Sebas L\u00f3pez: \"Mi equipo ser\u00e1 un equipo con personalidad, valiente y contundente en las dos \u00e1reas\" - AREA LORCA RADIO","isPartOf":{"@id":"https:\/\/arealorcaradio.es\/#website"},"primaryImageOfPage":{"@id":"https:\/\/arealorcaradio.es\/index.php\/2024\/11\/21\/sebas-lopez-mi-equipo-sera-un-equipo-con-personalidad-valiente-y-contundente-en-las-dos-areas\/#primaryimage"},"image":{"@id":"https:\/\/arealorcaradio.es\/index.php\/2024\/11\/21\/sebas-lopez-mi-equipo-sera-un-equipo-con-personalidad-valiente-y-contundente-en-las-dos-areas\/#primaryimage"},"thumbnailUrl":"https:\/\/arealorcaradio.es\/wp-content\/uploads\/2024\/11\/20241121_124844-scaled.jpg","datePublished":"2024-11-21T12:40:14+00:00","author":{"@id":"https:\/\/arealorcaradio.es\/#\/schema\/person\/9fae605fc25b0f2c83c1ab207139bd27"},"breadcrumb":{"@id":"https:\/\/arealorcaradio.es\/index.php\/2024\/11\/21\/sebas-lopez-mi-equipo-sera-un-equipo-con-personalidad-valiente-y-contundente-en-las-dos-areas\/#breadcrumb"},"inLanguage":"es","potentialAction":[{"@type":"ReadAction","target":["https:\/\/arealorcaradio.es\/index.php\/2024\/11\/21\/sebas-lopez-mi-equipo-sera-un-equipo-con-personalidad-valiente-y-contundente-en-las-dos-areas\/"]}]},{"@type":"ImageObject","inLanguage":"es","@id":"https:\/\/arealorcaradio.es\/index.php\/2024\/11\/21\/sebas-lopez-mi-equipo-sera-un-equipo-con-personalidad-valiente-y-contundente-en-las-dos-areas\/#primaryimage","url":"https:\/\/arealorcaradio.es\/wp-content\/uploads\/2024\/11\/20241121_124844-scaled.jpg","contentUrl":"https:\/\/arealorcaradio.es\/wp-content\/uploads\/2024\/11\/20241121_124844-scaled.jpg","width":2560,"height":1920},{"@type":"BreadcrumbList","@id":"https:\/\/arealorcaradio.es\/index.php\/2024\/11\/21\/sebas-lopez-mi-equipo-sera-un-equipo-con-personalidad-valiente-y-contundente-en-las-dos-areas\/#breadcrumb","itemListElement":[{"@type":"ListItem","position":1,"name":"Portada","item":"https:\/\/arealorcaradio.es\/"},{"@type":"ListItem","position":2,"name":"Sebas L\u00f3pez: \u00abMi equipo ser\u00e1 un equipo con personalidad, valiente y contundente en las dos \u00e1reas\u00bb"}]},{"@type":"WebSite","@id":"https:\/\/arealorcaradio.es\/#website","url":"https:\/\/arealorcaradio.es\/","name":"AREA LORCA RADIO","description":"Descubre la programaci\u00f3n actual en \u00c1rea Lorca Radio, tu fuente de entrenamiento y noticias locales. Sintoniza ahora y mantente conectado online.","potentialAction":[{"@type":"SearchAction","target":{"@type":"EntryPoint","urlTemplate":"https:\/\/arealorcaradio.es\/?s={search_term_string}"},"query-input":{"@type":"PropertyValueSpecification","valueRequired":true,"valueName":"search_term_string"}}],"inLanguage":"es"},{"@type":"Person","@id":"https:\/\/arealorcaradio.es\/#\/schema\/person\/9fae605fc25b0f2c83c1ab207139bd27","name":"Paco S\u00e1nchez","image":{"@type":"ImageObject","inLanguage":"es","@id":"https:\/\/secure.gravatar.com\/avatar\/d67144e966420fb74aa84c9f2a0103be4724fd14db52b52d3b6bca749f257e79?s=96&d=mm&r=g","url":"https:\/\/secure.gravatar.com\/avatar\/d67144e966420fb74aa84c9f2a0103be4724fd14db52b52d3b6bca749f257e79?s=96&d=mm&r=g","contentUrl":"https:\/\/secure.gravatar.com\/avatar\/d67144e966420fb74aa84c9f2a0103be4724fd14db52b52d3b6bca749f257e79?s=96&d=mm&r=g","caption":"Paco S\u00e1nchez"},"sameAs":["https:\/\/arealorcaradio.es"],"url":"https:\/\/arealorcaradio.es\/index.php\/author\/admin_alorcaradio\/"}]}},"_links":{"self":[{"href":"https:\/\/arealorcaradio.es\/index.php\/wp-json\/wp\/v2\/posts\/4753","targetHints":{"allow":["GET"]}}],"collection":[{"href":"https:\/\/arealorcaradio.es\/index.php\/wp-json\/wp\/v2\/posts"}],"about":[{"href":"https:\/\/arealorcaradio.es\/index.php\/wp-json\/wp\/v2\/types\/post"}],"author":[{"embeddable":true,"href":"https:\/\/arealorcaradio.es\/index.php\/wp-json\/wp\/v2\/users\/1"}],"replies":[{"embeddable":true,"href":"https:\/\/arealorcaradio.es\/index.php\/wp-json\/wp\/v2\/comments?post=4753"}],"version-history":[{"count":2,"href":"https:\/\/arealorcaradio.es\/index.php\/wp-json\/wp\/v2\/posts\/4753\/revisions"}],"predecessor-version":[{"id":4758,"href":"https:\/\/arealorcaradio.es\/index.php\/wp-json\/wp\/v2\/posts\/4753\/revisions\/4758"}],"wp:featuredmedia":[{"embeddable":true,"href":"https:\/\/arealorcaradio.es\/index.php\/wp-json\/wp\/v2\/media\/4756"}],"wp:attachment":[{"href":"https:\/\/arealorcaradio.es\/index.php\/wp-json\/wp\/v2\/media?parent=4753"}],"wp:term":[{"taxonomy":"category","embeddable":true,"href":"https:\/\/arealorcaradio.es\/index.php\/wp-json\/wp\/v2\/categories?post=4753"},{"taxonomy":"post_tag","embeddable":true,"href":"https:\/\/arealorcaradio.es\/index.php\/wp-json\/wp\/v2\/tags?post=4753"}],"curies":[{"name":"wp","href":"https:\/\/api.w.org\/{rel}","templated":true}]}}