{"id":4735,"date":"2024-11-19T19:31:26","date_gmt":"2024-11-19T19:31:26","guid":{"rendered":"https:\/\/arealorcaradio.es\/?p=4735"},"modified":"2024-11-19T19:31:26","modified_gmt":"2024-11-19T19:31:26","slug":"el-grupo-musical-lorquino-son-de-barrio-presenta-en-area-lorca-radio-su-tema-pensamiento-rebelde","status":"publish","type":"post","link":"https:\/\/arealorcaradio.es\/index.php\/2024\/11\/19\/el-grupo-musical-lorquino-son-de-barrio-presenta-en-area-lorca-radio-su-tema-pensamiento-rebelde\/","title":{"rendered":"El grupo musical lorquino \u00abSon de Barrio\u00bb presenta en \u00c1rea Lorca Radio su tema, Pensamiento rebelde"},"content":{"rendered":"<p>\u00c1REA LORCA RADIO. 19-11-24.<\/p>\n<p>Escucha aqu\u00ed la entrevista que han concedido a Paco S\u00e1nchez dos de los cuatro integrantes del grupo Son de Barrio. Domingo S\u00e1nchez y Andri L\u00e1zaro son el cincuenta por ciento de este grupo que ha presentado en el magazine \u00c1rea Lorca Actualidad su tema \u00abPensamiento rebelde\u00bb que ya suena en la parrilla musical de \u00c1rea Lorca Radio.<\/p>\n<audio class=\"wp-audio-shortcode\" id=\"audio-4735-1\" preload=\"none\" style=\"width: 100%;\" controls=\"controls\"><source type=\"audio\/mpeg\" src=\"https:\/\/arealorcaradio.es\/wp-content\/uploads\/2024\/11\/191124-SON-DE-BARRIO.-NUEVO-TEMA.mp3?_=1\" \/><a href=\"https:\/\/arealorcaradio.es\/wp-content\/uploads\/2024\/11\/191124-SON-DE-BARRIO.-NUEVO-TEMA.mp3\">https:\/\/arealorcaradio.es\/wp-content\/uploads\/2024\/11\/191124-SON-DE-BARRIO.-NUEVO-TEMA.mp3<\/a><\/audio>\n<p><img loading=\"lazy\" decoding=\"async\" class=\"alignnone size-medium wp-image-4737\" src=\"https:\/\/arealorcaradio.es\/wp-content\/uploads\/2024\/11\/Son-de-Barrio.-Andri-y-Domingo-300x225.jpg\" alt=\"\" width=\"300\" height=\"225\" srcset=\"https:\/\/arealorcaradio.es\/wp-content\/uploads\/2024\/11\/Son-de-Barrio.-Andri-y-Domingo-300x225.jpg 300w, https:\/\/arealorcaradio.es\/wp-content\/uploads\/2024\/11\/Son-de-Barrio.-Andri-y-Domingo-1024x768.jpg 1024w, https:\/\/arealorcaradio.es\/wp-content\/uploads\/2024\/11\/Son-de-Barrio.-Andri-y-Domingo-768x576.jpg 768w, https:\/\/arealorcaradio.es\/wp-content\/uploads\/2024\/11\/Son-de-Barrio.-Andri-y-Domingo-1536x1152.jpg 1536w, https:\/\/arealorcaradio.es\/wp-content\/uploads\/2024\/11\/Son-de-Barrio.-Andri-y-Domingo-2048x1536.jpg 2048w, https:\/\/arealorcaradio.es\/wp-content\/uploads\/2024\/11\/Son-de-Barrio.-Andri-y-Domingo-86x64.jpg 86w\" sizes=\"auto, (max-width: 300px) 100vw, 300px\" \/><\/p>\n","protected":false},"excerpt":{"rendered":"<p>\u00c1REA LORCA RADIO. 19-11-24. Escucha aqu\u00ed la entrevista que han concedido a Paco S\u00e1nchez dos de los cuatro integrantes del grupo Son de Barrio. Domingo S\u00e1nchez y Andri L\u00e1zaro son el cincuenta por ciento de este grupo que ha presentado en el magazine \u00c1rea Lorca Actualidad su tema \u00abPensamiento rebelde\u00bb que ya suena en la [&hellip;]<\/p>\n","protected":false},"author":1,"featured_media":4738,"comment_status":"open","ping_status":"open","sticky":false,"template":"","format":"standard","meta":{"iawp_total_views":701,"footnotes":""},"categories":[5,7],"tags":[],"class_list":["post-4735","post","type-post","status-publish","format-standard","has-post-thumbnail","hentry","category-actualidad","category-lorca"],"yoast_head":"<!-- This site is optimized with the Yoast SEO plugin v27.5 - https:\/\/yoast.com\/product\/yoast-seo-wordpress\/ -->\n<title>El grupo musical lorquino &quot;Son de Barrio&quot; presenta en \u00c1rea Lorca Radio su tema, Pensamiento rebelde - AREA LORCA RADIO<\/title>\n<meta name=\"robots\" content=\"index, follow, max-snippet:-1, max-image-preview:large, max-video-preview:-1\" \/>\n<link rel=\"canonical\" href=\"https:\/\/arealorcaradio.es\/index.php\/2024\/11\/19\/el-grupo-musical-lorquino-son-de-barrio-presenta-en-area-lorca-radio-su-tema-pensamiento-rebelde\/\" \/>\n<meta property=\"og:locale\" content=\"es_ES\" \/>\n<meta property=\"og:type\" content=\"article\" \/>\n<meta property=\"og:title\" content=\"El grupo musical lorquino &quot;Son de Barrio&quot; presenta en \u00c1rea Lorca Radio su tema, Pensamiento rebelde - AREA LORCA RADIO\" \/>\n<meta property=\"og:description\" content=\"\u00c1REA LORCA RADIO. 19-11-24. Escucha aqu\u00ed la entrevista que han concedido a Paco S\u00e1nchez dos de los cuatro integrantes del grupo Son de Barrio. Domingo S\u00e1nchez y Andri L\u00e1zaro son el cincuenta por ciento de este grupo que ha presentado en el magazine \u00c1rea Lorca Actualidad su tema \u00abPensamiento rebelde\u00bb que ya suena en la [&hellip;]\" \/>\n<meta property=\"og:url\" content=\"https:\/\/arealorcaradio.es\/index.php\/2024\/11\/19\/el-grupo-musical-lorquino-son-de-barrio-presenta-en-area-lorca-radio-su-tema-pensamiento-rebelde\/\" \/>\n<meta property=\"og:site_name\" content=\"AREA LORCA RADIO\" \/>\n<meta property=\"article:published_time\" content=\"2024-11-19T19:31:26+00:00\" \/>\n<meta property=\"og:image\" content=\"https:\/\/arealorcaradio.es\/wp-content\/uploads\/2024\/11\/Son-de-Barrio.jpg\" \/>\n\t<meta property=\"og:image:width\" content=\"1600\" \/>\n\t<meta property=\"og:image:height\" content=\"720\" \/>\n\t<meta property=\"og:image:type\" content=\"image\/jpeg\" \/>\n<meta name=\"author\" content=\"Paco S\u00e1nchez\" \/>\n<meta name=\"twitter:card\" content=\"summary_large_image\" \/>\n<meta name=\"twitter:label1\" content=\"Escrito por\" \/>\n\t<meta name=\"twitter:data1\" content=\"Paco S\u00e1nchez\" \/>\n\t<meta name=\"twitter:label2\" content=\"Tiempo de lectura\" \/>\n\t<meta name=\"twitter:data2\" content=\"1 minuto\" \/>\n<script type=\"application\/ld+json\" class=\"yoast-schema-graph\">{\"@context\":\"https:\\\/\\\/schema.org\",\"@graph\":[{\"@type\":\"Article\",\"@id\":\"https:\\\/\\\/arealorcaradio.es\\\/index.php\\\/2024\\\/11\\\/19\\\/el-grupo-musical-lorquino-son-de-barrio-presenta-en-area-lorca-radio-su-tema-pensamiento-rebelde\\\/#article\",\"isPartOf\":{\"@id\":\"https:\\\/\\\/arealorcaradio.es\\\/index.php\\\/2024\\\/11\\\/19\\\/el-grupo-musical-lorquino-son-de-barrio-presenta-en-area-lorca-radio-su-tema-pensamiento-rebelde\\\/\"},\"author\":{\"name\":\"Paco S\u00e1nchez\",\"@id\":\"https:\\\/\\\/arealorcaradio.es\\\/#\\\/schema\\\/person\\\/9fae605fc25b0f2c83c1ab207139bd27\"},\"headline\":\"El grupo musical lorquino \u00abSon de Barrio\u00bb presenta en \u00c1rea Lorca Radio su tema, Pensamiento rebelde\",\"datePublished\":\"2024-11-19T19:31:26+00:00\",\"mainEntityOfPage\":{\"@id\":\"https:\\\/\\\/arealorcaradio.es\\\/index.php\\\/2024\\\/11\\\/19\\\/el-grupo-musical-lorquino-son-de-barrio-presenta-en-area-lorca-radio-su-tema-pensamiento-rebelde\\\/\"},\"wordCount\":92,\"commentCount\":0,\"image\":{\"@id\":\"https:\\\/\\\/arealorcaradio.es\\\/index.php\\\/2024\\\/11\\\/19\\\/el-grupo-musical-lorquino-son-de-barrio-presenta-en-area-lorca-radio-su-tema-pensamiento-rebelde\\\/#primaryimage\"},\"thumbnailUrl\":\"https:\\\/\\\/arealorcaradio.es\\\/wp-content\\\/uploads\\\/2024\\\/11\\\/Son-de-Barrio.jpg\",\"articleSection\":[\"ACTUALIDAD\",\"LORCA\"],\"inLanguage\":\"es\",\"potentialAction\":[{\"@type\":\"CommentAction\",\"name\":\"Comment\",\"target\":[\"https:\\\/\\\/arealorcaradio.es\\\/index.php\\\/2024\\\/11\\\/19\\\/el-grupo-musical-lorquino-son-de-barrio-presenta-en-area-lorca-radio-su-tema-pensamiento-rebelde\\\/#respond\"]}]},{\"@type\":\"WebPage\",\"@id\":\"https:\\\/\\\/arealorcaradio.es\\\/index.php\\\/2024\\\/11\\\/19\\\/el-grupo-musical-lorquino-son-de-barrio-presenta-en-area-lorca-radio-su-tema-pensamiento-rebelde\\\/\",\"url\":\"https:\\\/\\\/arealorcaradio.es\\\/index.php\\\/2024\\\/11\\\/19\\\/el-grupo-musical-lorquino-son-de-barrio-presenta-en-area-lorca-radio-su-tema-pensamiento-rebelde\\\/\",\"name\":\"El grupo musical lorquino \\\"Son de Barrio\\\" presenta en \u00c1rea Lorca Radio su tema, Pensamiento rebelde - AREA LORCA RADIO\",\"isPartOf\":{\"@id\":\"https:\\\/\\\/arealorcaradio.es\\\/#website\"},\"primaryImageOfPage\":{\"@id\":\"https:\\\/\\\/arealorcaradio.es\\\/index.php\\\/2024\\\/11\\\/19\\\/el-grupo-musical-lorquino-son-de-barrio-presenta-en-area-lorca-radio-su-tema-pensamiento-rebelde\\\/#primaryimage\"},\"image\":{\"@id\":\"https:\\\/\\\/arealorcaradio.es\\\/index.php\\\/2024\\\/11\\\/19\\\/el-grupo-musical-lorquino-son-de-barrio-presenta-en-area-lorca-radio-su-tema-pensamiento-rebelde\\\/#primaryimage\"},\"thumbnailUrl\":\"https:\\\/\\\/arealorcaradio.es\\\/wp-content\\\/uploads\\\/2024\\\/11\\\/Son-de-Barrio.jpg\",\"datePublished\":\"2024-11-19T19:31:26+00:00\",\"author\":{\"@id\":\"https:\\\/\\\/arealorcaradio.es\\\/#\\\/schema\\\/person\\\/9fae605fc25b0f2c83c1ab207139bd27\"},\"breadcrumb\":{\"@id\":\"https:\\\/\\\/arealorcaradio.es\\\/index.php\\\/2024\\\/11\\\/19\\\/el-grupo-musical-lorquino-son-de-barrio-presenta-en-area-lorca-radio-su-tema-pensamiento-rebelde\\\/#breadcrumb\"},\"inLanguage\":\"es\",\"potentialAction\":[{\"@type\":\"ReadAction\",\"target\":[\"https:\\\/\\\/arealorcaradio.es\\\/index.php\\\/2024\\\/11\\\/19\\\/el-grupo-musical-lorquino-son-de-barrio-presenta-en-area-lorca-radio-su-tema-pensamiento-rebelde\\\/\"]}]},{\"@type\":\"ImageObject\",\"inLanguage\":\"es\",\"@id\":\"https:\\\/\\\/arealorcaradio.es\\\/index.php\\\/2024\\\/11\\\/19\\\/el-grupo-musical-lorquino-son-de-barrio-presenta-en-area-lorca-radio-su-tema-pensamiento-rebelde\\\/#primaryimage\",\"url\":\"https:\\\/\\\/arealorcaradio.es\\\/wp-content\\\/uploads\\\/2024\\\/11\\\/Son-de-Barrio.jpg\",\"contentUrl\":\"https:\\\/\\\/arealorcaradio.es\\\/wp-content\\\/uploads\\\/2024\\\/11\\\/Son-de-Barrio.jpg\",\"width\":1600,\"height\":720},{\"@type\":\"BreadcrumbList\",\"@id\":\"https:\\\/\\\/arealorcaradio.es\\\/index.php\\\/2024\\\/11\\\/19\\\/el-grupo-musical-lorquino-son-de-barrio-presenta-en-area-lorca-radio-su-tema-pensamiento-rebelde\\\/#breadcrumb\",\"itemListElement\":[{\"@type\":\"ListItem\",\"position\":1,\"name\":\"Portada\",\"item\":\"https:\\\/\\\/arealorcaradio.es\\\/\"},{\"@type\":\"ListItem\",\"position\":2,\"name\":\"El grupo musical lorquino \u00abSon de Barrio\u00bb presenta en \u00c1rea Lorca Radio su tema, Pensamiento rebelde\"}]},{\"@type\":\"WebSite\",\"@id\":\"https:\\\/\\\/arealorcaradio.es\\\/#website\",\"url\":\"https:\\\/\\\/arealorcaradio.es\\\/\",\"name\":\"AREA LORCA RADIO\",\"description\":\"Descubre la programaci\u00f3n actual en \u00c1rea Lorca Radio, tu fuente de entrenamiento y noticias locales. Sintoniza ahora y mantente conectado online.\",\"potentialAction\":[{\"@type\":\"SearchAction\",\"target\":{\"@type\":\"EntryPoint\",\"urlTemplate\":\"https:\\\/\\\/arealorcaradio.es\\\/?s={search_term_string}\"},\"query-input\":{\"@type\":\"PropertyValueSpecification\",\"valueRequired\":true,\"valueName\":\"search_term_string\"}}],\"inLanguage\":\"es\"},{\"@type\":\"Person\",\"@id\":\"https:\\\/\\\/arealorcaradio.es\\\/#\\\/schema\\\/person\\\/9fae605fc25b0f2c83c1ab207139bd27\",\"name\":\"Paco S\u00e1nchez\",\"image\":{\"@type\":\"ImageObject\",\"inLanguage\":\"es\",\"@id\":\"https:\\\/\\\/secure.gravatar.com\\\/avatar\\\/d67144e966420fb74aa84c9f2a0103be4724fd14db52b52d3b6bca749f257e79?s=96&d=mm&r=g\",\"url\":\"https:\\\/\\\/secure.gravatar.com\\\/avatar\\\/d67144e966420fb74aa84c9f2a0103be4724fd14db52b52d3b6bca749f257e79?s=96&d=mm&r=g\",\"contentUrl\":\"https:\\\/\\\/secure.gravatar.com\\\/avatar\\\/d67144e966420fb74aa84c9f2a0103be4724fd14db52b52d3b6bca749f257e79?s=96&d=mm&r=g\",\"caption\":\"Paco S\u00e1nchez\"},\"sameAs\":[\"https:\\\/\\\/arealorcaradio.es\"],\"url\":\"https:\\\/\\\/arealorcaradio.es\\\/index.php\\\/author\\\/admin_alorcaradio\\\/\"}]}<\/script>\n<!-- \/ Yoast SEO plugin. -->","yoast_head_json":{"title":"El grupo musical lorquino \"Son de Barrio\" presenta en \u00c1rea Lorca Radio su tema, Pensamiento rebelde - AREA LORCA RADIO","robots":{"index":"index","follow":"follow","max-snippet":"max-snippet:-1","max-image-preview":"max-image-preview:large","max-video-preview":"max-video-preview:-1"},"canonical":"https:\/\/arealorcaradio.es\/index.php\/2024\/11\/19\/el-grupo-musical-lorquino-son-de-barrio-presenta-en-area-lorca-radio-su-tema-pensamiento-rebelde\/","og_locale":"es_ES","og_type":"article","og_title":"El grupo musical lorquino \"Son de Barrio\" presenta en \u00c1rea Lorca Radio su tema, Pensamiento rebelde - AREA LORCA RADIO","og_description":"\u00c1REA LORCA RADIO. 19-11-24. Escucha aqu\u00ed la entrevista que han concedido a Paco S\u00e1nchez dos de los cuatro integrantes del grupo Son de Barrio. Domingo S\u00e1nchez y Andri L\u00e1zaro son el cincuenta por ciento de este grupo que ha presentado en el magazine \u00c1rea Lorca Actualidad su tema \u00abPensamiento rebelde\u00bb que ya suena en la [&hellip;]","og_url":"https:\/\/arealorcaradio.es\/index.php\/2024\/11\/19\/el-grupo-musical-lorquino-son-de-barrio-presenta-en-area-lorca-radio-su-tema-pensamiento-rebelde\/","og_site_name":"AREA LORCA RADIO","article_published_time":"2024-11-19T19:31:26+00:00","og_image":[{"width":1600,"height":720,"url":"https:\/\/arealorcaradio.es\/wp-content\/uploads\/2024\/11\/Son-de-Barrio.jpg","type":"image\/jpeg"}],"author":"Paco S\u00e1nchez","twitter_card":"summary_large_image","twitter_misc":{"Escrito por":"Paco S\u00e1nchez","Tiempo de lectura":"1 minuto"},"schema":{"@context":"https:\/\/schema.org","@graph":[{"@type":"Article","@id":"https:\/\/arealorcaradio.es\/index.php\/2024\/11\/19\/el-grupo-musical-lorquino-son-de-barrio-presenta-en-area-lorca-radio-su-tema-pensamiento-rebelde\/#article","isPartOf":{"@id":"https:\/\/arealorcaradio.es\/index.php\/2024\/11\/19\/el-grupo-musical-lorquino-son-de-barrio-presenta-en-area-lorca-radio-su-tema-pensamiento-rebelde\/"},"author":{"name":"Paco S\u00e1nchez","@id":"https:\/\/arealorcaradio.es\/#\/schema\/person\/9fae605fc25b0f2c83c1ab207139bd27"},"headline":"El grupo musical lorquino \u00abSon de Barrio\u00bb presenta en \u00c1rea Lorca Radio su tema, Pensamiento rebelde","datePublished":"2024-11-19T19:31:26+00:00","mainEntityOfPage":{"@id":"https:\/\/arealorcaradio.es\/index.php\/2024\/11\/19\/el-grupo-musical-lorquino-son-de-barrio-presenta-en-area-lorca-radio-su-tema-pensamiento-rebelde\/"},"wordCount":92,"commentCount":0,"image":{"@id":"https:\/\/arealorcaradio.es\/index.php\/2024\/11\/19\/el-grupo-musical-lorquino-son-de-barrio-presenta-en-area-lorca-radio-su-tema-pensamiento-rebelde\/#primaryimage"},"thumbnailUrl":"https:\/\/arealorcaradio.es\/wp-content\/uploads\/2024\/11\/Son-de-Barrio.jpg","articleSection":["ACTUALIDAD","LORCA"],"inLanguage":"es","potentialAction":[{"@type":"CommentAction","name":"Comment","target":["https:\/\/arealorcaradio.es\/index.php\/2024\/11\/19\/el-grupo-musical-lorquino-son-de-barrio-presenta-en-area-lorca-radio-su-tema-pensamiento-rebelde\/#respond"]}]},{"@type":"WebPage","@id":"https:\/\/arealorcaradio.es\/index.php\/2024\/11\/19\/el-grupo-musical-lorquino-son-de-barrio-presenta-en-area-lorca-radio-su-tema-pensamiento-rebelde\/","url":"https:\/\/arealorcaradio.es\/index.php\/2024\/11\/19\/el-grupo-musical-lorquino-son-de-barrio-presenta-en-area-lorca-radio-su-tema-pensamiento-rebelde\/","name":"El grupo musical lorquino \"Son de Barrio\" presenta en \u00c1rea Lorca Radio su tema, Pensamiento rebelde - AREA LORCA RADIO","isPartOf":{"@id":"https:\/\/arealorcaradio.es\/#website"},"primaryImageOfPage":{"@id":"https:\/\/arealorcaradio.es\/index.php\/2024\/11\/19\/el-grupo-musical-lorquino-son-de-barrio-presenta-en-area-lorca-radio-su-tema-pensamiento-rebelde\/#primaryimage"},"image":{"@id":"https:\/\/arealorcaradio.es\/index.php\/2024\/11\/19\/el-grupo-musical-lorquino-son-de-barrio-presenta-en-area-lorca-radio-su-tema-pensamiento-rebelde\/#primaryimage"},"thumbnailUrl":"https:\/\/arealorcaradio.es\/wp-content\/uploads\/2024\/11\/Son-de-Barrio.jpg","datePublished":"2024-11-19T19:31:26+00:00","author":{"@id":"https:\/\/arealorcaradio.es\/#\/schema\/person\/9fae605fc25b0f2c83c1ab207139bd27"},"breadcrumb":{"@id":"https:\/\/arealorcaradio.es\/index.php\/2024\/11\/19\/el-grupo-musical-lorquino-son-de-barrio-presenta-en-area-lorca-radio-su-tema-pensamiento-rebelde\/#breadcrumb"},"inLanguage":"es","potentialAction":[{"@type":"ReadAction","target":["https:\/\/arealorcaradio.es\/index.php\/2024\/11\/19\/el-grupo-musical-lorquino-son-de-barrio-presenta-en-area-lorca-radio-su-tema-pensamiento-rebelde\/"]}]},{"@type":"ImageObject","inLanguage":"es","@id":"https:\/\/arealorcaradio.es\/index.php\/2024\/11\/19\/el-grupo-musical-lorquino-son-de-barrio-presenta-en-area-lorca-radio-su-tema-pensamiento-rebelde\/#primaryimage","url":"https:\/\/arealorcaradio.es\/wp-content\/uploads\/2024\/11\/Son-de-Barrio.jpg","contentUrl":"https:\/\/arealorcaradio.es\/wp-content\/uploads\/2024\/11\/Son-de-Barrio.jpg","width":1600,"height":720},{"@type":"BreadcrumbList","@id":"https:\/\/arealorcaradio.es\/index.php\/2024\/11\/19\/el-grupo-musical-lorquino-son-de-barrio-presenta-en-area-lorca-radio-su-tema-pensamiento-rebelde\/#breadcrumb","itemListElement":[{"@type":"ListItem","position":1,"name":"Portada","item":"https:\/\/arealorcaradio.es\/"},{"@type":"ListItem","position":2,"name":"El grupo musical lorquino \u00abSon de Barrio\u00bb presenta en \u00c1rea Lorca Radio su tema, Pensamiento rebelde"}]},{"@type":"WebSite","@id":"https:\/\/arealorcaradio.es\/#website","url":"https:\/\/arealorcaradio.es\/","name":"AREA LORCA RADIO","description":"Descubre la programaci\u00f3n actual en \u00c1rea Lorca Radio, tu fuente de entrenamiento y noticias locales. Sintoniza ahora y mantente conectado online.","potentialAction":[{"@type":"SearchAction","target":{"@type":"EntryPoint","urlTemplate":"https:\/\/arealorcaradio.es\/?s={search_term_string}"},"query-input":{"@type":"PropertyValueSpecification","valueRequired":true,"valueName":"search_term_string"}}],"inLanguage":"es"},{"@type":"Person","@id":"https:\/\/arealorcaradio.es\/#\/schema\/person\/9fae605fc25b0f2c83c1ab207139bd27","name":"Paco S\u00e1nchez","image":{"@type":"ImageObject","inLanguage":"es","@id":"https:\/\/secure.gravatar.com\/avatar\/d67144e966420fb74aa84c9f2a0103be4724fd14db52b52d3b6bca749f257e79?s=96&d=mm&r=g","url":"https:\/\/secure.gravatar.com\/avatar\/d67144e966420fb74aa84c9f2a0103be4724fd14db52b52d3b6bca749f257e79?s=96&d=mm&r=g","contentUrl":"https:\/\/secure.gravatar.com\/avatar\/d67144e966420fb74aa84c9f2a0103be4724fd14db52b52d3b6bca749f257e79?s=96&d=mm&r=g","caption":"Paco S\u00e1nchez"},"sameAs":["https:\/\/arealorcaradio.es"],"url":"https:\/\/arealorcaradio.es\/index.php\/author\/admin_alorcaradio\/"}]}},"_links":{"self":[{"href":"https:\/\/arealorcaradio.es\/index.php\/wp-json\/wp\/v2\/posts\/4735","targetHints":{"allow":["GET"]}}],"collection":[{"href":"https:\/\/arealorcaradio.es\/index.php\/wp-json\/wp\/v2\/posts"}],"about":[{"href":"https:\/\/arealorcaradio.es\/index.php\/wp-json\/wp\/v2\/types\/post"}],"author":[{"embeddable":true,"href":"https:\/\/arealorcaradio.es\/index.php\/wp-json\/wp\/v2\/users\/1"}],"replies":[{"embeddable":true,"href":"https:\/\/arealorcaradio.es\/index.php\/wp-json\/wp\/v2\/comments?post=4735"}],"version-history":[{"count":1,"href":"https:\/\/arealorcaradio.es\/index.php\/wp-json\/wp\/v2\/posts\/4735\/revisions"}],"predecessor-version":[{"id":4739,"href":"https:\/\/arealorcaradio.es\/index.php\/wp-json\/wp\/v2\/posts\/4735\/revisions\/4739"}],"wp:featuredmedia":[{"embeddable":true,"href":"https:\/\/arealorcaradio.es\/index.php\/wp-json\/wp\/v2\/media\/4738"}],"wp:attachment":[{"href":"https:\/\/arealorcaradio.es\/index.php\/wp-json\/wp\/v2\/media?parent=4735"}],"wp:term":[{"taxonomy":"category","embeddable":true,"href":"https:\/\/arealorcaradio.es\/index.php\/wp-json\/wp\/v2\/categories?post=4735"},{"taxonomy":"post_tag","embeddable":true,"href":"https:\/\/arealorcaradio.es\/index.php\/wp-json\/wp\/v2\/tags?post=4735"}],"curies":[{"name":"wp","href":"https:\/\/api.w.org\/{rel}","templated":true}]}}