{"id":473,"date":"2023-03-31T11:49:29","date_gmt":"2023-03-31T11:49:29","guid":{"rendered":"https:\/\/arealorcaradio.es\/?p=473"},"modified":"2023-03-31T11:49:29","modified_gmt":"2023-03-31T11:49:29","slug":"area-lorca-radio-realiza-su-programa-especial-de-semana-santa-2023","status":"publish","type":"post","link":"https:\/\/arealorcaradio.es\/index.php\/2023\/03\/31\/area-lorca-radio-realiza-su-programa-especial-de-semana-santa-2023\/","title":{"rendered":"\u00c1rea Lorca Radio realiza su programa especial de Semana Santa 2023"},"content":{"rendered":"<p>\u00c1REA LORCA RADIO.<\/p>\n<p>Este a\u00f1o, \u00c1rea Lorca Radio eleg\u00eda el d\u00eda 30 de marzo para realizar su programa especial de Semana Santa 2023, coincidiendo con el inicio de diez d\u00edas de \u00abUna pasi\u00f3n diferente\u00bb que arrancaba con la Serenata a la Virgen de los Dolores en la Iglesia de San Francisco a las 00:00 horas, lugar donde se congregaron miles de azules.<\/p>\n<p>En esta edici\u00f3n, presentada una vez m\u00e1s por Paco S\u00e1nchez y Mari Paz G\u00f3mez, el programa cont\u00f3 con la presencia del presidente del Paso Azul, Jos\u00e9 Mar\u00eda Mi\u00f1arro, el presidente del Paso Blanco, Ram\u00f3n Mateos, el director del ITREM, Juan Francisco Mart\u00ednez, el presidente del Paso Encarnado, Alberto Secada, el presidente del Paso Morado, \u00c1ngel Latorre, el presidente del Paso Negro-La Curia, Jos\u00e9 Mar\u00eda Campoy, el vicepresidente de la Archicofrad\u00eda del Resucitado, Francisco M\u00e9ndez y el presidente de Hostelor, Jes\u00fas Abellaneda.<\/p>\n<p>Galer\u00eda de fotos: Especial de Semana Santa 2023 de \u00c1rea Lorca Radio.<\/p>\n<p><img loading=\"lazy\" decoding=\"async\" class=\"alignnone size-medium wp-image-477\" src=\"https:\/\/arealorcaradio.es\/wp-content\/uploads\/2023\/03\/DSCN0832-300x225.jpg\" alt=\"\" width=\"300\" height=\"225\" srcset=\"https:\/\/arealorcaradio.es\/wp-content\/uploads\/2023\/03\/DSCN0832-300x225.jpg 300w, https:\/\/arealorcaradio.es\/wp-content\/uploads\/2023\/03\/DSCN0832-1024x768.jpg 1024w, https:\/\/arealorcaradio.es\/wp-content\/uploads\/2023\/03\/DSCN0832-768x576.jpg 768w, https:\/\/arealorcaradio.es\/wp-content\/uploads\/2023\/03\/DSCN0832-1536x1152.jpg 1536w, https:\/\/arealorcaradio.es\/wp-content\/uploads\/2023\/03\/DSCN0832-2048x1536.jpg 2048w, https:\/\/arealorcaradio.es\/wp-content\/uploads\/2023\/03\/DSCN0832-86x64.jpg 86w\" sizes=\"auto, (max-width: 300px) 100vw, 300px\" \/> \u00a0<img loading=\"lazy\" decoding=\"async\" class=\"alignnone size-medium wp-image-478\" src=\"https:\/\/arealorcaradio.es\/wp-content\/uploads\/2023\/03\/DSCN0820-300x225.jpg\" alt=\"\" width=\"300\" height=\"225\" srcset=\"https:\/\/arealorcaradio.es\/wp-content\/uploads\/2023\/03\/DSCN0820-300x225.jpg 300w, https:\/\/arealorcaradio.es\/wp-content\/uploads\/2023\/03\/DSCN0820-1024x768.jpg 1024w, https:\/\/arealorcaradio.es\/wp-content\/uploads\/2023\/03\/DSCN0820-768x576.jpg 768w, https:\/\/arealorcaradio.es\/wp-content\/uploads\/2023\/03\/DSCN0820-1536x1152.jpg 1536w, https:\/\/arealorcaradio.es\/wp-content\/uploads\/2023\/03\/DSCN0820-2048x1536.jpg 2048w, https:\/\/arealorcaradio.es\/wp-content\/uploads\/2023\/03\/DSCN0820-86x64.jpg 86w\" sizes=\"auto, (max-width: 300px) 100vw, 300px\" \/><\/p>\n<p><img loading=\"lazy\" decoding=\"async\" class=\"alignnone size-medium wp-image-479\" src=\"https:\/\/arealorcaradio.es\/wp-content\/uploads\/2023\/03\/DSCN0821-300x225.jpg\" alt=\"\" width=\"300\" height=\"225\" srcset=\"https:\/\/arealorcaradio.es\/wp-content\/uploads\/2023\/03\/DSCN0821-300x225.jpg 300w, https:\/\/arealorcaradio.es\/wp-content\/uploads\/2023\/03\/DSCN0821-1024x768.jpg 1024w, https:\/\/arealorcaradio.es\/wp-content\/uploads\/2023\/03\/DSCN0821-768x576.jpg 768w, https:\/\/arealorcaradio.es\/wp-content\/uploads\/2023\/03\/DSCN0821-1536x1152.jpg 1536w, https:\/\/arealorcaradio.es\/wp-content\/uploads\/2023\/03\/DSCN0821-2048x1536.jpg 2048w, https:\/\/arealorcaradio.es\/wp-content\/uploads\/2023\/03\/DSCN0821-86x64.jpg 86w\" sizes=\"auto, (max-width: 300px) 100vw, 300px\" \/>\u00a0 <img loading=\"lazy\" decoding=\"async\" class=\"alignnone size-medium wp-image-480\" src=\"https:\/\/arealorcaradio.es\/wp-content\/uploads\/2023\/03\/DSCN0827-300x225.jpg\" alt=\"\" width=\"300\" height=\"225\" srcset=\"https:\/\/arealorcaradio.es\/wp-content\/uploads\/2023\/03\/DSCN0827-300x225.jpg 300w, https:\/\/arealorcaradio.es\/wp-content\/uploads\/2023\/03\/DSCN0827-1024x768.jpg 1024w, https:\/\/arealorcaradio.es\/wp-content\/uploads\/2023\/03\/DSCN0827-768x576.jpg 768w, https:\/\/arealorcaradio.es\/wp-content\/uploads\/2023\/03\/DSCN0827-1536x1152.jpg 1536w, https:\/\/arealorcaradio.es\/wp-content\/uploads\/2023\/03\/DSCN0827-2048x1536.jpg 2048w, https:\/\/arealorcaradio.es\/wp-content\/uploads\/2023\/03\/DSCN0827-86x64.jpg 86w\" sizes=\"auto, (max-width: 300px) 100vw, 300px\" \/><\/p>\n<p><img loading=\"lazy\" decoding=\"async\" class=\"alignnone size-medium wp-image-481\" src=\"https:\/\/arealorcaradio.es\/wp-content\/uploads\/2023\/03\/DSCN0835-300x225.jpg\" alt=\"\" width=\"300\" height=\"225\" srcset=\"https:\/\/arealorcaradio.es\/wp-content\/uploads\/2023\/03\/DSCN0835-300x225.jpg 300w, https:\/\/arealorcaradio.es\/wp-content\/uploads\/2023\/03\/DSCN0835-1024x768.jpg 1024w, https:\/\/arealorcaradio.es\/wp-content\/uploads\/2023\/03\/DSCN0835-768x576.jpg 768w, https:\/\/arealorcaradio.es\/wp-content\/uploads\/2023\/03\/DSCN0835-1536x1152.jpg 1536w, https:\/\/arealorcaradio.es\/wp-content\/uploads\/2023\/03\/DSCN0835-2048x1536.jpg 2048w, https:\/\/arealorcaradio.es\/wp-content\/uploads\/2023\/03\/DSCN0835-86x64.jpg 86w\" sizes=\"auto, (max-width: 300px) 100vw, 300px\" \/> \u00a0 <img loading=\"lazy\" decoding=\"async\" class=\"alignnone size-medium wp-image-482\" src=\"https:\/\/arealorcaradio.es\/wp-content\/uploads\/2023\/03\/DSCN0840-300x225.jpg\" alt=\"\" width=\"300\" height=\"225\" srcset=\"https:\/\/arealorcaradio.es\/wp-content\/uploads\/2023\/03\/DSCN0840-300x225.jpg 300w, https:\/\/arealorcaradio.es\/wp-content\/uploads\/2023\/03\/DSCN0840-1024x768.jpg 1024w, https:\/\/arealorcaradio.es\/wp-content\/uploads\/2023\/03\/DSCN0840-768x576.jpg 768w, https:\/\/arealorcaradio.es\/wp-content\/uploads\/2023\/03\/DSCN0840-1536x1152.jpg 1536w, https:\/\/arealorcaradio.es\/wp-content\/uploads\/2023\/03\/DSCN0840-2048x1536.jpg 2048w, https:\/\/arealorcaradio.es\/wp-content\/uploads\/2023\/03\/DSCN0840-86x64.jpg 86w\" sizes=\"auto, (max-width: 300px) 100vw, 300px\" \/><\/p>\n<p><img loading=\"lazy\" decoding=\"async\" class=\"alignnone wp-image-483\" src=\"https:\/\/arealorcaradio.es\/wp-content\/uploads\/2023\/03\/DSCN0846-300x225.jpg\" alt=\"\" width=\"300\" height=\"225\" srcset=\"https:\/\/arealorcaradio.es\/wp-content\/uploads\/2023\/03\/DSCN0846-300x225.jpg 300w, https:\/\/arealorcaradio.es\/wp-content\/uploads\/2023\/03\/DSCN0846-1024x768.jpg 1024w, https:\/\/arealorcaradio.es\/wp-content\/uploads\/2023\/03\/DSCN0846-768x576.jpg 768w, https:\/\/arealorcaradio.es\/wp-content\/uploads\/2023\/03\/DSCN0846-1536x1152.jpg 1536w, https:\/\/arealorcaradio.es\/wp-content\/uploads\/2023\/03\/DSCN0846-2048x1536.jpg 2048w, https:\/\/arealorcaradio.es\/wp-content\/uploads\/2023\/03\/DSCN0846-86x64.jpg 86w\" sizes=\"auto, (max-width: 300px) 100vw, 300px\" \/> \u00a0<img loading=\"lazy\" decoding=\"async\" class=\"alignnone size-medium wp-image-484\" src=\"https:\/\/arealorcaradio.es\/wp-content\/uploads\/2023\/03\/DSCN0848-300x225.jpg\" alt=\"\" width=\"300\" height=\"225\" srcset=\"https:\/\/arealorcaradio.es\/wp-content\/uploads\/2023\/03\/DSCN0848-300x225.jpg 300w, https:\/\/arealorcaradio.es\/wp-content\/uploads\/2023\/03\/DSCN0848-1024x768.jpg 1024w, https:\/\/arealorcaradio.es\/wp-content\/uploads\/2023\/03\/DSCN0848-768x576.jpg 768w, https:\/\/arealorcaradio.es\/wp-content\/uploads\/2023\/03\/DSCN0848-1536x1152.jpg 1536w, https:\/\/arealorcaradio.es\/wp-content\/uploads\/2023\/03\/DSCN0848-2048x1536.jpg 2048w, https:\/\/arealorcaradio.es\/wp-content\/uploads\/2023\/03\/DSCN0848-86x64.jpg 86w\" sizes=\"auto, (max-width: 300px) 100vw, 300px\" \/><\/p>\n<p><img loading=\"lazy\" decoding=\"async\" class=\"alignnone wp-image-485\" src=\"https:\/\/arealorcaradio.es\/wp-content\/uploads\/2023\/03\/DSCN0850-300x225.jpg\" alt=\"\" width=\"300\" height=\"225\" srcset=\"https:\/\/arealorcaradio.es\/wp-content\/uploads\/2023\/03\/DSCN0850-300x225.jpg 300w, https:\/\/arealorcaradio.es\/wp-content\/uploads\/2023\/03\/DSCN0850-1024x768.jpg 1024w, https:\/\/arealorcaradio.es\/wp-content\/uploads\/2023\/03\/DSCN0850-768x576.jpg 768w, https:\/\/arealorcaradio.es\/wp-content\/uploads\/2023\/03\/DSCN0850-1536x1152.jpg 1536w, https:\/\/arealorcaradio.es\/wp-content\/uploads\/2023\/03\/DSCN0850-2048x1536.jpg 2048w, https:\/\/arealorcaradio.es\/wp-content\/uploads\/2023\/03\/DSCN0850-86x64.jpg 86w\" sizes=\"auto, (max-width: 300px) 100vw, 300px\" \/>\u00a0 <img loading=\"lazy\" decoding=\"async\" class=\"alignnone size-medium wp-image-486\" src=\"https:\/\/arealorcaradio.es\/wp-content\/uploads\/2023\/03\/DSCN0863-300x225.jpg\" alt=\"\" width=\"300\" height=\"225\" srcset=\"https:\/\/arealorcaradio.es\/wp-content\/uploads\/2023\/03\/DSCN0863-300x225.jpg 300w, https:\/\/arealorcaradio.es\/wp-content\/uploads\/2023\/03\/DSCN0863-1024x768.jpg 1024w, https:\/\/arealorcaradio.es\/wp-content\/uploads\/2023\/03\/DSCN0863-768x576.jpg 768w, https:\/\/arealorcaradio.es\/wp-content\/uploads\/2023\/03\/DSCN0863-1536x1152.jpg 1536w, https:\/\/arealorcaradio.es\/wp-content\/uploads\/2023\/03\/DSCN0863-2048x1536.jpg 2048w, https:\/\/arealorcaradio.es\/wp-content\/uploads\/2023\/03\/DSCN0863-86x64.jpg 86w\" sizes=\"auto, (max-width: 300px) 100vw, 300px\" \/><\/p>\n<p><img loading=\"lazy\" decoding=\"async\" class=\"alignnone size-medium wp-image-487\" src=\"https:\/\/arealorcaradio.es\/wp-content\/uploads\/2023\/03\/DSCN0858-300x225.jpg\" alt=\"\" width=\"300\" height=\"225\" srcset=\"https:\/\/arealorcaradio.es\/wp-content\/uploads\/2023\/03\/DSCN0858-300x225.jpg 300w, https:\/\/arealorcaradio.es\/wp-content\/uploads\/2023\/03\/DSCN0858-1024x768.jpg 1024w, https:\/\/arealorcaradio.es\/wp-content\/uploads\/2023\/03\/DSCN0858-768x576.jpg 768w, https:\/\/arealorcaradio.es\/wp-content\/uploads\/2023\/03\/DSCN0858-1536x1152.jpg 1536w, https:\/\/arealorcaradio.es\/wp-content\/uploads\/2023\/03\/DSCN0858-2048x1536.jpg 2048w, https:\/\/arealorcaradio.es\/wp-content\/uploads\/2023\/03\/DSCN0858-86x64.jpg 86w\" sizes=\"auto, (max-width: 300px) 100vw, 300px\" \/>\u00a0 <img loading=\"lazy\" decoding=\"async\" class=\"alignnone size-medium wp-image-488\" src=\"https:\/\/arealorcaradio.es\/wp-content\/uploads\/2023\/03\/DSCN0865-300x225.jpg\" alt=\"\" width=\"300\" height=\"225\" srcset=\"https:\/\/arealorcaradio.es\/wp-content\/uploads\/2023\/03\/DSCN0865-300x225.jpg 300w, https:\/\/arealorcaradio.es\/wp-content\/uploads\/2023\/03\/DSCN0865-1024x768.jpg 1024w, https:\/\/arealorcaradio.es\/wp-content\/uploads\/2023\/03\/DSCN0865-768x576.jpg 768w, https:\/\/arealorcaradio.es\/wp-content\/uploads\/2023\/03\/DSCN0865-1536x1152.jpg 1536w, https:\/\/arealorcaradio.es\/wp-content\/uploads\/2023\/03\/DSCN0865-2048x1536.jpg 2048w, https:\/\/arealorcaradio.es\/wp-content\/uploads\/2023\/03\/DSCN0865-86x64.jpg 86w\" sizes=\"auto, (max-width: 300px) 100vw, 300px\" \/><\/p>\n<p><img loading=\"lazy\" decoding=\"async\" class=\"alignnone size-medium wp-image-489\" src=\"https:\/\/arealorcaradio.es\/wp-content\/uploads\/2023\/03\/DSCN0874-300x225.jpg\" alt=\"\" width=\"300\" height=\"225\" srcset=\"https:\/\/arealorcaradio.es\/wp-content\/uploads\/2023\/03\/DSCN0874-300x225.jpg 300w, https:\/\/arealorcaradio.es\/wp-content\/uploads\/2023\/03\/DSCN0874-1024x768.jpg 1024w, https:\/\/arealorcaradio.es\/wp-content\/uploads\/2023\/03\/DSCN0874-768x576.jpg 768w, https:\/\/arealorcaradio.es\/wp-content\/uploads\/2023\/03\/DSCN0874-1536x1152.jpg 1536w, https:\/\/arealorcaradio.es\/wp-content\/uploads\/2023\/03\/DSCN0874-2048x1536.jpg 2048w, https:\/\/arealorcaradio.es\/wp-content\/uploads\/2023\/03\/DSCN0874-86x64.jpg 86w\" sizes=\"auto, (max-width: 300px) 100vw, 300px\" \/> \u00a0<img loading=\"lazy\" decoding=\"async\" class=\"alignnone size-medium wp-image-490\" src=\"https:\/\/arealorcaradio.es\/wp-content\/uploads\/2023\/03\/DSCN0872-300x225.jpg\" alt=\"\" width=\"300\" height=\"225\" srcset=\"https:\/\/arealorcaradio.es\/wp-content\/uploads\/2023\/03\/DSCN0872-300x225.jpg 300w, https:\/\/arealorcaradio.es\/wp-content\/uploads\/2023\/03\/DSCN0872-1024x768.jpg 1024w, https:\/\/arealorcaradio.es\/wp-content\/uploads\/2023\/03\/DSCN0872-768x576.jpg 768w, https:\/\/arealorcaradio.es\/wp-content\/uploads\/2023\/03\/DSCN0872-1536x1152.jpg 1536w, https:\/\/arealorcaradio.es\/wp-content\/uploads\/2023\/03\/DSCN0872-2048x1536.jpg 2048w, https:\/\/arealorcaradio.es\/wp-content\/uploads\/2023\/03\/DSCN0872-86x64.jpg 86w\" sizes=\"auto, (max-width: 300px) 100vw, 300px\" \/><\/p>\n<p><img loading=\"lazy\" decoding=\"async\" class=\"alignnone size-medium wp-image-491\" src=\"https:\/\/arealorcaradio.es\/wp-content\/uploads\/2023\/03\/DSCN0882-300x225.jpg\" alt=\"\" width=\"300\" height=\"225\" srcset=\"https:\/\/arealorcaradio.es\/wp-content\/uploads\/2023\/03\/DSCN0882-300x225.jpg 300w, https:\/\/arealorcaradio.es\/wp-content\/uploads\/2023\/03\/DSCN0882-1024x768.jpg 1024w, https:\/\/arealorcaradio.es\/wp-content\/uploads\/2023\/03\/DSCN0882-768x576.jpg 768w, https:\/\/arealorcaradio.es\/wp-content\/uploads\/2023\/03\/DSCN0882-1536x1152.jpg 1536w, https:\/\/arealorcaradio.es\/wp-content\/uploads\/2023\/03\/DSCN0882-2048x1536.jpg 2048w, https:\/\/arealorcaradio.es\/wp-content\/uploads\/2023\/03\/DSCN0882-86x64.jpg 86w\" sizes=\"auto, (max-width: 300px) 100vw, 300px\" \/>\u00a0 <img loading=\"lazy\" decoding=\"async\" class=\"alignnone size-medium wp-image-492\" src=\"https:\/\/arealorcaradio.es\/wp-content\/uploads\/2023\/03\/DSCN0883-300x225.jpg\" alt=\"\" width=\"300\" height=\"225\" srcset=\"https:\/\/arealorcaradio.es\/wp-content\/uploads\/2023\/03\/DSCN0883-300x225.jpg 300w, https:\/\/arealorcaradio.es\/wp-content\/uploads\/2023\/03\/DSCN0883-1024x768.jpg 1024w, https:\/\/arealorcaradio.es\/wp-content\/uploads\/2023\/03\/DSCN0883-768x576.jpg 768w, https:\/\/arealorcaradio.es\/wp-content\/uploads\/2023\/03\/DSCN0883-1536x1152.jpg 1536w, https:\/\/arealorcaradio.es\/wp-content\/uploads\/2023\/03\/DSCN0883-2048x1536.jpg 2048w, https:\/\/arealorcaradio.es\/wp-content\/uploads\/2023\/03\/DSCN0883-86x64.jpg 86w\" sizes=\"auto, (max-width: 300px) 100vw, 300px\" \/><\/p>\n<p><img loading=\"lazy\" decoding=\"async\" class=\"alignnone size-medium wp-image-493\" src=\"https:\/\/arealorcaradio.es\/wp-content\/uploads\/2023\/03\/DSCN0892-300x225.jpg\" alt=\"\" width=\"300\" height=\"225\" srcset=\"https:\/\/arealorcaradio.es\/wp-content\/uploads\/2023\/03\/DSCN0892-300x225.jpg 300w, https:\/\/arealorcaradio.es\/wp-content\/uploads\/2023\/03\/DSCN0892-1024x768.jpg 1024w, https:\/\/arealorcaradio.es\/wp-content\/uploads\/2023\/03\/DSCN0892-768x576.jpg 768w, https:\/\/arealorcaradio.es\/wp-content\/uploads\/2023\/03\/DSCN0892-1536x1152.jpg 1536w, https:\/\/arealorcaradio.es\/wp-content\/uploads\/2023\/03\/DSCN0892-2048x1536.jpg 2048w, https:\/\/arealorcaradio.es\/wp-content\/uploads\/2023\/03\/DSCN0892-86x64.jpg 86w\" sizes=\"auto, (max-width: 300px) 100vw, 300px\" \/>\u00a0 <img loading=\"lazy\" decoding=\"async\" class=\"alignnone size-medium wp-image-494\" src=\"https:\/\/arealorcaradio.es\/wp-content\/uploads\/2023\/03\/DSCN0895-300x225.jpg\" alt=\"\" width=\"300\" height=\"225\" srcset=\"https:\/\/arealorcaradio.es\/wp-content\/uploads\/2023\/03\/DSCN0895-300x225.jpg 300w, https:\/\/arealorcaradio.es\/wp-content\/uploads\/2023\/03\/DSCN0895-1024x768.jpg 1024w, https:\/\/arealorcaradio.es\/wp-content\/uploads\/2023\/03\/DSCN0895-768x576.jpg 768w, https:\/\/arealorcaradio.es\/wp-content\/uploads\/2023\/03\/DSCN0895-1536x1152.jpg 1536w, https:\/\/arealorcaradio.es\/wp-content\/uploads\/2023\/03\/DSCN0895-2048x1536.jpg 2048w, https:\/\/arealorcaradio.es\/wp-content\/uploads\/2023\/03\/DSCN0895-86x64.jpg 86w\" sizes=\"auto, (max-width: 300px) 100vw, 300px\" \/><\/p>\n<p><img loading=\"lazy\" decoding=\"async\" class=\"alignnone size-medium wp-image-495\" src=\"https:\/\/arealorcaradio.es\/wp-content\/uploads\/2023\/03\/DSCN0899-300x225.jpg\" alt=\"\" width=\"300\" height=\"225\" srcset=\"https:\/\/arealorcaradio.es\/wp-content\/uploads\/2023\/03\/DSCN0899-300x225.jpg 300w, https:\/\/arealorcaradio.es\/wp-content\/uploads\/2023\/03\/DSCN0899-1024x768.jpg 1024w, https:\/\/arealorcaradio.es\/wp-content\/uploads\/2023\/03\/DSCN0899-768x576.jpg 768w, https:\/\/arealorcaradio.es\/wp-content\/uploads\/2023\/03\/DSCN0899-1536x1152.jpg 1536w, https:\/\/arealorcaradio.es\/wp-content\/uploads\/2023\/03\/DSCN0899-2048x1536.jpg 2048w, https:\/\/arealorcaradio.es\/wp-content\/uploads\/2023\/03\/DSCN0899-86x64.jpg 86w\" sizes=\"auto, (max-width: 300px) 100vw, 300px\" \/>\u00a0 <img loading=\"lazy\" decoding=\"async\" class=\"alignnone size-medium wp-image-496\" src=\"https:\/\/arealorcaradio.es\/wp-content\/uploads\/2023\/03\/DSCN0914-300x225.jpg\" alt=\"\" width=\"300\" height=\"225\" srcset=\"https:\/\/arealorcaradio.es\/wp-content\/uploads\/2023\/03\/DSCN0914-300x225.jpg 300w, https:\/\/arealorcaradio.es\/wp-content\/uploads\/2023\/03\/DSCN0914-1024x768.jpg 1024w, https:\/\/arealorcaradio.es\/wp-content\/uploads\/2023\/03\/DSCN0914-768x576.jpg 768w, https:\/\/arealorcaradio.es\/wp-content\/uploads\/2023\/03\/DSCN0914-1536x1152.jpg 1536w, https:\/\/arealorcaradio.es\/wp-content\/uploads\/2023\/03\/DSCN0914-2048x1536.jpg 2048w, https:\/\/arealorcaradio.es\/wp-content\/uploads\/2023\/03\/DSCN0914-86x64.jpg 86w\" sizes=\"auto, (max-width: 300px) 100vw, 300px\" \/><\/p>\n<p><img loading=\"lazy\" decoding=\"async\" class=\"alignnone size-medium wp-image-497\" src=\"https:\/\/arealorcaradio.es\/wp-content\/uploads\/2023\/03\/DSCN0908-300x225.jpg\" alt=\"\" width=\"300\" height=\"225\" srcset=\"https:\/\/arealorcaradio.es\/wp-content\/uploads\/2023\/03\/DSCN0908-300x225.jpg 300w, https:\/\/arealorcaradio.es\/wp-content\/uploads\/2023\/03\/DSCN0908-1024x768.jpg 1024w, https:\/\/arealorcaradio.es\/wp-content\/uploads\/2023\/03\/DSCN0908-768x576.jpg 768w, https:\/\/arealorcaradio.es\/wp-content\/uploads\/2023\/03\/DSCN0908-1536x1152.jpg 1536w, https:\/\/arealorcaradio.es\/wp-content\/uploads\/2023\/03\/DSCN0908-2048x1536.jpg 2048w, https:\/\/arealorcaradio.es\/wp-content\/uploads\/2023\/03\/DSCN0908-86x64.jpg 86w\" sizes=\"auto, (max-width: 300px) 100vw, 300px\" \/> \u00a0<img loading=\"lazy\" decoding=\"async\" class=\"alignnone size-medium wp-image-498\" src=\"https:\/\/arealorcaradio.es\/wp-content\/uploads\/2023\/03\/DSCN0920-300x225.jpg\" alt=\"\" width=\"300\" height=\"225\" srcset=\"https:\/\/arealorcaradio.es\/wp-content\/uploads\/2023\/03\/DSCN0920-300x225.jpg 300w, https:\/\/arealorcaradio.es\/wp-content\/uploads\/2023\/03\/DSCN0920-1024x768.jpg 1024w, https:\/\/arealorcaradio.es\/wp-content\/uploads\/2023\/03\/DSCN0920-768x576.jpg 768w, https:\/\/arealorcaradio.es\/wp-content\/uploads\/2023\/03\/DSCN0920-1536x1152.jpg 1536w, https:\/\/arealorcaradio.es\/wp-content\/uploads\/2023\/03\/DSCN0920-2048x1536.jpg 2048w, https:\/\/arealorcaradio.es\/wp-content\/uploads\/2023\/03\/DSCN0920-86x64.jpg 86w\" sizes=\"auto, (max-width: 300px) 100vw, 300px\" \/><\/p>\n<p><img loading=\"lazy\" decoding=\"async\" class=\"alignnone size-medium wp-image-499\" src=\"https:\/\/arealorcaradio.es\/wp-content\/uploads\/2023\/03\/DSCN0919-300x225.jpg\" alt=\"\" width=\"300\" height=\"225\" srcset=\"https:\/\/arealorcaradio.es\/wp-content\/uploads\/2023\/03\/DSCN0919-300x225.jpg 300w, https:\/\/arealorcaradio.es\/wp-content\/uploads\/2023\/03\/DSCN0919-1024x768.jpg 1024w, https:\/\/arealorcaradio.es\/wp-content\/uploads\/2023\/03\/DSCN0919-768x576.jpg 768w, https:\/\/arealorcaradio.es\/wp-content\/uploads\/2023\/03\/DSCN0919-1536x1152.jpg 1536w, https:\/\/arealorcaradio.es\/wp-content\/uploads\/2023\/03\/DSCN0919-2048x1536.jpg 2048w, https:\/\/arealorcaradio.es\/wp-content\/uploads\/2023\/03\/DSCN0919-86x64.jpg 86w\" sizes=\"auto, (max-width: 300px) 100vw, 300px\" \/>\u00a0 <img loading=\"lazy\" decoding=\"async\" class=\"alignnone size-medium wp-image-500\" src=\"https:\/\/arealorcaradio.es\/wp-content\/uploads\/2023\/03\/DSCN0921-300x225.jpg\" alt=\"\" width=\"300\" height=\"225\" srcset=\"https:\/\/arealorcaradio.es\/wp-content\/uploads\/2023\/03\/DSCN0921-300x225.jpg 300w, https:\/\/arealorcaradio.es\/wp-content\/uploads\/2023\/03\/DSCN0921-1024x768.jpg 1024w, https:\/\/arealorcaradio.es\/wp-content\/uploads\/2023\/03\/DSCN0921-768x576.jpg 768w, https:\/\/arealorcaradio.es\/wp-content\/uploads\/2023\/03\/DSCN0921-1536x1152.jpg 1536w, https:\/\/arealorcaradio.es\/wp-content\/uploads\/2023\/03\/DSCN0921-2048x1536.jpg 2048w, https:\/\/arealorcaradio.es\/wp-content\/uploads\/2023\/03\/DSCN0921-86x64.jpg 86w\" sizes=\"auto, (max-width: 300px) 100vw, 300px\" \/><\/p>\n<p><img loading=\"lazy\" decoding=\"async\" class=\"alignnone size-medium wp-image-501\" src=\"https:\/\/arealorcaradio.es\/wp-content\/uploads\/2023\/03\/DSCN0923-300x225.jpg\" alt=\"\" width=\"300\" height=\"225\" srcset=\"https:\/\/arealorcaradio.es\/wp-content\/uploads\/2023\/03\/DSCN0923-300x225.jpg 300w, https:\/\/arealorcaradio.es\/wp-content\/uploads\/2023\/03\/DSCN0923-1024x768.jpg 1024w, https:\/\/arealorcaradio.es\/wp-content\/uploads\/2023\/03\/DSCN0923-768x576.jpg 768w, https:\/\/arealorcaradio.es\/wp-content\/uploads\/2023\/03\/DSCN0923-1536x1152.jpg 1536w, https:\/\/arealorcaradio.es\/wp-content\/uploads\/2023\/03\/DSCN0923-2048x1536.jpg 2048w, https:\/\/arealorcaradio.es\/wp-content\/uploads\/2023\/03\/DSCN0923-86x64.jpg 86w\" sizes=\"auto, (max-width: 300px) 100vw, 300px\" \/>\u00a0 <img loading=\"lazy\" decoding=\"async\" class=\"alignnone size-medium wp-image-502\" src=\"https:\/\/arealorcaradio.es\/wp-content\/uploads\/2023\/03\/DSCN0956-300x225.jpg\" alt=\"\" width=\"300\" height=\"225\" srcset=\"https:\/\/arealorcaradio.es\/wp-content\/uploads\/2023\/03\/DSCN0956-300x225.jpg 300w, https:\/\/arealorcaradio.es\/wp-content\/uploads\/2023\/03\/DSCN0956-1024x768.jpg 1024w, https:\/\/arealorcaradio.es\/wp-content\/uploads\/2023\/03\/DSCN0956-768x576.jpg 768w, https:\/\/arealorcaradio.es\/wp-content\/uploads\/2023\/03\/DSCN0956-1536x1152.jpg 1536w, https:\/\/arealorcaradio.es\/wp-content\/uploads\/2023\/03\/DSCN0956-2048x1536.jpg 2048w, https:\/\/arealorcaradio.es\/wp-content\/uploads\/2023\/03\/DSCN0956-86x64.jpg 86w\" sizes=\"auto, (max-width: 300px) 100vw, 300px\" \/><\/p>\n<p><img loading=\"lazy\" decoding=\"async\" class=\"alignnone size-medium wp-image-503\" src=\"https:\/\/arealorcaradio.es\/wp-content\/uploads\/2023\/03\/DSCN0927-300x225.jpg\" alt=\"\" width=\"300\" height=\"225\" srcset=\"https:\/\/arealorcaradio.es\/wp-content\/uploads\/2023\/03\/DSCN0927-300x225.jpg 300w, https:\/\/arealorcaradio.es\/wp-content\/uploads\/2023\/03\/DSCN0927-1024x768.jpg 1024w, https:\/\/arealorcaradio.es\/wp-content\/uploads\/2023\/03\/DSCN0927-768x576.jpg 768w, https:\/\/arealorcaradio.es\/wp-content\/uploads\/2023\/03\/DSCN0927-1536x1152.jpg 1536w, https:\/\/arealorcaradio.es\/wp-content\/uploads\/2023\/03\/DSCN0927-2048x1536.jpg 2048w, https:\/\/arealorcaradio.es\/wp-content\/uploads\/2023\/03\/DSCN0927-86x64.jpg 86w\" sizes=\"auto, (max-width: 300px) 100vw, 300px\" \/>\u00a0 <img loading=\"lazy\" decoding=\"async\" class=\"alignnone size-medium wp-image-504\" src=\"https:\/\/arealorcaradio.es\/wp-content\/uploads\/2023\/03\/DSCN0925-300x225.jpg\" alt=\"\" width=\"300\" height=\"225\" srcset=\"https:\/\/arealorcaradio.es\/wp-content\/uploads\/2023\/03\/DSCN0925-300x225.jpg 300w, https:\/\/arealorcaradio.es\/wp-content\/uploads\/2023\/03\/DSCN0925-1024x768.jpg 1024w, https:\/\/arealorcaradio.es\/wp-content\/uploads\/2023\/03\/DSCN0925-768x576.jpg 768w, https:\/\/arealorcaradio.es\/wp-content\/uploads\/2023\/03\/DSCN0925-1536x1152.jpg 1536w, https:\/\/arealorcaradio.es\/wp-content\/uploads\/2023\/03\/DSCN0925-2048x1536.jpg 2048w, https:\/\/arealorcaradio.es\/wp-content\/uploads\/2023\/03\/DSCN0925-86x64.jpg 86w\" sizes=\"auto, (max-width: 300px) 100vw, 300px\" \/><\/p>\n<p><img loading=\"lazy\" decoding=\"async\" class=\"alignnone size-medium wp-image-505\" src=\"https:\/\/arealorcaradio.es\/wp-content\/uploads\/2023\/03\/DSCN0950-300x225.jpg\" alt=\"\" width=\"300\" height=\"225\" srcset=\"https:\/\/arealorcaradio.es\/wp-content\/uploads\/2023\/03\/DSCN0950-300x225.jpg 300w, https:\/\/arealorcaradio.es\/wp-content\/uploads\/2023\/03\/DSCN0950-1024x768.jpg 1024w, https:\/\/arealorcaradio.es\/wp-content\/uploads\/2023\/03\/DSCN0950-768x576.jpg 768w, https:\/\/arealorcaradio.es\/wp-content\/uploads\/2023\/03\/DSCN0950-1536x1152.jpg 1536w, https:\/\/arealorcaradio.es\/wp-content\/uploads\/2023\/03\/DSCN0950-2048x1536.jpg 2048w, https:\/\/arealorcaradio.es\/wp-content\/uploads\/2023\/03\/DSCN0950-86x64.jpg 86w\" sizes=\"auto, (max-width: 300px) 100vw, 300px\" \/>\u00a0 <img loading=\"lazy\" decoding=\"async\" class=\"alignnone size-medium wp-image-506\" src=\"https:\/\/arealorcaradio.es\/wp-content\/uploads\/2023\/03\/DSCN0962-300x225.jpg\" alt=\"\" width=\"300\" height=\"225\" srcset=\"https:\/\/arealorcaradio.es\/wp-content\/uploads\/2023\/03\/DSCN0962-300x225.jpg 300w, https:\/\/arealorcaradio.es\/wp-content\/uploads\/2023\/03\/DSCN0962-1024x768.jpg 1024w, https:\/\/arealorcaradio.es\/wp-content\/uploads\/2023\/03\/DSCN0962-768x576.jpg 768w, https:\/\/arealorcaradio.es\/wp-content\/uploads\/2023\/03\/DSCN0962-1536x1152.jpg 1536w, https:\/\/arealorcaradio.es\/wp-content\/uploads\/2023\/03\/DSCN0962-2048x1536.jpg 2048w, https:\/\/arealorcaradio.es\/wp-content\/uploads\/2023\/03\/DSCN0962-86x64.jpg 86w\" sizes=\"auto, (max-width: 300px) 100vw, 300px\" \/><\/p>\n<p><img loading=\"lazy\" decoding=\"async\" class=\"alignnone size-medium wp-image-507\" src=\"https:\/\/arealorcaradio.es\/wp-content\/uploads\/2023\/03\/DSCN0980-300x225.jpg\" alt=\"\" width=\"300\" height=\"225\" srcset=\"https:\/\/arealorcaradio.es\/wp-content\/uploads\/2023\/03\/DSCN0980-300x225.jpg 300w, https:\/\/arealorcaradio.es\/wp-content\/uploads\/2023\/03\/DSCN0980-1024x768.jpg 1024w, https:\/\/arealorcaradio.es\/wp-content\/uploads\/2023\/03\/DSCN0980-768x576.jpg 768w, https:\/\/arealorcaradio.es\/wp-content\/uploads\/2023\/03\/DSCN0980-1536x1152.jpg 1536w, https:\/\/arealorcaradio.es\/wp-content\/uploads\/2023\/03\/DSCN0980-2048x1536.jpg 2048w, https:\/\/arealorcaradio.es\/wp-content\/uploads\/2023\/03\/DSCN0980-86x64.jpg 86w\" sizes=\"auto, (max-width: 300px) 100vw, 300px\" \/>\u00a0 <img loading=\"lazy\" decoding=\"async\" class=\"alignnone size-medium wp-image-508\" src=\"https:\/\/arealorcaradio.es\/wp-content\/uploads\/2023\/03\/DSCN0969-300x225.jpg\" alt=\"\" width=\"300\" height=\"225\" srcset=\"https:\/\/arealorcaradio.es\/wp-content\/uploads\/2023\/03\/DSCN0969-300x225.jpg 300w, https:\/\/arealorcaradio.es\/wp-content\/uploads\/2023\/03\/DSCN0969-1024x768.jpg 1024w, https:\/\/arealorcaradio.es\/wp-content\/uploads\/2023\/03\/DSCN0969-768x576.jpg 768w, https:\/\/arealorcaradio.es\/wp-content\/uploads\/2023\/03\/DSCN0969-1536x1152.jpg 1536w, https:\/\/arealorcaradio.es\/wp-content\/uploads\/2023\/03\/DSCN0969-2048x1536.jpg 2048w, https:\/\/arealorcaradio.es\/wp-content\/uploads\/2023\/03\/DSCN0969-86x64.jpg 86w\" sizes=\"auto, (max-width: 300px) 100vw, 300px\" \/><\/p>\n<p><img loading=\"lazy\" decoding=\"async\" class=\"alignnone wp-image-509\" src=\"https:\/\/arealorcaradio.es\/wp-content\/uploads\/2023\/03\/DSCN0975-300x225.jpg\" alt=\"\" width=\"300\" height=\"225\" srcset=\"https:\/\/arealorcaradio.es\/wp-content\/uploads\/2023\/03\/DSCN0975-300x225.jpg 300w, https:\/\/arealorcaradio.es\/wp-content\/uploads\/2023\/03\/DSCN0975-1024x768.jpg 1024w, https:\/\/arealorcaradio.es\/wp-content\/uploads\/2023\/03\/DSCN0975-768x576.jpg 768w, https:\/\/arealorcaradio.es\/wp-content\/uploads\/2023\/03\/DSCN0975-1536x1152.jpg 1536w, https:\/\/arealorcaradio.es\/wp-content\/uploads\/2023\/03\/DSCN0975-2048x1536.jpg 2048w, https:\/\/arealorcaradio.es\/wp-content\/uploads\/2023\/03\/DSCN0975-86x64.jpg 86w\" sizes=\"auto, (max-width: 300px) 100vw, 300px\" \/> \u00a0<img loading=\"lazy\" decoding=\"async\" class=\"alignnone size-medium wp-image-510\" src=\"https:\/\/arealorcaradio.es\/wp-content\/uploads\/2023\/03\/DSCN0970-300x225.jpg\" alt=\"\" width=\"300\" height=\"225\" srcset=\"https:\/\/arealorcaradio.es\/wp-content\/uploads\/2023\/03\/DSCN0970-300x225.jpg 300w, https:\/\/arealorcaradio.es\/wp-content\/uploads\/2023\/03\/DSCN0970-1024x768.jpg 1024w, https:\/\/arealorcaradio.es\/wp-content\/uploads\/2023\/03\/DSCN0970-768x576.jpg 768w, https:\/\/arealorcaradio.es\/wp-content\/uploads\/2023\/03\/DSCN0970-1536x1152.jpg 1536w, https:\/\/arealorcaradio.es\/wp-content\/uploads\/2023\/03\/DSCN0970-2048x1536.jpg 2048w, https:\/\/arealorcaradio.es\/wp-content\/uploads\/2023\/03\/DSCN0970-86x64.jpg 86w\" sizes=\"auto, (max-width: 300px) 100vw, 300px\" \/><\/p>\n<p><img loading=\"lazy\" decoding=\"async\" class=\"alignnone size-medium wp-image-511\" src=\"https:\/\/arealorcaradio.es\/wp-content\/uploads\/2023\/03\/DSCN0966-300x225.jpg\" alt=\"\" width=\"300\" height=\"225\" srcset=\"https:\/\/arealorcaradio.es\/wp-content\/uploads\/2023\/03\/DSCN0966-300x225.jpg 300w, https:\/\/arealorcaradio.es\/wp-content\/uploads\/2023\/03\/DSCN0966-1024x768.jpg 1024w, https:\/\/arealorcaradio.es\/wp-content\/uploads\/2023\/03\/DSCN0966-768x576.jpg 768w, https:\/\/arealorcaradio.es\/wp-content\/uploads\/2023\/03\/DSCN0966-1536x1152.jpg 1536w, https:\/\/arealorcaradio.es\/wp-content\/uploads\/2023\/03\/DSCN0966-2048x1536.jpg 2048w, https:\/\/arealorcaradio.es\/wp-content\/uploads\/2023\/03\/DSCN0966-86x64.jpg 86w\" sizes=\"auto, (max-width: 300px) 100vw, 300px\" \/>\u00a0 <img loading=\"lazy\" decoding=\"async\" class=\"alignnone size-medium wp-image-512\" src=\"https:\/\/arealorcaradio.es\/wp-content\/uploads\/2023\/03\/DSCN1000-300x225.jpg\" alt=\"\" width=\"300\" height=\"225\" srcset=\"https:\/\/arealorcaradio.es\/wp-content\/uploads\/2023\/03\/DSCN1000-300x225.jpg 300w, https:\/\/arealorcaradio.es\/wp-content\/uploads\/2023\/03\/DSCN1000-1024x768.jpg 1024w, https:\/\/arealorcaradio.es\/wp-content\/uploads\/2023\/03\/DSCN1000-768x576.jpg 768w, https:\/\/arealorcaradio.es\/wp-content\/uploads\/2023\/03\/DSCN1000-1536x1152.jpg 1536w, https:\/\/arealorcaradio.es\/wp-content\/uploads\/2023\/03\/DSCN1000-2048x1536.jpg 2048w, https:\/\/arealorcaradio.es\/wp-content\/uploads\/2023\/03\/DSCN1000-86x64.jpg 86w\" sizes=\"auto, (max-width: 300px) 100vw, 300px\" \/><\/p>\n<p><img loading=\"lazy\" decoding=\"async\" class=\"alignnone size-medium wp-image-513\" src=\"https:\/\/arealorcaradio.es\/wp-content\/uploads\/2023\/03\/DSCN1010-300x225.jpg\" alt=\"\" width=\"300\" height=\"225\" srcset=\"https:\/\/arealorcaradio.es\/wp-content\/uploads\/2023\/03\/DSCN1010-300x225.jpg 300w, https:\/\/arealorcaradio.es\/wp-content\/uploads\/2023\/03\/DSCN1010-1024x768.jpg 1024w, https:\/\/arealorcaradio.es\/wp-content\/uploads\/2023\/03\/DSCN1010-768x576.jpg 768w, https:\/\/arealorcaradio.es\/wp-content\/uploads\/2023\/03\/DSCN1010-1536x1152.jpg 1536w, https:\/\/arealorcaradio.es\/wp-content\/uploads\/2023\/03\/DSCN1010-2048x1536.jpg 2048w, https:\/\/arealorcaradio.es\/wp-content\/uploads\/2023\/03\/DSCN1010-86x64.jpg 86w\" sizes=\"auto, (max-width: 300px) 100vw, 300px\" \/> \u00a0<img loading=\"lazy\" decoding=\"async\" class=\"alignnone size-medium wp-image-514\" src=\"https:\/\/arealorcaradio.es\/wp-content\/uploads\/2023\/03\/DSCN1008-300x225.jpg\" alt=\"\" width=\"300\" height=\"225\" srcset=\"https:\/\/arealorcaradio.es\/wp-content\/uploads\/2023\/03\/DSCN1008-300x225.jpg 300w, https:\/\/arealorcaradio.es\/wp-content\/uploads\/2023\/03\/DSCN1008-1024x768.jpg 1024w, https:\/\/arealorcaradio.es\/wp-content\/uploads\/2023\/03\/DSCN1008-768x576.jpg 768w, https:\/\/arealorcaradio.es\/wp-content\/uploads\/2023\/03\/DSCN1008-1536x1152.jpg 1536w, https:\/\/arealorcaradio.es\/wp-content\/uploads\/2023\/03\/DSCN1008-2048x1536.jpg 2048w, https:\/\/arealorcaradio.es\/wp-content\/uploads\/2023\/03\/DSCN1008-86x64.jpg 86w\" sizes=\"auto, (max-width: 300px) 100vw, 300px\" \/><\/p>\n<p><img loading=\"lazy\" decoding=\"async\" class=\"alignnone size-medium wp-image-515\" src=\"https:\/\/arealorcaradio.es\/wp-content\/uploads\/2023\/03\/DSCN1006-300x225.jpg\" alt=\"\" width=\"300\" height=\"225\" srcset=\"https:\/\/arealorcaradio.es\/wp-content\/uploads\/2023\/03\/DSCN1006-300x225.jpg 300w, https:\/\/arealorcaradio.es\/wp-content\/uploads\/2023\/03\/DSCN1006-1024x768.jpg 1024w, https:\/\/arealorcaradio.es\/wp-content\/uploads\/2023\/03\/DSCN1006-768x576.jpg 768w, https:\/\/arealorcaradio.es\/wp-content\/uploads\/2023\/03\/DSCN1006-1536x1152.jpg 1536w, https:\/\/arealorcaradio.es\/wp-content\/uploads\/2023\/03\/DSCN1006-2048x1536.jpg 2048w, https:\/\/arealorcaradio.es\/wp-content\/uploads\/2023\/03\/DSCN1006-86x64.jpg 86w\" sizes=\"auto, (max-width: 300px) 100vw, 300px\" \/> \u00a0<img loading=\"lazy\" decoding=\"async\" class=\"alignnone size-medium wp-image-516\" src=\"https:\/\/arealorcaradio.es\/wp-content\/uploads\/2023\/03\/DSCN1009-300x225.jpg\" alt=\"\" width=\"300\" height=\"225\" srcset=\"https:\/\/arealorcaradio.es\/wp-content\/uploads\/2023\/03\/DSCN1009-300x225.jpg 300w, https:\/\/arealorcaradio.es\/wp-content\/uploads\/2023\/03\/DSCN1009-1024x768.jpg 1024w, https:\/\/arealorcaradio.es\/wp-content\/uploads\/2023\/03\/DSCN1009-768x576.jpg 768w, https:\/\/arealorcaradio.es\/wp-content\/uploads\/2023\/03\/DSCN1009-1536x1152.jpg 1536w, https:\/\/arealorcaradio.es\/wp-content\/uploads\/2023\/03\/DSCN1009-2048x1536.jpg 2048w, https:\/\/arealorcaradio.es\/wp-content\/uploads\/2023\/03\/DSCN1009-86x64.jpg 86w\" sizes=\"auto, (max-width: 300px) 100vw, 300px\" \/><\/p>\n<p><img loading=\"lazy\" decoding=\"async\" class=\"alignnone size-medium wp-image-517\" src=\"https:\/\/arealorcaradio.es\/wp-content\/uploads\/2023\/03\/DSCN1004-300x225.jpg\" alt=\"\" width=\"300\" height=\"225\" srcset=\"https:\/\/arealorcaradio.es\/wp-content\/uploads\/2023\/03\/DSCN1004-300x225.jpg 300w, https:\/\/arealorcaradio.es\/wp-content\/uploads\/2023\/03\/DSCN1004-1024x768.jpg 1024w, https:\/\/arealorcaradio.es\/wp-content\/uploads\/2023\/03\/DSCN1004-768x576.jpg 768w, https:\/\/arealorcaradio.es\/wp-content\/uploads\/2023\/03\/DSCN1004-1536x1152.jpg 1536w, https:\/\/arealorcaradio.es\/wp-content\/uploads\/2023\/03\/DSCN1004-2048x1536.jpg 2048w, https:\/\/arealorcaradio.es\/wp-content\/uploads\/2023\/03\/DSCN1004-86x64.jpg 86w\" sizes=\"auto, (max-width: 300px) 100vw, 300px\" \/> \u00a0<img loading=\"lazy\" decoding=\"async\" class=\"alignnone size-medium wp-image-518\" src=\"https:\/\/arealorcaradio.es\/wp-content\/uploads\/2023\/03\/DSCN1037-300x225.jpg\" alt=\"\" width=\"300\" height=\"225\" srcset=\"https:\/\/arealorcaradio.es\/wp-content\/uploads\/2023\/03\/DSCN1037-300x225.jpg 300w, https:\/\/arealorcaradio.es\/wp-content\/uploads\/2023\/03\/DSCN1037-1024x768.jpg 1024w, https:\/\/arealorcaradio.es\/wp-content\/uploads\/2023\/03\/DSCN1037-768x576.jpg 768w, https:\/\/arealorcaradio.es\/wp-content\/uploads\/2023\/03\/DSCN1037-1536x1152.jpg 1536w, https:\/\/arealorcaradio.es\/wp-content\/uploads\/2023\/03\/DSCN1037-2048x1536.jpg 2048w, https:\/\/arealorcaradio.es\/wp-content\/uploads\/2023\/03\/DSCN1037-86x64.jpg 86w\" sizes=\"auto, (max-width: 300px) 100vw, 300px\" \/><\/p>\n<p><img loading=\"lazy\" decoding=\"async\" class=\"alignnone size-medium wp-image-519\" src=\"https:\/\/arealorcaradio.es\/wp-content\/uploads\/2023\/03\/DSCN1057-300x225.jpg\" alt=\"\" width=\"300\" height=\"225\" srcset=\"https:\/\/arealorcaradio.es\/wp-content\/uploads\/2023\/03\/DSCN1057-300x225.jpg 300w, https:\/\/arealorcaradio.es\/wp-content\/uploads\/2023\/03\/DSCN1057-1024x768.jpg 1024w, https:\/\/arealorcaradio.es\/wp-content\/uploads\/2023\/03\/DSCN1057-768x576.jpg 768w, https:\/\/arealorcaradio.es\/wp-content\/uploads\/2023\/03\/DSCN1057-1536x1152.jpg 1536w, https:\/\/arealorcaradio.es\/wp-content\/uploads\/2023\/03\/DSCN1057-2048x1536.jpg 2048w, https:\/\/arealorcaradio.es\/wp-content\/uploads\/2023\/03\/DSCN1057-86x64.jpg 86w\" sizes=\"auto, (max-width: 300px) 100vw, 300px\" \/> \u00a0<img loading=\"lazy\" decoding=\"async\" class=\"alignnone size-medium wp-image-520\" src=\"https:\/\/arealorcaradio.es\/wp-content\/uploads\/2023\/03\/DSCN1043-300x225.jpg\" alt=\"\" width=\"300\" height=\"225\" srcset=\"https:\/\/arealorcaradio.es\/wp-content\/uploads\/2023\/03\/DSCN1043-300x225.jpg 300w, https:\/\/arealorcaradio.es\/wp-content\/uploads\/2023\/03\/DSCN1043-1024x768.jpg 1024w, https:\/\/arealorcaradio.es\/wp-content\/uploads\/2023\/03\/DSCN1043-768x576.jpg 768w, https:\/\/arealorcaradio.es\/wp-content\/uploads\/2023\/03\/DSCN1043-1536x1152.jpg 1536w, https:\/\/arealorcaradio.es\/wp-content\/uploads\/2023\/03\/DSCN1043-2048x1536.jpg 2048w, https:\/\/arealorcaradio.es\/wp-content\/uploads\/2023\/03\/DSCN1043-86x64.jpg 86w\" sizes=\"auto, (max-width: 300px) 100vw, 300px\" \/><\/p>\n<p><img loading=\"lazy\" decoding=\"async\" class=\"alignnone size-medium wp-image-521\" src=\"https:\/\/arealorcaradio.es\/wp-content\/uploads\/2023\/03\/DSCN1051-300x225.jpg\" alt=\"\" width=\"300\" height=\"225\" srcset=\"https:\/\/arealorcaradio.es\/wp-content\/uploads\/2023\/03\/DSCN1051-300x225.jpg 300w, https:\/\/arealorcaradio.es\/wp-content\/uploads\/2023\/03\/DSCN1051-1024x768.jpg 1024w, https:\/\/arealorcaradio.es\/wp-content\/uploads\/2023\/03\/DSCN1051-768x576.jpg 768w, https:\/\/arealorcaradio.es\/wp-content\/uploads\/2023\/03\/DSCN1051-1536x1152.jpg 1536w, https:\/\/arealorcaradio.es\/wp-content\/uploads\/2023\/03\/DSCN1051-2048x1536.jpg 2048w, https:\/\/arealorcaradio.es\/wp-content\/uploads\/2023\/03\/DSCN1051-86x64.jpg 86w\" sizes=\"auto, (max-width: 300px) 100vw, 300px\" \/> \u00a0<img loading=\"lazy\" decoding=\"async\" class=\"alignnone size-medium wp-image-522\" src=\"https:\/\/arealorcaradio.es\/wp-content\/uploads\/2023\/03\/DSCN1064-300x225.jpg\" alt=\"\" width=\"300\" height=\"225\" srcset=\"https:\/\/arealorcaradio.es\/wp-content\/uploads\/2023\/03\/DSCN1064-300x225.jpg 300w, https:\/\/arealorcaradio.es\/wp-content\/uploads\/2023\/03\/DSCN1064-1024x768.jpg 1024w, https:\/\/arealorcaradio.es\/wp-content\/uploads\/2023\/03\/DSCN1064-768x576.jpg 768w, https:\/\/arealorcaradio.es\/wp-content\/uploads\/2023\/03\/DSCN1064-1536x1152.jpg 1536w, https:\/\/arealorcaradio.es\/wp-content\/uploads\/2023\/03\/DSCN1064-2048x1536.jpg 2048w, https:\/\/arealorcaradio.es\/wp-content\/uploads\/2023\/03\/DSCN1064-86x64.jpg 86w\" sizes=\"auto, (max-width: 300px) 100vw, 300px\" \/><\/p>\n<p><img loading=\"lazy\" decoding=\"async\" class=\"alignnone size-medium wp-image-523\" src=\"https:\/\/arealorcaradio.es\/wp-content\/uploads\/2023\/03\/DSCN1052-300x225.jpg\" alt=\"\" width=\"300\" height=\"225\" srcset=\"https:\/\/arealorcaradio.es\/wp-content\/uploads\/2023\/03\/DSCN1052-300x225.jpg 300w, https:\/\/arealorcaradio.es\/wp-content\/uploads\/2023\/03\/DSCN1052-1024x768.jpg 1024w, https:\/\/arealorcaradio.es\/wp-content\/uploads\/2023\/03\/DSCN1052-768x576.jpg 768w, https:\/\/arealorcaradio.es\/wp-content\/uploads\/2023\/03\/DSCN1052-1536x1152.jpg 1536w, https:\/\/arealorcaradio.es\/wp-content\/uploads\/2023\/03\/DSCN1052-2048x1536.jpg 2048w, https:\/\/arealorcaradio.es\/wp-content\/uploads\/2023\/03\/DSCN1052-86x64.jpg 86w\" sizes=\"auto, (max-width: 300px) 100vw, 300px\" \/>\u00a0 <img loading=\"lazy\" decoding=\"async\" class=\"alignnone size-medium wp-image-524\" src=\"https:\/\/arealorcaradio.es\/wp-content\/uploads\/2023\/03\/DSCN1039-300x225.jpg\" alt=\"\" width=\"300\" height=\"225\" srcset=\"https:\/\/arealorcaradio.es\/wp-content\/uploads\/2023\/03\/DSCN1039-300x225.jpg 300w, https:\/\/arealorcaradio.es\/wp-content\/uploads\/2023\/03\/DSCN1039-1024x768.jpg 1024w, https:\/\/arealorcaradio.es\/wp-content\/uploads\/2023\/03\/DSCN1039-768x576.jpg 768w, https:\/\/arealorcaradio.es\/wp-content\/uploads\/2023\/03\/DSCN1039-1536x1152.jpg 1536w, https:\/\/arealorcaradio.es\/wp-content\/uploads\/2023\/03\/DSCN1039-2048x1536.jpg 2048w, https:\/\/arealorcaradio.es\/wp-content\/uploads\/2023\/03\/DSCN1039-86x64.jpg 86w\" sizes=\"auto, (max-width: 300px) 100vw, 300px\" \/><\/p>\n","protected":false},"excerpt":{"rendered":"<p>\u00c1REA LORCA RADIO. Este a\u00f1o, \u00c1rea Lorca Radio eleg\u00eda el d\u00eda 30 de marzo para realizar su programa especial de Semana Santa 2023, coincidiendo con el inicio de diez d\u00edas de \u00abUna pasi\u00f3n diferente\u00bb que arrancaba con la Serenata a la Virgen de los Dolores en la Iglesia de San Francisco a las 00:00 horas, [&hellip;]<\/p>\n","protected":false},"author":1,"featured_media":476,"comment_status":"open","ping_status":"open","sticky":false,"template":"","format":"standard","meta":{"iawp_total_views":2,"footnotes":""},"categories":[5,7],"tags":[],"class_list":["post-473","post","type-post","status-publish","format-standard","has-post-thumbnail","hentry","category-actualidad","category-lorca"],"yoast_head":"<!-- This site is optimized with the Yoast SEO plugin v27.5 - https:\/\/yoast.com\/product\/yoast-seo-wordpress\/ -->\n<title>\u00c1rea Lorca Radio realiza su programa especial de Semana Santa 2023 - AREA LORCA RADIO<\/title>\n<meta name=\"robots\" content=\"index, follow, max-snippet:-1, max-image-preview:large, max-video-preview:-1\" \/>\n<link rel=\"canonical\" href=\"https:\/\/arealorcaradio.es\/index.php\/2023\/03\/31\/area-lorca-radio-realiza-su-programa-especial-de-semana-santa-2023\/\" \/>\n<meta property=\"og:locale\" content=\"es_ES\" \/>\n<meta property=\"og:type\" content=\"article\" \/>\n<meta property=\"og:title\" content=\"\u00c1rea Lorca Radio realiza su programa especial de Semana Santa 2023 - AREA LORCA RADIO\" \/>\n<meta property=\"og:description\" content=\"\u00c1REA LORCA RADIO. Este a\u00f1o, \u00c1rea Lorca Radio eleg\u00eda el d\u00eda 30 de marzo para realizar su programa especial de Semana Santa 2023, coincidiendo con el inicio de diez d\u00edas de \u00abUna pasi\u00f3n diferente\u00bb que arrancaba con la Serenata a la Virgen de los Dolores en la Iglesia de San Francisco a las 00:00 horas, [&hellip;]\" \/>\n<meta property=\"og:url\" content=\"https:\/\/arealorcaradio.es\/index.php\/2023\/03\/31\/area-lorca-radio-realiza-su-programa-especial-de-semana-santa-2023\/\" \/>\n<meta property=\"og:site_name\" content=\"AREA LORCA RADIO\" \/>\n<meta property=\"article:published_time\" content=\"2023-03-31T11:49:29+00:00\" \/>\n<meta property=\"og:image\" content=\"https:\/\/arealorcaradio.es\/wp-content\/uploads\/2023\/03\/IMG-20230331-WA0019.jpg\" \/>\n\t<meta property=\"og:image:width\" content=\"1600\" \/>\n\t<meta property=\"og:image:height\" content=\"1200\" \/>\n\t<meta property=\"og:image:type\" content=\"image\/jpeg\" \/>\n<meta name=\"author\" content=\"Paco S\u00e1nchez\" \/>\n<meta name=\"twitter:card\" content=\"summary_large_image\" \/>\n<meta name=\"twitter:label1\" content=\"Escrito por\" \/>\n\t<meta name=\"twitter:data1\" content=\"Paco S\u00e1nchez\" \/>\n\t<meta name=\"twitter:label2\" content=\"Tiempo de lectura\" \/>\n\t<meta name=\"twitter:data2\" content=\"11 minutos\" \/>\n<script type=\"application\/ld+json\" class=\"yoast-schema-graph\">{\"@context\":\"https:\\\/\\\/schema.org\",\"@graph\":[{\"@type\":\"Article\",\"@id\":\"https:\\\/\\\/arealorcaradio.es\\\/index.php\\\/2023\\\/03\\\/31\\\/area-lorca-radio-realiza-su-programa-especial-de-semana-santa-2023\\\/#article\",\"isPartOf\":{\"@id\":\"https:\\\/\\\/arealorcaradio.es\\\/index.php\\\/2023\\\/03\\\/31\\\/area-lorca-radio-realiza-su-programa-especial-de-semana-santa-2023\\\/\"},\"author\":{\"name\":\"Paco S\u00e1nchez\",\"@id\":\"https:\\\/\\\/arealorcaradio.es\\\/#\\\/schema\\\/person\\\/9fae605fc25b0f2c83c1ab207139bd27\"},\"headline\":\"\u00c1rea Lorca Radio realiza su programa especial de Semana Santa 2023\",\"datePublished\":\"2023-03-31T11:49:29+00:00\",\"mainEntityOfPage\":{\"@id\":\"https:\\\/\\\/arealorcaradio.es\\\/index.php\\\/2023\\\/03\\\/31\\\/area-lorca-radio-realiza-su-programa-especial-de-semana-santa-2023\\\/\"},\"wordCount\":179,\"commentCount\":0,\"image\":{\"@id\":\"https:\\\/\\\/arealorcaradio.es\\\/index.php\\\/2023\\\/03\\\/31\\\/area-lorca-radio-realiza-su-programa-especial-de-semana-santa-2023\\\/#primaryimage\"},\"thumbnailUrl\":\"https:\\\/\\\/arealorcaradio.es\\\/wp-content\\\/uploads\\\/2023\\\/03\\\/IMG-20230331-WA0019.jpg\",\"articleSection\":[\"ACTUALIDAD\",\"LORCA\"],\"inLanguage\":\"es\",\"potentialAction\":[{\"@type\":\"CommentAction\",\"name\":\"Comment\",\"target\":[\"https:\\\/\\\/arealorcaradio.es\\\/index.php\\\/2023\\\/03\\\/31\\\/area-lorca-radio-realiza-su-programa-especial-de-semana-santa-2023\\\/#respond\"]}]},{\"@type\":\"WebPage\",\"@id\":\"https:\\\/\\\/arealorcaradio.es\\\/index.php\\\/2023\\\/03\\\/31\\\/area-lorca-radio-realiza-su-programa-especial-de-semana-santa-2023\\\/\",\"url\":\"https:\\\/\\\/arealorcaradio.es\\\/index.php\\\/2023\\\/03\\\/31\\\/area-lorca-radio-realiza-su-programa-especial-de-semana-santa-2023\\\/\",\"name\":\"\u00c1rea Lorca Radio realiza su programa especial de Semana Santa 2023 - AREA LORCA RADIO\",\"isPartOf\":{\"@id\":\"https:\\\/\\\/arealorcaradio.es\\\/#website\"},\"primaryImageOfPage\":{\"@id\":\"https:\\\/\\\/arealorcaradio.es\\\/index.php\\\/2023\\\/03\\\/31\\\/area-lorca-radio-realiza-su-programa-especial-de-semana-santa-2023\\\/#primaryimage\"},\"image\":{\"@id\":\"https:\\\/\\\/arealorcaradio.es\\\/index.php\\\/2023\\\/03\\\/31\\\/area-lorca-radio-realiza-su-programa-especial-de-semana-santa-2023\\\/#primaryimage\"},\"thumbnailUrl\":\"https:\\\/\\\/arealorcaradio.es\\\/wp-content\\\/uploads\\\/2023\\\/03\\\/IMG-20230331-WA0019.jpg\",\"datePublished\":\"2023-03-31T11:49:29+00:00\",\"author\":{\"@id\":\"https:\\\/\\\/arealorcaradio.es\\\/#\\\/schema\\\/person\\\/9fae605fc25b0f2c83c1ab207139bd27\"},\"breadcrumb\":{\"@id\":\"https:\\\/\\\/arealorcaradio.es\\\/index.php\\\/2023\\\/03\\\/31\\\/area-lorca-radio-realiza-su-programa-especial-de-semana-santa-2023\\\/#breadcrumb\"},\"inLanguage\":\"es\",\"potentialAction\":[{\"@type\":\"ReadAction\",\"target\":[\"https:\\\/\\\/arealorcaradio.es\\\/index.php\\\/2023\\\/03\\\/31\\\/area-lorca-radio-realiza-su-programa-especial-de-semana-santa-2023\\\/\"]}]},{\"@type\":\"ImageObject\",\"inLanguage\":\"es\",\"@id\":\"https:\\\/\\\/arealorcaradio.es\\\/index.php\\\/2023\\\/03\\\/31\\\/area-lorca-radio-realiza-su-programa-especial-de-semana-santa-2023\\\/#primaryimage\",\"url\":\"https:\\\/\\\/arealorcaradio.es\\\/wp-content\\\/uploads\\\/2023\\\/03\\\/IMG-20230331-WA0019.jpg\",\"contentUrl\":\"https:\\\/\\\/arealorcaradio.es\\\/wp-content\\\/uploads\\\/2023\\\/03\\\/IMG-20230331-WA0019.jpg\",\"width\":1600,\"height\":1200},{\"@type\":\"BreadcrumbList\",\"@id\":\"https:\\\/\\\/arealorcaradio.es\\\/index.php\\\/2023\\\/03\\\/31\\\/area-lorca-radio-realiza-su-programa-especial-de-semana-santa-2023\\\/#breadcrumb\",\"itemListElement\":[{\"@type\":\"ListItem\",\"position\":1,\"name\":\"Portada\",\"item\":\"https:\\\/\\\/arealorcaradio.es\\\/\"},{\"@type\":\"ListItem\",\"position\":2,\"name\":\"\u00c1rea Lorca Radio realiza su programa especial de Semana Santa 2023\"}]},{\"@type\":\"WebSite\",\"@id\":\"https:\\\/\\\/arealorcaradio.es\\\/#website\",\"url\":\"https:\\\/\\\/arealorcaradio.es\\\/\",\"name\":\"AREA LORCA RADIO\",\"description\":\"Descubre la programaci\u00f3n actual en \u00c1rea Lorca Radio, tu fuente de entrenamiento y noticias locales. Sintoniza ahora y mantente conectado online.\",\"potentialAction\":[{\"@type\":\"SearchAction\",\"target\":{\"@type\":\"EntryPoint\",\"urlTemplate\":\"https:\\\/\\\/arealorcaradio.es\\\/?s={search_term_string}\"},\"query-input\":{\"@type\":\"PropertyValueSpecification\",\"valueRequired\":true,\"valueName\":\"search_term_string\"}}],\"inLanguage\":\"es\"},{\"@type\":\"Person\",\"@id\":\"https:\\\/\\\/arealorcaradio.es\\\/#\\\/schema\\\/person\\\/9fae605fc25b0f2c83c1ab207139bd27\",\"name\":\"Paco S\u00e1nchez\",\"image\":{\"@type\":\"ImageObject\",\"inLanguage\":\"es\",\"@id\":\"https:\\\/\\\/secure.gravatar.com\\\/avatar\\\/d67144e966420fb74aa84c9f2a0103be4724fd14db52b52d3b6bca749f257e79?s=96&d=mm&r=g\",\"url\":\"https:\\\/\\\/secure.gravatar.com\\\/avatar\\\/d67144e966420fb74aa84c9f2a0103be4724fd14db52b52d3b6bca749f257e79?s=96&d=mm&r=g\",\"contentUrl\":\"https:\\\/\\\/secure.gravatar.com\\\/avatar\\\/d67144e966420fb74aa84c9f2a0103be4724fd14db52b52d3b6bca749f257e79?s=96&d=mm&r=g\",\"caption\":\"Paco S\u00e1nchez\"},\"sameAs\":[\"https:\\\/\\\/arealorcaradio.es\"],\"url\":\"https:\\\/\\\/arealorcaradio.es\\\/index.php\\\/author\\\/admin_alorcaradio\\\/\"}]}<\/script>\n<!-- \/ Yoast SEO plugin. -->","yoast_head_json":{"title":"\u00c1rea Lorca Radio realiza su programa especial de Semana Santa 2023 - AREA LORCA RADIO","robots":{"index":"index","follow":"follow","max-snippet":"max-snippet:-1","max-image-preview":"max-image-preview:large","max-video-preview":"max-video-preview:-1"},"canonical":"https:\/\/arealorcaradio.es\/index.php\/2023\/03\/31\/area-lorca-radio-realiza-su-programa-especial-de-semana-santa-2023\/","og_locale":"es_ES","og_type":"article","og_title":"\u00c1rea Lorca Radio realiza su programa especial de Semana Santa 2023 - AREA LORCA RADIO","og_description":"\u00c1REA LORCA RADIO. Este a\u00f1o, \u00c1rea Lorca Radio eleg\u00eda el d\u00eda 30 de marzo para realizar su programa especial de Semana Santa 2023, coincidiendo con el inicio de diez d\u00edas de \u00abUna pasi\u00f3n diferente\u00bb que arrancaba con la Serenata a la Virgen de los Dolores en la Iglesia de San Francisco a las 00:00 horas, [&hellip;]","og_url":"https:\/\/arealorcaradio.es\/index.php\/2023\/03\/31\/area-lorca-radio-realiza-su-programa-especial-de-semana-santa-2023\/","og_site_name":"AREA LORCA RADIO","article_published_time":"2023-03-31T11:49:29+00:00","og_image":[{"width":1600,"height":1200,"url":"https:\/\/arealorcaradio.es\/wp-content\/uploads\/2023\/03\/IMG-20230331-WA0019.jpg","type":"image\/jpeg"}],"author":"Paco S\u00e1nchez","twitter_card":"summary_large_image","twitter_misc":{"Escrito por":"Paco S\u00e1nchez","Tiempo de lectura":"11 minutos"},"schema":{"@context":"https:\/\/schema.org","@graph":[{"@type":"Article","@id":"https:\/\/arealorcaradio.es\/index.php\/2023\/03\/31\/area-lorca-radio-realiza-su-programa-especial-de-semana-santa-2023\/#article","isPartOf":{"@id":"https:\/\/arealorcaradio.es\/index.php\/2023\/03\/31\/area-lorca-radio-realiza-su-programa-especial-de-semana-santa-2023\/"},"author":{"name":"Paco S\u00e1nchez","@id":"https:\/\/arealorcaradio.es\/#\/schema\/person\/9fae605fc25b0f2c83c1ab207139bd27"},"headline":"\u00c1rea Lorca Radio realiza su programa especial de Semana Santa 2023","datePublished":"2023-03-31T11:49:29+00:00","mainEntityOfPage":{"@id":"https:\/\/arealorcaradio.es\/index.php\/2023\/03\/31\/area-lorca-radio-realiza-su-programa-especial-de-semana-santa-2023\/"},"wordCount":179,"commentCount":0,"image":{"@id":"https:\/\/arealorcaradio.es\/index.php\/2023\/03\/31\/area-lorca-radio-realiza-su-programa-especial-de-semana-santa-2023\/#primaryimage"},"thumbnailUrl":"https:\/\/arealorcaradio.es\/wp-content\/uploads\/2023\/03\/IMG-20230331-WA0019.jpg","articleSection":["ACTUALIDAD","LORCA"],"inLanguage":"es","potentialAction":[{"@type":"CommentAction","name":"Comment","target":["https:\/\/arealorcaradio.es\/index.php\/2023\/03\/31\/area-lorca-radio-realiza-su-programa-especial-de-semana-santa-2023\/#respond"]}]},{"@type":"WebPage","@id":"https:\/\/arealorcaradio.es\/index.php\/2023\/03\/31\/area-lorca-radio-realiza-su-programa-especial-de-semana-santa-2023\/","url":"https:\/\/arealorcaradio.es\/index.php\/2023\/03\/31\/area-lorca-radio-realiza-su-programa-especial-de-semana-santa-2023\/","name":"\u00c1rea Lorca Radio realiza su programa especial de Semana Santa 2023 - AREA LORCA RADIO","isPartOf":{"@id":"https:\/\/arealorcaradio.es\/#website"},"primaryImageOfPage":{"@id":"https:\/\/arealorcaradio.es\/index.php\/2023\/03\/31\/area-lorca-radio-realiza-su-programa-especial-de-semana-santa-2023\/#primaryimage"},"image":{"@id":"https:\/\/arealorcaradio.es\/index.php\/2023\/03\/31\/area-lorca-radio-realiza-su-programa-especial-de-semana-santa-2023\/#primaryimage"},"thumbnailUrl":"https:\/\/arealorcaradio.es\/wp-content\/uploads\/2023\/03\/IMG-20230331-WA0019.jpg","datePublished":"2023-03-31T11:49:29+00:00","author":{"@id":"https:\/\/arealorcaradio.es\/#\/schema\/person\/9fae605fc25b0f2c83c1ab207139bd27"},"breadcrumb":{"@id":"https:\/\/arealorcaradio.es\/index.php\/2023\/03\/31\/area-lorca-radio-realiza-su-programa-especial-de-semana-santa-2023\/#breadcrumb"},"inLanguage":"es","potentialAction":[{"@type":"ReadAction","target":["https:\/\/arealorcaradio.es\/index.php\/2023\/03\/31\/area-lorca-radio-realiza-su-programa-especial-de-semana-santa-2023\/"]}]},{"@type":"ImageObject","inLanguage":"es","@id":"https:\/\/arealorcaradio.es\/index.php\/2023\/03\/31\/area-lorca-radio-realiza-su-programa-especial-de-semana-santa-2023\/#primaryimage","url":"https:\/\/arealorcaradio.es\/wp-content\/uploads\/2023\/03\/IMG-20230331-WA0019.jpg","contentUrl":"https:\/\/arealorcaradio.es\/wp-content\/uploads\/2023\/03\/IMG-20230331-WA0019.jpg","width":1600,"height":1200},{"@type":"BreadcrumbList","@id":"https:\/\/arealorcaradio.es\/index.php\/2023\/03\/31\/area-lorca-radio-realiza-su-programa-especial-de-semana-santa-2023\/#breadcrumb","itemListElement":[{"@type":"ListItem","position":1,"name":"Portada","item":"https:\/\/arealorcaradio.es\/"},{"@type":"ListItem","position":2,"name":"\u00c1rea Lorca Radio realiza su programa especial de Semana Santa 2023"}]},{"@type":"WebSite","@id":"https:\/\/arealorcaradio.es\/#website","url":"https:\/\/arealorcaradio.es\/","name":"AREA LORCA RADIO","description":"Descubre la programaci\u00f3n actual en \u00c1rea Lorca Radio, tu fuente de entrenamiento y noticias locales. Sintoniza ahora y mantente conectado online.","potentialAction":[{"@type":"SearchAction","target":{"@type":"EntryPoint","urlTemplate":"https:\/\/arealorcaradio.es\/?s={search_term_string}"},"query-input":{"@type":"PropertyValueSpecification","valueRequired":true,"valueName":"search_term_string"}}],"inLanguage":"es"},{"@type":"Person","@id":"https:\/\/arealorcaradio.es\/#\/schema\/person\/9fae605fc25b0f2c83c1ab207139bd27","name":"Paco S\u00e1nchez","image":{"@type":"ImageObject","inLanguage":"es","@id":"https:\/\/secure.gravatar.com\/avatar\/d67144e966420fb74aa84c9f2a0103be4724fd14db52b52d3b6bca749f257e79?s=96&d=mm&r=g","url":"https:\/\/secure.gravatar.com\/avatar\/d67144e966420fb74aa84c9f2a0103be4724fd14db52b52d3b6bca749f257e79?s=96&d=mm&r=g","contentUrl":"https:\/\/secure.gravatar.com\/avatar\/d67144e966420fb74aa84c9f2a0103be4724fd14db52b52d3b6bca749f257e79?s=96&d=mm&r=g","caption":"Paco S\u00e1nchez"},"sameAs":["https:\/\/arealorcaradio.es"],"url":"https:\/\/arealorcaradio.es\/index.php\/author\/admin_alorcaradio\/"}]}},"_links":{"self":[{"href":"https:\/\/arealorcaradio.es\/index.php\/wp-json\/wp\/v2\/posts\/473","targetHints":{"allow":["GET"]}}],"collection":[{"href":"https:\/\/arealorcaradio.es\/index.php\/wp-json\/wp\/v2\/posts"}],"about":[{"href":"https:\/\/arealorcaradio.es\/index.php\/wp-json\/wp\/v2\/types\/post"}],"author":[{"embeddable":true,"href":"https:\/\/arealorcaradio.es\/index.php\/wp-json\/wp\/v2\/users\/1"}],"replies":[{"embeddable":true,"href":"https:\/\/arealorcaradio.es\/index.php\/wp-json\/wp\/v2\/comments?post=473"}],"version-history":[{"count":2,"href":"https:\/\/arealorcaradio.es\/index.php\/wp-json\/wp\/v2\/posts\/473\/revisions"}],"predecessor-version":[{"id":525,"href":"https:\/\/arealorcaradio.es\/index.php\/wp-json\/wp\/v2\/posts\/473\/revisions\/525"}],"wp:featuredmedia":[{"embeddable":true,"href":"https:\/\/arealorcaradio.es\/index.php\/wp-json\/wp\/v2\/media\/476"}],"wp:attachment":[{"href":"https:\/\/arealorcaradio.es\/index.php\/wp-json\/wp\/v2\/media?parent=473"}],"wp:term":[{"taxonomy":"category","embeddable":true,"href":"https:\/\/arealorcaradio.es\/index.php\/wp-json\/wp\/v2\/categories?post=473"},{"taxonomy":"post_tag","embeddable":true,"href":"https:\/\/arealorcaradio.es\/index.php\/wp-json\/wp\/v2\/tags?post=473"}],"curies":[{"name":"wp","href":"https:\/\/api.w.org\/{rel}","templated":true}]}}