{"id":4716,"date":"2024-11-19T12:17:51","date_gmt":"2024-11-19T12:17:51","guid":{"rendered":"https:\/\/arealorcaradio.es\/?p=4716"},"modified":"2024-11-19T12:17:51","modified_gmt":"2024-11-19T12:17:51","slug":"el-aguileno-sebas-lopez-a-un-paso-del-banquillo-del-lorca-deportiva","status":"publish","type":"post","link":"https:\/\/arealorcaradio.es\/index.php\/2024\/11\/19\/el-aguileno-sebas-lopez-a-un-paso-del-banquillo-del-lorca-deportiva\/","title":{"rendered":"El aguile\u00f1o Sebas L\u00f3pez a un paso del banquillo del Lorca Deportiva"},"content":{"rendered":"<p>\u00c1REA LORCA RADIO.<\/p>\n<p>El Lorca Deportiva contin\u00faa desojando la margarita en busca de un nuevo inquilino para su banquillo, aunque parece tenerlo claro.<\/p>\n<p>En los dos \u00faltimos d\u00edas, tras la destituci\u00f3n del anterior t\u00e9cnico en la tarde del pasado domingo, Sebas L\u00f3pez, junto al lorquino Sergio S\u00e1nchez aparecieron r\u00e1pidamente como posibles los candidatos a dirigir el proyecto de Tercera RFEF para llevarlo a Segunda RFEF. Al t\u00e9cnico aguile\u00f1o le sobra experiencia ya que su curr\u00edculum dice que en sus doce temporadas con entrenador ha jugado siete promociones de ascenso a Segunda Divisi\u00f3n B o Segunda RFEF consiguiendo dos ascensos, uno con el Atl\u00e9tico Pulpile\u00f1o con el que ser\u00eda su debut en la categor\u00eda siendo destituido cuando ocupaba puesto de promoci\u00f3n de descenso, el otro fue con el \u00c1guilas FC, este \u00faltimo siendo campe\u00f3n a mediados del mes de marzo con una gran superioridad ante el resto de adversarios.<\/p>\n<p>En su segunda temporada fue destituido estando el equipo entre los siete mejores y siendo el menos goleado de la competici\u00f3n. De producirse finalmente la llegada de Sebas L\u00f3pez al banquillo del Artes Carrasco, llegar\u00eda acompa\u00f1ado por su persona de confianza las ultimas cinco temporadas, el lorquino Arturo Latorre, qui\u00e9n ocupar\u00eda el cargo de adjunto a la direcci\u00f3n t\u00e9cnica.<\/p>\n<p>Sebas L\u00f3pez ha dirigido en su carrera como entrenador al CD Vera (Primera Andaluza), Sporting Aguile\u00f1o (Territorial Preferente), Hu\u00e9rcal Overa (Tercera Divisi\u00f3n, 3\u00ba y Play Off), \u00c1guilas FC (Tercera Divisi\u00f3n, 3\u00ba y Play Off), Atl\u00e9tico Pulpile\u00f1o (Tercera Divisi\u00f3n, 3\u00ba, 5\u00ba, 2\u00ba, 2\u00ba y ascenso a Segunda RFEF), \u00c1guilas FC (Tercera RFEF, 1\u00ba y ascenso directo como campe\u00f3n a Segunda RFEF).<\/p>\n<p><img loading=\"lazy\" decoding=\"async\" class=\"alignnone size-medium wp-image-4719\" src=\"https:\/\/arealorcaradio.es\/wp-content\/uploads\/2024\/11\/IMG-20241119-WA0019-300x200.jpg\" alt=\"\" width=\"300\" height=\"200\" srcset=\"https:\/\/arealorcaradio.es\/wp-content\/uploads\/2024\/11\/IMG-20241119-WA0019-300x200.jpg 300w, https:\/\/arealorcaradio.es\/wp-content\/uploads\/2024\/11\/IMG-20241119-WA0019-1024x682.jpg 1024w, https:\/\/arealorcaradio.es\/wp-content\/uploads\/2024\/11\/IMG-20241119-WA0019-768x512.jpg 768w, https:\/\/arealorcaradio.es\/wp-content\/uploads\/2024\/11\/IMG-20241119-WA0019-1536x1023.jpg 1536w, https:\/\/arealorcaradio.es\/wp-content\/uploads\/2024\/11\/IMG-20241119-WA0019.jpg 1600w\" sizes=\"auto, (max-width: 300px) 100vw, 300px\" \/><\/p>\n","protected":false},"excerpt":{"rendered":"<p>\u00c1REA LORCA RADIO. El Lorca Deportiva contin\u00faa desojando la margarita en busca de un nuevo inquilino para su banquillo, aunque parece tenerlo claro. En los dos \u00faltimos d\u00edas, tras la destituci\u00f3n del anterior t\u00e9cnico en la tarde del pasado domingo, Sebas L\u00f3pez, junto al lorquino Sergio S\u00e1nchez aparecieron r\u00e1pidamente como posibles los candidatos a dirigir [&hellip;]<\/p>\n","protected":false},"author":1,"featured_media":4720,"comment_status":"open","ping_status":"open","sticky":false,"template":"","format":"standard","meta":{"iawp_total_views":104,"footnotes":""},"categories":[4,7],"tags":[],"class_list":["post-4716","post","type-post","status-publish","format-standard","has-post-thumbnail","hentry","category-deportes","category-lorca"],"yoast_head":"<!-- This site is optimized with the Yoast SEO plugin v27.5 - https:\/\/yoast.com\/product\/yoast-seo-wordpress\/ -->\n<title>El aguile\u00f1o Sebas L\u00f3pez a un paso del banquillo del Lorca Deportiva - AREA LORCA RADIO<\/title>\n<meta name=\"robots\" content=\"index, follow, max-snippet:-1, max-image-preview:large, max-video-preview:-1\" \/>\n<link rel=\"canonical\" href=\"https:\/\/arealorcaradio.es\/index.php\/2024\/11\/19\/el-aguileno-sebas-lopez-a-un-paso-del-banquillo-del-lorca-deportiva\/\" \/>\n<meta property=\"og:locale\" content=\"es_ES\" \/>\n<meta property=\"og:type\" content=\"article\" \/>\n<meta property=\"og:title\" content=\"El aguile\u00f1o Sebas L\u00f3pez a un paso del banquillo del Lorca Deportiva - AREA LORCA RADIO\" \/>\n<meta property=\"og:description\" content=\"\u00c1REA LORCA RADIO. El Lorca Deportiva contin\u00faa desojando la margarita en busca de un nuevo inquilino para su banquillo, aunque parece tenerlo claro. En los dos \u00faltimos d\u00edas, tras la destituci\u00f3n del anterior t\u00e9cnico en la tarde del pasado domingo, Sebas L\u00f3pez, junto al lorquino Sergio S\u00e1nchez aparecieron r\u00e1pidamente como posibles los candidatos a dirigir [&hellip;]\" \/>\n<meta property=\"og:url\" content=\"https:\/\/arealorcaradio.es\/index.php\/2024\/11\/19\/el-aguileno-sebas-lopez-a-un-paso-del-banquillo-del-lorca-deportiva\/\" \/>\n<meta property=\"og:site_name\" content=\"AREA LORCA RADIO\" \/>\n<meta property=\"article:published_time\" content=\"2024-11-19T12:17:51+00:00\" \/>\n<meta property=\"og:image\" content=\"https:\/\/arealorcaradio.es\/wp-content\/uploads\/2024\/11\/IMG-20241119-WA0020.jpg\" \/>\n\t<meta property=\"og:image:width\" content=\"2048\" \/>\n\t<meta property=\"og:image:height\" content=\"1364\" \/>\n\t<meta property=\"og:image:type\" content=\"image\/jpeg\" \/>\n<meta name=\"author\" content=\"Paco S\u00e1nchez\" \/>\n<meta name=\"twitter:card\" content=\"summary_large_image\" \/>\n<meta name=\"twitter:label1\" content=\"Escrito por\" \/>\n\t<meta name=\"twitter:data1\" content=\"Paco S\u00e1nchez\" \/>\n\t<meta name=\"twitter:label2\" content=\"Tiempo de lectura\" \/>\n\t<meta name=\"twitter:data2\" content=\"2 minutos\" \/>\n<script type=\"application\/ld+json\" class=\"yoast-schema-graph\">{\"@context\":\"https:\\\/\\\/schema.org\",\"@graph\":[{\"@type\":\"Article\",\"@id\":\"https:\\\/\\\/arealorcaradio.es\\\/index.php\\\/2024\\\/11\\\/19\\\/el-aguileno-sebas-lopez-a-un-paso-del-banquillo-del-lorca-deportiva\\\/#article\",\"isPartOf\":{\"@id\":\"https:\\\/\\\/arealorcaradio.es\\\/index.php\\\/2024\\\/11\\\/19\\\/el-aguileno-sebas-lopez-a-un-paso-del-banquillo-del-lorca-deportiva\\\/\"},\"author\":{\"name\":\"Paco S\u00e1nchez\",\"@id\":\"https:\\\/\\\/arealorcaradio.es\\\/#\\\/schema\\\/person\\\/9fae605fc25b0f2c83c1ab207139bd27\"},\"headline\":\"El aguile\u00f1o Sebas L\u00f3pez a un paso del banquillo del Lorca Deportiva\",\"datePublished\":\"2024-11-19T12:17:51+00:00\",\"mainEntityOfPage\":{\"@id\":\"https:\\\/\\\/arealorcaradio.es\\\/index.php\\\/2024\\\/11\\\/19\\\/el-aguileno-sebas-lopez-a-un-paso-del-banquillo-del-lorca-deportiva\\\/\"},\"wordCount\":308,\"commentCount\":0,\"image\":{\"@id\":\"https:\\\/\\\/arealorcaradio.es\\\/index.php\\\/2024\\\/11\\\/19\\\/el-aguileno-sebas-lopez-a-un-paso-del-banquillo-del-lorca-deportiva\\\/#primaryimage\"},\"thumbnailUrl\":\"https:\\\/\\\/arealorcaradio.es\\\/wp-content\\\/uploads\\\/2024\\\/11\\\/IMG-20241119-WA0020.jpg\",\"articleSection\":[\"DEPORTES\",\"LORCA\"],\"inLanguage\":\"es\",\"potentialAction\":[{\"@type\":\"CommentAction\",\"name\":\"Comment\",\"target\":[\"https:\\\/\\\/arealorcaradio.es\\\/index.php\\\/2024\\\/11\\\/19\\\/el-aguileno-sebas-lopez-a-un-paso-del-banquillo-del-lorca-deportiva\\\/#respond\"]}]},{\"@type\":\"WebPage\",\"@id\":\"https:\\\/\\\/arealorcaradio.es\\\/index.php\\\/2024\\\/11\\\/19\\\/el-aguileno-sebas-lopez-a-un-paso-del-banquillo-del-lorca-deportiva\\\/\",\"url\":\"https:\\\/\\\/arealorcaradio.es\\\/index.php\\\/2024\\\/11\\\/19\\\/el-aguileno-sebas-lopez-a-un-paso-del-banquillo-del-lorca-deportiva\\\/\",\"name\":\"El aguile\u00f1o Sebas L\u00f3pez a un paso del banquillo del Lorca Deportiva - AREA LORCA RADIO\",\"isPartOf\":{\"@id\":\"https:\\\/\\\/arealorcaradio.es\\\/#website\"},\"primaryImageOfPage\":{\"@id\":\"https:\\\/\\\/arealorcaradio.es\\\/index.php\\\/2024\\\/11\\\/19\\\/el-aguileno-sebas-lopez-a-un-paso-del-banquillo-del-lorca-deportiva\\\/#primaryimage\"},\"image\":{\"@id\":\"https:\\\/\\\/arealorcaradio.es\\\/index.php\\\/2024\\\/11\\\/19\\\/el-aguileno-sebas-lopez-a-un-paso-del-banquillo-del-lorca-deportiva\\\/#primaryimage\"},\"thumbnailUrl\":\"https:\\\/\\\/arealorcaradio.es\\\/wp-content\\\/uploads\\\/2024\\\/11\\\/IMG-20241119-WA0020.jpg\",\"datePublished\":\"2024-11-19T12:17:51+00:00\",\"author\":{\"@id\":\"https:\\\/\\\/arealorcaradio.es\\\/#\\\/schema\\\/person\\\/9fae605fc25b0f2c83c1ab207139bd27\"},\"breadcrumb\":{\"@id\":\"https:\\\/\\\/arealorcaradio.es\\\/index.php\\\/2024\\\/11\\\/19\\\/el-aguileno-sebas-lopez-a-un-paso-del-banquillo-del-lorca-deportiva\\\/#breadcrumb\"},\"inLanguage\":\"es\",\"potentialAction\":[{\"@type\":\"ReadAction\",\"target\":[\"https:\\\/\\\/arealorcaradio.es\\\/index.php\\\/2024\\\/11\\\/19\\\/el-aguileno-sebas-lopez-a-un-paso-del-banquillo-del-lorca-deportiva\\\/\"]}]},{\"@type\":\"ImageObject\",\"inLanguage\":\"es\",\"@id\":\"https:\\\/\\\/arealorcaradio.es\\\/index.php\\\/2024\\\/11\\\/19\\\/el-aguileno-sebas-lopez-a-un-paso-del-banquillo-del-lorca-deportiva\\\/#primaryimage\",\"url\":\"https:\\\/\\\/arealorcaradio.es\\\/wp-content\\\/uploads\\\/2024\\\/11\\\/IMG-20241119-WA0020.jpg\",\"contentUrl\":\"https:\\\/\\\/arealorcaradio.es\\\/wp-content\\\/uploads\\\/2024\\\/11\\\/IMG-20241119-WA0020.jpg\",\"width\":2048,\"height\":1364},{\"@type\":\"BreadcrumbList\",\"@id\":\"https:\\\/\\\/arealorcaradio.es\\\/index.php\\\/2024\\\/11\\\/19\\\/el-aguileno-sebas-lopez-a-un-paso-del-banquillo-del-lorca-deportiva\\\/#breadcrumb\",\"itemListElement\":[{\"@type\":\"ListItem\",\"position\":1,\"name\":\"Portada\",\"item\":\"https:\\\/\\\/arealorcaradio.es\\\/\"},{\"@type\":\"ListItem\",\"position\":2,\"name\":\"El aguile\u00f1o Sebas L\u00f3pez a un paso del banquillo del Lorca Deportiva\"}]},{\"@type\":\"WebSite\",\"@id\":\"https:\\\/\\\/arealorcaradio.es\\\/#website\",\"url\":\"https:\\\/\\\/arealorcaradio.es\\\/\",\"name\":\"AREA LORCA RADIO\",\"description\":\"Descubre la programaci\u00f3n actual en \u00c1rea Lorca Radio, tu fuente de entrenamiento y noticias locales. Sintoniza ahora y mantente conectado online.\",\"potentialAction\":[{\"@type\":\"SearchAction\",\"target\":{\"@type\":\"EntryPoint\",\"urlTemplate\":\"https:\\\/\\\/arealorcaradio.es\\\/?s={search_term_string}\"},\"query-input\":{\"@type\":\"PropertyValueSpecification\",\"valueRequired\":true,\"valueName\":\"search_term_string\"}}],\"inLanguage\":\"es\"},{\"@type\":\"Person\",\"@id\":\"https:\\\/\\\/arealorcaradio.es\\\/#\\\/schema\\\/person\\\/9fae605fc25b0f2c83c1ab207139bd27\",\"name\":\"Paco S\u00e1nchez\",\"image\":{\"@type\":\"ImageObject\",\"inLanguage\":\"es\",\"@id\":\"https:\\\/\\\/secure.gravatar.com\\\/avatar\\\/d67144e966420fb74aa84c9f2a0103be4724fd14db52b52d3b6bca749f257e79?s=96&d=mm&r=g\",\"url\":\"https:\\\/\\\/secure.gravatar.com\\\/avatar\\\/d67144e966420fb74aa84c9f2a0103be4724fd14db52b52d3b6bca749f257e79?s=96&d=mm&r=g\",\"contentUrl\":\"https:\\\/\\\/secure.gravatar.com\\\/avatar\\\/d67144e966420fb74aa84c9f2a0103be4724fd14db52b52d3b6bca749f257e79?s=96&d=mm&r=g\",\"caption\":\"Paco S\u00e1nchez\"},\"sameAs\":[\"https:\\\/\\\/arealorcaradio.es\"],\"url\":\"https:\\\/\\\/arealorcaradio.es\\\/index.php\\\/author\\\/admin_alorcaradio\\\/\"}]}<\/script>\n<!-- \/ Yoast SEO plugin. -->","yoast_head_json":{"title":"El aguile\u00f1o Sebas L\u00f3pez a un paso del banquillo del Lorca Deportiva - AREA LORCA RADIO","robots":{"index":"index","follow":"follow","max-snippet":"max-snippet:-1","max-image-preview":"max-image-preview:large","max-video-preview":"max-video-preview:-1"},"canonical":"https:\/\/arealorcaradio.es\/index.php\/2024\/11\/19\/el-aguileno-sebas-lopez-a-un-paso-del-banquillo-del-lorca-deportiva\/","og_locale":"es_ES","og_type":"article","og_title":"El aguile\u00f1o Sebas L\u00f3pez a un paso del banquillo del Lorca Deportiva - AREA LORCA RADIO","og_description":"\u00c1REA LORCA RADIO. El Lorca Deportiva contin\u00faa desojando la margarita en busca de un nuevo inquilino para su banquillo, aunque parece tenerlo claro. En los dos \u00faltimos d\u00edas, tras la destituci\u00f3n del anterior t\u00e9cnico en la tarde del pasado domingo, Sebas L\u00f3pez, junto al lorquino Sergio S\u00e1nchez aparecieron r\u00e1pidamente como posibles los candidatos a dirigir [&hellip;]","og_url":"https:\/\/arealorcaradio.es\/index.php\/2024\/11\/19\/el-aguileno-sebas-lopez-a-un-paso-del-banquillo-del-lorca-deportiva\/","og_site_name":"AREA LORCA RADIO","article_published_time":"2024-11-19T12:17:51+00:00","og_image":[{"width":2048,"height":1364,"url":"https:\/\/arealorcaradio.es\/wp-content\/uploads\/2024\/11\/IMG-20241119-WA0020.jpg","type":"image\/jpeg"}],"author":"Paco S\u00e1nchez","twitter_card":"summary_large_image","twitter_misc":{"Escrito por":"Paco S\u00e1nchez","Tiempo de lectura":"2 minutos"},"schema":{"@context":"https:\/\/schema.org","@graph":[{"@type":"Article","@id":"https:\/\/arealorcaradio.es\/index.php\/2024\/11\/19\/el-aguileno-sebas-lopez-a-un-paso-del-banquillo-del-lorca-deportiva\/#article","isPartOf":{"@id":"https:\/\/arealorcaradio.es\/index.php\/2024\/11\/19\/el-aguileno-sebas-lopez-a-un-paso-del-banquillo-del-lorca-deportiva\/"},"author":{"name":"Paco S\u00e1nchez","@id":"https:\/\/arealorcaradio.es\/#\/schema\/person\/9fae605fc25b0f2c83c1ab207139bd27"},"headline":"El aguile\u00f1o Sebas L\u00f3pez a un paso del banquillo del Lorca Deportiva","datePublished":"2024-11-19T12:17:51+00:00","mainEntityOfPage":{"@id":"https:\/\/arealorcaradio.es\/index.php\/2024\/11\/19\/el-aguileno-sebas-lopez-a-un-paso-del-banquillo-del-lorca-deportiva\/"},"wordCount":308,"commentCount":0,"image":{"@id":"https:\/\/arealorcaradio.es\/index.php\/2024\/11\/19\/el-aguileno-sebas-lopez-a-un-paso-del-banquillo-del-lorca-deportiva\/#primaryimage"},"thumbnailUrl":"https:\/\/arealorcaradio.es\/wp-content\/uploads\/2024\/11\/IMG-20241119-WA0020.jpg","articleSection":["DEPORTES","LORCA"],"inLanguage":"es","potentialAction":[{"@type":"CommentAction","name":"Comment","target":["https:\/\/arealorcaradio.es\/index.php\/2024\/11\/19\/el-aguileno-sebas-lopez-a-un-paso-del-banquillo-del-lorca-deportiva\/#respond"]}]},{"@type":"WebPage","@id":"https:\/\/arealorcaradio.es\/index.php\/2024\/11\/19\/el-aguileno-sebas-lopez-a-un-paso-del-banquillo-del-lorca-deportiva\/","url":"https:\/\/arealorcaradio.es\/index.php\/2024\/11\/19\/el-aguileno-sebas-lopez-a-un-paso-del-banquillo-del-lorca-deportiva\/","name":"El aguile\u00f1o Sebas L\u00f3pez a un paso del banquillo del Lorca Deportiva - AREA LORCA RADIO","isPartOf":{"@id":"https:\/\/arealorcaradio.es\/#website"},"primaryImageOfPage":{"@id":"https:\/\/arealorcaradio.es\/index.php\/2024\/11\/19\/el-aguileno-sebas-lopez-a-un-paso-del-banquillo-del-lorca-deportiva\/#primaryimage"},"image":{"@id":"https:\/\/arealorcaradio.es\/index.php\/2024\/11\/19\/el-aguileno-sebas-lopez-a-un-paso-del-banquillo-del-lorca-deportiva\/#primaryimage"},"thumbnailUrl":"https:\/\/arealorcaradio.es\/wp-content\/uploads\/2024\/11\/IMG-20241119-WA0020.jpg","datePublished":"2024-11-19T12:17:51+00:00","author":{"@id":"https:\/\/arealorcaradio.es\/#\/schema\/person\/9fae605fc25b0f2c83c1ab207139bd27"},"breadcrumb":{"@id":"https:\/\/arealorcaradio.es\/index.php\/2024\/11\/19\/el-aguileno-sebas-lopez-a-un-paso-del-banquillo-del-lorca-deportiva\/#breadcrumb"},"inLanguage":"es","potentialAction":[{"@type":"ReadAction","target":["https:\/\/arealorcaradio.es\/index.php\/2024\/11\/19\/el-aguileno-sebas-lopez-a-un-paso-del-banquillo-del-lorca-deportiva\/"]}]},{"@type":"ImageObject","inLanguage":"es","@id":"https:\/\/arealorcaradio.es\/index.php\/2024\/11\/19\/el-aguileno-sebas-lopez-a-un-paso-del-banquillo-del-lorca-deportiva\/#primaryimage","url":"https:\/\/arealorcaradio.es\/wp-content\/uploads\/2024\/11\/IMG-20241119-WA0020.jpg","contentUrl":"https:\/\/arealorcaradio.es\/wp-content\/uploads\/2024\/11\/IMG-20241119-WA0020.jpg","width":2048,"height":1364},{"@type":"BreadcrumbList","@id":"https:\/\/arealorcaradio.es\/index.php\/2024\/11\/19\/el-aguileno-sebas-lopez-a-un-paso-del-banquillo-del-lorca-deportiva\/#breadcrumb","itemListElement":[{"@type":"ListItem","position":1,"name":"Portada","item":"https:\/\/arealorcaradio.es\/"},{"@type":"ListItem","position":2,"name":"El aguile\u00f1o Sebas L\u00f3pez a un paso del banquillo del Lorca Deportiva"}]},{"@type":"WebSite","@id":"https:\/\/arealorcaradio.es\/#website","url":"https:\/\/arealorcaradio.es\/","name":"AREA LORCA RADIO","description":"Descubre la programaci\u00f3n actual en \u00c1rea Lorca Radio, tu fuente de entrenamiento y noticias locales. Sintoniza ahora y mantente conectado online.","potentialAction":[{"@type":"SearchAction","target":{"@type":"EntryPoint","urlTemplate":"https:\/\/arealorcaradio.es\/?s={search_term_string}"},"query-input":{"@type":"PropertyValueSpecification","valueRequired":true,"valueName":"search_term_string"}}],"inLanguage":"es"},{"@type":"Person","@id":"https:\/\/arealorcaradio.es\/#\/schema\/person\/9fae605fc25b0f2c83c1ab207139bd27","name":"Paco S\u00e1nchez","image":{"@type":"ImageObject","inLanguage":"es","@id":"https:\/\/secure.gravatar.com\/avatar\/d67144e966420fb74aa84c9f2a0103be4724fd14db52b52d3b6bca749f257e79?s=96&d=mm&r=g","url":"https:\/\/secure.gravatar.com\/avatar\/d67144e966420fb74aa84c9f2a0103be4724fd14db52b52d3b6bca749f257e79?s=96&d=mm&r=g","contentUrl":"https:\/\/secure.gravatar.com\/avatar\/d67144e966420fb74aa84c9f2a0103be4724fd14db52b52d3b6bca749f257e79?s=96&d=mm&r=g","caption":"Paco S\u00e1nchez"},"sameAs":["https:\/\/arealorcaradio.es"],"url":"https:\/\/arealorcaradio.es\/index.php\/author\/admin_alorcaradio\/"}]}},"_links":{"self":[{"href":"https:\/\/arealorcaradio.es\/index.php\/wp-json\/wp\/v2\/posts\/4716","targetHints":{"allow":["GET"]}}],"collection":[{"href":"https:\/\/arealorcaradio.es\/index.php\/wp-json\/wp\/v2\/posts"}],"about":[{"href":"https:\/\/arealorcaradio.es\/index.php\/wp-json\/wp\/v2\/types\/post"}],"author":[{"embeddable":true,"href":"https:\/\/arealorcaradio.es\/index.php\/wp-json\/wp\/v2\/users\/1"}],"replies":[{"embeddable":true,"href":"https:\/\/arealorcaradio.es\/index.php\/wp-json\/wp\/v2\/comments?post=4716"}],"version-history":[{"count":3,"href":"https:\/\/arealorcaradio.es\/index.php\/wp-json\/wp\/v2\/posts\/4716\/revisions"}],"predecessor-version":[{"id":4722,"href":"https:\/\/arealorcaradio.es\/index.php\/wp-json\/wp\/v2\/posts\/4716\/revisions\/4722"}],"wp:featuredmedia":[{"embeddable":true,"href":"https:\/\/arealorcaradio.es\/index.php\/wp-json\/wp\/v2\/media\/4720"}],"wp:attachment":[{"href":"https:\/\/arealorcaradio.es\/index.php\/wp-json\/wp\/v2\/media?parent=4716"}],"wp:term":[{"taxonomy":"category","embeddable":true,"href":"https:\/\/arealorcaradio.es\/index.php\/wp-json\/wp\/v2\/categories?post=4716"},{"taxonomy":"post_tag","embeddable":true,"href":"https:\/\/arealorcaradio.es\/index.php\/wp-json\/wp\/v2\/tags?post=4716"}],"curies":[{"name":"wp","href":"https:\/\/api.w.org\/{rel}","templated":true}]}}