{"id":4670,"date":"2024-11-13T18:19:40","date_gmt":"2024-11-13T18:19:40","guid":{"rendered":"https:\/\/arealorcaradio.es\/?p=4670"},"modified":"2024-11-13T18:19:40","modified_gmt":"2024-11-13T18:19:40","slug":"mario-molina-se-proclama-campeon-por-quinta-vez-del-cross-patron-de-lorca","status":"publish","type":"post","link":"https:\/\/arealorcaradio.es\/index.php\/2024\/11\/13\/mario-molina-se-proclama-campeon-por-quinta-vez-del-cross-patron-de-lorca\/","title":{"rendered":"Mario Molina se proclama campe\u00f3n por quinta vez del Cross Patr\u00f3n de Lorca"},"content":{"rendered":"<p>\u00c1REA LORCA RADIO.<\/p>\n<p>Escucha aqu\u00ed la entrevista que nos ha concedido dentro de la secci\u00f3n patrocinada por la empres Puertas Lorca, el flamante ganador del Cross Patr\u00f3n de Lorca, Mario Molina, qui\u00e9n adem\u00e1s nos ha acercado a la carrera deportiva del que fuera atleta de Eliocroca, el aguile\u00f1o Pedro Silvente Mulero.<\/p>\n<audio class=\"wp-audio-shortcode\" id=\"audio-4670-1\" preload=\"none\" style=\"width: 100%;\" controls=\"controls\"><source type=\"audio\/mpeg\" src=\"https:\/\/arealorcaradio.es\/wp-content\/uploads\/2024\/11\/131124-MARIO-MOLINA-Y-PEDRO-SILVENTE-MULERO.mp3?_=1\" \/><a href=\"https:\/\/arealorcaradio.es\/wp-content\/uploads\/2024\/11\/131124-MARIO-MOLINA-Y-PEDRO-SILVENTE-MULERO.mp3\">https:\/\/arealorcaradio.es\/wp-content\/uploads\/2024\/11\/131124-MARIO-MOLINA-Y-PEDRO-SILVENTE-MULERO.mp3<\/a><\/audio>\n<p><img loading=\"lazy\" decoding=\"async\" class=\"alignnone  wp-image-4676\" src=\"https:\/\/arealorcaradio.es\/wp-content\/uploads\/2024\/11\/IMG-20241113-WA0027-225x300.jpg\" alt=\"\" width=\"208\" height=\"277\" srcset=\"https:\/\/arealorcaradio.es\/wp-content\/uploads\/2024\/11\/IMG-20241113-WA0027-225x300.jpg 225w, https:\/\/arealorcaradio.es\/wp-content\/uploads\/2024\/11\/IMG-20241113-WA0027-768x1024.jpg 768w, https:\/\/arealorcaradio.es\/wp-content\/uploads\/2024\/11\/IMG-20241113-WA0027-1152x1536.jpg 1152w, https:\/\/arealorcaradio.es\/wp-content\/uploads\/2024\/11\/IMG-20241113-WA0027.jpg 1500w\" sizes=\"auto, (max-width: 208px) 100vw, 208px\" \/> <img loading=\"lazy\" decoding=\"async\" class=\"alignnone  wp-image-4677\" src=\"https:\/\/arealorcaradio.es\/wp-content\/uploads\/2024\/11\/IMG-20241113-WA0030-277x300.jpg\" alt=\"\" width=\"254\" height=\"275\" srcset=\"https:\/\/arealorcaradio.es\/wp-content\/uploads\/2024\/11\/IMG-20241113-WA0030-277x300.jpg 277w, https:\/\/arealorcaradio.es\/wp-content\/uploads\/2024\/11\/IMG-20241113-WA0030-945x1024.jpg 945w, https:\/\/arealorcaradio.es\/wp-content\/uploads\/2024\/11\/IMG-20241113-WA0030-768x832.jpg 768w, https:\/\/arealorcaradio.es\/wp-content\/uploads\/2024\/11\/IMG-20241113-WA0030.jpg 1224w\" sizes=\"auto, (max-width: 254px) 100vw, 254px\" \/> <img loading=\"lazy\" decoding=\"async\" class=\"alignnone  wp-image-4678\" src=\"https:\/\/arealorcaradio.es\/wp-content\/uploads\/2024\/11\/IMG-20241113-WA0029-225x300.jpg\" alt=\"\" width=\"206\" height=\"275\" srcset=\"https:\/\/arealorcaradio.es\/wp-content\/uploads\/2024\/11\/IMG-20241113-WA0029-225x300.jpg 225w, https:\/\/arealorcaradio.es\/wp-content\/uploads\/2024\/11\/IMG-20241113-WA0029-768x1024.jpg 768w, https:\/\/arealorcaradio.es\/wp-content\/uploads\/2024\/11\/IMG-20241113-WA0029-1152x1536.jpg 1152w, https:\/\/arealorcaradio.es\/wp-content\/uploads\/2024\/11\/IMG-20241113-WA0029.jpg 1200w\" sizes=\"auto, (max-width: 206px) 100vw, 206px\" \/><img loading=\"lazy\" decoding=\"async\" class=\"alignnone size-medium wp-image-4679\" src=\"https:\/\/arealorcaradio.es\/wp-content\/uploads\/2024\/11\/20241113_165638-300x225.jpg\" alt=\"\" width=\"300\" height=\"225\" srcset=\"https:\/\/arealorcaradio.es\/wp-content\/uploads\/2024\/11\/20241113_165638-300x225.jpg 300w, https:\/\/arealorcaradio.es\/wp-content\/uploads\/2024\/11\/20241113_165638-1024x768.jpg 1024w, https:\/\/arealorcaradio.es\/wp-content\/uploads\/2024\/11\/20241113_165638-768x576.jpg 768w, https:\/\/arealorcaradio.es\/wp-content\/uploads\/2024\/11\/20241113_165638-1536x1152.jpg 1536w, https:\/\/arealorcaradio.es\/wp-content\/uploads\/2024\/11\/20241113_165638-2048x1536.jpg 2048w, https:\/\/arealorcaradio.es\/wp-content\/uploads\/2024\/11\/20241113_165638-86x64.jpg 86w\" sizes=\"auto, (max-width: 300px) 100vw, 300px\" \/><\/p>\n","protected":false},"excerpt":{"rendered":"<p>\u00c1REA LORCA RADIO. Escucha aqu\u00ed la entrevista que nos ha concedido dentro de la secci\u00f3n patrocinada por la empres Puertas Lorca, el flamante ganador del Cross Patr\u00f3n de Lorca, Mario Molina, qui\u00e9n adem\u00e1s nos ha acercado a la carrera deportiva del que fuera atleta de Eliocroca, el aguile\u00f1o Pedro Silvente Mulero.<\/p>\n","protected":false},"author":1,"featured_media":4675,"comment_status":"open","ping_status":"open","sticky":false,"template":"","format":"standard","meta":{"iawp_total_views":193,"footnotes":""},"categories":[4,7],"tags":[],"class_list":["post-4670","post","type-post","status-publish","format-standard","has-post-thumbnail","hentry","category-deportes","category-lorca"],"yoast_head":"<!-- This site is optimized with the Yoast SEO plugin v27.5 - https:\/\/yoast.com\/product\/yoast-seo-wordpress\/ -->\n<title>Mario Molina se proclama campe\u00f3n por quinta vez del Cross Patr\u00f3n de Lorca - AREA LORCA RADIO<\/title>\n<meta name=\"robots\" content=\"index, follow, max-snippet:-1, max-image-preview:large, max-video-preview:-1\" \/>\n<link rel=\"canonical\" href=\"https:\/\/arealorcaradio.es\/index.php\/2024\/11\/13\/mario-molina-se-proclama-campeon-por-quinta-vez-del-cross-patron-de-lorca\/\" \/>\n<meta property=\"og:locale\" content=\"es_ES\" \/>\n<meta property=\"og:type\" content=\"article\" \/>\n<meta property=\"og:title\" content=\"Mario Molina se proclama campe\u00f3n por quinta vez del Cross Patr\u00f3n de Lorca - AREA LORCA RADIO\" \/>\n<meta property=\"og:description\" content=\"\u00c1REA LORCA RADIO. Escucha aqu\u00ed la entrevista que nos ha concedido dentro de la secci\u00f3n patrocinada por la empres Puertas Lorca, el flamante ganador del Cross Patr\u00f3n de Lorca, Mario Molina, qui\u00e9n adem\u00e1s nos ha acercado a la carrera deportiva del que fuera atleta de Eliocroca, el aguile\u00f1o Pedro Silvente Mulero.\" \/>\n<meta property=\"og:url\" content=\"https:\/\/arealorcaradio.es\/index.php\/2024\/11\/13\/mario-molina-se-proclama-campeon-por-quinta-vez-del-cross-patron-de-lorca\/\" \/>\n<meta property=\"og:site_name\" content=\"AREA LORCA RADIO\" \/>\n<meta property=\"article:published_time\" content=\"2024-11-13T18:19:40+00:00\" \/>\n<meta property=\"og:image\" content=\"https:\/\/arealorcaradio.es\/wp-content\/uploads\/2024\/11\/IMG-20241113-WA0028.jpg\" \/>\n\t<meta property=\"og:image:width\" content=\"1080\" \/>\n\t<meta property=\"og:image:height\" content=\"748\" \/>\n\t<meta property=\"og:image:type\" content=\"image\/jpeg\" \/>\n<meta name=\"author\" content=\"Paco S\u00e1nchez\" \/>\n<meta name=\"twitter:card\" content=\"summary_large_image\" \/>\n<meta name=\"twitter:label1\" content=\"Escrito por\" \/>\n\t<meta name=\"twitter:data1\" content=\"Paco S\u00e1nchez\" \/>\n\t<meta name=\"twitter:label2\" content=\"Tiempo de lectura\" \/>\n\t<meta name=\"twitter:data2\" content=\"2 minutos\" \/>\n<script type=\"application\/ld+json\" class=\"yoast-schema-graph\">{\"@context\":\"https:\\\/\\\/schema.org\",\"@graph\":[{\"@type\":\"Article\",\"@id\":\"https:\\\/\\\/arealorcaradio.es\\\/index.php\\\/2024\\\/11\\\/13\\\/mario-molina-se-proclama-campeon-por-quinta-vez-del-cross-patron-de-lorca\\\/#article\",\"isPartOf\":{\"@id\":\"https:\\\/\\\/arealorcaradio.es\\\/index.php\\\/2024\\\/11\\\/13\\\/mario-molina-se-proclama-campeon-por-quinta-vez-del-cross-patron-de-lorca\\\/\"},\"author\":{\"name\":\"Paco S\u00e1nchez\",\"@id\":\"https:\\\/\\\/arealorcaradio.es\\\/#\\\/schema\\\/person\\\/9fae605fc25b0f2c83c1ab207139bd27\"},\"headline\":\"Mario Molina se proclama campe\u00f3n por quinta vez del Cross Patr\u00f3n de Lorca\",\"datePublished\":\"2024-11-13T18:19:40+00:00\",\"mainEntityOfPage\":{\"@id\":\"https:\\\/\\\/arealorcaradio.es\\\/index.php\\\/2024\\\/11\\\/13\\\/mario-molina-se-proclama-campeon-por-quinta-vez-del-cross-patron-de-lorca\\\/\"},\"wordCount\":81,\"commentCount\":0,\"image\":{\"@id\":\"https:\\\/\\\/arealorcaradio.es\\\/index.php\\\/2024\\\/11\\\/13\\\/mario-molina-se-proclama-campeon-por-quinta-vez-del-cross-patron-de-lorca\\\/#primaryimage\"},\"thumbnailUrl\":\"https:\\\/\\\/arealorcaradio.es\\\/wp-content\\\/uploads\\\/2024\\\/11\\\/IMG-20241113-WA0028.jpg\",\"articleSection\":[\"DEPORTES\",\"LORCA\"],\"inLanguage\":\"es\",\"potentialAction\":[{\"@type\":\"CommentAction\",\"name\":\"Comment\",\"target\":[\"https:\\\/\\\/arealorcaradio.es\\\/index.php\\\/2024\\\/11\\\/13\\\/mario-molina-se-proclama-campeon-por-quinta-vez-del-cross-patron-de-lorca\\\/#respond\"]}]},{\"@type\":\"WebPage\",\"@id\":\"https:\\\/\\\/arealorcaradio.es\\\/index.php\\\/2024\\\/11\\\/13\\\/mario-molina-se-proclama-campeon-por-quinta-vez-del-cross-patron-de-lorca\\\/\",\"url\":\"https:\\\/\\\/arealorcaradio.es\\\/index.php\\\/2024\\\/11\\\/13\\\/mario-molina-se-proclama-campeon-por-quinta-vez-del-cross-patron-de-lorca\\\/\",\"name\":\"Mario Molina se proclama campe\u00f3n por quinta vez del Cross Patr\u00f3n de Lorca - AREA LORCA RADIO\",\"isPartOf\":{\"@id\":\"https:\\\/\\\/arealorcaradio.es\\\/#website\"},\"primaryImageOfPage\":{\"@id\":\"https:\\\/\\\/arealorcaradio.es\\\/index.php\\\/2024\\\/11\\\/13\\\/mario-molina-se-proclama-campeon-por-quinta-vez-del-cross-patron-de-lorca\\\/#primaryimage\"},\"image\":{\"@id\":\"https:\\\/\\\/arealorcaradio.es\\\/index.php\\\/2024\\\/11\\\/13\\\/mario-molina-se-proclama-campeon-por-quinta-vez-del-cross-patron-de-lorca\\\/#primaryimage\"},\"thumbnailUrl\":\"https:\\\/\\\/arealorcaradio.es\\\/wp-content\\\/uploads\\\/2024\\\/11\\\/IMG-20241113-WA0028.jpg\",\"datePublished\":\"2024-11-13T18:19:40+00:00\",\"author\":{\"@id\":\"https:\\\/\\\/arealorcaradio.es\\\/#\\\/schema\\\/person\\\/9fae605fc25b0f2c83c1ab207139bd27\"},\"breadcrumb\":{\"@id\":\"https:\\\/\\\/arealorcaradio.es\\\/index.php\\\/2024\\\/11\\\/13\\\/mario-molina-se-proclama-campeon-por-quinta-vez-del-cross-patron-de-lorca\\\/#breadcrumb\"},\"inLanguage\":\"es\",\"potentialAction\":[{\"@type\":\"ReadAction\",\"target\":[\"https:\\\/\\\/arealorcaradio.es\\\/index.php\\\/2024\\\/11\\\/13\\\/mario-molina-se-proclama-campeon-por-quinta-vez-del-cross-patron-de-lorca\\\/\"]}]},{\"@type\":\"ImageObject\",\"inLanguage\":\"es\",\"@id\":\"https:\\\/\\\/arealorcaradio.es\\\/index.php\\\/2024\\\/11\\\/13\\\/mario-molina-se-proclama-campeon-por-quinta-vez-del-cross-patron-de-lorca\\\/#primaryimage\",\"url\":\"https:\\\/\\\/arealorcaradio.es\\\/wp-content\\\/uploads\\\/2024\\\/11\\\/IMG-20241113-WA0028.jpg\",\"contentUrl\":\"https:\\\/\\\/arealorcaradio.es\\\/wp-content\\\/uploads\\\/2024\\\/11\\\/IMG-20241113-WA0028.jpg\",\"width\":1080,\"height\":748},{\"@type\":\"BreadcrumbList\",\"@id\":\"https:\\\/\\\/arealorcaradio.es\\\/index.php\\\/2024\\\/11\\\/13\\\/mario-molina-se-proclama-campeon-por-quinta-vez-del-cross-patron-de-lorca\\\/#breadcrumb\",\"itemListElement\":[{\"@type\":\"ListItem\",\"position\":1,\"name\":\"Portada\",\"item\":\"https:\\\/\\\/arealorcaradio.es\\\/\"},{\"@type\":\"ListItem\",\"position\":2,\"name\":\"Mario Molina se proclama campe\u00f3n por quinta vez del Cross Patr\u00f3n de Lorca\"}]},{\"@type\":\"WebSite\",\"@id\":\"https:\\\/\\\/arealorcaradio.es\\\/#website\",\"url\":\"https:\\\/\\\/arealorcaradio.es\\\/\",\"name\":\"AREA LORCA RADIO\",\"description\":\"Descubre la programaci\u00f3n actual en \u00c1rea Lorca Radio, tu fuente de entrenamiento y noticias locales. Sintoniza ahora y mantente conectado online.\",\"potentialAction\":[{\"@type\":\"SearchAction\",\"target\":{\"@type\":\"EntryPoint\",\"urlTemplate\":\"https:\\\/\\\/arealorcaradio.es\\\/?s={search_term_string}\"},\"query-input\":{\"@type\":\"PropertyValueSpecification\",\"valueRequired\":true,\"valueName\":\"search_term_string\"}}],\"inLanguage\":\"es\"},{\"@type\":\"Person\",\"@id\":\"https:\\\/\\\/arealorcaradio.es\\\/#\\\/schema\\\/person\\\/9fae605fc25b0f2c83c1ab207139bd27\",\"name\":\"Paco S\u00e1nchez\",\"image\":{\"@type\":\"ImageObject\",\"inLanguage\":\"es\",\"@id\":\"https:\\\/\\\/secure.gravatar.com\\\/avatar\\\/d67144e966420fb74aa84c9f2a0103be4724fd14db52b52d3b6bca749f257e79?s=96&d=mm&r=g\",\"url\":\"https:\\\/\\\/secure.gravatar.com\\\/avatar\\\/d67144e966420fb74aa84c9f2a0103be4724fd14db52b52d3b6bca749f257e79?s=96&d=mm&r=g\",\"contentUrl\":\"https:\\\/\\\/secure.gravatar.com\\\/avatar\\\/d67144e966420fb74aa84c9f2a0103be4724fd14db52b52d3b6bca749f257e79?s=96&d=mm&r=g\",\"caption\":\"Paco S\u00e1nchez\"},\"sameAs\":[\"https:\\\/\\\/arealorcaradio.es\"],\"url\":\"https:\\\/\\\/arealorcaradio.es\\\/index.php\\\/author\\\/admin_alorcaradio\\\/\"}]}<\/script>\n<!-- \/ Yoast SEO plugin. -->","yoast_head_json":{"title":"Mario Molina se proclama campe\u00f3n por quinta vez del Cross Patr\u00f3n de Lorca - AREA LORCA RADIO","robots":{"index":"index","follow":"follow","max-snippet":"max-snippet:-1","max-image-preview":"max-image-preview:large","max-video-preview":"max-video-preview:-1"},"canonical":"https:\/\/arealorcaradio.es\/index.php\/2024\/11\/13\/mario-molina-se-proclama-campeon-por-quinta-vez-del-cross-patron-de-lorca\/","og_locale":"es_ES","og_type":"article","og_title":"Mario Molina se proclama campe\u00f3n por quinta vez del Cross Patr\u00f3n de Lorca - AREA LORCA RADIO","og_description":"\u00c1REA LORCA RADIO. Escucha aqu\u00ed la entrevista que nos ha concedido dentro de la secci\u00f3n patrocinada por la empres Puertas Lorca, el flamante ganador del Cross Patr\u00f3n de Lorca, Mario Molina, qui\u00e9n adem\u00e1s nos ha acercado a la carrera deportiva del que fuera atleta de Eliocroca, el aguile\u00f1o Pedro Silvente Mulero.","og_url":"https:\/\/arealorcaradio.es\/index.php\/2024\/11\/13\/mario-molina-se-proclama-campeon-por-quinta-vez-del-cross-patron-de-lorca\/","og_site_name":"AREA LORCA RADIO","article_published_time":"2024-11-13T18:19:40+00:00","og_image":[{"width":1080,"height":748,"url":"https:\/\/arealorcaradio.es\/wp-content\/uploads\/2024\/11\/IMG-20241113-WA0028.jpg","type":"image\/jpeg"}],"author":"Paco S\u00e1nchez","twitter_card":"summary_large_image","twitter_misc":{"Escrito por":"Paco S\u00e1nchez","Tiempo de lectura":"2 minutos"},"schema":{"@context":"https:\/\/schema.org","@graph":[{"@type":"Article","@id":"https:\/\/arealorcaradio.es\/index.php\/2024\/11\/13\/mario-molina-se-proclama-campeon-por-quinta-vez-del-cross-patron-de-lorca\/#article","isPartOf":{"@id":"https:\/\/arealorcaradio.es\/index.php\/2024\/11\/13\/mario-molina-se-proclama-campeon-por-quinta-vez-del-cross-patron-de-lorca\/"},"author":{"name":"Paco S\u00e1nchez","@id":"https:\/\/arealorcaradio.es\/#\/schema\/person\/9fae605fc25b0f2c83c1ab207139bd27"},"headline":"Mario Molina se proclama campe\u00f3n por quinta vez del Cross Patr\u00f3n de Lorca","datePublished":"2024-11-13T18:19:40+00:00","mainEntityOfPage":{"@id":"https:\/\/arealorcaradio.es\/index.php\/2024\/11\/13\/mario-molina-se-proclama-campeon-por-quinta-vez-del-cross-patron-de-lorca\/"},"wordCount":81,"commentCount":0,"image":{"@id":"https:\/\/arealorcaradio.es\/index.php\/2024\/11\/13\/mario-molina-se-proclama-campeon-por-quinta-vez-del-cross-patron-de-lorca\/#primaryimage"},"thumbnailUrl":"https:\/\/arealorcaradio.es\/wp-content\/uploads\/2024\/11\/IMG-20241113-WA0028.jpg","articleSection":["DEPORTES","LORCA"],"inLanguage":"es","potentialAction":[{"@type":"CommentAction","name":"Comment","target":["https:\/\/arealorcaradio.es\/index.php\/2024\/11\/13\/mario-molina-se-proclama-campeon-por-quinta-vez-del-cross-patron-de-lorca\/#respond"]}]},{"@type":"WebPage","@id":"https:\/\/arealorcaradio.es\/index.php\/2024\/11\/13\/mario-molina-se-proclama-campeon-por-quinta-vez-del-cross-patron-de-lorca\/","url":"https:\/\/arealorcaradio.es\/index.php\/2024\/11\/13\/mario-molina-se-proclama-campeon-por-quinta-vez-del-cross-patron-de-lorca\/","name":"Mario Molina se proclama campe\u00f3n por quinta vez del Cross Patr\u00f3n de Lorca - AREA LORCA RADIO","isPartOf":{"@id":"https:\/\/arealorcaradio.es\/#website"},"primaryImageOfPage":{"@id":"https:\/\/arealorcaradio.es\/index.php\/2024\/11\/13\/mario-molina-se-proclama-campeon-por-quinta-vez-del-cross-patron-de-lorca\/#primaryimage"},"image":{"@id":"https:\/\/arealorcaradio.es\/index.php\/2024\/11\/13\/mario-molina-se-proclama-campeon-por-quinta-vez-del-cross-patron-de-lorca\/#primaryimage"},"thumbnailUrl":"https:\/\/arealorcaradio.es\/wp-content\/uploads\/2024\/11\/IMG-20241113-WA0028.jpg","datePublished":"2024-11-13T18:19:40+00:00","author":{"@id":"https:\/\/arealorcaradio.es\/#\/schema\/person\/9fae605fc25b0f2c83c1ab207139bd27"},"breadcrumb":{"@id":"https:\/\/arealorcaradio.es\/index.php\/2024\/11\/13\/mario-molina-se-proclama-campeon-por-quinta-vez-del-cross-patron-de-lorca\/#breadcrumb"},"inLanguage":"es","potentialAction":[{"@type":"ReadAction","target":["https:\/\/arealorcaradio.es\/index.php\/2024\/11\/13\/mario-molina-se-proclama-campeon-por-quinta-vez-del-cross-patron-de-lorca\/"]}]},{"@type":"ImageObject","inLanguage":"es","@id":"https:\/\/arealorcaradio.es\/index.php\/2024\/11\/13\/mario-molina-se-proclama-campeon-por-quinta-vez-del-cross-patron-de-lorca\/#primaryimage","url":"https:\/\/arealorcaradio.es\/wp-content\/uploads\/2024\/11\/IMG-20241113-WA0028.jpg","contentUrl":"https:\/\/arealorcaradio.es\/wp-content\/uploads\/2024\/11\/IMG-20241113-WA0028.jpg","width":1080,"height":748},{"@type":"BreadcrumbList","@id":"https:\/\/arealorcaradio.es\/index.php\/2024\/11\/13\/mario-molina-se-proclama-campeon-por-quinta-vez-del-cross-patron-de-lorca\/#breadcrumb","itemListElement":[{"@type":"ListItem","position":1,"name":"Portada","item":"https:\/\/arealorcaradio.es\/"},{"@type":"ListItem","position":2,"name":"Mario Molina se proclama campe\u00f3n por quinta vez del Cross Patr\u00f3n de Lorca"}]},{"@type":"WebSite","@id":"https:\/\/arealorcaradio.es\/#website","url":"https:\/\/arealorcaradio.es\/","name":"AREA LORCA RADIO","description":"Descubre la programaci\u00f3n actual en \u00c1rea Lorca Radio, tu fuente de entrenamiento y noticias locales. Sintoniza ahora y mantente conectado online.","potentialAction":[{"@type":"SearchAction","target":{"@type":"EntryPoint","urlTemplate":"https:\/\/arealorcaradio.es\/?s={search_term_string}"},"query-input":{"@type":"PropertyValueSpecification","valueRequired":true,"valueName":"search_term_string"}}],"inLanguage":"es"},{"@type":"Person","@id":"https:\/\/arealorcaradio.es\/#\/schema\/person\/9fae605fc25b0f2c83c1ab207139bd27","name":"Paco S\u00e1nchez","image":{"@type":"ImageObject","inLanguage":"es","@id":"https:\/\/secure.gravatar.com\/avatar\/d67144e966420fb74aa84c9f2a0103be4724fd14db52b52d3b6bca749f257e79?s=96&d=mm&r=g","url":"https:\/\/secure.gravatar.com\/avatar\/d67144e966420fb74aa84c9f2a0103be4724fd14db52b52d3b6bca749f257e79?s=96&d=mm&r=g","contentUrl":"https:\/\/secure.gravatar.com\/avatar\/d67144e966420fb74aa84c9f2a0103be4724fd14db52b52d3b6bca749f257e79?s=96&d=mm&r=g","caption":"Paco S\u00e1nchez"},"sameAs":["https:\/\/arealorcaradio.es"],"url":"https:\/\/arealorcaradio.es\/index.php\/author\/admin_alorcaradio\/"}]}},"_links":{"self":[{"href":"https:\/\/arealorcaradio.es\/index.php\/wp-json\/wp\/v2\/posts\/4670","targetHints":{"allow":["GET"]}}],"collection":[{"href":"https:\/\/arealorcaradio.es\/index.php\/wp-json\/wp\/v2\/posts"}],"about":[{"href":"https:\/\/arealorcaradio.es\/index.php\/wp-json\/wp\/v2\/types\/post"}],"author":[{"embeddable":true,"href":"https:\/\/arealorcaradio.es\/index.php\/wp-json\/wp\/v2\/users\/1"}],"replies":[{"embeddable":true,"href":"https:\/\/arealorcaradio.es\/index.php\/wp-json\/wp\/v2\/comments?post=4670"}],"version-history":[{"count":2,"href":"https:\/\/arealorcaradio.es\/index.php\/wp-json\/wp\/v2\/posts\/4670\/revisions"}],"predecessor-version":[{"id":4680,"href":"https:\/\/arealorcaradio.es\/index.php\/wp-json\/wp\/v2\/posts\/4670\/revisions\/4680"}],"wp:featuredmedia":[{"embeddable":true,"href":"https:\/\/arealorcaradio.es\/index.php\/wp-json\/wp\/v2\/media\/4675"}],"wp:attachment":[{"href":"https:\/\/arealorcaradio.es\/index.php\/wp-json\/wp\/v2\/media?parent=4670"}],"wp:term":[{"taxonomy":"category","embeddable":true,"href":"https:\/\/arealorcaradio.es\/index.php\/wp-json\/wp\/v2\/categories?post=4670"},{"taxonomy":"post_tag","embeddable":true,"href":"https:\/\/arealorcaradio.es\/index.php\/wp-json\/wp\/v2\/tags?post=4670"}],"curies":[{"name":"wp","href":"https:\/\/api.w.org\/{rel}","templated":true}]}}