{"id":4665,"date":"2024-11-13T11:11:01","date_gmt":"2024-11-13T11:11:01","guid":{"rendered":"https:\/\/arealorcaradio.es\/?p=4665"},"modified":"2024-11-13T11:11:01","modified_gmt":"2024-11-13T11:11:01","slug":"el-ciufront-acogera-el-viernes-la-representacion-de-la-obra-anillos-para-una-dama-del-dramaturgo-antonio-gala","status":"publish","type":"post","link":"https:\/\/arealorcaradio.es\/index.php\/2024\/11\/13\/el-ciufront-acogera-el-viernes-la-representacion-de-la-obra-anillos-para-una-dama-del-dramaturgo-antonio-gala\/","title":{"rendered":"El ciuFRONT acoger\u00e1 el viernes la representaci\u00f3n de la obra \u2018Anillos para una dama\u2019 del dramaturgo Antonio Gala"},"content":{"rendered":"<p>\u00c1REA LORCA RADIO.<\/p>\n<p style=\"font-weight: 400;\"><strong>13 de noviembre de 2024.<\/strong>\u00a0Este viernes, 15 de noviembre, a las 20:30 horas, la iglesia de Santa Mar\u00eda la Mayor, sede del ciuFRONT, acoger\u00e1 la representaci\u00f3n de la obra de teatro \u2018Anillos para una dama\u2019, del gran dramaturgo Antonio Gala, a cargo de la Asociaci\u00f3n Juvenil San Clemente (AJSC). As\u00ed lo han anunciado este mi\u00e9rcoles la edil de Festejos del Ayuntamiento de Lorca, Mar\u00eda de las Huertas Garc\u00eda P\u00e9rez, el presidente de la Federaci\u00f3n San Clemente, Luis Torres del Alc\u00e1zar, y el miembro de la Asociaci\u00f3n Juvenil San Clemente, Alberto Ru\u00edz.<\/p>\n<p style=\"font-weight: 400;\"><img loading=\"lazy\" decoding=\"async\" class=\"alignnone size-medium wp-image-4668\" src=\"https:\/\/arealorcaradio.es\/wp-content\/uploads\/2024\/11\/TEATRO-SAN-CLEMENTE-2-300x200.jpeg\" alt=\"\" width=\"300\" height=\"200\" srcset=\"https:\/\/arealorcaradio.es\/wp-content\/uploads\/2024\/11\/TEATRO-SAN-CLEMENTE-2-300x200.jpeg 300w, https:\/\/arealorcaradio.es\/wp-content\/uploads\/2024\/11\/TEATRO-SAN-CLEMENTE-2-1024x683.jpeg 1024w, https:\/\/arealorcaradio.es\/wp-content\/uploads\/2024\/11\/TEATRO-SAN-CLEMENTE-2-768x512.jpeg 768w, https:\/\/arealorcaradio.es\/wp-content\/uploads\/2024\/11\/TEATRO-SAN-CLEMENTE-2-1536x1024.jpeg 1536w, https:\/\/arealorcaradio.es\/wp-content\/uploads\/2024\/11\/TEATRO-SAN-CLEMENTE-2.jpeg 1620w\" sizes=\"auto, (max-width: 300px) 100vw, 300px\" \/><\/p>\n<p style=\"font-weight: 400;\">Mar\u00eda de las Huertas Garc\u00eda ha destacado que \u201ces un lujo poder realizar en el ciuFRONT una obra de teatro tan emblem\u00e1tica y cargada de simbolismo como es \u2018Anillos para una dama\u2019, que nos invita a reflexionar sobre la libertad y el derecho de cada uno a elegir su destino\u201d. La actividad, organizada por la Federaci\u00f3n San Clemente en colaboraci\u00f3n con el Ayuntamiento de Lorca, se enmarca dentro de las fiestas en honor a San Clemente, patr\u00f3n de Lorca.\u00a0 La entrada ser\u00e1 libre hasta completar aforo.<\/p>\n<p style=\"font-weight: 400;\">Esta obra, estrenada en 1973 y galardonada con el Premio del Espectador y la Cr\u00edtica, nos sit\u00faa en Valencia dos a\u00f1os despu\u00e9s de la muerte del Cid. En esta obra, Jimena D\u00edaz, viuda de Rodrigo D\u00edaz de Vivar, se enfrenta a la compleja dualidad entre su deber como figura hist\u00f3rica y su anhelo de vivir como una mujer enamorada. Dividida en dos partes, la obra mezcla la historia y la poes\u00eda, desmitificando la figura de Jimena y explorando los conflictos entre sus deseos personales y las demandas de la memoria hist\u00f3rica.<\/p>\n<p style=\"font-weight: 400;\">La directora de la obra, y tambi\u00e9n integrante de la Federaci\u00f3n San Clemente, Ana Garc\u00eda Salas, quien tambi\u00e9n ha realizado la adaptaci\u00f3n del texto, ha trabajado junto a los j\u00f3venes de la Asociaci\u00f3n Juvenil San Clemente para plasmar el esp\u00edritu de Gala en esta versi\u00f3n de esta obra de teatro. En este sentido, la concejal de Festejos ha agradecido el esfuerzo del grupo de j\u00f3venes que participan en esta representaci\u00f3n, y ha se\u00f1alado que \u201cestamos orgullosos de contar con una juventud que se implica activamente en nuestras tradiciones y en el patrimonio cultural de Lorca, y, sobre todo, que mantiene viva la historia de nuestra ciudad realizando este tipo de acciones dentro de las Fiestas de Musulmanes, Cristianos y Jud\u00edos\u201d.<\/p>\n","protected":false},"excerpt":{"rendered":"<p>\u00c1REA LORCA RADIO. 13 de noviembre de 2024.\u00a0Este viernes, 15 de noviembre, a las 20:30 horas, la iglesia de Santa Mar\u00eda la Mayor, sede del ciuFRONT, acoger\u00e1 la representaci\u00f3n de la obra de teatro \u2018Anillos para una dama\u2019, del gran dramaturgo Antonio Gala, a cargo de la Asociaci\u00f3n Juvenil San Clemente (AJSC). As\u00ed lo han [&hellip;]<\/p>\n","protected":false},"author":1,"featured_media":4666,"comment_status":"open","ping_status":"open","sticky":false,"template":"","format":"standard","meta":{"iawp_total_views":13,"footnotes":""},"categories":[5,7],"tags":[],"class_list":["post-4665","post","type-post","status-publish","format-standard","has-post-thumbnail","hentry","category-actualidad","category-lorca"],"yoast_head":"<!-- This site is optimized with the Yoast SEO plugin v27.5 - https:\/\/yoast.com\/product\/yoast-seo-wordpress\/ -->\n<title>El ciuFRONT acoger\u00e1 el viernes la representaci\u00f3n de la obra \u2018Anillos para una dama\u2019 del dramaturgo Antonio Gala - AREA LORCA RADIO<\/title>\n<meta name=\"robots\" content=\"index, follow, max-snippet:-1, max-image-preview:large, max-video-preview:-1\" \/>\n<link rel=\"canonical\" href=\"https:\/\/arealorcaradio.es\/index.php\/2024\/11\/13\/el-ciufront-acogera-el-viernes-la-representacion-de-la-obra-anillos-para-una-dama-del-dramaturgo-antonio-gala\/\" \/>\n<meta property=\"og:locale\" content=\"es_ES\" \/>\n<meta property=\"og:type\" content=\"article\" \/>\n<meta property=\"og:title\" content=\"El ciuFRONT acoger\u00e1 el viernes la representaci\u00f3n de la obra \u2018Anillos para una dama\u2019 del dramaturgo Antonio Gala - AREA LORCA RADIO\" \/>\n<meta property=\"og:description\" content=\"\u00c1REA LORCA RADIO. 13 de noviembre de 2024.\u00a0Este viernes, 15 de noviembre, a las 20:30 horas, la iglesia de Santa Mar\u00eda la Mayor, sede del ciuFRONT, acoger\u00e1 la representaci\u00f3n de la obra de teatro \u2018Anillos para una dama\u2019, del gran dramaturgo Antonio Gala, a cargo de la Asociaci\u00f3n Juvenil San Clemente (AJSC). As\u00ed lo han [&hellip;]\" \/>\n<meta property=\"og:url\" content=\"https:\/\/arealorcaradio.es\/index.php\/2024\/11\/13\/el-ciufront-acogera-el-viernes-la-representacion-de-la-obra-anillos-para-una-dama-del-dramaturgo-antonio-gala\/\" \/>\n<meta property=\"og:site_name\" content=\"AREA LORCA RADIO\" \/>\n<meta property=\"article:published_time\" content=\"2024-11-13T11:11:01+00:00\" \/>\n<meta property=\"og:image\" content=\"https:\/\/arealorcaradio.es\/wp-content\/uploads\/2024\/11\/TEATRO-SAN-CLEMENTE-3.jpeg\" \/>\n\t<meta property=\"og:image:width\" content=\"1551\" \/>\n\t<meta property=\"og:image:height\" content=\"1034\" \/>\n\t<meta property=\"og:image:type\" content=\"image\/jpeg\" \/>\n<meta name=\"author\" content=\"Paco S\u00e1nchez\" \/>\n<meta name=\"twitter:card\" content=\"summary_large_image\" \/>\n<meta name=\"twitter:label1\" content=\"Escrito por\" \/>\n\t<meta name=\"twitter:data1\" content=\"Paco S\u00e1nchez\" \/>\n\t<meta name=\"twitter:label2\" content=\"Tiempo de lectura\" \/>\n\t<meta name=\"twitter:data2\" content=\"3 minutos\" \/>\n<script type=\"application\/ld+json\" class=\"yoast-schema-graph\">{\"@context\":\"https:\\\/\\\/schema.org\",\"@graph\":[{\"@type\":\"Article\",\"@id\":\"https:\\\/\\\/arealorcaradio.es\\\/index.php\\\/2024\\\/11\\\/13\\\/el-ciufront-acogera-el-viernes-la-representacion-de-la-obra-anillos-para-una-dama-del-dramaturgo-antonio-gala\\\/#article\",\"isPartOf\":{\"@id\":\"https:\\\/\\\/arealorcaradio.es\\\/index.php\\\/2024\\\/11\\\/13\\\/el-ciufront-acogera-el-viernes-la-representacion-de-la-obra-anillos-para-una-dama-del-dramaturgo-antonio-gala\\\/\"},\"author\":{\"name\":\"Paco S\u00e1nchez\",\"@id\":\"https:\\\/\\\/arealorcaradio.es\\\/#\\\/schema\\\/person\\\/9fae605fc25b0f2c83c1ab207139bd27\"},\"headline\":\"El ciuFRONT acoger\u00e1 el viernes la representaci\u00f3n de la obra \u2018Anillos para una dama\u2019 del dramaturgo Antonio Gala\",\"datePublished\":\"2024-11-13T11:11:01+00:00\",\"mainEntityOfPage\":{\"@id\":\"https:\\\/\\\/arealorcaradio.es\\\/index.php\\\/2024\\\/11\\\/13\\\/el-ciufront-acogera-el-viernes-la-representacion-de-la-obra-anillos-para-una-dama-del-dramaturgo-antonio-gala\\\/\"},\"wordCount\":445,\"commentCount\":0,\"image\":{\"@id\":\"https:\\\/\\\/arealorcaradio.es\\\/index.php\\\/2024\\\/11\\\/13\\\/el-ciufront-acogera-el-viernes-la-representacion-de-la-obra-anillos-para-una-dama-del-dramaturgo-antonio-gala\\\/#primaryimage\"},\"thumbnailUrl\":\"https:\\\/\\\/arealorcaradio.es\\\/wp-content\\\/uploads\\\/2024\\\/11\\\/TEATRO-SAN-CLEMENTE-3.jpeg\",\"articleSection\":[\"ACTUALIDAD\",\"LORCA\"],\"inLanguage\":\"es\",\"potentialAction\":[{\"@type\":\"CommentAction\",\"name\":\"Comment\",\"target\":[\"https:\\\/\\\/arealorcaradio.es\\\/index.php\\\/2024\\\/11\\\/13\\\/el-ciufront-acogera-el-viernes-la-representacion-de-la-obra-anillos-para-una-dama-del-dramaturgo-antonio-gala\\\/#respond\"]}]},{\"@type\":\"WebPage\",\"@id\":\"https:\\\/\\\/arealorcaradio.es\\\/index.php\\\/2024\\\/11\\\/13\\\/el-ciufront-acogera-el-viernes-la-representacion-de-la-obra-anillos-para-una-dama-del-dramaturgo-antonio-gala\\\/\",\"url\":\"https:\\\/\\\/arealorcaradio.es\\\/index.php\\\/2024\\\/11\\\/13\\\/el-ciufront-acogera-el-viernes-la-representacion-de-la-obra-anillos-para-una-dama-del-dramaturgo-antonio-gala\\\/\",\"name\":\"El ciuFRONT acoger\u00e1 el viernes la representaci\u00f3n de la obra \u2018Anillos para una dama\u2019 del dramaturgo Antonio Gala - AREA LORCA RADIO\",\"isPartOf\":{\"@id\":\"https:\\\/\\\/arealorcaradio.es\\\/#website\"},\"primaryImageOfPage\":{\"@id\":\"https:\\\/\\\/arealorcaradio.es\\\/index.php\\\/2024\\\/11\\\/13\\\/el-ciufront-acogera-el-viernes-la-representacion-de-la-obra-anillos-para-una-dama-del-dramaturgo-antonio-gala\\\/#primaryimage\"},\"image\":{\"@id\":\"https:\\\/\\\/arealorcaradio.es\\\/index.php\\\/2024\\\/11\\\/13\\\/el-ciufront-acogera-el-viernes-la-representacion-de-la-obra-anillos-para-una-dama-del-dramaturgo-antonio-gala\\\/#primaryimage\"},\"thumbnailUrl\":\"https:\\\/\\\/arealorcaradio.es\\\/wp-content\\\/uploads\\\/2024\\\/11\\\/TEATRO-SAN-CLEMENTE-3.jpeg\",\"datePublished\":\"2024-11-13T11:11:01+00:00\",\"author\":{\"@id\":\"https:\\\/\\\/arealorcaradio.es\\\/#\\\/schema\\\/person\\\/9fae605fc25b0f2c83c1ab207139bd27\"},\"breadcrumb\":{\"@id\":\"https:\\\/\\\/arealorcaradio.es\\\/index.php\\\/2024\\\/11\\\/13\\\/el-ciufront-acogera-el-viernes-la-representacion-de-la-obra-anillos-para-una-dama-del-dramaturgo-antonio-gala\\\/#breadcrumb\"},\"inLanguage\":\"es\",\"potentialAction\":[{\"@type\":\"ReadAction\",\"target\":[\"https:\\\/\\\/arealorcaradio.es\\\/index.php\\\/2024\\\/11\\\/13\\\/el-ciufront-acogera-el-viernes-la-representacion-de-la-obra-anillos-para-una-dama-del-dramaturgo-antonio-gala\\\/\"]}]},{\"@type\":\"ImageObject\",\"inLanguage\":\"es\",\"@id\":\"https:\\\/\\\/arealorcaradio.es\\\/index.php\\\/2024\\\/11\\\/13\\\/el-ciufront-acogera-el-viernes-la-representacion-de-la-obra-anillos-para-una-dama-del-dramaturgo-antonio-gala\\\/#primaryimage\",\"url\":\"https:\\\/\\\/arealorcaradio.es\\\/wp-content\\\/uploads\\\/2024\\\/11\\\/TEATRO-SAN-CLEMENTE-3.jpeg\",\"contentUrl\":\"https:\\\/\\\/arealorcaradio.es\\\/wp-content\\\/uploads\\\/2024\\\/11\\\/TEATRO-SAN-CLEMENTE-3.jpeg\",\"width\":1551,\"height\":1034},{\"@type\":\"BreadcrumbList\",\"@id\":\"https:\\\/\\\/arealorcaradio.es\\\/index.php\\\/2024\\\/11\\\/13\\\/el-ciufront-acogera-el-viernes-la-representacion-de-la-obra-anillos-para-una-dama-del-dramaturgo-antonio-gala\\\/#breadcrumb\",\"itemListElement\":[{\"@type\":\"ListItem\",\"position\":1,\"name\":\"Portada\",\"item\":\"https:\\\/\\\/arealorcaradio.es\\\/\"},{\"@type\":\"ListItem\",\"position\":2,\"name\":\"El ciuFRONT acoger\u00e1 el viernes la representaci\u00f3n de la obra \u2018Anillos para una dama\u2019 del dramaturgo Antonio Gala\"}]},{\"@type\":\"WebSite\",\"@id\":\"https:\\\/\\\/arealorcaradio.es\\\/#website\",\"url\":\"https:\\\/\\\/arealorcaradio.es\\\/\",\"name\":\"AREA LORCA RADIO\",\"description\":\"Descubre la programaci\u00f3n actual en \u00c1rea Lorca Radio, tu fuente de entrenamiento y noticias locales. Sintoniza ahora y mantente conectado online.\",\"potentialAction\":[{\"@type\":\"SearchAction\",\"target\":{\"@type\":\"EntryPoint\",\"urlTemplate\":\"https:\\\/\\\/arealorcaradio.es\\\/?s={search_term_string}\"},\"query-input\":{\"@type\":\"PropertyValueSpecification\",\"valueRequired\":true,\"valueName\":\"search_term_string\"}}],\"inLanguage\":\"es\"},{\"@type\":\"Person\",\"@id\":\"https:\\\/\\\/arealorcaradio.es\\\/#\\\/schema\\\/person\\\/9fae605fc25b0f2c83c1ab207139bd27\",\"name\":\"Paco S\u00e1nchez\",\"image\":{\"@type\":\"ImageObject\",\"inLanguage\":\"es\",\"@id\":\"https:\\\/\\\/secure.gravatar.com\\\/avatar\\\/d67144e966420fb74aa84c9f2a0103be4724fd14db52b52d3b6bca749f257e79?s=96&d=mm&r=g\",\"url\":\"https:\\\/\\\/secure.gravatar.com\\\/avatar\\\/d67144e966420fb74aa84c9f2a0103be4724fd14db52b52d3b6bca749f257e79?s=96&d=mm&r=g\",\"contentUrl\":\"https:\\\/\\\/secure.gravatar.com\\\/avatar\\\/d67144e966420fb74aa84c9f2a0103be4724fd14db52b52d3b6bca749f257e79?s=96&d=mm&r=g\",\"caption\":\"Paco S\u00e1nchez\"},\"sameAs\":[\"https:\\\/\\\/arealorcaradio.es\"],\"url\":\"https:\\\/\\\/arealorcaradio.es\\\/index.php\\\/author\\\/admin_alorcaradio\\\/\"}]}<\/script>\n<!-- \/ Yoast SEO plugin. -->","yoast_head_json":{"title":"El ciuFRONT acoger\u00e1 el viernes la representaci\u00f3n de la obra \u2018Anillos para una dama\u2019 del dramaturgo Antonio Gala - AREA LORCA RADIO","robots":{"index":"index","follow":"follow","max-snippet":"max-snippet:-1","max-image-preview":"max-image-preview:large","max-video-preview":"max-video-preview:-1"},"canonical":"https:\/\/arealorcaradio.es\/index.php\/2024\/11\/13\/el-ciufront-acogera-el-viernes-la-representacion-de-la-obra-anillos-para-una-dama-del-dramaturgo-antonio-gala\/","og_locale":"es_ES","og_type":"article","og_title":"El ciuFRONT acoger\u00e1 el viernes la representaci\u00f3n de la obra \u2018Anillos para una dama\u2019 del dramaturgo Antonio Gala - AREA LORCA RADIO","og_description":"\u00c1REA LORCA RADIO. 13 de noviembre de 2024.\u00a0Este viernes, 15 de noviembre, a las 20:30 horas, la iglesia de Santa Mar\u00eda la Mayor, sede del ciuFRONT, acoger\u00e1 la representaci\u00f3n de la obra de teatro \u2018Anillos para una dama\u2019, del gran dramaturgo Antonio Gala, a cargo de la Asociaci\u00f3n Juvenil San Clemente (AJSC). As\u00ed lo han [&hellip;]","og_url":"https:\/\/arealorcaradio.es\/index.php\/2024\/11\/13\/el-ciufront-acogera-el-viernes-la-representacion-de-la-obra-anillos-para-una-dama-del-dramaturgo-antonio-gala\/","og_site_name":"AREA LORCA RADIO","article_published_time":"2024-11-13T11:11:01+00:00","og_image":[{"width":1551,"height":1034,"url":"https:\/\/arealorcaradio.es\/wp-content\/uploads\/2024\/11\/TEATRO-SAN-CLEMENTE-3.jpeg","type":"image\/jpeg"}],"author":"Paco S\u00e1nchez","twitter_card":"summary_large_image","twitter_misc":{"Escrito por":"Paco S\u00e1nchez","Tiempo de lectura":"3 minutos"},"schema":{"@context":"https:\/\/schema.org","@graph":[{"@type":"Article","@id":"https:\/\/arealorcaradio.es\/index.php\/2024\/11\/13\/el-ciufront-acogera-el-viernes-la-representacion-de-la-obra-anillos-para-una-dama-del-dramaturgo-antonio-gala\/#article","isPartOf":{"@id":"https:\/\/arealorcaradio.es\/index.php\/2024\/11\/13\/el-ciufront-acogera-el-viernes-la-representacion-de-la-obra-anillos-para-una-dama-del-dramaturgo-antonio-gala\/"},"author":{"name":"Paco S\u00e1nchez","@id":"https:\/\/arealorcaradio.es\/#\/schema\/person\/9fae605fc25b0f2c83c1ab207139bd27"},"headline":"El ciuFRONT acoger\u00e1 el viernes la representaci\u00f3n de la obra \u2018Anillos para una dama\u2019 del dramaturgo Antonio Gala","datePublished":"2024-11-13T11:11:01+00:00","mainEntityOfPage":{"@id":"https:\/\/arealorcaradio.es\/index.php\/2024\/11\/13\/el-ciufront-acogera-el-viernes-la-representacion-de-la-obra-anillos-para-una-dama-del-dramaturgo-antonio-gala\/"},"wordCount":445,"commentCount":0,"image":{"@id":"https:\/\/arealorcaradio.es\/index.php\/2024\/11\/13\/el-ciufront-acogera-el-viernes-la-representacion-de-la-obra-anillos-para-una-dama-del-dramaturgo-antonio-gala\/#primaryimage"},"thumbnailUrl":"https:\/\/arealorcaradio.es\/wp-content\/uploads\/2024\/11\/TEATRO-SAN-CLEMENTE-3.jpeg","articleSection":["ACTUALIDAD","LORCA"],"inLanguage":"es","potentialAction":[{"@type":"CommentAction","name":"Comment","target":["https:\/\/arealorcaradio.es\/index.php\/2024\/11\/13\/el-ciufront-acogera-el-viernes-la-representacion-de-la-obra-anillos-para-una-dama-del-dramaturgo-antonio-gala\/#respond"]}]},{"@type":"WebPage","@id":"https:\/\/arealorcaradio.es\/index.php\/2024\/11\/13\/el-ciufront-acogera-el-viernes-la-representacion-de-la-obra-anillos-para-una-dama-del-dramaturgo-antonio-gala\/","url":"https:\/\/arealorcaradio.es\/index.php\/2024\/11\/13\/el-ciufront-acogera-el-viernes-la-representacion-de-la-obra-anillos-para-una-dama-del-dramaturgo-antonio-gala\/","name":"El ciuFRONT acoger\u00e1 el viernes la representaci\u00f3n de la obra \u2018Anillos para una dama\u2019 del dramaturgo Antonio Gala - AREA LORCA RADIO","isPartOf":{"@id":"https:\/\/arealorcaradio.es\/#website"},"primaryImageOfPage":{"@id":"https:\/\/arealorcaradio.es\/index.php\/2024\/11\/13\/el-ciufront-acogera-el-viernes-la-representacion-de-la-obra-anillos-para-una-dama-del-dramaturgo-antonio-gala\/#primaryimage"},"image":{"@id":"https:\/\/arealorcaradio.es\/index.php\/2024\/11\/13\/el-ciufront-acogera-el-viernes-la-representacion-de-la-obra-anillos-para-una-dama-del-dramaturgo-antonio-gala\/#primaryimage"},"thumbnailUrl":"https:\/\/arealorcaradio.es\/wp-content\/uploads\/2024\/11\/TEATRO-SAN-CLEMENTE-3.jpeg","datePublished":"2024-11-13T11:11:01+00:00","author":{"@id":"https:\/\/arealorcaradio.es\/#\/schema\/person\/9fae605fc25b0f2c83c1ab207139bd27"},"breadcrumb":{"@id":"https:\/\/arealorcaradio.es\/index.php\/2024\/11\/13\/el-ciufront-acogera-el-viernes-la-representacion-de-la-obra-anillos-para-una-dama-del-dramaturgo-antonio-gala\/#breadcrumb"},"inLanguage":"es","potentialAction":[{"@type":"ReadAction","target":["https:\/\/arealorcaradio.es\/index.php\/2024\/11\/13\/el-ciufront-acogera-el-viernes-la-representacion-de-la-obra-anillos-para-una-dama-del-dramaturgo-antonio-gala\/"]}]},{"@type":"ImageObject","inLanguage":"es","@id":"https:\/\/arealorcaradio.es\/index.php\/2024\/11\/13\/el-ciufront-acogera-el-viernes-la-representacion-de-la-obra-anillos-para-una-dama-del-dramaturgo-antonio-gala\/#primaryimage","url":"https:\/\/arealorcaradio.es\/wp-content\/uploads\/2024\/11\/TEATRO-SAN-CLEMENTE-3.jpeg","contentUrl":"https:\/\/arealorcaradio.es\/wp-content\/uploads\/2024\/11\/TEATRO-SAN-CLEMENTE-3.jpeg","width":1551,"height":1034},{"@type":"BreadcrumbList","@id":"https:\/\/arealorcaradio.es\/index.php\/2024\/11\/13\/el-ciufront-acogera-el-viernes-la-representacion-de-la-obra-anillos-para-una-dama-del-dramaturgo-antonio-gala\/#breadcrumb","itemListElement":[{"@type":"ListItem","position":1,"name":"Portada","item":"https:\/\/arealorcaradio.es\/"},{"@type":"ListItem","position":2,"name":"El ciuFRONT acoger\u00e1 el viernes la representaci\u00f3n de la obra \u2018Anillos para una dama\u2019 del dramaturgo Antonio Gala"}]},{"@type":"WebSite","@id":"https:\/\/arealorcaradio.es\/#website","url":"https:\/\/arealorcaradio.es\/","name":"AREA LORCA RADIO","description":"Descubre la programaci\u00f3n actual en \u00c1rea Lorca Radio, tu fuente de entrenamiento y noticias locales. Sintoniza ahora y mantente conectado online.","potentialAction":[{"@type":"SearchAction","target":{"@type":"EntryPoint","urlTemplate":"https:\/\/arealorcaradio.es\/?s={search_term_string}"},"query-input":{"@type":"PropertyValueSpecification","valueRequired":true,"valueName":"search_term_string"}}],"inLanguage":"es"},{"@type":"Person","@id":"https:\/\/arealorcaradio.es\/#\/schema\/person\/9fae605fc25b0f2c83c1ab207139bd27","name":"Paco S\u00e1nchez","image":{"@type":"ImageObject","inLanguage":"es","@id":"https:\/\/secure.gravatar.com\/avatar\/d67144e966420fb74aa84c9f2a0103be4724fd14db52b52d3b6bca749f257e79?s=96&d=mm&r=g","url":"https:\/\/secure.gravatar.com\/avatar\/d67144e966420fb74aa84c9f2a0103be4724fd14db52b52d3b6bca749f257e79?s=96&d=mm&r=g","contentUrl":"https:\/\/secure.gravatar.com\/avatar\/d67144e966420fb74aa84c9f2a0103be4724fd14db52b52d3b6bca749f257e79?s=96&d=mm&r=g","caption":"Paco S\u00e1nchez"},"sameAs":["https:\/\/arealorcaradio.es"],"url":"https:\/\/arealorcaradio.es\/index.php\/author\/admin_alorcaradio\/"}]}},"_links":{"self":[{"href":"https:\/\/arealorcaradio.es\/index.php\/wp-json\/wp\/v2\/posts\/4665","targetHints":{"allow":["GET"]}}],"collection":[{"href":"https:\/\/arealorcaradio.es\/index.php\/wp-json\/wp\/v2\/posts"}],"about":[{"href":"https:\/\/arealorcaradio.es\/index.php\/wp-json\/wp\/v2\/types\/post"}],"author":[{"embeddable":true,"href":"https:\/\/arealorcaradio.es\/index.php\/wp-json\/wp\/v2\/users\/1"}],"replies":[{"embeddable":true,"href":"https:\/\/arealorcaradio.es\/index.php\/wp-json\/wp\/v2\/comments?post=4665"}],"version-history":[{"count":2,"href":"https:\/\/arealorcaradio.es\/index.php\/wp-json\/wp\/v2\/posts\/4665\/revisions"}],"predecessor-version":[{"id":4669,"href":"https:\/\/arealorcaradio.es\/index.php\/wp-json\/wp\/v2\/posts\/4665\/revisions\/4669"}],"wp:featuredmedia":[{"embeddable":true,"href":"https:\/\/arealorcaradio.es\/index.php\/wp-json\/wp\/v2\/media\/4666"}],"wp:attachment":[{"href":"https:\/\/arealorcaradio.es\/index.php\/wp-json\/wp\/v2\/media?parent=4665"}],"wp:term":[{"taxonomy":"category","embeddable":true,"href":"https:\/\/arealorcaradio.es\/index.php\/wp-json\/wp\/v2\/categories?post=4665"},{"taxonomy":"post_tag","embeddable":true,"href":"https:\/\/arealorcaradio.es\/index.php\/wp-json\/wp\/v2\/tags?post=4665"}],"curies":[{"name":"wp","href":"https:\/\/api.w.org\/{rel}","templated":true}]}}