{"id":4648,"date":"2024-11-12T17:56:39","date_gmt":"2024-11-12T17:56:39","guid":{"rendered":"https:\/\/arealorcaradio.es\/?p=4648"},"modified":"2024-11-12T17:56:39","modified_gmt":"2024-11-12T17:56:39","slug":"la-aemet-activa-en-lorca-el-aviso-amarillo-por-lluvias-y-tormentas","status":"publish","type":"post","link":"https:\/\/arealorcaradio.es\/index.php\/2024\/11\/12\/la-aemet-activa-en-lorca-el-aviso-amarillo-por-lluvias-y-tormentas\/","title":{"rendered":"La AEMET activa en Lorca el aviso amarillo por lluvias y tormentas"},"content":{"rendered":"<p><strong>\u00c1REA LORCA RADIO.<\/strong><\/p>\n<p>Escucha aqu\u00ed la entrevista que ha concedido a Paco S\u00e1nchez en el magazine \u00c1rea Lorca Actualidad, el jefe del Servicio de Emergencias del Ayuntamiento de Lorca, Ricardo Villalba.<\/p>\n<audio class=\"wp-audio-shortcode\" id=\"audio-4648-1\" preload=\"none\" style=\"width: 100%;\" controls=\"controls\"><source type=\"audio\/mpeg\" src=\"https:\/\/arealorcaradio.es\/wp-content\/uploads\/2024\/11\/121124-RICARDO-VILLALBA.-ALERTA-AMARILLA.mp3?_=1\" \/><a href=\"https:\/\/arealorcaradio.es\/wp-content\/uploads\/2024\/11\/121124-RICARDO-VILLALBA.-ALERTA-AMARILLA.mp3\">https:\/\/arealorcaradio.es\/wp-content\/uploads\/2024\/11\/121124-RICARDO-VILLALBA.-ALERTA-AMARILLA.mp3<\/a><\/audio>\n<p><strong><img loading=\"lazy\" decoding=\"async\" class=\"alignnone size-medium wp-image-4654\" src=\"https:\/\/arealorcaradio.es\/wp-content\/uploads\/2024\/11\/IMG-20241112-WA0087-300x247.jpg\" alt=\"\" width=\"300\" height=\"247\" srcset=\"https:\/\/arealorcaradio.es\/wp-content\/uploads\/2024\/11\/IMG-20241112-WA0087-300x247.jpg 300w, https:\/\/arealorcaradio.es\/wp-content\/uploads\/2024\/11\/IMG-20241112-WA0087.jpg 752w\" sizes=\"auto, (max-width: 300px) 100vw, 300px\" \/> \u00a0<img loading=\"lazy\" decoding=\"async\" class=\"alignnone wp-image-4657\" src=\"https:\/\/arealorcaradio.es\/wp-content\/uploads\/2024\/11\/IMG_6636-5-192x300.jpg\" alt=\"\" width=\"157\" height=\"245\" srcset=\"https:\/\/arealorcaradio.es\/wp-content\/uploads\/2024\/11\/IMG_6636-5-192x300.jpg 192w, https:\/\/arealorcaradio.es\/wp-content\/uploads\/2024\/11\/IMG_6636-5-657x1024.jpg 657w, https:\/\/arealorcaradio.es\/wp-content\/uploads\/2024\/11\/IMG_6636-5-768x1197.jpg 768w, https:\/\/arealorcaradio.es\/wp-content\/uploads\/2024\/11\/IMG_6636-5-985x1536.jpg 985w, https:\/\/arealorcaradio.es\/wp-content\/uploads\/2024\/11\/IMG_6636-5-1314x2048.jpg 1314w, https:\/\/arealorcaradio.es\/wp-content\/uploads\/2024\/11\/IMG_6636-5.jpg 1606w\" sizes=\"auto, (max-width: 157px) 100vw, 157px\" \/><\/strong><\/p>\n<p><strong>12 de noviembre de 2024. <\/strong>La alerta estar\u00e1 activada entre las 18:00 y las 00:00 horas de este martes 12 de noviembre con una precipitaci\u00f3n acumulada en una hora de 20mm, con una probabilidad entre el 40 y 70% para el Valle del Guadalent\u00edn, Lorca y \u00c1guilas, entre otras localidades.<\/p>\n<div>Como consecuencia del aviso de nivel amarillo por lluvias y tormentas, se ofrecer\u00e1 en las pr\u00f3ximas horas m\u00e1s informaci\u00f3n de posibles activaciones por parte de los Servicios de Emergencias para prevenir cualquier eventualidad o incidencia que pudiera ser ocasionada con motivo de las precipitaciones previstas.<\/div>\n<div>\n<p>Entre las medidas de prevenci\u00f3n, se encuentran: retirar del exterior de la vivienda aquellos objetos que puedan ser arrastrados por el agua; revisar peri\u00f3dicamente tejados, alcantarillas y bajadas de aguas; no estacionar veh\u00edculos ni acampar en cauces secos, ni a la orilla de r\u00edos, para evitar ser sorprendido por una s\u00fabita crecida de agua o por una riada, evitar circular en carretera, y si tiene que viajar, procurar circular, preferentemente, por carreteras principales y autopistas. Por otra parte, si se encuentra en el campo, hay que alejarse de los r\u00edos, torrentes y zonas bajas de laderas y colinas, evitando, a su vez, atravesar vados inundados.<\/p>\n<p>Si se encuentra en su veh\u00edculo, no se debe aparcar en lugares que puedan inundarse, y cuando circule, no cruce lugares inundados; se debe prestar atenci\u00f3n a los corrimientos de tierra, socavones o sumideros; se debe saber d\u00f3nde se encuentran los lugares m\u00e1s altos y como llegar a ellos r\u00e1pidamente.<\/p>\n<p>Igualmente, se debe abandonar el coche si el agua empieza a subir de nivel en la carretera, si el veh\u00edculo se atasca, si al cruzar una corriente el agua est\u00e1 por encima del eje de las ruedas, cuando encuentre dificultades para abrir la puerta salga por las ventanillas.<\/p>\n<p>Se pide a los ciudadanos que sigan las indicaciones tanto del Servicio Municipal de Emergencias como del Ayuntamiento de Lorca a trav\u00e9s de la web <a href=\"http:\/\/www.lorca.es\/\" target=\"_blank\" rel=\"noopener noreferrer\">www.lorca.es<\/a> y las redes sociales Facebook, Instagram y Twitter. De manera general, es muy importante permanecer atento a las informaciones oficiales transmitidas a trav\u00e9s de las emisoras de radio y de otros medios digitales, y seguir las indicaciones que se den y, en caso de emergencia, contactar siempre con el 112.<\/p>\n<\/div>\n","protected":false},"excerpt":{"rendered":"<p>\u00c1REA LORCA RADIO. Escucha aqu\u00ed la entrevista que ha concedido a Paco S\u00e1nchez en el magazine \u00c1rea Lorca Actualidad, el jefe del Servicio de Emergencias del Ayuntamiento de Lorca, Ricardo Villalba. \u00a0 12 de noviembre de 2024. La alerta estar\u00e1 activada entre las 18:00 y las 00:00 horas de este martes 12 de noviembre con [&hellip;]<\/p>\n","protected":false},"author":1,"featured_media":4656,"comment_status":"open","ping_status":"open","sticky":false,"template":"","format":"standard","meta":{"iawp_total_views":9,"footnotes":""},"categories":[5,7],"tags":[],"class_list":["post-4648","post","type-post","status-publish","format-standard","has-post-thumbnail","hentry","category-actualidad","category-lorca"],"yoast_head":"<!-- This site is optimized with the Yoast SEO plugin v27.5 - https:\/\/yoast.com\/product\/yoast-seo-wordpress\/ -->\n<title>La AEMET activa en Lorca el aviso amarillo por lluvias y tormentas - AREA LORCA RADIO<\/title>\n<meta name=\"robots\" content=\"index, follow, max-snippet:-1, max-image-preview:large, max-video-preview:-1\" \/>\n<link rel=\"canonical\" href=\"https:\/\/arealorcaradio.es\/index.php\/2024\/11\/12\/la-aemet-activa-en-lorca-el-aviso-amarillo-por-lluvias-y-tormentas\/\" \/>\n<meta property=\"og:locale\" content=\"es_ES\" \/>\n<meta property=\"og:type\" content=\"article\" \/>\n<meta property=\"og:title\" content=\"La AEMET activa en Lorca el aviso amarillo por lluvias y tormentas - AREA LORCA RADIO\" \/>\n<meta property=\"og:description\" content=\"\u00c1REA LORCA RADIO. Escucha aqu\u00ed la entrevista que ha concedido a Paco S\u00e1nchez en el magazine \u00c1rea Lorca Actualidad, el jefe del Servicio de Emergencias del Ayuntamiento de Lorca, Ricardo Villalba. \u00a0 12 de noviembre de 2024. La alerta estar\u00e1 activada entre las 18:00 y las 00:00 horas de este martes 12 de noviembre con [&hellip;]\" \/>\n<meta property=\"og:url\" content=\"https:\/\/arealorcaradio.es\/index.php\/2024\/11\/12\/la-aemet-activa-en-lorca-el-aviso-amarillo-por-lluvias-y-tormentas\/\" \/>\n<meta property=\"og:site_name\" content=\"AREA LORCA RADIO\" \/>\n<meta property=\"article:published_time\" content=\"2024-11-12T17:56:39+00:00\" \/>\n<meta property=\"og:image\" content=\"https:\/\/arealorcaradio.es\/wp-content\/uploads\/2024\/11\/IMG-20241112-WA0090.jpg\" \/>\n\t<meta property=\"og:image:width\" content=\"1019\" \/>\n\t<meta property=\"og:image:height\" content=\"681\" \/>\n\t<meta property=\"og:image:type\" content=\"image\/jpeg\" \/>\n<meta name=\"author\" content=\"Paco S\u00e1nchez\" \/>\n<meta name=\"twitter:card\" content=\"summary_large_image\" \/>\n<meta name=\"twitter:label1\" content=\"Escrito por\" \/>\n\t<meta name=\"twitter:data1\" content=\"Paco S\u00e1nchez\" \/>\n\t<meta name=\"twitter:label2\" content=\"Tiempo de lectura\" \/>\n\t<meta name=\"twitter:data2\" content=\"3 minutos\" \/>\n<script type=\"application\/ld+json\" class=\"yoast-schema-graph\">{\"@context\":\"https:\\\/\\\/schema.org\",\"@graph\":[{\"@type\":\"Article\",\"@id\":\"https:\\\/\\\/arealorcaradio.es\\\/index.php\\\/2024\\\/11\\\/12\\\/la-aemet-activa-en-lorca-el-aviso-amarillo-por-lluvias-y-tormentas\\\/#article\",\"isPartOf\":{\"@id\":\"https:\\\/\\\/arealorcaradio.es\\\/index.php\\\/2024\\\/11\\\/12\\\/la-aemet-activa-en-lorca-el-aviso-amarillo-por-lluvias-y-tormentas\\\/\"},\"author\":{\"name\":\"Paco S\u00e1nchez\",\"@id\":\"https:\\\/\\\/arealorcaradio.es\\\/#\\\/schema\\\/person\\\/9fae605fc25b0f2c83c1ab207139bd27\"},\"headline\":\"La AEMET activa en Lorca el aviso amarillo por lluvias y tormentas\",\"datePublished\":\"2024-11-12T17:56:39+00:00\",\"mainEntityOfPage\":{\"@id\":\"https:\\\/\\\/arealorcaradio.es\\\/index.php\\\/2024\\\/11\\\/12\\\/la-aemet-activa-en-lorca-el-aviso-amarillo-por-lluvias-y-tormentas\\\/\"},\"wordCount\":442,\"commentCount\":0,\"image\":{\"@id\":\"https:\\\/\\\/arealorcaradio.es\\\/index.php\\\/2024\\\/11\\\/12\\\/la-aemet-activa-en-lorca-el-aviso-amarillo-por-lluvias-y-tormentas\\\/#primaryimage\"},\"thumbnailUrl\":\"https:\\\/\\\/arealorcaradio.es\\\/wp-content\\\/uploads\\\/2024\\\/11\\\/IMG-20241112-WA0090.jpg\",\"articleSection\":[\"ACTUALIDAD\",\"LORCA\"],\"inLanguage\":\"es\",\"potentialAction\":[{\"@type\":\"CommentAction\",\"name\":\"Comment\",\"target\":[\"https:\\\/\\\/arealorcaradio.es\\\/index.php\\\/2024\\\/11\\\/12\\\/la-aemet-activa-en-lorca-el-aviso-amarillo-por-lluvias-y-tormentas\\\/#respond\"]}]},{\"@type\":\"WebPage\",\"@id\":\"https:\\\/\\\/arealorcaradio.es\\\/index.php\\\/2024\\\/11\\\/12\\\/la-aemet-activa-en-lorca-el-aviso-amarillo-por-lluvias-y-tormentas\\\/\",\"url\":\"https:\\\/\\\/arealorcaradio.es\\\/index.php\\\/2024\\\/11\\\/12\\\/la-aemet-activa-en-lorca-el-aviso-amarillo-por-lluvias-y-tormentas\\\/\",\"name\":\"La AEMET activa en Lorca el aviso amarillo por lluvias y tormentas - AREA LORCA RADIO\",\"isPartOf\":{\"@id\":\"https:\\\/\\\/arealorcaradio.es\\\/#website\"},\"primaryImageOfPage\":{\"@id\":\"https:\\\/\\\/arealorcaradio.es\\\/index.php\\\/2024\\\/11\\\/12\\\/la-aemet-activa-en-lorca-el-aviso-amarillo-por-lluvias-y-tormentas\\\/#primaryimage\"},\"image\":{\"@id\":\"https:\\\/\\\/arealorcaradio.es\\\/index.php\\\/2024\\\/11\\\/12\\\/la-aemet-activa-en-lorca-el-aviso-amarillo-por-lluvias-y-tormentas\\\/#primaryimage\"},\"thumbnailUrl\":\"https:\\\/\\\/arealorcaradio.es\\\/wp-content\\\/uploads\\\/2024\\\/11\\\/IMG-20241112-WA0090.jpg\",\"datePublished\":\"2024-11-12T17:56:39+00:00\",\"author\":{\"@id\":\"https:\\\/\\\/arealorcaradio.es\\\/#\\\/schema\\\/person\\\/9fae605fc25b0f2c83c1ab207139bd27\"},\"breadcrumb\":{\"@id\":\"https:\\\/\\\/arealorcaradio.es\\\/index.php\\\/2024\\\/11\\\/12\\\/la-aemet-activa-en-lorca-el-aviso-amarillo-por-lluvias-y-tormentas\\\/#breadcrumb\"},\"inLanguage\":\"es\",\"potentialAction\":[{\"@type\":\"ReadAction\",\"target\":[\"https:\\\/\\\/arealorcaradio.es\\\/index.php\\\/2024\\\/11\\\/12\\\/la-aemet-activa-en-lorca-el-aviso-amarillo-por-lluvias-y-tormentas\\\/\"]}]},{\"@type\":\"ImageObject\",\"inLanguage\":\"es\",\"@id\":\"https:\\\/\\\/arealorcaradio.es\\\/index.php\\\/2024\\\/11\\\/12\\\/la-aemet-activa-en-lorca-el-aviso-amarillo-por-lluvias-y-tormentas\\\/#primaryimage\",\"url\":\"https:\\\/\\\/arealorcaradio.es\\\/wp-content\\\/uploads\\\/2024\\\/11\\\/IMG-20241112-WA0090.jpg\",\"contentUrl\":\"https:\\\/\\\/arealorcaradio.es\\\/wp-content\\\/uploads\\\/2024\\\/11\\\/IMG-20241112-WA0090.jpg\",\"width\":1019,\"height\":681},{\"@type\":\"BreadcrumbList\",\"@id\":\"https:\\\/\\\/arealorcaradio.es\\\/index.php\\\/2024\\\/11\\\/12\\\/la-aemet-activa-en-lorca-el-aviso-amarillo-por-lluvias-y-tormentas\\\/#breadcrumb\",\"itemListElement\":[{\"@type\":\"ListItem\",\"position\":1,\"name\":\"Portada\",\"item\":\"https:\\\/\\\/arealorcaradio.es\\\/\"},{\"@type\":\"ListItem\",\"position\":2,\"name\":\"La AEMET activa en Lorca el aviso amarillo por lluvias y tormentas\"}]},{\"@type\":\"WebSite\",\"@id\":\"https:\\\/\\\/arealorcaradio.es\\\/#website\",\"url\":\"https:\\\/\\\/arealorcaradio.es\\\/\",\"name\":\"AREA LORCA RADIO\",\"description\":\"Descubre la programaci\u00f3n actual en \u00c1rea Lorca Radio, tu fuente de entrenamiento y noticias locales. Sintoniza ahora y mantente conectado online.\",\"potentialAction\":[{\"@type\":\"SearchAction\",\"target\":{\"@type\":\"EntryPoint\",\"urlTemplate\":\"https:\\\/\\\/arealorcaradio.es\\\/?s={search_term_string}\"},\"query-input\":{\"@type\":\"PropertyValueSpecification\",\"valueRequired\":true,\"valueName\":\"search_term_string\"}}],\"inLanguage\":\"es\"},{\"@type\":\"Person\",\"@id\":\"https:\\\/\\\/arealorcaradio.es\\\/#\\\/schema\\\/person\\\/9fae605fc25b0f2c83c1ab207139bd27\",\"name\":\"Paco S\u00e1nchez\",\"image\":{\"@type\":\"ImageObject\",\"inLanguage\":\"es\",\"@id\":\"https:\\\/\\\/secure.gravatar.com\\\/avatar\\\/d67144e966420fb74aa84c9f2a0103be4724fd14db52b52d3b6bca749f257e79?s=96&d=mm&r=g\",\"url\":\"https:\\\/\\\/secure.gravatar.com\\\/avatar\\\/d67144e966420fb74aa84c9f2a0103be4724fd14db52b52d3b6bca749f257e79?s=96&d=mm&r=g\",\"contentUrl\":\"https:\\\/\\\/secure.gravatar.com\\\/avatar\\\/d67144e966420fb74aa84c9f2a0103be4724fd14db52b52d3b6bca749f257e79?s=96&d=mm&r=g\",\"caption\":\"Paco S\u00e1nchez\"},\"sameAs\":[\"https:\\\/\\\/arealorcaradio.es\"],\"url\":\"https:\\\/\\\/arealorcaradio.es\\\/index.php\\\/author\\\/admin_alorcaradio\\\/\"}]}<\/script>\n<!-- \/ Yoast SEO plugin. -->","yoast_head_json":{"title":"La AEMET activa en Lorca el aviso amarillo por lluvias y tormentas - AREA LORCA RADIO","robots":{"index":"index","follow":"follow","max-snippet":"max-snippet:-1","max-image-preview":"max-image-preview:large","max-video-preview":"max-video-preview:-1"},"canonical":"https:\/\/arealorcaradio.es\/index.php\/2024\/11\/12\/la-aemet-activa-en-lorca-el-aviso-amarillo-por-lluvias-y-tormentas\/","og_locale":"es_ES","og_type":"article","og_title":"La AEMET activa en Lorca el aviso amarillo por lluvias y tormentas - AREA LORCA RADIO","og_description":"\u00c1REA LORCA RADIO. Escucha aqu\u00ed la entrevista que ha concedido a Paco S\u00e1nchez en el magazine \u00c1rea Lorca Actualidad, el jefe del Servicio de Emergencias del Ayuntamiento de Lorca, Ricardo Villalba. \u00a0 12 de noviembre de 2024. La alerta estar\u00e1 activada entre las 18:00 y las 00:00 horas de este martes 12 de noviembre con [&hellip;]","og_url":"https:\/\/arealorcaradio.es\/index.php\/2024\/11\/12\/la-aemet-activa-en-lorca-el-aviso-amarillo-por-lluvias-y-tormentas\/","og_site_name":"AREA LORCA RADIO","article_published_time":"2024-11-12T17:56:39+00:00","og_image":[{"width":1019,"height":681,"url":"https:\/\/arealorcaradio.es\/wp-content\/uploads\/2024\/11\/IMG-20241112-WA0090.jpg","type":"image\/jpeg"}],"author":"Paco S\u00e1nchez","twitter_card":"summary_large_image","twitter_misc":{"Escrito por":"Paco S\u00e1nchez","Tiempo de lectura":"3 minutos"},"schema":{"@context":"https:\/\/schema.org","@graph":[{"@type":"Article","@id":"https:\/\/arealorcaradio.es\/index.php\/2024\/11\/12\/la-aemet-activa-en-lorca-el-aviso-amarillo-por-lluvias-y-tormentas\/#article","isPartOf":{"@id":"https:\/\/arealorcaradio.es\/index.php\/2024\/11\/12\/la-aemet-activa-en-lorca-el-aviso-amarillo-por-lluvias-y-tormentas\/"},"author":{"name":"Paco S\u00e1nchez","@id":"https:\/\/arealorcaradio.es\/#\/schema\/person\/9fae605fc25b0f2c83c1ab207139bd27"},"headline":"La AEMET activa en Lorca el aviso amarillo por lluvias y tormentas","datePublished":"2024-11-12T17:56:39+00:00","mainEntityOfPage":{"@id":"https:\/\/arealorcaradio.es\/index.php\/2024\/11\/12\/la-aemet-activa-en-lorca-el-aviso-amarillo-por-lluvias-y-tormentas\/"},"wordCount":442,"commentCount":0,"image":{"@id":"https:\/\/arealorcaradio.es\/index.php\/2024\/11\/12\/la-aemet-activa-en-lorca-el-aviso-amarillo-por-lluvias-y-tormentas\/#primaryimage"},"thumbnailUrl":"https:\/\/arealorcaradio.es\/wp-content\/uploads\/2024\/11\/IMG-20241112-WA0090.jpg","articleSection":["ACTUALIDAD","LORCA"],"inLanguage":"es","potentialAction":[{"@type":"CommentAction","name":"Comment","target":["https:\/\/arealorcaradio.es\/index.php\/2024\/11\/12\/la-aemet-activa-en-lorca-el-aviso-amarillo-por-lluvias-y-tormentas\/#respond"]}]},{"@type":"WebPage","@id":"https:\/\/arealorcaradio.es\/index.php\/2024\/11\/12\/la-aemet-activa-en-lorca-el-aviso-amarillo-por-lluvias-y-tormentas\/","url":"https:\/\/arealorcaradio.es\/index.php\/2024\/11\/12\/la-aemet-activa-en-lorca-el-aviso-amarillo-por-lluvias-y-tormentas\/","name":"La AEMET activa en Lorca el aviso amarillo por lluvias y tormentas - AREA LORCA RADIO","isPartOf":{"@id":"https:\/\/arealorcaradio.es\/#website"},"primaryImageOfPage":{"@id":"https:\/\/arealorcaradio.es\/index.php\/2024\/11\/12\/la-aemet-activa-en-lorca-el-aviso-amarillo-por-lluvias-y-tormentas\/#primaryimage"},"image":{"@id":"https:\/\/arealorcaradio.es\/index.php\/2024\/11\/12\/la-aemet-activa-en-lorca-el-aviso-amarillo-por-lluvias-y-tormentas\/#primaryimage"},"thumbnailUrl":"https:\/\/arealorcaradio.es\/wp-content\/uploads\/2024\/11\/IMG-20241112-WA0090.jpg","datePublished":"2024-11-12T17:56:39+00:00","author":{"@id":"https:\/\/arealorcaradio.es\/#\/schema\/person\/9fae605fc25b0f2c83c1ab207139bd27"},"breadcrumb":{"@id":"https:\/\/arealorcaradio.es\/index.php\/2024\/11\/12\/la-aemet-activa-en-lorca-el-aviso-amarillo-por-lluvias-y-tormentas\/#breadcrumb"},"inLanguage":"es","potentialAction":[{"@type":"ReadAction","target":["https:\/\/arealorcaradio.es\/index.php\/2024\/11\/12\/la-aemet-activa-en-lorca-el-aviso-amarillo-por-lluvias-y-tormentas\/"]}]},{"@type":"ImageObject","inLanguage":"es","@id":"https:\/\/arealorcaradio.es\/index.php\/2024\/11\/12\/la-aemet-activa-en-lorca-el-aviso-amarillo-por-lluvias-y-tormentas\/#primaryimage","url":"https:\/\/arealorcaradio.es\/wp-content\/uploads\/2024\/11\/IMG-20241112-WA0090.jpg","contentUrl":"https:\/\/arealorcaradio.es\/wp-content\/uploads\/2024\/11\/IMG-20241112-WA0090.jpg","width":1019,"height":681},{"@type":"BreadcrumbList","@id":"https:\/\/arealorcaradio.es\/index.php\/2024\/11\/12\/la-aemet-activa-en-lorca-el-aviso-amarillo-por-lluvias-y-tormentas\/#breadcrumb","itemListElement":[{"@type":"ListItem","position":1,"name":"Portada","item":"https:\/\/arealorcaradio.es\/"},{"@type":"ListItem","position":2,"name":"La AEMET activa en Lorca el aviso amarillo por lluvias y tormentas"}]},{"@type":"WebSite","@id":"https:\/\/arealorcaradio.es\/#website","url":"https:\/\/arealorcaradio.es\/","name":"AREA LORCA RADIO","description":"Descubre la programaci\u00f3n actual en \u00c1rea Lorca Radio, tu fuente de entrenamiento y noticias locales. Sintoniza ahora y mantente conectado online.","potentialAction":[{"@type":"SearchAction","target":{"@type":"EntryPoint","urlTemplate":"https:\/\/arealorcaradio.es\/?s={search_term_string}"},"query-input":{"@type":"PropertyValueSpecification","valueRequired":true,"valueName":"search_term_string"}}],"inLanguage":"es"},{"@type":"Person","@id":"https:\/\/arealorcaradio.es\/#\/schema\/person\/9fae605fc25b0f2c83c1ab207139bd27","name":"Paco S\u00e1nchez","image":{"@type":"ImageObject","inLanguage":"es","@id":"https:\/\/secure.gravatar.com\/avatar\/d67144e966420fb74aa84c9f2a0103be4724fd14db52b52d3b6bca749f257e79?s=96&d=mm&r=g","url":"https:\/\/secure.gravatar.com\/avatar\/d67144e966420fb74aa84c9f2a0103be4724fd14db52b52d3b6bca749f257e79?s=96&d=mm&r=g","contentUrl":"https:\/\/secure.gravatar.com\/avatar\/d67144e966420fb74aa84c9f2a0103be4724fd14db52b52d3b6bca749f257e79?s=96&d=mm&r=g","caption":"Paco S\u00e1nchez"},"sameAs":["https:\/\/arealorcaradio.es"],"url":"https:\/\/arealorcaradio.es\/index.php\/author\/admin_alorcaradio\/"}]}},"_links":{"self":[{"href":"https:\/\/arealorcaradio.es\/index.php\/wp-json\/wp\/v2\/posts\/4648","targetHints":{"allow":["GET"]}}],"collection":[{"href":"https:\/\/arealorcaradio.es\/index.php\/wp-json\/wp\/v2\/posts"}],"about":[{"href":"https:\/\/arealorcaradio.es\/index.php\/wp-json\/wp\/v2\/types\/post"}],"author":[{"embeddable":true,"href":"https:\/\/arealorcaradio.es\/index.php\/wp-json\/wp\/v2\/users\/1"}],"replies":[{"embeddable":true,"href":"https:\/\/arealorcaradio.es\/index.php\/wp-json\/wp\/v2\/comments?post=4648"}],"version-history":[{"count":4,"href":"https:\/\/arealorcaradio.es\/index.php\/wp-json\/wp\/v2\/posts\/4648\/revisions"}],"predecessor-version":[{"id":4658,"href":"https:\/\/arealorcaradio.es\/index.php\/wp-json\/wp\/v2\/posts\/4648\/revisions\/4658"}],"wp:featuredmedia":[{"embeddable":true,"href":"https:\/\/arealorcaradio.es\/index.php\/wp-json\/wp\/v2\/media\/4656"}],"wp:attachment":[{"href":"https:\/\/arealorcaradio.es\/index.php\/wp-json\/wp\/v2\/media?parent=4648"}],"wp:term":[{"taxonomy":"category","embeddable":true,"href":"https:\/\/arealorcaradio.es\/index.php\/wp-json\/wp\/v2\/categories?post=4648"},{"taxonomy":"post_tag","embeddable":true,"href":"https:\/\/arealorcaradio.es\/index.php\/wp-json\/wp\/v2\/tags?post=4648"}],"curies":[{"name":"wp","href":"https:\/\/api.w.org\/{rel}","templated":true}]}}