{"id":4638,"date":"2024-11-12T17:57:09","date_gmt":"2024-11-12T17:57:09","guid":{"rendered":"https:\/\/arealorcaradio.es\/?p=4638"},"modified":"2024-11-12T18:12:14","modified_gmt":"2024-11-12T18:12:14","slug":"desde-meteored-pronostican-que-este-episodio-de-lluvias-no-sera-muy-importante-en-la-region-de-murcia","status":"publish","type":"post","link":"https:\/\/arealorcaradio.es\/index.php\/2024\/11\/12\/desde-meteored-pronostican-que-este-episodio-de-lluvias-no-sera-muy-importante-en-la-region-de-murcia\/","title":{"rendered":"Desde Meteored pronostican que este episodio de lluvias no ser\u00e1 muy importante en la Regi\u00f3n de Murcia"},"content":{"rendered":"<p><strong>\u00c1REA LORCA RADIO. <\/strong><\/p>\n<p><strong>12 de noviembre de 2024.<\/strong><\/p>\n<p>Escucha aqu\u00ed la entrevista que ha concedido a Paco S\u00e1nchez el director y cofundador de la empresa Meteored con sede en Almendricos, Juan Jos\u00e9 Mart\u00ednez, qui\u00e9n ha asegurado que los acumulados por precipitaciones de esta nueva DANA pueden ser especialmente importantes en la provincia de M\u00e1laga y de nuevo en algunos puntos de la Comunidad Valenciana.<\/p>\n<audio class=\"wp-audio-shortcode\" id=\"audio-4638-1\" preload=\"none\" style=\"width: 100%;\" controls=\"controls\"><source type=\"audio\/mpeg\" src=\"https:\/\/arealorcaradio.es\/wp-content\/uploads\/2024\/11\/121124-JUAN-JOSE-MARTINEZ.-METEORED-2a-DANA.mp3?_=1\" \/><a href=\"https:\/\/arealorcaradio.es\/wp-content\/uploads\/2024\/11\/121124-JUAN-JOSE-MARTINEZ.-METEORED-2a-DANA.mp3\">https:\/\/arealorcaradio.es\/wp-content\/uploads\/2024\/11\/121124-JUAN-JOSE-MARTINEZ.-METEORED-2a-DANA.mp3<\/a><\/audio>\n<p><img loading=\"lazy\" decoding=\"async\" class=\"alignnone size-medium wp-image-4639\" src=\"https:\/\/arealorcaradio.es\/wp-content\/uploads\/2024\/11\/IMG-20241112-WA0047-300x200.jpg\" alt=\"\" width=\"300\" height=\"200\" srcset=\"https:\/\/arealorcaradio.es\/wp-content\/uploads\/2024\/11\/IMG-20241112-WA0047-300x200.jpg 300w, https:\/\/arealorcaradio.es\/wp-content\/uploads\/2024\/11\/IMG-20241112-WA0047-768x511.jpg 768w, https:\/\/arealorcaradio.es\/wp-content\/uploads\/2024\/11\/IMG-20241112-WA0047.jpg 975w\" sizes=\"auto, (max-width: 300px) 100vw, 300px\" \/><\/p>\n","protected":false},"excerpt":{"rendered":"<p>\u00c1REA LORCA RADIO. 12 de noviembre de 2024. Escucha aqu\u00ed la entrevista que ha concedido a Paco S\u00e1nchez el director y cofundador de la empresa Meteored con sede en Almendricos, Juan Jos\u00e9 Mart\u00ednez, qui\u00e9n ha asegurado que los acumulados por precipitaciones de esta nueva DANA pueden ser especialmente importantes en la provincia de M\u00e1laga y [&hellip;]<\/p>\n","protected":false},"author":1,"featured_media":4640,"comment_status":"open","ping_status":"open","sticky":false,"template":"","format":"standard","meta":{"iawp_total_views":22,"footnotes":""},"categories":[5,7],"tags":[],"class_list":["post-4638","post","type-post","status-publish","format-standard","has-post-thumbnail","hentry","category-actualidad","category-lorca"],"yoast_head":"<!-- This site is optimized with the Yoast SEO plugin v27.5 - https:\/\/yoast.com\/product\/yoast-seo-wordpress\/ -->\n<title>Desde Meteored pronostican que este episodio de lluvias no ser\u00e1 muy importante en la Regi\u00f3n de Murcia - AREA LORCA RADIO<\/title>\n<meta name=\"robots\" content=\"index, follow, max-snippet:-1, max-image-preview:large, max-video-preview:-1\" \/>\n<link rel=\"canonical\" href=\"https:\/\/arealorcaradio.es\/index.php\/2024\/11\/12\/desde-meteored-pronostican-que-este-episodio-de-lluvias-no-sera-muy-importante-en-la-region-de-murcia\/\" \/>\n<meta property=\"og:locale\" content=\"es_ES\" \/>\n<meta property=\"og:type\" content=\"article\" \/>\n<meta property=\"og:title\" content=\"Desde Meteored pronostican que este episodio de lluvias no ser\u00e1 muy importante en la Regi\u00f3n de Murcia - AREA LORCA RADIO\" \/>\n<meta property=\"og:description\" content=\"\u00c1REA LORCA RADIO. 12 de noviembre de 2024. Escucha aqu\u00ed la entrevista que ha concedido a Paco S\u00e1nchez el director y cofundador de la empresa Meteored con sede en Almendricos, Juan Jos\u00e9 Mart\u00ednez, qui\u00e9n ha asegurado que los acumulados por precipitaciones de esta nueva DANA pueden ser especialmente importantes en la provincia de M\u00e1laga y [&hellip;]\" \/>\n<meta property=\"og:url\" content=\"https:\/\/arealorcaradio.es\/index.php\/2024\/11\/12\/desde-meteored-pronostican-que-este-episodio-de-lluvias-no-sera-muy-importante-en-la-region-de-murcia\/\" \/>\n<meta property=\"og:site_name\" content=\"AREA LORCA RADIO\" \/>\n<meta property=\"article:published_time\" content=\"2024-11-12T17:57:09+00:00\" \/>\n<meta property=\"article:modified_time\" content=\"2024-11-12T18:12:14+00:00\" \/>\n<meta property=\"og:image\" content=\"https:\/\/arealorcaradio.es\/wp-content\/uploads\/2024\/11\/DSC00377-scaled.jpg\" \/>\n\t<meta property=\"og:image:width\" content=\"2560\" \/>\n\t<meta property=\"og:image:height\" content=\"1707\" \/>\n\t<meta property=\"og:image:type\" content=\"image\/jpeg\" \/>\n<meta name=\"author\" content=\"Paco S\u00e1nchez\" \/>\n<meta name=\"twitter:card\" content=\"summary_large_image\" \/>\n<meta name=\"twitter:label1\" content=\"Escrito por\" \/>\n\t<meta name=\"twitter:data1\" content=\"Paco S\u00e1nchez\" \/>\n\t<meta name=\"twitter:label2\" content=\"Tiempo de lectura\" \/>\n\t<meta name=\"twitter:data2\" content=\"1 minuto\" \/>\n<script type=\"application\/ld+json\" class=\"yoast-schema-graph\">{\"@context\":\"https:\\\/\\\/schema.org\",\"@graph\":[{\"@type\":\"Article\",\"@id\":\"https:\\\/\\\/arealorcaradio.es\\\/index.php\\\/2024\\\/11\\\/12\\\/desde-meteored-pronostican-que-este-episodio-de-lluvias-no-sera-muy-importante-en-la-region-de-murcia\\\/#article\",\"isPartOf\":{\"@id\":\"https:\\\/\\\/arealorcaradio.es\\\/index.php\\\/2024\\\/11\\\/12\\\/desde-meteored-pronostican-que-este-episodio-de-lluvias-no-sera-muy-importante-en-la-region-de-murcia\\\/\"},\"author\":{\"name\":\"Paco S\u00e1nchez\",\"@id\":\"https:\\\/\\\/arealorcaradio.es\\\/#\\\/schema\\\/person\\\/9fae605fc25b0f2c83c1ab207139bd27\"},\"headline\":\"Desde Meteored pronostican que este episodio de lluvias no ser\u00e1 muy importante en la Regi\u00f3n de Murcia\",\"datePublished\":\"2024-11-12T17:57:09+00:00\",\"dateModified\":\"2024-11-12T18:12:14+00:00\",\"mainEntityOfPage\":{\"@id\":\"https:\\\/\\\/arealorcaradio.es\\\/index.php\\\/2024\\\/11\\\/12\\\/desde-meteored-pronostican-que-este-episodio-de-lluvias-no-sera-muy-importante-en-la-region-de-murcia\\\/\"},\"wordCount\":96,\"commentCount\":0,\"image\":{\"@id\":\"https:\\\/\\\/arealorcaradio.es\\\/index.php\\\/2024\\\/11\\\/12\\\/desde-meteored-pronostican-que-este-episodio-de-lluvias-no-sera-muy-importante-en-la-region-de-murcia\\\/#primaryimage\"},\"thumbnailUrl\":\"https:\\\/\\\/arealorcaradio.es\\\/wp-content\\\/uploads\\\/2024\\\/11\\\/DSC00377-scaled.jpg\",\"articleSection\":[\"ACTUALIDAD\",\"LORCA\"],\"inLanguage\":\"es\",\"potentialAction\":[{\"@type\":\"CommentAction\",\"name\":\"Comment\",\"target\":[\"https:\\\/\\\/arealorcaradio.es\\\/index.php\\\/2024\\\/11\\\/12\\\/desde-meteored-pronostican-que-este-episodio-de-lluvias-no-sera-muy-importante-en-la-region-de-murcia\\\/#respond\"]}]},{\"@type\":\"WebPage\",\"@id\":\"https:\\\/\\\/arealorcaradio.es\\\/index.php\\\/2024\\\/11\\\/12\\\/desde-meteored-pronostican-que-este-episodio-de-lluvias-no-sera-muy-importante-en-la-region-de-murcia\\\/\",\"url\":\"https:\\\/\\\/arealorcaradio.es\\\/index.php\\\/2024\\\/11\\\/12\\\/desde-meteored-pronostican-que-este-episodio-de-lluvias-no-sera-muy-importante-en-la-region-de-murcia\\\/\",\"name\":\"Desde Meteored pronostican que este episodio de lluvias no ser\u00e1 muy importante en la Regi\u00f3n de Murcia - AREA LORCA RADIO\",\"isPartOf\":{\"@id\":\"https:\\\/\\\/arealorcaradio.es\\\/#website\"},\"primaryImageOfPage\":{\"@id\":\"https:\\\/\\\/arealorcaradio.es\\\/index.php\\\/2024\\\/11\\\/12\\\/desde-meteored-pronostican-que-este-episodio-de-lluvias-no-sera-muy-importante-en-la-region-de-murcia\\\/#primaryimage\"},\"image\":{\"@id\":\"https:\\\/\\\/arealorcaradio.es\\\/index.php\\\/2024\\\/11\\\/12\\\/desde-meteored-pronostican-que-este-episodio-de-lluvias-no-sera-muy-importante-en-la-region-de-murcia\\\/#primaryimage\"},\"thumbnailUrl\":\"https:\\\/\\\/arealorcaradio.es\\\/wp-content\\\/uploads\\\/2024\\\/11\\\/DSC00377-scaled.jpg\",\"datePublished\":\"2024-11-12T17:57:09+00:00\",\"dateModified\":\"2024-11-12T18:12:14+00:00\",\"author\":{\"@id\":\"https:\\\/\\\/arealorcaradio.es\\\/#\\\/schema\\\/person\\\/9fae605fc25b0f2c83c1ab207139bd27\"},\"breadcrumb\":{\"@id\":\"https:\\\/\\\/arealorcaradio.es\\\/index.php\\\/2024\\\/11\\\/12\\\/desde-meteored-pronostican-que-este-episodio-de-lluvias-no-sera-muy-importante-en-la-region-de-murcia\\\/#breadcrumb\"},\"inLanguage\":\"es\",\"potentialAction\":[{\"@type\":\"ReadAction\",\"target\":[\"https:\\\/\\\/arealorcaradio.es\\\/index.php\\\/2024\\\/11\\\/12\\\/desde-meteored-pronostican-que-este-episodio-de-lluvias-no-sera-muy-importante-en-la-region-de-murcia\\\/\"]}]},{\"@type\":\"ImageObject\",\"inLanguage\":\"es\",\"@id\":\"https:\\\/\\\/arealorcaradio.es\\\/index.php\\\/2024\\\/11\\\/12\\\/desde-meteored-pronostican-que-este-episodio-de-lluvias-no-sera-muy-importante-en-la-region-de-murcia\\\/#primaryimage\",\"url\":\"https:\\\/\\\/arealorcaradio.es\\\/wp-content\\\/uploads\\\/2024\\\/11\\\/DSC00377-scaled.jpg\",\"contentUrl\":\"https:\\\/\\\/arealorcaradio.es\\\/wp-content\\\/uploads\\\/2024\\\/11\\\/DSC00377-scaled.jpg\",\"width\":2560,\"height\":1707},{\"@type\":\"BreadcrumbList\",\"@id\":\"https:\\\/\\\/arealorcaradio.es\\\/index.php\\\/2024\\\/11\\\/12\\\/desde-meteored-pronostican-que-este-episodio-de-lluvias-no-sera-muy-importante-en-la-region-de-murcia\\\/#breadcrumb\",\"itemListElement\":[{\"@type\":\"ListItem\",\"position\":1,\"name\":\"Portada\",\"item\":\"https:\\\/\\\/arealorcaradio.es\\\/\"},{\"@type\":\"ListItem\",\"position\":2,\"name\":\"Desde Meteored pronostican que este episodio de lluvias no ser\u00e1 muy importante en la Regi\u00f3n de Murcia\"}]},{\"@type\":\"WebSite\",\"@id\":\"https:\\\/\\\/arealorcaradio.es\\\/#website\",\"url\":\"https:\\\/\\\/arealorcaradio.es\\\/\",\"name\":\"AREA LORCA RADIO\",\"description\":\"Descubre la programaci\u00f3n actual en \u00c1rea Lorca Radio, tu fuente de entrenamiento y noticias locales. Sintoniza ahora y mantente conectado online.\",\"potentialAction\":[{\"@type\":\"SearchAction\",\"target\":{\"@type\":\"EntryPoint\",\"urlTemplate\":\"https:\\\/\\\/arealorcaradio.es\\\/?s={search_term_string}\"},\"query-input\":{\"@type\":\"PropertyValueSpecification\",\"valueRequired\":true,\"valueName\":\"search_term_string\"}}],\"inLanguage\":\"es\"},{\"@type\":\"Person\",\"@id\":\"https:\\\/\\\/arealorcaradio.es\\\/#\\\/schema\\\/person\\\/9fae605fc25b0f2c83c1ab207139bd27\",\"name\":\"Paco S\u00e1nchez\",\"image\":{\"@type\":\"ImageObject\",\"inLanguage\":\"es\",\"@id\":\"https:\\\/\\\/secure.gravatar.com\\\/avatar\\\/d67144e966420fb74aa84c9f2a0103be4724fd14db52b52d3b6bca749f257e79?s=96&d=mm&r=g\",\"url\":\"https:\\\/\\\/secure.gravatar.com\\\/avatar\\\/d67144e966420fb74aa84c9f2a0103be4724fd14db52b52d3b6bca749f257e79?s=96&d=mm&r=g\",\"contentUrl\":\"https:\\\/\\\/secure.gravatar.com\\\/avatar\\\/d67144e966420fb74aa84c9f2a0103be4724fd14db52b52d3b6bca749f257e79?s=96&d=mm&r=g\",\"caption\":\"Paco S\u00e1nchez\"},\"sameAs\":[\"https:\\\/\\\/arealorcaradio.es\"],\"url\":\"https:\\\/\\\/arealorcaradio.es\\\/index.php\\\/author\\\/admin_alorcaradio\\\/\"}]}<\/script>\n<!-- \/ Yoast SEO plugin. -->","yoast_head_json":{"title":"Desde Meteored pronostican que este episodio de lluvias no ser\u00e1 muy importante en la Regi\u00f3n de Murcia - AREA LORCA RADIO","robots":{"index":"index","follow":"follow","max-snippet":"max-snippet:-1","max-image-preview":"max-image-preview:large","max-video-preview":"max-video-preview:-1"},"canonical":"https:\/\/arealorcaradio.es\/index.php\/2024\/11\/12\/desde-meteored-pronostican-que-este-episodio-de-lluvias-no-sera-muy-importante-en-la-region-de-murcia\/","og_locale":"es_ES","og_type":"article","og_title":"Desde Meteored pronostican que este episodio de lluvias no ser\u00e1 muy importante en la Regi\u00f3n de Murcia - AREA LORCA RADIO","og_description":"\u00c1REA LORCA RADIO. 12 de noviembre de 2024. Escucha aqu\u00ed la entrevista que ha concedido a Paco S\u00e1nchez el director y cofundador de la empresa Meteored con sede en Almendricos, Juan Jos\u00e9 Mart\u00ednez, qui\u00e9n ha asegurado que los acumulados por precipitaciones de esta nueva DANA pueden ser especialmente importantes en la provincia de M\u00e1laga y [&hellip;]","og_url":"https:\/\/arealorcaradio.es\/index.php\/2024\/11\/12\/desde-meteored-pronostican-que-este-episodio-de-lluvias-no-sera-muy-importante-en-la-region-de-murcia\/","og_site_name":"AREA LORCA RADIO","article_published_time":"2024-11-12T17:57:09+00:00","article_modified_time":"2024-11-12T18:12:14+00:00","og_image":[{"width":2560,"height":1707,"url":"https:\/\/arealorcaradio.es\/wp-content\/uploads\/2024\/11\/DSC00377-scaled.jpg","type":"image\/jpeg"}],"author":"Paco S\u00e1nchez","twitter_card":"summary_large_image","twitter_misc":{"Escrito por":"Paco S\u00e1nchez","Tiempo de lectura":"1 minuto"},"schema":{"@context":"https:\/\/schema.org","@graph":[{"@type":"Article","@id":"https:\/\/arealorcaradio.es\/index.php\/2024\/11\/12\/desde-meteored-pronostican-que-este-episodio-de-lluvias-no-sera-muy-importante-en-la-region-de-murcia\/#article","isPartOf":{"@id":"https:\/\/arealorcaradio.es\/index.php\/2024\/11\/12\/desde-meteored-pronostican-que-este-episodio-de-lluvias-no-sera-muy-importante-en-la-region-de-murcia\/"},"author":{"name":"Paco S\u00e1nchez","@id":"https:\/\/arealorcaradio.es\/#\/schema\/person\/9fae605fc25b0f2c83c1ab207139bd27"},"headline":"Desde Meteored pronostican que este episodio de lluvias no ser\u00e1 muy importante en la Regi\u00f3n de Murcia","datePublished":"2024-11-12T17:57:09+00:00","dateModified":"2024-11-12T18:12:14+00:00","mainEntityOfPage":{"@id":"https:\/\/arealorcaradio.es\/index.php\/2024\/11\/12\/desde-meteored-pronostican-que-este-episodio-de-lluvias-no-sera-muy-importante-en-la-region-de-murcia\/"},"wordCount":96,"commentCount":0,"image":{"@id":"https:\/\/arealorcaradio.es\/index.php\/2024\/11\/12\/desde-meteored-pronostican-que-este-episodio-de-lluvias-no-sera-muy-importante-en-la-region-de-murcia\/#primaryimage"},"thumbnailUrl":"https:\/\/arealorcaradio.es\/wp-content\/uploads\/2024\/11\/DSC00377-scaled.jpg","articleSection":["ACTUALIDAD","LORCA"],"inLanguage":"es","potentialAction":[{"@type":"CommentAction","name":"Comment","target":["https:\/\/arealorcaradio.es\/index.php\/2024\/11\/12\/desde-meteored-pronostican-que-este-episodio-de-lluvias-no-sera-muy-importante-en-la-region-de-murcia\/#respond"]}]},{"@type":"WebPage","@id":"https:\/\/arealorcaradio.es\/index.php\/2024\/11\/12\/desde-meteored-pronostican-que-este-episodio-de-lluvias-no-sera-muy-importante-en-la-region-de-murcia\/","url":"https:\/\/arealorcaradio.es\/index.php\/2024\/11\/12\/desde-meteored-pronostican-que-este-episodio-de-lluvias-no-sera-muy-importante-en-la-region-de-murcia\/","name":"Desde Meteored pronostican que este episodio de lluvias no ser\u00e1 muy importante en la Regi\u00f3n de Murcia - AREA LORCA RADIO","isPartOf":{"@id":"https:\/\/arealorcaradio.es\/#website"},"primaryImageOfPage":{"@id":"https:\/\/arealorcaradio.es\/index.php\/2024\/11\/12\/desde-meteored-pronostican-que-este-episodio-de-lluvias-no-sera-muy-importante-en-la-region-de-murcia\/#primaryimage"},"image":{"@id":"https:\/\/arealorcaradio.es\/index.php\/2024\/11\/12\/desde-meteored-pronostican-que-este-episodio-de-lluvias-no-sera-muy-importante-en-la-region-de-murcia\/#primaryimage"},"thumbnailUrl":"https:\/\/arealorcaradio.es\/wp-content\/uploads\/2024\/11\/DSC00377-scaled.jpg","datePublished":"2024-11-12T17:57:09+00:00","dateModified":"2024-11-12T18:12:14+00:00","author":{"@id":"https:\/\/arealorcaradio.es\/#\/schema\/person\/9fae605fc25b0f2c83c1ab207139bd27"},"breadcrumb":{"@id":"https:\/\/arealorcaradio.es\/index.php\/2024\/11\/12\/desde-meteored-pronostican-que-este-episodio-de-lluvias-no-sera-muy-importante-en-la-region-de-murcia\/#breadcrumb"},"inLanguage":"es","potentialAction":[{"@type":"ReadAction","target":["https:\/\/arealorcaradio.es\/index.php\/2024\/11\/12\/desde-meteored-pronostican-que-este-episodio-de-lluvias-no-sera-muy-importante-en-la-region-de-murcia\/"]}]},{"@type":"ImageObject","inLanguage":"es","@id":"https:\/\/arealorcaradio.es\/index.php\/2024\/11\/12\/desde-meteored-pronostican-que-este-episodio-de-lluvias-no-sera-muy-importante-en-la-region-de-murcia\/#primaryimage","url":"https:\/\/arealorcaradio.es\/wp-content\/uploads\/2024\/11\/DSC00377-scaled.jpg","contentUrl":"https:\/\/arealorcaradio.es\/wp-content\/uploads\/2024\/11\/DSC00377-scaled.jpg","width":2560,"height":1707},{"@type":"BreadcrumbList","@id":"https:\/\/arealorcaradio.es\/index.php\/2024\/11\/12\/desde-meteored-pronostican-que-este-episodio-de-lluvias-no-sera-muy-importante-en-la-region-de-murcia\/#breadcrumb","itemListElement":[{"@type":"ListItem","position":1,"name":"Portada","item":"https:\/\/arealorcaradio.es\/"},{"@type":"ListItem","position":2,"name":"Desde Meteored pronostican que este episodio de lluvias no ser\u00e1 muy importante en la Regi\u00f3n de Murcia"}]},{"@type":"WebSite","@id":"https:\/\/arealorcaradio.es\/#website","url":"https:\/\/arealorcaradio.es\/","name":"AREA LORCA RADIO","description":"Descubre la programaci\u00f3n actual en \u00c1rea Lorca Radio, tu fuente de entrenamiento y noticias locales. Sintoniza ahora y mantente conectado online.","potentialAction":[{"@type":"SearchAction","target":{"@type":"EntryPoint","urlTemplate":"https:\/\/arealorcaradio.es\/?s={search_term_string}"},"query-input":{"@type":"PropertyValueSpecification","valueRequired":true,"valueName":"search_term_string"}}],"inLanguage":"es"},{"@type":"Person","@id":"https:\/\/arealorcaradio.es\/#\/schema\/person\/9fae605fc25b0f2c83c1ab207139bd27","name":"Paco S\u00e1nchez","image":{"@type":"ImageObject","inLanguage":"es","@id":"https:\/\/secure.gravatar.com\/avatar\/d67144e966420fb74aa84c9f2a0103be4724fd14db52b52d3b6bca749f257e79?s=96&d=mm&r=g","url":"https:\/\/secure.gravatar.com\/avatar\/d67144e966420fb74aa84c9f2a0103be4724fd14db52b52d3b6bca749f257e79?s=96&d=mm&r=g","contentUrl":"https:\/\/secure.gravatar.com\/avatar\/d67144e966420fb74aa84c9f2a0103be4724fd14db52b52d3b6bca749f257e79?s=96&d=mm&r=g","caption":"Paco S\u00e1nchez"},"sameAs":["https:\/\/arealorcaradio.es"],"url":"https:\/\/arealorcaradio.es\/index.php\/author\/admin_alorcaradio\/"}]}},"_links":{"self":[{"href":"https:\/\/arealorcaradio.es\/index.php\/wp-json\/wp\/v2\/posts\/4638","targetHints":{"allow":["GET"]}}],"collection":[{"href":"https:\/\/arealorcaradio.es\/index.php\/wp-json\/wp\/v2\/posts"}],"about":[{"href":"https:\/\/arealorcaradio.es\/index.php\/wp-json\/wp\/v2\/types\/post"}],"author":[{"embeddable":true,"href":"https:\/\/arealorcaradio.es\/index.php\/wp-json\/wp\/v2\/users\/1"}],"replies":[{"embeddable":true,"href":"https:\/\/arealorcaradio.es\/index.php\/wp-json\/wp\/v2\/comments?post=4638"}],"version-history":[{"count":5,"href":"https:\/\/arealorcaradio.es\/index.php\/wp-json\/wp\/v2\/posts\/4638\/revisions"}],"predecessor-version":[{"id":4664,"href":"https:\/\/arealorcaradio.es\/index.php\/wp-json\/wp\/v2\/posts\/4638\/revisions\/4664"}],"wp:featuredmedia":[{"embeddable":true,"href":"https:\/\/arealorcaradio.es\/index.php\/wp-json\/wp\/v2\/media\/4640"}],"wp:attachment":[{"href":"https:\/\/arealorcaradio.es\/index.php\/wp-json\/wp\/v2\/media?parent=4638"}],"wp:term":[{"taxonomy":"category","embeddable":true,"href":"https:\/\/arealorcaradio.es\/index.php\/wp-json\/wp\/v2\/categories?post=4638"},{"taxonomy":"post_tag","embeddable":true,"href":"https:\/\/arealorcaradio.es\/index.php\/wp-json\/wp\/v2\/tags?post=4638"}],"curies":[{"name":"wp","href":"https:\/\/api.w.org\/{rel}","templated":true}]}}