{"id":4614,"date":"2024-11-07T17:44:51","date_gmt":"2024-11-07T17:44:51","guid":{"rendered":"https:\/\/arealorcaradio.es\/?p=4614"},"modified":"2024-11-07T17:44:51","modified_gmt":"2024-11-07T17:44:51","slug":"las-fiestas-de-san-clemente-dan-comienzo-con-mas-de-medio-centenar-de-actividades-dirigidas-a-todos-los-publicos-y-que-se-extenderan-durante-semanas","status":"publish","type":"post","link":"https:\/\/arealorcaradio.es\/index.php\/2024\/11\/07\/las-fiestas-de-san-clemente-dan-comienzo-con-mas-de-medio-centenar-de-actividades-dirigidas-a-todos-los-publicos-y-que-se-extenderan-durante-semanas\/","title":{"rendered":"Las Fiestas de San Clemente dan comienzo con m\u00e1s de medio centenar de actividades dirigidas a todos los p\u00fablicos y que se extender\u00e1n durante semanas"},"content":{"rendered":"<p><strong>\u00c1REA LORCA RADIO.<\/strong><\/p>\n<p>Escucha aqu\u00ed la entrevista que ha concedido el presidente de la Federaci\u00f3n San Clemente, Luis Antonio Torres del Alc\u00e1zar a Paco S\u00e1nchez en el magazine \u00c1rea Lorca Actualidad donde detalla alguna de los actos de los casi medio centenar que conforman el programa de fiestas del Patr\u00f3n de la ciudad, San Clemente.<\/p>\n<audio class=\"wp-audio-shortcode\" id=\"audio-4614-1\" preload=\"none\" style=\"width: 100%;\" controls=\"controls\"><source type=\"audio\/mpeg\" src=\"https:\/\/arealorcaradio.es\/wp-content\/uploads\/2024\/11\/071124-LUIS-TORRES-DEL-ALCAZAR.-PROGRAMA-PATRON.mp3?_=1\" \/><a href=\"https:\/\/arealorcaradio.es\/wp-content\/uploads\/2024\/11\/071124-LUIS-TORRES-DEL-ALCAZAR.-PROGRAMA-PATRON.mp3\">https:\/\/arealorcaradio.es\/wp-content\/uploads\/2024\/11\/071124-LUIS-TORRES-DEL-ALCAZAR.-PROGRAMA-PATRON.mp3<\/a><\/audio>\n<p class=\"v1MsoNormal\"><b>Lorca, 6 de noviembre de 2023<\/b>. El alcalde de Lorca, Fulgencio Gil, presentaba la programaci\u00f3n prevista desde la Federaci\u00f3n San Clemente en colaboraci\u00f3n con el Ayuntamiento de Lorca con motivo de la celebraci\u00f3n del Patr\u00f3n de la ciudad, San Clemente, y que tiene como objetivo rememorar los episodios hist\u00f3ricos m\u00e1s sobresalientes del pasado medieval lorquino en un contexto patrimonial y b\u00edblico-religioso, pero tambi\u00e9n cultural y de ocio familiar y que este a\u00f1o, adem\u00e1s, se desarrollar\u00e1n coincidiendo con el A\u00f1o Jubilar de Caravaca de la Cruz.<\/p>\n<p class=\"v1MsoNormal\">Lo ha hecho en la antigua iglesia de Santa Mar\u00eda la Mayor, sede del ciuFRONT, Museo Medieval de Lorca, en compa\u00f1\u00eda del presidente de la Federaci\u00f3n San Clemente, Luis Antonio Torres del Alc\u00e1zar; una jornada en la que, adem\u00e1s del m\u00e1s del medio centenar de actividades, se ha presentado el nuevo Pend\u00f3n con el que cuenta la Federaci\u00f3n, una exquisita pieza bordada conforme a la t\u00e9cnica de la seda tendida y canutillo de oro, bajo la maestr\u00eda de las profesionales del taller de Silvia Teruel y la direcci\u00f3n de David Torres del Alc\u00e1zar.<\/p>\n<p class=\"v1MsoNormal\"><img loading=\"lazy\" decoding=\"async\" class=\"alignnone size-medium wp-image-4616\" src=\"https:\/\/arealorcaradio.es\/wp-content\/uploads\/2024\/11\/foto8-sclemente-300x200.jpeg\" alt=\"\" width=\"300\" height=\"200\" srcset=\"https:\/\/arealorcaradio.es\/wp-content\/uploads\/2024\/11\/foto8-sclemente-300x200.jpeg 300w, https:\/\/arealorcaradio.es\/wp-content\/uploads\/2024\/11\/foto8-sclemente-1024x683.jpeg 1024w, https:\/\/arealorcaradio.es\/wp-content\/uploads\/2024\/11\/foto8-sclemente-768x512.jpeg 768w, https:\/\/arealorcaradio.es\/wp-content\/uploads\/2024\/11\/foto8-sclemente-1536x1024.jpeg 1536w, https:\/\/arealorcaradio.es\/wp-content\/uploads\/2024\/11\/foto8-sclemente.jpeg 1599w\" sizes=\"auto, (max-width: 300px) 100vw, 300px\" \/>\u00a0 <img loading=\"lazy\" decoding=\"async\" class=\"alignnone size-medium wp-image-4617\" src=\"https:\/\/arealorcaradio.es\/wp-content\/uploads\/2024\/11\/foto1-sclemente-300x200.jpeg\" alt=\"\" width=\"300\" height=\"200\" srcset=\"https:\/\/arealorcaradio.es\/wp-content\/uploads\/2024\/11\/foto1-sclemente-300x200.jpeg 300w, https:\/\/arealorcaradio.es\/wp-content\/uploads\/2024\/11\/foto1-sclemente-1024x683.jpeg 1024w, https:\/\/arealorcaradio.es\/wp-content\/uploads\/2024\/11\/foto1-sclemente-768x512.jpeg 768w, https:\/\/arealorcaradio.es\/wp-content\/uploads\/2024\/11\/foto1-sclemente-1536x1024.jpeg 1536w, https:\/\/arealorcaradio.es\/wp-content\/uploads\/2024\/11\/foto1-sclemente.jpeg 1599w\" sizes=\"auto, (max-width: 300px) 100vw, 300px\" \/><\/p>\n<p class=\"v1MsoNormal\">Fulgencio Gil ha querido resaltar durante el encuentro la idiosincrasia de estas fiestas que complementan este noviembre la Agenda Anual de Eventos de Lorca, \u00abunas celebraciones, declaradas de Inter\u00e9s Tur\u00edstico Regional en 1995 y que un a\u00f1o m\u00e1s ponen en valor la Edad Media lorquina con la puesta en marcha de decenas de actividades que durante varias semanas tomar\u00e1n las calles de la ciudad, realizando diferentes actos en los que -tanto lorquinos como visitantes- ser\u00e1n bien recibidos, con: visitas guiadas y teatralizadas, representaciones de teatro, conferencias y exposiciones, actividades deportivas y de ocio, m\u00fasica, degustaciones, tours por la ciudad, el tradicional torneo de senas, la subida con las antorchas al Castillo de Lorca con su posterior chocolatada, el mercado medieval, \u00abla refriega\u00bb, o la propia presentaci\u00f3n del cartel, que conoceremos en breve, adem\u00e1s del gran desfile de Embajadores o las entregas de Distinciones, entre otras muchas citas de gran inter\u00e9s\u00bb.<\/p>\n<p class=\"v1MsoNormal\">No puede faltar en esta programaci\u00f3n, por su puesto, el Preg\u00f3n, que con nombre propio inaugura de manera oficial las fiestas de San Clemente, y que este a\u00f1o correr\u00e1 a cargo del alcalde de Caravaca de la Cruz, Jos\u00e9 Francisco Garc\u00eda.<\/p>\n<p class=\"v1MsoNormal\">Del mismo modo, se podr\u00e1 disfrutar de la tambi\u00e9n tradicional ofrenda floral a San Clemente, la procesi\u00f3n Claustral, la liturgia del &#8216;Milagro de la Cruz&#8217; y el posterior &#8216;Ba\u00f1o de la Cruz&#8217;, en representaci\u00f3n del milagro que obr\u00f3 la Santa Cruz de Caravaca en Lorca en 1.384, un &#8216;prodigio&#8217; protagonizado por el cese de una epidemia de langosta en la comarca tras el ba\u00f1o del s\u00edmbolo cristiano, o el encendido de la Januc\u00e1, que tendr\u00e1 lugar ya a finales del mes de diciembre.<\/p>\n<p class=\"v1MsoNormal\">En definitiva, una fiesta para disfrutar en familia y con amigos, que recuerda y rememora el pasado glorioso de la ciudad, de una ciudad de frontera; tal como reza el escudo de la ciudad &#8216;Lorca de suelo grato, de castillos encumbrados, espada contra malvados, llave segura del reino.<\/p>\n<p class=\"v1MsoNormal\"><b>Una gran variedad de encuentros<\/b><\/p>\n<p class=\"v1MsoNormal\">Concretamente, las activaciones comenzaron a finales del pasado mes con el &#8216;XVII Torneo de Senas Ciudad de Frontera&#8217;, al que han seguido visitas guiadas al Santuario de la Virgen de las Huertas y el Palacio Califal. Ser\u00e1 este fin de semana cuando comience el grueso de la oferta en noviembre, con visitas teatralizadas en la Oficina de Turismo, el d\u00eda 9; o el XLVI Cross Patr\u00f3n de Lorca y la XXXVIII subida al Castillo, con salida a las 10.30h. desde la Plaza de Espa\u00f1a, el d\u00eda 10 de noviembre.<\/p>\n<p class=\"v1MsoNormal\">Entre otras, el s\u00e1bado 16, a partir de las 18:00 horas, tendr\u00e1 lugar la &#8216;Entrada Triunfal&#8217; del infante Alfonso de Castilla; y a las 19:00 h. el Preg\u00f3n, en la antigua colegiata de San Patricio y la entrega de Distinciones &#8216;Regni Clavis&#8217; y &#8216;Regni Clavis Iuvenis&#8217;. La habitual jornada de convivencia ser\u00e1 el domingo 17 de noviembre, a partir de las 12:00h. en la explanada de La Merced; y del 18 al 21 de noviembre a las 17:00 horas, cada d\u00eda, la Veneraci\u00f3n a San Clemente en San Patricio y la Santa Misa, a las 18:00 horas.<\/p>\n<p class=\"v1MsoNormal\">La jornada\u00a0 de Puertas Abiertas a Santa Mar\u00eda la Mayor ser\u00e1 el lunes 18 a las 10:00 horas (cita que repetir\u00e1 cada d\u00eda a la misma hora hasta el viernes 22); y por la tarde, a las 20:00 horas, la entrega de Distinciones a cargo de la Federaci\u00f3n San Clemente, adem\u00e1s de la conferencia &#8216;Curiosidades e interpretaciones de la Torah&#8217;, todo en la misma sede. El martes 19 se sumar\u00e1 la segunda conferencia del programa, a las 20:30 horas, sobre &#8216;La espada y su esgrima&#8217;.<\/p>\n<p class=\"v1MsoNormal\">Ser\u00e1 el mi\u00e9rcoles, 20 de noviembre, a las 20:30 horas, en San Patricio, cuando tenga lugar la ofrenda floral a San Clemente; y para toda la familia uno de los momentos m\u00e1s esperados, el d\u00eda 21 de noviembre, con el Gran Mercado Medieval, que contar\u00e1 este a\u00f1o con algunas sorpresas que har\u00e1n las delicias de los visitantes. Este mismo d\u00eda, se suceder\u00e1n la entrega de Distinciones desde el Ayuntamiento, a las 20:00 horas, en Ifelor; la liturgia del Milagro de la Cruz, a las 20:00 horas, en la iglesia de San Crist\u00f3bal; el Ba\u00f1o de la Cruz, a las 20:30 horas, en la plaza de la Estrella; y a las 21:00 horas, la subida al Castillo con las antorchas y la chocolatada posterior.<\/p>\n<p class=\"v1MsoNormal\"><b>La &#8216;refriega&#8217; ser\u00e1 el 22 de noviembre, a las 12:00 horas,\u00a0<\/b>tambi\u00e9n en la Fortaleza del Sol, sigui\u00e9ndole el Acta de Capitulaci\u00f3n y el Torneo Medieval, adem\u00e1s de la degustaci\u00f3n de arroz. Y por la tarde, llega la hora de la m\u00fasica con\u00a0un concierto, en la plaza Arco\u00edris.<\/p>\n<p class=\"v1MsoNormal\"><b>Llegado el d\u00eda 23, a las 17:00 horas, tendr\u00e1 lugar desde San Patricio la salida procesional de San Clemente para incorporarse al gran\u00a0Desfile\u00a0Parada\u00a0<\/b>en la Plaza del \u00d3valo. Y, a las 20:00 horas, en el\u00a0Ifelor, tendr\u00e1 lugar el XVIII Festival Nacional de Folclore\u00a0&#8216;Ciudad del Sol&#8217;, organizado por Coros y Danzas Virgen de las Huertas. Ya el d\u00eda 24, a las 18:00 horas, San Patricio acoger\u00e1 la misa de San Clemente y la procesi\u00f3n claustral; haciendo un par\u00f3n de las actividades hasta el domingo 29 de diciembre, con el encendido de la Januc\u00e1, una tradici\u00f3n en nuestra Ciudad que tendr\u00e1 lugar en el recinto sinagogal del Castillo.<\/p>\n<p class=\"v1MsoNormal\"><b><u>Al detalle:<\/u><\/b><b><u><\/u><\/b><\/p>\n<p class=\"v1MsoNormal\"><b>S\u00e1bado 9 noviembre<\/b><\/p>\n<p class=\"v1MsoNormal\">\u25cf <b>17.00<\/b><b>h\u00a0VISITA TEATRALIZADA MITOS Y LEYENDAS DE LORCA<\/b><\/p>\n<p class=\"v1MsoNormal\">Lugar: Oficina de Turismo de Lorca.<\/p>\n<p class=\"v1MsoNormal\">Organiza Oficina de Turismo de Lorca.<\/p>\n<p class=\"v1MsoNormal\">Imprescindible reserva previa.<\/p>\n<p class=\"v1MsoNormal\">Informaci\u00f3n y reservas en\u00a0<a href=\"http:\/\/www.lorcaturismo.es\/\" target=\"_blank\" rel=\"noopener noreferrer\">www.lorcaturismo.es<\/a><\/p>\n<p class=\"v1MsoNormal\"><b>Domingo 10 noviembre<\/b><\/p>\n<p class=\"v1MsoNormal\">\u25cf <b>10.30<\/b><b>h\u00a0XLVI CROSS PATR\u00d3N DE LORCA \u2013 XXXVIII SUBIDA AL CASTILLO<\/b><\/p>\n<p class=\"v1MsoNormal\">Lugar: Salida en Plaza de Espa\u00f1a y llegada al Castillo.<\/p>\n<p class=\"v1MsoNormal\">Organiza: Concejal\u00eda de Deportes de Lorca.<\/p>\n<p class=\"v1MsoNormal\"><b>Viernes 15 noviembre<\/b><\/p>\n<p class=\"v1MsoNormal\">\u25cf <b>20.30<\/b><b>h\u00a0OBRA DE TEATRO \u00abANILLOS PARA UNA DAMA\u00bb<\/b><\/p>\n<p class=\"v1MsoNormal\">Lugar: Santa Mar\u00eda la Mayor, sede del ciuFRONT, Museo Medieval de Lorca.<\/p>\n<p class=\"v1MsoNormal\">Adaptaci\u00f3n y representaci\u00f3n por miembros de la AJSC (Asociaci\u00f3n Juvenil San Clemente) de la de Antonio Gala.<\/p>\n<p class=\"v1MsoNormal\">Entrada libre hasta completar aforo.<\/p>\n<p class=\"v1MsoNormal\"><b>S\u00e1bado 16 noviembre<\/b><\/p>\n<p class=\"v1MsoNormal\">\u25cf <b>11.30<\/b><b>h\u00a0FREE TOUR POR LORCA<\/b><\/p>\n<p class=\"v1MsoNormal\">Lugar: Centro de Visitantes, antiguo convento de La Merced<\/p>\n<p class=\"v1MsoNormal\">Organiza Lorca Taller del Tiempo.<\/p>\n<p class=\"v1MsoNormal\">Imprescindible reserva previa.<\/p>\n<p class=\"v1MsoNormal\">Informaci\u00f3n y reservas en\u00a0<a href=\"http:\/\/www.lorcatallerdeltiempo.es\/\" target=\"_blank\" rel=\"noopener noreferrer\">www.lorcatallerdeltiempo.es<\/a><\/p>\n<p class=\"v1MsoNormal\"><b>\u00a0<\/b><\/p>\n<p class=\"v1MsoNormal\">\u25cf <b>18.00<\/b><b>h\u00a0ENTRADA TRIUNFAL DEL INFANTE ALFONSO DE CASTILLA EN LORCA<\/b><\/p>\n<p class=\"v1MsoNormal\">Lugar: Salida desde las Alamedas, recibimiento triunfal y entrega de las llaves de la ciudad en la Alameda de la Constituci\u00f3n.<\/p>\n<p class=\"v1MsoNormal\">Recorrido por las calles Presb\u00edtero Emilio Garc\u00eda, Lope Gisbert y \u00c1lamo, acabando en la Plaza de Espa\u00f1a.<\/p>\n<p class=\"v1MsoNormal\">\u25cf <b>19.00<\/b><b>h\u00a0PREG\u00d3N DE LAS FIESTAS PATRONALES DE SAN CLEMENTE Y ENTREGA DE DISTINCIONES \u00abREGNI CLAVIS\u00bb 2024 Y \u00abREGNI CLAVIS IUVENIS\u00bb 2024<\/b><\/p>\n<p class=\"v1MsoNormal\">Lugar: Antigua Colegiata de San Patricio. Entrada libre hasta completar aforo.<\/p>\n<p class=\"v1MsoNormal\">Pregonero: D. Jos\u00e9 Francisco Garc\u00eda Fern\u00e1ndez, Alcalde de Caravaca de la Cruz<\/p>\n<p class=\"v1MsoNormal\">Regni Clavis: Don Juan Francisco Mart\u00ednez Carrasco, Director del ITREM.<\/p>\n<p class=\"v1MsoNormal\">Entrada libre hasta completar aforo.<\/p>\n<p class=\"v1MsoNormal\">\u25cf <b>21.30<\/b><b>h\u00a0CENA EN HONOR AL PREGONERO<\/b><\/p>\n<p class=\"v1MsoNormal\">Lugar: Santa Mar\u00eda la Mayor, sede del ciuFRONT, Museo Medieval de Lorca.<\/p>\n<p class=\"v1MsoNormal\">Invitaciones a retirar en Santa Mar\u00eda la Mayor.<\/p>\n<p class=\"v1MsoNormal\"><b>Domingo 17 noviembre<\/b><\/p>\n<p class=\"v1MsoNormal\">\u25cf <b>DE 12.00<\/b><b>h\u00a0A 18.00h\u00a0III JORNADA DE CONVIVENCIA FEDERACI\u00d3N SAN CLEMENTE<\/b><\/p>\n<p class=\"v1MsoNormal\">Lugar: Explanada de la Muralla de la Merced.<\/p>\n<p class=\"v1MsoNormal\">Entrada libre hasta completar aforo.<\/p>\n<p class=\"v1MsoNormal\"><b>Del 18 al 21 de noviembre<\/b><\/p>\n<p class=\"v1MsoNormal\">\u25cf <b>17:00 A 18:00<\/b><b>h\u00a0VENERACI\u00d3N A SAN CLEMENTE, PATR\u00d3N DE LORCA<\/b><\/p>\n<p class=\"v1MsoNormal\">Lugar: Antigua Colegiata de San Patricio.<\/p>\n<p class=\"v1MsoNormal\">Entrada libre hasta completar aforo.<\/p>\n<p class=\"v1MsoNormal\">\u25cf <b>18:00<\/b><b>h\u00a0SANTA MISA<\/b><\/p>\n<p class=\"v1MsoNormal\">Lugar: Antigua Colegiata de San Patricio.<\/p>\n<p class=\"v1MsoNormal\">Entrada libre hasta completar aforo.<\/p>\n<p class=\"v1MsoNormal\"><b>Lunes 18 noviembre<\/b><\/p>\n<p class=\"v1MsoNormal\">\u25cf <b>10.00<\/b><b>h\u00a0A 13.30h\u00a0JORNADA DE PUERTAS ABIERTAS A SANTA MAR\u00cdA LA MAYOR<\/b><\/p>\n<p class=\"v1MsoNormal\">Lugar: Santa Mar\u00eda la Mayor, sede del ciuFRONT, Museo Medieval de Lorca.<\/p>\n<p class=\"v1MsoNormal\">Visitas con grupos contactar con la Federaci\u00f3n San Clemente.<\/p>\n<p class=\"v1MsoNormal\">Entrada libre hasta completar aforo.<\/p>\n<p class=\"v1MsoNormal\">\u25cf <b>20.00<\/b><b>h\u00a0ENTREGA DE DISTINCIONES DE LA FEDERACI\u00d3N SAN CLEMENTE<\/b><\/p>\n<p class=\"v1MsoNormal\">Lugar:\u00a0Santa Mar\u00eda la Mayor, sede del ciuFRONT, Museo Medieval de Lorca.<\/p>\n<p class=\"v1MsoNormal\">Entrega de una distinci\u00f3n a la empresa Telemag por su compromiso con las Fiestas Patronales.<\/p>\n<p class=\"v1MsoNormal\">Entrada libre hasta completar aforo.<\/p>\n<p class=\"v1MsoNormal\">\u25cf <b>20.30<\/b><b>h\u00a0CONFERENCIA CURIOSIDADES E INTERPRETACIONES DE LA TORAH<\/b><\/p>\n<p class=\"v1MsoNormal\">Lugar:\u00a0Santa Mar\u00eda la Mayor, sede del ciuFRONT, Museo Medieval de Lorca.<\/p>\n<p class=\"v1MsoNormal\">Ponente: Luis Torres del Alc\u00e1zar.<\/p>\n<p class=\"v1MsoNormal\">Entrada libre hasta completar aforo.<\/p>\n<p class=\"v1MsoNormal\"><b>Martes 19 noviembre<\/b><\/p>\n<p class=\"v1MsoNormal\">\u25cf <b>10.00<\/b><b>h\u00a0A 13.30h\u00a0JORNADA DE PUERTAS ABIERTAS A SANTA MAR\u00cdA LA MAYOR<\/b><\/p>\n<p class=\"v1MsoNormal\">Lugar: Santa Mar\u00eda la Mayor, sede del ciuFRONT, Museo Medieval de Lorca.<\/p>\n<p class=\"v1MsoNormal\">Visitas con grupos contactar con la Federaci\u00f3n San Clemente.<\/p>\n<p class=\"v1MsoNormal\">Entrada libre hasta completar aforo.<\/p>\n<p class=\"v1MsoNormal\"><b>\u00a0<\/b><\/p>\n<p class=\"v1MsoNormal\"><b>\u00a0<\/b><\/p>\n<p class=\"v1MsoNormal\">\u25cf <b>20.00<\/b><b>h\u00a0ENTREGA DE PREMIOS XVII TORNEO DE SENAS \u00abLORCA, CIUDAD DE FRONTERA\u00bb<\/b><\/p>\n<p class=\"v1MsoNormal\">Lugar: Santa Mar\u00eda la Mayor, sede del ciuFRONT, Museo Medieval de Lorca.<\/p>\n<p class=\"v1MsoNormal\">Entrada libre hasta completar aforo.<\/p>\n<p class=\"v1MsoNormal\">\u25cf <b>20.30<\/b><b>h\u00a0CONFERENCIA \u00abLA ESPADA Y SU ESGRIMA: UN ARMA SINGULAR ENTRE LA TARDOANTIG\u00dcEDAD Y LOS INICIOS DE LA EDAD MODERNA\u00bb<\/b><\/p>\n<p class=\"v1MsoNormal\">Lugar: Santa Mar\u00eda la Mayor, sede del ciuFRONT, Museo Medieval de Lorca.<\/p>\n<p class=\"v1MsoNormal\">Ponente: Alejandro Fuentes Ruiz.<\/p>\n<p class=\"v1MsoNormal\">Entrada libre hasta completar aforo.<\/p>\n<p class=\"v1MsoNormal\"><b>Mi\u00e9rcoles 20 noviembre<\/b><\/p>\n<p class=\"v1MsoNormal\">\u25cf <b>10.00<\/b><b>h\u00a0A 13.30h\u00a0JORNADA DE PUERTAS ABIERTAS A SANTA MAR\u00cdA LA MAYOR<\/b><\/p>\n<p class=\"v1MsoNormal\">Lugar: Santa Mar\u00eda la Mayor, sede del ciuFRONT, Museo Medieval de Lorca.<\/p>\n<p class=\"v1MsoNormal\">Visitas con grupos contactar con la Federaci\u00f3n San Clemente.<\/p>\n<p class=\"v1MsoNormal\">Entrada libre hasta completar aforo.<\/p>\n<p class=\"v1MsoNormal\"><b>\u00a0<\/b><\/p>\n<p class=\"v1MsoNormal\">\u25cf <b>20.30<\/b><b>h\u00a0OFRENDA FLORAL A SAN CLEMENTE, PATR\u00d3N DE LORCA<\/b><\/p>\n<p class=\"v1MsoNormal\">Lugar: Antigua Colegiata de San Patricio.<\/p>\n<p class=\"v1MsoNormal\">Entrada libre hasta completar aforo.<\/p>\n<p class=\"v1MsoNormal\"><b>Jueves 21 noviembre<\/b><\/p>\n<p class=\"v1MsoNormal\">\u25cf <b>10.00<\/b><b>h\u00a0A 13.30h\u00a0JORNADA DE PUERTAS ABIERTAS A SANTA MAR\u00cdA LA MAYOR<\/b><\/p>\n<p class=\"v1MsoNormal\">Lugar: Santa Mar\u00eda la Mayor, sede del ciuFRONT, Museo Medieval de Lorca.<\/p>\n<p class=\"v1MsoNormal\">Visitas con grupos contactar con la Federaci\u00f3n San Clemente.<\/p>\n<p class=\"v1MsoNormal\">Entrada libre hasta completar aforo.<\/p>\n<p class=\"v1MsoNormal\">\u25cf <b>18:00h a 23:00h\u00a0MERCADO MEDIEVAL<\/b><\/p>\n<p class=\"v1MsoNormal\">18:00h Inauguraci\u00f3n del Mercado Medieval.<\/p>\n<p class=\"v1MsoNormal\">Lugar: Calle \u00c1lamo, Plaza de Espa\u00f1a, calles Santiago, Juan II, Glorieta de San Vicente y calle Corredera.<\/p>\n<p class=\"v1MsoNormal\">\u25cf <b>20:00<\/b><b>h. SOLEMNE ENTREGA DE DISTINCIONES DEL EXCMO. AYUNTAMIENTO DE LORCA<\/b><\/p>\n<p class=\"v1MsoNormal\">Lugar: IFELOR<\/p>\n<p class=\"v1MsoNormal\">Organiza: Ayuntamiento de Lorca.<\/p>\n<p class=\"v1MsoNormal\">Entrada libre hasta completar aforo.<\/p>\n<p class=\"v1MsoNormal\"><b>\u00a0<\/b><\/p>\n<p class=\"v1MsoNormal\">\u25cf <b>20.00<\/b><b>h\u00a0LITURGIA DEL MILAGRO DE LA CRUZ<\/b><\/p>\n<p class=\"v1MsoNormal\">Lugar: Iglesia de San Crist\u00f3bal.<\/p>\n<p class=\"v1MsoNormal\">Entrada libre hasta completar aforo.<\/p>\n<p class=\"v1MsoNormal\">\u25cf <b>20.30<\/b><b>h\u00a0BA\u00d1O DE LA CRUZ<\/b><\/p>\n<p class=\"v1MsoNormal\">Lugar: Plaza de la Estrella, barrio de San Crist\u00f3bal.<\/p>\n<p class=\"v1MsoNormal\">Representaci\u00f3n del Milagro que obr\u00f3 la Santa Cruz de Caravaca en Lorca en 1.384, su prodigio fue el cese de la epidemia y sequ\u00eda.<\/p>\n<p class=\"v1MsoNormal\">\u25cf <b>21.00<\/b><b>h\u00a0SUBIDA DE LAS ANTORCHAS AL CASTILLO DE LORCA<\/b><\/p>\n<p class=\"v1MsoNormal\">Lugar: Salida desde la plaza de la Estrella y recorrido por el puente de La Alberca, calles Santo Domingo, Lope Gisbert, \u00c1lamo, Plaza de Espa\u00f1a, calle Santa Mar\u00eda y fin en el Castillo.<\/p>\n<p class=\"v1MsoNormal\">Recuerdo de la Leyenda de la conquista de Lorca.<\/p>\n<p class=\"v1MsoNormal\">\u25cf <b>22.00<\/b><b>h\u00a0CASTILLO. CHOCOLATE Y BIZCOCHO DE LA NOCHE DE VELA<\/b><\/p>\n<p class=\"v1MsoNormal\">Lugar: Castillo de Lorca.<\/p>\n<p class=\"v1MsoNormal\">Chocolate y bizcocho por cortes\u00eda de la Federaci\u00f3n de Organizaciones de Mujeres de Lorca, FOML<\/p>\n<p class=\"v1MsoNormal\">Entrada libre hasta completar aforo.<\/p>\n<p>&nbsp;<\/p>\n<p class=\"v1MsoNormal\"><b>Viernes 22 noviembre<\/b><\/p>\n<p class=\"v1MsoNormal\"><b>\u00a0<\/b>\u25cf <b>11.00<\/b><b>h\u00a0A 13.30h\u00a0JORNADA DE PUERTAS ABIERTAS A SANTA MAR\u00cdA LA MAYOR<\/b><\/p>\n<p class=\"v1MsoNormal\">Lugar: Santa Mar\u00eda la Mayor, sede del ciuFRONT, Museo Medieval de Lorca.<\/p>\n<p class=\"v1MsoNormal\">Visitas con grupos, contactar con la Federaci\u00f3n San Clemente.<\/p>\n<p class=\"v1MsoNormal\">Entrada libre hasta completar aforo.<\/p>\n<p class=\"v1MsoNormal\">\u25cf <b>11:00h a 23:00h\u00a0MERCADO MEDIEVAL<\/b><\/p>\n<p class=\"v1MsoNormal\">Lugar: Calle \u00c1lamo, Plaza de Espa\u00f1a, calles Santiago, Juan II, Glorieta de San Vicente y calle Corredera.<\/p>\n<p class=\"v1MsoNormal\">\u25cf <b>12.00<\/b><b>h\u00a0REFRIEGA<\/b><\/p>\n<p class=\"v1MsoNormal\">Lugar: Castillo de Lorca, delante de la Torre del Espol\u00f3n.<\/p>\n<p class=\"v1MsoNormal\">Evoca la lucha y leyenda de la conquista de Lorca, los grupos de la Federaci\u00f3n San Clemente escenifican la toma del Castillo por las huestes cristianas sobre las k\u00e1bilas musulmanas.<\/p>\n<p class=\"v1MsoNormal\">Entrada libre hasta completar aforo.<\/p>\n<p class=\"v1MsoNormal\">\u25cf <b>12.30<\/b><b>h\u00a0ACTA DE CAPITULACI\u00d3N<\/b><\/p>\n<p class=\"v1MsoNormal\">Lugar: Castillo de Lorca, patio de armas<\/p>\n<p class=\"v1MsoNormal\">Los legajos de la Historia atestiguan que Lorca se rindi\u00f3 a las huestes del Infante Don Alfonso de Castilla en 1244. Las condiciones de aquella rendici\u00f3n se representan ante propios y extra\u00f1os.<\/p>\n<p class=\"v1MsoNormal\">Representaci\u00f3n a cargo de la C\u00eda. Teatro Guerra, textos de Joaqu\u00edn Matheos Ruiz.<\/p>\n<p class=\"v1MsoNormal\">Entrada libre hasta completar aforo.<\/p>\n<p class=\"v1MsoNormal\">\u25cf <b>13.00<\/b><b>h\u00a0TORNEO MEDIEVAL<\/b><\/p>\n<p class=\"v1MsoNormal\">Lugar: Castillo de Lorca, patio de armas.<\/p>\n<p class=\"v1MsoNormal\">Caballeros medievales luchar\u00e1n con valor y gallard\u00eda por el reconocimiento en la destreza de las armas utilizadas en \u00e9poca medieval.<\/p>\n<p class=\"v1MsoNormal\">Entrada libre hasta completar aforo.<\/p>\n<p class=\"v1MsoNormal\">\u25cf <b>14:00<\/b><b>h\u00a0DEGUSTACI\u00d3N DE ARROZ<\/b><\/p>\n<p class=\"v1MsoNormal\">Lugar: Castillo de Lorca, patio de armas.<\/p>\n<p class=\"v1MsoNormal\">Patrocinado por Cadena Azul Radio. Donativo a beneficio de Cruz Roja.<\/p>\n<p class=\"v1MsoNormal\">\u25cf <b>22.00<\/b><b>h\u00a0CONCIERTO<\/b><\/p>\n<p class=\"v1MsoNormal\">Lugar: Plaza Arcoiris.<\/p>\n<p class=\"v1MsoNormal\">Entrada gratuita hasta completar aforo.<\/p>\n<p class=\"v1MsoNormal\"><b>S\u00e1bado 23 noviembre<\/b><\/p>\n<p class=\"v1MsoNormal\">\u25cf <b>11:00h a 23:00h\u00a0MERCADO MEDIEVAL<\/b><\/p>\n<p class=\"v1MsoNormal\">Lugar: Calle \u00c1lamo, Plaza de Espa\u00f1a, calles Santiago, Juan II, Glorieta de San Vicente y calle Corredera.<\/p>\n<p class=\"v1MsoNormal\"><b>De 11.00h a 14.00h<\/b>\u00a0demostraci\u00f3n a cargo de la asociaci\u00f3n de esgrima SAAXM en la Plaza de Espa\u00f1a.<\/p>\n<p class=\"v1MsoNormal\">\u25cf <b>11.00<\/b><b>h\u00a0A 13.30h\u00a0JORNADA DE PUERTAS ABIERTAS A SANTA MAR\u00cdA LA MAYOR<\/b><\/p>\n<p class=\"v1MsoNormal\">Lugar: Santa Mar\u00eda la Mayor, sede del ciuFRONT, Museo Medieval de Lorca.<\/p>\n<p class=\"v1MsoNormal\">Visitas con grupos contactar con la Federaci\u00f3n San Clemente.<\/p>\n<p class=\"v1MsoNormal\">Entrada libre hasta completar aforo.<\/p>\n<p class=\"v1MsoNormal\">\u25cf <b>17.00<\/b><b>h\u00a0SALIDA DEL PATR\u00d3N SAN CLEMENTE<\/b><\/p>\n<p class=\"v1MsoNormal\">Lugar: Salida por la portada principal de la antigua Colegiata de San Patricio y recorrido por el Mercado Medieval, por Calles \u00c1lamo, Lope Gibert y Pr\u00edncipe Alfonso hasta su incorporaci\u00f3n al desfile en la Plaza del \u00d3valo.<\/p>\n<p class=\"v1MsoNormal\">\u25cf <b>18.00<\/b><b>h\u00a0GRAN DESFILE PARADA DE LA HISTORIA MEDIEVAL DE LORCA, A\u00d1OS 713 AL 1488<\/b><\/p>\n<p class=\"v1MsoNormal\">Lugar: Recorrido por la avenida Juan Carlos I desde el \u00d3valo hacia el Huerto Ruano (calle Floridablanca)<\/p>\n<p class=\"v1MsoNormal\">Sillas gratuitas hasta completar aforo.<\/p>\n<p class=\"v1MsoNormal\">Baile de la Jota lorquina en honor al Santo Patr\u00f3n, \u00abViva Lorca que es mi Pueblo y San Clemente es su Patr\u00f3n\u00bb al paso del Patr\u00f3n. Colabora Coros y Danzas Virgen de las Huertas.<\/p>\n<p class=\"v1MsoNormal\">\u25cf <b>20.00<\/b><b>h. XVIII FESTIVAL NACIONAL DE FOLCLORE \u00abCIUDAD DEL SOL\u00bb<\/b><\/p>\n<p class=\"v1MsoNormal\">Lugar: IFELOR<\/p>\n<p class=\"v1MsoNormal\">Organiza: Coros y Danzas Virgen de las Huertas de Lorca.<\/p>\n<p class=\"v1MsoNormal\">Entrada libre hasta completar aforo.<\/p>\n<p class=\"v1MsoNormal\">\u25cf <b>20.00<\/b><b>h\u00a0RECOGIDA PROCESIONAL DEL SAN CLEMENTE, PATR\u00d3N DE LORCA<\/b><\/p>\n<p class=\"v1MsoNormal\">Lugar: Recorrido por las calles Floridablanca, Lope Gisbert, \u00c1lamo y Plaza de Espa\u00f1a con recogida en la antigua Colegiata de San Patricio, entrada por la portada principal.<\/p>\n<p class=\"v1MsoNormal\">Actuaci\u00f3n de la cuadrilla de Auroros de Lorca en la Plaza de Espa\u00f1a. Colabora Hermandad de Auroros de Lorca.<\/p>\n<p class=\"v1MsoNormal\"><b>Domingo 24 noviembre<\/b><\/p>\n<p class=\"v1MsoNormal\">\u25cf <b>11:00h a 23:00h\u00a0MERCADO MEDIEVAL<\/b><\/p>\n<p class=\"v1MsoNormal\">Lugar: Calle \u00c1lamo, Plaza de Espa\u00f1a, calles Santiago, Juan II, Glorieta de San Vicente y calle Corredera.<\/p>\n<p class=\"v1MsoNormal\">\u25cf <b>11.00<\/b><b>h\u00a0A 13.30h\u00a0JORNADA DE PUERTAS ABIERTAS A SANTA MAR\u00cdA LA MAYOR<\/b><\/p>\n<p class=\"v1MsoNormal\">Lugar: Santa Mar\u00eda la Mayor, sede del ciuFRONT, Museo Medieval de Lorca.<\/p>\n<p class=\"v1MsoNormal\">Visitas con grupos contactar con la Federaci\u00f3n San Clemente.<\/p>\n<p class=\"v1MsoNormal\">Entrada libre hasta completar aforo.<\/p>\n<p class=\"v1MsoNormal\">\u25cf <b>18.00<\/b><b>h\u00a0MISA DE SAN CLEMENTE, PATR\u00d3N DE LORCA<\/b><\/p>\n<p class=\"v1MsoNormal\">Lugar: Antigua Colegiata de San Patricio.<\/p>\n<p class=\"v1MsoNormal\">Coral Santa Cecilia.<\/p>\n<p class=\"v1MsoNormal\">Entrada libre hasta completar aforo.<\/p>\n<p class=\"v1MsoNormal\">\u25cf <b>19.00<\/b><b>h\u00a0PROCESI\u00d3N CLAUSTRAL DE SAN CLEMENTE, PATR\u00d3N DE LORCA<\/b><\/p>\n<p class=\"v1MsoNormal\">Lugar: Antigua Colegiata de San Patricio.<\/p>\n<p class=\"v1MsoNormal\">Entrada libre hasta completar aforo.<\/p>\n<p class=\"v1MsoNormal\"><b>\u00a0<\/b><b>Domingo 29 diciembre<\/b><\/p>\n<p class=\"v1MsoNormal\">\u25cf <b>18.00<\/b><b>h\u00a0ENCENDIDO DE LA JANUC\u00c1<\/b><\/p>\n<p class=\"v1MsoNormal\">Lugar: Recinto sinagogal del Castillo de Lorca.<\/p>\n<p class=\"v1MsoNormal\">Entrada libre hasta completar aforo.<\/p>\n<p class=\"v1MsoNormal\"><b>\u00a0<\/b><\/p>\n","protected":false},"excerpt":{"rendered":"<p>\u00c1REA LORCA RADIO. Escucha aqu\u00ed la entrevista que ha concedido el presidente de la Federaci\u00f3n San Clemente, Luis Antonio Torres del Alc\u00e1zar a Paco S\u00e1nchez en el magazine \u00c1rea Lorca Actualidad donde detalla alguna de los actos de los casi medio centenar que conforman el programa de fiestas del Patr\u00f3n de la ciudad, San Clemente. [&hellip;]<\/p>\n","protected":false},"author":1,"featured_media":4618,"comment_status":"open","ping_status":"open","sticky":false,"template":"","format":"standard","meta":{"iawp_total_views":13,"footnotes":""},"categories":[5,7],"tags":[],"class_list":["post-4614","post","type-post","status-publish","format-standard","has-post-thumbnail","hentry","category-actualidad","category-lorca"],"yoast_head":"<!-- This site is optimized with the Yoast SEO plugin v27.5 - https:\/\/yoast.com\/product\/yoast-seo-wordpress\/ -->\n<title>Las Fiestas de San Clemente dan comienzo con m\u00e1s de medio centenar de actividades dirigidas a todos los p\u00fablicos y que se extender\u00e1n durante semanas - AREA LORCA RADIO<\/title>\n<meta name=\"robots\" content=\"index, follow, max-snippet:-1, max-image-preview:large, max-video-preview:-1\" \/>\n<link rel=\"canonical\" href=\"https:\/\/arealorcaradio.es\/index.php\/2024\/11\/07\/las-fiestas-de-san-clemente-dan-comienzo-con-mas-de-medio-centenar-de-actividades-dirigidas-a-todos-los-publicos-y-que-se-extenderan-durante-semanas\/\" \/>\n<meta property=\"og:locale\" content=\"es_ES\" \/>\n<meta property=\"og:type\" content=\"article\" \/>\n<meta property=\"og:title\" content=\"Las Fiestas de San Clemente dan comienzo con m\u00e1s de medio centenar de actividades dirigidas a todos los p\u00fablicos y que se extender\u00e1n durante semanas - AREA LORCA RADIO\" \/>\n<meta property=\"og:description\" content=\"\u00c1REA LORCA RADIO. Escucha aqu\u00ed la entrevista que ha concedido el presidente de la Federaci\u00f3n San Clemente, Luis Antonio Torres del Alc\u00e1zar a Paco S\u00e1nchez en el magazine \u00c1rea Lorca Actualidad donde detalla alguna de los actos de los casi medio centenar que conforman el programa de fiestas del Patr\u00f3n de la ciudad, San Clemente. [&hellip;]\" \/>\n<meta property=\"og:url\" content=\"https:\/\/arealorcaradio.es\/index.php\/2024\/11\/07\/las-fiestas-de-san-clemente-dan-comienzo-con-mas-de-medio-centenar-de-actividades-dirigidas-a-todos-los-publicos-y-que-se-extenderan-durante-semanas\/\" \/>\n<meta property=\"og:site_name\" content=\"AREA LORCA RADIO\" \/>\n<meta property=\"article:published_time\" content=\"2024-11-07T17:44:51+00:00\" \/>\n<meta property=\"og:image\" content=\"https:\/\/arealorcaradio.es\/wp-content\/uploads\/2024\/11\/Luis-Torres-del-Alcazar-15-scaled.jpg\" \/>\n\t<meta property=\"og:image:width\" content=\"2560\" \/>\n\t<meta property=\"og:image:height\" content=\"1920\" \/>\n\t<meta property=\"og:image:type\" content=\"image\/jpeg\" \/>\n<meta name=\"author\" content=\"Paco S\u00e1nchez\" \/>\n<meta name=\"twitter:card\" content=\"summary_large_image\" \/>\n<meta name=\"twitter:label1\" content=\"Escrito por\" \/>\n\t<meta name=\"twitter:data1\" content=\"Paco S\u00e1nchez\" \/>\n\t<meta name=\"twitter:label2\" content=\"Tiempo de lectura\" \/>\n\t<meta name=\"twitter:data2\" content=\"13 minutos\" \/>\n<script type=\"application\/ld+json\" class=\"yoast-schema-graph\">{\"@context\":\"https:\\\/\\\/schema.org\",\"@graph\":[{\"@type\":\"Article\",\"@id\":\"https:\\\/\\\/arealorcaradio.es\\\/index.php\\\/2024\\\/11\\\/07\\\/las-fiestas-de-san-clemente-dan-comienzo-con-mas-de-medio-centenar-de-actividades-dirigidas-a-todos-los-publicos-y-que-se-extenderan-durante-semanas\\\/#article\",\"isPartOf\":{\"@id\":\"https:\\\/\\\/arealorcaradio.es\\\/index.php\\\/2024\\\/11\\\/07\\\/las-fiestas-de-san-clemente-dan-comienzo-con-mas-de-medio-centenar-de-actividades-dirigidas-a-todos-los-publicos-y-que-se-extenderan-durante-semanas\\\/\"},\"author\":{\"name\":\"Paco S\u00e1nchez\",\"@id\":\"https:\\\/\\\/arealorcaradio.es\\\/#\\\/schema\\\/person\\\/9fae605fc25b0f2c83c1ab207139bd27\"},\"headline\":\"Las Fiestas de San Clemente dan comienzo con m\u00e1s de medio centenar de actividades dirigidas a todos los p\u00fablicos y que se extender\u00e1n durante semanas\",\"datePublished\":\"2024-11-07T17:44:51+00:00\",\"mainEntityOfPage\":{\"@id\":\"https:\\\/\\\/arealorcaradio.es\\\/index.php\\\/2024\\\/11\\\/07\\\/las-fiestas-de-san-clemente-dan-comienzo-con-mas-de-medio-centenar-de-actividades-dirigidas-a-todos-los-publicos-y-que-se-extenderan-durante-semanas\\\/\"},\"wordCount\":2770,\"commentCount\":0,\"image\":{\"@id\":\"https:\\\/\\\/arealorcaradio.es\\\/index.php\\\/2024\\\/11\\\/07\\\/las-fiestas-de-san-clemente-dan-comienzo-con-mas-de-medio-centenar-de-actividades-dirigidas-a-todos-los-publicos-y-que-se-extenderan-durante-semanas\\\/#primaryimage\"},\"thumbnailUrl\":\"https:\\\/\\\/arealorcaradio.es\\\/wp-content\\\/uploads\\\/2024\\\/11\\\/Luis-Torres-del-Alcazar-15-scaled.jpg\",\"articleSection\":[\"ACTUALIDAD\",\"LORCA\"],\"inLanguage\":\"es\",\"potentialAction\":[{\"@type\":\"CommentAction\",\"name\":\"Comment\",\"target\":[\"https:\\\/\\\/arealorcaradio.es\\\/index.php\\\/2024\\\/11\\\/07\\\/las-fiestas-de-san-clemente-dan-comienzo-con-mas-de-medio-centenar-de-actividades-dirigidas-a-todos-los-publicos-y-que-se-extenderan-durante-semanas\\\/#respond\"]}]},{\"@type\":\"WebPage\",\"@id\":\"https:\\\/\\\/arealorcaradio.es\\\/index.php\\\/2024\\\/11\\\/07\\\/las-fiestas-de-san-clemente-dan-comienzo-con-mas-de-medio-centenar-de-actividades-dirigidas-a-todos-los-publicos-y-que-se-extenderan-durante-semanas\\\/\",\"url\":\"https:\\\/\\\/arealorcaradio.es\\\/index.php\\\/2024\\\/11\\\/07\\\/las-fiestas-de-san-clemente-dan-comienzo-con-mas-de-medio-centenar-de-actividades-dirigidas-a-todos-los-publicos-y-que-se-extenderan-durante-semanas\\\/\",\"name\":\"Las Fiestas de San Clemente dan comienzo con m\u00e1s de medio centenar de actividades dirigidas a todos los p\u00fablicos y que se extender\u00e1n durante semanas - AREA LORCA RADIO\",\"isPartOf\":{\"@id\":\"https:\\\/\\\/arealorcaradio.es\\\/#website\"},\"primaryImageOfPage\":{\"@id\":\"https:\\\/\\\/arealorcaradio.es\\\/index.php\\\/2024\\\/11\\\/07\\\/las-fiestas-de-san-clemente-dan-comienzo-con-mas-de-medio-centenar-de-actividades-dirigidas-a-todos-los-publicos-y-que-se-extenderan-durante-semanas\\\/#primaryimage\"},\"image\":{\"@id\":\"https:\\\/\\\/arealorcaradio.es\\\/index.php\\\/2024\\\/11\\\/07\\\/las-fiestas-de-san-clemente-dan-comienzo-con-mas-de-medio-centenar-de-actividades-dirigidas-a-todos-los-publicos-y-que-se-extenderan-durante-semanas\\\/#primaryimage\"},\"thumbnailUrl\":\"https:\\\/\\\/arealorcaradio.es\\\/wp-content\\\/uploads\\\/2024\\\/11\\\/Luis-Torres-del-Alcazar-15-scaled.jpg\",\"datePublished\":\"2024-11-07T17:44:51+00:00\",\"author\":{\"@id\":\"https:\\\/\\\/arealorcaradio.es\\\/#\\\/schema\\\/person\\\/9fae605fc25b0f2c83c1ab207139bd27\"},\"breadcrumb\":{\"@id\":\"https:\\\/\\\/arealorcaradio.es\\\/index.php\\\/2024\\\/11\\\/07\\\/las-fiestas-de-san-clemente-dan-comienzo-con-mas-de-medio-centenar-de-actividades-dirigidas-a-todos-los-publicos-y-que-se-extenderan-durante-semanas\\\/#breadcrumb\"},\"inLanguage\":\"es\",\"potentialAction\":[{\"@type\":\"ReadAction\",\"target\":[\"https:\\\/\\\/arealorcaradio.es\\\/index.php\\\/2024\\\/11\\\/07\\\/las-fiestas-de-san-clemente-dan-comienzo-con-mas-de-medio-centenar-de-actividades-dirigidas-a-todos-los-publicos-y-que-se-extenderan-durante-semanas\\\/\"]}]},{\"@type\":\"ImageObject\",\"inLanguage\":\"es\",\"@id\":\"https:\\\/\\\/arealorcaradio.es\\\/index.php\\\/2024\\\/11\\\/07\\\/las-fiestas-de-san-clemente-dan-comienzo-con-mas-de-medio-centenar-de-actividades-dirigidas-a-todos-los-publicos-y-que-se-extenderan-durante-semanas\\\/#primaryimage\",\"url\":\"https:\\\/\\\/arealorcaradio.es\\\/wp-content\\\/uploads\\\/2024\\\/11\\\/Luis-Torres-del-Alcazar-15-scaled.jpg\",\"contentUrl\":\"https:\\\/\\\/arealorcaradio.es\\\/wp-content\\\/uploads\\\/2024\\\/11\\\/Luis-Torres-del-Alcazar-15-scaled.jpg\",\"width\":2560,\"height\":1920},{\"@type\":\"BreadcrumbList\",\"@id\":\"https:\\\/\\\/arealorcaradio.es\\\/index.php\\\/2024\\\/11\\\/07\\\/las-fiestas-de-san-clemente-dan-comienzo-con-mas-de-medio-centenar-de-actividades-dirigidas-a-todos-los-publicos-y-que-se-extenderan-durante-semanas\\\/#breadcrumb\",\"itemListElement\":[{\"@type\":\"ListItem\",\"position\":1,\"name\":\"Portada\",\"item\":\"https:\\\/\\\/arealorcaradio.es\\\/\"},{\"@type\":\"ListItem\",\"position\":2,\"name\":\"Las Fiestas de San Clemente dan comienzo con m\u00e1s de medio centenar de actividades dirigidas a todos los p\u00fablicos y que se extender\u00e1n durante semanas\"}]},{\"@type\":\"WebSite\",\"@id\":\"https:\\\/\\\/arealorcaradio.es\\\/#website\",\"url\":\"https:\\\/\\\/arealorcaradio.es\\\/\",\"name\":\"AREA LORCA RADIO\",\"description\":\"Descubre la programaci\u00f3n actual en \u00c1rea Lorca Radio, tu fuente de entrenamiento y noticias locales. Sintoniza ahora y mantente conectado online.\",\"potentialAction\":[{\"@type\":\"SearchAction\",\"target\":{\"@type\":\"EntryPoint\",\"urlTemplate\":\"https:\\\/\\\/arealorcaradio.es\\\/?s={search_term_string}\"},\"query-input\":{\"@type\":\"PropertyValueSpecification\",\"valueRequired\":true,\"valueName\":\"search_term_string\"}}],\"inLanguage\":\"es\"},{\"@type\":\"Person\",\"@id\":\"https:\\\/\\\/arealorcaradio.es\\\/#\\\/schema\\\/person\\\/9fae605fc25b0f2c83c1ab207139bd27\",\"name\":\"Paco S\u00e1nchez\",\"image\":{\"@type\":\"ImageObject\",\"inLanguage\":\"es\",\"@id\":\"https:\\\/\\\/secure.gravatar.com\\\/avatar\\\/d67144e966420fb74aa84c9f2a0103be4724fd14db52b52d3b6bca749f257e79?s=96&d=mm&r=g\",\"url\":\"https:\\\/\\\/secure.gravatar.com\\\/avatar\\\/d67144e966420fb74aa84c9f2a0103be4724fd14db52b52d3b6bca749f257e79?s=96&d=mm&r=g\",\"contentUrl\":\"https:\\\/\\\/secure.gravatar.com\\\/avatar\\\/d67144e966420fb74aa84c9f2a0103be4724fd14db52b52d3b6bca749f257e79?s=96&d=mm&r=g\",\"caption\":\"Paco S\u00e1nchez\"},\"sameAs\":[\"https:\\\/\\\/arealorcaradio.es\"],\"url\":\"https:\\\/\\\/arealorcaradio.es\\\/index.php\\\/author\\\/admin_alorcaradio\\\/\"}]}<\/script>\n<!-- \/ Yoast SEO plugin. -->","yoast_head_json":{"title":"Las Fiestas de San Clemente dan comienzo con m\u00e1s de medio centenar de actividades dirigidas a todos los p\u00fablicos y que se extender\u00e1n durante semanas - AREA LORCA RADIO","robots":{"index":"index","follow":"follow","max-snippet":"max-snippet:-1","max-image-preview":"max-image-preview:large","max-video-preview":"max-video-preview:-1"},"canonical":"https:\/\/arealorcaradio.es\/index.php\/2024\/11\/07\/las-fiestas-de-san-clemente-dan-comienzo-con-mas-de-medio-centenar-de-actividades-dirigidas-a-todos-los-publicos-y-que-se-extenderan-durante-semanas\/","og_locale":"es_ES","og_type":"article","og_title":"Las Fiestas de San Clemente dan comienzo con m\u00e1s de medio centenar de actividades dirigidas a todos los p\u00fablicos y que se extender\u00e1n durante semanas - AREA LORCA RADIO","og_description":"\u00c1REA LORCA RADIO. Escucha aqu\u00ed la entrevista que ha concedido el presidente de la Federaci\u00f3n San Clemente, Luis Antonio Torres del Alc\u00e1zar a Paco S\u00e1nchez en el magazine \u00c1rea Lorca Actualidad donde detalla alguna de los actos de los casi medio centenar que conforman el programa de fiestas del Patr\u00f3n de la ciudad, San Clemente. [&hellip;]","og_url":"https:\/\/arealorcaradio.es\/index.php\/2024\/11\/07\/las-fiestas-de-san-clemente-dan-comienzo-con-mas-de-medio-centenar-de-actividades-dirigidas-a-todos-los-publicos-y-que-se-extenderan-durante-semanas\/","og_site_name":"AREA LORCA RADIO","article_published_time":"2024-11-07T17:44:51+00:00","og_image":[{"width":2560,"height":1920,"url":"https:\/\/arealorcaradio.es\/wp-content\/uploads\/2024\/11\/Luis-Torres-del-Alcazar-15-scaled.jpg","type":"image\/jpeg"}],"author":"Paco S\u00e1nchez","twitter_card":"summary_large_image","twitter_misc":{"Escrito por":"Paco S\u00e1nchez","Tiempo de lectura":"13 minutos"},"schema":{"@context":"https:\/\/schema.org","@graph":[{"@type":"Article","@id":"https:\/\/arealorcaradio.es\/index.php\/2024\/11\/07\/las-fiestas-de-san-clemente-dan-comienzo-con-mas-de-medio-centenar-de-actividades-dirigidas-a-todos-los-publicos-y-que-se-extenderan-durante-semanas\/#article","isPartOf":{"@id":"https:\/\/arealorcaradio.es\/index.php\/2024\/11\/07\/las-fiestas-de-san-clemente-dan-comienzo-con-mas-de-medio-centenar-de-actividades-dirigidas-a-todos-los-publicos-y-que-se-extenderan-durante-semanas\/"},"author":{"name":"Paco S\u00e1nchez","@id":"https:\/\/arealorcaradio.es\/#\/schema\/person\/9fae605fc25b0f2c83c1ab207139bd27"},"headline":"Las Fiestas de San Clemente dan comienzo con m\u00e1s de medio centenar de actividades dirigidas a todos los p\u00fablicos y que se extender\u00e1n durante semanas","datePublished":"2024-11-07T17:44:51+00:00","mainEntityOfPage":{"@id":"https:\/\/arealorcaradio.es\/index.php\/2024\/11\/07\/las-fiestas-de-san-clemente-dan-comienzo-con-mas-de-medio-centenar-de-actividades-dirigidas-a-todos-los-publicos-y-que-se-extenderan-durante-semanas\/"},"wordCount":2770,"commentCount":0,"image":{"@id":"https:\/\/arealorcaradio.es\/index.php\/2024\/11\/07\/las-fiestas-de-san-clemente-dan-comienzo-con-mas-de-medio-centenar-de-actividades-dirigidas-a-todos-los-publicos-y-que-se-extenderan-durante-semanas\/#primaryimage"},"thumbnailUrl":"https:\/\/arealorcaradio.es\/wp-content\/uploads\/2024\/11\/Luis-Torres-del-Alcazar-15-scaled.jpg","articleSection":["ACTUALIDAD","LORCA"],"inLanguage":"es","potentialAction":[{"@type":"CommentAction","name":"Comment","target":["https:\/\/arealorcaradio.es\/index.php\/2024\/11\/07\/las-fiestas-de-san-clemente-dan-comienzo-con-mas-de-medio-centenar-de-actividades-dirigidas-a-todos-los-publicos-y-que-se-extenderan-durante-semanas\/#respond"]}]},{"@type":"WebPage","@id":"https:\/\/arealorcaradio.es\/index.php\/2024\/11\/07\/las-fiestas-de-san-clemente-dan-comienzo-con-mas-de-medio-centenar-de-actividades-dirigidas-a-todos-los-publicos-y-que-se-extenderan-durante-semanas\/","url":"https:\/\/arealorcaradio.es\/index.php\/2024\/11\/07\/las-fiestas-de-san-clemente-dan-comienzo-con-mas-de-medio-centenar-de-actividades-dirigidas-a-todos-los-publicos-y-que-se-extenderan-durante-semanas\/","name":"Las Fiestas de San Clemente dan comienzo con m\u00e1s de medio centenar de actividades dirigidas a todos los p\u00fablicos y que se extender\u00e1n durante semanas - AREA LORCA RADIO","isPartOf":{"@id":"https:\/\/arealorcaradio.es\/#website"},"primaryImageOfPage":{"@id":"https:\/\/arealorcaradio.es\/index.php\/2024\/11\/07\/las-fiestas-de-san-clemente-dan-comienzo-con-mas-de-medio-centenar-de-actividades-dirigidas-a-todos-los-publicos-y-que-se-extenderan-durante-semanas\/#primaryimage"},"image":{"@id":"https:\/\/arealorcaradio.es\/index.php\/2024\/11\/07\/las-fiestas-de-san-clemente-dan-comienzo-con-mas-de-medio-centenar-de-actividades-dirigidas-a-todos-los-publicos-y-que-se-extenderan-durante-semanas\/#primaryimage"},"thumbnailUrl":"https:\/\/arealorcaradio.es\/wp-content\/uploads\/2024\/11\/Luis-Torres-del-Alcazar-15-scaled.jpg","datePublished":"2024-11-07T17:44:51+00:00","author":{"@id":"https:\/\/arealorcaradio.es\/#\/schema\/person\/9fae605fc25b0f2c83c1ab207139bd27"},"breadcrumb":{"@id":"https:\/\/arealorcaradio.es\/index.php\/2024\/11\/07\/las-fiestas-de-san-clemente-dan-comienzo-con-mas-de-medio-centenar-de-actividades-dirigidas-a-todos-los-publicos-y-que-se-extenderan-durante-semanas\/#breadcrumb"},"inLanguage":"es","potentialAction":[{"@type":"ReadAction","target":["https:\/\/arealorcaradio.es\/index.php\/2024\/11\/07\/las-fiestas-de-san-clemente-dan-comienzo-con-mas-de-medio-centenar-de-actividades-dirigidas-a-todos-los-publicos-y-que-se-extenderan-durante-semanas\/"]}]},{"@type":"ImageObject","inLanguage":"es","@id":"https:\/\/arealorcaradio.es\/index.php\/2024\/11\/07\/las-fiestas-de-san-clemente-dan-comienzo-con-mas-de-medio-centenar-de-actividades-dirigidas-a-todos-los-publicos-y-que-se-extenderan-durante-semanas\/#primaryimage","url":"https:\/\/arealorcaradio.es\/wp-content\/uploads\/2024\/11\/Luis-Torres-del-Alcazar-15-scaled.jpg","contentUrl":"https:\/\/arealorcaradio.es\/wp-content\/uploads\/2024\/11\/Luis-Torres-del-Alcazar-15-scaled.jpg","width":2560,"height":1920},{"@type":"BreadcrumbList","@id":"https:\/\/arealorcaradio.es\/index.php\/2024\/11\/07\/las-fiestas-de-san-clemente-dan-comienzo-con-mas-de-medio-centenar-de-actividades-dirigidas-a-todos-los-publicos-y-que-se-extenderan-durante-semanas\/#breadcrumb","itemListElement":[{"@type":"ListItem","position":1,"name":"Portada","item":"https:\/\/arealorcaradio.es\/"},{"@type":"ListItem","position":2,"name":"Las Fiestas de San Clemente dan comienzo con m\u00e1s de medio centenar de actividades dirigidas a todos los p\u00fablicos y que se extender\u00e1n durante semanas"}]},{"@type":"WebSite","@id":"https:\/\/arealorcaradio.es\/#website","url":"https:\/\/arealorcaradio.es\/","name":"AREA LORCA RADIO","description":"Descubre la programaci\u00f3n actual en \u00c1rea Lorca Radio, tu fuente de entrenamiento y noticias locales. Sintoniza ahora y mantente conectado online.","potentialAction":[{"@type":"SearchAction","target":{"@type":"EntryPoint","urlTemplate":"https:\/\/arealorcaradio.es\/?s={search_term_string}"},"query-input":{"@type":"PropertyValueSpecification","valueRequired":true,"valueName":"search_term_string"}}],"inLanguage":"es"},{"@type":"Person","@id":"https:\/\/arealorcaradio.es\/#\/schema\/person\/9fae605fc25b0f2c83c1ab207139bd27","name":"Paco S\u00e1nchez","image":{"@type":"ImageObject","inLanguage":"es","@id":"https:\/\/secure.gravatar.com\/avatar\/d67144e966420fb74aa84c9f2a0103be4724fd14db52b52d3b6bca749f257e79?s=96&d=mm&r=g","url":"https:\/\/secure.gravatar.com\/avatar\/d67144e966420fb74aa84c9f2a0103be4724fd14db52b52d3b6bca749f257e79?s=96&d=mm&r=g","contentUrl":"https:\/\/secure.gravatar.com\/avatar\/d67144e966420fb74aa84c9f2a0103be4724fd14db52b52d3b6bca749f257e79?s=96&d=mm&r=g","caption":"Paco S\u00e1nchez"},"sameAs":["https:\/\/arealorcaradio.es"],"url":"https:\/\/arealorcaradio.es\/index.php\/author\/admin_alorcaradio\/"}]}},"_links":{"self":[{"href":"https:\/\/arealorcaradio.es\/index.php\/wp-json\/wp\/v2\/posts\/4614","targetHints":{"allow":["GET"]}}],"collection":[{"href":"https:\/\/arealorcaradio.es\/index.php\/wp-json\/wp\/v2\/posts"}],"about":[{"href":"https:\/\/arealorcaradio.es\/index.php\/wp-json\/wp\/v2\/types\/post"}],"author":[{"embeddable":true,"href":"https:\/\/arealorcaradio.es\/index.php\/wp-json\/wp\/v2\/users\/1"}],"replies":[{"embeddable":true,"href":"https:\/\/arealorcaradio.es\/index.php\/wp-json\/wp\/v2\/comments?post=4614"}],"version-history":[{"count":2,"href":"https:\/\/arealorcaradio.es\/index.php\/wp-json\/wp\/v2\/posts\/4614\/revisions"}],"predecessor-version":[{"id":4620,"href":"https:\/\/arealorcaradio.es\/index.php\/wp-json\/wp\/v2\/posts\/4614\/revisions\/4620"}],"wp:featuredmedia":[{"embeddable":true,"href":"https:\/\/arealorcaradio.es\/index.php\/wp-json\/wp\/v2\/media\/4618"}],"wp:attachment":[{"href":"https:\/\/arealorcaradio.es\/index.php\/wp-json\/wp\/v2\/media?parent=4614"}],"wp:term":[{"taxonomy":"category","embeddable":true,"href":"https:\/\/arealorcaradio.es\/index.php\/wp-json\/wp\/v2\/categories?post=4614"},{"taxonomy":"post_tag","embeddable":true,"href":"https:\/\/arealorcaradio.es\/index.php\/wp-json\/wp\/v2\/tags?post=4614"}],"curies":[{"name":"wp","href":"https:\/\/api.w.org\/{rel}","templated":true}]}}