{"id":4596,"date":"2024-11-06T18:07:23","date_gmt":"2024-11-06T18:07:23","guid":{"rendered":"https:\/\/arealorcaradio.es\/?p=4596"},"modified":"2024-11-06T18:16:09","modified_gmt":"2024-11-06T18:16:09","slug":"el-actual-record-de-espana-de-media-maraton-carlos-mayo-habla-en-area-lorca-radio-de-su-carrera-deportiva","status":"publish","type":"post","link":"https:\/\/arealorcaradio.es\/index.php\/2024\/11\/06\/el-actual-record-de-espana-de-media-maraton-carlos-mayo-habla-en-area-lorca-radio-de-su-carrera-deportiva\/","title":{"rendered":"El actual r\u00e9cord de Espa\u00f1a de Media Marat\u00f3n Carlos Mayo habla en \u00c1rea Lorca Radio de su carrera deportiva"},"content":{"rendered":"<p><strong>\u00c1REA LORCA RADIO.<\/strong><\/p>\n<p>Escucha aqu\u00ed la entrevista que ha concedido el atleta Carlos Mayo Nieto a Paco S\u00e1nchez y Mario Molina en el programa \u00c1rea Lorca Deportes. En ella habla de su carrera deportiva que viene marcada por el actual r\u00e9cord nacional en la distancia de Media Marat\u00f3n.<\/p>\n<audio class=\"wp-audio-shortcode\" id=\"audio-4596-1\" preload=\"none\" style=\"width: 100%;\" controls=\"controls\"><source type=\"audio\/mpeg\" src=\"https:\/\/arealorcaradio.es\/wp-content\/uploads\/2024\/11\/061124-MARIO-MOLINA-Y-CARLOS-MAYO-OK.mp3?_=1\" \/><a href=\"https:\/\/arealorcaradio.es\/wp-content\/uploads\/2024\/11\/061124-MARIO-MOLINA-Y-CARLOS-MAYO-OK.mp3\">https:\/\/arealorcaradio.es\/wp-content\/uploads\/2024\/11\/061124-MARIO-MOLINA-Y-CARLOS-MAYO-OK.mp3<\/a><\/audio>\n<p>De la carrera deportiva de Carlos Mayo Nieto destacan la <strong>medalla de bronce en 5000 metros en el Campeonato de Europa Sub23 2015 en Tallin (Estonia)<\/strong>, el <strong>bronce en 5000 y oro en 10000 metros en el Campeonato de Europa Sub23 2017 en Bydgoszcz (Polonia)<\/strong>, <strong>oro en 5000 metros el Campeonato Iberoamericano celebrado en 2022 en La Nuc\u00eda (Espa\u00f1a)<\/strong>. Por equipos Carlos Mayo ha conseguido el <strong>bronce con Espa\u00f1a en 3000 metros en Lille (Francia) en 2017 y bronce en 2021 en Chorz\u00f3w (Polonia) en 2021<\/strong>.<\/p>\n<p>En la Media Marat\u00f3n de Valencia en 2023 consigui\u00f3 la mejor marca nacional de esta distancia parando el cron\u00f3metro en 59:39 en l\u00ednea de meta despu\u00e9s de 22 a\u00f1os del anterior registro.<\/p>\n<p><img loading=\"lazy\" decoding=\"async\" class=\"alignnone size-medium wp-image-4602\" src=\"https:\/\/arealorcaradio.es\/wp-content\/uploads\/2024\/11\/Carlos-Mayo-Atleta-3-240x300.jpeg\" alt=\"\" width=\"240\" height=\"300\" srcset=\"https:\/\/arealorcaradio.es\/wp-content\/uploads\/2024\/11\/Carlos-Mayo-Atleta-3-240x300.jpeg 240w, https:\/\/arealorcaradio.es\/wp-content\/uploads\/2024\/11\/Carlos-Mayo-Atleta-3-819x1024.jpeg 819w, https:\/\/arealorcaradio.es\/wp-content\/uploads\/2024\/11\/Carlos-Mayo-Atleta-3-768x960.jpeg 768w, https:\/\/arealorcaradio.es\/wp-content\/uploads\/2024\/11\/Carlos-Mayo-Atleta-3-1229x1536.jpeg 1229w, https:\/\/arealorcaradio.es\/wp-content\/uploads\/2024\/11\/Carlos-Mayo-Atleta-3.jpeg 1280w\" sizes=\"auto, (max-width: 240px) 100vw, 240px\" \/> \u00a0<img loading=\"lazy\" decoding=\"async\" class=\"alignnone size-medium wp-image-4598\" src=\"https:\/\/arealorcaradio.es\/wp-content\/uploads\/2024\/11\/Carlos-Mayo.-Atleta-300x200.jpeg\" alt=\"\" width=\"300\" height=\"200\" srcset=\"https:\/\/arealorcaradio.es\/wp-content\/uploads\/2024\/11\/Carlos-Mayo.-Atleta-300x200.jpeg 300w, https:\/\/arealorcaradio.es\/wp-content\/uploads\/2024\/11\/Carlos-Mayo.-Atleta.jpeg 612w\" sizes=\"auto, (max-width: 300px) 100vw, 300px\" \/> <img loading=\"lazy\" decoding=\"async\" class=\"alignnone size-medium wp-image-4603\" src=\"https:\/\/arealorcaradio.es\/wp-content\/uploads\/2024\/11\/Carlos-Mayo-Atleta-2-200x300.jpeg\" alt=\"\" width=\"200\" height=\"300\" srcset=\"https:\/\/arealorcaradio.es\/wp-content\/uploads\/2024\/11\/Carlos-Mayo-Atleta-2-200x300.jpeg 200w, https:\/\/arealorcaradio.es\/wp-content\/uploads\/2024\/11\/Carlos-Mayo-Atleta-2-683x1024.jpeg 683w, https:\/\/arealorcaradio.es\/wp-content\/uploads\/2024\/11\/Carlos-Mayo-Atleta-2-768x1152.jpeg 768w, https:\/\/arealorcaradio.es\/wp-content\/uploads\/2024\/11\/Carlos-Mayo-Atleta-2.jpeg 800w\" sizes=\"auto, (max-width: 200px) 100vw, 200px\" \/> \u00a0<img loading=\"lazy\" decoding=\"async\" class=\"alignnone size-medium wp-image-4612\" src=\"https:\/\/arealorcaradio.es\/wp-content\/uploads\/2024\/11\/20241105_163138-300x225.jpg\" alt=\"\" width=\"300\" height=\"225\" srcset=\"https:\/\/arealorcaradio.es\/wp-content\/uploads\/2024\/11\/20241105_163138-300x225.jpg 300w, https:\/\/arealorcaradio.es\/wp-content\/uploads\/2024\/11\/20241105_163138-1024x768.jpg 1024w, https:\/\/arealorcaradio.es\/wp-content\/uploads\/2024\/11\/20241105_163138-768x576.jpg 768w, https:\/\/arealorcaradio.es\/wp-content\/uploads\/2024\/11\/20241105_163138-1536x1152.jpg 1536w, https:\/\/arealorcaradio.es\/wp-content\/uploads\/2024\/11\/20241105_163138-2048x1536.jpg 2048w, https:\/\/arealorcaradio.es\/wp-content\/uploads\/2024\/11\/20241105_163138-86x64.jpg 86w\" sizes=\"auto, (max-width: 300px) 100vw, 300px\" \/><\/p>\n","protected":false},"excerpt":{"rendered":"<p>\u00c1REA LORCA RADIO. Escucha aqu\u00ed la entrevista que ha concedido el atleta Carlos Mayo Nieto a Paco S\u00e1nchez y Mario Molina en el programa \u00c1rea Lorca Deportes. En ella habla de su carrera deportiva que viene marcada por el actual r\u00e9cord nacional en la distancia de Media Marat\u00f3n. De la carrera deportiva de Carlos Mayo [&hellip;]<\/p>\n","protected":false},"author":1,"featured_media":4600,"comment_status":"open","ping_status":"open","sticky":false,"template":"","format":"standard","meta":{"iawp_total_views":155,"footnotes":""},"categories":[4,7],"tags":[],"class_list":["post-4596","post","type-post","status-publish","format-standard","has-post-thumbnail","hentry","category-deportes","category-lorca"],"yoast_head":"<!-- This site is optimized with the Yoast SEO plugin v27.5 - https:\/\/yoast.com\/product\/yoast-seo-wordpress\/ -->\n<title>El actual r\u00e9cord de Espa\u00f1a de Media Marat\u00f3n Carlos Mayo habla en \u00c1rea Lorca Radio de su carrera deportiva - AREA LORCA RADIO<\/title>\n<meta name=\"robots\" content=\"index, follow, max-snippet:-1, max-image-preview:large, max-video-preview:-1\" \/>\n<link rel=\"canonical\" href=\"https:\/\/arealorcaradio.es\/index.php\/2024\/11\/06\/el-actual-record-de-espana-de-media-maraton-carlos-mayo-habla-en-area-lorca-radio-de-su-carrera-deportiva\/\" \/>\n<meta property=\"og:locale\" content=\"es_ES\" \/>\n<meta property=\"og:type\" content=\"article\" \/>\n<meta property=\"og:title\" content=\"El actual r\u00e9cord de Espa\u00f1a de Media Marat\u00f3n Carlos Mayo habla en \u00c1rea Lorca Radio de su carrera deportiva - AREA LORCA RADIO\" \/>\n<meta property=\"og:description\" content=\"\u00c1REA LORCA RADIO. Escucha aqu\u00ed la entrevista que ha concedido el atleta Carlos Mayo Nieto a Paco S\u00e1nchez y Mario Molina en el programa \u00c1rea Lorca Deportes. En ella habla de su carrera deportiva que viene marcada por el actual r\u00e9cord nacional en la distancia de Media Marat\u00f3n. De la carrera deportiva de Carlos Mayo [&hellip;]\" \/>\n<meta property=\"og:url\" content=\"https:\/\/arealorcaradio.es\/index.php\/2024\/11\/06\/el-actual-record-de-espana-de-media-maraton-carlos-mayo-habla-en-area-lorca-radio-de-su-carrera-deportiva\/\" \/>\n<meta property=\"og:site_name\" content=\"AREA LORCA RADIO\" \/>\n<meta property=\"article:published_time\" content=\"2024-11-06T18:07:23+00:00\" \/>\n<meta property=\"article:modified_time\" content=\"2024-11-06T18:16:09+00:00\" \/>\n<meta property=\"og:image\" content=\"https:\/\/arealorcaradio.es\/wp-content\/uploads\/2024\/11\/Carlos-Mayo.-Record-Media-Maraton.jpeg\" \/>\n\t<meta property=\"og:image:width\" content=\"1600\" \/>\n\t<meta property=\"og:image:height\" content=\"1068\" \/>\n\t<meta property=\"og:image:type\" content=\"image\/jpeg\" \/>\n<meta name=\"author\" content=\"Paco S\u00e1nchez\" \/>\n<meta name=\"twitter:card\" content=\"summary_large_image\" \/>\n<meta name=\"twitter:label1\" content=\"Escrito por\" \/>\n\t<meta name=\"twitter:data1\" content=\"Paco S\u00e1nchez\" \/>\n\t<meta name=\"twitter:label2\" content=\"Tiempo de lectura\" \/>\n\t<meta name=\"twitter:data2\" content=\"2 minutos\" \/>\n<script type=\"application\/ld+json\" class=\"yoast-schema-graph\">{\"@context\":\"https:\\\/\\\/schema.org\",\"@graph\":[{\"@type\":\"Article\",\"@id\":\"https:\\\/\\\/arealorcaradio.es\\\/index.php\\\/2024\\\/11\\\/06\\\/el-actual-record-de-espana-de-media-maraton-carlos-mayo-habla-en-area-lorca-radio-de-su-carrera-deportiva\\\/#article\",\"isPartOf\":{\"@id\":\"https:\\\/\\\/arealorcaradio.es\\\/index.php\\\/2024\\\/11\\\/06\\\/el-actual-record-de-espana-de-media-maraton-carlos-mayo-habla-en-area-lorca-radio-de-su-carrera-deportiva\\\/\"},\"author\":{\"name\":\"Paco S\u00e1nchez\",\"@id\":\"https:\\\/\\\/arealorcaradio.es\\\/#\\\/schema\\\/person\\\/9fae605fc25b0f2c83c1ab207139bd27\"},\"headline\":\"El actual r\u00e9cord de Espa\u00f1a de Media Marat\u00f3n Carlos Mayo habla en \u00c1rea Lorca Radio de su carrera deportiva\",\"datePublished\":\"2024-11-06T18:07:23+00:00\",\"dateModified\":\"2024-11-06T18:16:09+00:00\",\"mainEntityOfPage\":{\"@id\":\"https:\\\/\\\/arealorcaradio.es\\\/index.php\\\/2024\\\/11\\\/06\\\/el-actual-record-de-espana-de-media-maraton-carlos-mayo-habla-en-area-lorca-radio-de-su-carrera-deportiva\\\/\"},\"wordCount\":196,\"commentCount\":0,\"image\":{\"@id\":\"https:\\\/\\\/arealorcaradio.es\\\/index.php\\\/2024\\\/11\\\/06\\\/el-actual-record-de-espana-de-media-maraton-carlos-mayo-habla-en-area-lorca-radio-de-su-carrera-deportiva\\\/#primaryimage\"},\"thumbnailUrl\":\"https:\\\/\\\/arealorcaradio.es\\\/wp-content\\\/uploads\\\/2024\\\/11\\\/Carlos-Mayo.-Record-Media-Maraton.jpeg\",\"articleSection\":[\"DEPORTES\",\"LORCA\"],\"inLanguage\":\"es\",\"potentialAction\":[{\"@type\":\"CommentAction\",\"name\":\"Comment\",\"target\":[\"https:\\\/\\\/arealorcaradio.es\\\/index.php\\\/2024\\\/11\\\/06\\\/el-actual-record-de-espana-de-media-maraton-carlos-mayo-habla-en-area-lorca-radio-de-su-carrera-deportiva\\\/#respond\"]}]},{\"@type\":\"WebPage\",\"@id\":\"https:\\\/\\\/arealorcaradio.es\\\/index.php\\\/2024\\\/11\\\/06\\\/el-actual-record-de-espana-de-media-maraton-carlos-mayo-habla-en-area-lorca-radio-de-su-carrera-deportiva\\\/\",\"url\":\"https:\\\/\\\/arealorcaradio.es\\\/index.php\\\/2024\\\/11\\\/06\\\/el-actual-record-de-espana-de-media-maraton-carlos-mayo-habla-en-area-lorca-radio-de-su-carrera-deportiva\\\/\",\"name\":\"El actual r\u00e9cord de Espa\u00f1a de Media Marat\u00f3n Carlos Mayo habla en \u00c1rea Lorca Radio de su carrera deportiva - AREA LORCA RADIO\",\"isPartOf\":{\"@id\":\"https:\\\/\\\/arealorcaradio.es\\\/#website\"},\"primaryImageOfPage\":{\"@id\":\"https:\\\/\\\/arealorcaradio.es\\\/index.php\\\/2024\\\/11\\\/06\\\/el-actual-record-de-espana-de-media-maraton-carlos-mayo-habla-en-area-lorca-radio-de-su-carrera-deportiva\\\/#primaryimage\"},\"image\":{\"@id\":\"https:\\\/\\\/arealorcaradio.es\\\/index.php\\\/2024\\\/11\\\/06\\\/el-actual-record-de-espana-de-media-maraton-carlos-mayo-habla-en-area-lorca-radio-de-su-carrera-deportiva\\\/#primaryimage\"},\"thumbnailUrl\":\"https:\\\/\\\/arealorcaradio.es\\\/wp-content\\\/uploads\\\/2024\\\/11\\\/Carlos-Mayo.-Record-Media-Maraton.jpeg\",\"datePublished\":\"2024-11-06T18:07:23+00:00\",\"dateModified\":\"2024-11-06T18:16:09+00:00\",\"author\":{\"@id\":\"https:\\\/\\\/arealorcaradio.es\\\/#\\\/schema\\\/person\\\/9fae605fc25b0f2c83c1ab207139bd27\"},\"breadcrumb\":{\"@id\":\"https:\\\/\\\/arealorcaradio.es\\\/index.php\\\/2024\\\/11\\\/06\\\/el-actual-record-de-espana-de-media-maraton-carlos-mayo-habla-en-area-lorca-radio-de-su-carrera-deportiva\\\/#breadcrumb\"},\"inLanguage\":\"es\",\"potentialAction\":[{\"@type\":\"ReadAction\",\"target\":[\"https:\\\/\\\/arealorcaradio.es\\\/index.php\\\/2024\\\/11\\\/06\\\/el-actual-record-de-espana-de-media-maraton-carlos-mayo-habla-en-area-lorca-radio-de-su-carrera-deportiva\\\/\"]}]},{\"@type\":\"ImageObject\",\"inLanguage\":\"es\",\"@id\":\"https:\\\/\\\/arealorcaradio.es\\\/index.php\\\/2024\\\/11\\\/06\\\/el-actual-record-de-espana-de-media-maraton-carlos-mayo-habla-en-area-lorca-radio-de-su-carrera-deportiva\\\/#primaryimage\",\"url\":\"https:\\\/\\\/arealorcaradio.es\\\/wp-content\\\/uploads\\\/2024\\\/11\\\/Carlos-Mayo.-Record-Media-Maraton.jpeg\",\"contentUrl\":\"https:\\\/\\\/arealorcaradio.es\\\/wp-content\\\/uploads\\\/2024\\\/11\\\/Carlos-Mayo.-Record-Media-Maraton.jpeg\",\"width\":1600,\"height\":1068},{\"@type\":\"BreadcrumbList\",\"@id\":\"https:\\\/\\\/arealorcaradio.es\\\/index.php\\\/2024\\\/11\\\/06\\\/el-actual-record-de-espana-de-media-maraton-carlos-mayo-habla-en-area-lorca-radio-de-su-carrera-deportiva\\\/#breadcrumb\",\"itemListElement\":[{\"@type\":\"ListItem\",\"position\":1,\"name\":\"Portada\",\"item\":\"https:\\\/\\\/arealorcaradio.es\\\/\"},{\"@type\":\"ListItem\",\"position\":2,\"name\":\"El actual r\u00e9cord de Espa\u00f1a de Media Marat\u00f3n Carlos Mayo habla en \u00c1rea Lorca Radio de su carrera deportiva\"}]},{\"@type\":\"WebSite\",\"@id\":\"https:\\\/\\\/arealorcaradio.es\\\/#website\",\"url\":\"https:\\\/\\\/arealorcaradio.es\\\/\",\"name\":\"AREA LORCA RADIO\",\"description\":\"Descubre la programaci\u00f3n actual en \u00c1rea Lorca Radio, tu fuente de entrenamiento y noticias locales. Sintoniza ahora y mantente conectado online.\",\"potentialAction\":[{\"@type\":\"SearchAction\",\"target\":{\"@type\":\"EntryPoint\",\"urlTemplate\":\"https:\\\/\\\/arealorcaradio.es\\\/?s={search_term_string}\"},\"query-input\":{\"@type\":\"PropertyValueSpecification\",\"valueRequired\":true,\"valueName\":\"search_term_string\"}}],\"inLanguage\":\"es\"},{\"@type\":\"Person\",\"@id\":\"https:\\\/\\\/arealorcaradio.es\\\/#\\\/schema\\\/person\\\/9fae605fc25b0f2c83c1ab207139bd27\",\"name\":\"Paco S\u00e1nchez\",\"image\":{\"@type\":\"ImageObject\",\"inLanguage\":\"es\",\"@id\":\"https:\\\/\\\/secure.gravatar.com\\\/avatar\\\/d67144e966420fb74aa84c9f2a0103be4724fd14db52b52d3b6bca749f257e79?s=96&d=mm&r=g\",\"url\":\"https:\\\/\\\/secure.gravatar.com\\\/avatar\\\/d67144e966420fb74aa84c9f2a0103be4724fd14db52b52d3b6bca749f257e79?s=96&d=mm&r=g\",\"contentUrl\":\"https:\\\/\\\/secure.gravatar.com\\\/avatar\\\/d67144e966420fb74aa84c9f2a0103be4724fd14db52b52d3b6bca749f257e79?s=96&d=mm&r=g\",\"caption\":\"Paco S\u00e1nchez\"},\"sameAs\":[\"https:\\\/\\\/arealorcaradio.es\"],\"url\":\"https:\\\/\\\/arealorcaradio.es\\\/index.php\\\/author\\\/admin_alorcaradio\\\/\"}]}<\/script>\n<!-- \/ Yoast SEO plugin. -->","yoast_head_json":{"title":"El actual r\u00e9cord de Espa\u00f1a de Media Marat\u00f3n Carlos Mayo habla en \u00c1rea Lorca Radio de su carrera deportiva - AREA LORCA RADIO","robots":{"index":"index","follow":"follow","max-snippet":"max-snippet:-1","max-image-preview":"max-image-preview:large","max-video-preview":"max-video-preview:-1"},"canonical":"https:\/\/arealorcaradio.es\/index.php\/2024\/11\/06\/el-actual-record-de-espana-de-media-maraton-carlos-mayo-habla-en-area-lorca-radio-de-su-carrera-deportiva\/","og_locale":"es_ES","og_type":"article","og_title":"El actual r\u00e9cord de Espa\u00f1a de Media Marat\u00f3n Carlos Mayo habla en \u00c1rea Lorca Radio de su carrera deportiva - AREA LORCA RADIO","og_description":"\u00c1REA LORCA RADIO. Escucha aqu\u00ed la entrevista que ha concedido el atleta Carlos Mayo Nieto a Paco S\u00e1nchez y Mario Molina en el programa \u00c1rea Lorca Deportes. En ella habla de su carrera deportiva que viene marcada por el actual r\u00e9cord nacional en la distancia de Media Marat\u00f3n. De la carrera deportiva de Carlos Mayo [&hellip;]","og_url":"https:\/\/arealorcaradio.es\/index.php\/2024\/11\/06\/el-actual-record-de-espana-de-media-maraton-carlos-mayo-habla-en-area-lorca-radio-de-su-carrera-deportiva\/","og_site_name":"AREA LORCA RADIO","article_published_time":"2024-11-06T18:07:23+00:00","article_modified_time":"2024-11-06T18:16:09+00:00","og_image":[{"width":1600,"height":1068,"url":"https:\/\/arealorcaradio.es\/wp-content\/uploads\/2024\/11\/Carlos-Mayo.-Record-Media-Maraton.jpeg","type":"image\/jpeg"}],"author":"Paco S\u00e1nchez","twitter_card":"summary_large_image","twitter_misc":{"Escrito por":"Paco S\u00e1nchez","Tiempo de lectura":"2 minutos"},"schema":{"@context":"https:\/\/schema.org","@graph":[{"@type":"Article","@id":"https:\/\/arealorcaradio.es\/index.php\/2024\/11\/06\/el-actual-record-de-espana-de-media-maraton-carlos-mayo-habla-en-area-lorca-radio-de-su-carrera-deportiva\/#article","isPartOf":{"@id":"https:\/\/arealorcaradio.es\/index.php\/2024\/11\/06\/el-actual-record-de-espana-de-media-maraton-carlos-mayo-habla-en-area-lorca-radio-de-su-carrera-deportiva\/"},"author":{"name":"Paco S\u00e1nchez","@id":"https:\/\/arealorcaradio.es\/#\/schema\/person\/9fae605fc25b0f2c83c1ab207139bd27"},"headline":"El actual r\u00e9cord de Espa\u00f1a de Media Marat\u00f3n Carlos Mayo habla en \u00c1rea Lorca Radio de su carrera deportiva","datePublished":"2024-11-06T18:07:23+00:00","dateModified":"2024-11-06T18:16:09+00:00","mainEntityOfPage":{"@id":"https:\/\/arealorcaradio.es\/index.php\/2024\/11\/06\/el-actual-record-de-espana-de-media-maraton-carlos-mayo-habla-en-area-lorca-radio-de-su-carrera-deportiva\/"},"wordCount":196,"commentCount":0,"image":{"@id":"https:\/\/arealorcaradio.es\/index.php\/2024\/11\/06\/el-actual-record-de-espana-de-media-maraton-carlos-mayo-habla-en-area-lorca-radio-de-su-carrera-deportiva\/#primaryimage"},"thumbnailUrl":"https:\/\/arealorcaradio.es\/wp-content\/uploads\/2024\/11\/Carlos-Mayo.-Record-Media-Maraton.jpeg","articleSection":["DEPORTES","LORCA"],"inLanguage":"es","potentialAction":[{"@type":"CommentAction","name":"Comment","target":["https:\/\/arealorcaradio.es\/index.php\/2024\/11\/06\/el-actual-record-de-espana-de-media-maraton-carlos-mayo-habla-en-area-lorca-radio-de-su-carrera-deportiva\/#respond"]}]},{"@type":"WebPage","@id":"https:\/\/arealorcaradio.es\/index.php\/2024\/11\/06\/el-actual-record-de-espana-de-media-maraton-carlos-mayo-habla-en-area-lorca-radio-de-su-carrera-deportiva\/","url":"https:\/\/arealorcaradio.es\/index.php\/2024\/11\/06\/el-actual-record-de-espana-de-media-maraton-carlos-mayo-habla-en-area-lorca-radio-de-su-carrera-deportiva\/","name":"El actual r\u00e9cord de Espa\u00f1a de Media Marat\u00f3n Carlos Mayo habla en \u00c1rea Lorca Radio de su carrera deportiva - AREA LORCA RADIO","isPartOf":{"@id":"https:\/\/arealorcaradio.es\/#website"},"primaryImageOfPage":{"@id":"https:\/\/arealorcaradio.es\/index.php\/2024\/11\/06\/el-actual-record-de-espana-de-media-maraton-carlos-mayo-habla-en-area-lorca-radio-de-su-carrera-deportiva\/#primaryimage"},"image":{"@id":"https:\/\/arealorcaradio.es\/index.php\/2024\/11\/06\/el-actual-record-de-espana-de-media-maraton-carlos-mayo-habla-en-area-lorca-radio-de-su-carrera-deportiva\/#primaryimage"},"thumbnailUrl":"https:\/\/arealorcaradio.es\/wp-content\/uploads\/2024\/11\/Carlos-Mayo.-Record-Media-Maraton.jpeg","datePublished":"2024-11-06T18:07:23+00:00","dateModified":"2024-11-06T18:16:09+00:00","author":{"@id":"https:\/\/arealorcaradio.es\/#\/schema\/person\/9fae605fc25b0f2c83c1ab207139bd27"},"breadcrumb":{"@id":"https:\/\/arealorcaradio.es\/index.php\/2024\/11\/06\/el-actual-record-de-espana-de-media-maraton-carlos-mayo-habla-en-area-lorca-radio-de-su-carrera-deportiva\/#breadcrumb"},"inLanguage":"es","potentialAction":[{"@type":"ReadAction","target":["https:\/\/arealorcaradio.es\/index.php\/2024\/11\/06\/el-actual-record-de-espana-de-media-maraton-carlos-mayo-habla-en-area-lorca-radio-de-su-carrera-deportiva\/"]}]},{"@type":"ImageObject","inLanguage":"es","@id":"https:\/\/arealorcaradio.es\/index.php\/2024\/11\/06\/el-actual-record-de-espana-de-media-maraton-carlos-mayo-habla-en-area-lorca-radio-de-su-carrera-deportiva\/#primaryimage","url":"https:\/\/arealorcaradio.es\/wp-content\/uploads\/2024\/11\/Carlos-Mayo.-Record-Media-Maraton.jpeg","contentUrl":"https:\/\/arealorcaradio.es\/wp-content\/uploads\/2024\/11\/Carlos-Mayo.-Record-Media-Maraton.jpeg","width":1600,"height":1068},{"@type":"BreadcrumbList","@id":"https:\/\/arealorcaradio.es\/index.php\/2024\/11\/06\/el-actual-record-de-espana-de-media-maraton-carlos-mayo-habla-en-area-lorca-radio-de-su-carrera-deportiva\/#breadcrumb","itemListElement":[{"@type":"ListItem","position":1,"name":"Portada","item":"https:\/\/arealorcaradio.es\/"},{"@type":"ListItem","position":2,"name":"El actual r\u00e9cord de Espa\u00f1a de Media Marat\u00f3n Carlos Mayo habla en \u00c1rea Lorca Radio de su carrera deportiva"}]},{"@type":"WebSite","@id":"https:\/\/arealorcaradio.es\/#website","url":"https:\/\/arealorcaradio.es\/","name":"AREA LORCA RADIO","description":"Descubre la programaci\u00f3n actual en \u00c1rea Lorca Radio, tu fuente de entrenamiento y noticias locales. Sintoniza ahora y mantente conectado online.","potentialAction":[{"@type":"SearchAction","target":{"@type":"EntryPoint","urlTemplate":"https:\/\/arealorcaradio.es\/?s={search_term_string}"},"query-input":{"@type":"PropertyValueSpecification","valueRequired":true,"valueName":"search_term_string"}}],"inLanguage":"es"},{"@type":"Person","@id":"https:\/\/arealorcaradio.es\/#\/schema\/person\/9fae605fc25b0f2c83c1ab207139bd27","name":"Paco S\u00e1nchez","image":{"@type":"ImageObject","inLanguage":"es","@id":"https:\/\/secure.gravatar.com\/avatar\/d67144e966420fb74aa84c9f2a0103be4724fd14db52b52d3b6bca749f257e79?s=96&d=mm&r=g","url":"https:\/\/secure.gravatar.com\/avatar\/d67144e966420fb74aa84c9f2a0103be4724fd14db52b52d3b6bca749f257e79?s=96&d=mm&r=g","contentUrl":"https:\/\/secure.gravatar.com\/avatar\/d67144e966420fb74aa84c9f2a0103be4724fd14db52b52d3b6bca749f257e79?s=96&d=mm&r=g","caption":"Paco S\u00e1nchez"},"sameAs":["https:\/\/arealorcaradio.es"],"url":"https:\/\/arealorcaradio.es\/index.php\/author\/admin_alorcaradio\/"}]}},"_links":{"self":[{"href":"https:\/\/arealorcaradio.es\/index.php\/wp-json\/wp\/v2\/posts\/4596","targetHints":{"allow":["GET"]}}],"collection":[{"href":"https:\/\/arealorcaradio.es\/index.php\/wp-json\/wp\/v2\/posts"}],"about":[{"href":"https:\/\/arealorcaradio.es\/index.php\/wp-json\/wp\/v2\/types\/post"}],"author":[{"embeddable":true,"href":"https:\/\/arealorcaradio.es\/index.php\/wp-json\/wp\/v2\/users\/1"}],"replies":[{"embeddable":true,"href":"https:\/\/arealorcaradio.es\/index.php\/wp-json\/wp\/v2\/comments?post=4596"}],"version-history":[{"count":4,"href":"https:\/\/arealorcaradio.es\/index.php\/wp-json\/wp\/v2\/posts\/4596\/revisions"}],"predecessor-version":[{"id":4613,"href":"https:\/\/arealorcaradio.es\/index.php\/wp-json\/wp\/v2\/posts\/4596\/revisions\/4613"}],"wp:featuredmedia":[{"embeddable":true,"href":"https:\/\/arealorcaradio.es\/index.php\/wp-json\/wp\/v2\/media\/4600"}],"wp:attachment":[{"href":"https:\/\/arealorcaradio.es\/index.php\/wp-json\/wp\/v2\/media?parent=4596"}],"wp:term":[{"taxonomy":"category","embeddable":true,"href":"https:\/\/arealorcaradio.es\/index.php\/wp-json\/wp\/v2\/categories?post=4596"},{"taxonomy":"post_tag","embeddable":true,"href":"https:\/\/arealorcaradio.es\/index.php\/wp-json\/wp\/v2\/tags?post=4596"}],"curies":[{"name":"wp","href":"https:\/\/api.w.org\/{rel}","templated":true}]}}