{"id":4578,"date":"2024-11-05T18:01:15","date_gmt":"2024-11-05T18:01:15","guid":{"rendered":"https:\/\/arealorcaradio.es\/?p=4578"},"modified":"2024-11-05T18:01:15","modified_gmt":"2024-11-05T18:01:15","slug":"hostelor-acaba-con-exito-las-jornadas-del-pimenton-murciano-con-la-entrega-de-premios","status":"publish","type":"post","link":"https:\/\/arealorcaradio.es\/index.php\/2024\/11\/05\/hostelor-acaba-con-exito-las-jornadas-del-pimenton-murciano-con-la-entrega-de-premios\/","title":{"rendered":"Hostelor acaba con \u00e9xito las Jornadas del Piment\u00f3n Murciano con la entrega de premios"},"content":{"rendered":"<p>\u00c1REA LORCA RADIO.<\/p>\n<p>Escucha aqu\u00ed la intervenci\u00f3n del presidente de Hostelor, Jes\u00fas Abellaneda en el magazine \u00c1rea Lorca Actualidad. Habla de estas Jornadas del Piment\u00f3n Murciano, de las pr\u00f3ximas del Chato Murciano y de hosteler\u00eda en general.<\/p>\n<audio class=\"wp-audio-shortcode\" id=\"audio-4578-1\" preload=\"none\" style=\"width: 100%;\" controls=\"controls\"><source type=\"audio\/mpeg\" src=\"https:\/\/arealorcaradio.es\/wp-content\/uploads\/2024\/11\/051124-JESUS-ABELLANEDA.-HOSTELOR-PIMENTON.mp3?_=1\" \/><a href=\"https:\/\/arealorcaradio.es\/wp-content\/uploads\/2024\/11\/051124-JESUS-ABELLANEDA.-HOSTELOR-PIMENTON.mp3\">https:\/\/arealorcaradio.es\/wp-content\/uploads\/2024\/11\/051124-JESUS-ABELLANEDA.-HOSTELOR-PIMENTON.mp3<\/a><\/audio>\n<p><img loading=\"lazy\" decoding=\"async\" class=\"alignnone size-medium wp-image-4580\" src=\"https:\/\/arealorcaradio.es\/wp-content\/uploads\/2024\/11\/IMG-20241104-WA0024-300x200.jpg\" alt=\"\" width=\"300\" height=\"200\" srcset=\"https:\/\/arealorcaradio.es\/wp-content\/uploads\/2024\/11\/IMG-20241104-WA0024-300x200.jpg 300w, https:\/\/arealorcaradio.es\/wp-content\/uploads\/2024\/11\/IMG-20241104-WA0024-1024x684.jpg 1024w, https:\/\/arealorcaradio.es\/wp-content\/uploads\/2024\/11\/IMG-20241104-WA0024-768x513.jpg 768w, https:\/\/arealorcaradio.es\/wp-content\/uploads\/2024\/11\/IMG-20241104-WA0024-1536x1026.jpg 1536w, https:\/\/arealorcaradio.es\/wp-content\/uploads\/2024\/11\/IMG-20241104-WA0024.jpg 2048w\" sizes=\"auto, (max-width: 300px) 100vw, 300px\" \/> <img loading=\"lazy\" decoding=\"async\" class=\"alignnone size-medium wp-image-4581\" src=\"https:\/\/arealorcaradio.es\/wp-content\/uploads\/2024\/11\/IMG-20241104-WA0030-300x200.jpg\" alt=\"\" width=\"300\" height=\"200\" srcset=\"https:\/\/arealorcaradio.es\/wp-content\/uploads\/2024\/11\/IMG-20241104-WA0030-300x200.jpg 300w, https:\/\/arealorcaradio.es\/wp-content\/uploads\/2024\/11\/IMG-20241104-WA0030-1024x684.jpg 1024w, https:\/\/arealorcaradio.es\/wp-content\/uploads\/2024\/11\/IMG-20241104-WA0030-768x513.jpg 768w, https:\/\/arealorcaradio.es\/wp-content\/uploads\/2024\/11\/IMG-20241104-WA0030-1536x1026.jpg 1536w, https:\/\/arealorcaradio.es\/wp-content\/uploads\/2024\/11\/IMG-20241104-WA0030.jpg 2048w\" sizes=\"auto, (max-width: 300px) 100vw, 300px\" \/> <img loading=\"lazy\" decoding=\"async\" class=\"alignnone size-medium wp-image-4582\" src=\"https:\/\/arealorcaradio.es\/wp-content\/uploads\/2024\/11\/IMG-20241104-WA0029-300x200.jpg\" alt=\"\" width=\"300\" height=\"200\" srcset=\"https:\/\/arealorcaradio.es\/wp-content\/uploads\/2024\/11\/IMG-20241104-WA0029-300x200.jpg 300w, https:\/\/arealorcaradio.es\/wp-content\/uploads\/2024\/11\/IMG-20241104-WA0029-1024x684.jpg 1024w, https:\/\/arealorcaradio.es\/wp-content\/uploads\/2024\/11\/IMG-20241104-WA0029-768x513.jpg 768w, https:\/\/arealorcaradio.es\/wp-content\/uploads\/2024\/11\/IMG-20241104-WA0029-1536x1026.jpg 1536w, https:\/\/arealorcaradio.es\/wp-content\/uploads\/2024\/11\/IMG-20241104-WA0029.jpg 2048w\" sizes=\"auto, (max-width: 300px) 100vw, 300px\" \/><\/p>\n","protected":false},"excerpt":{"rendered":"<p>\u00c1REA LORCA RADIO. Escucha aqu\u00ed la intervenci\u00f3n del presidente de Hostelor, Jes\u00fas Abellaneda en el magazine \u00c1rea Lorca Actualidad. Habla de estas Jornadas del Piment\u00f3n Murciano, de las pr\u00f3ximas del Chato Murciano y de hosteler\u00eda en general.<\/p>\n","protected":false},"author":1,"featured_media":4583,"comment_status":"open","ping_status":"open","sticky":false,"template":"","format":"standard","meta":{"iawp_total_views":33,"footnotes":""},"categories":[5,7],"tags":[],"class_list":["post-4578","post","type-post","status-publish","format-standard","has-post-thumbnail","hentry","category-actualidad","category-lorca"],"yoast_head":"<!-- This site is optimized with the Yoast SEO plugin v27.5 - https:\/\/yoast.com\/product\/yoast-seo-wordpress\/ -->\n<title>Hostelor acaba con \u00e9xito las Jornadas del Piment\u00f3n Murciano con la entrega de premios - AREA LORCA RADIO<\/title>\n<meta name=\"robots\" content=\"index, follow, max-snippet:-1, max-image-preview:large, max-video-preview:-1\" \/>\n<link rel=\"canonical\" href=\"https:\/\/arealorcaradio.es\/index.php\/2024\/11\/05\/hostelor-acaba-con-exito-las-jornadas-del-pimenton-murciano-con-la-entrega-de-premios\/\" \/>\n<meta property=\"og:locale\" content=\"es_ES\" \/>\n<meta property=\"og:type\" content=\"article\" \/>\n<meta property=\"og:title\" content=\"Hostelor acaba con \u00e9xito las Jornadas del Piment\u00f3n Murciano con la entrega de premios - AREA LORCA RADIO\" \/>\n<meta property=\"og:description\" content=\"\u00c1REA LORCA RADIO. Escucha aqu\u00ed la intervenci\u00f3n del presidente de Hostelor, Jes\u00fas Abellaneda en el magazine \u00c1rea Lorca Actualidad. Habla de estas Jornadas del Piment\u00f3n Murciano, de las pr\u00f3ximas del Chato Murciano y de hosteler\u00eda en general.\" \/>\n<meta property=\"og:url\" content=\"https:\/\/arealorcaradio.es\/index.php\/2024\/11\/05\/hostelor-acaba-con-exito-las-jornadas-del-pimenton-murciano-con-la-entrega-de-premios\/\" \/>\n<meta property=\"og:site_name\" content=\"AREA LORCA RADIO\" \/>\n<meta property=\"article:published_time\" content=\"2024-11-05T18:01:15+00:00\" \/>\n<meta property=\"og:image\" content=\"https:\/\/arealorcaradio.es\/wp-content\/uploads\/2024\/11\/20241105_123308-scaled.jpg\" \/>\n\t<meta property=\"og:image:width\" content=\"2560\" \/>\n\t<meta property=\"og:image:height\" content=\"1920\" \/>\n\t<meta property=\"og:image:type\" content=\"image\/jpeg\" \/>\n<meta name=\"author\" content=\"Paco S\u00e1nchez\" \/>\n<meta name=\"twitter:card\" content=\"summary_large_image\" \/>\n<meta name=\"twitter:label1\" content=\"Escrito por\" \/>\n\t<meta name=\"twitter:data1\" content=\"Paco S\u00e1nchez\" \/>\n\t<meta name=\"twitter:label2\" content=\"Tiempo de lectura\" \/>\n\t<meta name=\"twitter:data2\" content=\"1 minuto\" \/>\n<script type=\"application\/ld+json\" class=\"yoast-schema-graph\">{\"@context\":\"https:\\\/\\\/schema.org\",\"@graph\":[{\"@type\":\"Article\",\"@id\":\"https:\\\/\\\/arealorcaradio.es\\\/index.php\\\/2024\\\/11\\\/05\\\/hostelor-acaba-con-exito-las-jornadas-del-pimenton-murciano-con-la-entrega-de-premios\\\/#article\",\"isPartOf\":{\"@id\":\"https:\\\/\\\/arealorcaradio.es\\\/index.php\\\/2024\\\/11\\\/05\\\/hostelor-acaba-con-exito-las-jornadas-del-pimenton-murciano-con-la-entrega-de-premios\\\/\"},\"author\":{\"name\":\"Paco S\u00e1nchez\",\"@id\":\"https:\\\/\\\/arealorcaradio.es\\\/#\\\/schema\\\/person\\\/9fae605fc25b0f2c83c1ab207139bd27\"},\"headline\":\"Hostelor acaba con \u00e9xito las Jornadas del Piment\u00f3n Murciano con la entrega de premios\",\"datePublished\":\"2024-11-05T18:01:15+00:00\",\"mainEntityOfPage\":{\"@id\":\"https:\\\/\\\/arealorcaradio.es\\\/index.php\\\/2024\\\/11\\\/05\\\/hostelor-acaba-con-exito-las-jornadas-del-pimenton-murciano-con-la-entrega-de-premios\\\/\"},\"wordCount\":68,\"commentCount\":0,\"image\":{\"@id\":\"https:\\\/\\\/arealorcaradio.es\\\/index.php\\\/2024\\\/11\\\/05\\\/hostelor-acaba-con-exito-las-jornadas-del-pimenton-murciano-con-la-entrega-de-premios\\\/#primaryimage\"},\"thumbnailUrl\":\"https:\\\/\\\/arealorcaradio.es\\\/wp-content\\\/uploads\\\/2024\\\/11\\\/20241105_123308-scaled.jpg\",\"articleSection\":[\"ACTUALIDAD\",\"LORCA\"],\"inLanguage\":\"es\",\"potentialAction\":[{\"@type\":\"CommentAction\",\"name\":\"Comment\",\"target\":[\"https:\\\/\\\/arealorcaradio.es\\\/index.php\\\/2024\\\/11\\\/05\\\/hostelor-acaba-con-exito-las-jornadas-del-pimenton-murciano-con-la-entrega-de-premios\\\/#respond\"]}]},{\"@type\":\"WebPage\",\"@id\":\"https:\\\/\\\/arealorcaradio.es\\\/index.php\\\/2024\\\/11\\\/05\\\/hostelor-acaba-con-exito-las-jornadas-del-pimenton-murciano-con-la-entrega-de-premios\\\/\",\"url\":\"https:\\\/\\\/arealorcaradio.es\\\/index.php\\\/2024\\\/11\\\/05\\\/hostelor-acaba-con-exito-las-jornadas-del-pimenton-murciano-con-la-entrega-de-premios\\\/\",\"name\":\"Hostelor acaba con \u00e9xito las Jornadas del Piment\u00f3n Murciano con la entrega de premios - AREA LORCA RADIO\",\"isPartOf\":{\"@id\":\"https:\\\/\\\/arealorcaradio.es\\\/#website\"},\"primaryImageOfPage\":{\"@id\":\"https:\\\/\\\/arealorcaradio.es\\\/index.php\\\/2024\\\/11\\\/05\\\/hostelor-acaba-con-exito-las-jornadas-del-pimenton-murciano-con-la-entrega-de-premios\\\/#primaryimage\"},\"image\":{\"@id\":\"https:\\\/\\\/arealorcaradio.es\\\/index.php\\\/2024\\\/11\\\/05\\\/hostelor-acaba-con-exito-las-jornadas-del-pimenton-murciano-con-la-entrega-de-premios\\\/#primaryimage\"},\"thumbnailUrl\":\"https:\\\/\\\/arealorcaradio.es\\\/wp-content\\\/uploads\\\/2024\\\/11\\\/20241105_123308-scaled.jpg\",\"datePublished\":\"2024-11-05T18:01:15+00:00\",\"author\":{\"@id\":\"https:\\\/\\\/arealorcaradio.es\\\/#\\\/schema\\\/person\\\/9fae605fc25b0f2c83c1ab207139bd27\"},\"breadcrumb\":{\"@id\":\"https:\\\/\\\/arealorcaradio.es\\\/index.php\\\/2024\\\/11\\\/05\\\/hostelor-acaba-con-exito-las-jornadas-del-pimenton-murciano-con-la-entrega-de-premios\\\/#breadcrumb\"},\"inLanguage\":\"es\",\"potentialAction\":[{\"@type\":\"ReadAction\",\"target\":[\"https:\\\/\\\/arealorcaradio.es\\\/index.php\\\/2024\\\/11\\\/05\\\/hostelor-acaba-con-exito-las-jornadas-del-pimenton-murciano-con-la-entrega-de-premios\\\/\"]}]},{\"@type\":\"ImageObject\",\"inLanguage\":\"es\",\"@id\":\"https:\\\/\\\/arealorcaradio.es\\\/index.php\\\/2024\\\/11\\\/05\\\/hostelor-acaba-con-exito-las-jornadas-del-pimenton-murciano-con-la-entrega-de-premios\\\/#primaryimage\",\"url\":\"https:\\\/\\\/arealorcaradio.es\\\/wp-content\\\/uploads\\\/2024\\\/11\\\/20241105_123308-scaled.jpg\",\"contentUrl\":\"https:\\\/\\\/arealorcaradio.es\\\/wp-content\\\/uploads\\\/2024\\\/11\\\/20241105_123308-scaled.jpg\",\"width\":2560,\"height\":1920},{\"@type\":\"BreadcrumbList\",\"@id\":\"https:\\\/\\\/arealorcaradio.es\\\/index.php\\\/2024\\\/11\\\/05\\\/hostelor-acaba-con-exito-las-jornadas-del-pimenton-murciano-con-la-entrega-de-premios\\\/#breadcrumb\",\"itemListElement\":[{\"@type\":\"ListItem\",\"position\":1,\"name\":\"Portada\",\"item\":\"https:\\\/\\\/arealorcaradio.es\\\/\"},{\"@type\":\"ListItem\",\"position\":2,\"name\":\"Hostelor acaba con \u00e9xito las Jornadas del Piment\u00f3n Murciano con la entrega de premios\"}]},{\"@type\":\"WebSite\",\"@id\":\"https:\\\/\\\/arealorcaradio.es\\\/#website\",\"url\":\"https:\\\/\\\/arealorcaradio.es\\\/\",\"name\":\"AREA LORCA RADIO\",\"description\":\"Descubre la programaci\u00f3n actual en \u00c1rea Lorca Radio, tu fuente de entrenamiento y noticias locales. Sintoniza ahora y mantente conectado online.\",\"potentialAction\":[{\"@type\":\"SearchAction\",\"target\":{\"@type\":\"EntryPoint\",\"urlTemplate\":\"https:\\\/\\\/arealorcaradio.es\\\/?s={search_term_string}\"},\"query-input\":{\"@type\":\"PropertyValueSpecification\",\"valueRequired\":true,\"valueName\":\"search_term_string\"}}],\"inLanguage\":\"es\"},{\"@type\":\"Person\",\"@id\":\"https:\\\/\\\/arealorcaradio.es\\\/#\\\/schema\\\/person\\\/9fae605fc25b0f2c83c1ab207139bd27\",\"name\":\"Paco S\u00e1nchez\",\"image\":{\"@type\":\"ImageObject\",\"inLanguage\":\"es\",\"@id\":\"https:\\\/\\\/secure.gravatar.com\\\/avatar\\\/d67144e966420fb74aa84c9f2a0103be4724fd14db52b52d3b6bca749f257e79?s=96&d=mm&r=g\",\"url\":\"https:\\\/\\\/secure.gravatar.com\\\/avatar\\\/d67144e966420fb74aa84c9f2a0103be4724fd14db52b52d3b6bca749f257e79?s=96&d=mm&r=g\",\"contentUrl\":\"https:\\\/\\\/secure.gravatar.com\\\/avatar\\\/d67144e966420fb74aa84c9f2a0103be4724fd14db52b52d3b6bca749f257e79?s=96&d=mm&r=g\",\"caption\":\"Paco S\u00e1nchez\"},\"sameAs\":[\"https:\\\/\\\/arealorcaradio.es\"],\"url\":\"https:\\\/\\\/arealorcaradio.es\\\/index.php\\\/author\\\/admin_alorcaradio\\\/\"}]}<\/script>\n<!-- \/ Yoast SEO plugin. -->","yoast_head_json":{"title":"Hostelor acaba con \u00e9xito las Jornadas del Piment\u00f3n Murciano con la entrega de premios - AREA LORCA RADIO","robots":{"index":"index","follow":"follow","max-snippet":"max-snippet:-1","max-image-preview":"max-image-preview:large","max-video-preview":"max-video-preview:-1"},"canonical":"https:\/\/arealorcaradio.es\/index.php\/2024\/11\/05\/hostelor-acaba-con-exito-las-jornadas-del-pimenton-murciano-con-la-entrega-de-premios\/","og_locale":"es_ES","og_type":"article","og_title":"Hostelor acaba con \u00e9xito las Jornadas del Piment\u00f3n Murciano con la entrega de premios - AREA LORCA RADIO","og_description":"\u00c1REA LORCA RADIO. Escucha aqu\u00ed la intervenci\u00f3n del presidente de Hostelor, Jes\u00fas Abellaneda en el magazine \u00c1rea Lorca Actualidad. Habla de estas Jornadas del Piment\u00f3n Murciano, de las pr\u00f3ximas del Chato Murciano y de hosteler\u00eda en general.","og_url":"https:\/\/arealorcaradio.es\/index.php\/2024\/11\/05\/hostelor-acaba-con-exito-las-jornadas-del-pimenton-murciano-con-la-entrega-de-premios\/","og_site_name":"AREA LORCA RADIO","article_published_time":"2024-11-05T18:01:15+00:00","og_image":[{"width":2560,"height":1920,"url":"https:\/\/arealorcaradio.es\/wp-content\/uploads\/2024\/11\/20241105_123308-scaled.jpg","type":"image\/jpeg"}],"author":"Paco S\u00e1nchez","twitter_card":"summary_large_image","twitter_misc":{"Escrito por":"Paco S\u00e1nchez","Tiempo de lectura":"1 minuto"},"schema":{"@context":"https:\/\/schema.org","@graph":[{"@type":"Article","@id":"https:\/\/arealorcaradio.es\/index.php\/2024\/11\/05\/hostelor-acaba-con-exito-las-jornadas-del-pimenton-murciano-con-la-entrega-de-premios\/#article","isPartOf":{"@id":"https:\/\/arealorcaradio.es\/index.php\/2024\/11\/05\/hostelor-acaba-con-exito-las-jornadas-del-pimenton-murciano-con-la-entrega-de-premios\/"},"author":{"name":"Paco S\u00e1nchez","@id":"https:\/\/arealorcaradio.es\/#\/schema\/person\/9fae605fc25b0f2c83c1ab207139bd27"},"headline":"Hostelor acaba con \u00e9xito las Jornadas del Piment\u00f3n Murciano con la entrega de premios","datePublished":"2024-11-05T18:01:15+00:00","mainEntityOfPage":{"@id":"https:\/\/arealorcaradio.es\/index.php\/2024\/11\/05\/hostelor-acaba-con-exito-las-jornadas-del-pimenton-murciano-con-la-entrega-de-premios\/"},"wordCount":68,"commentCount":0,"image":{"@id":"https:\/\/arealorcaradio.es\/index.php\/2024\/11\/05\/hostelor-acaba-con-exito-las-jornadas-del-pimenton-murciano-con-la-entrega-de-premios\/#primaryimage"},"thumbnailUrl":"https:\/\/arealorcaradio.es\/wp-content\/uploads\/2024\/11\/20241105_123308-scaled.jpg","articleSection":["ACTUALIDAD","LORCA"],"inLanguage":"es","potentialAction":[{"@type":"CommentAction","name":"Comment","target":["https:\/\/arealorcaradio.es\/index.php\/2024\/11\/05\/hostelor-acaba-con-exito-las-jornadas-del-pimenton-murciano-con-la-entrega-de-premios\/#respond"]}]},{"@type":"WebPage","@id":"https:\/\/arealorcaradio.es\/index.php\/2024\/11\/05\/hostelor-acaba-con-exito-las-jornadas-del-pimenton-murciano-con-la-entrega-de-premios\/","url":"https:\/\/arealorcaradio.es\/index.php\/2024\/11\/05\/hostelor-acaba-con-exito-las-jornadas-del-pimenton-murciano-con-la-entrega-de-premios\/","name":"Hostelor acaba con \u00e9xito las Jornadas del Piment\u00f3n Murciano con la entrega de premios - AREA LORCA RADIO","isPartOf":{"@id":"https:\/\/arealorcaradio.es\/#website"},"primaryImageOfPage":{"@id":"https:\/\/arealorcaradio.es\/index.php\/2024\/11\/05\/hostelor-acaba-con-exito-las-jornadas-del-pimenton-murciano-con-la-entrega-de-premios\/#primaryimage"},"image":{"@id":"https:\/\/arealorcaradio.es\/index.php\/2024\/11\/05\/hostelor-acaba-con-exito-las-jornadas-del-pimenton-murciano-con-la-entrega-de-premios\/#primaryimage"},"thumbnailUrl":"https:\/\/arealorcaradio.es\/wp-content\/uploads\/2024\/11\/20241105_123308-scaled.jpg","datePublished":"2024-11-05T18:01:15+00:00","author":{"@id":"https:\/\/arealorcaradio.es\/#\/schema\/person\/9fae605fc25b0f2c83c1ab207139bd27"},"breadcrumb":{"@id":"https:\/\/arealorcaradio.es\/index.php\/2024\/11\/05\/hostelor-acaba-con-exito-las-jornadas-del-pimenton-murciano-con-la-entrega-de-premios\/#breadcrumb"},"inLanguage":"es","potentialAction":[{"@type":"ReadAction","target":["https:\/\/arealorcaradio.es\/index.php\/2024\/11\/05\/hostelor-acaba-con-exito-las-jornadas-del-pimenton-murciano-con-la-entrega-de-premios\/"]}]},{"@type":"ImageObject","inLanguage":"es","@id":"https:\/\/arealorcaradio.es\/index.php\/2024\/11\/05\/hostelor-acaba-con-exito-las-jornadas-del-pimenton-murciano-con-la-entrega-de-premios\/#primaryimage","url":"https:\/\/arealorcaradio.es\/wp-content\/uploads\/2024\/11\/20241105_123308-scaled.jpg","contentUrl":"https:\/\/arealorcaradio.es\/wp-content\/uploads\/2024\/11\/20241105_123308-scaled.jpg","width":2560,"height":1920},{"@type":"BreadcrumbList","@id":"https:\/\/arealorcaradio.es\/index.php\/2024\/11\/05\/hostelor-acaba-con-exito-las-jornadas-del-pimenton-murciano-con-la-entrega-de-premios\/#breadcrumb","itemListElement":[{"@type":"ListItem","position":1,"name":"Portada","item":"https:\/\/arealorcaradio.es\/"},{"@type":"ListItem","position":2,"name":"Hostelor acaba con \u00e9xito las Jornadas del Piment\u00f3n Murciano con la entrega de premios"}]},{"@type":"WebSite","@id":"https:\/\/arealorcaradio.es\/#website","url":"https:\/\/arealorcaradio.es\/","name":"AREA LORCA RADIO","description":"Descubre la programaci\u00f3n actual en \u00c1rea Lorca Radio, tu fuente de entrenamiento y noticias locales. Sintoniza ahora y mantente conectado online.","potentialAction":[{"@type":"SearchAction","target":{"@type":"EntryPoint","urlTemplate":"https:\/\/arealorcaradio.es\/?s={search_term_string}"},"query-input":{"@type":"PropertyValueSpecification","valueRequired":true,"valueName":"search_term_string"}}],"inLanguage":"es"},{"@type":"Person","@id":"https:\/\/arealorcaradio.es\/#\/schema\/person\/9fae605fc25b0f2c83c1ab207139bd27","name":"Paco S\u00e1nchez","image":{"@type":"ImageObject","inLanguage":"es","@id":"https:\/\/secure.gravatar.com\/avatar\/d67144e966420fb74aa84c9f2a0103be4724fd14db52b52d3b6bca749f257e79?s=96&d=mm&r=g","url":"https:\/\/secure.gravatar.com\/avatar\/d67144e966420fb74aa84c9f2a0103be4724fd14db52b52d3b6bca749f257e79?s=96&d=mm&r=g","contentUrl":"https:\/\/secure.gravatar.com\/avatar\/d67144e966420fb74aa84c9f2a0103be4724fd14db52b52d3b6bca749f257e79?s=96&d=mm&r=g","caption":"Paco S\u00e1nchez"},"sameAs":["https:\/\/arealorcaradio.es"],"url":"https:\/\/arealorcaradio.es\/index.php\/author\/admin_alorcaradio\/"}]}},"_links":{"self":[{"href":"https:\/\/arealorcaradio.es\/index.php\/wp-json\/wp\/v2\/posts\/4578","targetHints":{"allow":["GET"]}}],"collection":[{"href":"https:\/\/arealorcaradio.es\/index.php\/wp-json\/wp\/v2\/posts"}],"about":[{"href":"https:\/\/arealorcaradio.es\/index.php\/wp-json\/wp\/v2\/types\/post"}],"author":[{"embeddable":true,"href":"https:\/\/arealorcaradio.es\/index.php\/wp-json\/wp\/v2\/users\/1"}],"replies":[{"embeddable":true,"href":"https:\/\/arealorcaradio.es\/index.php\/wp-json\/wp\/v2\/comments?post=4578"}],"version-history":[{"count":1,"href":"https:\/\/arealorcaradio.es\/index.php\/wp-json\/wp\/v2\/posts\/4578\/revisions"}],"predecessor-version":[{"id":4584,"href":"https:\/\/arealorcaradio.es\/index.php\/wp-json\/wp\/v2\/posts\/4578\/revisions\/4584"}],"wp:featuredmedia":[{"embeddable":true,"href":"https:\/\/arealorcaradio.es\/index.php\/wp-json\/wp\/v2\/media\/4583"}],"wp:attachment":[{"href":"https:\/\/arealorcaradio.es\/index.php\/wp-json\/wp\/v2\/media?parent=4578"}],"wp:term":[{"taxonomy":"category","embeddable":true,"href":"https:\/\/arealorcaradio.es\/index.php\/wp-json\/wp\/v2\/categories?post=4578"},{"taxonomy":"post_tag","embeddable":true,"href":"https:\/\/arealorcaradio.es\/index.php\/wp-json\/wp\/v2\/tags?post=4578"}],"curies":[{"name":"wp","href":"https:\/\/api.w.org\/{rel}","templated":true}]}}