{"id":4565,"date":"2024-11-05T11:59:18","date_gmt":"2024-11-05T11:59:18","guid":{"rendered":"https:\/\/arealorcaradio.es\/?p=4565"},"modified":"2024-11-05T11:59:18","modified_gmt":"2024-11-05T11:59:18","slug":"el-alcalde-de-lorca-exige-al-ministerio-de-transicion-ecologica-el-desbloqueo-de-las-obras-para-construir-las-presas-de-nogalte-bejar-y-torrecilla-y-el-canal-de-la-rambla-de-biznaga","status":"publish","type":"post","link":"https:\/\/arealorcaradio.es\/index.php\/2024\/11\/05\/el-alcalde-de-lorca-exige-al-ministerio-de-transicion-ecologica-el-desbloqueo-de-las-obras-para-construir-las-presas-de-nogalte-bejar-y-torrecilla-y-el-canal-de-la-rambla-de-biznaga\/","title":{"rendered":"El alcalde de Lorca exige al Ministerio de Transici\u00f3n Ecol\u00f3gica el desbloqueo de las obras para construir las presas de Nogalte, B\u00e9jar y Torrecilla y el canal de la rambla de Biznaga"},"content":{"rendered":"<p>\u00c1REA LORCA RADIO.<\/p>\n<p class=\"v1MsoNormal\"><b>Lorca, 5 de noviembre de 2024.<\/b>\u00a0El alcalde de Lorca, Fulgencio Gil, ha exigido la reactivaci\u00f3n inmediata de las obras para que los lorquinos cuenten con las infraestructuras de protecci\u00f3n frente a inundaciones que quedaron marcadas a ra\u00edz de las consecuencias de la inundaci\u00f3n de 2012. Se trata de las presas de Nogalte, B\u00e9jar y Torrecilla, y el canal de evacuaci\u00f3n hacia la rambla de Biznaga.<\/p>\n<p>Escucha aqu\u00ed la intervenci\u00f3n de Fulgencio Gil ante los medios de comunicaci\u00f3n.<\/p>\n<audio class=\"wp-audio-shortcode\" id=\"audio-4565-1\" preload=\"none\" style=\"width: 100%;\" controls=\"controls\"><source type=\"audio\/mpeg\" src=\"https:\/\/arealorcaradio.es\/wp-content\/uploads\/2024\/11\/051124-FULGENCIO-GIL.-INFRAESTRUCTURAS-HIDRAULICAS.mp3?_=1\" \/><a href=\"https:\/\/arealorcaradio.es\/wp-content\/uploads\/2024\/11\/051124-FULGENCIO-GIL.-INFRAESTRUCTURAS-HIDRAULICAS.mp3\">https:\/\/arealorcaradio.es\/wp-content\/uploads\/2024\/11\/051124-FULGENCIO-GIL.-INFRAESTRUCTURAS-HIDRAULICAS.mp3<\/a><\/audio>\n<p class=\"v1MsoNormal\"><img loading=\"lazy\" decoding=\"async\" class=\"alignnone size-medium wp-image-4567\" src=\"https:\/\/arealorcaradio.es\/wp-content\/uploads\/2024\/11\/FOTO3-ALCALDE-300x200.jpeg\" alt=\"\" width=\"300\" height=\"200\" srcset=\"https:\/\/arealorcaradio.es\/wp-content\/uploads\/2024\/11\/FOTO3-ALCALDE-300x200.jpeg 300w, https:\/\/arealorcaradio.es\/wp-content\/uploads\/2024\/11\/FOTO3-ALCALDE-1024x682.jpeg 1024w, https:\/\/arealorcaradio.es\/wp-content\/uploads\/2024\/11\/FOTO3-ALCALDE-768x512.jpeg 768w, https:\/\/arealorcaradio.es\/wp-content\/uploads\/2024\/11\/FOTO3-ALCALDE-1536x1023.jpeg 1536w, https:\/\/arealorcaradio.es\/wp-content\/uploads\/2024\/11\/FOTO3-ALCALDE.jpeg 1600w\" sizes=\"auto, (max-width: 300px) 100vw, 300px\" \/><\/p>\n<p class=\"v1MsoNormal\">Cabe recordar que el Ministerio para la Transici\u00f3n Ecol\u00f3gica cancel\u00f3 los proyectos porque\u00a0<u>su retorno econ\u00f3mico no estaba justificado<\/u>\u00a0y no los incluy\u00f3 en el Plan de Gesti\u00f3n de Riesgo de Inundaciones de la cuenca del Segura 2022-2027. Esta forma de actuar es la que arrastra a los ciudadanos a la indignaci\u00f3n y a que ciertamente se pregunten en manos de qui\u00e9n estamos.<\/p>\n<p class=\"v1MsoNormal\">El primer edil ha que indicado que \u00abactuando de esta manera se est\u00e1 faltando al respeto de la gente. El Ministerio no puede retrasar m\u00e1s la construcci\u00f3n de estas presas, porque son el salvavidas que los vecinos de Torrecilla, Campillo y Purias necesitan, y as\u00ed qued\u00f3 claro tras las inundaciones de 2012. En lugar de construir las infraestructuras de defensa frente a inundaciones, el Ministerio ha lanzado unos nuevos tr\u00e1mites para la expropiaci\u00f3n encubierta de cientos de propiedades en Campillo, Torrecilla, Purias y La Escucha. En vez de tomar medidas para evitar riadas, se limitan a marcar sus tierras en un mapa y dejarlas inutilizadas. El impacto econ\u00f3mico de esta decisi\u00f3n se cuenta por decenas de millones de euros\u00bb<\/p>\n<p class=\"v1MsoNormal\">Ni las zonas de flujo preferente, inundables,\u00a0\u00c1reas de Riesgo Potencial de Inundaciones, ni cualquier otra figura ser\u00e1n \u00fatiles si no se construyen las presas y el canal de Biznaga. No sirven para ayudar realmente a los vecinos. La \u00fanica diferencia es que los lorquinos ver\u00e1n c\u00f3mo se vuelven a inundar, pero tendr\u00e1n un mapa pintado de \u00abmuchos colores\u00bb.<\/p>\n<p class=\"v1MsoNormal\"><img loading=\"lazy\" decoding=\"async\" class=\"alignnone size-medium wp-image-4568\" src=\"https:\/\/arealorcaradio.es\/wp-content\/uploads\/2024\/11\/FOTO4-ALCALDE-300x200.jpeg\" alt=\"\" width=\"300\" height=\"200\" srcset=\"https:\/\/arealorcaradio.es\/wp-content\/uploads\/2024\/11\/FOTO4-ALCALDE-300x200.jpeg 300w, https:\/\/arealorcaradio.es\/wp-content\/uploads\/2024\/11\/FOTO4-ALCALDE-1024x682.jpeg 1024w, https:\/\/arealorcaradio.es\/wp-content\/uploads\/2024\/11\/FOTO4-ALCALDE-768x512.jpeg 768w, https:\/\/arealorcaradio.es\/wp-content\/uploads\/2024\/11\/FOTO4-ALCALDE-1536x1023.jpeg 1536w, https:\/\/arealorcaradio.es\/wp-content\/uploads\/2024\/11\/FOTO4-ALCALDE.jpeg 1600w\" sizes=\"auto, (max-width: 300px) 100vw, 300px\" \/><\/p>\n<p class=\"v1MsoNormal\">\u00abEs in\u00fatil que sigan pintando sobre plano las figuras que quieran, ll\u00e1mese zona de flujo preferente, zona inundable, \u00e1rea de riesgo potencial, o lo que estimen conveniente, porque lo que tienen que hacer es construir las presas que paren las riadas. Y no lo hacen. El Ministerio no puede quedarse de brazos cruzados y trasladar su problema y su responsabilidad a los vecinos, arruinando las tierras que les han costado a\u00f1os de esfuerzo y sacrificio. Lo que est\u00e1n haciendo es lavarse las manos y escurrir el bulto. Este asunto no admite m\u00e1s espera. Tiene que primar la vida de las personas\u00bb<\/p>\n<p class=\"v1MsoNormal\">El enfoque del Ministerio de Transici\u00f3n Ecol\u00f3gica tiene que cambiar: tienen que limpiar las ramblas, dragarlas, eliminar la vegetaci\u00f3n que invade los cauces y mantenerlos despejados. \u00bfEs que no est\u00e1n viendo lo que arrastran las ramblas cuando salen? Toneladas de ca\u00f1as, ramas, troncos&#8230; que no tendr\u00edan que estar en los cauces.<\/p>\n<p class=\"v1MsoNormal\">Hace tres a\u00f1os denunciamos la temeridad que cometi\u00f3 el Ministerio suprimiendo la construcci\u00f3n de las presas anti riadas en Nogalte y Torrecilla, dejando la de B\u00e9jar en un \u00abya veremos\u00bb que finalmente tampoco sale adelante, y el canal de evacuaci\u00f3n que estaba previsto para la rambla de Biznaga, y que constituye el gran proyecto para evitar que el agua quede embalsada en estas pedan\u00edas, se ha recortado, y dicen que tiene que ejecutarse con \u00abcriterios verdes\u00bb.<\/p>\n<p class=\"v1MsoNormal\"><b><u><img loading=\"lazy\" decoding=\"async\" class=\"alignnone size-medium wp-image-4569\" src=\"https:\/\/arealorcaradio.es\/wp-content\/uploads\/2024\/11\/FOTO1-ALCALDE-300x200.jpeg\" alt=\"\" width=\"300\" height=\"200\" srcset=\"https:\/\/arealorcaradio.es\/wp-content\/uploads\/2024\/11\/FOTO1-ALCALDE-300x200.jpeg 300w, https:\/\/arealorcaradio.es\/wp-content\/uploads\/2024\/11\/FOTO1-ALCALDE-1024x682.jpeg 1024w, https:\/\/arealorcaradio.es\/wp-content\/uploads\/2024\/11\/FOTO1-ALCALDE-768x512.jpeg 768w, https:\/\/arealorcaradio.es\/wp-content\/uploads\/2024\/11\/FOTO1-ALCALDE-1536x1023.jpeg 1536w, https:\/\/arealorcaradio.es\/wp-content\/uploads\/2024\/11\/FOTO1-ALCALDE.jpeg 1600w\" sizes=\"auto, (max-width: 300px) 100vw, 300px\" \/><\/u><\/b><\/p>\n<p class=\"v1MsoNormal\"><b><u>Oficina centralizada de atenci\u00f3n a los afectados.<\/u><\/b><\/p>\n<p class=\"v1MsoNormal\">El alcalde ha subrayado que \u00abel Ayuntamiento comparte con el Ministerio la necesidad de definir cu\u00e1les son las zonas de riesgo de inundaci\u00f3n, pero eso exige rigor y garant\u00edas. Sin embargo, comprobamos que han pintado nuevos tramos de cauce en las ramblas de B\u00e9jar y Nogalte sin la previa y pertinente delimitaci\u00f3n de los dominios p\u00fablicos hidr\u00e1ulicos, y, adem\u00e1s, sin avisar a los vecinos m\u00e1s que mediante una publicaci\u00f3n en el BOE\u00bb<\/p>\n<p class=\"v1MsoNormal\">Desde el Ayuntamiento \u00abentendemos que lo primero que ten\u00edan que haber hecho es informar a los vecinos. Para poder obtener una visi\u00f3n real de la situaci\u00f3n, deben proceder al deslinde del dominio p\u00fablico hidr\u00e1ulico de los cauces se\u00f1alados, tales como la Rambla de la Torrecilla, Rambla Alta, Barranco de Burruezo, B\u00e9jar, Biznaga y Nogalte\u00bb.<\/p>\n<p class=\"v1MsoNormal\">Ante la indefensi\u00f3n de los afectados, el Consistorio Municipal ha puesto en marcha\u00a0una Oficina de Atenci\u00f3n al Afectado en la concejal\u00eda de Urbanismo con el objetivo de facilitar la informaci\u00f3n necesaria, as\u00ed como ayuda y asesoramiento en los tr\u00e1mites a los vecinos de Campillo, Torrecilla, Purias y La Escucha directamente perjudicados por esta medida. De esta forma, contar\u00e1n con ayuda para poder redactar sus alegaciones, que tendr\u00e1n que ser presentadas ante la Confederaci\u00f3n Hidrogr\u00e1fica del Segura antes del 3 de diciembre.<\/p>\n<p class=\"v1MsoNormal\">El propio Reglamento del Dominio P\u00fablico hidr\u00e1ulico establece un procedimiento riguroso y garantista para la correcta delimitaci\u00f3n del cauce. Por tanto, se deben definir de manera clara los cauces naturales, identificando y recuperando el dominio p\u00fablico hidr\u00e1ulico en las ramblas, mediante el deslinde oficial de los mismos, constituyendo un requisito previo fundamental a la actualizaci\u00f3n de las \u00c1reas de Riesgo Potencial de Inundaciones. Y esto se ha incumplido.<\/p>\n<p class=\"v1MsoNormal\">La previa definici\u00f3n del dominio p\u00fablico hidr\u00e1ulico y de sus zonas de servidumbre y polic\u00eda de estos cauces, siguiendo el procedimiento legalmente establecido en el Reglamento del Dominio P\u00fablico Hidr\u00e1ulico, permite que despu\u00e9s se elaboren los mapas de peligrosidad y riesgo, que puedan establecer la base para la elaboraci\u00f3n de los planes hidrol\u00f3gicos y de gesti\u00f3n.<\/p>\n<p>&nbsp;<\/p>\n","protected":false},"excerpt":{"rendered":"<p>\u00c1REA LORCA RADIO. Lorca, 5 de noviembre de 2024.\u00a0El alcalde de Lorca, Fulgencio Gil, ha exigido la reactivaci\u00f3n inmediata de las obras para que los lorquinos cuenten con las infraestructuras de protecci\u00f3n frente a inundaciones que quedaron marcadas a ra\u00edz de las consecuencias de la inundaci\u00f3n de 2012. Se trata de las presas de Nogalte, [&hellip;]<\/p>\n","protected":false},"author":1,"featured_media":4570,"comment_status":"open","ping_status":"open","sticky":false,"template":"","format":"standard","meta":{"iawp_total_views":28,"footnotes":""},"categories":[5,7],"tags":[],"class_list":["post-4565","post","type-post","status-publish","format-standard","has-post-thumbnail","hentry","category-actualidad","category-lorca"],"yoast_head":"<!-- This site is optimized with the Yoast SEO plugin v27.5 - https:\/\/yoast.com\/product\/yoast-seo-wordpress\/ -->\n<title>El alcalde de Lorca exige al Ministerio de Transici\u00f3n Ecol\u00f3gica el desbloqueo de las obras para construir las presas de Nogalte, B\u00e9jar y Torrecilla y el canal de la rambla de Biznaga - AREA LORCA RADIO<\/title>\n<meta name=\"robots\" content=\"index, follow, max-snippet:-1, max-image-preview:large, max-video-preview:-1\" \/>\n<link rel=\"canonical\" href=\"https:\/\/arealorcaradio.es\/index.php\/2024\/11\/05\/el-alcalde-de-lorca-exige-al-ministerio-de-transicion-ecologica-el-desbloqueo-de-las-obras-para-construir-las-presas-de-nogalte-bejar-y-torrecilla-y-el-canal-de-la-rambla-de-biznaga\/\" \/>\n<meta property=\"og:locale\" content=\"es_ES\" \/>\n<meta property=\"og:type\" content=\"article\" \/>\n<meta property=\"og:title\" content=\"El alcalde de Lorca exige al Ministerio de Transici\u00f3n Ecol\u00f3gica el desbloqueo de las obras para construir las presas de Nogalte, B\u00e9jar y Torrecilla y el canal de la rambla de Biznaga - AREA LORCA RADIO\" \/>\n<meta property=\"og:description\" content=\"\u00c1REA LORCA RADIO. Lorca, 5 de noviembre de 2024.\u00a0El alcalde de Lorca, Fulgencio Gil, ha exigido la reactivaci\u00f3n inmediata de las obras para que los lorquinos cuenten con las infraestructuras de protecci\u00f3n frente a inundaciones que quedaron marcadas a ra\u00edz de las consecuencias de la inundaci\u00f3n de 2012. Se trata de las presas de Nogalte, [&hellip;]\" \/>\n<meta property=\"og:url\" content=\"https:\/\/arealorcaradio.es\/index.php\/2024\/11\/05\/el-alcalde-de-lorca-exige-al-ministerio-de-transicion-ecologica-el-desbloqueo-de-las-obras-para-construir-las-presas-de-nogalte-bejar-y-torrecilla-y-el-canal-de-la-rambla-de-biznaga\/\" \/>\n<meta property=\"og:site_name\" content=\"AREA LORCA RADIO\" \/>\n<meta property=\"article:published_time\" content=\"2024-11-05T11:59:18+00:00\" \/>\n<meta property=\"og:image\" content=\"https:\/\/arealorcaradio.es\/wp-content\/uploads\/2024\/11\/FOTO2-ALCALDE.jpeg\" \/>\n\t<meta property=\"og:image:width\" content=\"1600\" \/>\n\t<meta property=\"og:image:height\" content=\"1066\" \/>\n\t<meta property=\"og:image:type\" content=\"image\/jpeg\" \/>\n<meta name=\"author\" content=\"Paco S\u00e1nchez\" \/>\n<meta name=\"twitter:card\" content=\"summary_large_image\" \/>\n<meta name=\"twitter:label1\" content=\"Escrito por\" \/>\n\t<meta name=\"twitter:data1\" content=\"Paco S\u00e1nchez\" \/>\n\t<meta name=\"twitter:label2\" content=\"Tiempo de lectura\" \/>\n\t<meta name=\"twitter:data2\" content=\"5 minutos\" \/>\n<script type=\"application\/ld+json\" class=\"yoast-schema-graph\">{\"@context\":\"https:\\\/\\\/schema.org\",\"@graph\":[{\"@type\":\"Article\",\"@id\":\"https:\\\/\\\/arealorcaradio.es\\\/index.php\\\/2024\\\/11\\\/05\\\/el-alcalde-de-lorca-exige-al-ministerio-de-transicion-ecologica-el-desbloqueo-de-las-obras-para-construir-las-presas-de-nogalte-bejar-y-torrecilla-y-el-canal-de-la-rambla-de-biznaga\\\/#article\",\"isPartOf\":{\"@id\":\"https:\\\/\\\/arealorcaradio.es\\\/index.php\\\/2024\\\/11\\\/05\\\/el-alcalde-de-lorca-exige-al-ministerio-de-transicion-ecologica-el-desbloqueo-de-las-obras-para-construir-las-presas-de-nogalte-bejar-y-torrecilla-y-el-canal-de-la-rambla-de-biznaga\\\/\"},\"author\":{\"name\":\"Paco S\u00e1nchez\",\"@id\":\"https:\\\/\\\/arealorcaradio.es\\\/#\\\/schema\\\/person\\\/9fae605fc25b0f2c83c1ab207139bd27\"},\"headline\":\"El alcalde de Lorca exige al Ministerio de Transici\u00f3n Ecol\u00f3gica el desbloqueo de las obras para construir las presas de Nogalte, B\u00e9jar y Torrecilla y el canal de la rambla de Biznaga\",\"datePublished\":\"2024-11-05T11:59:18+00:00\",\"mainEntityOfPage\":{\"@id\":\"https:\\\/\\\/arealorcaradio.es\\\/index.php\\\/2024\\\/11\\\/05\\\/el-alcalde-de-lorca-exige-al-ministerio-de-transicion-ecologica-el-desbloqueo-de-las-obras-para-construir-las-presas-de-nogalte-bejar-y-torrecilla-y-el-canal-de-la-rambla-de-biznaga\\\/\"},\"wordCount\":1014,\"commentCount\":0,\"image\":{\"@id\":\"https:\\\/\\\/arealorcaradio.es\\\/index.php\\\/2024\\\/11\\\/05\\\/el-alcalde-de-lorca-exige-al-ministerio-de-transicion-ecologica-el-desbloqueo-de-las-obras-para-construir-las-presas-de-nogalte-bejar-y-torrecilla-y-el-canal-de-la-rambla-de-biznaga\\\/#primaryimage\"},\"thumbnailUrl\":\"https:\\\/\\\/arealorcaradio.es\\\/wp-content\\\/uploads\\\/2024\\\/11\\\/FOTO2-ALCALDE.jpeg\",\"articleSection\":[\"ACTUALIDAD\",\"LORCA\"],\"inLanguage\":\"es\",\"potentialAction\":[{\"@type\":\"CommentAction\",\"name\":\"Comment\",\"target\":[\"https:\\\/\\\/arealorcaradio.es\\\/index.php\\\/2024\\\/11\\\/05\\\/el-alcalde-de-lorca-exige-al-ministerio-de-transicion-ecologica-el-desbloqueo-de-las-obras-para-construir-las-presas-de-nogalte-bejar-y-torrecilla-y-el-canal-de-la-rambla-de-biznaga\\\/#respond\"]}]},{\"@type\":\"WebPage\",\"@id\":\"https:\\\/\\\/arealorcaradio.es\\\/index.php\\\/2024\\\/11\\\/05\\\/el-alcalde-de-lorca-exige-al-ministerio-de-transicion-ecologica-el-desbloqueo-de-las-obras-para-construir-las-presas-de-nogalte-bejar-y-torrecilla-y-el-canal-de-la-rambla-de-biznaga\\\/\",\"url\":\"https:\\\/\\\/arealorcaradio.es\\\/index.php\\\/2024\\\/11\\\/05\\\/el-alcalde-de-lorca-exige-al-ministerio-de-transicion-ecologica-el-desbloqueo-de-las-obras-para-construir-las-presas-de-nogalte-bejar-y-torrecilla-y-el-canal-de-la-rambla-de-biznaga\\\/\",\"name\":\"El alcalde de Lorca exige al Ministerio de Transici\u00f3n Ecol\u00f3gica el desbloqueo de las obras para construir las presas de Nogalte, B\u00e9jar y Torrecilla y el canal de la rambla de Biznaga - AREA LORCA RADIO\",\"isPartOf\":{\"@id\":\"https:\\\/\\\/arealorcaradio.es\\\/#website\"},\"primaryImageOfPage\":{\"@id\":\"https:\\\/\\\/arealorcaradio.es\\\/index.php\\\/2024\\\/11\\\/05\\\/el-alcalde-de-lorca-exige-al-ministerio-de-transicion-ecologica-el-desbloqueo-de-las-obras-para-construir-las-presas-de-nogalte-bejar-y-torrecilla-y-el-canal-de-la-rambla-de-biznaga\\\/#primaryimage\"},\"image\":{\"@id\":\"https:\\\/\\\/arealorcaradio.es\\\/index.php\\\/2024\\\/11\\\/05\\\/el-alcalde-de-lorca-exige-al-ministerio-de-transicion-ecologica-el-desbloqueo-de-las-obras-para-construir-las-presas-de-nogalte-bejar-y-torrecilla-y-el-canal-de-la-rambla-de-biznaga\\\/#primaryimage\"},\"thumbnailUrl\":\"https:\\\/\\\/arealorcaradio.es\\\/wp-content\\\/uploads\\\/2024\\\/11\\\/FOTO2-ALCALDE.jpeg\",\"datePublished\":\"2024-11-05T11:59:18+00:00\",\"author\":{\"@id\":\"https:\\\/\\\/arealorcaradio.es\\\/#\\\/schema\\\/person\\\/9fae605fc25b0f2c83c1ab207139bd27\"},\"breadcrumb\":{\"@id\":\"https:\\\/\\\/arealorcaradio.es\\\/index.php\\\/2024\\\/11\\\/05\\\/el-alcalde-de-lorca-exige-al-ministerio-de-transicion-ecologica-el-desbloqueo-de-las-obras-para-construir-las-presas-de-nogalte-bejar-y-torrecilla-y-el-canal-de-la-rambla-de-biznaga\\\/#breadcrumb\"},\"inLanguage\":\"es\",\"potentialAction\":[{\"@type\":\"ReadAction\",\"target\":[\"https:\\\/\\\/arealorcaradio.es\\\/index.php\\\/2024\\\/11\\\/05\\\/el-alcalde-de-lorca-exige-al-ministerio-de-transicion-ecologica-el-desbloqueo-de-las-obras-para-construir-las-presas-de-nogalte-bejar-y-torrecilla-y-el-canal-de-la-rambla-de-biznaga\\\/\"]}]},{\"@type\":\"ImageObject\",\"inLanguage\":\"es\",\"@id\":\"https:\\\/\\\/arealorcaradio.es\\\/index.php\\\/2024\\\/11\\\/05\\\/el-alcalde-de-lorca-exige-al-ministerio-de-transicion-ecologica-el-desbloqueo-de-las-obras-para-construir-las-presas-de-nogalte-bejar-y-torrecilla-y-el-canal-de-la-rambla-de-biznaga\\\/#primaryimage\",\"url\":\"https:\\\/\\\/arealorcaradio.es\\\/wp-content\\\/uploads\\\/2024\\\/11\\\/FOTO2-ALCALDE.jpeg\",\"contentUrl\":\"https:\\\/\\\/arealorcaradio.es\\\/wp-content\\\/uploads\\\/2024\\\/11\\\/FOTO2-ALCALDE.jpeg\",\"width\":1600,\"height\":1066},{\"@type\":\"BreadcrumbList\",\"@id\":\"https:\\\/\\\/arealorcaradio.es\\\/index.php\\\/2024\\\/11\\\/05\\\/el-alcalde-de-lorca-exige-al-ministerio-de-transicion-ecologica-el-desbloqueo-de-las-obras-para-construir-las-presas-de-nogalte-bejar-y-torrecilla-y-el-canal-de-la-rambla-de-biznaga\\\/#breadcrumb\",\"itemListElement\":[{\"@type\":\"ListItem\",\"position\":1,\"name\":\"Portada\",\"item\":\"https:\\\/\\\/arealorcaradio.es\\\/\"},{\"@type\":\"ListItem\",\"position\":2,\"name\":\"El alcalde de Lorca exige al Ministerio de Transici\u00f3n Ecol\u00f3gica el desbloqueo de las obras para construir las presas de Nogalte, B\u00e9jar y Torrecilla y el canal de la rambla de Biznaga\"}]},{\"@type\":\"WebSite\",\"@id\":\"https:\\\/\\\/arealorcaradio.es\\\/#website\",\"url\":\"https:\\\/\\\/arealorcaradio.es\\\/\",\"name\":\"AREA LORCA RADIO\",\"description\":\"Descubre la programaci\u00f3n actual en \u00c1rea Lorca Radio, tu fuente de entrenamiento y noticias locales. Sintoniza ahora y mantente conectado online.\",\"potentialAction\":[{\"@type\":\"SearchAction\",\"target\":{\"@type\":\"EntryPoint\",\"urlTemplate\":\"https:\\\/\\\/arealorcaradio.es\\\/?s={search_term_string}\"},\"query-input\":{\"@type\":\"PropertyValueSpecification\",\"valueRequired\":true,\"valueName\":\"search_term_string\"}}],\"inLanguage\":\"es\"},{\"@type\":\"Person\",\"@id\":\"https:\\\/\\\/arealorcaradio.es\\\/#\\\/schema\\\/person\\\/9fae605fc25b0f2c83c1ab207139bd27\",\"name\":\"Paco S\u00e1nchez\",\"image\":{\"@type\":\"ImageObject\",\"inLanguage\":\"es\",\"@id\":\"https:\\\/\\\/secure.gravatar.com\\\/avatar\\\/d67144e966420fb74aa84c9f2a0103be4724fd14db52b52d3b6bca749f257e79?s=96&d=mm&r=g\",\"url\":\"https:\\\/\\\/secure.gravatar.com\\\/avatar\\\/d67144e966420fb74aa84c9f2a0103be4724fd14db52b52d3b6bca749f257e79?s=96&d=mm&r=g\",\"contentUrl\":\"https:\\\/\\\/secure.gravatar.com\\\/avatar\\\/d67144e966420fb74aa84c9f2a0103be4724fd14db52b52d3b6bca749f257e79?s=96&d=mm&r=g\",\"caption\":\"Paco S\u00e1nchez\"},\"sameAs\":[\"https:\\\/\\\/arealorcaradio.es\"],\"url\":\"https:\\\/\\\/arealorcaradio.es\\\/index.php\\\/author\\\/admin_alorcaradio\\\/\"}]}<\/script>\n<!-- \/ Yoast SEO plugin. -->","yoast_head_json":{"title":"El alcalde de Lorca exige al Ministerio de Transici\u00f3n Ecol\u00f3gica el desbloqueo de las obras para construir las presas de Nogalte, B\u00e9jar y Torrecilla y el canal de la rambla de Biznaga - AREA LORCA RADIO","robots":{"index":"index","follow":"follow","max-snippet":"max-snippet:-1","max-image-preview":"max-image-preview:large","max-video-preview":"max-video-preview:-1"},"canonical":"https:\/\/arealorcaradio.es\/index.php\/2024\/11\/05\/el-alcalde-de-lorca-exige-al-ministerio-de-transicion-ecologica-el-desbloqueo-de-las-obras-para-construir-las-presas-de-nogalte-bejar-y-torrecilla-y-el-canal-de-la-rambla-de-biznaga\/","og_locale":"es_ES","og_type":"article","og_title":"El alcalde de Lorca exige al Ministerio de Transici\u00f3n Ecol\u00f3gica el desbloqueo de las obras para construir las presas de Nogalte, B\u00e9jar y Torrecilla y el canal de la rambla de Biznaga - AREA LORCA RADIO","og_description":"\u00c1REA LORCA RADIO. Lorca, 5 de noviembre de 2024.\u00a0El alcalde de Lorca, Fulgencio Gil, ha exigido la reactivaci\u00f3n inmediata de las obras para que los lorquinos cuenten con las infraestructuras de protecci\u00f3n frente a inundaciones que quedaron marcadas a ra\u00edz de las consecuencias de la inundaci\u00f3n de 2012. Se trata de las presas de Nogalte, [&hellip;]","og_url":"https:\/\/arealorcaradio.es\/index.php\/2024\/11\/05\/el-alcalde-de-lorca-exige-al-ministerio-de-transicion-ecologica-el-desbloqueo-de-las-obras-para-construir-las-presas-de-nogalte-bejar-y-torrecilla-y-el-canal-de-la-rambla-de-biznaga\/","og_site_name":"AREA LORCA RADIO","article_published_time":"2024-11-05T11:59:18+00:00","og_image":[{"width":1600,"height":1066,"url":"https:\/\/arealorcaradio.es\/wp-content\/uploads\/2024\/11\/FOTO2-ALCALDE.jpeg","type":"image\/jpeg"}],"author":"Paco S\u00e1nchez","twitter_card":"summary_large_image","twitter_misc":{"Escrito por":"Paco S\u00e1nchez","Tiempo de lectura":"5 minutos"},"schema":{"@context":"https:\/\/schema.org","@graph":[{"@type":"Article","@id":"https:\/\/arealorcaradio.es\/index.php\/2024\/11\/05\/el-alcalde-de-lorca-exige-al-ministerio-de-transicion-ecologica-el-desbloqueo-de-las-obras-para-construir-las-presas-de-nogalte-bejar-y-torrecilla-y-el-canal-de-la-rambla-de-biznaga\/#article","isPartOf":{"@id":"https:\/\/arealorcaradio.es\/index.php\/2024\/11\/05\/el-alcalde-de-lorca-exige-al-ministerio-de-transicion-ecologica-el-desbloqueo-de-las-obras-para-construir-las-presas-de-nogalte-bejar-y-torrecilla-y-el-canal-de-la-rambla-de-biznaga\/"},"author":{"name":"Paco S\u00e1nchez","@id":"https:\/\/arealorcaradio.es\/#\/schema\/person\/9fae605fc25b0f2c83c1ab207139bd27"},"headline":"El alcalde de Lorca exige al Ministerio de Transici\u00f3n Ecol\u00f3gica el desbloqueo de las obras para construir las presas de Nogalte, B\u00e9jar y Torrecilla y el canal de la rambla de Biznaga","datePublished":"2024-11-05T11:59:18+00:00","mainEntityOfPage":{"@id":"https:\/\/arealorcaradio.es\/index.php\/2024\/11\/05\/el-alcalde-de-lorca-exige-al-ministerio-de-transicion-ecologica-el-desbloqueo-de-las-obras-para-construir-las-presas-de-nogalte-bejar-y-torrecilla-y-el-canal-de-la-rambla-de-biznaga\/"},"wordCount":1014,"commentCount":0,"image":{"@id":"https:\/\/arealorcaradio.es\/index.php\/2024\/11\/05\/el-alcalde-de-lorca-exige-al-ministerio-de-transicion-ecologica-el-desbloqueo-de-las-obras-para-construir-las-presas-de-nogalte-bejar-y-torrecilla-y-el-canal-de-la-rambla-de-biznaga\/#primaryimage"},"thumbnailUrl":"https:\/\/arealorcaradio.es\/wp-content\/uploads\/2024\/11\/FOTO2-ALCALDE.jpeg","articleSection":["ACTUALIDAD","LORCA"],"inLanguage":"es","potentialAction":[{"@type":"CommentAction","name":"Comment","target":["https:\/\/arealorcaradio.es\/index.php\/2024\/11\/05\/el-alcalde-de-lorca-exige-al-ministerio-de-transicion-ecologica-el-desbloqueo-de-las-obras-para-construir-las-presas-de-nogalte-bejar-y-torrecilla-y-el-canal-de-la-rambla-de-biznaga\/#respond"]}]},{"@type":"WebPage","@id":"https:\/\/arealorcaradio.es\/index.php\/2024\/11\/05\/el-alcalde-de-lorca-exige-al-ministerio-de-transicion-ecologica-el-desbloqueo-de-las-obras-para-construir-las-presas-de-nogalte-bejar-y-torrecilla-y-el-canal-de-la-rambla-de-biznaga\/","url":"https:\/\/arealorcaradio.es\/index.php\/2024\/11\/05\/el-alcalde-de-lorca-exige-al-ministerio-de-transicion-ecologica-el-desbloqueo-de-las-obras-para-construir-las-presas-de-nogalte-bejar-y-torrecilla-y-el-canal-de-la-rambla-de-biznaga\/","name":"El alcalde de Lorca exige al Ministerio de Transici\u00f3n Ecol\u00f3gica el desbloqueo de las obras para construir las presas de Nogalte, B\u00e9jar y Torrecilla y el canal de la rambla de Biznaga - AREA LORCA RADIO","isPartOf":{"@id":"https:\/\/arealorcaradio.es\/#website"},"primaryImageOfPage":{"@id":"https:\/\/arealorcaradio.es\/index.php\/2024\/11\/05\/el-alcalde-de-lorca-exige-al-ministerio-de-transicion-ecologica-el-desbloqueo-de-las-obras-para-construir-las-presas-de-nogalte-bejar-y-torrecilla-y-el-canal-de-la-rambla-de-biznaga\/#primaryimage"},"image":{"@id":"https:\/\/arealorcaradio.es\/index.php\/2024\/11\/05\/el-alcalde-de-lorca-exige-al-ministerio-de-transicion-ecologica-el-desbloqueo-de-las-obras-para-construir-las-presas-de-nogalte-bejar-y-torrecilla-y-el-canal-de-la-rambla-de-biznaga\/#primaryimage"},"thumbnailUrl":"https:\/\/arealorcaradio.es\/wp-content\/uploads\/2024\/11\/FOTO2-ALCALDE.jpeg","datePublished":"2024-11-05T11:59:18+00:00","author":{"@id":"https:\/\/arealorcaradio.es\/#\/schema\/person\/9fae605fc25b0f2c83c1ab207139bd27"},"breadcrumb":{"@id":"https:\/\/arealorcaradio.es\/index.php\/2024\/11\/05\/el-alcalde-de-lorca-exige-al-ministerio-de-transicion-ecologica-el-desbloqueo-de-las-obras-para-construir-las-presas-de-nogalte-bejar-y-torrecilla-y-el-canal-de-la-rambla-de-biznaga\/#breadcrumb"},"inLanguage":"es","potentialAction":[{"@type":"ReadAction","target":["https:\/\/arealorcaradio.es\/index.php\/2024\/11\/05\/el-alcalde-de-lorca-exige-al-ministerio-de-transicion-ecologica-el-desbloqueo-de-las-obras-para-construir-las-presas-de-nogalte-bejar-y-torrecilla-y-el-canal-de-la-rambla-de-biznaga\/"]}]},{"@type":"ImageObject","inLanguage":"es","@id":"https:\/\/arealorcaradio.es\/index.php\/2024\/11\/05\/el-alcalde-de-lorca-exige-al-ministerio-de-transicion-ecologica-el-desbloqueo-de-las-obras-para-construir-las-presas-de-nogalte-bejar-y-torrecilla-y-el-canal-de-la-rambla-de-biznaga\/#primaryimage","url":"https:\/\/arealorcaradio.es\/wp-content\/uploads\/2024\/11\/FOTO2-ALCALDE.jpeg","contentUrl":"https:\/\/arealorcaradio.es\/wp-content\/uploads\/2024\/11\/FOTO2-ALCALDE.jpeg","width":1600,"height":1066},{"@type":"BreadcrumbList","@id":"https:\/\/arealorcaradio.es\/index.php\/2024\/11\/05\/el-alcalde-de-lorca-exige-al-ministerio-de-transicion-ecologica-el-desbloqueo-de-las-obras-para-construir-las-presas-de-nogalte-bejar-y-torrecilla-y-el-canal-de-la-rambla-de-biznaga\/#breadcrumb","itemListElement":[{"@type":"ListItem","position":1,"name":"Portada","item":"https:\/\/arealorcaradio.es\/"},{"@type":"ListItem","position":2,"name":"El alcalde de Lorca exige al Ministerio de Transici\u00f3n Ecol\u00f3gica el desbloqueo de las obras para construir las presas de Nogalte, B\u00e9jar y Torrecilla y el canal de la rambla de Biznaga"}]},{"@type":"WebSite","@id":"https:\/\/arealorcaradio.es\/#website","url":"https:\/\/arealorcaradio.es\/","name":"AREA LORCA RADIO","description":"Descubre la programaci\u00f3n actual en \u00c1rea Lorca Radio, tu fuente de entrenamiento y noticias locales. Sintoniza ahora y mantente conectado online.","potentialAction":[{"@type":"SearchAction","target":{"@type":"EntryPoint","urlTemplate":"https:\/\/arealorcaradio.es\/?s={search_term_string}"},"query-input":{"@type":"PropertyValueSpecification","valueRequired":true,"valueName":"search_term_string"}}],"inLanguage":"es"},{"@type":"Person","@id":"https:\/\/arealorcaradio.es\/#\/schema\/person\/9fae605fc25b0f2c83c1ab207139bd27","name":"Paco S\u00e1nchez","image":{"@type":"ImageObject","inLanguage":"es","@id":"https:\/\/secure.gravatar.com\/avatar\/d67144e966420fb74aa84c9f2a0103be4724fd14db52b52d3b6bca749f257e79?s=96&d=mm&r=g","url":"https:\/\/secure.gravatar.com\/avatar\/d67144e966420fb74aa84c9f2a0103be4724fd14db52b52d3b6bca749f257e79?s=96&d=mm&r=g","contentUrl":"https:\/\/secure.gravatar.com\/avatar\/d67144e966420fb74aa84c9f2a0103be4724fd14db52b52d3b6bca749f257e79?s=96&d=mm&r=g","caption":"Paco S\u00e1nchez"},"sameAs":["https:\/\/arealorcaradio.es"],"url":"https:\/\/arealorcaradio.es\/index.php\/author\/admin_alorcaradio\/"}]}},"_links":{"self":[{"href":"https:\/\/arealorcaradio.es\/index.php\/wp-json\/wp\/v2\/posts\/4565","targetHints":{"allow":["GET"]}}],"collection":[{"href":"https:\/\/arealorcaradio.es\/index.php\/wp-json\/wp\/v2\/posts"}],"about":[{"href":"https:\/\/arealorcaradio.es\/index.php\/wp-json\/wp\/v2\/types\/post"}],"author":[{"embeddable":true,"href":"https:\/\/arealorcaradio.es\/index.php\/wp-json\/wp\/v2\/users\/1"}],"replies":[{"embeddable":true,"href":"https:\/\/arealorcaradio.es\/index.php\/wp-json\/wp\/v2\/comments?post=4565"}],"version-history":[{"count":1,"href":"https:\/\/arealorcaradio.es\/index.php\/wp-json\/wp\/v2\/posts\/4565\/revisions"}],"predecessor-version":[{"id":4571,"href":"https:\/\/arealorcaradio.es\/index.php\/wp-json\/wp\/v2\/posts\/4565\/revisions\/4571"}],"wp:featuredmedia":[{"embeddable":true,"href":"https:\/\/arealorcaradio.es\/index.php\/wp-json\/wp\/v2\/media\/4570"}],"wp:attachment":[{"href":"https:\/\/arealorcaradio.es\/index.php\/wp-json\/wp\/v2\/media?parent=4565"}],"wp:term":[{"taxonomy":"category","embeddable":true,"href":"https:\/\/arealorcaradio.es\/index.php\/wp-json\/wp\/v2\/categories?post=4565"},{"taxonomy":"post_tag","embeddable":true,"href":"https:\/\/arealorcaradio.es\/index.php\/wp-json\/wp\/v2\/tags?post=4565"}],"curies":[{"name":"wp","href":"https:\/\/api.w.org\/{rel}","templated":true}]}}