{"id":4506,"date":"2024-10-30T17:58:21","date_gmt":"2024-10-30T17:58:21","guid":{"rendered":"https:\/\/arealorcaradio.es\/?p=4506"},"modified":"2024-10-30T18:00:45","modified_gmt":"2024-10-30T18:00:45","slug":"el-piloto-de-motocross-beni-garcia-finaliza-el-campeonato-de-espana-como-cuarto-mejor-piloto-debutante-en-la-categoria-mx125","status":"publish","type":"post","link":"https:\/\/arealorcaradio.es\/index.php\/2024\/10\/30\/el-piloto-de-motocross-beni-garcia-finaliza-el-campeonato-de-espana-como-cuarto-mejor-piloto-debutante-en-la-categoria-mx125\/","title":{"rendered":"El piloto de motocross Beni Garc\u00eda finaliza el Campeonato de Espa\u00f1a como cuarto mejor piloto debutante en la categor\u00eda MX125"},"content":{"rendered":"<p>\u00c1REA LORCA RADIO.<\/p>\n<p>Escucha aqu\u00ed la entrevista que ha concedido el piloto de Motocross Beni Garc\u00eda a Paco S\u00e1nchez en el programa \u00c1rea Lorca Deportes. En ella hace balance de lo que ha sido su primera temporada en la categor\u00eda MX125 de Motocross en el Campeonato de Espa\u00f1a y Campeonato Murciano donde finaliz\u00f3 segundo.<\/p>\n<audio class=\"wp-audio-shortcode\" id=\"audio-4506-1\" preload=\"none\" style=\"width: 100%;\" controls=\"controls\"><source type=\"audio\/mpeg\" src=\"https:\/\/arealorcaradio.es\/wp-content\/uploads\/2024\/10\/301024-BENI-GARCIA.-BALANCE-TEMP-24.mp3?_=1\" \/><a href=\"https:\/\/arealorcaradio.es\/wp-content\/uploads\/2024\/10\/301024-BENI-GARCIA.-BALANCE-TEMP-24.mp3\">https:\/\/arealorcaradio.es\/wp-content\/uploads\/2024\/10\/301024-BENI-GARCIA.-BALANCE-TEMP-24.mp3<\/a><\/audio>\n<p><img loading=\"lazy\" decoding=\"async\" class=\"alignnone wp-image-4510\" src=\"https:\/\/arealorcaradio.es\/wp-content\/uploads\/2024\/10\/20241030_175608-300x225.jpg\" alt=\"\" width=\"267\" height=\"200\" srcset=\"https:\/\/arealorcaradio.es\/wp-content\/uploads\/2024\/10\/20241030_175608-300x225.jpg 300w, https:\/\/arealorcaradio.es\/wp-content\/uploads\/2024\/10\/20241030_175608-1024x768.jpg 1024w, https:\/\/arealorcaradio.es\/wp-content\/uploads\/2024\/10\/20241030_175608-768x576.jpg 768w, https:\/\/arealorcaradio.es\/wp-content\/uploads\/2024\/10\/20241030_175608-1536x1152.jpg 1536w, https:\/\/arealorcaradio.es\/wp-content\/uploads\/2024\/10\/20241030_175608-2048x1536.jpg 2048w, https:\/\/arealorcaradio.es\/wp-content\/uploads\/2024\/10\/20241030_175608-86x64.jpg 86w\" sizes=\"auto, (max-width: 267px) 100vw, 267px\" \/> \u00a0<img loading=\"lazy\" decoding=\"async\" class=\"alignnone size-medium wp-image-4511\" src=\"https:\/\/arealorcaradio.es\/wp-content\/uploads\/2024\/10\/IMG-20241028-WA0004-300x200.jpg\" alt=\"\" width=\"300\" height=\"200\" srcset=\"https:\/\/arealorcaradio.es\/wp-content\/uploads\/2024\/10\/IMG-20241028-WA0004-300x200.jpg 300w, https:\/\/arealorcaradio.es\/wp-content\/uploads\/2024\/10\/IMG-20241028-WA0004-1024x683.jpg 1024w, https:\/\/arealorcaradio.es\/wp-content\/uploads\/2024\/10\/IMG-20241028-WA0004-768x512.jpg 768w, https:\/\/arealorcaradio.es\/wp-content\/uploads\/2024\/10\/IMG-20241028-WA0004-1536x1024.jpg 1536w, https:\/\/arealorcaradio.es\/wp-content\/uploads\/2024\/10\/IMG-20241028-WA0004.jpg 1968w\" sizes=\"auto, (max-width: 300px) 100vw, 300px\" \/><img loading=\"lazy\" decoding=\"async\" class=\"alignnone size-medium wp-image-4512\" src=\"https:\/\/arealorcaradio.es\/wp-content\/uploads\/2024\/10\/IMG-20241028-WA0002-300x200.jpg\" alt=\"\" width=\"300\" height=\"200\" srcset=\"https:\/\/arealorcaradio.es\/wp-content\/uploads\/2024\/10\/IMG-20241028-WA0002-300x200.jpg 300w, https:\/\/arealorcaradio.es\/wp-content\/uploads\/2024\/10\/IMG-20241028-WA0002-1024x683.jpg 1024w, https:\/\/arealorcaradio.es\/wp-content\/uploads\/2024\/10\/IMG-20241028-WA0002-768x512.jpg 768w, https:\/\/arealorcaradio.es\/wp-content\/uploads\/2024\/10\/IMG-20241028-WA0002-1536x1024.jpg 1536w, https:\/\/arealorcaradio.es\/wp-content\/uploads\/2024\/10\/IMG-20241028-WA0002.jpg 1968w\" sizes=\"auto, (max-width: 300px) 100vw, 300px\" \/> \u00a0<img loading=\"lazy\" decoding=\"async\" class=\"alignnone size-medium wp-image-4513\" src=\"https:\/\/arealorcaradio.es\/wp-content\/uploads\/2024\/10\/IMG-20241028-WA0005-300x200.jpg\" alt=\"\" width=\"300\" height=\"200\" srcset=\"https:\/\/arealorcaradio.es\/wp-content\/uploads\/2024\/10\/IMG-20241028-WA0005-300x200.jpg 300w, https:\/\/arealorcaradio.es\/wp-content\/uploads\/2024\/10\/IMG-20241028-WA0005-1024x681.jpg 1024w, https:\/\/arealorcaradio.es\/wp-content\/uploads\/2024\/10\/IMG-20241028-WA0005-768x511.jpg 768w, https:\/\/arealorcaradio.es\/wp-content\/uploads\/2024\/10\/IMG-20241028-WA0005-1536x1022.jpg 1536w, https:\/\/arealorcaradio.es\/wp-content\/uploads\/2024\/10\/IMG-20241028-WA0005.jpg 2048w\" sizes=\"auto, (max-width: 300px) 100vw, 300px\" \/><\/p>\n","protected":false},"excerpt":{"rendered":"<p>\u00c1REA LORCA RADIO. Escucha aqu\u00ed la entrevista que ha concedido el piloto de Motocross Beni Garc\u00eda a Paco S\u00e1nchez en el programa \u00c1rea Lorca Deportes. En ella hace balance de lo que ha sido su primera temporada en la categor\u00eda MX125 de Motocross en el Campeonato de Espa\u00f1a y Campeonato Murciano donde finaliz\u00f3 segundo. \u00a0 [&hellip;]<\/p>\n","protected":false},"author":1,"featured_media":4508,"comment_status":"open","ping_status":"open","sticky":false,"template":"","format":"standard","meta":{"iawp_total_views":59,"footnotes":""},"categories":[4,7],"tags":[],"class_list":["post-4506","post","type-post","status-publish","format-standard","has-post-thumbnail","hentry","category-deportes","category-lorca"],"yoast_head":"<!-- This site is optimized with the Yoast SEO plugin v27.5 - https:\/\/yoast.com\/product\/yoast-seo-wordpress\/ -->\n<title>El piloto de motocross Beni Garc\u00eda finaliza el Campeonato de Espa\u00f1a como cuarto mejor piloto debutante en la categor\u00eda MX125 - AREA LORCA RADIO<\/title>\n<meta name=\"robots\" content=\"index, follow, max-snippet:-1, max-image-preview:large, max-video-preview:-1\" \/>\n<link rel=\"canonical\" href=\"https:\/\/arealorcaradio.es\/index.php\/2024\/10\/30\/el-piloto-de-motocross-beni-garcia-finaliza-el-campeonato-de-espana-como-cuarto-mejor-piloto-debutante-en-la-categoria-mx125\/\" \/>\n<meta property=\"og:locale\" content=\"es_ES\" \/>\n<meta property=\"og:type\" content=\"article\" \/>\n<meta property=\"og:title\" content=\"El piloto de motocross Beni Garc\u00eda finaliza el Campeonato de Espa\u00f1a como cuarto mejor piloto debutante en la categor\u00eda MX125 - AREA LORCA RADIO\" \/>\n<meta property=\"og:description\" content=\"\u00c1REA LORCA RADIO. Escucha aqu\u00ed la entrevista que ha concedido el piloto de Motocross Beni Garc\u00eda a Paco S\u00e1nchez en el programa \u00c1rea Lorca Deportes. En ella hace balance de lo que ha sido su primera temporada en la categor\u00eda MX125 de Motocross en el Campeonato de Espa\u00f1a y Campeonato Murciano donde finaliz\u00f3 segundo. \u00a0 [&hellip;]\" \/>\n<meta property=\"og:url\" content=\"https:\/\/arealorcaradio.es\/index.php\/2024\/10\/30\/el-piloto-de-motocross-beni-garcia-finaliza-el-campeonato-de-espana-como-cuarto-mejor-piloto-debutante-en-la-categoria-mx125\/\" \/>\n<meta property=\"og:site_name\" content=\"AREA LORCA RADIO\" \/>\n<meta property=\"article:published_time\" content=\"2024-10-30T17:58:21+00:00\" \/>\n<meta property=\"article:modified_time\" content=\"2024-10-30T18:00:45+00:00\" \/>\n<meta property=\"og:image\" content=\"https:\/\/arealorcaradio.es\/wp-content\/uploads\/2024\/10\/IMG-20241028-WA0003.jpg\" \/>\n\t<meta property=\"og:image:width\" content=\"1968\" \/>\n\t<meta property=\"og:image:height\" content=\"1312\" \/>\n\t<meta property=\"og:image:type\" content=\"image\/jpeg\" \/>\n<meta name=\"author\" content=\"Paco S\u00e1nchez\" \/>\n<meta name=\"twitter:card\" content=\"summary_large_image\" \/>\n<meta name=\"twitter:label1\" content=\"Escrito por\" \/>\n\t<meta name=\"twitter:data1\" content=\"Paco S\u00e1nchez\" \/>\n\t<meta name=\"twitter:label2\" content=\"Tiempo de lectura\" \/>\n\t<meta name=\"twitter:data2\" content=\"2 minutos\" \/>\n<script type=\"application\/ld+json\" class=\"yoast-schema-graph\">{\"@context\":\"https:\\\/\\\/schema.org\",\"@graph\":[{\"@type\":\"Article\",\"@id\":\"https:\\\/\\\/arealorcaradio.es\\\/index.php\\\/2024\\\/10\\\/30\\\/el-piloto-de-motocross-beni-garcia-finaliza-el-campeonato-de-espana-como-cuarto-mejor-piloto-debutante-en-la-categoria-mx125\\\/#article\",\"isPartOf\":{\"@id\":\"https:\\\/\\\/arealorcaradio.es\\\/index.php\\\/2024\\\/10\\\/30\\\/el-piloto-de-motocross-beni-garcia-finaliza-el-campeonato-de-espana-como-cuarto-mejor-piloto-debutante-en-la-categoria-mx125\\\/\"},\"author\":{\"name\":\"Paco S\u00e1nchez\",\"@id\":\"https:\\\/\\\/arealorcaradio.es\\\/#\\\/schema\\\/person\\\/9fae605fc25b0f2c83c1ab207139bd27\"},\"headline\":\"El piloto de motocross Beni Garc\u00eda finaliza el Campeonato de Espa\u00f1a como cuarto mejor piloto debutante en la categor\u00eda MX125\",\"datePublished\":\"2024-10-30T17:58:21+00:00\",\"dateModified\":\"2024-10-30T18:00:45+00:00\",\"mainEntityOfPage\":{\"@id\":\"https:\\\/\\\/arealorcaradio.es\\\/index.php\\\/2024\\\/10\\\/30\\\/el-piloto-de-motocross-beni-garcia-finaliza-el-campeonato-de-espana-como-cuarto-mejor-piloto-debutante-en-la-categoria-mx125\\\/\"},\"wordCount\":92,\"commentCount\":0,\"image\":{\"@id\":\"https:\\\/\\\/arealorcaradio.es\\\/index.php\\\/2024\\\/10\\\/30\\\/el-piloto-de-motocross-beni-garcia-finaliza-el-campeonato-de-espana-como-cuarto-mejor-piloto-debutante-en-la-categoria-mx125\\\/#primaryimage\"},\"thumbnailUrl\":\"https:\\\/\\\/arealorcaradio.es\\\/wp-content\\\/uploads\\\/2024\\\/10\\\/IMG-20241028-WA0003.jpg\",\"articleSection\":[\"DEPORTES\",\"LORCA\"],\"inLanguage\":\"es\",\"potentialAction\":[{\"@type\":\"CommentAction\",\"name\":\"Comment\",\"target\":[\"https:\\\/\\\/arealorcaradio.es\\\/index.php\\\/2024\\\/10\\\/30\\\/el-piloto-de-motocross-beni-garcia-finaliza-el-campeonato-de-espana-como-cuarto-mejor-piloto-debutante-en-la-categoria-mx125\\\/#respond\"]}]},{\"@type\":\"WebPage\",\"@id\":\"https:\\\/\\\/arealorcaradio.es\\\/index.php\\\/2024\\\/10\\\/30\\\/el-piloto-de-motocross-beni-garcia-finaliza-el-campeonato-de-espana-como-cuarto-mejor-piloto-debutante-en-la-categoria-mx125\\\/\",\"url\":\"https:\\\/\\\/arealorcaradio.es\\\/index.php\\\/2024\\\/10\\\/30\\\/el-piloto-de-motocross-beni-garcia-finaliza-el-campeonato-de-espana-como-cuarto-mejor-piloto-debutante-en-la-categoria-mx125\\\/\",\"name\":\"El piloto de motocross Beni Garc\u00eda finaliza el Campeonato de Espa\u00f1a como cuarto mejor piloto debutante en la categor\u00eda MX125 - AREA LORCA RADIO\",\"isPartOf\":{\"@id\":\"https:\\\/\\\/arealorcaradio.es\\\/#website\"},\"primaryImageOfPage\":{\"@id\":\"https:\\\/\\\/arealorcaradio.es\\\/index.php\\\/2024\\\/10\\\/30\\\/el-piloto-de-motocross-beni-garcia-finaliza-el-campeonato-de-espana-como-cuarto-mejor-piloto-debutante-en-la-categoria-mx125\\\/#primaryimage\"},\"image\":{\"@id\":\"https:\\\/\\\/arealorcaradio.es\\\/index.php\\\/2024\\\/10\\\/30\\\/el-piloto-de-motocross-beni-garcia-finaliza-el-campeonato-de-espana-como-cuarto-mejor-piloto-debutante-en-la-categoria-mx125\\\/#primaryimage\"},\"thumbnailUrl\":\"https:\\\/\\\/arealorcaradio.es\\\/wp-content\\\/uploads\\\/2024\\\/10\\\/IMG-20241028-WA0003.jpg\",\"datePublished\":\"2024-10-30T17:58:21+00:00\",\"dateModified\":\"2024-10-30T18:00:45+00:00\",\"author\":{\"@id\":\"https:\\\/\\\/arealorcaradio.es\\\/#\\\/schema\\\/person\\\/9fae605fc25b0f2c83c1ab207139bd27\"},\"breadcrumb\":{\"@id\":\"https:\\\/\\\/arealorcaradio.es\\\/index.php\\\/2024\\\/10\\\/30\\\/el-piloto-de-motocross-beni-garcia-finaliza-el-campeonato-de-espana-como-cuarto-mejor-piloto-debutante-en-la-categoria-mx125\\\/#breadcrumb\"},\"inLanguage\":\"es\",\"potentialAction\":[{\"@type\":\"ReadAction\",\"target\":[\"https:\\\/\\\/arealorcaradio.es\\\/index.php\\\/2024\\\/10\\\/30\\\/el-piloto-de-motocross-beni-garcia-finaliza-el-campeonato-de-espana-como-cuarto-mejor-piloto-debutante-en-la-categoria-mx125\\\/\"]}]},{\"@type\":\"ImageObject\",\"inLanguage\":\"es\",\"@id\":\"https:\\\/\\\/arealorcaradio.es\\\/index.php\\\/2024\\\/10\\\/30\\\/el-piloto-de-motocross-beni-garcia-finaliza-el-campeonato-de-espana-como-cuarto-mejor-piloto-debutante-en-la-categoria-mx125\\\/#primaryimage\",\"url\":\"https:\\\/\\\/arealorcaradio.es\\\/wp-content\\\/uploads\\\/2024\\\/10\\\/IMG-20241028-WA0003.jpg\",\"contentUrl\":\"https:\\\/\\\/arealorcaradio.es\\\/wp-content\\\/uploads\\\/2024\\\/10\\\/IMG-20241028-WA0003.jpg\",\"width\":1968,\"height\":1312},{\"@type\":\"BreadcrumbList\",\"@id\":\"https:\\\/\\\/arealorcaradio.es\\\/index.php\\\/2024\\\/10\\\/30\\\/el-piloto-de-motocross-beni-garcia-finaliza-el-campeonato-de-espana-como-cuarto-mejor-piloto-debutante-en-la-categoria-mx125\\\/#breadcrumb\",\"itemListElement\":[{\"@type\":\"ListItem\",\"position\":1,\"name\":\"Portada\",\"item\":\"https:\\\/\\\/arealorcaradio.es\\\/\"},{\"@type\":\"ListItem\",\"position\":2,\"name\":\"El piloto de motocross Beni Garc\u00eda finaliza el Campeonato de Espa\u00f1a como cuarto mejor piloto debutante en la categor\u00eda MX125\"}]},{\"@type\":\"WebSite\",\"@id\":\"https:\\\/\\\/arealorcaradio.es\\\/#website\",\"url\":\"https:\\\/\\\/arealorcaradio.es\\\/\",\"name\":\"AREA LORCA RADIO\",\"description\":\"Descubre la programaci\u00f3n actual en \u00c1rea Lorca Radio, tu fuente de entrenamiento y noticias locales. Sintoniza ahora y mantente conectado online.\",\"potentialAction\":[{\"@type\":\"SearchAction\",\"target\":{\"@type\":\"EntryPoint\",\"urlTemplate\":\"https:\\\/\\\/arealorcaradio.es\\\/?s={search_term_string}\"},\"query-input\":{\"@type\":\"PropertyValueSpecification\",\"valueRequired\":true,\"valueName\":\"search_term_string\"}}],\"inLanguage\":\"es\"},{\"@type\":\"Person\",\"@id\":\"https:\\\/\\\/arealorcaradio.es\\\/#\\\/schema\\\/person\\\/9fae605fc25b0f2c83c1ab207139bd27\",\"name\":\"Paco S\u00e1nchez\",\"image\":{\"@type\":\"ImageObject\",\"inLanguage\":\"es\",\"@id\":\"https:\\\/\\\/secure.gravatar.com\\\/avatar\\\/d67144e966420fb74aa84c9f2a0103be4724fd14db52b52d3b6bca749f257e79?s=96&d=mm&r=g\",\"url\":\"https:\\\/\\\/secure.gravatar.com\\\/avatar\\\/d67144e966420fb74aa84c9f2a0103be4724fd14db52b52d3b6bca749f257e79?s=96&d=mm&r=g\",\"contentUrl\":\"https:\\\/\\\/secure.gravatar.com\\\/avatar\\\/d67144e966420fb74aa84c9f2a0103be4724fd14db52b52d3b6bca749f257e79?s=96&d=mm&r=g\",\"caption\":\"Paco S\u00e1nchez\"},\"sameAs\":[\"https:\\\/\\\/arealorcaradio.es\"],\"url\":\"https:\\\/\\\/arealorcaradio.es\\\/index.php\\\/author\\\/admin_alorcaradio\\\/\"}]}<\/script>\n<!-- \/ Yoast SEO plugin. -->","yoast_head_json":{"title":"El piloto de motocross Beni Garc\u00eda finaliza el Campeonato de Espa\u00f1a como cuarto mejor piloto debutante en la categor\u00eda MX125 - AREA LORCA RADIO","robots":{"index":"index","follow":"follow","max-snippet":"max-snippet:-1","max-image-preview":"max-image-preview:large","max-video-preview":"max-video-preview:-1"},"canonical":"https:\/\/arealorcaradio.es\/index.php\/2024\/10\/30\/el-piloto-de-motocross-beni-garcia-finaliza-el-campeonato-de-espana-como-cuarto-mejor-piloto-debutante-en-la-categoria-mx125\/","og_locale":"es_ES","og_type":"article","og_title":"El piloto de motocross Beni Garc\u00eda finaliza el Campeonato de Espa\u00f1a como cuarto mejor piloto debutante en la categor\u00eda MX125 - AREA LORCA RADIO","og_description":"\u00c1REA LORCA RADIO. Escucha aqu\u00ed la entrevista que ha concedido el piloto de Motocross Beni Garc\u00eda a Paco S\u00e1nchez en el programa \u00c1rea Lorca Deportes. En ella hace balance de lo que ha sido su primera temporada en la categor\u00eda MX125 de Motocross en el Campeonato de Espa\u00f1a y Campeonato Murciano donde finaliz\u00f3 segundo. \u00a0 [&hellip;]","og_url":"https:\/\/arealorcaradio.es\/index.php\/2024\/10\/30\/el-piloto-de-motocross-beni-garcia-finaliza-el-campeonato-de-espana-como-cuarto-mejor-piloto-debutante-en-la-categoria-mx125\/","og_site_name":"AREA LORCA RADIO","article_published_time":"2024-10-30T17:58:21+00:00","article_modified_time":"2024-10-30T18:00:45+00:00","og_image":[{"width":1968,"height":1312,"url":"https:\/\/arealorcaradio.es\/wp-content\/uploads\/2024\/10\/IMG-20241028-WA0003.jpg","type":"image\/jpeg"}],"author":"Paco S\u00e1nchez","twitter_card":"summary_large_image","twitter_misc":{"Escrito por":"Paco S\u00e1nchez","Tiempo de lectura":"2 minutos"},"schema":{"@context":"https:\/\/schema.org","@graph":[{"@type":"Article","@id":"https:\/\/arealorcaradio.es\/index.php\/2024\/10\/30\/el-piloto-de-motocross-beni-garcia-finaliza-el-campeonato-de-espana-como-cuarto-mejor-piloto-debutante-en-la-categoria-mx125\/#article","isPartOf":{"@id":"https:\/\/arealorcaradio.es\/index.php\/2024\/10\/30\/el-piloto-de-motocross-beni-garcia-finaliza-el-campeonato-de-espana-como-cuarto-mejor-piloto-debutante-en-la-categoria-mx125\/"},"author":{"name":"Paco S\u00e1nchez","@id":"https:\/\/arealorcaradio.es\/#\/schema\/person\/9fae605fc25b0f2c83c1ab207139bd27"},"headline":"El piloto de motocross Beni Garc\u00eda finaliza el Campeonato de Espa\u00f1a como cuarto mejor piloto debutante en la categor\u00eda MX125","datePublished":"2024-10-30T17:58:21+00:00","dateModified":"2024-10-30T18:00:45+00:00","mainEntityOfPage":{"@id":"https:\/\/arealorcaradio.es\/index.php\/2024\/10\/30\/el-piloto-de-motocross-beni-garcia-finaliza-el-campeonato-de-espana-como-cuarto-mejor-piloto-debutante-en-la-categoria-mx125\/"},"wordCount":92,"commentCount":0,"image":{"@id":"https:\/\/arealorcaradio.es\/index.php\/2024\/10\/30\/el-piloto-de-motocross-beni-garcia-finaliza-el-campeonato-de-espana-como-cuarto-mejor-piloto-debutante-en-la-categoria-mx125\/#primaryimage"},"thumbnailUrl":"https:\/\/arealorcaradio.es\/wp-content\/uploads\/2024\/10\/IMG-20241028-WA0003.jpg","articleSection":["DEPORTES","LORCA"],"inLanguage":"es","potentialAction":[{"@type":"CommentAction","name":"Comment","target":["https:\/\/arealorcaradio.es\/index.php\/2024\/10\/30\/el-piloto-de-motocross-beni-garcia-finaliza-el-campeonato-de-espana-como-cuarto-mejor-piloto-debutante-en-la-categoria-mx125\/#respond"]}]},{"@type":"WebPage","@id":"https:\/\/arealorcaradio.es\/index.php\/2024\/10\/30\/el-piloto-de-motocross-beni-garcia-finaliza-el-campeonato-de-espana-como-cuarto-mejor-piloto-debutante-en-la-categoria-mx125\/","url":"https:\/\/arealorcaradio.es\/index.php\/2024\/10\/30\/el-piloto-de-motocross-beni-garcia-finaliza-el-campeonato-de-espana-como-cuarto-mejor-piloto-debutante-en-la-categoria-mx125\/","name":"El piloto de motocross Beni Garc\u00eda finaliza el Campeonato de Espa\u00f1a como cuarto mejor piloto debutante en la categor\u00eda MX125 - AREA LORCA RADIO","isPartOf":{"@id":"https:\/\/arealorcaradio.es\/#website"},"primaryImageOfPage":{"@id":"https:\/\/arealorcaradio.es\/index.php\/2024\/10\/30\/el-piloto-de-motocross-beni-garcia-finaliza-el-campeonato-de-espana-como-cuarto-mejor-piloto-debutante-en-la-categoria-mx125\/#primaryimage"},"image":{"@id":"https:\/\/arealorcaradio.es\/index.php\/2024\/10\/30\/el-piloto-de-motocross-beni-garcia-finaliza-el-campeonato-de-espana-como-cuarto-mejor-piloto-debutante-en-la-categoria-mx125\/#primaryimage"},"thumbnailUrl":"https:\/\/arealorcaradio.es\/wp-content\/uploads\/2024\/10\/IMG-20241028-WA0003.jpg","datePublished":"2024-10-30T17:58:21+00:00","dateModified":"2024-10-30T18:00:45+00:00","author":{"@id":"https:\/\/arealorcaradio.es\/#\/schema\/person\/9fae605fc25b0f2c83c1ab207139bd27"},"breadcrumb":{"@id":"https:\/\/arealorcaradio.es\/index.php\/2024\/10\/30\/el-piloto-de-motocross-beni-garcia-finaliza-el-campeonato-de-espana-como-cuarto-mejor-piloto-debutante-en-la-categoria-mx125\/#breadcrumb"},"inLanguage":"es","potentialAction":[{"@type":"ReadAction","target":["https:\/\/arealorcaradio.es\/index.php\/2024\/10\/30\/el-piloto-de-motocross-beni-garcia-finaliza-el-campeonato-de-espana-como-cuarto-mejor-piloto-debutante-en-la-categoria-mx125\/"]}]},{"@type":"ImageObject","inLanguage":"es","@id":"https:\/\/arealorcaradio.es\/index.php\/2024\/10\/30\/el-piloto-de-motocross-beni-garcia-finaliza-el-campeonato-de-espana-como-cuarto-mejor-piloto-debutante-en-la-categoria-mx125\/#primaryimage","url":"https:\/\/arealorcaradio.es\/wp-content\/uploads\/2024\/10\/IMG-20241028-WA0003.jpg","contentUrl":"https:\/\/arealorcaradio.es\/wp-content\/uploads\/2024\/10\/IMG-20241028-WA0003.jpg","width":1968,"height":1312},{"@type":"BreadcrumbList","@id":"https:\/\/arealorcaradio.es\/index.php\/2024\/10\/30\/el-piloto-de-motocross-beni-garcia-finaliza-el-campeonato-de-espana-como-cuarto-mejor-piloto-debutante-en-la-categoria-mx125\/#breadcrumb","itemListElement":[{"@type":"ListItem","position":1,"name":"Portada","item":"https:\/\/arealorcaradio.es\/"},{"@type":"ListItem","position":2,"name":"El piloto de motocross Beni Garc\u00eda finaliza el Campeonato de Espa\u00f1a como cuarto mejor piloto debutante en la categor\u00eda MX125"}]},{"@type":"WebSite","@id":"https:\/\/arealorcaradio.es\/#website","url":"https:\/\/arealorcaradio.es\/","name":"AREA LORCA RADIO","description":"Descubre la programaci\u00f3n actual en \u00c1rea Lorca Radio, tu fuente de entrenamiento y noticias locales. Sintoniza ahora y mantente conectado online.","potentialAction":[{"@type":"SearchAction","target":{"@type":"EntryPoint","urlTemplate":"https:\/\/arealorcaradio.es\/?s={search_term_string}"},"query-input":{"@type":"PropertyValueSpecification","valueRequired":true,"valueName":"search_term_string"}}],"inLanguage":"es"},{"@type":"Person","@id":"https:\/\/arealorcaradio.es\/#\/schema\/person\/9fae605fc25b0f2c83c1ab207139bd27","name":"Paco S\u00e1nchez","image":{"@type":"ImageObject","inLanguage":"es","@id":"https:\/\/secure.gravatar.com\/avatar\/d67144e966420fb74aa84c9f2a0103be4724fd14db52b52d3b6bca749f257e79?s=96&d=mm&r=g","url":"https:\/\/secure.gravatar.com\/avatar\/d67144e966420fb74aa84c9f2a0103be4724fd14db52b52d3b6bca749f257e79?s=96&d=mm&r=g","contentUrl":"https:\/\/secure.gravatar.com\/avatar\/d67144e966420fb74aa84c9f2a0103be4724fd14db52b52d3b6bca749f257e79?s=96&d=mm&r=g","caption":"Paco S\u00e1nchez"},"sameAs":["https:\/\/arealorcaradio.es"],"url":"https:\/\/arealorcaradio.es\/index.php\/author\/admin_alorcaradio\/"}]}},"_links":{"self":[{"href":"https:\/\/arealorcaradio.es\/index.php\/wp-json\/wp\/v2\/posts\/4506","targetHints":{"allow":["GET"]}}],"collection":[{"href":"https:\/\/arealorcaradio.es\/index.php\/wp-json\/wp\/v2\/posts"}],"about":[{"href":"https:\/\/arealorcaradio.es\/index.php\/wp-json\/wp\/v2\/types\/post"}],"author":[{"embeddable":true,"href":"https:\/\/arealorcaradio.es\/index.php\/wp-json\/wp\/v2\/users\/1"}],"replies":[{"embeddable":true,"href":"https:\/\/arealorcaradio.es\/index.php\/wp-json\/wp\/v2\/comments?post=4506"}],"version-history":[{"count":2,"href":"https:\/\/arealorcaradio.es\/index.php\/wp-json\/wp\/v2\/posts\/4506\/revisions"}],"predecessor-version":[{"id":4515,"href":"https:\/\/arealorcaradio.es\/index.php\/wp-json\/wp\/v2\/posts\/4506\/revisions\/4515"}],"wp:featuredmedia":[{"embeddable":true,"href":"https:\/\/arealorcaradio.es\/index.php\/wp-json\/wp\/v2\/media\/4508"}],"wp:attachment":[{"href":"https:\/\/arealorcaradio.es\/index.php\/wp-json\/wp\/v2\/media?parent=4506"}],"wp:term":[{"taxonomy":"category","embeddable":true,"href":"https:\/\/arealorcaradio.es\/index.php\/wp-json\/wp\/v2\/categories?post=4506"},{"taxonomy":"post_tag","embeddable":true,"href":"https:\/\/arealorcaradio.es\/index.php\/wp-json\/wp\/v2\/tags?post=4506"}],"curies":[{"name":"wp","href":"https:\/\/api.w.org\/{rel}","templated":true}]}}