{"id":4495,"date":"2024-10-30T17:58:42","date_gmt":"2024-10-30T17:58:42","guid":{"rendered":"https:\/\/arealorcaradio.es\/?p=4495"},"modified":"2024-10-30T17:58:42","modified_gmt":"2024-10-30T17:58:42","slug":"miriam-andreu-diaz-en-albacete-me-siento-respetada-y-querida-tanto-por-la-universidad-como-por-mi-club-el-triatlon-albacete","status":"publish","type":"post","link":"https:\/\/arealorcaradio.es\/index.php\/2024\/10\/30\/miriam-andreu-diaz-en-albacete-me-siento-respetada-y-querida-tanto-por-la-universidad-como-por-mi-club-el-triatlon-albacete\/","title":{"rendered":"Miriam Andreu D\u00edaz: \u00abEn Albacete me siento respetada y querida tanto por la Universidad como por mi club el Triatl\u00f3n Albacete\u00bb"},"content":{"rendered":"<p><strong>\u00c1REA LORCA RADIO.<\/strong><\/p>\n<p>Escucha aqu\u00ed la entrevista que ha concedido la triatleta Miriam Andreu D\u00edaz a Paco S\u00e1nchez y Mario Molina en el programa \u00c1rea Lorca Deportes dentro de la secci\u00f3n patrocinada por Puertas Lorca.<\/p>\n<p>Miriam ha corrido la Copa Elite con la Selecci\u00f3n Espa\u00f1ola de Triatl\u00f3n, ha sido top diez en el Campeonato de Espa\u00f1a Elite en la disciplina ol\u00edmpica, medalla de bronce con la selecci\u00f3n murciana en relevos mixtos, bronce en el Campeonato de Espa\u00f1a Universitario, top cinco en el Europa Junior Cup con la Selecci\u00f3n Espa\u00f1ola, campeona del Duatl\u00f3n Sprint y subcampeona en el Duatl\u00f3n Junior Super Sprint. Esto es solo una muestra de lo que ha conseguido la lorquina con solo 19 a\u00f1os.<\/p>\n<audio class=\"wp-audio-shortcode\" id=\"audio-4495-1\" preload=\"none\" style=\"width: 100%;\" controls=\"controls\"><source type=\"audio\/mpeg\" src=\"https:\/\/arealorcaradio.es\/wp-content\/uploads\/2024\/10\/301024-MARIO-MOLINA-Y-MIRIAM-ANDREU.-TRIATLETA.mp3?_=1\" \/><a href=\"https:\/\/arealorcaradio.es\/wp-content\/uploads\/2024\/10\/301024-MARIO-MOLINA-Y-MIRIAM-ANDREU.-TRIATLETA.mp3\">https:\/\/arealorcaradio.es\/wp-content\/uploads\/2024\/10\/301024-MARIO-MOLINA-Y-MIRIAM-ANDREU.-TRIATLETA.mp3<\/a><\/audio>\n<p><img loading=\"lazy\" decoding=\"async\" class=\"alignnone wp-image-4500\" src=\"https:\/\/arealorcaradio.es\/wp-content\/uploads\/2024\/10\/Mario-Molina.-30-OCT-24-300x225.jpg\" alt=\"\" width=\"248\" height=\"186\" srcset=\"https:\/\/arealorcaradio.es\/wp-content\/uploads\/2024\/10\/Mario-Molina.-30-OCT-24-300x225.jpg 300w, https:\/\/arealorcaradio.es\/wp-content\/uploads\/2024\/10\/Mario-Molina.-30-OCT-24-1024x768.jpg 1024w, https:\/\/arealorcaradio.es\/wp-content\/uploads\/2024\/10\/Mario-Molina.-30-OCT-24-768x576.jpg 768w, https:\/\/arealorcaradio.es\/wp-content\/uploads\/2024\/10\/Mario-Molina.-30-OCT-24-1536x1152.jpg 1536w, https:\/\/arealorcaradio.es\/wp-content\/uploads\/2024\/10\/Mario-Molina.-30-OCT-24-2048x1536.jpg 2048w, https:\/\/arealorcaradio.es\/wp-content\/uploads\/2024\/10\/Mario-Molina.-30-OCT-24-86x64.jpg 86w\" sizes=\"auto, (max-width: 248px) 100vw, 248px\" \/> \u00a0<img loading=\"lazy\" decoding=\"async\" class=\"alignnone wp-image-4502\" src=\"https:\/\/arealorcaradio.es\/wp-content\/uploads\/2024\/10\/MIRIAM-ANDREU-DIAZ.-TRIATLON-1-1-300x188.jpg\" alt=\"\" width=\"298\" height=\"187\" srcset=\"https:\/\/arealorcaradio.es\/wp-content\/uploads\/2024\/10\/MIRIAM-ANDREU-DIAZ.-TRIATLON-1-1-300x188.jpg 300w, https:\/\/arealorcaradio.es\/wp-content\/uploads\/2024\/10\/MIRIAM-ANDREU-DIAZ.-TRIATLON-1-1.jpg 652w\" sizes=\"auto, (max-width: 298px) 100vw, 298px\" \/> <img loading=\"lazy\" decoding=\"async\" class=\"alignnone wp-image-4503\" src=\"https:\/\/arealorcaradio.es\/wp-content\/uploads\/2024\/10\/IMG-20241030-WA0045-300x200.jpg\" alt=\"\" width=\"284\" height=\"189\" srcset=\"https:\/\/arealorcaradio.es\/wp-content\/uploads\/2024\/10\/IMG-20241030-WA0045-300x200.jpg 300w, https:\/\/arealorcaradio.es\/wp-content\/uploads\/2024\/10\/IMG-20241030-WA0045-1024x683.jpg 1024w, https:\/\/arealorcaradio.es\/wp-content\/uploads\/2024\/10\/IMG-20241030-WA0045-768x512.jpg 768w, https:\/\/arealorcaradio.es\/wp-content\/uploads\/2024\/10\/IMG-20241030-WA0045-1536x1024.jpg 1536w, https:\/\/arealorcaradio.es\/wp-content\/uploads\/2024\/10\/IMG-20241030-WA0045.jpg 1920w\" sizes=\"auto, (max-width: 284px) 100vw, 284px\" \/> \u00a0<img loading=\"lazy\" decoding=\"async\" class=\"alignnone wp-image-4504\" src=\"https:\/\/arealorcaradio.es\/wp-content\/uploads\/2024\/10\/IMG-20241030-WA0044-300x191.jpg\" alt=\"\" width=\"294\" height=\"187\" srcset=\"https:\/\/arealorcaradio.es\/wp-content\/uploads\/2024\/10\/IMG-20241030-WA0044-300x191.jpg 300w, https:\/\/arealorcaradio.es\/wp-content\/uploads\/2024\/10\/IMG-20241030-WA0044-768x489.jpg 768w, https:\/\/arealorcaradio.es\/wp-content\/uploads\/2024\/10\/IMG-20241030-WA0044.jpg 828w\" sizes=\"auto, (max-width: 294px) 100vw, 294px\" \/><\/p>\n","protected":false},"excerpt":{"rendered":"<p>\u00c1REA LORCA RADIO. Escucha aqu\u00ed la entrevista que ha concedido la triatleta Miriam Andreu D\u00edaz a Paco S\u00e1nchez y Mario Molina en el programa \u00c1rea Lorca Deportes dentro de la secci\u00f3n patrocinada por Puertas Lorca. Miriam ha corrido la Copa Elite con la Selecci\u00f3n Espa\u00f1ola de Triatl\u00f3n, ha sido top diez en el Campeonato de [&hellip;]<\/p>\n","protected":false},"author":1,"featured_media":4497,"comment_status":"open","ping_status":"open","sticky":false,"template":"","format":"standard","meta":{"iawp_total_views":319,"footnotes":""},"categories":[4,7],"tags":[],"class_list":["post-4495","post","type-post","status-publish","format-standard","has-post-thumbnail","hentry","category-deportes","category-lorca"],"yoast_head":"<!-- This site is optimized with the Yoast SEO plugin v27.5 - https:\/\/yoast.com\/product\/yoast-seo-wordpress\/ -->\n<title>Miriam Andreu D\u00edaz: &quot;En Albacete me siento respetada y querida tanto por la Universidad como por mi club el Triatl\u00f3n Albacete&quot; - AREA LORCA RADIO<\/title>\n<meta name=\"robots\" content=\"index, follow, max-snippet:-1, max-image-preview:large, max-video-preview:-1\" \/>\n<link rel=\"canonical\" href=\"https:\/\/arealorcaradio.es\/index.php\/2024\/10\/30\/miriam-andreu-diaz-en-albacete-me-siento-respetada-y-querida-tanto-por-la-universidad-como-por-mi-club-el-triatlon-albacete\/\" \/>\n<meta property=\"og:locale\" content=\"es_ES\" \/>\n<meta property=\"og:type\" content=\"article\" \/>\n<meta property=\"og:title\" content=\"Miriam Andreu D\u00edaz: &quot;En Albacete me siento respetada y querida tanto por la Universidad como por mi club el Triatl\u00f3n Albacete&quot; - AREA LORCA RADIO\" \/>\n<meta property=\"og:description\" content=\"\u00c1REA LORCA RADIO. Escucha aqu\u00ed la entrevista que ha concedido la triatleta Miriam Andreu D\u00edaz a Paco S\u00e1nchez y Mario Molina en el programa \u00c1rea Lorca Deportes dentro de la secci\u00f3n patrocinada por Puertas Lorca. Miriam ha corrido la Copa Elite con la Selecci\u00f3n Espa\u00f1ola de Triatl\u00f3n, ha sido top diez en el Campeonato de [&hellip;]\" \/>\n<meta property=\"og:url\" content=\"https:\/\/arealorcaradio.es\/index.php\/2024\/10\/30\/miriam-andreu-diaz-en-albacete-me-siento-respetada-y-querida-tanto-por-la-universidad-como-por-mi-club-el-triatlon-albacete\/\" \/>\n<meta property=\"og:site_name\" content=\"AREA LORCA RADIO\" \/>\n<meta property=\"article:published_time\" content=\"2024-10-30T17:58:42+00:00\" \/>\n<meta property=\"og:image\" content=\"https:\/\/arealorcaradio.es\/wp-content\/uploads\/2024\/10\/MIRIAM-ANDREU.-TRIATLON-ESPANA.webp\" \/>\n\t<meta property=\"og:image:width\" content=\"1200\" \/>\n\t<meta property=\"og:image:height\" content=\"675\" \/>\n\t<meta property=\"og:image:type\" content=\"image\/webp\" \/>\n<meta name=\"author\" content=\"Paco S\u00e1nchez\" \/>\n<meta name=\"twitter:card\" content=\"summary_large_image\" \/>\n<meta name=\"twitter:label1\" content=\"Escrito por\" \/>\n\t<meta name=\"twitter:data1\" content=\"Paco S\u00e1nchez\" \/>\n\t<meta name=\"twitter:label2\" content=\"Tiempo de lectura\" \/>\n\t<meta name=\"twitter:data2\" content=\"2 minutos\" \/>\n<script type=\"application\/ld+json\" class=\"yoast-schema-graph\">{\"@context\":\"https:\\\/\\\/schema.org\",\"@graph\":[{\"@type\":\"Article\",\"@id\":\"https:\\\/\\\/arealorcaradio.es\\\/index.php\\\/2024\\\/10\\\/30\\\/miriam-andreu-diaz-en-albacete-me-siento-respetada-y-querida-tanto-por-la-universidad-como-por-mi-club-el-triatlon-albacete\\\/#article\",\"isPartOf\":{\"@id\":\"https:\\\/\\\/arealorcaradio.es\\\/index.php\\\/2024\\\/10\\\/30\\\/miriam-andreu-diaz-en-albacete-me-siento-respetada-y-querida-tanto-por-la-universidad-como-por-mi-club-el-triatlon-albacete\\\/\"},\"author\":{\"name\":\"Paco S\u00e1nchez\",\"@id\":\"https:\\\/\\\/arealorcaradio.es\\\/#\\\/schema\\\/person\\\/9fae605fc25b0f2c83c1ab207139bd27\"},\"headline\":\"Miriam Andreu D\u00edaz: \u00abEn Albacete me siento respetada y querida tanto por la Universidad como por mi club el Triatl\u00f3n Albacete\u00bb\",\"datePublished\":\"2024-10-30T17:58:42+00:00\",\"mainEntityOfPage\":{\"@id\":\"https:\\\/\\\/arealorcaradio.es\\\/index.php\\\/2024\\\/10\\\/30\\\/miriam-andreu-diaz-en-albacete-me-siento-respetada-y-querida-tanto-por-la-universidad-como-por-mi-club-el-triatlon-albacete\\\/\"},\"wordCount\":165,\"commentCount\":0,\"image\":{\"@id\":\"https:\\\/\\\/arealorcaradio.es\\\/index.php\\\/2024\\\/10\\\/30\\\/miriam-andreu-diaz-en-albacete-me-siento-respetada-y-querida-tanto-por-la-universidad-como-por-mi-club-el-triatlon-albacete\\\/#primaryimage\"},\"thumbnailUrl\":\"https:\\\/\\\/arealorcaradio.es\\\/wp-content\\\/uploads\\\/2024\\\/10\\\/MIRIAM-ANDREU.-TRIATLON-ESPANA.webp\",\"articleSection\":[\"DEPORTES\",\"LORCA\"],\"inLanguage\":\"es\",\"potentialAction\":[{\"@type\":\"CommentAction\",\"name\":\"Comment\",\"target\":[\"https:\\\/\\\/arealorcaradio.es\\\/index.php\\\/2024\\\/10\\\/30\\\/miriam-andreu-diaz-en-albacete-me-siento-respetada-y-querida-tanto-por-la-universidad-como-por-mi-club-el-triatlon-albacete\\\/#respond\"]}]},{\"@type\":\"WebPage\",\"@id\":\"https:\\\/\\\/arealorcaradio.es\\\/index.php\\\/2024\\\/10\\\/30\\\/miriam-andreu-diaz-en-albacete-me-siento-respetada-y-querida-tanto-por-la-universidad-como-por-mi-club-el-triatlon-albacete\\\/\",\"url\":\"https:\\\/\\\/arealorcaradio.es\\\/index.php\\\/2024\\\/10\\\/30\\\/miriam-andreu-diaz-en-albacete-me-siento-respetada-y-querida-tanto-por-la-universidad-como-por-mi-club-el-triatlon-albacete\\\/\",\"name\":\"Miriam Andreu D\u00edaz: \\\"En Albacete me siento respetada y querida tanto por la Universidad como por mi club el Triatl\u00f3n Albacete\\\" - AREA LORCA RADIO\",\"isPartOf\":{\"@id\":\"https:\\\/\\\/arealorcaradio.es\\\/#website\"},\"primaryImageOfPage\":{\"@id\":\"https:\\\/\\\/arealorcaradio.es\\\/index.php\\\/2024\\\/10\\\/30\\\/miriam-andreu-diaz-en-albacete-me-siento-respetada-y-querida-tanto-por-la-universidad-como-por-mi-club-el-triatlon-albacete\\\/#primaryimage\"},\"image\":{\"@id\":\"https:\\\/\\\/arealorcaradio.es\\\/index.php\\\/2024\\\/10\\\/30\\\/miriam-andreu-diaz-en-albacete-me-siento-respetada-y-querida-tanto-por-la-universidad-como-por-mi-club-el-triatlon-albacete\\\/#primaryimage\"},\"thumbnailUrl\":\"https:\\\/\\\/arealorcaradio.es\\\/wp-content\\\/uploads\\\/2024\\\/10\\\/MIRIAM-ANDREU.-TRIATLON-ESPANA.webp\",\"datePublished\":\"2024-10-30T17:58:42+00:00\",\"author\":{\"@id\":\"https:\\\/\\\/arealorcaradio.es\\\/#\\\/schema\\\/person\\\/9fae605fc25b0f2c83c1ab207139bd27\"},\"breadcrumb\":{\"@id\":\"https:\\\/\\\/arealorcaradio.es\\\/index.php\\\/2024\\\/10\\\/30\\\/miriam-andreu-diaz-en-albacete-me-siento-respetada-y-querida-tanto-por-la-universidad-como-por-mi-club-el-triatlon-albacete\\\/#breadcrumb\"},\"inLanguage\":\"es\",\"potentialAction\":[{\"@type\":\"ReadAction\",\"target\":[\"https:\\\/\\\/arealorcaradio.es\\\/index.php\\\/2024\\\/10\\\/30\\\/miriam-andreu-diaz-en-albacete-me-siento-respetada-y-querida-tanto-por-la-universidad-como-por-mi-club-el-triatlon-albacete\\\/\"]}]},{\"@type\":\"ImageObject\",\"inLanguage\":\"es\",\"@id\":\"https:\\\/\\\/arealorcaradio.es\\\/index.php\\\/2024\\\/10\\\/30\\\/miriam-andreu-diaz-en-albacete-me-siento-respetada-y-querida-tanto-por-la-universidad-como-por-mi-club-el-triatlon-albacete\\\/#primaryimage\",\"url\":\"https:\\\/\\\/arealorcaradio.es\\\/wp-content\\\/uploads\\\/2024\\\/10\\\/MIRIAM-ANDREU.-TRIATLON-ESPANA.webp\",\"contentUrl\":\"https:\\\/\\\/arealorcaradio.es\\\/wp-content\\\/uploads\\\/2024\\\/10\\\/MIRIAM-ANDREU.-TRIATLON-ESPANA.webp\",\"width\":1200,\"height\":675},{\"@type\":\"BreadcrumbList\",\"@id\":\"https:\\\/\\\/arealorcaradio.es\\\/index.php\\\/2024\\\/10\\\/30\\\/miriam-andreu-diaz-en-albacete-me-siento-respetada-y-querida-tanto-por-la-universidad-como-por-mi-club-el-triatlon-albacete\\\/#breadcrumb\",\"itemListElement\":[{\"@type\":\"ListItem\",\"position\":1,\"name\":\"Portada\",\"item\":\"https:\\\/\\\/arealorcaradio.es\\\/\"},{\"@type\":\"ListItem\",\"position\":2,\"name\":\"Miriam Andreu D\u00edaz: \u00abEn Albacete me siento respetada y querida tanto por la Universidad como por mi club el Triatl\u00f3n Albacete\u00bb\"}]},{\"@type\":\"WebSite\",\"@id\":\"https:\\\/\\\/arealorcaradio.es\\\/#website\",\"url\":\"https:\\\/\\\/arealorcaradio.es\\\/\",\"name\":\"AREA LORCA RADIO\",\"description\":\"Descubre la programaci\u00f3n actual en \u00c1rea Lorca Radio, tu fuente de entrenamiento y noticias locales. Sintoniza ahora y mantente conectado online.\",\"potentialAction\":[{\"@type\":\"SearchAction\",\"target\":{\"@type\":\"EntryPoint\",\"urlTemplate\":\"https:\\\/\\\/arealorcaradio.es\\\/?s={search_term_string}\"},\"query-input\":{\"@type\":\"PropertyValueSpecification\",\"valueRequired\":true,\"valueName\":\"search_term_string\"}}],\"inLanguage\":\"es\"},{\"@type\":\"Person\",\"@id\":\"https:\\\/\\\/arealorcaradio.es\\\/#\\\/schema\\\/person\\\/9fae605fc25b0f2c83c1ab207139bd27\",\"name\":\"Paco S\u00e1nchez\",\"image\":{\"@type\":\"ImageObject\",\"inLanguage\":\"es\",\"@id\":\"https:\\\/\\\/secure.gravatar.com\\\/avatar\\\/d67144e966420fb74aa84c9f2a0103be4724fd14db52b52d3b6bca749f257e79?s=96&d=mm&r=g\",\"url\":\"https:\\\/\\\/secure.gravatar.com\\\/avatar\\\/d67144e966420fb74aa84c9f2a0103be4724fd14db52b52d3b6bca749f257e79?s=96&d=mm&r=g\",\"contentUrl\":\"https:\\\/\\\/secure.gravatar.com\\\/avatar\\\/d67144e966420fb74aa84c9f2a0103be4724fd14db52b52d3b6bca749f257e79?s=96&d=mm&r=g\",\"caption\":\"Paco S\u00e1nchez\"},\"sameAs\":[\"https:\\\/\\\/arealorcaradio.es\"],\"url\":\"https:\\\/\\\/arealorcaradio.es\\\/index.php\\\/author\\\/admin_alorcaradio\\\/\"}]}<\/script>\n<!-- \/ Yoast SEO plugin. -->","yoast_head_json":{"title":"Miriam Andreu D\u00edaz: \"En Albacete me siento respetada y querida tanto por la Universidad como por mi club el Triatl\u00f3n Albacete\" - AREA LORCA RADIO","robots":{"index":"index","follow":"follow","max-snippet":"max-snippet:-1","max-image-preview":"max-image-preview:large","max-video-preview":"max-video-preview:-1"},"canonical":"https:\/\/arealorcaradio.es\/index.php\/2024\/10\/30\/miriam-andreu-diaz-en-albacete-me-siento-respetada-y-querida-tanto-por-la-universidad-como-por-mi-club-el-triatlon-albacete\/","og_locale":"es_ES","og_type":"article","og_title":"Miriam Andreu D\u00edaz: \"En Albacete me siento respetada y querida tanto por la Universidad como por mi club el Triatl\u00f3n Albacete\" - AREA LORCA RADIO","og_description":"\u00c1REA LORCA RADIO. Escucha aqu\u00ed la entrevista que ha concedido la triatleta Miriam Andreu D\u00edaz a Paco S\u00e1nchez y Mario Molina en el programa \u00c1rea Lorca Deportes dentro de la secci\u00f3n patrocinada por Puertas Lorca. Miriam ha corrido la Copa Elite con la Selecci\u00f3n Espa\u00f1ola de Triatl\u00f3n, ha sido top diez en el Campeonato de [&hellip;]","og_url":"https:\/\/arealorcaradio.es\/index.php\/2024\/10\/30\/miriam-andreu-diaz-en-albacete-me-siento-respetada-y-querida-tanto-por-la-universidad-como-por-mi-club-el-triatlon-albacete\/","og_site_name":"AREA LORCA RADIO","article_published_time":"2024-10-30T17:58:42+00:00","og_image":[{"width":1200,"height":675,"url":"https:\/\/arealorcaradio.es\/wp-content\/uploads\/2024\/10\/MIRIAM-ANDREU.-TRIATLON-ESPANA.webp","type":"image\/webp"}],"author":"Paco S\u00e1nchez","twitter_card":"summary_large_image","twitter_misc":{"Escrito por":"Paco S\u00e1nchez","Tiempo de lectura":"2 minutos"},"schema":{"@context":"https:\/\/schema.org","@graph":[{"@type":"Article","@id":"https:\/\/arealorcaradio.es\/index.php\/2024\/10\/30\/miriam-andreu-diaz-en-albacete-me-siento-respetada-y-querida-tanto-por-la-universidad-como-por-mi-club-el-triatlon-albacete\/#article","isPartOf":{"@id":"https:\/\/arealorcaradio.es\/index.php\/2024\/10\/30\/miriam-andreu-diaz-en-albacete-me-siento-respetada-y-querida-tanto-por-la-universidad-como-por-mi-club-el-triatlon-albacete\/"},"author":{"name":"Paco S\u00e1nchez","@id":"https:\/\/arealorcaradio.es\/#\/schema\/person\/9fae605fc25b0f2c83c1ab207139bd27"},"headline":"Miriam Andreu D\u00edaz: \u00abEn Albacete me siento respetada y querida tanto por la Universidad como por mi club el Triatl\u00f3n Albacete\u00bb","datePublished":"2024-10-30T17:58:42+00:00","mainEntityOfPage":{"@id":"https:\/\/arealorcaradio.es\/index.php\/2024\/10\/30\/miriam-andreu-diaz-en-albacete-me-siento-respetada-y-querida-tanto-por-la-universidad-como-por-mi-club-el-triatlon-albacete\/"},"wordCount":165,"commentCount":0,"image":{"@id":"https:\/\/arealorcaradio.es\/index.php\/2024\/10\/30\/miriam-andreu-diaz-en-albacete-me-siento-respetada-y-querida-tanto-por-la-universidad-como-por-mi-club-el-triatlon-albacete\/#primaryimage"},"thumbnailUrl":"https:\/\/arealorcaradio.es\/wp-content\/uploads\/2024\/10\/MIRIAM-ANDREU.-TRIATLON-ESPANA.webp","articleSection":["DEPORTES","LORCA"],"inLanguage":"es","potentialAction":[{"@type":"CommentAction","name":"Comment","target":["https:\/\/arealorcaradio.es\/index.php\/2024\/10\/30\/miriam-andreu-diaz-en-albacete-me-siento-respetada-y-querida-tanto-por-la-universidad-como-por-mi-club-el-triatlon-albacete\/#respond"]}]},{"@type":"WebPage","@id":"https:\/\/arealorcaradio.es\/index.php\/2024\/10\/30\/miriam-andreu-diaz-en-albacete-me-siento-respetada-y-querida-tanto-por-la-universidad-como-por-mi-club-el-triatlon-albacete\/","url":"https:\/\/arealorcaradio.es\/index.php\/2024\/10\/30\/miriam-andreu-diaz-en-albacete-me-siento-respetada-y-querida-tanto-por-la-universidad-como-por-mi-club-el-triatlon-albacete\/","name":"Miriam Andreu D\u00edaz: \"En Albacete me siento respetada y querida tanto por la Universidad como por mi club el Triatl\u00f3n Albacete\" - AREA LORCA RADIO","isPartOf":{"@id":"https:\/\/arealorcaradio.es\/#website"},"primaryImageOfPage":{"@id":"https:\/\/arealorcaradio.es\/index.php\/2024\/10\/30\/miriam-andreu-diaz-en-albacete-me-siento-respetada-y-querida-tanto-por-la-universidad-como-por-mi-club-el-triatlon-albacete\/#primaryimage"},"image":{"@id":"https:\/\/arealorcaradio.es\/index.php\/2024\/10\/30\/miriam-andreu-diaz-en-albacete-me-siento-respetada-y-querida-tanto-por-la-universidad-como-por-mi-club-el-triatlon-albacete\/#primaryimage"},"thumbnailUrl":"https:\/\/arealorcaradio.es\/wp-content\/uploads\/2024\/10\/MIRIAM-ANDREU.-TRIATLON-ESPANA.webp","datePublished":"2024-10-30T17:58:42+00:00","author":{"@id":"https:\/\/arealorcaradio.es\/#\/schema\/person\/9fae605fc25b0f2c83c1ab207139bd27"},"breadcrumb":{"@id":"https:\/\/arealorcaradio.es\/index.php\/2024\/10\/30\/miriam-andreu-diaz-en-albacete-me-siento-respetada-y-querida-tanto-por-la-universidad-como-por-mi-club-el-triatlon-albacete\/#breadcrumb"},"inLanguage":"es","potentialAction":[{"@type":"ReadAction","target":["https:\/\/arealorcaradio.es\/index.php\/2024\/10\/30\/miriam-andreu-diaz-en-albacete-me-siento-respetada-y-querida-tanto-por-la-universidad-como-por-mi-club-el-triatlon-albacete\/"]}]},{"@type":"ImageObject","inLanguage":"es","@id":"https:\/\/arealorcaradio.es\/index.php\/2024\/10\/30\/miriam-andreu-diaz-en-albacete-me-siento-respetada-y-querida-tanto-por-la-universidad-como-por-mi-club-el-triatlon-albacete\/#primaryimage","url":"https:\/\/arealorcaradio.es\/wp-content\/uploads\/2024\/10\/MIRIAM-ANDREU.-TRIATLON-ESPANA.webp","contentUrl":"https:\/\/arealorcaradio.es\/wp-content\/uploads\/2024\/10\/MIRIAM-ANDREU.-TRIATLON-ESPANA.webp","width":1200,"height":675},{"@type":"BreadcrumbList","@id":"https:\/\/arealorcaradio.es\/index.php\/2024\/10\/30\/miriam-andreu-diaz-en-albacete-me-siento-respetada-y-querida-tanto-por-la-universidad-como-por-mi-club-el-triatlon-albacete\/#breadcrumb","itemListElement":[{"@type":"ListItem","position":1,"name":"Portada","item":"https:\/\/arealorcaradio.es\/"},{"@type":"ListItem","position":2,"name":"Miriam Andreu D\u00edaz: \u00abEn Albacete me siento respetada y querida tanto por la Universidad como por mi club el Triatl\u00f3n Albacete\u00bb"}]},{"@type":"WebSite","@id":"https:\/\/arealorcaradio.es\/#website","url":"https:\/\/arealorcaradio.es\/","name":"AREA LORCA RADIO","description":"Descubre la programaci\u00f3n actual en \u00c1rea Lorca Radio, tu fuente de entrenamiento y noticias locales. Sintoniza ahora y mantente conectado online.","potentialAction":[{"@type":"SearchAction","target":{"@type":"EntryPoint","urlTemplate":"https:\/\/arealorcaradio.es\/?s={search_term_string}"},"query-input":{"@type":"PropertyValueSpecification","valueRequired":true,"valueName":"search_term_string"}}],"inLanguage":"es"},{"@type":"Person","@id":"https:\/\/arealorcaradio.es\/#\/schema\/person\/9fae605fc25b0f2c83c1ab207139bd27","name":"Paco S\u00e1nchez","image":{"@type":"ImageObject","inLanguage":"es","@id":"https:\/\/secure.gravatar.com\/avatar\/d67144e966420fb74aa84c9f2a0103be4724fd14db52b52d3b6bca749f257e79?s=96&d=mm&r=g","url":"https:\/\/secure.gravatar.com\/avatar\/d67144e966420fb74aa84c9f2a0103be4724fd14db52b52d3b6bca749f257e79?s=96&d=mm&r=g","contentUrl":"https:\/\/secure.gravatar.com\/avatar\/d67144e966420fb74aa84c9f2a0103be4724fd14db52b52d3b6bca749f257e79?s=96&d=mm&r=g","caption":"Paco S\u00e1nchez"},"sameAs":["https:\/\/arealorcaradio.es"],"url":"https:\/\/arealorcaradio.es\/index.php\/author\/admin_alorcaradio\/"}]}},"_links":{"self":[{"href":"https:\/\/arealorcaradio.es\/index.php\/wp-json\/wp\/v2\/posts\/4495","targetHints":{"allow":["GET"]}}],"collection":[{"href":"https:\/\/arealorcaradio.es\/index.php\/wp-json\/wp\/v2\/posts"}],"about":[{"href":"https:\/\/arealorcaradio.es\/index.php\/wp-json\/wp\/v2\/types\/post"}],"author":[{"embeddable":true,"href":"https:\/\/arealorcaradio.es\/index.php\/wp-json\/wp\/v2\/users\/1"}],"replies":[{"embeddable":true,"href":"https:\/\/arealorcaradio.es\/index.php\/wp-json\/wp\/v2\/comments?post=4495"}],"version-history":[{"count":4,"href":"https:\/\/arealorcaradio.es\/index.php\/wp-json\/wp\/v2\/posts\/4495\/revisions"}],"predecessor-version":[{"id":4516,"href":"https:\/\/arealorcaradio.es\/index.php\/wp-json\/wp\/v2\/posts\/4495\/revisions\/4516"}],"wp:featuredmedia":[{"embeddable":true,"href":"https:\/\/arealorcaradio.es\/index.php\/wp-json\/wp\/v2\/media\/4497"}],"wp:attachment":[{"href":"https:\/\/arealorcaradio.es\/index.php\/wp-json\/wp\/v2\/media?parent=4495"}],"wp:term":[{"taxonomy":"category","embeddable":true,"href":"https:\/\/arealorcaradio.es\/index.php\/wp-json\/wp\/v2\/categories?post=4495"},{"taxonomy":"post_tag","embeddable":true,"href":"https:\/\/arealorcaradio.es\/index.php\/wp-json\/wp\/v2\/tags?post=4495"}],"curies":[{"name":"wp","href":"https:\/\/api.w.org\/{rel}","templated":true}]}}