{"id":4483,"date":"2024-10-29T17:57:35","date_gmt":"2024-10-29T17:57:35","guid":{"rendered":"https:\/\/arealorcaradio.es\/?p=4483"},"modified":"2024-10-29T17:57:35","modified_gmt":"2024-10-29T17:57:35","slug":"la-empresa-lorquina-meteored-califica-de-inusual-y-extrana-la-linea-de-desarrollo-de-la-dana-que-ha-atravesado-la-region","status":"publish","type":"post","link":"https:\/\/arealorcaradio.es\/index.php\/2024\/10\/29\/la-empresa-lorquina-meteored-califica-de-inusual-y-extrana-la-linea-de-desarrollo-de-la-dana-que-ha-atravesado-la-region\/","title":{"rendered":"La empresa lorquina Meteored califica de inusual y extra\u00f1a la l\u00ednea de desarrollo de la DANA que ha atravesado la regi\u00f3n"},"content":{"rendered":"<p><strong>\u00c1REA LORCA RADIO.<\/strong><\/p>\n<p>Escucha aqu\u00ed la interesante intervenci\u00f3n de Juan Jos\u00e9 Mart\u00ednez con Paco S\u00e1nchez en el magazine \u00c1rea Lorca Actualidad. La actuaci\u00f3n de esta DANA ha desconcertado a todos e incluso los meteor\u00f3logos no han acertado con su predicci\u00f3n en Murcia, aunque si que han acertado en el resto del territorio por donde esta transcurriendo la DANA. Las capas de aire c\u00e1lido provocan que en un espacio de 40 kil\u00f3metros caiga la lluvia de forma que la diferencia puede pasar de muy pocos litros por metros cuadrado a m\u00e1s de 100.<\/p>\n<audio class=\"wp-audio-shortcode\" id=\"audio-4483-1\" preload=\"none\" style=\"width: 100%;\" controls=\"controls\"><source type=\"audio\/mpeg\" src=\"https:\/\/arealorcaradio.es\/wp-content\/uploads\/2024\/10\/291024-JUAN-JOSE-MARTINEZ.-METEORED-DANA.mp3?_=1\" \/><a href=\"https:\/\/arealorcaradio.es\/wp-content\/uploads\/2024\/10\/291024-JUAN-JOSE-MARTINEZ.-METEORED-DANA.mp3\">https:\/\/arealorcaradio.es\/wp-content\/uploads\/2024\/10\/291024-JUAN-JOSE-MARTINEZ.-METEORED-DANA.mp3<\/a><\/audio>\n<p><img loading=\"lazy\" decoding=\"async\" class=\"alignnone size-medium wp-image-4485\" src=\"https:\/\/arealorcaradio.es\/wp-content\/uploads\/2024\/10\/DSC00396-200x300.jpg\" alt=\"\" width=\"200\" height=\"300\" srcset=\"https:\/\/arealorcaradio.es\/wp-content\/uploads\/2024\/10\/DSC00396-200x300.jpg 200w, https:\/\/arealorcaradio.es\/wp-content\/uploads\/2024\/10\/DSC00396-683x1024.jpg 683w, https:\/\/arealorcaradio.es\/wp-content\/uploads\/2024\/10\/DSC00396-768x1152.jpg 768w, https:\/\/arealorcaradio.es\/wp-content\/uploads\/2024\/10\/DSC00396-1024x1536.jpg 1024w, https:\/\/arealorcaradio.es\/wp-content\/uploads\/2024\/10\/DSC00396-1365x2048.jpg 1365w, https:\/\/arealorcaradio.es\/wp-content\/uploads\/2024\/10\/DSC00396-scaled.jpg 1707w\" sizes=\"auto, (max-width: 200px) 100vw, 200px\" \/><\/p>\n<p>Juan Jos\u00e9 Mart\u00ednez. Fundador de Meteored<\/p>\n","protected":false},"excerpt":{"rendered":"<p>\u00c1REA LORCA RADIO. Escucha aqu\u00ed la interesante intervenci\u00f3n de Juan Jos\u00e9 Mart\u00ednez con Paco S\u00e1nchez en el magazine \u00c1rea Lorca Actualidad. La actuaci\u00f3n de esta DANA ha desconcertado a todos e incluso los meteor\u00f3logos no han acertado con su predicci\u00f3n en Murcia, aunque si que han acertado en el resto del territorio por donde esta [&hellip;]<\/p>\n","protected":false},"author":1,"featured_media":4493,"comment_status":"open","ping_status":"open","sticky":false,"template":"","format":"standard","meta":{"iawp_total_views":4750,"footnotes":""},"categories":[5,7],"tags":[],"class_list":["post-4483","post","type-post","status-publish","format-standard","has-post-thumbnail","hentry","category-actualidad","category-lorca"],"yoast_head":"<!-- This site is optimized with the Yoast SEO plugin v27.5 - https:\/\/yoast.com\/product\/yoast-seo-wordpress\/ -->\n<title>La empresa lorquina Meteored califica de inusual y extra\u00f1a la l\u00ednea de desarrollo de la DANA que ha atravesado la regi\u00f3n - AREA LORCA RADIO<\/title>\n<meta name=\"robots\" content=\"index, follow, max-snippet:-1, max-image-preview:large, max-video-preview:-1\" \/>\n<link rel=\"canonical\" href=\"https:\/\/arealorcaradio.es\/index.php\/2024\/10\/29\/la-empresa-lorquina-meteored-califica-de-inusual-y-extrana-la-linea-de-desarrollo-de-la-dana-que-ha-atravesado-la-region\/\" \/>\n<meta property=\"og:locale\" content=\"es_ES\" \/>\n<meta property=\"og:type\" content=\"article\" \/>\n<meta property=\"og:title\" content=\"La empresa lorquina Meteored califica de inusual y extra\u00f1a la l\u00ednea de desarrollo de la DANA que ha atravesado la regi\u00f3n - AREA LORCA RADIO\" \/>\n<meta property=\"og:description\" content=\"\u00c1REA LORCA RADIO. Escucha aqu\u00ed la interesante intervenci\u00f3n de Juan Jos\u00e9 Mart\u00ednez con Paco S\u00e1nchez en el magazine \u00c1rea Lorca Actualidad. La actuaci\u00f3n de esta DANA ha desconcertado a todos e incluso los meteor\u00f3logos no han acertado con su predicci\u00f3n en Murcia, aunque si que han acertado en el resto del territorio por donde esta [&hellip;]\" \/>\n<meta property=\"og:url\" content=\"https:\/\/arealorcaradio.es\/index.php\/2024\/10\/29\/la-empresa-lorquina-meteored-califica-de-inusual-y-extrana-la-linea-de-desarrollo-de-la-dana-que-ha-atravesado-la-region\/\" \/>\n<meta property=\"og:site_name\" content=\"AREA LORCA RADIO\" \/>\n<meta property=\"article:published_time\" content=\"2024-10-29T17:57:35+00:00\" \/>\n<meta property=\"og:image\" content=\"https:\/\/arealorcaradio.es\/wp-content\/uploads\/2024\/10\/Screenshot_20241029-185133_Facebook.jpg\" \/>\n\t<meta property=\"og:image:width\" content=\"720\" \/>\n\t<meta property=\"og:image:height\" content=\"575\" \/>\n\t<meta property=\"og:image:type\" content=\"image\/jpeg\" \/>\n<meta name=\"author\" content=\"Paco S\u00e1nchez\" \/>\n<meta name=\"twitter:card\" content=\"summary_large_image\" \/>\n<meta name=\"twitter:label1\" content=\"Escrito por\" \/>\n\t<meta name=\"twitter:data1\" content=\"Paco S\u00e1nchez\" \/>\n\t<meta name=\"twitter:label2\" content=\"Tiempo de lectura\" \/>\n\t<meta name=\"twitter:data2\" content=\"1 minuto\" \/>\n<script type=\"application\/ld+json\" class=\"yoast-schema-graph\">{\"@context\":\"https:\\\/\\\/schema.org\",\"@graph\":[{\"@type\":\"Article\",\"@id\":\"https:\\\/\\\/arealorcaradio.es\\\/index.php\\\/2024\\\/10\\\/29\\\/la-empresa-lorquina-meteored-califica-de-inusual-y-extrana-la-linea-de-desarrollo-de-la-dana-que-ha-atravesado-la-region\\\/#article\",\"isPartOf\":{\"@id\":\"https:\\\/\\\/arealorcaradio.es\\\/index.php\\\/2024\\\/10\\\/29\\\/la-empresa-lorquina-meteored-califica-de-inusual-y-extrana-la-linea-de-desarrollo-de-la-dana-que-ha-atravesado-la-region\\\/\"},\"author\":{\"name\":\"Paco S\u00e1nchez\",\"@id\":\"https:\\\/\\\/arealorcaradio.es\\\/#\\\/schema\\\/person\\\/9fae605fc25b0f2c83c1ab207139bd27\"},\"headline\":\"La empresa lorquina Meteored califica de inusual y extra\u00f1a la l\u00ednea de desarrollo de la DANA que ha atravesado la regi\u00f3n\",\"datePublished\":\"2024-10-29T17:57:35+00:00\",\"mainEntityOfPage\":{\"@id\":\"https:\\\/\\\/arealorcaradio.es\\\/index.php\\\/2024\\\/10\\\/29\\\/la-empresa-lorquina-meteored-califica-de-inusual-y-extrana-la-linea-de-desarrollo-de-la-dana-que-ha-atravesado-la-region\\\/\"},\"wordCount\":141,\"commentCount\":0,\"image\":{\"@id\":\"https:\\\/\\\/arealorcaradio.es\\\/index.php\\\/2024\\\/10\\\/29\\\/la-empresa-lorquina-meteored-califica-de-inusual-y-extrana-la-linea-de-desarrollo-de-la-dana-que-ha-atravesado-la-region\\\/#primaryimage\"},\"thumbnailUrl\":\"https:\\\/\\\/arealorcaradio.es\\\/wp-content\\\/uploads\\\/2024\\\/10\\\/Screenshot_20241029-185133_Facebook.jpg\",\"articleSection\":[\"ACTUALIDAD\",\"LORCA\"],\"inLanguage\":\"es\",\"potentialAction\":[{\"@type\":\"CommentAction\",\"name\":\"Comment\",\"target\":[\"https:\\\/\\\/arealorcaradio.es\\\/index.php\\\/2024\\\/10\\\/29\\\/la-empresa-lorquina-meteored-califica-de-inusual-y-extrana-la-linea-de-desarrollo-de-la-dana-que-ha-atravesado-la-region\\\/#respond\"]}]},{\"@type\":\"WebPage\",\"@id\":\"https:\\\/\\\/arealorcaradio.es\\\/index.php\\\/2024\\\/10\\\/29\\\/la-empresa-lorquina-meteored-califica-de-inusual-y-extrana-la-linea-de-desarrollo-de-la-dana-que-ha-atravesado-la-region\\\/\",\"url\":\"https:\\\/\\\/arealorcaradio.es\\\/index.php\\\/2024\\\/10\\\/29\\\/la-empresa-lorquina-meteored-califica-de-inusual-y-extrana-la-linea-de-desarrollo-de-la-dana-que-ha-atravesado-la-region\\\/\",\"name\":\"La empresa lorquina Meteored califica de inusual y extra\u00f1a la l\u00ednea de desarrollo de la DANA que ha atravesado la regi\u00f3n - AREA LORCA RADIO\",\"isPartOf\":{\"@id\":\"https:\\\/\\\/arealorcaradio.es\\\/#website\"},\"primaryImageOfPage\":{\"@id\":\"https:\\\/\\\/arealorcaradio.es\\\/index.php\\\/2024\\\/10\\\/29\\\/la-empresa-lorquina-meteored-califica-de-inusual-y-extrana-la-linea-de-desarrollo-de-la-dana-que-ha-atravesado-la-region\\\/#primaryimage\"},\"image\":{\"@id\":\"https:\\\/\\\/arealorcaradio.es\\\/index.php\\\/2024\\\/10\\\/29\\\/la-empresa-lorquina-meteored-califica-de-inusual-y-extrana-la-linea-de-desarrollo-de-la-dana-que-ha-atravesado-la-region\\\/#primaryimage\"},\"thumbnailUrl\":\"https:\\\/\\\/arealorcaradio.es\\\/wp-content\\\/uploads\\\/2024\\\/10\\\/Screenshot_20241029-185133_Facebook.jpg\",\"datePublished\":\"2024-10-29T17:57:35+00:00\",\"author\":{\"@id\":\"https:\\\/\\\/arealorcaradio.es\\\/#\\\/schema\\\/person\\\/9fae605fc25b0f2c83c1ab207139bd27\"},\"breadcrumb\":{\"@id\":\"https:\\\/\\\/arealorcaradio.es\\\/index.php\\\/2024\\\/10\\\/29\\\/la-empresa-lorquina-meteored-califica-de-inusual-y-extrana-la-linea-de-desarrollo-de-la-dana-que-ha-atravesado-la-region\\\/#breadcrumb\"},\"inLanguage\":\"es\",\"potentialAction\":[{\"@type\":\"ReadAction\",\"target\":[\"https:\\\/\\\/arealorcaradio.es\\\/index.php\\\/2024\\\/10\\\/29\\\/la-empresa-lorquina-meteored-califica-de-inusual-y-extrana-la-linea-de-desarrollo-de-la-dana-que-ha-atravesado-la-region\\\/\"]}]},{\"@type\":\"ImageObject\",\"inLanguage\":\"es\",\"@id\":\"https:\\\/\\\/arealorcaradio.es\\\/index.php\\\/2024\\\/10\\\/29\\\/la-empresa-lorquina-meteored-califica-de-inusual-y-extrana-la-linea-de-desarrollo-de-la-dana-que-ha-atravesado-la-region\\\/#primaryimage\",\"url\":\"https:\\\/\\\/arealorcaradio.es\\\/wp-content\\\/uploads\\\/2024\\\/10\\\/Screenshot_20241029-185133_Facebook.jpg\",\"contentUrl\":\"https:\\\/\\\/arealorcaradio.es\\\/wp-content\\\/uploads\\\/2024\\\/10\\\/Screenshot_20241029-185133_Facebook.jpg\",\"width\":720,\"height\":575},{\"@type\":\"BreadcrumbList\",\"@id\":\"https:\\\/\\\/arealorcaradio.es\\\/index.php\\\/2024\\\/10\\\/29\\\/la-empresa-lorquina-meteored-califica-de-inusual-y-extrana-la-linea-de-desarrollo-de-la-dana-que-ha-atravesado-la-region\\\/#breadcrumb\",\"itemListElement\":[{\"@type\":\"ListItem\",\"position\":1,\"name\":\"Portada\",\"item\":\"https:\\\/\\\/arealorcaradio.es\\\/\"},{\"@type\":\"ListItem\",\"position\":2,\"name\":\"La empresa lorquina Meteored califica de inusual y extra\u00f1a la l\u00ednea de desarrollo de la DANA que ha atravesado la regi\u00f3n\"}]},{\"@type\":\"WebSite\",\"@id\":\"https:\\\/\\\/arealorcaradio.es\\\/#website\",\"url\":\"https:\\\/\\\/arealorcaradio.es\\\/\",\"name\":\"AREA LORCA RADIO\",\"description\":\"Descubre la programaci\u00f3n actual en \u00c1rea Lorca Radio, tu fuente de entrenamiento y noticias locales. Sintoniza ahora y mantente conectado online.\",\"potentialAction\":[{\"@type\":\"SearchAction\",\"target\":{\"@type\":\"EntryPoint\",\"urlTemplate\":\"https:\\\/\\\/arealorcaradio.es\\\/?s={search_term_string}\"},\"query-input\":{\"@type\":\"PropertyValueSpecification\",\"valueRequired\":true,\"valueName\":\"search_term_string\"}}],\"inLanguage\":\"es\"},{\"@type\":\"Person\",\"@id\":\"https:\\\/\\\/arealorcaradio.es\\\/#\\\/schema\\\/person\\\/9fae605fc25b0f2c83c1ab207139bd27\",\"name\":\"Paco S\u00e1nchez\",\"image\":{\"@type\":\"ImageObject\",\"inLanguage\":\"es\",\"@id\":\"https:\\\/\\\/secure.gravatar.com\\\/avatar\\\/d67144e966420fb74aa84c9f2a0103be4724fd14db52b52d3b6bca749f257e79?s=96&d=mm&r=g\",\"url\":\"https:\\\/\\\/secure.gravatar.com\\\/avatar\\\/d67144e966420fb74aa84c9f2a0103be4724fd14db52b52d3b6bca749f257e79?s=96&d=mm&r=g\",\"contentUrl\":\"https:\\\/\\\/secure.gravatar.com\\\/avatar\\\/d67144e966420fb74aa84c9f2a0103be4724fd14db52b52d3b6bca749f257e79?s=96&d=mm&r=g\",\"caption\":\"Paco S\u00e1nchez\"},\"sameAs\":[\"https:\\\/\\\/arealorcaradio.es\"],\"url\":\"https:\\\/\\\/arealorcaradio.es\\\/index.php\\\/author\\\/admin_alorcaradio\\\/\"}]}<\/script>\n<!-- \/ Yoast SEO plugin. -->","yoast_head_json":{"title":"La empresa lorquina Meteored califica de inusual y extra\u00f1a la l\u00ednea de desarrollo de la DANA que ha atravesado la regi\u00f3n - AREA LORCA RADIO","robots":{"index":"index","follow":"follow","max-snippet":"max-snippet:-1","max-image-preview":"max-image-preview:large","max-video-preview":"max-video-preview:-1"},"canonical":"https:\/\/arealorcaradio.es\/index.php\/2024\/10\/29\/la-empresa-lorquina-meteored-califica-de-inusual-y-extrana-la-linea-de-desarrollo-de-la-dana-que-ha-atravesado-la-region\/","og_locale":"es_ES","og_type":"article","og_title":"La empresa lorquina Meteored califica de inusual y extra\u00f1a la l\u00ednea de desarrollo de la DANA que ha atravesado la regi\u00f3n - AREA LORCA RADIO","og_description":"\u00c1REA LORCA RADIO. Escucha aqu\u00ed la interesante intervenci\u00f3n de Juan Jos\u00e9 Mart\u00ednez con Paco S\u00e1nchez en el magazine \u00c1rea Lorca Actualidad. La actuaci\u00f3n de esta DANA ha desconcertado a todos e incluso los meteor\u00f3logos no han acertado con su predicci\u00f3n en Murcia, aunque si que han acertado en el resto del territorio por donde esta [&hellip;]","og_url":"https:\/\/arealorcaradio.es\/index.php\/2024\/10\/29\/la-empresa-lorquina-meteored-califica-de-inusual-y-extrana-la-linea-de-desarrollo-de-la-dana-que-ha-atravesado-la-region\/","og_site_name":"AREA LORCA RADIO","article_published_time":"2024-10-29T17:57:35+00:00","og_image":[{"width":720,"height":575,"url":"https:\/\/arealorcaradio.es\/wp-content\/uploads\/2024\/10\/Screenshot_20241029-185133_Facebook.jpg","type":"image\/jpeg"}],"author":"Paco S\u00e1nchez","twitter_card":"summary_large_image","twitter_misc":{"Escrito por":"Paco S\u00e1nchez","Tiempo de lectura":"1 minuto"},"schema":{"@context":"https:\/\/schema.org","@graph":[{"@type":"Article","@id":"https:\/\/arealorcaradio.es\/index.php\/2024\/10\/29\/la-empresa-lorquina-meteored-califica-de-inusual-y-extrana-la-linea-de-desarrollo-de-la-dana-que-ha-atravesado-la-region\/#article","isPartOf":{"@id":"https:\/\/arealorcaradio.es\/index.php\/2024\/10\/29\/la-empresa-lorquina-meteored-califica-de-inusual-y-extrana-la-linea-de-desarrollo-de-la-dana-que-ha-atravesado-la-region\/"},"author":{"name":"Paco S\u00e1nchez","@id":"https:\/\/arealorcaradio.es\/#\/schema\/person\/9fae605fc25b0f2c83c1ab207139bd27"},"headline":"La empresa lorquina Meteored califica de inusual y extra\u00f1a la l\u00ednea de desarrollo de la DANA que ha atravesado la regi\u00f3n","datePublished":"2024-10-29T17:57:35+00:00","mainEntityOfPage":{"@id":"https:\/\/arealorcaradio.es\/index.php\/2024\/10\/29\/la-empresa-lorquina-meteored-califica-de-inusual-y-extrana-la-linea-de-desarrollo-de-la-dana-que-ha-atravesado-la-region\/"},"wordCount":141,"commentCount":0,"image":{"@id":"https:\/\/arealorcaradio.es\/index.php\/2024\/10\/29\/la-empresa-lorquina-meteored-califica-de-inusual-y-extrana-la-linea-de-desarrollo-de-la-dana-que-ha-atravesado-la-region\/#primaryimage"},"thumbnailUrl":"https:\/\/arealorcaradio.es\/wp-content\/uploads\/2024\/10\/Screenshot_20241029-185133_Facebook.jpg","articleSection":["ACTUALIDAD","LORCA"],"inLanguage":"es","potentialAction":[{"@type":"CommentAction","name":"Comment","target":["https:\/\/arealorcaradio.es\/index.php\/2024\/10\/29\/la-empresa-lorquina-meteored-califica-de-inusual-y-extrana-la-linea-de-desarrollo-de-la-dana-que-ha-atravesado-la-region\/#respond"]}]},{"@type":"WebPage","@id":"https:\/\/arealorcaradio.es\/index.php\/2024\/10\/29\/la-empresa-lorquina-meteored-califica-de-inusual-y-extrana-la-linea-de-desarrollo-de-la-dana-que-ha-atravesado-la-region\/","url":"https:\/\/arealorcaradio.es\/index.php\/2024\/10\/29\/la-empresa-lorquina-meteored-califica-de-inusual-y-extrana-la-linea-de-desarrollo-de-la-dana-que-ha-atravesado-la-region\/","name":"La empresa lorquina Meteored califica de inusual y extra\u00f1a la l\u00ednea de desarrollo de la DANA que ha atravesado la regi\u00f3n - AREA LORCA RADIO","isPartOf":{"@id":"https:\/\/arealorcaradio.es\/#website"},"primaryImageOfPage":{"@id":"https:\/\/arealorcaradio.es\/index.php\/2024\/10\/29\/la-empresa-lorquina-meteored-califica-de-inusual-y-extrana-la-linea-de-desarrollo-de-la-dana-que-ha-atravesado-la-region\/#primaryimage"},"image":{"@id":"https:\/\/arealorcaradio.es\/index.php\/2024\/10\/29\/la-empresa-lorquina-meteored-califica-de-inusual-y-extrana-la-linea-de-desarrollo-de-la-dana-que-ha-atravesado-la-region\/#primaryimage"},"thumbnailUrl":"https:\/\/arealorcaradio.es\/wp-content\/uploads\/2024\/10\/Screenshot_20241029-185133_Facebook.jpg","datePublished":"2024-10-29T17:57:35+00:00","author":{"@id":"https:\/\/arealorcaradio.es\/#\/schema\/person\/9fae605fc25b0f2c83c1ab207139bd27"},"breadcrumb":{"@id":"https:\/\/arealorcaradio.es\/index.php\/2024\/10\/29\/la-empresa-lorquina-meteored-califica-de-inusual-y-extrana-la-linea-de-desarrollo-de-la-dana-que-ha-atravesado-la-region\/#breadcrumb"},"inLanguage":"es","potentialAction":[{"@type":"ReadAction","target":["https:\/\/arealorcaradio.es\/index.php\/2024\/10\/29\/la-empresa-lorquina-meteored-califica-de-inusual-y-extrana-la-linea-de-desarrollo-de-la-dana-que-ha-atravesado-la-region\/"]}]},{"@type":"ImageObject","inLanguage":"es","@id":"https:\/\/arealorcaradio.es\/index.php\/2024\/10\/29\/la-empresa-lorquina-meteored-califica-de-inusual-y-extrana-la-linea-de-desarrollo-de-la-dana-que-ha-atravesado-la-region\/#primaryimage","url":"https:\/\/arealorcaradio.es\/wp-content\/uploads\/2024\/10\/Screenshot_20241029-185133_Facebook.jpg","contentUrl":"https:\/\/arealorcaradio.es\/wp-content\/uploads\/2024\/10\/Screenshot_20241029-185133_Facebook.jpg","width":720,"height":575},{"@type":"BreadcrumbList","@id":"https:\/\/arealorcaradio.es\/index.php\/2024\/10\/29\/la-empresa-lorquina-meteored-califica-de-inusual-y-extrana-la-linea-de-desarrollo-de-la-dana-que-ha-atravesado-la-region\/#breadcrumb","itemListElement":[{"@type":"ListItem","position":1,"name":"Portada","item":"https:\/\/arealorcaradio.es\/"},{"@type":"ListItem","position":2,"name":"La empresa lorquina Meteored califica de inusual y extra\u00f1a la l\u00ednea de desarrollo de la DANA que ha atravesado la regi\u00f3n"}]},{"@type":"WebSite","@id":"https:\/\/arealorcaradio.es\/#website","url":"https:\/\/arealorcaradio.es\/","name":"AREA LORCA RADIO","description":"Descubre la programaci\u00f3n actual en \u00c1rea Lorca Radio, tu fuente de entrenamiento y noticias locales. Sintoniza ahora y mantente conectado online.","potentialAction":[{"@type":"SearchAction","target":{"@type":"EntryPoint","urlTemplate":"https:\/\/arealorcaradio.es\/?s={search_term_string}"},"query-input":{"@type":"PropertyValueSpecification","valueRequired":true,"valueName":"search_term_string"}}],"inLanguage":"es"},{"@type":"Person","@id":"https:\/\/arealorcaradio.es\/#\/schema\/person\/9fae605fc25b0f2c83c1ab207139bd27","name":"Paco S\u00e1nchez","image":{"@type":"ImageObject","inLanguage":"es","@id":"https:\/\/secure.gravatar.com\/avatar\/d67144e966420fb74aa84c9f2a0103be4724fd14db52b52d3b6bca749f257e79?s=96&d=mm&r=g","url":"https:\/\/secure.gravatar.com\/avatar\/d67144e966420fb74aa84c9f2a0103be4724fd14db52b52d3b6bca749f257e79?s=96&d=mm&r=g","contentUrl":"https:\/\/secure.gravatar.com\/avatar\/d67144e966420fb74aa84c9f2a0103be4724fd14db52b52d3b6bca749f257e79?s=96&d=mm&r=g","caption":"Paco S\u00e1nchez"},"sameAs":["https:\/\/arealorcaradio.es"],"url":"https:\/\/arealorcaradio.es\/index.php\/author\/admin_alorcaradio\/"}]}},"_links":{"self":[{"href":"https:\/\/arealorcaradio.es\/index.php\/wp-json\/wp\/v2\/posts\/4483","targetHints":{"allow":["GET"]}}],"collection":[{"href":"https:\/\/arealorcaradio.es\/index.php\/wp-json\/wp\/v2\/posts"}],"about":[{"href":"https:\/\/arealorcaradio.es\/index.php\/wp-json\/wp\/v2\/types\/post"}],"author":[{"embeddable":true,"href":"https:\/\/arealorcaradio.es\/index.php\/wp-json\/wp\/v2\/users\/1"}],"replies":[{"embeddable":true,"href":"https:\/\/arealorcaradio.es\/index.php\/wp-json\/wp\/v2\/comments?post=4483"}],"version-history":[{"count":2,"href":"https:\/\/arealorcaradio.es\/index.php\/wp-json\/wp\/v2\/posts\/4483\/revisions"}],"predecessor-version":[{"id":4494,"href":"https:\/\/arealorcaradio.es\/index.php\/wp-json\/wp\/v2\/posts\/4483\/revisions\/4494"}],"wp:featuredmedia":[{"embeddable":true,"href":"https:\/\/arealorcaradio.es\/index.php\/wp-json\/wp\/v2\/media\/4493"}],"wp:attachment":[{"href":"https:\/\/arealorcaradio.es\/index.php\/wp-json\/wp\/v2\/media?parent=4483"}],"wp:term":[{"taxonomy":"category","embeddable":true,"href":"https:\/\/arealorcaradio.es\/index.php\/wp-json\/wp\/v2\/categories?post=4483"},{"taxonomy":"post_tag","embeddable":true,"href":"https:\/\/arealorcaradio.es\/index.php\/wp-json\/wp\/v2\/tags?post=4483"}],"curies":[{"name":"wp","href":"https:\/\/api.w.org\/{rel}","templated":true}]}}