{"id":4476,"date":"2024-10-29T17:57:03","date_gmt":"2024-10-29T17:57:03","guid":{"rendered":"https:\/\/arealorcaradio.es\/?p=4476"},"modified":"2024-10-29T17:57:03","modified_gmt":"2024-10-29T17:57:03","slug":"el-ayuntamiento-lorca-destaca-la-efectividad-de-todos-los-servicios-municipales-activados-a-traves-del-plan-inunlor-ante-la-llegada-de-la-dana","status":"publish","type":"post","link":"https:\/\/arealorcaradio.es\/index.php\/2024\/10\/29\/el-ayuntamiento-lorca-destaca-la-efectividad-de-todos-los-servicios-municipales-activados-a-traves-del-plan-inunlor-ante-la-llegada-de-la-dana\/","title":{"rendered":"El Ayuntamiento Lorca destaca la efectividad de todos los servicios municipales activados a trav\u00e9s del plan INUNLOR ante la llegada de la Dana"},"content":{"rendered":"<p><strong>\u00c1REA LORCA RADIO.<\/strong><\/p>\n<p>Escucha aqu\u00ed la entrevista que ha concedido el concejal de Emergencias del Ayuntamiento de Lorca, Jos\u00e9 Mart\u00ednez a Paco S\u00e1nchez en el magazine, \u00c1rea Lorca Actualidad.<\/p>\n<audio class=\"wp-audio-shortcode\" id=\"audio-4476-1\" preload=\"none\" style=\"width: 100%;\" controls=\"controls\"><source type=\"audio\/mpeg\" src=\"https:\/\/arealorcaradio.es\/wp-content\/uploads\/2024\/10\/291024-JOSE-MARTINEZ.-INCIDENCIAS-DANA.mp3?_=1\" \/><a href=\"https:\/\/arealorcaradio.es\/wp-content\/uploads\/2024\/10\/291024-JOSE-MARTINEZ.-INCIDENCIAS-DANA.mp3\">https:\/\/arealorcaradio.es\/wp-content\/uploads\/2024\/10\/291024-JOSE-MARTINEZ.-INCIDENCIAS-DANA.mp3<\/a><\/audio>\n<p class=\"v1MsoNormal\"><b>Lorca, 29 de octubre de 2024<\/b>. El concejal de Emergencias en el Ayuntamiento de Lorca, Jos\u00e9 Mart\u00ednez, ha realizado una valoraci\u00f3n de las incidencias acontecidas en el municipio de Lorca desde la activaci\u00f3n ayer del Plan INUNLOR, con motivo de la previsi\u00f3n de la entrada de una Dana en el municipio,\u00a0<b>destacando la efectividad de todos los agentes y efectivos que han integrado el dispositivo puesto en marcha por el Ayuntamiento, una movilizaci\u00f3n de recursos municipales ante esta eventualidad que ha incluido a 250 efectivos<\/b>\u00a0pertenecientes a los servicios de Urbanismo, Emergencias, Servicio El\u00e9ctrico, Parques y Jardines, Polic\u00eda Local, Servicios Sociales, Educaci\u00f3n y Fomento, Limusa y Aguas de Lorca.<\/p>\n<p class=\"v1MsoNormal\">En concreto, durante la activaci\u00f3n de la alerta Naranja, que finalizar\u00e1 hoy a las 18.00 horas, pasando\u00a0<b>a alerta amarilla hasta las 23:56 horas del d\u00eda de hoy<\/b>, las lluvias se han registrado principalmente en el centro y noreste del municipio,\u00a0<b>destacando la precipitaci\u00f3n 21 litros en Zarzadilla de Totana, alcanzando rachas de viento en el casco urbano de Lorca de hasta 50 km.\/hora.<\/b><\/p>\n<p class=\"v1MsoNormal\"><img loading=\"lazy\" decoding=\"async\" class=\"alignnone size-medium wp-image-4478\" src=\"https:\/\/arealorcaradio.es\/wp-content\/uploads\/2024\/10\/IMG-20241029-WA0043-300x200.jpg\" alt=\"\" width=\"300\" height=\"200\" srcset=\"https:\/\/arealorcaradio.es\/wp-content\/uploads\/2024\/10\/IMG-20241029-WA0043-300x200.jpg 300w, https:\/\/arealorcaradio.es\/wp-content\/uploads\/2024\/10\/IMG-20241029-WA0043-1024x683.jpg 1024w, https:\/\/arealorcaradio.es\/wp-content\/uploads\/2024\/10\/IMG-20241029-WA0043-768x512.jpg 768w, https:\/\/arealorcaradio.es\/wp-content\/uploads\/2024\/10\/IMG-20241029-WA0043-1536x1024.jpg 1536w, https:\/\/arealorcaradio.es\/wp-content\/uploads\/2024\/10\/IMG-20241029-WA0043.jpg 1600w\" sizes=\"auto, (max-width: 300px) 100vw, 300px\" \/> <img loading=\"lazy\" decoding=\"async\" class=\"alignnone size-medium wp-image-4479\" src=\"https:\/\/arealorcaradio.es\/wp-content\/uploads\/2024\/10\/IMG-20241029-WA0040-300x200.jpg\" alt=\"\" width=\"300\" height=\"200\" srcset=\"https:\/\/arealorcaradio.es\/wp-content\/uploads\/2024\/10\/IMG-20241029-WA0040-300x200.jpg 300w, https:\/\/arealorcaradio.es\/wp-content\/uploads\/2024\/10\/IMG-20241029-WA0040-1024x683.jpg 1024w, https:\/\/arealorcaradio.es\/wp-content\/uploads\/2024\/10\/IMG-20241029-WA0040-768x512.jpg 768w, https:\/\/arealorcaradio.es\/wp-content\/uploads\/2024\/10\/IMG-20241029-WA0040-1536x1024.jpg 1536w, https:\/\/arealorcaradio.es\/wp-content\/uploads\/2024\/10\/IMG-20241029-WA0040.jpg 1600w\" sizes=\"auto, (max-width: 300px) 100vw, 300px\" \/><\/p>\n<p class=\"v1MsoNormal\"><img loading=\"lazy\" decoding=\"async\" class=\"alignnone size-medium wp-image-4480\" src=\"https:\/\/arealorcaradio.es\/wp-content\/uploads\/2024\/10\/IMG-20241029-WA0041-300x200.jpg\" alt=\"\" width=\"300\" height=\"200\" srcset=\"https:\/\/arealorcaradio.es\/wp-content\/uploads\/2024\/10\/IMG-20241029-WA0041-300x200.jpg 300w, https:\/\/arealorcaradio.es\/wp-content\/uploads\/2024\/10\/IMG-20241029-WA0041-1024x683.jpg 1024w, https:\/\/arealorcaradio.es\/wp-content\/uploads\/2024\/10\/IMG-20241029-WA0041-768x512.jpg 768w, https:\/\/arealorcaradio.es\/wp-content\/uploads\/2024\/10\/IMG-20241029-WA0041-1536x1024.jpg 1536w, https:\/\/arealorcaradio.es\/wp-content\/uploads\/2024\/10\/IMG-20241029-WA0041.jpg 1600w\" sizes=\"auto, (max-width: 300px) 100vw, 300px\" \/><\/p>\n<p class=\"v1MsoNormal\">En relaci\u00f3n a las incidencias en las \u00faltimas horas gestionadas por el centro 112 del Servicio de Emergencias y Protecci\u00f3n Civil de Lorca, se han atendido\u00a0<b>un total de 14 eventualidades<\/b>, de las cuales 11 han requerido intervenci\u00f3n directa del Servicio de Emergencias Municipal y Protecci\u00f3n Civil: 4 Arrastres de ramblas en carreteras; desprendimientos en las carreteras de acceso al Castillo que fueron totalmente retirados; la ca\u00edda de un poste telef\u00f3nico en la urbanizaci\u00f3n Villaltercia; un corte de la carretera entre Aviles-Bullas, por crecida del r\u00edo Mula a su paso por el municipio de Bullas; un corte de la carretera Puntas de Calnegre-Mazarr\u00f3n, da\u00f1os por ca\u00edda del tendido el\u00e9ctrico cerca de un muro junto a campo de f\u00fatbol Alfonso Embarre; el saneamiento de un cableado de vivienda en Ramonete; y m\u00faltiples ca\u00eddas de ramas de \u00e1rboles en diversos puntos del territorio municipal.<\/p>\n<p>&nbsp;<\/p>\n<p class=\"v1MsoNormal\">El edil ha agradecido a todos los agentes y efectivos implicados su especial celeridad y diligencia en las atenciones realizadas; sin olvidar el trabajo de comunicaci\u00f3n en cuanto a consejos y previsiones a la ciudadan\u00eda, a quien desde aqu\u00ed quiero lanzar un mensaje de agradecimiento por su escucha activa y las precauciones que han llevado a cabo, que han contribuido sin duda a no tener que lamentar da\u00f1os personales ni materiales de relevancia.<\/p>\n","protected":false},"excerpt":{"rendered":"<p>\u00c1REA LORCA RADIO. Escucha aqu\u00ed la entrevista que ha concedido el concejal de Emergencias del Ayuntamiento de Lorca, Jos\u00e9 Mart\u00ednez a Paco S\u00e1nchez en el magazine, \u00c1rea Lorca Actualidad. Lorca, 29 de octubre de 2024. El concejal de Emergencias en el Ayuntamiento de Lorca, Jos\u00e9 Mart\u00ednez, ha realizado una valoraci\u00f3n de las incidencias acontecidas en [&hellip;]<\/p>\n","protected":false},"author":1,"featured_media":4481,"comment_status":"open","ping_status":"open","sticky":false,"template":"","format":"standard","meta":{"iawp_total_views":11,"footnotes":""},"categories":[5,7],"tags":[],"class_list":["post-4476","post","type-post","status-publish","format-standard","has-post-thumbnail","hentry","category-actualidad","category-lorca"],"yoast_head":"<!-- This site is optimized with the Yoast SEO plugin v27.5 - https:\/\/yoast.com\/product\/yoast-seo-wordpress\/ -->\n<title>El Ayuntamiento Lorca destaca la efectividad de todos los servicios municipales activados a trav\u00e9s del plan INUNLOR ante la llegada de la Dana - AREA LORCA RADIO<\/title>\n<meta name=\"robots\" content=\"index, follow, max-snippet:-1, max-image-preview:large, max-video-preview:-1\" \/>\n<link rel=\"canonical\" href=\"https:\/\/arealorcaradio.es\/index.php\/2024\/10\/29\/el-ayuntamiento-lorca-destaca-la-efectividad-de-todos-los-servicios-municipales-activados-a-traves-del-plan-inunlor-ante-la-llegada-de-la-dana\/\" \/>\n<meta property=\"og:locale\" content=\"es_ES\" \/>\n<meta property=\"og:type\" content=\"article\" \/>\n<meta property=\"og:title\" content=\"El Ayuntamiento Lorca destaca la efectividad de todos los servicios municipales activados a trav\u00e9s del plan INUNLOR ante la llegada de la Dana - AREA LORCA RADIO\" \/>\n<meta property=\"og:description\" content=\"\u00c1REA LORCA RADIO. Escucha aqu\u00ed la entrevista que ha concedido el concejal de Emergencias del Ayuntamiento de Lorca, Jos\u00e9 Mart\u00ednez a Paco S\u00e1nchez en el magazine, \u00c1rea Lorca Actualidad. Lorca, 29 de octubre de 2024. El concejal de Emergencias en el Ayuntamiento de Lorca, Jos\u00e9 Mart\u00ednez, ha realizado una valoraci\u00f3n de las incidencias acontecidas en [&hellip;]\" \/>\n<meta property=\"og:url\" content=\"https:\/\/arealorcaradio.es\/index.php\/2024\/10\/29\/el-ayuntamiento-lorca-destaca-la-efectividad-de-todos-los-servicios-municipales-activados-a-traves-del-plan-inunlor-ante-la-llegada-de-la-dana\/\" \/>\n<meta property=\"og:site_name\" content=\"AREA LORCA RADIO\" \/>\n<meta property=\"article:published_time\" content=\"2024-10-29T17:57:03+00:00\" \/>\n<meta property=\"og:image\" content=\"https:\/\/arealorcaradio.es\/wp-content\/uploads\/2024\/10\/20241029_174458-scaled.jpg\" \/>\n\t<meta property=\"og:image:width\" content=\"2560\" \/>\n\t<meta property=\"og:image:height\" content=\"1920\" \/>\n\t<meta property=\"og:image:type\" content=\"image\/jpeg\" \/>\n<meta name=\"author\" content=\"Paco S\u00e1nchez\" \/>\n<meta name=\"twitter:card\" content=\"summary_large_image\" \/>\n<meta name=\"twitter:label1\" content=\"Escrito por\" \/>\n\t<meta name=\"twitter:data1\" content=\"Paco S\u00e1nchez\" \/>\n\t<meta name=\"twitter:label2\" content=\"Tiempo de lectura\" \/>\n\t<meta name=\"twitter:data2\" content=\"3 minutos\" \/>\n<script type=\"application\/ld+json\" class=\"yoast-schema-graph\">{\"@context\":\"https:\\\/\\\/schema.org\",\"@graph\":[{\"@type\":\"Article\",\"@id\":\"https:\\\/\\\/arealorcaradio.es\\\/index.php\\\/2024\\\/10\\\/29\\\/el-ayuntamiento-lorca-destaca-la-efectividad-de-todos-los-servicios-municipales-activados-a-traves-del-plan-inunlor-ante-la-llegada-de-la-dana\\\/#article\",\"isPartOf\":{\"@id\":\"https:\\\/\\\/arealorcaradio.es\\\/index.php\\\/2024\\\/10\\\/29\\\/el-ayuntamiento-lorca-destaca-la-efectividad-de-todos-los-servicios-municipales-activados-a-traves-del-plan-inunlor-ante-la-llegada-de-la-dana\\\/\"},\"author\":{\"name\":\"Paco S\u00e1nchez\",\"@id\":\"https:\\\/\\\/arealorcaradio.es\\\/#\\\/schema\\\/person\\\/9fae605fc25b0f2c83c1ab207139bd27\"},\"headline\":\"El Ayuntamiento Lorca destaca la efectividad de todos los servicios municipales activados a trav\u00e9s del plan INUNLOR ante la llegada de la Dana\",\"datePublished\":\"2024-10-29T17:57:03+00:00\",\"mainEntityOfPage\":{\"@id\":\"https:\\\/\\\/arealorcaradio.es\\\/index.php\\\/2024\\\/10\\\/29\\\/el-ayuntamiento-lorca-destaca-la-efectividad-de-todos-los-servicios-municipales-activados-a-traves-del-plan-inunlor-ante-la-llegada-de-la-dana\\\/\"},\"wordCount\":474,\"commentCount\":0,\"image\":{\"@id\":\"https:\\\/\\\/arealorcaradio.es\\\/index.php\\\/2024\\\/10\\\/29\\\/el-ayuntamiento-lorca-destaca-la-efectividad-de-todos-los-servicios-municipales-activados-a-traves-del-plan-inunlor-ante-la-llegada-de-la-dana\\\/#primaryimage\"},\"thumbnailUrl\":\"https:\\\/\\\/arealorcaradio.es\\\/wp-content\\\/uploads\\\/2024\\\/10\\\/20241029_174458-scaled.jpg\",\"articleSection\":[\"ACTUALIDAD\",\"LORCA\"],\"inLanguage\":\"es\",\"potentialAction\":[{\"@type\":\"CommentAction\",\"name\":\"Comment\",\"target\":[\"https:\\\/\\\/arealorcaradio.es\\\/index.php\\\/2024\\\/10\\\/29\\\/el-ayuntamiento-lorca-destaca-la-efectividad-de-todos-los-servicios-municipales-activados-a-traves-del-plan-inunlor-ante-la-llegada-de-la-dana\\\/#respond\"]}]},{\"@type\":\"WebPage\",\"@id\":\"https:\\\/\\\/arealorcaradio.es\\\/index.php\\\/2024\\\/10\\\/29\\\/el-ayuntamiento-lorca-destaca-la-efectividad-de-todos-los-servicios-municipales-activados-a-traves-del-plan-inunlor-ante-la-llegada-de-la-dana\\\/\",\"url\":\"https:\\\/\\\/arealorcaradio.es\\\/index.php\\\/2024\\\/10\\\/29\\\/el-ayuntamiento-lorca-destaca-la-efectividad-de-todos-los-servicios-municipales-activados-a-traves-del-plan-inunlor-ante-la-llegada-de-la-dana\\\/\",\"name\":\"El Ayuntamiento Lorca destaca la efectividad de todos los servicios municipales activados a trav\u00e9s del plan INUNLOR ante la llegada de la Dana - AREA LORCA RADIO\",\"isPartOf\":{\"@id\":\"https:\\\/\\\/arealorcaradio.es\\\/#website\"},\"primaryImageOfPage\":{\"@id\":\"https:\\\/\\\/arealorcaradio.es\\\/index.php\\\/2024\\\/10\\\/29\\\/el-ayuntamiento-lorca-destaca-la-efectividad-de-todos-los-servicios-municipales-activados-a-traves-del-plan-inunlor-ante-la-llegada-de-la-dana\\\/#primaryimage\"},\"image\":{\"@id\":\"https:\\\/\\\/arealorcaradio.es\\\/index.php\\\/2024\\\/10\\\/29\\\/el-ayuntamiento-lorca-destaca-la-efectividad-de-todos-los-servicios-municipales-activados-a-traves-del-plan-inunlor-ante-la-llegada-de-la-dana\\\/#primaryimage\"},\"thumbnailUrl\":\"https:\\\/\\\/arealorcaradio.es\\\/wp-content\\\/uploads\\\/2024\\\/10\\\/20241029_174458-scaled.jpg\",\"datePublished\":\"2024-10-29T17:57:03+00:00\",\"author\":{\"@id\":\"https:\\\/\\\/arealorcaradio.es\\\/#\\\/schema\\\/person\\\/9fae605fc25b0f2c83c1ab207139bd27\"},\"breadcrumb\":{\"@id\":\"https:\\\/\\\/arealorcaradio.es\\\/index.php\\\/2024\\\/10\\\/29\\\/el-ayuntamiento-lorca-destaca-la-efectividad-de-todos-los-servicios-municipales-activados-a-traves-del-plan-inunlor-ante-la-llegada-de-la-dana\\\/#breadcrumb\"},\"inLanguage\":\"es\",\"potentialAction\":[{\"@type\":\"ReadAction\",\"target\":[\"https:\\\/\\\/arealorcaradio.es\\\/index.php\\\/2024\\\/10\\\/29\\\/el-ayuntamiento-lorca-destaca-la-efectividad-de-todos-los-servicios-municipales-activados-a-traves-del-plan-inunlor-ante-la-llegada-de-la-dana\\\/\"]}]},{\"@type\":\"ImageObject\",\"inLanguage\":\"es\",\"@id\":\"https:\\\/\\\/arealorcaradio.es\\\/index.php\\\/2024\\\/10\\\/29\\\/el-ayuntamiento-lorca-destaca-la-efectividad-de-todos-los-servicios-municipales-activados-a-traves-del-plan-inunlor-ante-la-llegada-de-la-dana\\\/#primaryimage\",\"url\":\"https:\\\/\\\/arealorcaradio.es\\\/wp-content\\\/uploads\\\/2024\\\/10\\\/20241029_174458-scaled.jpg\",\"contentUrl\":\"https:\\\/\\\/arealorcaradio.es\\\/wp-content\\\/uploads\\\/2024\\\/10\\\/20241029_174458-scaled.jpg\",\"width\":2560,\"height\":1920},{\"@type\":\"BreadcrumbList\",\"@id\":\"https:\\\/\\\/arealorcaradio.es\\\/index.php\\\/2024\\\/10\\\/29\\\/el-ayuntamiento-lorca-destaca-la-efectividad-de-todos-los-servicios-municipales-activados-a-traves-del-plan-inunlor-ante-la-llegada-de-la-dana\\\/#breadcrumb\",\"itemListElement\":[{\"@type\":\"ListItem\",\"position\":1,\"name\":\"Portada\",\"item\":\"https:\\\/\\\/arealorcaradio.es\\\/\"},{\"@type\":\"ListItem\",\"position\":2,\"name\":\"El Ayuntamiento Lorca destaca la efectividad de todos los servicios municipales activados a trav\u00e9s del plan INUNLOR ante la llegada de la Dana\"}]},{\"@type\":\"WebSite\",\"@id\":\"https:\\\/\\\/arealorcaradio.es\\\/#website\",\"url\":\"https:\\\/\\\/arealorcaradio.es\\\/\",\"name\":\"AREA LORCA RADIO\",\"description\":\"Descubre la programaci\u00f3n actual en \u00c1rea Lorca Radio, tu fuente de entrenamiento y noticias locales. Sintoniza ahora y mantente conectado online.\",\"potentialAction\":[{\"@type\":\"SearchAction\",\"target\":{\"@type\":\"EntryPoint\",\"urlTemplate\":\"https:\\\/\\\/arealorcaradio.es\\\/?s={search_term_string}\"},\"query-input\":{\"@type\":\"PropertyValueSpecification\",\"valueRequired\":true,\"valueName\":\"search_term_string\"}}],\"inLanguage\":\"es\"},{\"@type\":\"Person\",\"@id\":\"https:\\\/\\\/arealorcaradio.es\\\/#\\\/schema\\\/person\\\/9fae605fc25b0f2c83c1ab207139bd27\",\"name\":\"Paco S\u00e1nchez\",\"image\":{\"@type\":\"ImageObject\",\"inLanguage\":\"es\",\"@id\":\"https:\\\/\\\/secure.gravatar.com\\\/avatar\\\/d67144e966420fb74aa84c9f2a0103be4724fd14db52b52d3b6bca749f257e79?s=96&d=mm&r=g\",\"url\":\"https:\\\/\\\/secure.gravatar.com\\\/avatar\\\/d67144e966420fb74aa84c9f2a0103be4724fd14db52b52d3b6bca749f257e79?s=96&d=mm&r=g\",\"contentUrl\":\"https:\\\/\\\/secure.gravatar.com\\\/avatar\\\/d67144e966420fb74aa84c9f2a0103be4724fd14db52b52d3b6bca749f257e79?s=96&d=mm&r=g\",\"caption\":\"Paco S\u00e1nchez\"},\"sameAs\":[\"https:\\\/\\\/arealorcaradio.es\"],\"url\":\"https:\\\/\\\/arealorcaradio.es\\\/index.php\\\/author\\\/admin_alorcaradio\\\/\"}]}<\/script>\n<!-- \/ Yoast SEO plugin. -->","yoast_head_json":{"title":"El Ayuntamiento Lorca destaca la efectividad de todos los servicios municipales activados a trav\u00e9s del plan INUNLOR ante la llegada de la Dana - AREA LORCA RADIO","robots":{"index":"index","follow":"follow","max-snippet":"max-snippet:-1","max-image-preview":"max-image-preview:large","max-video-preview":"max-video-preview:-1"},"canonical":"https:\/\/arealorcaradio.es\/index.php\/2024\/10\/29\/el-ayuntamiento-lorca-destaca-la-efectividad-de-todos-los-servicios-municipales-activados-a-traves-del-plan-inunlor-ante-la-llegada-de-la-dana\/","og_locale":"es_ES","og_type":"article","og_title":"El Ayuntamiento Lorca destaca la efectividad de todos los servicios municipales activados a trav\u00e9s del plan INUNLOR ante la llegada de la Dana - AREA LORCA RADIO","og_description":"\u00c1REA LORCA RADIO. Escucha aqu\u00ed la entrevista que ha concedido el concejal de Emergencias del Ayuntamiento de Lorca, Jos\u00e9 Mart\u00ednez a Paco S\u00e1nchez en el magazine, \u00c1rea Lorca Actualidad. Lorca, 29 de octubre de 2024. El concejal de Emergencias en el Ayuntamiento de Lorca, Jos\u00e9 Mart\u00ednez, ha realizado una valoraci\u00f3n de las incidencias acontecidas en [&hellip;]","og_url":"https:\/\/arealorcaradio.es\/index.php\/2024\/10\/29\/el-ayuntamiento-lorca-destaca-la-efectividad-de-todos-los-servicios-municipales-activados-a-traves-del-plan-inunlor-ante-la-llegada-de-la-dana\/","og_site_name":"AREA LORCA RADIO","article_published_time":"2024-10-29T17:57:03+00:00","og_image":[{"width":2560,"height":1920,"url":"https:\/\/arealorcaradio.es\/wp-content\/uploads\/2024\/10\/20241029_174458-scaled.jpg","type":"image\/jpeg"}],"author":"Paco S\u00e1nchez","twitter_card":"summary_large_image","twitter_misc":{"Escrito por":"Paco S\u00e1nchez","Tiempo de lectura":"3 minutos"},"schema":{"@context":"https:\/\/schema.org","@graph":[{"@type":"Article","@id":"https:\/\/arealorcaradio.es\/index.php\/2024\/10\/29\/el-ayuntamiento-lorca-destaca-la-efectividad-de-todos-los-servicios-municipales-activados-a-traves-del-plan-inunlor-ante-la-llegada-de-la-dana\/#article","isPartOf":{"@id":"https:\/\/arealorcaradio.es\/index.php\/2024\/10\/29\/el-ayuntamiento-lorca-destaca-la-efectividad-de-todos-los-servicios-municipales-activados-a-traves-del-plan-inunlor-ante-la-llegada-de-la-dana\/"},"author":{"name":"Paco S\u00e1nchez","@id":"https:\/\/arealorcaradio.es\/#\/schema\/person\/9fae605fc25b0f2c83c1ab207139bd27"},"headline":"El Ayuntamiento Lorca destaca la efectividad de todos los servicios municipales activados a trav\u00e9s del plan INUNLOR ante la llegada de la Dana","datePublished":"2024-10-29T17:57:03+00:00","mainEntityOfPage":{"@id":"https:\/\/arealorcaradio.es\/index.php\/2024\/10\/29\/el-ayuntamiento-lorca-destaca-la-efectividad-de-todos-los-servicios-municipales-activados-a-traves-del-plan-inunlor-ante-la-llegada-de-la-dana\/"},"wordCount":474,"commentCount":0,"image":{"@id":"https:\/\/arealorcaradio.es\/index.php\/2024\/10\/29\/el-ayuntamiento-lorca-destaca-la-efectividad-de-todos-los-servicios-municipales-activados-a-traves-del-plan-inunlor-ante-la-llegada-de-la-dana\/#primaryimage"},"thumbnailUrl":"https:\/\/arealorcaradio.es\/wp-content\/uploads\/2024\/10\/20241029_174458-scaled.jpg","articleSection":["ACTUALIDAD","LORCA"],"inLanguage":"es","potentialAction":[{"@type":"CommentAction","name":"Comment","target":["https:\/\/arealorcaradio.es\/index.php\/2024\/10\/29\/el-ayuntamiento-lorca-destaca-la-efectividad-de-todos-los-servicios-municipales-activados-a-traves-del-plan-inunlor-ante-la-llegada-de-la-dana\/#respond"]}]},{"@type":"WebPage","@id":"https:\/\/arealorcaradio.es\/index.php\/2024\/10\/29\/el-ayuntamiento-lorca-destaca-la-efectividad-de-todos-los-servicios-municipales-activados-a-traves-del-plan-inunlor-ante-la-llegada-de-la-dana\/","url":"https:\/\/arealorcaradio.es\/index.php\/2024\/10\/29\/el-ayuntamiento-lorca-destaca-la-efectividad-de-todos-los-servicios-municipales-activados-a-traves-del-plan-inunlor-ante-la-llegada-de-la-dana\/","name":"El Ayuntamiento Lorca destaca la efectividad de todos los servicios municipales activados a trav\u00e9s del plan INUNLOR ante la llegada de la Dana - AREA LORCA RADIO","isPartOf":{"@id":"https:\/\/arealorcaradio.es\/#website"},"primaryImageOfPage":{"@id":"https:\/\/arealorcaradio.es\/index.php\/2024\/10\/29\/el-ayuntamiento-lorca-destaca-la-efectividad-de-todos-los-servicios-municipales-activados-a-traves-del-plan-inunlor-ante-la-llegada-de-la-dana\/#primaryimage"},"image":{"@id":"https:\/\/arealorcaradio.es\/index.php\/2024\/10\/29\/el-ayuntamiento-lorca-destaca-la-efectividad-de-todos-los-servicios-municipales-activados-a-traves-del-plan-inunlor-ante-la-llegada-de-la-dana\/#primaryimage"},"thumbnailUrl":"https:\/\/arealorcaradio.es\/wp-content\/uploads\/2024\/10\/20241029_174458-scaled.jpg","datePublished":"2024-10-29T17:57:03+00:00","author":{"@id":"https:\/\/arealorcaradio.es\/#\/schema\/person\/9fae605fc25b0f2c83c1ab207139bd27"},"breadcrumb":{"@id":"https:\/\/arealorcaradio.es\/index.php\/2024\/10\/29\/el-ayuntamiento-lorca-destaca-la-efectividad-de-todos-los-servicios-municipales-activados-a-traves-del-plan-inunlor-ante-la-llegada-de-la-dana\/#breadcrumb"},"inLanguage":"es","potentialAction":[{"@type":"ReadAction","target":["https:\/\/arealorcaradio.es\/index.php\/2024\/10\/29\/el-ayuntamiento-lorca-destaca-la-efectividad-de-todos-los-servicios-municipales-activados-a-traves-del-plan-inunlor-ante-la-llegada-de-la-dana\/"]}]},{"@type":"ImageObject","inLanguage":"es","@id":"https:\/\/arealorcaradio.es\/index.php\/2024\/10\/29\/el-ayuntamiento-lorca-destaca-la-efectividad-de-todos-los-servicios-municipales-activados-a-traves-del-plan-inunlor-ante-la-llegada-de-la-dana\/#primaryimage","url":"https:\/\/arealorcaradio.es\/wp-content\/uploads\/2024\/10\/20241029_174458-scaled.jpg","contentUrl":"https:\/\/arealorcaradio.es\/wp-content\/uploads\/2024\/10\/20241029_174458-scaled.jpg","width":2560,"height":1920},{"@type":"BreadcrumbList","@id":"https:\/\/arealorcaradio.es\/index.php\/2024\/10\/29\/el-ayuntamiento-lorca-destaca-la-efectividad-de-todos-los-servicios-municipales-activados-a-traves-del-plan-inunlor-ante-la-llegada-de-la-dana\/#breadcrumb","itemListElement":[{"@type":"ListItem","position":1,"name":"Portada","item":"https:\/\/arealorcaradio.es\/"},{"@type":"ListItem","position":2,"name":"El Ayuntamiento Lorca destaca la efectividad de todos los servicios municipales activados a trav\u00e9s del plan INUNLOR ante la llegada de la Dana"}]},{"@type":"WebSite","@id":"https:\/\/arealorcaradio.es\/#website","url":"https:\/\/arealorcaradio.es\/","name":"AREA LORCA RADIO","description":"Descubre la programaci\u00f3n actual en \u00c1rea Lorca Radio, tu fuente de entrenamiento y noticias locales. Sintoniza ahora y mantente conectado online.","potentialAction":[{"@type":"SearchAction","target":{"@type":"EntryPoint","urlTemplate":"https:\/\/arealorcaradio.es\/?s={search_term_string}"},"query-input":{"@type":"PropertyValueSpecification","valueRequired":true,"valueName":"search_term_string"}}],"inLanguage":"es"},{"@type":"Person","@id":"https:\/\/arealorcaradio.es\/#\/schema\/person\/9fae605fc25b0f2c83c1ab207139bd27","name":"Paco S\u00e1nchez","image":{"@type":"ImageObject","inLanguage":"es","@id":"https:\/\/secure.gravatar.com\/avatar\/d67144e966420fb74aa84c9f2a0103be4724fd14db52b52d3b6bca749f257e79?s=96&d=mm&r=g","url":"https:\/\/secure.gravatar.com\/avatar\/d67144e966420fb74aa84c9f2a0103be4724fd14db52b52d3b6bca749f257e79?s=96&d=mm&r=g","contentUrl":"https:\/\/secure.gravatar.com\/avatar\/d67144e966420fb74aa84c9f2a0103be4724fd14db52b52d3b6bca749f257e79?s=96&d=mm&r=g","caption":"Paco S\u00e1nchez"},"sameAs":["https:\/\/arealorcaradio.es"],"url":"https:\/\/arealorcaradio.es\/index.php\/author\/admin_alorcaradio\/"}]}},"_links":{"self":[{"href":"https:\/\/arealorcaradio.es\/index.php\/wp-json\/wp\/v2\/posts\/4476","targetHints":{"allow":["GET"]}}],"collection":[{"href":"https:\/\/arealorcaradio.es\/index.php\/wp-json\/wp\/v2\/posts"}],"about":[{"href":"https:\/\/arealorcaradio.es\/index.php\/wp-json\/wp\/v2\/types\/post"}],"author":[{"embeddable":true,"href":"https:\/\/arealorcaradio.es\/index.php\/wp-json\/wp\/v2\/users\/1"}],"replies":[{"embeddable":true,"href":"https:\/\/arealorcaradio.es\/index.php\/wp-json\/wp\/v2\/comments?post=4476"}],"version-history":[{"count":1,"href":"https:\/\/arealorcaradio.es\/index.php\/wp-json\/wp\/v2\/posts\/4476\/revisions"}],"predecessor-version":[{"id":4482,"href":"https:\/\/arealorcaradio.es\/index.php\/wp-json\/wp\/v2\/posts\/4476\/revisions\/4482"}],"wp:featuredmedia":[{"embeddable":true,"href":"https:\/\/arealorcaradio.es\/index.php\/wp-json\/wp\/v2\/media\/4481"}],"wp:attachment":[{"href":"https:\/\/arealorcaradio.es\/index.php\/wp-json\/wp\/v2\/media?parent=4476"}],"wp:term":[{"taxonomy":"category","embeddable":true,"href":"https:\/\/arealorcaradio.es\/index.php\/wp-json\/wp\/v2\/categories?post=4476"},{"taxonomy":"post_tag","embeddable":true,"href":"https:\/\/arealorcaradio.es\/index.php\/wp-json\/wp\/v2\/tags?post=4476"}],"curies":[{"name":"wp","href":"https:\/\/api.w.org\/{rel}","templated":true}]}}