{"id":4457,"date":"2024-10-29T08:56:06","date_gmt":"2024-10-29T08:56:06","guid":{"rendered":"https:\/\/arealorcaradio.es\/?p=4457"},"modified":"2024-10-29T09:29:43","modified_gmt":"2024-10-29T09:29:43","slug":"la-aemet-amplia-la-alerta-naranja-en-lorca-por-fuertes-lluvias-hasta-las-18-horas-de-este-martes","status":"publish","type":"post","link":"https:\/\/arealorcaradio.es\/index.php\/2024\/10\/29\/la-aemet-amplia-la-alerta-naranja-en-lorca-por-fuertes-lluvias-hasta-las-18-horas-de-este-martes\/","title":{"rendered":"La Aemet ampl\u00eda la alerta Naranja en Lorca, por fuertes lluvias hasta las 18 horas de este martes"},"content":{"rendered":"<p><strong>\u00c1REA LORCA RADIO.<\/strong><\/p>\n<p><strong>\u00daLTIMA HORA DANA. Incidencias. (Actualizado a las 10:25 horas)<\/strong><\/p>\n<p>Esta pasada madrugada 12,4 litros han ca\u00eddo en el casco urbano de Lorca. Un \u00e1rbol ca\u00eda, obstaculizando la circulaci\u00f3n en la Carretera de \u00c1guilas con Carril de Vela. El aviso se recib\u00eda en Polic\u00eda Local. Se hac\u00eda uso de la eslinga y fue arrastrado fuera de la v\u00eda, dej\u00e1ndola nuevamente en uso para la circulaci\u00f3n de veh\u00edculos. La Aemet ampl\u00eda la alerta Naranja en Lorca, por fuertes lluvias, hasta las 18 horas de este martes con una probabilidad de lluvia de entre el 40 y 70 %.<\/p>\n<p>El dispositivo municipal contin\u00faa operativo, monitorizando cualquier eventualidad y con todos los medios preparados para hacer frente a la situaci\u00f3n. Los equipos de Emergencias realizan un recorrido por el municipio para detectar cualquier incidencia. Hasta el momento, \u00fanicamente se han encontrado alg\u00fan arrastre en carreteras con paso de rambla (La Parroquia y Las Librilleras), pero no obstaculizan el tr\u00e1fico. Desde las seis de la ma\u00f1ana se est\u00e1 reconociendo la zona de Torrecilla a Campillo. No se ha localizado ninguna incidencia. En la Urbanizaci\u00f3n Villa Tercia ha ca\u00eddo un poste que se espera sea retirado lo antes posible.<\/p>\n<p>Se han producido da\u00f1os en arbolado en Los \u00c1ngeles, alamedas, Avenida de Santa Clara y La Hoya principalmente para lo que los Servicios t\u00e9cnicos municipales ya trabajan.<\/p>\n<p>Los servicios t\u00e9cnicos del operativo municipal para atender incidencias provocadas por la DANA atienden da\u00f1os por ca\u00edda de tendido el\u00e9ctrico en Ca\u00f1ada de Morales.<\/p>\n<p><img loading=\"lazy\" decoding=\"async\" class=\"alignnone size-medium wp-image-4460\" src=\"https:\/\/arealorcaradio.es\/wp-content\/uploads\/2024\/10\/WhatsApp-Image-2024-10-29-at-09.46.08-2-300x225.jpeg\" alt=\"\" width=\"300\" height=\"225\" srcset=\"https:\/\/arealorcaradio.es\/wp-content\/uploads\/2024\/10\/WhatsApp-Image-2024-10-29-at-09.46.08-2-300x225.jpeg 300w, https:\/\/arealorcaradio.es\/wp-content\/uploads\/2024\/10\/WhatsApp-Image-2024-10-29-at-09.46.08-2-1024x768.jpeg 1024w, https:\/\/arealorcaradio.es\/wp-content\/uploads\/2024\/10\/WhatsApp-Image-2024-10-29-at-09.46.08-2-768x576.jpeg 768w, https:\/\/arealorcaradio.es\/wp-content\/uploads\/2024\/10\/WhatsApp-Image-2024-10-29-at-09.46.08-2-1536x1152.jpeg 1536w, https:\/\/arealorcaradio.es\/wp-content\/uploads\/2024\/10\/WhatsApp-Image-2024-10-29-at-09.46.08-2-86x64.jpeg 86w, https:\/\/arealorcaradio.es\/wp-content\/uploads\/2024\/10\/WhatsApp-Image-2024-10-29-at-09.46.08-2.jpeg 2000w\" sizes=\"auto, (max-width: 300px) 100vw, 300px\" \/> <img loading=\"lazy\" decoding=\"async\" class=\"alignnone size-medium wp-image-4461\" src=\"https:\/\/arealorcaradio.es\/wp-content\/uploads\/2024\/10\/WhatsApp-Image-2024-10-29-at-07.23.55-300x226.jpeg\" alt=\"\" width=\"300\" height=\"226\" srcset=\"https:\/\/arealorcaradio.es\/wp-content\/uploads\/2024\/10\/WhatsApp-Image-2024-10-29-at-07.23.55-300x226.jpeg 300w, https:\/\/arealorcaradio.es\/wp-content\/uploads\/2024\/10\/WhatsApp-Image-2024-10-29-at-07.23.55-1024x771.jpeg 1024w, https:\/\/arealorcaradio.es\/wp-content\/uploads\/2024\/10\/WhatsApp-Image-2024-10-29-at-07.23.55-768x578.jpeg 768w, https:\/\/arealorcaradio.es\/wp-content\/uploads\/2024\/10\/WhatsApp-Image-2024-10-29-at-07.23.55-1536x1157.jpeg 1536w, https:\/\/arealorcaradio.es\/wp-content\/uploads\/2024\/10\/WhatsApp-Image-2024-10-29-at-07.23.55-86x64.jpeg 86w, https:\/\/arealorcaradio.es\/wp-content\/uploads\/2024\/10\/WhatsApp-Image-2024-10-29-at-07.23.55.jpeg 2040w\" sizes=\"auto, (max-width: 300px) 100vw, 300px\" \/> <img loading=\"lazy\" decoding=\"async\" class=\"alignnone size-medium wp-image-4462\" src=\"https:\/\/arealorcaradio.es\/wp-content\/uploads\/2024\/10\/WhatsApp-Image-2024-10-29-at-09.44.38-300x225.jpeg\" alt=\"\" width=\"300\" height=\"225\" srcset=\"https:\/\/arealorcaradio.es\/wp-content\/uploads\/2024\/10\/WhatsApp-Image-2024-10-29-at-09.44.38-300x225.jpeg 300w, https:\/\/arealorcaradio.es\/wp-content\/uploads\/2024\/10\/WhatsApp-Image-2024-10-29-at-09.44.38-1024x768.jpeg 1024w, https:\/\/arealorcaradio.es\/wp-content\/uploads\/2024\/10\/WhatsApp-Image-2024-10-29-at-09.44.38-768x576.jpeg 768w, https:\/\/arealorcaradio.es\/wp-content\/uploads\/2024\/10\/WhatsApp-Image-2024-10-29-at-09.44.38-1536x1152.jpeg 1536w, https:\/\/arealorcaradio.es\/wp-content\/uploads\/2024\/10\/WhatsApp-Image-2024-10-29-at-09.44.38-86x64.jpeg 86w, https:\/\/arealorcaradio.es\/wp-content\/uploads\/2024\/10\/WhatsApp-Image-2024-10-29-at-09.44.38.jpeg 2048w\" sizes=\"auto, (max-width: 300px) 100vw, 300px\" \/> <img loading=\"lazy\" decoding=\"async\" class=\"alignnone size-medium wp-image-4465\" src=\"https:\/\/arealorcaradio.es\/wp-content\/uploads\/2024\/10\/WhatsApp-Image-2024-10-29-at-10.10.26-300x225.jpeg\" alt=\"\" width=\"300\" height=\"225\" srcset=\"https:\/\/arealorcaradio.es\/wp-content\/uploads\/2024\/10\/WhatsApp-Image-2024-10-29-at-10.10.26-300x225.jpeg 300w, https:\/\/arealorcaradio.es\/wp-content\/uploads\/2024\/10\/WhatsApp-Image-2024-10-29-at-10.10.26-1024x768.jpeg 1024w, https:\/\/arealorcaradio.es\/wp-content\/uploads\/2024\/10\/WhatsApp-Image-2024-10-29-at-10.10.26-768x576.jpeg 768w, https:\/\/arealorcaradio.es\/wp-content\/uploads\/2024\/10\/WhatsApp-Image-2024-10-29-at-10.10.26-1536x1152.jpeg 1536w, https:\/\/arealorcaradio.es\/wp-content\/uploads\/2024\/10\/WhatsApp-Image-2024-10-29-at-10.10.26-86x64.jpeg 86w, https:\/\/arealorcaradio.es\/wp-content\/uploads\/2024\/10\/WhatsApp-Image-2024-10-29-at-10.10.26.jpeg 1600w\" sizes=\"auto, (max-width: 300px) 100vw, 300px\" \/> <img loading=\"lazy\" decoding=\"async\" class=\"alignnone wp-image-4466\" src=\"https:\/\/arealorcaradio.es\/wp-content\/uploads\/2024\/10\/WhatsApp-Image-2024-10-29-at-10.10.42-225x300.jpeg\" alt=\"\" width=\"217\" height=\"289\" srcset=\"https:\/\/arealorcaradio.es\/wp-content\/uploads\/2024\/10\/WhatsApp-Image-2024-10-29-at-10.10.42-225x300.jpeg 225w, https:\/\/arealorcaradio.es\/wp-content\/uploads\/2024\/10\/WhatsApp-Image-2024-10-29-at-10.10.42-768x1024.jpeg 768w, https:\/\/arealorcaradio.es\/wp-content\/uploads\/2024\/10\/WhatsApp-Image-2024-10-29-at-10.10.42-1152x1536.jpeg 1152w, https:\/\/arealorcaradio.es\/wp-content\/uploads\/2024\/10\/WhatsApp-Image-2024-10-29-at-10.10.42.jpeg 1536w\" sizes=\"auto, (max-width: 217px) 100vw, 217px\" \/> <img loading=\"lazy\" decoding=\"async\" class=\"alignnone wp-image-4468\" src=\"https:\/\/arealorcaradio.es\/wp-content\/uploads\/2024\/10\/WhatsApp-Image-2024-10-29-at-10.20.26-1-169x300.jpeg\" alt=\"\" width=\"162\" height=\"288\" srcset=\"https:\/\/arealorcaradio.es\/wp-content\/uploads\/2024\/10\/WhatsApp-Image-2024-10-29-at-10.20.26-1-169x300.jpeg 169w, https:\/\/arealorcaradio.es\/wp-content\/uploads\/2024\/10\/WhatsApp-Image-2024-10-29-at-10.20.26-1-576x1024.jpeg 576w, https:\/\/arealorcaradio.es\/wp-content\/uploads\/2024\/10\/WhatsApp-Image-2024-10-29-at-10.20.26-1-768x1366.jpeg 768w, https:\/\/arealorcaradio.es\/wp-content\/uploads\/2024\/10\/WhatsApp-Image-2024-10-29-at-10.20.26-1-864x1536.jpeg 864w, https:\/\/arealorcaradio.es\/wp-content\/uploads\/2024\/10\/WhatsApp-Image-2024-10-29-at-10.20.26-1.jpeg 899w\" sizes=\"auto, (max-width: 162px) 100vw, 162px\" \/> <img loading=\"lazy\" decoding=\"async\" class=\"alignnone wp-image-4469\" src=\"https:\/\/arealorcaradio.es\/wp-content\/uploads\/2024\/10\/WhatsApp-Image-2024-10-29-at-10.20.26-169x300.jpeg\" alt=\"\" width=\"161\" height=\"286\" srcset=\"https:\/\/arealorcaradio.es\/wp-content\/uploads\/2024\/10\/WhatsApp-Image-2024-10-29-at-10.20.26-169x300.jpeg 169w, https:\/\/arealorcaradio.es\/wp-content\/uploads\/2024\/10\/WhatsApp-Image-2024-10-29-at-10.20.26-576x1024.jpeg 576w, https:\/\/arealorcaradio.es\/wp-content\/uploads\/2024\/10\/WhatsApp-Image-2024-10-29-at-10.20.26-768x1365.jpeg 768w, https:\/\/arealorcaradio.es\/wp-content\/uploads\/2024\/10\/WhatsApp-Image-2024-10-29-at-10.20.26-864x1536.jpeg 864w, https:\/\/arealorcaradio.es\/wp-content\/uploads\/2024\/10\/WhatsApp-Image-2024-10-29-at-10.20.26.jpeg 1080w\" sizes=\"auto, (max-width: 161px) 100vw, 161px\" \/> <img loading=\"lazy\" decoding=\"async\" class=\"alignnone wp-image-4470\" src=\"https:\/\/arealorcaradio.es\/wp-content\/uploads\/2024\/10\/WhatsApp-Image-2024-10-29-at-10.20.25-169x300.jpeg\" alt=\"\" width=\"161\" height=\"286\" srcset=\"https:\/\/arealorcaradio.es\/wp-content\/uploads\/2024\/10\/WhatsApp-Image-2024-10-29-at-10.20.25-169x300.jpeg 169w, https:\/\/arealorcaradio.es\/wp-content\/uploads\/2024\/10\/WhatsApp-Image-2024-10-29-at-10.20.25-576x1024.jpeg 576w, https:\/\/arealorcaradio.es\/wp-content\/uploads\/2024\/10\/WhatsApp-Image-2024-10-29-at-10.20.25-768x1365.jpeg 768w, https:\/\/arealorcaradio.es\/wp-content\/uploads\/2024\/10\/WhatsApp-Image-2024-10-29-at-10.20.25-864x1536.jpeg 864w, https:\/\/arealorcaradio.es\/wp-content\/uploads\/2024\/10\/WhatsApp-Image-2024-10-29-at-10.20.25.jpeg 1080w\" sizes=\"auto, (max-width: 161px) 100vw, 161px\" \/><\/p>\n","protected":false},"excerpt":{"rendered":"<p>\u00c1REA LORCA RADIO. \u00daLTIMA HORA DANA. Incidencias. (Actualizado a las 10:25 horas) Esta pasada madrugada 12,4 litros han ca\u00eddo en el casco urbano de Lorca. Un \u00e1rbol ca\u00eda, obstaculizando la circulaci\u00f3n en la Carretera de \u00c1guilas con Carril de Vela. El aviso se recib\u00eda en Polic\u00eda Local. Se hac\u00eda uso de la eslinga y fue [&hellip;]<\/p>\n","protected":false},"author":1,"featured_media":4458,"comment_status":"open","ping_status":"open","sticky":false,"template":"","format":"standard","meta":{"iawp_total_views":26,"footnotes":""},"categories":[5,7],"tags":[],"class_list":["post-4457","post","type-post","status-publish","format-standard","has-post-thumbnail","hentry","category-actualidad","category-lorca"],"yoast_head":"<!-- This site is optimized with the Yoast SEO plugin v27.5 - https:\/\/yoast.com\/product\/yoast-seo-wordpress\/ -->\n<title>La Aemet ampl\u00eda la alerta Naranja en Lorca, por fuertes lluvias hasta las 18 horas de este martes - AREA LORCA RADIO<\/title>\n<meta name=\"robots\" content=\"index, follow, max-snippet:-1, max-image-preview:large, max-video-preview:-1\" \/>\n<link rel=\"canonical\" href=\"https:\/\/arealorcaradio.es\/index.php\/2024\/10\/29\/la-aemet-amplia-la-alerta-naranja-en-lorca-por-fuertes-lluvias-hasta-las-18-horas-de-este-martes\/\" \/>\n<meta property=\"og:locale\" content=\"es_ES\" \/>\n<meta property=\"og:type\" content=\"article\" \/>\n<meta property=\"og:title\" content=\"La Aemet ampl\u00eda la alerta Naranja en Lorca, por fuertes lluvias hasta las 18 horas de este martes - AREA LORCA RADIO\" \/>\n<meta property=\"og:description\" content=\"\u00c1REA LORCA RADIO. \u00daLTIMA HORA DANA. Incidencias. (Actualizado a las 10:25 horas) Esta pasada madrugada 12,4 litros han ca\u00eddo en el casco urbano de Lorca. Un \u00e1rbol ca\u00eda, obstaculizando la circulaci\u00f3n en la Carretera de \u00c1guilas con Carril de Vela. El aviso se recib\u00eda en Polic\u00eda Local. Se hac\u00eda uso de la eslinga y fue [&hellip;]\" \/>\n<meta property=\"og:url\" content=\"https:\/\/arealorcaradio.es\/index.php\/2024\/10\/29\/la-aemet-amplia-la-alerta-naranja-en-lorca-por-fuertes-lluvias-hasta-las-18-horas-de-este-martes\/\" \/>\n<meta property=\"og:site_name\" content=\"AREA LORCA RADIO\" \/>\n<meta property=\"article:published_time\" content=\"2024-10-29T08:56:06+00:00\" \/>\n<meta property=\"article:modified_time\" content=\"2024-10-29T09:29:43+00:00\" \/>\n<meta property=\"og:image\" content=\"https:\/\/arealorcaradio.es\/wp-content\/uploads\/2024\/10\/WhatsApp-Image-2024-10-29-at-09.43.59.jpeg\" \/>\n\t<meta property=\"og:image:width\" content=\"2048\" \/>\n\t<meta property=\"og:image:height\" content=\"1536\" \/>\n\t<meta property=\"og:image:type\" content=\"image\/jpeg\" \/>\n<meta name=\"author\" content=\"Paco S\u00e1nchez\" \/>\n<meta name=\"twitter:card\" content=\"summary_large_image\" \/>\n<meta name=\"twitter:label1\" content=\"Escrito por\" \/>\n\t<meta name=\"twitter:data1\" content=\"Paco S\u00e1nchez\" \/>\n\t<meta name=\"twitter:label2\" content=\"Tiempo de lectura\" \/>\n\t<meta name=\"twitter:data2\" content=\"3 minutos\" \/>\n<script type=\"application\/ld+json\" class=\"yoast-schema-graph\">{\"@context\":\"https:\\\/\\\/schema.org\",\"@graph\":[{\"@type\":\"Article\",\"@id\":\"https:\\\/\\\/arealorcaradio.es\\\/index.php\\\/2024\\\/10\\\/29\\\/la-aemet-amplia-la-alerta-naranja-en-lorca-por-fuertes-lluvias-hasta-las-18-horas-de-este-martes\\\/#article\",\"isPartOf\":{\"@id\":\"https:\\\/\\\/arealorcaradio.es\\\/index.php\\\/2024\\\/10\\\/29\\\/la-aemet-amplia-la-alerta-naranja-en-lorca-por-fuertes-lluvias-hasta-las-18-horas-de-este-martes\\\/\"},\"author\":{\"name\":\"Paco S\u00e1nchez\",\"@id\":\"https:\\\/\\\/arealorcaradio.es\\\/#\\\/schema\\\/person\\\/9fae605fc25b0f2c83c1ab207139bd27\"},\"headline\":\"La Aemet ampl\u00eda la alerta Naranja en Lorca, por fuertes lluvias hasta las 18 horas de este martes\",\"datePublished\":\"2024-10-29T08:56:06+00:00\",\"dateModified\":\"2024-10-29T09:29:43+00:00\",\"mainEntityOfPage\":{\"@id\":\"https:\\\/\\\/arealorcaradio.es\\\/index.php\\\/2024\\\/10\\\/29\\\/la-aemet-amplia-la-alerta-naranja-en-lorca-por-fuertes-lluvias-hasta-las-18-horas-de-este-martes\\\/\"},\"wordCount\":284,\"commentCount\":0,\"image\":{\"@id\":\"https:\\\/\\\/arealorcaradio.es\\\/index.php\\\/2024\\\/10\\\/29\\\/la-aemet-amplia-la-alerta-naranja-en-lorca-por-fuertes-lluvias-hasta-las-18-horas-de-este-martes\\\/#primaryimage\"},\"thumbnailUrl\":\"https:\\\/\\\/arealorcaradio.es\\\/wp-content\\\/uploads\\\/2024\\\/10\\\/WhatsApp-Image-2024-10-29-at-09.43.59.jpeg\",\"articleSection\":[\"ACTUALIDAD\",\"LORCA\"],\"inLanguage\":\"es\",\"potentialAction\":[{\"@type\":\"CommentAction\",\"name\":\"Comment\",\"target\":[\"https:\\\/\\\/arealorcaradio.es\\\/index.php\\\/2024\\\/10\\\/29\\\/la-aemet-amplia-la-alerta-naranja-en-lorca-por-fuertes-lluvias-hasta-las-18-horas-de-este-martes\\\/#respond\"]}]},{\"@type\":\"WebPage\",\"@id\":\"https:\\\/\\\/arealorcaradio.es\\\/index.php\\\/2024\\\/10\\\/29\\\/la-aemet-amplia-la-alerta-naranja-en-lorca-por-fuertes-lluvias-hasta-las-18-horas-de-este-martes\\\/\",\"url\":\"https:\\\/\\\/arealorcaradio.es\\\/index.php\\\/2024\\\/10\\\/29\\\/la-aemet-amplia-la-alerta-naranja-en-lorca-por-fuertes-lluvias-hasta-las-18-horas-de-este-martes\\\/\",\"name\":\"La Aemet ampl\u00eda la alerta Naranja en Lorca, por fuertes lluvias hasta las 18 horas de este martes - AREA LORCA RADIO\",\"isPartOf\":{\"@id\":\"https:\\\/\\\/arealorcaradio.es\\\/#website\"},\"primaryImageOfPage\":{\"@id\":\"https:\\\/\\\/arealorcaradio.es\\\/index.php\\\/2024\\\/10\\\/29\\\/la-aemet-amplia-la-alerta-naranja-en-lorca-por-fuertes-lluvias-hasta-las-18-horas-de-este-martes\\\/#primaryimage\"},\"image\":{\"@id\":\"https:\\\/\\\/arealorcaradio.es\\\/index.php\\\/2024\\\/10\\\/29\\\/la-aemet-amplia-la-alerta-naranja-en-lorca-por-fuertes-lluvias-hasta-las-18-horas-de-este-martes\\\/#primaryimage\"},\"thumbnailUrl\":\"https:\\\/\\\/arealorcaradio.es\\\/wp-content\\\/uploads\\\/2024\\\/10\\\/WhatsApp-Image-2024-10-29-at-09.43.59.jpeg\",\"datePublished\":\"2024-10-29T08:56:06+00:00\",\"dateModified\":\"2024-10-29T09:29:43+00:00\",\"author\":{\"@id\":\"https:\\\/\\\/arealorcaradio.es\\\/#\\\/schema\\\/person\\\/9fae605fc25b0f2c83c1ab207139bd27\"},\"breadcrumb\":{\"@id\":\"https:\\\/\\\/arealorcaradio.es\\\/index.php\\\/2024\\\/10\\\/29\\\/la-aemet-amplia-la-alerta-naranja-en-lorca-por-fuertes-lluvias-hasta-las-18-horas-de-este-martes\\\/#breadcrumb\"},\"inLanguage\":\"es\",\"potentialAction\":[{\"@type\":\"ReadAction\",\"target\":[\"https:\\\/\\\/arealorcaradio.es\\\/index.php\\\/2024\\\/10\\\/29\\\/la-aemet-amplia-la-alerta-naranja-en-lorca-por-fuertes-lluvias-hasta-las-18-horas-de-este-martes\\\/\"]}]},{\"@type\":\"ImageObject\",\"inLanguage\":\"es\",\"@id\":\"https:\\\/\\\/arealorcaradio.es\\\/index.php\\\/2024\\\/10\\\/29\\\/la-aemet-amplia-la-alerta-naranja-en-lorca-por-fuertes-lluvias-hasta-las-18-horas-de-este-martes\\\/#primaryimage\",\"url\":\"https:\\\/\\\/arealorcaradio.es\\\/wp-content\\\/uploads\\\/2024\\\/10\\\/WhatsApp-Image-2024-10-29-at-09.43.59.jpeg\",\"contentUrl\":\"https:\\\/\\\/arealorcaradio.es\\\/wp-content\\\/uploads\\\/2024\\\/10\\\/WhatsApp-Image-2024-10-29-at-09.43.59.jpeg\",\"width\":2048,\"height\":1536},{\"@type\":\"BreadcrumbList\",\"@id\":\"https:\\\/\\\/arealorcaradio.es\\\/index.php\\\/2024\\\/10\\\/29\\\/la-aemet-amplia-la-alerta-naranja-en-lorca-por-fuertes-lluvias-hasta-las-18-horas-de-este-martes\\\/#breadcrumb\",\"itemListElement\":[{\"@type\":\"ListItem\",\"position\":1,\"name\":\"Portada\",\"item\":\"https:\\\/\\\/arealorcaradio.es\\\/\"},{\"@type\":\"ListItem\",\"position\":2,\"name\":\"La Aemet ampl\u00eda la alerta Naranja en Lorca, por fuertes lluvias hasta las 18 horas de este martes\"}]},{\"@type\":\"WebSite\",\"@id\":\"https:\\\/\\\/arealorcaradio.es\\\/#website\",\"url\":\"https:\\\/\\\/arealorcaradio.es\\\/\",\"name\":\"AREA LORCA RADIO\",\"description\":\"Descubre la programaci\u00f3n actual en \u00c1rea Lorca Radio, tu fuente de entrenamiento y noticias locales. Sintoniza ahora y mantente conectado online.\",\"potentialAction\":[{\"@type\":\"SearchAction\",\"target\":{\"@type\":\"EntryPoint\",\"urlTemplate\":\"https:\\\/\\\/arealorcaradio.es\\\/?s={search_term_string}\"},\"query-input\":{\"@type\":\"PropertyValueSpecification\",\"valueRequired\":true,\"valueName\":\"search_term_string\"}}],\"inLanguage\":\"es\"},{\"@type\":\"Person\",\"@id\":\"https:\\\/\\\/arealorcaradio.es\\\/#\\\/schema\\\/person\\\/9fae605fc25b0f2c83c1ab207139bd27\",\"name\":\"Paco S\u00e1nchez\",\"image\":{\"@type\":\"ImageObject\",\"inLanguage\":\"es\",\"@id\":\"https:\\\/\\\/secure.gravatar.com\\\/avatar\\\/d67144e966420fb74aa84c9f2a0103be4724fd14db52b52d3b6bca749f257e79?s=96&d=mm&r=g\",\"url\":\"https:\\\/\\\/secure.gravatar.com\\\/avatar\\\/d67144e966420fb74aa84c9f2a0103be4724fd14db52b52d3b6bca749f257e79?s=96&d=mm&r=g\",\"contentUrl\":\"https:\\\/\\\/secure.gravatar.com\\\/avatar\\\/d67144e966420fb74aa84c9f2a0103be4724fd14db52b52d3b6bca749f257e79?s=96&d=mm&r=g\",\"caption\":\"Paco S\u00e1nchez\"},\"sameAs\":[\"https:\\\/\\\/arealorcaradio.es\"],\"url\":\"https:\\\/\\\/arealorcaradio.es\\\/index.php\\\/author\\\/admin_alorcaradio\\\/\"}]}<\/script>\n<!-- \/ Yoast SEO plugin. -->","yoast_head_json":{"title":"La Aemet ampl\u00eda la alerta Naranja en Lorca, por fuertes lluvias hasta las 18 horas de este martes - AREA LORCA RADIO","robots":{"index":"index","follow":"follow","max-snippet":"max-snippet:-1","max-image-preview":"max-image-preview:large","max-video-preview":"max-video-preview:-1"},"canonical":"https:\/\/arealorcaradio.es\/index.php\/2024\/10\/29\/la-aemet-amplia-la-alerta-naranja-en-lorca-por-fuertes-lluvias-hasta-las-18-horas-de-este-martes\/","og_locale":"es_ES","og_type":"article","og_title":"La Aemet ampl\u00eda la alerta Naranja en Lorca, por fuertes lluvias hasta las 18 horas de este martes - AREA LORCA RADIO","og_description":"\u00c1REA LORCA RADIO. \u00daLTIMA HORA DANA. Incidencias. (Actualizado a las 10:25 horas) Esta pasada madrugada 12,4 litros han ca\u00eddo en el casco urbano de Lorca. Un \u00e1rbol ca\u00eda, obstaculizando la circulaci\u00f3n en la Carretera de \u00c1guilas con Carril de Vela. El aviso se recib\u00eda en Polic\u00eda Local. Se hac\u00eda uso de la eslinga y fue [&hellip;]","og_url":"https:\/\/arealorcaradio.es\/index.php\/2024\/10\/29\/la-aemet-amplia-la-alerta-naranja-en-lorca-por-fuertes-lluvias-hasta-las-18-horas-de-este-martes\/","og_site_name":"AREA LORCA RADIO","article_published_time":"2024-10-29T08:56:06+00:00","article_modified_time":"2024-10-29T09:29:43+00:00","og_image":[{"width":2048,"height":1536,"url":"https:\/\/arealorcaradio.es\/wp-content\/uploads\/2024\/10\/WhatsApp-Image-2024-10-29-at-09.43.59.jpeg","type":"image\/jpeg"}],"author":"Paco S\u00e1nchez","twitter_card":"summary_large_image","twitter_misc":{"Escrito por":"Paco S\u00e1nchez","Tiempo de lectura":"3 minutos"},"schema":{"@context":"https:\/\/schema.org","@graph":[{"@type":"Article","@id":"https:\/\/arealorcaradio.es\/index.php\/2024\/10\/29\/la-aemet-amplia-la-alerta-naranja-en-lorca-por-fuertes-lluvias-hasta-las-18-horas-de-este-martes\/#article","isPartOf":{"@id":"https:\/\/arealorcaradio.es\/index.php\/2024\/10\/29\/la-aemet-amplia-la-alerta-naranja-en-lorca-por-fuertes-lluvias-hasta-las-18-horas-de-este-martes\/"},"author":{"name":"Paco S\u00e1nchez","@id":"https:\/\/arealorcaradio.es\/#\/schema\/person\/9fae605fc25b0f2c83c1ab207139bd27"},"headline":"La Aemet ampl\u00eda la alerta Naranja en Lorca, por fuertes lluvias hasta las 18 horas de este martes","datePublished":"2024-10-29T08:56:06+00:00","dateModified":"2024-10-29T09:29:43+00:00","mainEntityOfPage":{"@id":"https:\/\/arealorcaradio.es\/index.php\/2024\/10\/29\/la-aemet-amplia-la-alerta-naranja-en-lorca-por-fuertes-lluvias-hasta-las-18-horas-de-este-martes\/"},"wordCount":284,"commentCount":0,"image":{"@id":"https:\/\/arealorcaradio.es\/index.php\/2024\/10\/29\/la-aemet-amplia-la-alerta-naranja-en-lorca-por-fuertes-lluvias-hasta-las-18-horas-de-este-martes\/#primaryimage"},"thumbnailUrl":"https:\/\/arealorcaradio.es\/wp-content\/uploads\/2024\/10\/WhatsApp-Image-2024-10-29-at-09.43.59.jpeg","articleSection":["ACTUALIDAD","LORCA"],"inLanguage":"es","potentialAction":[{"@type":"CommentAction","name":"Comment","target":["https:\/\/arealorcaradio.es\/index.php\/2024\/10\/29\/la-aemet-amplia-la-alerta-naranja-en-lorca-por-fuertes-lluvias-hasta-las-18-horas-de-este-martes\/#respond"]}]},{"@type":"WebPage","@id":"https:\/\/arealorcaradio.es\/index.php\/2024\/10\/29\/la-aemet-amplia-la-alerta-naranja-en-lorca-por-fuertes-lluvias-hasta-las-18-horas-de-este-martes\/","url":"https:\/\/arealorcaradio.es\/index.php\/2024\/10\/29\/la-aemet-amplia-la-alerta-naranja-en-lorca-por-fuertes-lluvias-hasta-las-18-horas-de-este-martes\/","name":"La Aemet ampl\u00eda la alerta Naranja en Lorca, por fuertes lluvias hasta las 18 horas de este martes - AREA LORCA RADIO","isPartOf":{"@id":"https:\/\/arealorcaradio.es\/#website"},"primaryImageOfPage":{"@id":"https:\/\/arealorcaradio.es\/index.php\/2024\/10\/29\/la-aemet-amplia-la-alerta-naranja-en-lorca-por-fuertes-lluvias-hasta-las-18-horas-de-este-martes\/#primaryimage"},"image":{"@id":"https:\/\/arealorcaradio.es\/index.php\/2024\/10\/29\/la-aemet-amplia-la-alerta-naranja-en-lorca-por-fuertes-lluvias-hasta-las-18-horas-de-este-martes\/#primaryimage"},"thumbnailUrl":"https:\/\/arealorcaradio.es\/wp-content\/uploads\/2024\/10\/WhatsApp-Image-2024-10-29-at-09.43.59.jpeg","datePublished":"2024-10-29T08:56:06+00:00","dateModified":"2024-10-29T09:29:43+00:00","author":{"@id":"https:\/\/arealorcaradio.es\/#\/schema\/person\/9fae605fc25b0f2c83c1ab207139bd27"},"breadcrumb":{"@id":"https:\/\/arealorcaradio.es\/index.php\/2024\/10\/29\/la-aemet-amplia-la-alerta-naranja-en-lorca-por-fuertes-lluvias-hasta-las-18-horas-de-este-martes\/#breadcrumb"},"inLanguage":"es","potentialAction":[{"@type":"ReadAction","target":["https:\/\/arealorcaradio.es\/index.php\/2024\/10\/29\/la-aemet-amplia-la-alerta-naranja-en-lorca-por-fuertes-lluvias-hasta-las-18-horas-de-este-martes\/"]}]},{"@type":"ImageObject","inLanguage":"es","@id":"https:\/\/arealorcaradio.es\/index.php\/2024\/10\/29\/la-aemet-amplia-la-alerta-naranja-en-lorca-por-fuertes-lluvias-hasta-las-18-horas-de-este-martes\/#primaryimage","url":"https:\/\/arealorcaradio.es\/wp-content\/uploads\/2024\/10\/WhatsApp-Image-2024-10-29-at-09.43.59.jpeg","contentUrl":"https:\/\/arealorcaradio.es\/wp-content\/uploads\/2024\/10\/WhatsApp-Image-2024-10-29-at-09.43.59.jpeg","width":2048,"height":1536},{"@type":"BreadcrumbList","@id":"https:\/\/arealorcaradio.es\/index.php\/2024\/10\/29\/la-aemet-amplia-la-alerta-naranja-en-lorca-por-fuertes-lluvias-hasta-las-18-horas-de-este-martes\/#breadcrumb","itemListElement":[{"@type":"ListItem","position":1,"name":"Portada","item":"https:\/\/arealorcaradio.es\/"},{"@type":"ListItem","position":2,"name":"La Aemet ampl\u00eda la alerta Naranja en Lorca, por fuertes lluvias hasta las 18 horas de este martes"}]},{"@type":"WebSite","@id":"https:\/\/arealorcaradio.es\/#website","url":"https:\/\/arealorcaradio.es\/","name":"AREA LORCA RADIO","description":"Descubre la programaci\u00f3n actual en \u00c1rea Lorca Radio, tu fuente de entrenamiento y noticias locales. Sintoniza ahora y mantente conectado online.","potentialAction":[{"@type":"SearchAction","target":{"@type":"EntryPoint","urlTemplate":"https:\/\/arealorcaradio.es\/?s={search_term_string}"},"query-input":{"@type":"PropertyValueSpecification","valueRequired":true,"valueName":"search_term_string"}}],"inLanguage":"es"},{"@type":"Person","@id":"https:\/\/arealorcaradio.es\/#\/schema\/person\/9fae605fc25b0f2c83c1ab207139bd27","name":"Paco S\u00e1nchez","image":{"@type":"ImageObject","inLanguage":"es","@id":"https:\/\/secure.gravatar.com\/avatar\/d67144e966420fb74aa84c9f2a0103be4724fd14db52b52d3b6bca749f257e79?s=96&d=mm&r=g","url":"https:\/\/secure.gravatar.com\/avatar\/d67144e966420fb74aa84c9f2a0103be4724fd14db52b52d3b6bca749f257e79?s=96&d=mm&r=g","contentUrl":"https:\/\/secure.gravatar.com\/avatar\/d67144e966420fb74aa84c9f2a0103be4724fd14db52b52d3b6bca749f257e79?s=96&d=mm&r=g","caption":"Paco S\u00e1nchez"},"sameAs":["https:\/\/arealorcaradio.es"],"url":"https:\/\/arealorcaradio.es\/index.php\/author\/admin_alorcaradio\/"}]}},"_links":{"self":[{"href":"https:\/\/arealorcaradio.es\/index.php\/wp-json\/wp\/v2\/posts\/4457","targetHints":{"allow":["GET"]}}],"collection":[{"href":"https:\/\/arealorcaradio.es\/index.php\/wp-json\/wp\/v2\/posts"}],"about":[{"href":"https:\/\/arealorcaradio.es\/index.php\/wp-json\/wp\/v2\/types\/post"}],"author":[{"embeddable":true,"href":"https:\/\/arealorcaradio.es\/index.php\/wp-json\/wp\/v2\/users\/1"}],"replies":[{"embeddable":true,"href":"https:\/\/arealorcaradio.es\/index.php\/wp-json\/wp\/v2\/comments?post=4457"}],"version-history":[{"count":7,"href":"https:\/\/arealorcaradio.es\/index.php\/wp-json\/wp\/v2\/posts\/4457\/revisions"}],"predecessor-version":[{"id":4473,"href":"https:\/\/arealorcaradio.es\/index.php\/wp-json\/wp\/v2\/posts\/4457\/revisions\/4473"}],"wp:featuredmedia":[{"embeddable":true,"href":"https:\/\/arealorcaradio.es\/index.php\/wp-json\/wp\/v2\/media\/4458"}],"wp:attachment":[{"href":"https:\/\/arealorcaradio.es\/index.php\/wp-json\/wp\/v2\/media?parent=4457"}],"wp:term":[{"taxonomy":"category","embeddable":true,"href":"https:\/\/arealorcaradio.es\/index.php\/wp-json\/wp\/v2\/categories?post=4457"},{"taxonomy":"post_tag","embeddable":true,"href":"https:\/\/arealorcaradio.es\/index.php\/wp-json\/wp\/v2\/tags?post=4457"}],"curies":[{"name":"wp","href":"https:\/\/api.w.org\/{rel}","templated":true}]}}