{"id":4448,"date":"2024-10-28T17:50:24","date_gmt":"2024-10-28T17:50:24","guid":{"rendered":"https:\/\/arealorcaradio.es\/?p=4448"},"modified":"2024-10-28T17:50:24","modified_gmt":"2024-10-28T17:50:24","slug":"victor-fimbres-mi-objetivo-es-seguir-trabajando-para-contar-con-minutos-en-el-primer-equipo","status":"publish","type":"post","link":"https:\/\/arealorcaradio.es\/index.php\/2024\/10\/28\/victor-fimbres-mi-objetivo-es-seguir-trabajando-para-contar-con-minutos-en-el-primer-equipo\/","title":{"rendered":"V\u00edctor Fimbres: \u00abMi objetivo es seguir trabajando para contar con minutos en el primer equipo\u00bb"},"content":{"rendered":"<p>\u00c1REA LORCA RADIO.<\/p>\n<p>Escucha aqu\u00ed la entrevista que ha concedido el futbolista mexicano V\u00edctor Fimbres a Paco S\u00e1nchez en el programa \u00c1rea Lorca Deportes. En ella expresa su parecer sobre la situaci\u00f3n del primer equipo tras tres jornadas sin conseguir la victoria. V\u00edctor Fimbres asegura que el equipo tiene que ir a Pulp\u00ed a conseguir la victoria y romper as\u00ed esta mala racha de resultados.<\/p>\n<audio class=\"wp-audio-shortcode\" id=\"audio-4448-1\" preload=\"none\" style=\"width: 100%;\" controls=\"controls\"><source type=\"audio\/mpeg\" src=\"https:\/\/arealorcaradio.es\/wp-content\/uploads\/2024\/10\/281024-VICTOR-FIMBRES.-ESTUDIO-POST-AGUILAS-B.mp3?_=1\" \/><a href=\"https:\/\/arealorcaradio.es\/wp-content\/uploads\/2024\/10\/281024-VICTOR-FIMBRES.-ESTUDIO-POST-AGUILAS-B.mp3\">https:\/\/arealorcaradio.es\/wp-content\/uploads\/2024\/10\/281024-VICTOR-FIMBRES.-ESTUDIO-POST-AGUILAS-B.mp3<\/a><\/audio>\n<p><img loading=\"lazy\" decoding=\"async\" class=\"alignnone size-medium wp-image-4453\" src=\"https:\/\/arealorcaradio.es\/wp-content\/uploads\/2024\/10\/IMG-20241028-WA0035-300x148.jpg\" alt=\"\" width=\"300\" height=\"148\" srcset=\"https:\/\/arealorcaradio.es\/wp-content\/uploads\/2024\/10\/IMG-20241028-WA0035-300x148.jpg 300w, https:\/\/arealorcaradio.es\/wp-content\/uploads\/2024\/10\/IMG-20241028-WA0035-1024x504.jpg 1024w, https:\/\/arealorcaradio.es\/wp-content\/uploads\/2024\/10\/IMG-20241028-WA0035-768x378.jpg 768w, https:\/\/arealorcaradio.es\/wp-content\/uploads\/2024\/10\/IMG-20241028-WA0035.jpg 1283w\" sizes=\"auto, (max-width: 300px) 100vw, 300px\" \/><\/p>\n","protected":false},"excerpt":{"rendered":"<p>\u00c1REA LORCA RADIO. Escucha aqu\u00ed la entrevista que ha concedido el futbolista mexicano V\u00edctor Fimbres a Paco S\u00e1nchez en el programa \u00c1rea Lorca Deportes. En ella expresa su parecer sobre la situaci\u00f3n del primer equipo tras tres jornadas sin conseguir la victoria. V\u00edctor Fimbres asegura que el equipo tiene que ir a Pulp\u00ed a conseguir [&hellip;]<\/p>\n","protected":false},"author":1,"featured_media":4456,"comment_status":"open","ping_status":"open","sticky":false,"template":"","format":"standard","meta":{"iawp_total_views":102,"footnotes":""},"categories":[4,7],"tags":[],"class_list":["post-4448","post","type-post","status-publish","format-standard","has-post-thumbnail","hentry","category-deportes","category-lorca"],"yoast_head":"<!-- This site is optimized with the Yoast SEO plugin v27.5 - https:\/\/yoast.com\/product\/yoast-seo-wordpress\/ -->\n<title>V\u00edctor Fimbres: &quot;Mi objetivo es seguir trabajando para contar con minutos en el primer equipo&quot; - AREA LORCA RADIO<\/title>\n<meta name=\"robots\" content=\"index, follow, max-snippet:-1, max-image-preview:large, max-video-preview:-1\" \/>\n<link rel=\"canonical\" href=\"https:\/\/arealorcaradio.es\/index.php\/2024\/10\/28\/victor-fimbres-mi-objetivo-es-seguir-trabajando-para-contar-con-minutos-en-el-primer-equipo\/\" \/>\n<meta property=\"og:locale\" content=\"es_ES\" \/>\n<meta property=\"og:type\" content=\"article\" \/>\n<meta property=\"og:title\" content=\"V\u00edctor Fimbres: &quot;Mi objetivo es seguir trabajando para contar con minutos en el primer equipo&quot; - AREA LORCA RADIO\" \/>\n<meta property=\"og:description\" content=\"\u00c1REA LORCA RADIO. Escucha aqu\u00ed la entrevista que ha concedido el futbolista mexicano V\u00edctor Fimbres a Paco S\u00e1nchez en el programa \u00c1rea Lorca Deportes. En ella expresa su parecer sobre la situaci\u00f3n del primer equipo tras tres jornadas sin conseguir la victoria. V\u00edctor Fimbres asegura que el equipo tiene que ir a Pulp\u00ed a conseguir [&hellip;]\" \/>\n<meta property=\"og:url\" content=\"https:\/\/arealorcaradio.es\/index.php\/2024\/10\/28\/victor-fimbres-mi-objetivo-es-seguir-trabajando-para-contar-con-minutos-en-el-primer-equipo\/\" \/>\n<meta property=\"og:site_name\" content=\"AREA LORCA RADIO\" \/>\n<meta property=\"article:published_time\" content=\"2024-10-28T17:50:24+00:00\" \/>\n<meta property=\"og:image\" content=\"https:\/\/arealorcaradio.es\/wp-content\/uploads\/2024\/10\/20241028_133503-1-scaled.jpg\" \/>\n\t<meta property=\"og:image:width\" content=\"2560\" \/>\n\t<meta property=\"og:image:height\" content=\"1920\" \/>\n\t<meta property=\"og:image:type\" content=\"image\/jpeg\" \/>\n<meta name=\"author\" content=\"Paco S\u00e1nchez\" \/>\n<meta name=\"twitter:card\" content=\"summary_large_image\" \/>\n<meta name=\"twitter:label1\" content=\"Escrito por\" \/>\n\t<meta name=\"twitter:data1\" content=\"Paco S\u00e1nchez\" \/>\n\t<meta name=\"twitter:label2\" content=\"Tiempo de lectura\" \/>\n\t<meta name=\"twitter:data2\" content=\"1 minuto\" \/>\n<script type=\"application\/ld+json\" class=\"yoast-schema-graph\">{\"@context\":\"https:\\\/\\\/schema.org\",\"@graph\":[{\"@type\":\"Article\",\"@id\":\"https:\\\/\\\/arealorcaradio.es\\\/index.php\\\/2024\\\/10\\\/28\\\/victor-fimbres-mi-objetivo-es-seguir-trabajando-para-contar-con-minutos-en-el-primer-equipo\\\/#article\",\"isPartOf\":{\"@id\":\"https:\\\/\\\/arealorcaradio.es\\\/index.php\\\/2024\\\/10\\\/28\\\/victor-fimbres-mi-objetivo-es-seguir-trabajando-para-contar-con-minutos-en-el-primer-equipo\\\/\"},\"author\":{\"name\":\"Paco S\u00e1nchez\",\"@id\":\"https:\\\/\\\/arealorcaradio.es\\\/#\\\/schema\\\/person\\\/9fae605fc25b0f2c83c1ab207139bd27\"},\"headline\":\"V\u00edctor Fimbres: \u00abMi objetivo es seguir trabajando para contar con minutos en el primer equipo\u00bb\",\"datePublished\":\"2024-10-28T17:50:24+00:00\",\"mainEntityOfPage\":{\"@id\":\"https:\\\/\\\/arealorcaradio.es\\\/index.php\\\/2024\\\/10\\\/28\\\/victor-fimbres-mi-objetivo-es-seguir-trabajando-para-contar-con-minutos-en-el-primer-equipo\\\/\"},\"wordCount\":96,\"commentCount\":0,\"image\":{\"@id\":\"https:\\\/\\\/arealorcaradio.es\\\/index.php\\\/2024\\\/10\\\/28\\\/victor-fimbres-mi-objetivo-es-seguir-trabajando-para-contar-con-minutos-en-el-primer-equipo\\\/#primaryimage\"},\"thumbnailUrl\":\"https:\\\/\\\/arealorcaradio.es\\\/wp-content\\\/uploads\\\/2024\\\/10\\\/20241028_133503-1-scaled.jpg\",\"articleSection\":[\"DEPORTES\",\"LORCA\"],\"inLanguage\":\"es\",\"potentialAction\":[{\"@type\":\"CommentAction\",\"name\":\"Comment\",\"target\":[\"https:\\\/\\\/arealorcaradio.es\\\/index.php\\\/2024\\\/10\\\/28\\\/victor-fimbres-mi-objetivo-es-seguir-trabajando-para-contar-con-minutos-en-el-primer-equipo\\\/#respond\"]}]},{\"@type\":\"WebPage\",\"@id\":\"https:\\\/\\\/arealorcaradio.es\\\/index.php\\\/2024\\\/10\\\/28\\\/victor-fimbres-mi-objetivo-es-seguir-trabajando-para-contar-con-minutos-en-el-primer-equipo\\\/\",\"url\":\"https:\\\/\\\/arealorcaradio.es\\\/index.php\\\/2024\\\/10\\\/28\\\/victor-fimbres-mi-objetivo-es-seguir-trabajando-para-contar-con-minutos-en-el-primer-equipo\\\/\",\"name\":\"V\u00edctor Fimbres: \\\"Mi objetivo es seguir trabajando para contar con minutos en el primer equipo\\\" - AREA LORCA RADIO\",\"isPartOf\":{\"@id\":\"https:\\\/\\\/arealorcaradio.es\\\/#website\"},\"primaryImageOfPage\":{\"@id\":\"https:\\\/\\\/arealorcaradio.es\\\/index.php\\\/2024\\\/10\\\/28\\\/victor-fimbres-mi-objetivo-es-seguir-trabajando-para-contar-con-minutos-en-el-primer-equipo\\\/#primaryimage\"},\"image\":{\"@id\":\"https:\\\/\\\/arealorcaradio.es\\\/index.php\\\/2024\\\/10\\\/28\\\/victor-fimbres-mi-objetivo-es-seguir-trabajando-para-contar-con-minutos-en-el-primer-equipo\\\/#primaryimage\"},\"thumbnailUrl\":\"https:\\\/\\\/arealorcaradio.es\\\/wp-content\\\/uploads\\\/2024\\\/10\\\/20241028_133503-1-scaled.jpg\",\"datePublished\":\"2024-10-28T17:50:24+00:00\",\"author\":{\"@id\":\"https:\\\/\\\/arealorcaradio.es\\\/#\\\/schema\\\/person\\\/9fae605fc25b0f2c83c1ab207139bd27\"},\"breadcrumb\":{\"@id\":\"https:\\\/\\\/arealorcaradio.es\\\/index.php\\\/2024\\\/10\\\/28\\\/victor-fimbres-mi-objetivo-es-seguir-trabajando-para-contar-con-minutos-en-el-primer-equipo\\\/#breadcrumb\"},\"inLanguage\":\"es\",\"potentialAction\":[{\"@type\":\"ReadAction\",\"target\":[\"https:\\\/\\\/arealorcaradio.es\\\/index.php\\\/2024\\\/10\\\/28\\\/victor-fimbres-mi-objetivo-es-seguir-trabajando-para-contar-con-minutos-en-el-primer-equipo\\\/\"]}]},{\"@type\":\"ImageObject\",\"inLanguage\":\"es\",\"@id\":\"https:\\\/\\\/arealorcaradio.es\\\/index.php\\\/2024\\\/10\\\/28\\\/victor-fimbres-mi-objetivo-es-seguir-trabajando-para-contar-con-minutos-en-el-primer-equipo\\\/#primaryimage\",\"url\":\"https:\\\/\\\/arealorcaradio.es\\\/wp-content\\\/uploads\\\/2024\\\/10\\\/20241028_133503-1-scaled.jpg\",\"contentUrl\":\"https:\\\/\\\/arealorcaradio.es\\\/wp-content\\\/uploads\\\/2024\\\/10\\\/20241028_133503-1-scaled.jpg\",\"width\":2560,\"height\":1920},{\"@type\":\"BreadcrumbList\",\"@id\":\"https:\\\/\\\/arealorcaradio.es\\\/index.php\\\/2024\\\/10\\\/28\\\/victor-fimbres-mi-objetivo-es-seguir-trabajando-para-contar-con-minutos-en-el-primer-equipo\\\/#breadcrumb\",\"itemListElement\":[{\"@type\":\"ListItem\",\"position\":1,\"name\":\"Portada\",\"item\":\"https:\\\/\\\/arealorcaradio.es\\\/\"},{\"@type\":\"ListItem\",\"position\":2,\"name\":\"V\u00edctor Fimbres: \u00abMi objetivo es seguir trabajando para contar con minutos en el primer equipo\u00bb\"}]},{\"@type\":\"WebSite\",\"@id\":\"https:\\\/\\\/arealorcaradio.es\\\/#website\",\"url\":\"https:\\\/\\\/arealorcaradio.es\\\/\",\"name\":\"AREA LORCA RADIO\",\"description\":\"Descubre la programaci\u00f3n actual en \u00c1rea Lorca Radio, tu fuente de entrenamiento y noticias locales. Sintoniza ahora y mantente conectado online.\",\"potentialAction\":[{\"@type\":\"SearchAction\",\"target\":{\"@type\":\"EntryPoint\",\"urlTemplate\":\"https:\\\/\\\/arealorcaradio.es\\\/?s={search_term_string}\"},\"query-input\":{\"@type\":\"PropertyValueSpecification\",\"valueRequired\":true,\"valueName\":\"search_term_string\"}}],\"inLanguage\":\"es\"},{\"@type\":\"Person\",\"@id\":\"https:\\\/\\\/arealorcaradio.es\\\/#\\\/schema\\\/person\\\/9fae605fc25b0f2c83c1ab207139bd27\",\"name\":\"Paco S\u00e1nchez\",\"image\":{\"@type\":\"ImageObject\",\"inLanguage\":\"es\",\"@id\":\"https:\\\/\\\/secure.gravatar.com\\\/avatar\\\/d67144e966420fb74aa84c9f2a0103be4724fd14db52b52d3b6bca749f257e79?s=96&d=mm&r=g\",\"url\":\"https:\\\/\\\/secure.gravatar.com\\\/avatar\\\/d67144e966420fb74aa84c9f2a0103be4724fd14db52b52d3b6bca749f257e79?s=96&d=mm&r=g\",\"contentUrl\":\"https:\\\/\\\/secure.gravatar.com\\\/avatar\\\/d67144e966420fb74aa84c9f2a0103be4724fd14db52b52d3b6bca749f257e79?s=96&d=mm&r=g\",\"caption\":\"Paco S\u00e1nchez\"},\"sameAs\":[\"https:\\\/\\\/arealorcaradio.es\"],\"url\":\"https:\\\/\\\/arealorcaradio.es\\\/index.php\\\/author\\\/admin_alorcaradio\\\/\"}]}<\/script>\n<!-- \/ Yoast SEO plugin. -->","yoast_head_json":{"title":"V\u00edctor Fimbres: \"Mi objetivo es seguir trabajando para contar con minutos en el primer equipo\" - AREA LORCA RADIO","robots":{"index":"index","follow":"follow","max-snippet":"max-snippet:-1","max-image-preview":"max-image-preview:large","max-video-preview":"max-video-preview:-1"},"canonical":"https:\/\/arealorcaradio.es\/index.php\/2024\/10\/28\/victor-fimbres-mi-objetivo-es-seguir-trabajando-para-contar-con-minutos-en-el-primer-equipo\/","og_locale":"es_ES","og_type":"article","og_title":"V\u00edctor Fimbres: \"Mi objetivo es seguir trabajando para contar con minutos en el primer equipo\" - AREA LORCA RADIO","og_description":"\u00c1REA LORCA RADIO. Escucha aqu\u00ed la entrevista que ha concedido el futbolista mexicano V\u00edctor Fimbres a Paco S\u00e1nchez en el programa \u00c1rea Lorca Deportes. En ella expresa su parecer sobre la situaci\u00f3n del primer equipo tras tres jornadas sin conseguir la victoria. V\u00edctor Fimbres asegura que el equipo tiene que ir a Pulp\u00ed a conseguir [&hellip;]","og_url":"https:\/\/arealorcaradio.es\/index.php\/2024\/10\/28\/victor-fimbres-mi-objetivo-es-seguir-trabajando-para-contar-con-minutos-en-el-primer-equipo\/","og_site_name":"AREA LORCA RADIO","article_published_time":"2024-10-28T17:50:24+00:00","og_image":[{"width":2560,"height":1920,"url":"https:\/\/arealorcaradio.es\/wp-content\/uploads\/2024\/10\/20241028_133503-1-scaled.jpg","type":"image\/jpeg"}],"author":"Paco S\u00e1nchez","twitter_card":"summary_large_image","twitter_misc":{"Escrito por":"Paco S\u00e1nchez","Tiempo de lectura":"1 minuto"},"schema":{"@context":"https:\/\/schema.org","@graph":[{"@type":"Article","@id":"https:\/\/arealorcaradio.es\/index.php\/2024\/10\/28\/victor-fimbres-mi-objetivo-es-seguir-trabajando-para-contar-con-minutos-en-el-primer-equipo\/#article","isPartOf":{"@id":"https:\/\/arealorcaradio.es\/index.php\/2024\/10\/28\/victor-fimbres-mi-objetivo-es-seguir-trabajando-para-contar-con-minutos-en-el-primer-equipo\/"},"author":{"name":"Paco S\u00e1nchez","@id":"https:\/\/arealorcaradio.es\/#\/schema\/person\/9fae605fc25b0f2c83c1ab207139bd27"},"headline":"V\u00edctor Fimbres: \u00abMi objetivo es seguir trabajando para contar con minutos en el primer equipo\u00bb","datePublished":"2024-10-28T17:50:24+00:00","mainEntityOfPage":{"@id":"https:\/\/arealorcaradio.es\/index.php\/2024\/10\/28\/victor-fimbres-mi-objetivo-es-seguir-trabajando-para-contar-con-minutos-en-el-primer-equipo\/"},"wordCount":96,"commentCount":0,"image":{"@id":"https:\/\/arealorcaradio.es\/index.php\/2024\/10\/28\/victor-fimbres-mi-objetivo-es-seguir-trabajando-para-contar-con-minutos-en-el-primer-equipo\/#primaryimage"},"thumbnailUrl":"https:\/\/arealorcaradio.es\/wp-content\/uploads\/2024\/10\/20241028_133503-1-scaled.jpg","articleSection":["DEPORTES","LORCA"],"inLanguage":"es","potentialAction":[{"@type":"CommentAction","name":"Comment","target":["https:\/\/arealorcaradio.es\/index.php\/2024\/10\/28\/victor-fimbres-mi-objetivo-es-seguir-trabajando-para-contar-con-minutos-en-el-primer-equipo\/#respond"]}]},{"@type":"WebPage","@id":"https:\/\/arealorcaradio.es\/index.php\/2024\/10\/28\/victor-fimbres-mi-objetivo-es-seguir-trabajando-para-contar-con-minutos-en-el-primer-equipo\/","url":"https:\/\/arealorcaradio.es\/index.php\/2024\/10\/28\/victor-fimbres-mi-objetivo-es-seguir-trabajando-para-contar-con-minutos-en-el-primer-equipo\/","name":"V\u00edctor Fimbres: \"Mi objetivo es seguir trabajando para contar con minutos en el primer equipo\" - AREA LORCA RADIO","isPartOf":{"@id":"https:\/\/arealorcaradio.es\/#website"},"primaryImageOfPage":{"@id":"https:\/\/arealorcaradio.es\/index.php\/2024\/10\/28\/victor-fimbres-mi-objetivo-es-seguir-trabajando-para-contar-con-minutos-en-el-primer-equipo\/#primaryimage"},"image":{"@id":"https:\/\/arealorcaradio.es\/index.php\/2024\/10\/28\/victor-fimbres-mi-objetivo-es-seguir-trabajando-para-contar-con-minutos-en-el-primer-equipo\/#primaryimage"},"thumbnailUrl":"https:\/\/arealorcaradio.es\/wp-content\/uploads\/2024\/10\/20241028_133503-1-scaled.jpg","datePublished":"2024-10-28T17:50:24+00:00","author":{"@id":"https:\/\/arealorcaradio.es\/#\/schema\/person\/9fae605fc25b0f2c83c1ab207139bd27"},"breadcrumb":{"@id":"https:\/\/arealorcaradio.es\/index.php\/2024\/10\/28\/victor-fimbres-mi-objetivo-es-seguir-trabajando-para-contar-con-minutos-en-el-primer-equipo\/#breadcrumb"},"inLanguage":"es","potentialAction":[{"@type":"ReadAction","target":["https:\/\/arealorcaradio.es\/index.php\/2024\/10\/28\/victor-fimbres-mi-objetivo-es-seguir-trabajando-para-contar-con-minutos-en-el-primer-equipo\/"]}]},{"@type":"ImageObject","inLanguage":"es","@id":"https:\/\/arealorcaradio.es\/index.php\/2024\/10\/28\/victor-fimbres-mi-objetivo-es-seguir-trabajando-para-contar-con-minutos-en-el-primer-equipo\/#primaryimage","url":"https:\/\/arealorcaradio.es\/wp-content\/uploads\/2024\/10\/20241028_133503-1-scaled.jpg","contentUrl":"https:\/\/arealorcaradio.es\/wp-content\/uploads\/2024\/10\/20241028_133503-1-scaled.jpg","width":2560,"height":1920},{"@type":"BreadcrumbList","@id":"https:\/\/arealorcaradio.es\/index.php\/2024\/10\/28\/victor-fimbres-mi-objetivo-es-seguir-trabajando-para-contar-con-minutos-en-el-primer-equipo\/#breadcrumb","itemListElement":[{"@type":"ListItem","position":1,"name":"Portada","item":"https:\/\/arealorcaradio.es\/"},{"@type":"ListItem","position":2,"name":"V\u00edctor Fimbres: \u00abMi objetivo es seguir trabajando para contar con minutos en el primer equipo\u00bb"}]},{"@type":"WebSite","@id":"https:\/\/arealorcaradio.es\/#website","url":"https:\/\/arealorcaradio.es\/","name":"AREA LORCA RADIO","description":"Descubre la programaci\u00f3n actual en \u00c1rea Lorca Radio, tu fuente de entrenamiento y noticias locales. Sintoniza ahora y mantente conectado online.","potentialAction":[{"@type":"SearchAction","target":{"@type":"EntryPoint","urlTemplate":"https:\/\/arealorcaradio.es\/?s={search_term_string}"},"query-input":{"@type":"PropertyValueSpecification","valueRequired":true,"valueName":"search_term_string"}}],"inLanguage":"es"},{"@type":"Person","@id":"https:\/\/arealorcaradio.es\/#\/schema\/person\/9fae605fc25b0f2c83c1ab207139bd27","name":"Paco S\u00e1nchez","image":{"@type":"ImageObject","inLanguage":"es","@id":"https:\/\/secure.gravatar.com\/avatar\/d67144e966420fb74aa84c9f2a0103be4724fd14db52b52d3b6bca749f257e79?s=96&d=mm&r=g","url":"https:\/\/secure.gravatar.com\/avatar\/d67144e966420fb74aa84c9f2a0103be4724fd14db52b52d3b6bca749f257e79?s=96&d=mm&r=g","contentUrl":"https:\/\/secure.gravatar.com\/avatar\/d67144e966420fb74aa84c9f2a0103be4724fd14db52b52d3b6bca749f257e79?s=96&d=mm&r=g","caption":"Paco S\u00e1nchez"},"sameAs":["https:\/\/arealorcaradio.es"],"url":"https:\/\/arealorcaradio.es\/index.php\/author\/admin_alorcaradio\/"}]}},"_links":{"self":[{"href":"https:\/\/arealorcaradio.es\/index.php\/wp-json\/wp\/v2\/posts\/4448","targetHints":{"allow":["GET"]}}],"collection":[{"href":"https:\/\/arealorcaradio.es\/index.php\/wp-json\/wp\/v2\/posts"}],"about":[{"href":"https:\/\/arealorcaradio.es\/index.php\/wp-json\/wp\/v2\/types\/post"}],"author":[{"embeddable":true,"href":"https:\/\/arealorcaradio.es\/index.php\/wp-json\/wp\/v2\/users\/1"}],"replies":[{"embeddable":true,"href":"https:\/\/arealorcaradio.es\/index.php\/wp-json\/wp\/v2\/comments?post=4448"}],"version-history":[{"count":2,"href":"https:\/\/arealorcaradio.es\/index.php\/wp-json\/wp\/v2\/posts\/4448\/revisions"}],"predecessor-version":[{"id":4455,"href":"https:\/\/arealorcaradio.es\/index.php\/wp-json\/wp\/v2\/posts\/4448\/revisions\/4455"}],"wp:featuredmedia":[{"embeddable":true,"href":"https:\/\/arealorcaradio.es\/index.php\/wp-json\/wp\/v2\/media\/4456"}],"wp:attachment":[{"href":"https:\/\/arealorcaradio.es\/index.php\/wp-json\/wp\/v2\/media?parent=4448"}],"wp:term":[{"taxonomy":"category","embeddable":true,"href":"https:\/\/arealorcaradio.es\/index.php\/wp-json\/wp\/v2\/categories?post=4448"},{"taxonomy":"post_tag","embeddable":true,"href":"https:\/\/arealorcaradio.es\/index.php\/wp-json\/wp\/v2\/tags?post=4448"}],"curies":[{"name":"wp","href":"https:\/\/api.w.org\/{rel}","templated":true}]}}