{"id":4383,"date":"2024-10-21T16:16:00","date_gmt":"2024-10-21T16:16:00","guid":{"rendered":"https:\/\/arealorcaradio.es\/?p=4383"},"modified":"2024-10-21T16:41:14","modified_gmt":"2024-10-21T16:41:14","slug":"el-lorca-deportiva-vestira-de-rosa-frente-al-aguilas-b-para-rendir-homenaje-a-las-mujeres-que-luchan-contra-el-cancer-de-mama","status":"publish","type":"post","link":"https:\/\/arealorcaradio.es\/index.php\/2024\/10\/21\/el-lorca-deportiva-vestira-de-rosa-frente-al-aguilas-b-para-rendir-homenaje-a-las-mujeres-que-luchan-contra-el-cancer-de-mama\/","title":{"rendered":"El Lorca Deportiva vestir\u00e1 de rosa frente al \u00c1guilas B para rendir homenaje a las mujeres que luchan contra el c\u00e1ncer de mama"},"content":{"rendered":"<p><strong>\u00c1REA LORCA RADIO.<\/strong><\/p>\n<p>El pasado 19 de octubre se conmemoraba el D\u00eda internacional de la lucha contra el C\u00e1ncer de mama. Por este motivo, <strong>el partido que enfrenta el s\u00e1bado 26 de octubre al Lorca Deportiva y \u00c1guilas B tendr\u00e1 una causa ben\u00e9fica<\/strong>, por la que el equipo lorquino vestir\u00e1 de rosa, en una ocasi\u00f3n para la que se ha confeccionado una camiseta muy especial. La fecha del 19 de octubre es un llamado para crear conciencia sobre la enfermedad, reconocer las formas de prevenci\u00f3n, diagnostico y tratamiento, as\u00ed como destacar la importancia de chequeos como la mamograf\u00eda.<\/p>\n<p><strong><img loading=\"lazy\" decoding=\"async\" class=\"alignnone size-medium wp-image-4389\" src=\"https:\/\/arealorcaradio.es\/wp-content\/uploads\/2024\/10\/20241021_183217-300x265.jpg\" alt=\"\" width=\"300\" height=\"265\" srcset=\"https:\/\/arealorcaradio.es\/wp-content\/uploads\/2024\/10\/20241021_183217-300x265.jpg 300w, https:\/\/arealorcaradio.es\/wp-content\/uploads\/2024\/10\/20241021_183217-1024x904.jpg 1024w, https:\/\/arealorcaradio.es\/wp-content\/uploads\/2024\/10\/20241021_183217-768x678.jpg 768w, https:\/\/arealorcaradio.es\/wp-content\/uploads\/2024\/10\/20241021_183217-1536x1356.jpg 1536w, https:\/\/arealorcaradio.es\/wp-content\/uploads\/2024\/10\/20241021_183217.jpg 1600w\" sizes=\"auto, (max-width: 300px) 100vw, 300px\" \/><\/strong><\/p>\n<p><strong>La recaudaci\u00f3n ir\u00e1 destinada \u00edntegramente a la AECC<\/strong> por lo que los precios son muy populares para presenciar el partido de rivalidad frente al filial aguile\u00f1o que coincide con la vuelta de los lorquinos al Artes Carrasco tras la resiembra a la que ha sido sometido el c\u00e9sped del feudo lorquino.<\/p>\n<p>Escucha aqu\u00ed la entrevista que ha concedido el director de comunicaci\u00f3n del Lorca Deportiva, Jos\u00e9 Antonio Mart\u00edn Lozoya \u00abChorry\u00bb a Paco S\u00e1nchez en el programa \u00c1rea Lorca Deportes. Conocemos los detalles de la iniciativos de los dirigentes del club blanquiazul.<\/p>\n<audio class=\"wp-audio-shortcode\" id=\"audio-4383-1\" preload=\"none\" style=\"width: 100%;\" controls=\"controls\"><source type=\"audio\/mpeg\" src=\"https:\/\/arealorcaradio.es\/wp-content\/uploads\/2024\/10\/211024-ENTREVISTA-CHORRY.-AECC.mp3?_=1\" \/><a href=\"https:\/\/arealorcaradio.es\/wp-content\/uploads\/2024\/10\/211024-ENTREVISTA-CHORRY.-AECC.mp3\">https:\/\/arealorcaradio.es\/wp-content\/uploads\/2024\/10\/211024-ENTREVISTA-CHORRY.-AECC.mp3<\/a><\/audio>\n","protected":false},"excerpt":{"rendered":"<p>\u00c1REA LORCA RADIO. El pasado 19 de octubre se conmemoraba el D\u00eda internacional de la lucha contra el C\u00e1ncer de mama. Por este motivo, el partido que enfrenta el s\u00e1bado 26 de octubre al Lorca Deportiva y \u00c1guilas B tendr\u00e1 una causa ben\u00e9fica, por la que el equipo lorquino vestir\u00e1 de rosa, en una ocasi\u00f3n [&hellip;]<\/p>\n","protected":false},"author":1,"featured_media":4385,"comment_status":"open","ping_status":"open","sticky":false,"template":"","format":"standard","meta":{"iawp_total_views":75,"footnotes":""},"categories":[4,7],"tags":[],"class_list":["post-4383","post","type-post","status-publish","format-standard","has-post-thumbnail","hentry","category-deportes","category-lorca"],"yoast_head":"<!-- This site is optimized with the Yoast SEO plugin v27.5 - https:\/\/yoast.com\/product\/yoast-seo-wordpress\/ -->\n<title>El Lorca Deportiva vestir\u00e1 de rosa frente al \u00c1guilas B para rendir homenaje a las mujeres que luchan contra el c\u00e1ncer de mama - AREA LORCA RADIO<\/title>\n<meta name=\"robots\" content=\"index, follow, max-snippet:-1, max-image-preview:large, max-video-preview:-1\" \/>\n<link rel=\"canonical\" href=\"https:\/\/arealorcaradio.es\/index.php\/2024\/10\/21\/el-lorca-deportiva-vestira-de-rosa-frente-al-aguilas-b-para-rendir-homenaje-a-las-mujeres-que-luchan-contra-el-cancer-de-mama\/\" \/>\n<meta property=\"og:locale\" content=\"es_ES\" \/>\n<meta property=\"og:type\" content=\"article\" \/>\n<meta property=\"og:title\" content=\"El Lorca Deportiva vestir\u00e1 de rosa frente al \u00c1guilas B para rendir homenaje a las mujeres que luchan contra el c\u00e1ncer de mama - AREA LORCA RADIO\" \/>\n<meta property=\"og:description\" content=\"\u00c1REA LORCA RADIO. El pasado 19 de octubre se conmemoraba el D\u00eda internacional de la lucha contra el C\u00e1ncer de mama. Por este motivo, el partido que enfrenta el s\u00e1bado 26 de octubre al Lorca Deportiva y \u00c1guilas B tendr\u00e1 una causa ben\u00e9fica, por la que el equipo lorquino vestir\u00e1 de rosa, en una ocasi\u00f3n [&hellip;]\" \/>\n<meta property=\"og:url\" content=\"https:\/\/arealorcaradio.es\/index.php\/2024\/10\/21\/el-lorca-deportiva-vestira-de-rosa-frente-al-aguilas-b-para-rendir-homenaje-a-las-mujeres-que-luchan-contra-el-cancer-de-mama\/\" \/>\n<meta property=\"og:site_name\" content=\"AREA LORCA RADIO\" \/>\n<meta property=\"article:published_time\" content=\"2024-10-21T16:16:00+00:00\" \/>\n<meta property=\"article:modified_time\" content=\"2024-10-21T16:41:14+00:00\" \/>\n<meta property=\"og:image\" content=\"https:\/\/arealorcaradio.es\/wp-content\/uploads\/2024\/10\/20241021_125545-scaled.jpg\" \/>\n\t<meta property=\"og:image:width\" content=\"2560\" \/>\n\t<meta property=\"og:image:height\" content=\"1920\" \/>\n\t<meta property=\"og:image:type\" content=\"image\/jpeg\" \/>\n<meta name=\"author\" content=\"Paco S\u00e1nchez\" \/>\n<meta name=\"twitter:card\" content=\"summary_large_image\" \/>\n<meta name=\"twitter:label1\" content=\"Escrito por\" \/>\n\t<meta name=\"twitter:data1\" content=\"Paco S\u00e1nchez\" \/>\n\t<meta name=\"twitter:label2\" content=\"Tiempo de lectura\" \/>\n\t<meta name=\"twitter:data2\" content=\"2 minutos\" \/>\n<script type=\"application\/ld+json\" class=\"yoast-schema-graph\">{\"@context\":\"https:\\\/\\\/schema.org\",\"@graph\":[{\"@type\":\"Article\",\"@id\":\"https:\\\/\\\/arealorcaradio.es\\\/index.php\\\/2024\\\/10\\\/21\\\/el-lorca-deportiva-vestira-de-rosa-frente-al-aguilas-b-para-rendir-homenaje-a-las-mujeres-que-luchan-contra-el-cancer-de-mama\\\/#article\",\"isPartOf\":{\"@id\":\"https:\\\/\\\/arealorcaradio.es\\\/index.php\\\/2024\\\/10\\\/21\\\/el-lorca-deportiva-vestira-de-rosa-frente-al-aguilas-b-para-rendir-homenaje-a-las-mujeres-que-luchan-contra-el-cancer-de-mama\\\/\"},\"author\":{\"name\":\"Paco S\u00e1nchez\",\"@id\":\"https:\\\/\\\/arealorcaradio.es\\\/#\\\/schema\\\/person\\\/9fae605fc25b0f2c83c1ab207139bd27\"},\"headline\":\"El Lorca Deportiva vestir\u00e1 de rosa frente al \u00c1guilas B para rendir homenaje a las mujeres que luchan contra el c\u00e1ncer de mama\",\"datePublished\":\"2024-10-21T16:16:00+00:00\",\"dateModified\":\"2024-10-21T16:41:14+00:00\",\"mainEntityOfPage\":{\"@id\":\"https:\\\/\\\/arealorcaradio.es\\\/index.php\\\/2024\\\/10\\\/21\\\/el-lorca-deportiva-vestira-de-rosa-frente-al-aguilas-b-para-rendir-homenaje-a-las-mujeres-que-luchan-contra-el-cancer-de-mama\\\/\"},\"wordCount\":234,\"commentCount\":0,\"image\":{\"@id\":\"https:\\\/\\\/arealorcaradio.es\\\/index.php\\\/2024\\\/10\\\/21\\\/el-lorca-deportiva-vestira-de-rosa-frente-al-aguilas-b-para-rendir-homenaje-a-las-mujeres-que-luchan-contra-el-cancer-de-mama\\\/#primaryimage\"},\"thumbnailUrl\":\"https:\\\/\\\/arealorcaradio.es\\\/wp-content\\\/uploads\\\/2024\\\/10\\\/20241021_125545-scaled.jpg\",\"articleSection\":[\"DEPORTES\",\"LORCA\"],\"inLanguage\":\"es\",\"potentialAction\":[{\"@type\":\"CommentAction\",\"name\":\"Comment\",\"target\":[\"https:\\\/\\\/arealorcaradio.es\\\/index.php\\\/2024\\\/10\\\/21\\\/el-lorca-deportiva-vestira-de-rosa-frente-al-aguilas-b-para-rendir-homenaje-a-las-mujeres-que-luchan-contra-el-cancer-de-mama\\\/#respond\"]}]},{\"@type\":\"WebPage\",\"@id\":\"https:\\\/\\\/arealorcaradio.es\\\/index.php\\\/2024\\\/10\\\/21\\\/el-lorca-deportiva-vestira-de-rosa-frente-al-aguilas-b-para-rendir-homenaje-a-las-mujeres-que-luchan-contra-el-cancer-de-mama\\\/\",\"url\":\"https:\\\/\\\/arealorcaradio.es\\\/index.php\\\/2024\\\/10\\\/21\\\/el-lorca-deportiva-vestira-de-rosa-frente-al-aguilas-b-para-rendir-homenaje-a-las-mujeres-que-luchan-contra-el-cancer-de-mama\\\/\",\"name\":\"El Lorca Deportiva vestir\u00e1 de rosa frente al \u00c1guilas B para rendir homenaje a las mujeres que luchan contra el c\u00e1ncer de mama - AREA LORCA RADIO\",\"isPartOf\":{\"@id\":\"https:\\\/\\\/arealorcaradio.es\\\/#website\"},\"primaryImageOfPage\":{\"@id\":\"https:\\\/\\\/arealorcaradio.es\\\/index.php\\\/2024\\\/10\\\/21\\\/el-lorca-deportiva-vestira-de-rosa-frente-al-aguilas-b-para-rendir-homenaje-a-las-mujeres-que-luchan-contra-el-cancer-de-mama\\\/#primaryimage\"},\"image\":{\"@id\":\"https:\\\/\\\/arealorcaradio.es\\\/index.php\\\/2024\\\/10\\\/21\\\/el-lorca-deportiva-vestira-de-rosa-frente-al-aguilas-b-para-rendir-homenaje-a-las-mujeres-que-luchan-contra-el-cancer-de-mama\\\/#primaryimage\"},\"thumbnailUrl\":\"https:\\\/\\\/arealorcaradio.es\\\/wp-content\\\/uploads\\\/2024\\\/10\\\/20241021_125545-scaled.jpg\",\"datePublished\":\"2024-10-21T16:16:00+00:00\",\"dateModified\":\"2024-10-21T16:41:14+00:00\",\"author\":{\"@id\":\"https:\\\/\\\/arealorcaradio.es\\\/#\\\/schema\\\/person\\\/9fae605fc25b0f2c83c1ab207139bd27\"},\"breadcrumb\":{\"@id\":\"https:\\\/\\\/arealorcaradio.es\\\/index.php\\\/2024\\\/10\\\/21\\\/el-lorca-deportiva-vestira-de-rosa-frente-al-aguilas-b-para-rendir-homenaje-a-las-mujeres-que-luchan-contra-el-cancer-de-mama\\\/#breadcrumb\"},\"inLanguage\":\"es\",\"potentialAction\":[{\"@type\":\"ReadAction\",\"target\":[\"https:\\\/\\\/arealorcaradio.es\\\/index.php\\\/2024\\\/10\\\/21\\\/el-lorca-deportiva-vestira-de-rosa-frente-al-aguilas-b-para-rendir-homenaje-a-las-mujeres-que-luchan-contra-el-cancer-de-mama\\\/\"]}]},{\"@type\":\"ImageObject\",\"inLanguage\":\"es\",\"@id\":\"https:\\\/\\\/arealorcaradio.es\\\/index.php\\\/2024\\\/10\\\/21\\\/el-lorca-deportiva-vestira-de-rosa-frente-al-aguilas-b-para-rendir-homenaje-a-las-mujeres-que-luchan-contra-el-cancer-de-mama\\\/#primaryimage\",\"url\":\"https:\\\/\\\/arealorcaradio.es\\\/wp-content\\\/uploads\\\/2024\\\/10\\\/20241021_125545-scaled.jpg\",\"contentUrl\":\"https:\\\/\\\/arealorcaradio.es\\\/wp-content\\\/uploads\\\/2024\\\/10\\\/20241021_125545-scaled.jpg\",\"width\":2560,\"height\":1920},{\"@type\":\"BreadcrumbList\",\"@id\":\"https:\\\/\\\/arealorcaradio.es\\\/index.php\\\/2024\\\/10\\\/21\\\/el-lorca-deportiva-vestira-de-rosa-frente-al-aguilas-b-para-rendir-homenaje-a-las-mujeres-que-luchan-contra-el-cancer-de-mama\\\/#breadcrumb\",\"itemListElement\":[{\"@type\":\"ListItem\",\"position\":1,\"name\":\"Portada\",\"item\":\"https:\\\/\\\/arealorcaradio.es\\\/\"},{\"@type\":\"ListItem\",\"position\":2,\"name\":\"El Lorca Deportiva vestir\u00e1 de rosa frente al \u00c1guilas B para rendir homenaje a las mujeres que luchan contra el c\u00e1ncer de mama\"}]},{\"@type\":\"WebSite\",\"@id\":\"https:\\\/\\\/arealorcaradio.es\\\/#website\",\"url\":\"https:\\\/\\\/arealorcaradio.es\\\/\",\"name\":\"AREA LORCA RADIO\",\"description\":\"Descubre la programaci\u00f3n actual en \u00c1rea Lorca Radio, tu fuente de entrenamiento y noticias locales. Sintoniza ahora y mantente conectado online.\",\"potentialAction\":[{\"@type\":\"SearchAction\",\"target\":{\"@type\":\"EntryPoint\",\"urlTemplate\":\"https:\\\/\\\/arealorcaradio.es\\\/?s={search_term_string}\"},\"query-input\":{\"@type\":\"PropertyValueSpecification\",\"valueRequired\":true,\"valueName\":\"search_term_string\"}}],\"inLanguage\":\"es\"},{\"@type\":\"Person\",\"@id\":\"https:\\\/\\\/arealorcaradio.es\\\/#\\\/schema\\\/person\\\/9fae605fc25b0f2c83c1ab207139bd27\",\"name\":\"Paco S\u00e1nchez\",\"image\":{\"@type\":\"ImageObject\",\"inLanguage\":\"es\",\"@id\":\"https:\\\/\\\/secure.gravatar.com\\\/avatar\\\/d67144e966420fb74aa84c9f2a0103be4724fd14db52b52d3b6bca749f257e79?s=96&d=mm&r=g\",\"url\":\"https:\\\/\\\/secure.gravatar.com\\\/avatar\\\/d67144e966420fb74aa84c9f2a0103be4724fd14db52b52d3b6bca749f257e79?s=96&d=mm&r=g\",\"contentUrl\":\"https:\\\/\\\/secure.gravatar.com\\\/avatar\\\/d67144e966420fb74aa84c9f2a0103be4724fd14db52b52d3b6bca749f257e79?s=96&d=mm&r=g\",\"caption\":\"Paco S\u00e1nchez\"},\"sameAs\":[\"https:\\\/\\\/arealorcaradio.es\"],\"url\":\"https:\\\/\\\/arealorcaradio.es\\\/index.php\\\/author\\\/admin_alorcaradio\\\/\"}]}<\/script>\n<!-- \/ Yoast SEO plugin. -->","yoast_head_json":{"title":"El Lorca Deportiva vestir\u00e1 de rosa frente al \u00c1guilas B para rendir homenaje a las mujeres que luchan contra el c\u00e1ncer de mama - AREA LORCA RADIO","robots":{"index":"index","follow":"follow","max-snippet":"max-snippet:-1","max-image-preview":"max-image-preview:large","max-video-preview":"max-video-preview:-1"},"canonical":"https:\/\/arealorcaradio.es\/index.php\/2024\/10\/21\/el-lorca-deportiva-vestira-de-rosa-frente-al-aguilas-b-para-rendir-homenaje-a-las-mujeres-que-luchan-contra-el-cancer-de-mama\/","og_locale":"es_ES","og_type":"article","og_title":"El Lorca Deportiva vestir\u00e1 de rosa frente al \u00c1guilas B para rendir homenaje a las mujeres que luchan contra el c\u00e1ncer de mama - AREA LORCA RADIO","og_description":"\u00c1REA LORCA RADIO. El pasado 19 de octubre se conmemoraba el D\u00eda internacional de la lucha contra el C\u00e1ncer de mama. Por este motivo, el partido que enfrenta el s\u00e1bado 26 de octubre al Lorca Deportiva y \u00c1guilas B tendr\u00e1 una causa ben\u00e9fica, por la que el equipo lorquino vestir\u00e1 de rosa, en una ocasi\u00f3n [&hellip;]","og_url":"https:\/\/arealorcaradio.es\/index.php\/2024\/10\/21\/el-lorca-deportiva-vestira-de-rosa-frente-al-aguilas-b-para-rendir-homenaje-a-las-mujeres-que-luchan-contra-el-cancer-de-mama\/","og_site_name":"AREA LORCA RADIO","article_published_time":"2024-10-21T16:16:00+00:00","article_modified_time":"2024-10-21T16:41:14+00:00","og_image":[{"width":2560,"height":1920,"url":"https:\/\/arealorcaradio.es\/wp-content\/uploads\/2024\/10\/20241021_125545-scaled.jpg","type":"image\/jpeg"}],"author":"Paco S\u00e1nchez","twitter_card":"summary_large_image","twitter_misc":{"Escrito por":"Paco S\u00e1nchez","Tiempo de lectura":"2 minutos"},"schema":{"@context":"https:\/\/schema.org","@graph":[{"@type":"Article","@id":"https:\/\/arealorcaradio.es\/index.php\/2024\/10\/21\/el-lorca-deportiva-vestira-de-rosa-frente-al-aguilas-b-para-rendir-homenaje-a-las-mujeres-que-luchan-contra-el-cancer-de-mama\/#article","isPartOf":{"@id":"https:\/\/arealorcaradio.es\/index.php\/2024\/10\/21\/el-lorca-deportiva-vestira-de-rosa-frente-al-aguilas-b-para-rendir-homenaje-a-las-mujeres-que-luchan-contra-el-cancer-de-mama\/"},"author":{"name":"Paco S\u00e1nchez","@id":"https:\/\/arealorcaradio.es\/#\/schema\/person\/9fae605fc25b0f2c83c1ab207139bd27"},"headline":"El Lorca Deportiva vestir\u00e1 de rosa frente al \u00c1guilas B para rendir homenaje a las mujeres que luchan contra el c\u00e1ncer de mama","datePublished":"2024-10-21T16:16:00+00:00","dateModified":"2024-10-21T16:41:14+00:00","mainEntityOfPage":{"@id":"https:\/\/arealorcaradio.es\/index.php\/2024\/10\/21\/el-lorca-deportiva-vestira-de-rosa-frente-al-aguilas-b-para-rendir-homenaje-a-las-mujeres-que-luchan-contra-el-cancer-de-mama\/"},"wordCount":234,"commentCount":0,"image":{"@id":"https:\/\/arealorcaradio.es\/index.php\/2024\/10\/21\/el-lorca-deportiva-vestira-de-rosa-frente-al-aguilas-b-para-rendir-homenaje-a-las-mujeres-que-luchan-contra-el-cancer-de-mama\/#primaryimage"},"thumbnailUrl":"https:\/\/arealorcaradio.es\/wp-content\/uploads\/2024\/10\/20241021_125545-scaled.jpg","articleSection":["DEPORTES","LORCA"],"inLanguage":"es","potentialAction":[{"@type":"CommentAction","name":"Comment","target":["https:\/\/arealorcaradio.es\/index.php\/2024\/10\/21\/el-lorca-deportiva-vestira-de-rosa-frente-al-aguilas-b-para-rendir-homenaje-a-las-mujeres-que-luchan-contra-el-cancer-de-mama\/#respond"]}]},{"@type":"WebPage","@id":"https:\/\/arealorcaradio.es\/index.php\/2024\/10\/21\/el-lorca-deportiva-vestira-de-rosa-frente-al-aguilas-b-para-rendir-homenaje-a-las-mujeres-que-luchan-contra-el-cancer-de-mama\/","url":"https:\/\/arealorcaradio.es\/index.php\/2024\/10\/21\/el-lorca-deportiva-vestira-de-rosa-frente-al-aguilas-b-para-rendir-homenaje-a-las-mujeres-que-luchan-contra-el-cancer-de-mama\/","name":"El Lorca Deportiva vestir\u00e1 de rosa frente al \u00c1guilas B para rendir homenaje a las mujeres que luchan contra el c\u00e1ncer de mama - AREA LORCA RADIO","isPartOf":{"@id":"https:\/\/arealorcaradio.es\/#website"},"primaryImageOfPage":{"@id":"https:\/\/arealorcaradio.es\/index.php\/2024\/10\/21\/el-lorca-deportiva-vestira-de-rosa-frente-al-aguilas-b-para-rendir-homenaje-a-las-mujeres-que-luchan-contra-el-cancer-de-mama\/#primaryimage"},"image":{"@id":"https:\/\/arealorcaradio.es\/index.php\/2024\/10\/21\/el-lorca-deportiva-vestira-de-rosa-frente-al-aguilas-b-para-rendir-homenaje-a-las-mujeres-que-luchan-contra-el-cancer-de-mama\/#primaryimage"},"thumbnailUrl":"https:\/\/arealorcaradio.es\/wp-content\/uploads\/2024\/10\/20241021_125545-scaled.jpg","datePublished":"2024-10-21T16:16:00+00:00","dateModified":"2024-10-21T16:41:14+00:00","author":{"@id":"https:\/\/arealorcaradio.es\/#\/schema\/person\/9fae605fc25b0f2c83c1ab207139bd27"},"breadcrumb":{"@id":"https:\/\/arealorcaradio.es\/index.php\/2024\/10\/21\/el-lorca-deportiva-vestira-de-rosa-frente-al-aguilas-b-para-rendir-homenaje-a-las-mujeres-que-luchan-contra-el-cancer-de-mama\/#breadcrumb"},"inLanguage":"es","potentialAction":[{"@type":"ReadAction","target":["https:\/\/arealorcaradio.es\/index.php\/2024\/10\/21\/el-lorca-deportiva-vestira-de-rosa-frente-al-aguilas-b-para-rendir-homenaje-a-las-mujeres-que-luchan-contra-el-cancer-de-mama\/"]}]},{"@type":"ImageObject","inLanguage":"es","@id":"https:\/\/arealorcaradio.es\/index.php\/2024\/10\/21\/el-lorca-deportiva-vestira-de-rosa-frente-al-aguilas-b-para-rendir-homenaje-a-las-mujeres-que-luchan-contra-el-cancer-de-mama\/#primaryimage","url":"https:\/\/arealorcaradio.es\/wp-content\/uploads\/2024\/10\/20241021_125545-scaled.jpg","contentUrl":"https:\/\/arealorcaradio.es\/wp-content\/uploads\/2024\/10\/20241021_125545-scaled.jpg","width":2560,"height":1920},{"@type":"BreadcrumbList","@id":"https:\/\/arealorcaradio.es\/index.php\/2024\/10\/21\/el-lorca-deportiva-vestira-de-rosa-frente-al-aguilas-b-para-rendir-homenaje-a-las-mujeres-que-luchan-contra-el-cancer-de-mama\/#breadcrumb","itemListElement":[{"@type":"ListItem","position":1,"name":"Portada","item":"https:\/\/arealorcaradio.es\/"},{"@type":"ListItem","position":2,"name":"El Lorca Deportiva vestir\u00e1 de rosa frente al \u00c1guilas B para rendir homenaje a las mujeres que luchan contra el c\u00e1ncer de mama"}]},{"@type":"WebSite","@id":"https:\/\/arealorcaradio.es\/#website","url":"https:\/\/arealorcaradio.es\/","name":"AREA LORCA RADIO","description":"Descubre la programaci\u00f3n actual en \u00c1rea Lorca Radio, tu fuente de entrenamiento y noticias locales. Sintoniza ahora y mantente conectado online.","potentialAction":[{"@type":"SearchAction","target":{"@type":"EntryPoint","urlTemplate":"https:\/\/arealorcaradio.es\/?s={search_term_string}"},"query-input":{"@type":"PropertyValueSpecification","valueRequired":true,"valueName":"search_term_string"}}],"inLanguage":"es"},{"@type":"Person","@id":"https:\/\/arealorcaradio.es\/#\/schema\/person\/9fae605fc25b0f2c83c1ab207139bd27","name":"Paco S\u00e1nchez","image":{"@type":"ImageObject","inLanguage":"es","@id":"https:\/\/secure.gravatar.com\/avatar\/d67144e966420fb74aa84c9f2a0103be4724fd14db52b52d3b6bca749f257e79?s=96&d=mm&r=g","url":"https:\/\/secure.gravatar.com\/avatar\/d67144e966420fb74aa84c9f2a0103be4724fd14db52b52d3b6bca749f257e79?s=96&d=mm&r=g","contentUrl":"https:\/\/secure.gravatar.com\/avatar\/d67144e966420fb74aa84c9f2a0103be4724fd14db52b52d3b6bca749f257e79?s=96&d=mm&r=g","caption":"Paco S\u00e1nchez"},"sameAs":["https:\/\/arealorcaradio.es"],"url":"https:\/\/arealorcaradio.es\/index.php\/author\/admin_alorcaradio\/"}]}},"_links":{"self":[{"href":"https:\/\/arealorcaradio.es\/index.php\/wp-json\/wp\/v2\/posts\/4383","targetHints":{"allow":["GET"]}}],"collection":[{"href":"https:\/\/arealorcaradio.es\/index.php\/wp-json\/wp\/v2\/posts"}],"about":[{"href":"https:\/\/arealorcaradio.es\/index.php\/wp-json\/wp\/v2\/types\/post"}],"author":[{"embeddable":true,"href":"https:\/\/arealorcaradio.es\/index.php\/wp-json\/wp\/v2\/users\/1"}],"replies":[{"embeddable":true,"href":"https:\/\/arealorcaradio.es\/index.php\/wp-json\/wp\/v2\/comments?post=4383"}],"version-history":[{"count":5,"href":"https:\/\/arealorcaradio.es\/index.php\/wp-json\/wp\/v2\/posts\/4383\/revisions"}],"predecessor-version":[{"id":4391,"href":"https:\/\/arealorcaradio.es\/index.php\/wp-json\/wp\/v2\/posts\/4383\/revisions\/4391"}],"wp:featuredmedia":[{"embeddable":true,"href":"https:\/\/arealorcaradio.es\/index.php\/wp-json\/wp\/v2\/media\/4385"}],"wp:attachment":[{"href":"https:\/\/arealorcaradio.es\/index.php\/wp-json\/wp\/v2\/media?parent=4383"}],"wp:term":[{"taxonomy":"category","embeddable":true,"href":"https:\/\/arealorcaradio.es\/index.php\/wp-json\/wp\/v2\/categories?post=4383"},{"taxonomy":"post_tag","embeddable":true,"href":"https:\/\/arealorcaradio.es\/index.php\/wp-json\/wp\/v2\/tags?post=4383"}],"curies":[{"name":"wp","href":"https:\/\/api.w.org\/{rel}","templated":true}]}}