{"id":4374,"date":"2024-10-17T17:00:35","date_gmt":"2024-10-17T17:00:35","guid":{"rendered":"https:\/\/arealorcaradio.es\/?p=4374"},"modified":"2024-10-17T17:00:35","modified_gmt":"2024-10-17T17:00:35","slug":"la-plaza-de-espana-de-lorca-acoge-este-fin-de-semana-la-cata-de-cerveza-achobeer-fest","status":"publish","type":"post","link":"https:\/\/arealorcaradio.es\/index.php\/2024\/10\/17\/la-plaza-de-espana-de-lorca-acoge-este-fin-de-semana-la-cata-de-cerveza-achobeer-fest\/","title":{"rendered":"La Plaza de Espa\u00f1a de Lorca acoge este fin de semana la cata de cerveza \u00abAchobeer Fest\u00bb"},"content":{"rendered":"<p><strong>\u00c1REA LORCA RADIO.<\/strong><\/p>\n<p>Escucha aqu\u00ed la entrevista que ha concedido a Paco S\u00e1nchez en el magazine \u00c1rea Lorca Actualidad, Javi Garc\u00eda, uno de los organizadores de este festiva denominado ahora \u00abAchobeer Fest\u00bb, antes se desarrollo en la diputaci\u00f3n de Rio de Lorca en dos ediciones bajo la denominaci\u00f3n \u00abOktoberfest in RIO\u00bb.<\/p>\n<audio class=\"wp-audio-shortcode\" id=\"audio-4374-1\" preload=\"none\" style=\"width: 100%;\" controls=\"controls\"><source type=\"audio\/mpeg\" src=\"https:\/\/arealorcaradio.es\/wp-content\/uploads\/2024\/10\/171024-JAVI-GARCIA.-ACROBEER-FEST-CERVEZA.mp3?_=1\" \/><a href=\"https:\/\/arealorcaradio.es\/wp-content\/uploads\/2024\/10\/171024-JAVI-GARCIA.-ACROBEER-FEST-CERVEZA.mp3\">https:\/\/arealorcaradio.es\/wp-content\/uploads\/2024\/10\/171024-JAVI-GARCIA.-ACROBEER-FEST-CERVEZA.mp3<\/a><\/audio>\n","protected":false},"excerpt":{"rendered":"<p>\u00c1REA LORCA RADIO. Escucha aqu\u00ed la entrevista que ha concedido a Paco S\u00e1nchez en el magazine \u00c1rea Lorca Actualidad, Javi Garc\u00eda, uno de los organizadores de este festiva denominado ahora \u00abAchobeer Fest\u00bb, antes se desarrollo en la diputaci\u00f3n de Rio de Lorca en dos ediciones bajo la denominaci\u00f3n \u00abOktoberfest in RIO\u00bb.<\/p>\n","protected":false},"author":1,"featured_media":4376,"comment_status":"open","ping_status":"open","sticky":false,"template":"","format":"standard","meta":{"iawp_total_views":94,"footnotes":""},"categories":[5,7],"tags":[],"class_list":["post-4374","post","type-post","status-publish","format-standard","has-post-thumbnail","hentry","category-actualidad","category-lorca"],"yoast_head":"<!-- This site is optimized with the Yoast SEO plugin v27.5 - https:\/\/yoast.com\/product\/yoast-seo-wordpress\/ -->\n<title>La Plaza de Espa\u00f1a de Lorca acoge este fin de semana la cata de cerveza &quot;Achobeer Fest&quot; - AREA LORCA RADIO<\/title>\n<meta name=\"robots\" content=\"index, follow, max-snippet:-1, max-image-preview:large, max-video-preview:-1\" \/>\n<link rel=\"canonical\" href=\"https:\/\/arealorcaradio.es\/index.php\/2024\/10\/17\/la-plaza-de-espana-de-lorca-acoge-este-fin-de-semana-la-cata-de-cerveza-achobeer-fest\/\" \/>\n<meta property=\"og:locale\" content=\"es_ES\" \/>\n<meta property=\"og:type\" content=\"article\" \/>\n<meta property=\"og:title\" content=\"La Plaza de Espa\u00f1a de Lorca acoge este fin de semana la cata de cerveza &quot;Achobeer Fest&quot; - AREA LORCA RADIO\" \/>\n<meta property=\"og:description\" content=\"\u00c1REA LORCA RADIO. Escucha aqu\u00ed la entrevista que ha concedido a Paco S\u00e1nchez en el magazine \u00c1rea Lorca Actualidad, Javi Garc\u00eda, uno de los organizadores de este festiva denominado ahora \u00abAchobeer Fest\u00bb, antes se desarrollo en la diputaci\u00f3n de Rio de Lorca en dos ediciones bajo la denominaci\u00f3n \u00abOktoberfest in RIO\u00bb.\" \/>\n<meta property=\"og:url\" content=\"https:\/\/arealorcaradio.es\/index.php\/2024\/10\/17\/la-plaza-de-espana-de-lorca-acoge-este-fin-de-semana-la-cata-de-cerveza-achobeer-fest\/\" \/>\n<meta property=\"og:site_name\" content=\"AREA LORCA RADIO\" \/>\n<meta property=\"article:published_time\" content=\"2024-10-17T17:00:35+00:00\" \/>\n<meta property=\"og:image\" content=\"https:\/\/arealorcaradio.es\/wp-content\/uploads\/2024\/10\/20241017_183202-scaled.jpg\" \/>\n\t<meta property=\"og:image:width\" content=\"2560\" \/>\n\t<meta property=\"og:image:height\" content=\"1920\" \/>\n\t<meta property=\"og:image:type\" content=\"image\/jpeg\" \/>\n<meta name=\"author\" content=\"Paco S\u00e1nchez\" \/>\n<meta name=\"twitter:card\" content=\"summary_large_image\" \/>\n<meta name=\"twitter:label1\" content=\"Escrito por\" \/>\n\t<meta name=\"twitter:data1\" content=\"Paco S\u00e1nchez\" \/>\n\t<meta name=\"twitter:label2\" content=\"Tiempo de lectura\" \/>\n\t<meta name=\"twitter:data2\" content=\"1 minuto\" \/>\n<script type=\"application\/ld+json\" class=\"yoast-schema-graph\">{\"@context\":\"https:\\\/\\\/schema.org\",\"@graph\":[{\"@type\":\"Article\",\"@id\":\"https:\\\/\\\/arealorcaradio.es\\\/index.php\\\/2024\\\/10\\\/17\\\/la-plaza-de-espana-de-lorca-acoge-este-fin-de-semana-la-cata-de-cerveza-achobeer-fest\\\/#article\",\"isPartOf\":{\"@id\":\"https:\\\/\\\/arealorcaradio.es\\\/index.php\\\/2024\\\/10\\\/17\\\/la-plaza-de-espana-de-lorca-acoge-este-fin-de-semana-la-cata-de-cerveza-achobeer-fest\\\/\"},\"author\":{\"name\":\"Paco S\u00e1nchez\",\"@id\":\"https:\\\/\\\/arealorcaradio.es\\\/#\\\/schema\\\/person\\\/9fae605fc25b0f2c83c1ab207139bd27\"},\"headline\":\"La Plaza de Espa\u00f1a de Lorca acoge este fin de semana la cata de cerveza \u00abAchobeer Fest\u00bb\",\"datePublished\":\"2024-10-17T17:00:35+00:00\",\"mainEntityOfPage\":{\"@id\":\"https:\\\/\\\/arealorcaradio.es\\\/index.php\\\/2024\\\/10\\\/17\\\/la-plaza-de-espana-de-lorca-acoge-este-fin-de-semana-la-cata-de-cerveza-achobeer-fest\\\/\"},\"wordCount\":84,\"commentCount\":0,\"image\":{\"@id\":\"https:\\\/\\\/arealorcaradio.es\\\/index.php\\\/2024\\\/10\\\/17\\\/la-plaza-de-espana-de-lorca-acoge-este-fin-de-semana-la-cata-de-cerveza-achobeer-fest\\\/#primaryimage\"},\"thumbnailUrl\":\"https:\\\/\\\/arealorcaradio.es\\\/wp-content\\\/uploads\\\/2024\\\/10\\\/20241017_183202-scaled.jpg\",\"articleSection\":[\"ACTUALIDAD\",\"LORCA\"],\"inLanguage\":\"es\",\"potentialAction\":[{\"@type\":\"CommentAction\",\"name\":\"Comment\",\"target\":[\"https:\\\/\\\/arealorcaradio.es\\\/index.php\\\/2024\\\/10\\\/17\\\/la-plaza-de-espana-de-lorca-acoge-este-fin-de-semana-la-cata-de-cerveza-achobeer-fest\\\/#respond\"]}]},{\"@type\":\"WebPage\",\"@id\":\"https:\\\/\\\/arealorcaradio.es\\\/index.php\\\/2024\\\/10\\\/17\\\/la-plaza-de-espana-de-lorca-acoge-este-fin-de-semana-la-cata-de-cerveza-achobeer-fest\\\/\",\"url\":\"https:\\\/\\\/arealorcaradio.es\\\/index.php\\\/2024\\\/10\\\/17\\\/la-plaza-de-espana-de-lorca-acoge-este-fin-de-semana-la-cata-de-cerveza-achobeer-fest\\\/\",\"name\":\"La Plaza de Espa\u00f1a de Lorca acoge este fin de semana la cata de cerveza \\\"Achobeer Fest\\\" - AREA LORCA RADIO\",\"isPartOf\":{\"@id\":\"https:\\\/\\\/arealorcaradio.es\\\/#website\"},\"primaryImageOfPage\":{\"@id\":\"https:\\\/\\\/arealorcaradio.es\\\/index.php\\\/2024\\\/10\\\/17\\\/la-plaza-de-espana-de-lorca-acoge-este-fin-de-semana-la-cata-de-cerveza-achobeer-fest\\\/#primaryimage\"},\"image\":{\"@id\":\"https:\\\/\\\/arealorcaradio.es\\\/index.php\\\/2024\\\/10\\\/17\\\/la-plaza-de-espana-de-lorca-acoge-este-fin-de-semana-la-cata-de-cerveza-achobeer-fest\\\/#primaryimage\"},\"thumbnailUrl\":\"https:\\\/\\\/arealorcaradio.es\\\/wp-content\\\/uploads\\\/2024\\\/10\\\/20241017_183202-scaled.jpg\",\"datePublished\":\"2024-10-17T17:00:35+00:00\",\"author\":{\"@id\":\"https:\\\/\\\/arealorcaradio.es\\\/#\\\/schema\\\/person\\\/9fae605fc25b0f2c83c1ab207139bd27\"},\"breadcrumb\":{\"@id\":\"https:\\\/\\\/arealorcaradio.es\\\/index.php\\\/2024\\\/10\\\/17\\\/la-plaza-de-espana-de-lorca-acoge-este-fin-de-semana-la-cata-de-cerveza-achobeer-fest\\\/#breadcrumb\"},\"inLanguage\":\"es\",\"potentialAction\":[{\"@type\":\"ReadAction\",\"target\":[\"https:\\\/\\\/arealorcaradio.es\\\/index.php\\\/2024\\\/10\\\/17\\\/la-plaza-de-espana-de-lorca-acoge-este-fin-de-semana-la-cata-de-cerveza-achobeer-fest\\\/\"]}]},{\"@type\":\"ImageObject\",\"inLanguage\":\"es\",\"@id\":\"https:\\\/\\\/arealorcaradio.es\\\/index.php\\\/2024\\\/10\\\/17\\\/la-plaza-de-espana-de-lorca-acoge-este-fin-de-semana-la-cata-de-cerveza-achobeer-fest\\\/#primaryimage\",\"url\":\"https:\\\/\\\/arealorcaradio.es\\\/wp-content\\\/uploads\\\/2024\\\/10\\\/20241017_183202-scaled.jpg\",\"contentUrl\":\"https:\\\/\\\/arealorcaradio.es\\\/wp-content\\\/uploads\\\/2024\\\/10\\\/20241017_183202-scaled.jpg\",\"width\":2560,\"height\":1920},{\"@type\":\"BreadcrumbList\",\"@id\":\"https:\\\/\\\/arealorcaradio.es\\\/index.php\\\/2024\\\/10\\\/17\\\/la-plaza-de-espana-de-lorca-acoge-este-fin-de-semana-la-cata-de-cerveza-achobeer-fest\\\/#breadcrumb\",\"itemListElement\":[{\"@type\":\"ListItem\",\"position\":1,\"name\":\"Portada\",\"item\":\"https:\\\/\\\/arealorcaradio.es\\\/\"},{\"@type\":\"ListItem\",\"position\":2,\"name\":\"La Plaza de Espa\u00f1a de Lorca acoge este fin de semana la cata de cerveza \u00abAchobeer Fest\u00bb\"}]},{\"@type\":\"WebSite\",\"@id\":\"https:\\\/\\\/arealorcaradio.es\\\/#website\",\"url\":\"https:\\\/\\\/arealorcaradio.es\\\/\",\"name\":\"AREA LORCA RADIO\",\"description\":\"Descubre la programaci\u00f3n actual en \u00c1rea Lorca Radio, tu fuente de entrenamiento y noticias locales. Sintoniza ahora y mantente conectado online.\",\"potentialAction\":[{\"@type\":\"SearchAction\",\"target\":{\"@type\":\"EntryPoint\",\"urlTemplate\":\"https:\\\/\\\/arealorcaradio.es\\\/?s={search_term_string}\"},\"query-input\":{\"@type\":\"PropertyValueSpecification\",\"valueRequired\":true,\"valueName\":\"search_term_string\"}}],\"inLanguage\":\"es\"},{\"@type\":\"Person\",\"@id\":\"https:\\\/\\\/arealorcaradio.es\\\/#\\\/schema\\\/person\\\/9fae605fc25b0f2c83c1ab207139bd27\",\"name\":\"Paco S\u00e1nchez\",\"image\":{\"@type\":\"ImageObject\",\"inLanguage\":\"es\",\"@id\":\"https:\\\/\\\/secure.gravatar.com\\\/avatar\\\/d67144e966420fb74aa84c9f2a0103be4724fd14db52b52d3b6bca749f257e79?s=96&d=mm&r=g\",\"url\":\"https:\\\/\\\/secure.gravatar.com\\\/avatar\\\/d67144e966420fb74aa84c9f2a0103be4724fd14db52b52d3b6bca749f257e79?s=96&d=mm&r=g\",\"contentUrl\":\"https:\\\/\\\/secure.gravatar.com\\\/avatar\\\/d67144e966420fb74aa84c9f2a0103be4724fd14db52b52d3b6bca749f257e79?s=96&d=mm&r=g\",\"caption\":\"Paco S\u00e1nchez\"},\"sameAs\":[\"https:\\\/\\\/arealorcaradio.es\"],\"url\":\"https:\\\/\\\/arealorcaradio.es\\\/index.php\\\/author\\\/admin_alorcaradio\\\/\"}]}<\/script>\n<!-- \/ Yoast SEO plugin. -->","yoast_head_json":{"title":"La Plaza de Espa\u00f1a de Lorca acoge este fin de semana la cata de cerveza \"Achobeer Fest\" - AREA LORCA RADIO","robots":{"index":"index","follow":"follow","max-snippet":"max-snippet:-1","max-image-preview":"max-image-preview:large","max-video-preview":"max-video-preview:-1"},"canonical":"https:\/\/arealorcaradio.es\/index.php\/2024\/10\/17\/la-plaza-de-espana-de-lorca-acoge-este-fin-de-semana-la-cata-de-cerveza-achobeer-fest\/","og_locale":"es_ES","og_type":"article","og_title":"La Plaza de Espa\u00f1a de Lorca acoge este fin de semana la cata de cerveza \"Achobeer Fest\" - AREA LORCA RADIO","og_description":"\u00c1REA LORCA RADIO. Escucha aqu\u00ed la entrevista que ha concedido a Paco S\u00e1nchez en el magazine \u00c1rea Lorca Actualidad, Javi Garc\u00eda, uno de los organizadores de este festiva denominado ahora \u00abAchobeer Fest\u00bb, antes se desarrollo en la diputaci\u00f3n de Rio de Lorca en dos ediciones bajo la denominaci\u00f3n \u00abOktoberfest in RIO\u00bb.","og_url":"https:\/\/arealorcaradio.es\/index.php\/2024\/10\/17\/la-plaza-de-espana-de-lorca-acoge-este-fin-de-semana-la-cata-de-cerveza-achobeer-fest\/","og_site_name":"AREA LORCA RADIO","article_published_time":"2024-10-17T17:00:35+00:00","og_image":[{"width":2560,"height":1920,"url":"https:\/\/arealorcaradio.es\/wp-content\/uploads\/2024\/10\/20241017_183202-scaled.jpg","type":"image\/jpeg"}],"author":"Paco S\u00e1nchez","twitter_card":"summary_large_image","twitter_misc":{"Escrito por":"Paco S\u00e1nchez","Tiempo de lectura":"1 minuto"},"schema":{"@context":"https:\/\/schema.org","@graph":[{"@type":"Article","@id":"https:\/\/arealorcaradio.es\/index.php\/2024\/10\/17\/la-plaza-de-espana-de-lorca-acoge-este-fin-de-semana-la-cata-de-cerveza-achobeer-fest\/#article","isPartOf":{"@id":"https:\/\/arealorcaradio.es\/index.php\/2024\/10\/17\/la-plaza-de-espana-de-lorca-acoge-este-fin-de-semana-la-cata-de-cerveza-achobeer-fest\/"},"author":{"name":"Paco S\u00e1nchez","@id":"https:\/\/arealorcaradio.es\/#\/schema\/person\/9fae605fc25b0f2c83c1ab207139bd27"},"headline":"La Plaza de Espa\u00f1a de Lorca acoge este fin de semana la cata de cerveza \u00abAchobeer Fest\u00bb","datePublished":"2024-10-17T17:00:35+00:00","mainEntityOfPage":{"@id":"https:\/\/arealorcaradio.es\/index.php\/2024\/10\/17\/la-plaza-de-espana-de-lorca-acoge-este-fin-de-semana-la-cata-de-cerveza-achobeer-fest\/"},"wordCount":84,"commentCount":0,"image":{"@id":"https:\/\/arealorcaradio.es\/index.php\/2024\/10\/17\/la-plaza-de-espana-de-lorca-acoge-este-fin-de-semana-la-cata-de-cerveza-achobeer-fest\/#primaryimage"},"thumbnailUrl":"https:\/\/arealorcaradio.es\/wp-content\/uploads\/2024\/10\/20241017_183202-scaled.jpg","articleSection":["ACTUALIDAD","LORCA"],"inLanguage":"es","potentialAction":[{"@type":"CommentAction","name":"Comment","target":["https:\/\/arealorcaradio.es\/index.php\/2024\/10\/17\/la-plaza-de-espana-de-lorca-acoge-este-fin-de-semana-la-cata-de-cerveza-achobeer-fest\/#respond"]}]},{"@type":"WebPage","@id":"https:\/\/arealorcaradio.es\/index.php\/2024\/10\/17\/la-plaza-de-espana-de-lorca-acoge-este-fin-de-semana-la-cata-de-cerveza-achobeer-fest\/","url":"https:\/\/arealorcaradio.es\/index.php\/2024\/10\/17\/la-plaza-de-espana-de-lorca-acoge-este-fin-de-semana-la-cata-de-cerveza-achobeer-fest\/","name":"La Plaza de Espa\u00f1a de Lorca acoge este fin de semana la cata de cerveza \"Achobeer Fest\" - AREA LORCA RADIO","isPartOf":{"@id":"https:\/\/arealorcaradio.es\/#website"},"primaryImageOfPage":{"@id":"https:\/\/arealorcaradio.es\/index.php\/2024\/10\/17\/la-plaza-de-espana-de-lorca-acoge-este-fin-de-semana-la-cata-de-cerveza-achobeer-fest\/#primaryimage"},"image":{"@id":"https:\/\/arealorcaradio.es\/index.php\/2024\/10\/17\/la-plaza-de-espana-de-lorca-acoge-este-fin-de-semana-la-cata-de-cerveza-achobeer-fest\/#primaryimage"},"thumbnailUrl":"https:\/\/arealorcaradio.es\/wp-content\/uploads\/2024\/10\/20241017_183202-scaled.jpg","datePublished":"2024-10-17T17:00:35+00:00","author":{"@id":"https:\/\/arealorcaradio.es\/#\/schema\/person\/9fae605fc25b0f2c83c1ab207139bd27"},"breadcrumb":{"@id":"https:\/\/arealorcaradio.es\/index.php\/2024\/10\/17\/la-plaza-de-espana-de-lorca-acoge-este-fin-de-semana-la-cata-de-cerveza-achobeer-fest\/#breadcrumb"},"inLanguage":"es","potentialAction":[{"@type":"ReadAction","target":["https:\/\/arealorcaradio.es\/index.php\/2024\/10\/17\/la-plaza-de-espana-de-lorca-acoge-este-fin-de-semana-la-cata-de-cerveza-achobeer-fest\/"]}]},{"@type":"ImageObject","inLanguage":"es","@id":"https:\/\/arealorcaradio.es\/index.php\/2024\/10\/17\/la-plaza-de-espana-de-lorca-acoge-este-fin-de-semana-la-cata-de-cerveza-achobeer-fest\/#primaryimage","url":"https:\/\/arealorcaradio.es\/wp-content\/uploads\/2024\/10\/20241017_183202-scaled.jpg","contentUrl":"https:\/\/arealorcaradio.es\/wp-content\/uploads\/2024\/10\/20241017_183202-scaled.jpg","width":2560,"height":1920},{"@type":"BreadcrumbList","@id":"https:\/\/arealorcaradio.es\/index.php\/2024\/10\/17\/la-plaza-de-espana-de-lorca-acoge-este-fin-de-semana-la-cata-de-cerveza-achobeer-fest\/#breadcrumb","itemListElement":[{"@type":"ListItem","position":1,"name":"Portada","item":"https:\/\/arealorcaradio.es\/"},{"@type":"ListItem","position":2,"name":"La Plaza de Espa\u00f1a de Lorca acoge este fin de semana la cata de cerveza \u00abAchobeer Fest\u00bb"}]},{"@type":"WebSite","@id":"https:\/\/arealorcaradio.es\/#website","url":"https:\/\/arealorcaradio.es\/","name":"AREA LORCA RADIO","description":"Descubre la programaci\u00f3n actual en \u00c1rea Lorca Radio, tu fuente de entrenamiento y noticias locales. Sintoniza ahora y mantente conectado online.","potentialAction":[{"@type":"SearchAction","target":{"@type":"EntryPoint","urlTemplate":"https:\/\/arealorcaradio.es\/?s={search_term_string}"},"query-input":{"@type":"PropertyValueSpecification","valueRequired":true,"valueName":"search_term_string"}}],"inLanguage":"es"},{"@type":"Person","@id":"https:\/\/arealorcaradio.es\/#\/schema\/person\/9fae605fc25b0f2c83c1ab207139bd27","name":"Paco S\u00e1nchez","image":{"@type":"ImageObject","inLanguage":"es","@id":"https:\/\/secure.gravatar.com\/avatar\/d67144e966420fb74aa84c9f2a0103be4724fd14db52b52d3b6bca749f257e79?s=96&d=mm&r=g","url":"https:\/\/secure.gravatar.com\/avatar\/d67144e966420fb74aa84c9f2a0103be4724fd14db52b52d3b6bca749f257e79?s=96&d=mm&r=g","contentUrl":"https:\/\/secure.gravatar.com\/avatar\/d67144e966420fb74aa84c9f2a0103be4724fd14db52b52d3b6bca749f257e79?s=96&d=mm&r=g","caption":"Paco S\u00e1nchez"},"sameAs":["https:\/\/arealorcaradio.es"],"url":"https:\/\/arealorcaradio.es\/index.php\/author\/admin_alorcaradio\/"}]}},"_links":{"self":[{"href":"https:\/\/arealorcaradio.es\/index.php\/wp-json\/wp\/v2\/posts\/4374","targetHints":{"allow":["GET"]}}],"collection":[{"href":"https:\/\/arealorcaradio.es\/index.php\/wp-json\/wp\/v2\/posts"}],"about":[{"href":"https:\/\/arealorcaradio.es\/index.php\/wp-json\/wp\/v2\/types\/post"}],"author":[{"embeddable":true,"href":"https:\/\/arealorcaradio.es\/index.php\/wp-json\/wp\/v2\/users\/1"}],"replies":[{"embeddable":true,"href":"https:\/\/arealorcaradio.es\/index.php\/wp-json\/wp\/v2\/comments?post=4374"}],"version-history":[{"count":1,"href":"https:\/\/arealorcaradio.es\/index.php\/wp-json\/wp\/v2\/posts\/4374\/revisions"}],"predecessor-version":[{"id":4377,"href":"https:\/\/arealorcaradio.es\/index.php\/wp-json\/wp\/v2\/posts\/4374\/revisions\/4377"}],"wp:featuredmedia":[{"embeddable":true,"href":"https:\/\/arealorcaradio.es\/index.php\/wp-json\/wp\/v2\/media\/4376"}],"wp:attachment":[{"href":"https:\/\/arealorcaradio.es\/index.php\/wp-json\/wp\/v2\/media?parent=4374"}],"wp:term":[{"taxonomy":"category","embeddable":true,"href":"https:\/\/arealorcaradio.es\/index.php\/wp-json\/wp\/v2\/categories?post=4374"},{"taxonomy":"post_tag","embeddable":true,"href":"https:\/\/arealorcaradio.es\/index.php\/wp-json\/wp\/v2\/tags?post=4374"}],"curies":[{"name":"wp","href":"https:\/\/api.w.org\/{rel}","templated":true}]}}