{"id":4367,"date":"2024-10-17T17:00:51","date_gmt":"2024-10-17T17:00:51","guid":{"rendered":"https:\/\/arealorcaradio.es\/?p=4367"},"modified":"2024-10-17T17:00:51","modified_gmt":"2024-10-17T17:00:51","slug":"lorca-sera-referente-mundial-en-atencion-temprana-este-noviembre-con-la-celebracion-del-i-congreso-internacional-en-el-que-participaran-mas-de-400-expertos","status":"publish","type":"post","link":"https:\/\/arealorcaradio.es\/index.php\/2024\/10\/17\/lorca-sera-referente-mundial-en-atencion-temprana-este-noviembre-con-la-celebracion-del-i-congreso-internacional-en-el-que-participaran-mas-de-400-expertos\/","title":{"rendered":"Lorca ser\u00e1 referente mundial en Atenci\u00f3n Temprana este noviembre con la celebraci\u00f3n del I Congreso Internacional, en el que participar\u00e1n m\u00e1s de 400 expertos"},"content":{"rendered":"<p><strong>\u00c1REA LORCA RADIO.<\/strong><\/p>\n<p>Escucha aqu\u00ed la entrevista que ha concedido a Paco S\u00e1nchez en el magazine \u00c1rea Lorca Actualidad, el director del Centro de Atenci\u00f3n Temprana \u00abFina Navarro\u00bb de Lorca, Francisco Javier Fern\u00e1ndez Rego.<\/p>\n<audio class=\"wp-audio-shortcode\" id=\"audio-4367-1\" preload=\"none\" style=\"width: 100%;\" controls=\"controls\"><source type=\"audio\/mpeg\" src=\"https:\/\/arealorcaradio.es\/wp-content\/uploads\/2024\/10\/171024-FRANCISCO-JAVIER-FERNANDEZ-REGO.-CDIAT.mp3?_=1\" \/><a href=\"https:\/\/arealorcaradio.es\/wp-content\/uploads\/2024\/10\/171024-FRANCISCO-JAVIER-FERNANDEZ-REGO.-CDIAT.mp3\">https:\/\/arealorcaradio.es\/wp-content\/uploads\/2024\/10\/171024-FRANCISCO-JAVIER-FERNANDEZ-REGO.-CDIAT.mp3<\/a><\/audio>\n<p><strong>Lorca, 17 de octubre de 2024.<\/strong>\u00a0Lorca acoger\u00e1 los pr\u00f3ximos 8 y 9 de noviembre el XIV Congreso Nacional y I Internacional de Atenci\u00f3n Temprana, que se celebrar\u00e1 en el Auditorio y Palacio de Ferias y Congresos Ifelor, bajo el lema \u2018Ser temprana\u2019; una cita de calado profesional que supera ya las 400 inscripciones y que llega con el objetivo de exponer los avances y novedades en las t\u00e9cnicas de intervenci\u00f3n con menores y sus familiares.<\/p>\n<p>Concretamente, son 420 los especialistas y profesionales inscritos hasta el momento, en representaci\u00f3n de m\u00e1s de una decena de Comunidades Aut\u00f3nomas: Murcia, Comunidad Valenciana, Canarias, Catalu\u00f1a, Castilla la Mancha, Andaluc\u00eda, Navarra, Arag\u00f3n, Madrid, Castilla y Le\u00f3n, Galicia. En \u00e9l participar\u00e1n CDIATS p\u00fablicos, privados y concertados, de la Regi\u00f3n y de otras comunidades, colegios, Centros de Salud, Servicios Sociales, Equipos de Orientaci\u00f3n Educativa y Psicopedag\u00f3gica de Murcia y de fuera de la Regi\u00f3n, y entidades como la ONCE, Fundaci\u00f3n Bobath o ASPACE, entre otros. El plazo para las inscripciones finalizar\u00e1 una semana antes del evento, por lo que la cifra de participantes aumentar\u00e1.<\/p>\n<p>Tambi\u00e9n contar\u00e1 con dos referentes internacionales en materia de atenci\u00f3n temprana: el profesor de la Universidad de Pisa y experto en Neurolog\u00eda y Psicolog\u00eda infantil, Andrea Guzzetta, y desde Toulouse, la especialista en pediatr\u00eda y psicomotricidad, Annabelle Miermon.<\/p>\n<p>Las Universidades de Murcia, UCAM, Universidad Miguel Hern\u00e1ndez, de Orihuela, Universidad del Pa\u00eds Vasco, Universidad Europea Miguel de Cervantes, Universidad de Almer\u00eda, Universidad de M\u00e1laga, Universidad de Nebrija, Universidad Aut\u00f3noma de Barcelona y de Castilla La Mancha tambi\u00e9n intervendr\u00e1n en este encuentro internacional, as\u00ed como profesionales del Hospital Rafael M\u00e9ndez de Lorca, Virgen de la Arrixaca de Murcia, Los Arcos del Mar Menor, Hospital San Joan de Deu de Barcelona y Sevilla, San Juan de Alicante, el Complejo Hospitalario Universitario\u00a0 Insular materno-infantil, Santa Luc\u00eda de Cartagena y Servicios de Salud Mental del Servicio Murciano de Salud.<\/p>\n<p>El evento profesional y acad\u00e9mico cuenta con el apoyo del Ayuntamiento de Lorca y la Consejer\u00eda de Pol\u00edtica Social y reforzar\u00e1 la importancia de promover la parentalidad positiva para mejorar la intervenci\u00f3n con menores en su entorno m\u00e1s cercano, as\u00ed como la de dar una respuesta r\u00e1pida a las necesidades de los ni\u00f1os y ni\u00f1as entre 0 y 6 a\u00f1os que presentan alguna alteraci\u00f3n en su desarrollo f\u00edsico, ps\u00edquico o sensorial. En definitiva, un encuentro muy participativo que incitar\u00e1 a la reflexi\u00f3n y al intercambio de experiencias profesionales y que contribuir\u00e1 a mejorar la red de servicios regional y la atenci\u00f3n que en la actualidad reciben alrededor de 4.600 menores en nuestra Regi\u00f3n.<\/p>\n<p>Asimismo, la cita vendr\u00e1 a reforzar la dimensi\u00f3n de Lorca como capital de ferias y congresos, siendo un revulsivo para nuestra ciudad, convirtiendo de nuevo a nuestro municipio en eje central de actividades de gran calado y repercusi\u00f3n mundial; un aut\u00e9ntico hito, tanto acad\u00e9mico y cient\u00edfico como cultural y social, sobre el que se realizar\u00e1n futuras propuestas de investigaci\u00f3n en relaci\u00f3n a la Atenci\u00f3n Temprana. Una vez m\u00e1s, nuestra ciudad se convertir\u00e1 en eje de eventos de gran trascendencia, lo que supone una aut\u00e9ntica promoci\u00f3n para nuestra localidad, que podr\u00e1 mostrar de nuevo su riqueza patrimonial, cultural, gastron\u00f3mica\u2026<\/p>\n<p>El congreso est\u00e1 organizado por la Federaci\u00f3n Espa\u00f1ola de Asociaciones de Profesionales de Atenci\u00f3n Temprana (GAT), la Asociaci\u00f3n de Profesionales de Atenci\u00f3n Temprana de la Regi\u00f3n de Murcia (ATEMP) y el Centro municipal de Desarrollo Infantil y Atenci\u00f3n Temprana \u2018Fina Navarro L\u00f3pez\u2019 de Lorca.<\/p>\n<p><strong><img loading=\"lazy\" decoding=\"async\" class=\"alignnone size-medium wp-image-4372\" src=\"https:\/\/arealorcaradio.es\/wp-content\/uploads\/2024\/10\/FOTO3-CONGRESO-209x300.jpeg\" alt=\"\" width=\"209\" height=\"300\" srcset=\"https:\/\/arealorcaradio.es\/wp-content\/uploads\/2024\/10\/FOTO3-CONGRESO-209x300.jpeg 209w, https:\/\/arealorcaradio.es\/wp-content\/uploads\/2024\/10\/FOTO3-CONGRESO-712x1024.jpeg 712w, https:\/\/arealorcaradio.es\/wp-content\/uploads\/2024\/10\/FOTO3-CONGRESO-768x1104.jpeg 768w, https:\/\/arealorcaradio.es\/wp-content\/uploads\/2024\/10\/FOTO3-CONGRESO-1068x1536.jpeg 1068w, https:\/\/arealorcaradio.es\/wp-content\/uploads\/2024\/10\/FOTO3-CONGRESO.jpeg 1113w\" sizes=\"auto, (max-width: 209px) 100vw, 209px\" \/><\/strong><\/p>\n<p><strong>Reconocimiento a la investigaci\u00f3n e innovaci\u00f3n<\/strong><\/p>\n<p>La principal novedad de este <a href=\"https:\/\/gat-atenciontemprana.org\/xiii-congreso-nacional-interdisciplinar-de-atencion-temprana-2\/\">XIV Congreso Nacional y I Internacional de Atenci\u00f3n Temprana<\/a>, adem\u00e1s del elevado n\u00famero de participantes es la celebraci\u00f3n de un pre congreso el jueves, 7 de noviembre, con el desarrollo de un taller sobre las dificultades de alimentaci\u00f3n infantil en situaciones especiales, que se llevar\u00e1 a cabo en la Facultad de Ciencias Sociosanitarias del Campus de Lorca y que ser\u00e1 impartido por la logopeda, Bego\u00f1a Barcel\u00f3, de la Universidad de M\u00e1laga.<\/p>\n<p>Adem\u00e1s, el Comit\u00e9 Cient\u00edfico seleccionar\u00e1 un m\u00e1ximo de ocho comunicaciones libres y 30 p\u00f3steres y otorgar\u00e1 tres premios: el Premio Nacional de Atenci\u00f3n Temprana a la Mejor Investigaci\u00f3n en Materia de Intervenci\u00f3n y Evaluaci\u00f3n; el Premio Nacional a la Trayectoria Profesional en Atenci\u00f3n Temprana, ambos reconocimiento respaldados por la Federaci\u00f3n Espa\u00f1ola de Asociaciones de Profesionales de Atenci\u00f3n Temprana (GAT) y la Fundaci\u00f3n ONCE; y el Premio Anual de la Asociaci\u00f3n de Atenci\u00f3n Temprana de la Regi\u00f3n de Murcia (ATEM), dirigido al reconocimiento profesional y trayectoria de profesionales de la Regi\u00f3n.<\/p>\n","protected":false},"excerpt":{"rendered":"<p>\u00c1REA LORCA RADIO. Escucha aqu\u00ed la entrevista que ha concedido a Paco S\u00e1nchez en el magazine \u00c1rea Lorca Actualidad, el director del Centro de Atenci\u00f3n Temprana \u00abFina Navarro\u00bb de Lorca, Francisco Javier Fern\u00e1ndez Rego. Lorca, 17 de octubre de 2024.\u00a0Lorca acoger\u00e1 los pr\u00f3ximos 8 y 9 de noviembre el XIV Congreso Nacional y I Internacional [&hellip;]<\/p>\n","protected":false},"author":1,"featured_media":4371,"comment_status":"open","ping_status":"open","sticky":false,"template":"","format":"standard","meta":{"iawp_total_views":42,"footnotes":""},"categories":[5,7],"tags":[],"class_list":["post-4367","post","type-post","status-publish","format-standard","has-post-thumbnail","hentry","category-actualidad","category-lorca"],"yoast_head":"<!-- This site is optimized with the Yoast SEO plugin v27.5 - https:\/\/yoast.com\/product\/yoast-seo-wordpress\/ -->\n<title>Lorca ser\u00e1 referente mundial en Atenci\u00f3n Temprana este noviembre con la celebraci\u00f3n del I Congreso Internacional, en el que participar\u00e1n m\u00e1s de 400 expertos - AREA LORCA RADIO<\/title>\n<meta name=\"robots\" content=\"index, follow, max-snippet:-1, max-image-preview:large, max-video-preview:-1\" \/>\n<link rel=\"canonical\" href=\"https:\/\/arealorcaradio.es\/index.php\/2024\/10\/17\/lorca-sera-referente-mundial-en-atencion-temprana-este-noviembre-con-la-celebracion-del-i-congreso-internacional-en-el-que-participaran-mas-de-400-expertos\/\" \/>\n<meta property=\"og:locale\" content=\"es_ES\" \/>\n<meta property=\"og:type\" content=\"article\" \/>\n<meta property=\"og:title\" content=\"Lorca ser\u00e1 referente mundial en Atenci\u00f3n Temprana este noviembre con la celebraci\u00f3n del I Congreso Internacional, en el que participar\u00e1n m\u00e1s de 400 expertos - AREA LORCA RADIO\" \/>\n<meta property=\"og:description\" content=\"\u00c1REA LORCA RADIO. Escucha aqu\u00ed la entrevista que ha concedido a Paco S\u00e1nchez en el magazine \u00c1rea Lorca Actualidad, el director del Centro de Atenci\u00f3n Temprana \u00abFina Navarro\u00bb de Lorca, Francisco Javier Fern\u00e1ndez Rego. Lorca, 17 de octubre de 2024.\u00a0Lorca acoger\u00e1 los pr\u00f3ximos 8 y 9 de noviembre el XIV Congreso Nacional y I Internacional [&hellip;]\" \/>\n<meta property=\"og:url\" content=\"https:\/\/arealorcaradio.es\/index.php\/2024\/10\/17\/lorca-sera-referente-mundial-en-atencion-temprana-este-noviembre-con-la-celebracion-del-i-congreso-internacional-en-el-que-participaran-mas-de-400-expertos\/\" \/>\n<meta property=\"og:site_name\" content=\"AREA LORCA RADIO\" \/>\n<meta property=\"article:published_time\" content=\"2024-10-17T17:00:51+00:00\" \/>\n<meta property=\"og:image\" content=\"https:\/\/arealorcaradio.es\/wp-content\/uploads\/2024\/10\/20241017_181819-scaled.jpg\" \/>\n\t<meta property=\"og:image:width\" content=\"2560\" \/>\n\t<meta property=\"og:image:height\" content=\"1920\" \/>\n\t<meta property=\"og:image:type\" content=\"image\/jpeg\" \/>\n<meta name=\"author\" content=\"Paco S\u00e1nchez\" \/>\n<meta name=\"twitter:card\" content=\"summary_large_image\" \/>\n<meta name=\"twitter:label1\" content=\"Escrito por\" \/>\n\t<meta name=\"twitter:data1\" content=\"Paco S\u00e1nchez\" \/>\n\t<meta name=\"twitter:label2\" content=\"Tiempo de lectura\" \/>\n\t<meta name=\"twitter:data2\" content=\"4 minutos\" \/>\n<script type=\"application\/ld+json\" class=\"yoast-schema-graph\">{\"@context\":\"https:\\\/\\\/schema.org\",\"@graph\":[{\"@type\":\"Article\",\"@id\":\"https:\\\/\\\/arealorcaradio.es\\\/index.php\\\/2024\\\/10\\\/17\\\/lorca-sera-referente-mundial-en-atencion-temprana-este-noviembre-con-la-celebracion-del-i-congreso-internacional-en-el-que-participaran-mas-de-400-expertos\\\/#article\",\"isPartOf\":{\"@id\":\"https:\\\/\\\/arealorcaradio.es\\\/index.php\\\/2024\\\/10\\\/17\\\/lorca-sera-referente-mundial-en-atencion-temprana-este-noviembre-con-la-celebracion-del-i-congreso-internacional-en-el-que-participaran-mas-de-400-expertos\\\/\"},\"author\":{\"name\":\"Paco S\u00e1nchez\",\"@id\":\"https:\\\/\\\/arealorcaradio.es\\\/#\\\/schema\\\/person\\\/9fae605fc25b0f2c83c1ab207139bd27\"},\"headline\":\"Lorca ser\u00e1 referente mundial en Atenci\u00f3n Temprana este noviembre con la celebraci\u00f3n del I Congreso Internacional, en el que participar\u00e1n m\u00e1s de 400 expertos\",\"datePublished\":\"2024-10-17T17:00:51+00:00\",\"mainEntityOfPage\":{\"@id\":\"https:\\\/\\\/arealorcaradio.es\\\/index.php\\\/2024\\\/10\\\/17\\\/lorca-sera-referente-mundial-en-atencion-temprana-este-noviembre-con-la-celebracion-del-i-congreso-internacional-en-el-que-participaran-mas-de-400-expertos\\\/\"},\"wordCount\":897,\"commentCount\":0,\"image\":{\"@id\":\"https:\\\/\\\/arealorcaradio.es\\\/index.php\\\/2024\\\/10\\\/17\\\/lorca-sera-referente-mundial-en-atencion-temprana-este-noviembre-con-la-celebracion-del-i-congreso-internacional-en-el-que-participaran-mas-de-400-expertos\\\/#primaryimage\"},\"thumbnailUrl\":\"https:\\\/\\\/arealorcaradio.es\\\/wp-content\\\/uploads\\\/2024\\\/10\\\/20241017_181819-scaled.jpg\",\"articleSection\":[\"ACTUALIDAD\",\"LORCA\"],\"inLanguage\":\"es\",\"potentialAction\":[{\"@type\":\"CommentAction\",\"name\":\"Comment\",\"target\":[\"https:\\\/\\\/arealorcaradio.es\\\/index.php\\\/2024\\\/10\\\/17\\\/lorca-sera-referente-mundial-en-atencion-temprana-este-noviembre-con-la-celebracion-del-i-congreso-internacional-en-el-que-participaran-mas-de-400-expertos\\\/#respond\"]}]},{\"@type\":\"WebPage\",\"@id\":\"https:\\\/\\\/arealorcaradio.es\\\/index.php\\\/2024\\\/10\\\/17\\\/lorca-sera-referente-mundial-en-atencion-temprana-este-noviembre-con-la-celebracion-del-i-congreso-internacional-en-el-que-participaran-mas-de-400-expertos\\\/\",\"url\":\"https:\\\/\\\/arealorcaradio.es\\\/index.php\\\/2024\\\/10\\\/17\\\/lorca-sera-referente-mundial-en-atencion-temprana-este-noviembre-con-la-celebracion-del-i-congreso-internacional-en-el-que-participaran-mas-de-400-expertos\\\/\",\"name\":\"Lorca ser\u00e1 referente mundial en Atenci\u00f3n Temprana este noviembre con la celebraci\u00f3n del I Congreso Internacional, en el que participar\u00e1n m\u00e1s de 400 expertos - AREA LORCA RADIO\",\"isPartOf\":{\"@id\":\"https:\\\/\\\/arealorcaradio.es\\\/#website\"},\"primaryImageOfPage\":{\"@id\":\"https:\\\/\\\/arealorcaradio.es\\\/index.php\\\/2024\\\/10\\\/17\\\/lorca-sera-referente-mundial-en-atencion-temprana-este-noviembre-con-la-celebracion-del-i-congreso-internacional-en-el-que-participaran-mas-de-400-expertos\\\/#primaryimage\"},\"image\":{\"@id\":\"https:\\\/\\\/arealorcaradio.es\\\/index.php\\\/2024\\\/10\\\/17\\\/lorca-sera-referente-mundial-en-atencion-temprana-este-noviembre-con-la-celebracion-del-i-congreso-internacional-en-el-que-participaran-mas-de-400-expertos\\\/#primaryimage\"},\"thumbnailUrl\":\"https:\\\/\\\/arealorcaradio.es\\\/wp-content\\\/uploads\\\/2024\\\/10\\\/20241017_181819-scaled.jpg\",\"datePublished\":\"2024-10-17T17:00:51+00:00\",\"author\":{\"@id\":\"https:\\\/\\\/arealorcaradio.es\\\/#\\\/schema\\\/person\\\/9fae605fc25b0f2c83c1ab207139bd27\"},\"breadcrumb\":{\"@id\":\"https:\\\/\\\/arealorcaradio.es\\\/index.php\\\/2024\\\/10\\\/17\\\/lorca-sera-referente-mundial-en-atencion-temprana-este-noviembre-con-la-celebracion-del-i-congreso-internacional-en-el-que-participaran-mas-de-400-expertos\\\/#breadcrumb\"},\"inLanguage\":\"es\",\"potentialAction\":[{\"@type\":\"ReadAction\",\"target\":[\"https:\\\/\\\/arealorcaradio.es\\\/index.php\\\/2024\\\/10\\\/17\\\/lorca-sera-referente-mundial-en-atencion-temprana-este-noviembre-con-la-celebracion-del-i-congreso-internacional-en-el-que-participaran-mas-de-400-expertos\\\/\"]}]},{\"@type\":\"ImageObject\",\"inLanguage\":\"es\",\"@id\":\"https:\\\/\\\/arealorcaradio.es\\\/index.php\\\/2024\\\/10\\\/17\\\/lorca-sera-referente-mundial-en-atencion-temprana-este-noviembre-con-la-celebracion-del-i-congreso-internacional-en-el-que-participaran-mas-de-400-expertos\\\/#primaryimage\",\"url\":\"https:\\\/\\\/arealorcaradio.es\\\/wp-content\\\/uploads\\\/2024\\\/10\\\/20241017_181819-scaled.jpg\",\"contentUrl\":\"https:\\\/\\\/arealorcaradio.es\\\/wp-content\\\/uploads\\\/2024\\\/10\\\/20241017_181819-scaled.jpg\",\"width\":2560,\"height\":1920},{\"@type\":\"BreadcrumbList\",\"@id\":\"https:\\\/\\\/arealorcaradio.es\\\/index.php\\\/2024\\\/10\\\/17\\\/lorca-sera-referente-mundial-en-atencion-temprana-este-noviembre-con-la-celebracion-del-i-congreso-internacional-en-el-que-participaran-mas-de-400-expertos\\\/#breadcrumb\",\"itemListElement\":[{\"@type\":\"ListItem\",\"position\":1,\"name\":\"Portada\",\"item\":\"https:\\\/\\\/arealorcaradio.es\\\/\"},{\"@type\":\"ListItem\",\"position\":2,\"name\":\"Lorca ser\u00e1 referente mundial en Atenci\u00f3n Temprana este noviembre con la celebraci\u00f3n del I Congreso Internacional, en el que participar\u00e1n m\u00e1s de 400 expertos\"}]},{\"@type\":\"WebSite\",\"@id\":\"https:\\\/\\\/arealorcaradio.es\\\/#website\",\"url\":\"https:\\\/\\\/arealorcaradio.es\\\/\",\"name\":\"AREA LORCA RADIO\",\"description\":\"Descubre la programaci\u00f3n actual en \u00c1rea Lorca Radio, tu fuente de entrenamiento y noticias locales. Sintoniza ahora y mantente conectado online.\",\"potentialAction\":[{\"@type\":\"SearchAction\",\"target\":{\"@type\":\"EntryPoint\",\"urlTemplate\":\"https:\\\/\\\/arealorcaradio.es\\\/?s={search_term_string}\"},\"query-input\":{\"@type\":\"PropertyValueSpecification\",\"valueRequired\":true,\"valueName\":\"search_term_string\"}}],\"inLanguage\":\"es\"},{\"@type\":\"Person\",\"@id\":\"https:\\\/\\\/arealorcaradio.es\\\/#\\\/schema\\\/person\\\/9fae605fc25b0f2c83c1ab207139bd27\",\"name\":\"Paco S\u00e1nchez\",\"image\":{\"@type\":\"ImageObject\",\"inLanguage\":\"es\",\"@id\":\"https:\\\/\\\/secure.gravatar.com\\\/avatar\\\/d67144e966420fb74aa84c9f2a0103be4724fd14db52b52d3b6bca749f257e79?s=96&d=mm&r=g\",\"url\":\"https:\\\/\\\/secure.gravatar.com\\\/avatar\\\/d67144e966420fb74aa84c9f2a0103be4724fd14db52b52d3b6bca749f257e79?s=96&d=mm&r=g\",\"contentUrl\":\"https:\\\/\\\/secure.gravatar.com\\\/avatar\\\/d67144e966420fb74aa84c9f2a0103be4724fd14db52b52d3b6bca749f257e79?s=96&d=mm&r=g\",\"caption\":\"Paco S\u00e1nchez\"},\"sameAs\":[\"https:\\\/\\\/arealorcaradio.es\"],\"url\":\"https:\\\/\\\/arealorcaradio.es\\\/index.php\\\/author\\\/admin_alorcaradio\\\/\"}]}<\/script>\n<!-- \/ Yoast SEO plugin. -->","yoast_head_json":{"title":"Lorca ser\u00e1 referente mundial en Atenci\u00f3n Temprana este noviembre con la celebraci\u00f3n del I Congreso Internacional, en el que participar\u00e1n m\u00e1s de 400 expertos - AREA LORCA RADIO","robots":{"index":"index","follow":"follow","max-snippet":"max-snippet:-1","max-image-preview":"max-image-preview:large","max-video-preview":"max-video-preview:-1"},"canonical":"https:\/\/arealorcaradio.es\/index.php\/2024\/10\/17\/lorca-sera-referente-mundial-en-atencion-temprana-este-noviembre-con-la-celebracion-del-i-congreso-internacional-en-el-que-participaran-mas-de-400-expertos\/","og_locale":"es_ES","og_type":"article","og_title":"Lorca ser\u00e1 referente mundial en Atenci\u00f3n Temprana este noviembre con la celebraci\u00f3n del I Congreso Internacional, en el que participar\u00e1n m\u00e1s de 400 expertos - AREA LORCA RADIO","og_description":"\u00c1REA LORCA RADIO. Escucha aqu\u00ed la entrevista que ha concedido a Paco S\u00e1nchez en el magazine \u00c1rea Lorca Actualidad, el director del Centro de Atenci\u00f3n Temprana \u00abFina Navarro\u00bb de Lorca, Francisco Javier Fern\u00e1ndez Rego. Lorca, 17 de octubre de 2024.\u00a0Lorca acoger\u00e1 los pr\u00f3ximos 8 y 9 de noviembre el XIV Congreso Nacional y I Internacional [&hellip;]","og_url":"https:\/\/arealorcaradio.es\/index.php\/2024\/10\/17\/lorca-sera-referente-mundial-en-atencion-temprana-este-noviembre-con-la-celebracion-del-i-congreso-internacional-en-el-que-participaran-mas-de-400-expertos\/","og_site_name":"AREA LORCA RADIO","article_published_time":"2024-10-17T17:00:51+00:00","og_image":[{"width":2560,"height":1920,"url":"https:\/\/arealorcaradio.es\/wp-content\/uploads\/2024\/10\/20241017_181819-scaled.jpg","type":"image\/jpeg"}],"author":"Paco S\u00e1nchez","twitter_card":"summary_large_image","twitter_misc":{"Escrito por":"Paco S\u00e1nchez","Tiempo de lectura":"4 minutos"},"schema":{"@context":"https:\/\/schema.org","@graph":[{"@type":"Article","@id":"https:\/\/arealorcaradio.es\/index.php\/2024\/10\/17\/lorca-sera-referente-mundial-en-atencion-temprana-este-noviembre-con-la-celebracion-del-i-congreso-internacional-en-el-que-participaran-mas-de-400-expertos\/#article","isPartOf":{"@id":"https:\/\/arealorcaradio.es\/index.php\/2024\/10\/17\/lorca-sera-referente-mundial-en-atencion-temprana-este-noviembre-con-la-celebracion-del-i-congreso-internacional-en-el-que-participaran-mas-de-400-expertos\/"},"author":{"name":"Paco S\u00e1nchez","@id":"https:\/\/arealorcaradio.es\/#\/schema\/person\/9fae605fc25b0f2c83c1ab207139bd27"},"headline":"Lorca ser\u00e1 referente mundial en Atenci\u00f3n Temprana este noviembre con la celebraci\u00f3n del I Congreso Internacional, en el que participar\u00e1n m\u00e1s de 400 expertos","datePublished":"2024-10-17T17:00:51+00:00","mainEntityOfPage":{"@id":"https:\/\/arealorcaradio.es\/index.php\/2024\/10\/17\/lorca-sera-referente-mundial-en-atencion-temprana-este-noviembre-con-la-celebracion-del-i-congreso-internacional-en-el-que-participaran-mas-de-400-expertos\/"},"wordCount":897,"commentCount":0,"image":{"@id":"https:\/\/arealorcaradio.es\/index.php\/2024\/10\/17\/lorca-sera-referente-mundial-en-atencion-temprana-este-noviembre-con-la-celebracion-del-i-congreso-internacional-en-el-que-participaran-mas-de-400-expertos\/#primaryimage"},"thumbnailUrl":"https:\/\/arealorcaradio.es\/wp-content\/uploads\/2024\/10\/20241017_181819-scaled.jpg","articleSection":["ACTUALIDAD","LORCA"],"inLanguage":"es","potentialAction":[{"@type":"CommentAction","name":"Comment","target":["https:\/\/arealorcaradio.es\/index.php\/2024\/10\/17\/lorca-sera-referente-mundial-en-atencion-temprana-este-noviembre-con-la-celebracion-del-i-congreso-internacional-en-el-que-participaran-mas-de-400-expertos\/#respond"]}]},{"@type":"WebPage","@id":"https:\/\/arealorcaradio.es\/index.php\/2024\/10\/17\/lorca-sera-referente-mundial-en-atencion-temprana-este-noviembre-con-la-celebracion-del-i-congreso-internacional-en-el-que-participaran-mas-de-400-expertos\/","url":"https:\/\/arealorcaradio.es\/index.php\/2024\/10\/17\/lorca-sera-referente-mundial-en-atencion-temprana-este-noviembre-con-la-celebracion-del-i-congreso-internacional-en-el-que-participaran-mas-de-400-expertos\/","name":"Lorca ser\u00e1 referente mundial en Atenci\u00f3n Temprana este noviembre con la celebraci\u00f3n del I Congreso Internacional, en el que participar\u00e1n m\u00e1s de 400 expertos - AREA LORCA RADIO","isPartOf":{"@id":"https:\/\/arealorcaradio.es\/#website"},"primaryImageOfPage":{"@id":"https:\/\/arealorcaradio.es\/index.php\/2024\/10\/17\/lorca-sera-referente-mundial-en-atencion-temprana-este-noviembre-con-la-celebracion-del-i-congreso-internacional-en-el-que-participaran-mas-de-400-expertos\/#primaryimage"},"image":{"@id":"https:\/\/arealorcaradio.es\/index.php\/2024\/10\/17\/lorca-sera-referente-mundial-en-atencion-temprana-este-noviembre-con-la-celebracion-del-i-congreso-internacional-en-el-que-participaran-mas-de-400-expertos\/#primaryimage"},"thumbnailUrl":"https:\/\/arealorcaradio.es\/wp-content\/uploads\/2024\/10\/20241017_181819-scaled.jpg","datePublished":"2024-10-17T17:00:51+00:00","author":{"@id":"https:\/\/arealorcaradio.es\/#\/schema\/person\/9fae605fc25b0f2c83c1ab207139bd27"},"breadcrumb":{"@id":"https:\/\/arealorcaradio.es\/index.php\/2024\/10\/17\/lorca-sera-referente-mundial-en-atencion-temprana-este-noviembre-con-la-celebracion-del-i-congreso-internacional-en-el-que-participaran-mas-de-400-expertos\/#breadcrumb"},"inLanguage":"es","potentialAction":[{"@type":"ReadAction","target":["https:\/\/arealorcaradio.es\/index.php\/2024\/10\/17\/lorca-sera-referente-mundial-en-atencion-temprana-este-noviembre-con-la-celebracion-del-i-congreso-internacional-en-el-que-participaran-mas-de-400-expertos\/"]}]},{"@type":"ImageObject","inLanguage":"es","@id":"https:\/\/arealorcaradio.es\/index.php\/2024\/10\/17\/lorca-sera-referente-mundial-en-atencion-temprana-este-noviembre-con-la-celebracion-del-i-congreso-internacional-en-el-que-participaran-mas-de-400-expertos\/#primaryimage","url":"https:\/\/arealorcaradio.es\/wp-content\/uploads\/2024\/10\/20241017_181819-scaled.jpg","contentUrl":"https:\/\/arealorcaradio.es\/wp-content\/uploads\/2024\/10\/20241017_181819-scaled.jpg","width":2560,"height":1920},{"@type":"BreadcrumbList","@id":"https:\/\/arealorcaradio.es\/index.php\/2024\/10\/17\/lorca-sera-referente-mundial-en-atencion-temprana-este-noviembre-con-la-celebracion-del-i-congreso-internacional-en-el-que-participaran-mas-de-400-expertos\/#breadcrumb","itemListElement":[{"@type":"ListItem","position":1,"name":"Portada","item":"https:\/\/arealorcaradio.es\/"},{"@type":"ListItem","position":2,"name":"Lorca ser\u00e1 referente mundial en Atenci\u00f3n Temprana este noviembre con la celebraci\u00f3n del I Congreso Internacional, en el que participar\u00e1n m\u00e1s de 400 expertos"}]},{"@type":"WebSite","@id":"https:\/\/arealorcaradio.es\/#website","url":"https:\/\/arealorcaradio.es\/","name":"AREA LORCA RADIO","description":"Descubre la programaci\u00f3n actual en \u00c1rea Lorca Radio, tu fuente de entrenamiento y noticias locales. Sintoniza ahora y mantente conectado online.","potentialAction":[{"@type":"SearchAction","target":{"@type":"EntryPoint","urlTemplate":"https:\/\/arealorcaradio.es\/?s={search_term_string}"},"query-input":{"@type":"PropertyValueSpecification","valueRequired":true,"valueName":"search_term_string"}}],"inLanguage":"es"},{"@type":"Person","@id":"https:\/\/arealorcaradio.es\/#\/schema\/person\/9fae605fc25b0f2c83c1ab207139bd27","name":"Paco S\u00e1nchez","image":{"@type":"ImageObject","inLanguage":"es","@id":"https:\/\/secure.gravatar.com\/avatar\/d67144e966420fb74aa84c9f2a0103be4724fd14db52b52d3b6bca749f257e79?s=96&d=mm&r=g","url":"https:\/\/secure.gravatar.com\/avatar\/d67144e966420fb74aa84c9f2a0103be4724fd14db52b52d3b6bca749f257e79?s=96&d=mm&r=g","contentUrl":"https:\/\/secure.gravatar.com\/avatar\/d67144e966420fb74aa84c9f2a0103be4724fd14db52b52d3b6bca749f257e79?s=96&d=mm&r=g","caption":"Paco S\u00e1nchez"},"sameAs":["https:\/\/arealorcaradio.es"],"url":"https:\/\/arealorcaradio.es\/index.php\/author\/admin_alorcaradio\/"}]}},"_links":{"self":[{"href":"https:\/\/arealorcaradio.es\/index.php\/wp-json\/wp\/v2\/posts\/4367","targetHints":{"allow":["GET"]}}],"collection":[{"href":"https:\/\/arealorcaradio.es\/index.php\/wp-json\/wp\/v2\/posts"}],"about":[{"href":"https:\/\/arealorcaradio.es\/index.php\/wp-json\/wp\/v2\/types\/post"}],"author":[{"embeddable":true,"href":"https:\/\/arealorcaradio.es\/index.php\/wp-json\/wp\/v2\/users\/1"}],"replies":[{"embeddable":true,"href":"https:\/\/arealorcaradio.es\/index.php\/wp-json\/wp\/v2\/comments?post=4367"}],"version-history":[{"count":2,"href":"https:\/\/arealorcaradio.es\/index.php\/wp-json\/wp\/v2\/posts\/4367\/revisions"}],"predecessor-version":[{"id":4373,"href":"https:\/\/arealorcaradio.es\/index.php\/wp-json\/wp\/v2\/posts\/4367\/revisions\/4373"}],"wp:featuredmedia":[{"embeddable":true,"href":"https:\/\/arealorcaradio.es\/index.php\/wp-json\/wp\/v2\/media\/4371"}],"wp:attachment":[{"href":"https:\/\/arealorcaradio.es\/index.php\/wp-json\/wp\/v2\/media?parent=4367"}],"wp:term":[{"taxonomy":"category","embeddable":true,"href":"https:\/\/arealorcaradio.es\/index.php\/wp-json\/wp\/v2\/categories?post=4367"},{"taxonomy":"post_tag","embeddable":true,"href":"https:\/\/arealorcaradio.es\/index.php\/wp-json\/wp\/v2\/tags?post=4367"}],"curies":[{"name":"wp","href":"https:\/\/api.w.org\/{rel}","templated":true}]}}