{"id":4359,"date":"2024-10-17T17:01:10","date_gmt":"2024-10-17T17:01:10","guid":{"rendered":"https:\/\/arealorcaradio.es\/?p=4359"},"modified":"2024-10-17T17:01:10","modified_gmt":"2024-10-17T17:01:10","slug":"el-comercio-de-lorca-organiza-un-desfile-solidario-a-beneficio-de-la-asociacion-mi-princesa-rett","status":"publish","type":"post","link":"https:\/\/arealorcaradio.es\/index.php\/2024\/10\/17\/el-comercio-de-lorca-organiza-un-desfile-solidario-a-beneficio-de-la-asociacion-mi-princesa-rett\/","title":{"rendered":"El comercio de Lorca organiza un desfile solidario a beneficio de la Asociaci\u00f3n Mi Princesa Rett"},"content":{"rendered":"<p><strong>\u00c1REA LORCA RADIO.<\/strong><\/p>\n<p>Escucha aqu\u00ed la entrevista que han concedido a Paco S\u00e1nchez en el magazine \u00c1rea Lorca Actualidad, el delegado de Levante de la Asociaci\u00f3n Mi Princesa Rett, Daniel Garc\u00eda y la organizadora del desfile y representante de dos de los diez comercios que participan, M\u00f3nica Navarro Morenilla. Ambos cuentan interesantes detalles sobre el desfile, dise\u00f1adores, modelos y mucho m\u00e1s.<\/p>\n<audio class=\"wp-audio-shortcode\" id=\"audio-4359-1\" preload=\"none\" style=\"width: 100%;\" controls=\"controls\"><source type=\"audio\/mpeg\" src=\"https:\/\/arealorcaradio.es\/wp-content\/uploads\/2024\/10\/171024-DANIEL-GARCIA-Y-MONICA-NAVARRO.-DESFILE-MODA.mp3?_=1\" \/><a href=\"https:\/\/arealorcaradio.es\/wp-content\/uploads\/2024\/10\/171024-DANIEL-GARCIA-Y-MONICA-NAVARRO.-DESFILE-MODA.mp3\">https:\/\/arealorcaradio.es\/wp-content\/uploads\/2024\/10\/171024-DANIEL-GARCIA-Y-MONICA-NAVARRO.-DESFILE-MODA.mp3<\/a><\/audio>\n<p class=\"v1MsoNormal\"><b><img loading=\"lazy\" decoding=\"async\" class=\"alignnone size-medium wp-image-4361\" src=\"https:\/\/arealorcaradio.es\/wp-content\/uploads\/2024\/10\/20241017_163344-300x225.jpg\" alt=\"\" width=\"300\" height=\"225\" srcset=\"https:\/\/arealorcaradio.es\/wp-content\/uploads\/2024\/10\/20241017_163344-300x225.jpg 300w, https:\/\/arealorcaradio.es\/wp-content\/uploads\/2024\/10\/20241017_163344-1024x768.jpg 1024w, https:\/\/arealorcaradio.es\/wp-content\/uploads\/2024\/10\/20241017_163344-768x576.jpg 768w, https:\/\/arealorcaradio.es\/wp-content\/uploads\/2024\/10\/20241017_163344-1536x1152.jpg 1536w, https:\/\/arealorcaradio.es\/wp-content\/uploads\/2024\/10\/20241017_163344-2048x1536.jpg 2048w, https:\/\/arealorcaradio.es\/wp-content\/uploads\/2024\/10\/20241017_163344-86x64.jpg 86w\" sizes=\"auto, (max-width: 300px) 100vw, 300px\" \/> \u00a0<img loading=\"lazy\" decoding=\"async\" class=\"alignnone size-medium wp-image-4362\" src=\"https:\/\/arealorcaradio.es\/wp-content\/uploads\/2024\/10\/20241017_163231-300x225.jpg\" alt=\"\" width=\"300\" height=\"225\" srcset=\"https:\/\/arealorcaradio.es\/wp-content\/uploads\/2024\/10\/20241017_163231-300x225.jpg 300w, https:\/\/arealorcaradio.es\/wp-content\/uploads\/2024\/10\/20241017_163231-1024x768.jpg 1024w, https:\/\/arealorcaradio.es\/wp-content\/uploads\/2024\/10\/20241017_163231-768x576.jpg 768w, https:\/\/arealorcaradio.es\/wp-content\/uploads\/2024\/10\/20241017_163231-1536x1152.jpg 1536w, https:\/\/arealorcaradio.es\/wp-content\/uploads\/2024\/10\/20241017_163231-2048x1536.jpg 2048w, https:\/\/arealorcaradio.es\/wp-content\/uploads\/2024\/10\/20241017_163231-86x64.jpg 86w\" sizes=\"auto, (max-width: 300px) 100vw, 300px\" \/><\/b><\/p>\n<p class=\"v1MsoNormal\"><b>Lorca, 17 de octubre de 2024<\/b>. La celebraci\u00f3n de este desfile de moda solidario esta organizado por una decena de comercios locales, en colaboraci\u00f3n con el Ayuntamiento, y bajo la coordinaci\u00f3n de la experta M\u00f3nica Navarro Morenilla, a beneficio de la Asociaci\u00f3n Mi Princesa Rett, que tendr\u00e1 lugar el pr\u00f3ximo 24 de octubre, a las 20:30 horas, en el Palacete del Huerto Ruano.<\/p>\n<p class=\"v1MsoNormal\">Las empresas participantes son seis comercios de ropa y complementos, dos \u00f3pticas y una peluquer\u00eda: Mi\u00f1arro, Backstage, Ins\u00f3lita,Topaz, Mar\u00eda Ferlu, 5th Avenue, Modimela, \u00d3pticas Visi\u00f3n Lorca, Lo veo, Peluquer\u00eda Charo Nicol\u00e1s.<\/p>\n<p class=\"v1MsoNormal\">El desfile estar\u00e1 presentado por Jes\u00fas J\u00f3dar y la velada ser\u00e1 amenizada por el grupo Ayer, hoy siempre. Contar\u00e1 con aforo limitado, 350 localidades, entre interior y exterior y estar\u00e1 guiado por una de las mejores agencias de modelaje de la Regi\u00f3n de Murcia, Rocher Models, bajo la pautas de su directora Rosi Carrasco, siendo un total de 20 modelos las que den vida a los art\u00edculos de la muestra. Y al final del evento, con el n\u00famero de entrada, los asistentes tendr\u00e1n la opci\u00f3n de participar en un sorteo de los regalos de las tiendas participantes.<\/p>\n<p class=\"v1MsoNormal\">Las localidades ya se pueden adquirir en los propios comercios, por un precio de 10 euros; habiendo tambi\u00e9n disponible una &#8216;fila 0&#8217; para todos aquellos que deseen contribuir pero no puedan asistir: ES13 2100 1982 8202 0059 8373.<\/p>\n<p class=\"v1MsoNormal\">Cabe destacar que la cita contar\u00e1, como broche de oro, con la presencia especial de reconocidos dise\u00f1adores de la Regi\u00f3n de Murcia, como Fernando Aliaga, Ruth Durendez, Estefan\u00eda Francisco, Ana Dom\u00ednguez, Juan Mart\u00ednez y Charo Romero, que presentar\u00e1n sus nuevas colecciones, adem\u00e1s de Natalia Buitrago, Miss Universo Murcia 2024.<\/p>\n<p>&nbsp;<\/p>\n","protected":false},"excerpt":{"rendered":"<p>\u00c1REA LORCA RADIO. Escucha aqu\u00ed la entrevista que han concedido a Paco S\u00e1nchez en el magazine \u00c1rea Lorca Actualidad, el delegado de Levante de la Asociaci\u00f3n Mi Princesa Rett, Daniel Garc\u00eda y la organizadora del desfile y representante de dos de los diez comercios que participan, M\u00f3nica Navarro Morenilla. Ambos cuentan interesantes detalles sobre el [&hellip;]<\/p>\n","protected":false},"author":1,"featured_media":4363,"comment_status":"open","ping_status":"open","sticky":false,"template":"","format":"standard","meta":{"iawp_total_views":69,"footnotes":""},"categories":[5,7],"tags":[],"class_list":["post-4359","post","type-post","status-publish","format-standard","has-post-thumbnail","hentry","category-actualidad","category-lorca"],"yoast_head":"<!-- This site is optimized with the Yoast SEO plugin v27.5 - https:\/\/yoast.com\/product\/yoast-seo-wordpress\/ -->\n<title>El comercio de Lorca organiza un desfile solidario a beneficio de la Asociaci\u00f3n Mi Princesa Rett - AREA LORCA RADIO<\/title>\n<meta name=\"robots\" content=\"index, follow, max-snippet:-1, max-image-preview:large, max-video-preview:-1\" \/>\n<link rel=\"canonical\" href=\"https:\/\/arealorcaradio.es\/index.php\/2024\/10\/17\/el-comercio-de-lorca-organiza-un-desfile-solidario-a-beneficio-de-la-asociacion-mi-princesa-rett\/\" \/>\n<meta property=\"og:locale\" content=\"es_ES\" \/>\n<meta property=\"og:type\" content=\"article\" \/>\n<meta property=\"og:title\" content=\"El comercio de Lorca organiza un desfile solidario a beneficio de la Asociaci\u00f3n Mi Princesa Rett - AREA LORCA RADIO\" \/>\n<meta property=\"og:description\" content=\"\u00c1REA LORCA RADIO. Escucha aqu\u00ed la entrevista que han concedido a Paco S\u00e1nchez en el magazine \u00c1rea Lorca Actualidad, el delegado de Levante de la Asociaci\u00f3n Mi Princesa Rett, Daniel Garc\u00eda y la organizadora del desfile y representante de dos de los diez comercios que participan, M\u00f3nica Navarro Morenilla. Ambos cuentan interesantes detalles sobre el [&hellip;]\" \/>\n<meta property=\"og:url\" content=\"https:\/\/arealorcaradio.es\/index.php\/2024\/10\/17\/el-comercio-de-lorca-organiza-un-desfile-solidario-a-beneficio-de-la-asociacion-mi-princesa-rett\/\" \/>\n<meta property=\"og:site_name\" content=\"AREA LORCA RADIO\" \/>\n<meta property=\"article:published_time\" content=\"2024-10-17T17:01:10+00:00\" \/>\n<meta property=\"og:image\" content=\"https:\/\/arealorcaradio.es\/wp-content\/uploads\/2024\/10\/20241017_163157-scaled.jpg\" \/>\n\t<meta property=\"og:image:width\" content=\"2560\" \/>\n\t<meta property=\"og:image:height\" content=\"1920\" \/>\n\t<meta property=\"og:image:type\" content=\"image\/jpeg\" \/>\n<meta name=\"author\" content=\"Paco S\u00e1nchez\" \/>\n<meta name=\"twitter:card\" content=\"summary_large_image\" \/>\n<meta name=\"twitter:label1\" content=\"Escrito por\" \/>\n\t<meta name=\"twitter:data1\" content=\"Paco S\u00e1nchez\" \/>\n\t<meta name=\"twitter:label2\" content=\"Tiempo de lectura\" \/>\n\t<meta name=\"twitter:data2\" content=\"3 minutos\" \/>\n<script type=\"application\/ld+json\" class=\"yoast-schema-graph\">{\"@context\":\"https:\\\/\\\/schema.org\",\"@graph\":[{\"@type\":\"Article\",\"@id\":\"https:\\\/\\\/arealorcaradio.es\\\/index.php\\\/2024\\\/10\\\/17\\\/el-comercio-de-lorca-organiza-un-desfile-solidario-a-beneficio-de-la-asociacion-mi-princesa-rett\\\/#article\",\"isPartOf\":{\"@id\":\"https:\\\/\\\/arealorcaradio.es\\\/index.php\\\/2024\\\/10\\\/17\\\/el-comercio-de-lorca-organiza-un-desfile-solidario-a-beneficio-de-la-asociacion-mi-princesa-rett\\\/\"},\"author\":{\"name\":\"Paco S\u00e1nchez\",\"@id\":\"https:\\\/\\\/arealorcaradio.es\\\/#\\\/schema\\\/person\\\/9fae605fc25b0f2c83c1ab207139bd27\"},\"headline\":\"El comercio de Lorca organiza un desfile solidario a beneficio de la Asociaci\u00f3n Mi Princesa Rett\",\"datePublished\":\"2024-10-17T17:01:10+00:00\",\"mainEntityOfPage\":{\"@id\":\"https:\\\/\\\/arealorcaradio.es\\\/index.php\\\/2024\\\/10\\\/17\\\/el-comercio-de-lorca-organiza-un-desfile-solidario-a-beneficio-de-la-asociacion-mi-princesa-rett\\\/\"},\"wordCount\":389,\"commentCount\":0,\"image\":{\"@id\":\"https:\\\/\\\/arealorcaradio.es\\\/index.php\\\/2024\\\/10\\\/17\\\/el-comercio-de-lorca-organiza-un-desfile-solidario-a-beneficio-de-la-asociacion-mi-princesa-rett\\\/#primaryimage\"},\"thumbnailUrl\":\"https:\\\/\\\/arealorcaradio.es\\\/wp-content\\\/uploads\\\/2024\\\/10\\\/20241017_163157-scaled.jpg\",\"articleSection\":[\"ACTUALIDAD\",\"LORCA\"],\"inLanguage\":\"es\",\"potentialAction\":[{\"@type\":\"CommentAction\",\"name\":\"Comment\",\"target\":[\"https:\\\/\\\/arealorcaradio.es\\\/index.php\\\/2024\\\/10\\\/17\\\/el-comercio-de-lorca-organiza-un-desfile-solidario-a-beneficio-de-la-asociacion-mi-princesa-rett\\\/#respond\"]}]},{\"@type\":\"WebPage\",\"@id\":\"https:\\\/\\\/arealorcaradio.es\\\/index.php\\\/2024\\\/10\\\/17\\\/el-comercio-de-lorca-organiza-un-desfile-solidario-a-beneficio-de-la-asociacion-mi-princesa-rett\\\/\",\"url\":\"https:\\\/\\\/arealorcaradio.es\\\/index.php\\\/2024\\\/10\\\/17\\\/el-comercio-de-lorca-organiza-un-desfile-solidario-a-beneficio-de-la-asociacion-mi-princesa-rett\\\/\",\"name\":\"El comercio de Lorca organiza un desfile solidario a beneficio de la Asociaci\u00f3n Mi Princesa Rett - AREA LORCA RADIO\",\"isPartOf\":{\"@id\":\"https:\\\/\\\/arealorcaradio.es\\\/#website\"},\"primaryImageOfPage\":{\"@id\":\"https:\\\/\\\/arealorcaradio.es\\\/index.php\\\/2024\\\/10\\\/17\\\/el-comercio-de-lorca-organiza-un-desfile-solidario-a-beneficio-de-la-asociacion-mi-princesa-rett\\\/#primaryimage\"},\"image\":{\"@id\":\"https:\\\/\\\/arealorcaradio.es\\\/index.php\\\/2024\\\/10\\\/17\\\/el-comercio-de-lorca-organiza-un-desfile-solidario-a-beneficio-de-la-asociacion-mi-princesa-rett\\\/#primaryimage\"},\"thumbnailUrl\":\"https:\\\/\\\/arealorcaradio.es\\\/wp-content\\\/uploads\\\/2024\\\/10\\\/20241017_163157-scaled.jpg\",\"datePublished\":\"2024-10-17T17:01:10+00:00\",\"author\":{\"@id\":\"https:\\\/\\\/arealorcaradio.es\\\/#\\\/schema\\\/person\\\/9fae605fc25b0f2c83c1ab207139bd27\"},\"breadcrumb\":{\"@id\":\"https:\\\/\\\/arealorcaradio.es\\\/index.php\\\/2024\\\/10\\\/17\\\/el-comercio-de-lorca-organiza-un-desfile-solidario-a-beneficio-de-la-asociacion-mi-princesa-rett\\\/#breadcrumb\"},\"inLanguage\":\"es\",\"potentialAction\":[{\"@type\":\"ReadAction\",\"target\":[\"https:\\\/\\\/arealorcaradio.es\\\/index.php\\\/2024\\\/10\\\/17\\\/el-comercio-de-lorca-organiza-un-desfile-solidario-a-beneficio-de-la-asociacion-mi-princesa-rett\\\/\"]}]},{\"@type\":\"ImageObject\",\"inLanguage\":\"es\",\"@id\":\"https:\\\/\\\/arealorcaradio.es\\\/index.php\\\/2024\\\/10\\\/17\\\/el-comercio-de-lorca-organiza-un-desfile-solidario-a-beneficio-de-la-asociacion-mi-princesa-rett\\\/#primaryimage\",\"url\":\"https:\\\/\\\/arealorcaradio.es\\\/wp-content\\\/uploads\\\/2024\\\/10\\\/20241017_163157-scaled.jpg\",\"contentUrl\":\"https:\\\/\\\/arealorcaradio.es\\\/wp-content\\\/uploads\\\/2024\\\/10\\\/20241017_163157-scaled.jpg\",\"width\":2560,\"height\":1920},{\"@type\":\"BreadcrumbList\",\"@id\":\"https:\\\/\\\/arealorcaradio.es\\\/index.php\\\/2024\\\/10\\\/17\\\/el-comercio-de-lorca-organiza-un-desfile-solidario-a-beneficio-de-la-asociacion-mi-princesa-rett\\\/#breadcrumb\",\"itemListElement\":[{\"@type\":\"ListItem\",\"position\":1,\"name\":\"Portada\",\"item\":\"https:\\\/\\\/arealorcaradio.es\\\/\"},{\"@type\":\"ListItem\",\"position\":2,\"name\":\"El comercio de Lorca organiza un desfile solidario a beneficio de la Asociaci\u00f3n Mi Princesa Rett\"}]},{\"@type\":\"WebSite\",\"@id\":\"https:\\\/\\\/arealorcaradio.es\\\/#website\",\"url\":\"https:\\\/\\\/arealorcaradio.es\\\/\",\"name\":\"AREA LORCA RADIO\",\"description\":\"Descubre la programaci\u00f3n actual en \u00c1rea Lorca Radio, tu fuente de entrenamiento y noticias locales. Sintoniza ahora y mantente conectado online.\",\"potentialAction\":[{\"@type\":\"SearchAction\",\"target\":{\"@type\":\"EntryPoint\",\"urlTemplate\":\"https:\\\/\\\/arealorcaradio.es\\\/?s={search_term_string}\"},\"query-input\":{\"@type\":\"PropertyValueSpecification\",\"valueRequired\":true,\"valueName\":\"search_term_string\"}}],\"inLanguage\":\"es\"},{\"@type\":\"Person\",\"@id\":\"https:\\\/\\\/arealorcaradio.es\\\/#\\\/schema\\\/person\\\/9fae605fc25b0f2c83c1ab207139bd27\",\"name\":\"Paco S\u00e1nchez\",\"image\":{\"@type\":\"ImageObject\",\"inLanguage\":\"es\",\"@id\":\"https:\\\/\\\/secure.gravatar.com\\\/avatar\\\/d67144e966420fb74aa84c9f2a0103be4724fd14db52b52d3b6bca749f257e79?s=96&d=mm&r=g\",\"url\":\"https:\\\/\\\/secure.gravatar.com\\\/avatar\\\/d67144e966420fb74aa84c9f2a0103be4724fd14db52b52d3b6bca749f257e79?s=96&d=mm&r=g\",\"contentUrl\":\"https:\\\/\\\/secure.gravatar.com\\\/avatar\\\/d67144e966420fb74aa84c9f2a0103be4724fd14db52b52d3b6bca749f257e79?s=96&d=mm&r=g\",\"caption\":\"Paco S\u00e1nchez\"},\"sameAs\":[\"https:\\\/\\\/arealorcaradio.es\"],\"url\":\"https:\\\/\\\/arealorcaradio.es\\\/index.php\\\/author\\\/admin_alorcaradio\\\/\"}]}<\/script>\n<!-- \/ Yoast SEO plugin. -->","yoast_head_json":{"title":"El comercio de Lorca organiza un desfile solidario a beneficio de la Asociaci\u00f3n Mi Princesa Rett - AREA LORCA RADIO","robots":{"index":"index","follow":"follow","max-snippet":"max-snippet:-1","max-image-preview":"max-image-preview:large","max-video-preview":"max-video-preview:-1"},"canonical":"https:\/\/arealorcaradio.es\/index.php\/2024\/10\/17\/el-comercio-de-lorca-organiza-un-desfile-solidario-a-beneficio-de-la-asociacion-mi-princesa-rett\/","og_locale":"es_ES","og_type":"article","og_title":"El comercio de Lorca organiza un desfile solidario a beneficio de la Asociaci\u00f3n Mi Princesa Rett - AREA LORCA RADIO","og_description":"\u00c1REA LORCA RADIO. Escucha aqu\u00ed la entrevista que han concedido a Paco S\u00e1nchez en el magazine \u00c1rea Lorca Actualidad, el delegado de Levante de la Asociaci\u00f3n Mi Princesa Rett, Daniel Garc\u00eda y la organizadora del desfile y representante de dos de los diez comercios que participan, M\u00f3nica Navarro Morenilla. Ambos cuentan interesantes detalles sobre el [&hellip;]","og_url":"https:\/\/arealorcaradio.es\/index.php\/2024\/10\/17\/el-comercio-de-lorca-organiza-un-desfile-solidario-a-beneficio-de-la-asociacion-mi-princesa-rett\/","og_site_name":"AREA LORCA RADIO","article_published_time":"2024-10-17T17:01:10+00:00","og_image":[{"width":2560,"height":1920,"url":"https:\/\/arealorcaradio.es\/wp-content\/uploads\/2024\/10\/20241017_163157-scaled.jpg","type":"image\/jpeg"}],"author":"Paco S\u00e1nchez","twitter_card":"summary_large_image","twitter_misc":{"Escrito por":"Paco S\u00e1nchez","Tiempo de lectura":"3 minutos"},"schema":{"@context":"https:\/\/schema.org","@graph":[{"@type":"Article","@id":"https:\/\/arealorcaradio.es\/index.php\/2024\/10\/17\/el-comercio-de-lorca-organiza-un-desfile-solidario-a-beneficio-de-la-asociacion-mi-princesa-rett\/#article","isPartOf":{"@id":"https:\/\/arealorcaradio.es\/index.php\/2024\/10\/17\/el-comercio-de-lorca-organiza-un-desfile-solidario-a-beneficio-de-la-asociacion-mi-princesa-rett\/"},"author":{"name":"Paco S\u00e1nchez","@id":"https:\/\/arealorcaradio.es\/#\/schema\/person\/9fae605fc25b0f2c83c1ab207139bd27"},"headline":"El comercio de Lorca organiza un desfile solidario a beneficio de la Asociaci\u00f3n Mi Princesa Rett","datePublished":"2024-10-17T17:01:10+00:00","mainEntityOfPage":{"@id":"https:\/\/arealorcaradio.es\/index.php\/2024\/10\/17\/el-comercio-de-lorca-organiza-un-desfile-solidario-a-beneficio-de-la-asociacion-mi-princesa-rett\/"},"wordCount":389,"commentCount":0,"image":{"@id":"https:\/\/arealorcaradio.es\/index.php\/2024\/10\/17\/el-comercio-de-lorca-organiza-un-desfile-solidario-a-beneficio-de-la-asociacion-mi-princesa-rett\/#primaryimage"},"thumbnailUrl":"https:\/\/arealorcaradio.es\/wp-content\/uploads\/2024\/10\/20241017_163157-scaled.jpg","articleSection":["ACTUALIDAD","LORCA"],"inLanguage":"es","potentialAction":[{"@type":"CommentAction","name":"Comment","target":["https:\/\/arealorcaradio.es\/index.php\/2024\/10\/17\/el-comercio-de-lorca-organiza-un-desfile-solidario-a-beneficio-de-la-asociacion-mi-princesa-rett\/#respond"]}]},{"@type":"WebPage","@id":"https:\/\/arealorcaradio.es\/index.php\/2024\/10\/17\/el-comercio-de-lorca-organiza-un-desfile-solidario-a-beneficio-de-la-asociacion-mi-princesa-rett\/","url":"https:\/\/arealorcaradio.es\/index.php\/2024\/10\/17\/el-comercio-de-lorca-organiza-un-desfile-solidario-a-beneficio-de-la-asociacion-mi-princesa-rett\/","name":"El comercio de Lorca organiza un desfile solidario a beneficio de la Asociaci\u00f3n Mi Princesa Rett - AREA LORCA RADIO","isPartOf":{"@id":"https:\/\/arealorcaradio.es\/#website"},"primaryImageOfPage":{"@id":"https:\/\/arealorcaradio.es\/index.php\/2024\/10\/17\/el-comercio-de-lorca-organiza-un-desfile-solidario-a-beneficio-de-la-asociacion-mi-princesa-rett\/#primaryimage"},"image":{"@id":"https:\/\/arealorcaradio.es\/index.php\/2024\/10\/17\/el-comercio-de-lorca-organiza-un-desfile-solidario-a-beneficio-de-la-asociacion-mi-princesa-rett\/#primaryimage"},"thumbnailUrl":"https:\/\/arealorcaradio.es\/wp-content\/uploads\/2024\/10\/20241017_163157-scaled.jpg","datePublished":"2024-10-17T17:01:10+00:00","author":{"@id":"https:\/\/arealorcaradio.es\/#\/schema\/person\/9fae605fc25b0f2c83c1ab207139bd27"},"breadcrumb":{"@id":"https:\/\/arealorcaradio.es\/index.php\/2024\/10\/17\/el-comercio-de-lorca-organiza-un-desfile-solidario-a-beneficio-de-la-asociacion-mi-princesa-rett\/#breadcrumb"},"inLanguage":"es","potentialAction":[{"@type":"ReadAction","target":["https:\/\/arealorcaradio.es\/index.php\/2024\/10\/17\/el-comercio-de-lorca-organiza-un-desfile-solidario-a-beneficio-de-la-asociacion-mi-princesa-rett\/"]}]},{"@type":"ImageObject","inLanguage":"es","@id":"https:\/\/arealorcaradio.es\/index.php\/2024\/10\/17\/el-comercio-de-lorca-organiza-un-desfile-solidario-a-beneficio-de-la-asociacion-mi-princesa-rett\/#primaryimage","url":"https:\/\/arealorcaradio.es\/wp-content\/uploads\/2024\/10\/20241017_163157-scaled.jpg","contentUrl":"https:\/\/arealorcaradio.es\/wp-content\/uploads\/2024\/10\/20241017_163157-scaled.jpg","width":2560,"height":1920},{"@type":"BreadcrumbList","@id":"https:\/\/arealorcaradio.es\/index.php\/2024\/10\/17\/el-comercio-de-lorca-organiza-un-desfile-solidario-a-beneficio-de-la-asociacion-mi-princesa-rett\/#breadcrumb","itemListElement":[{"@type":"ListItem","position":1,"name":"Portada","item":"https:\/\/arealorcaradio.es\/"},{"@type":"ListItem","position":2,"name":"El comercio de Lorca organiza un desfile solidario a beneficio de la Asociaci\u00f3n Mi Princesa Rett"}]},{"@type":"WebSite","@id":"https:\/\/arealorcaradio.es\/#website","url":"https:\/\/arealorcaradio.es\/","name":"AREA LORCA RADIO","description":"Descubre la programaci\u00f3n actual en \u00c1rea Lorca Radio, tu fuente de entrenamiento y noticias locales. Sintoniza ahora y mantente conectado online.","potentialAction":[{"@type":"SearchAction","target":{"@type":"EntryPoint","urlTemplate":"https:\/\/arealorcaradio.es\/?s={search_term_string}"},"query-input":{"@type":"PropertyValueSpecification","valueRequired":true,"valueName":"search_term_string"}}],"inLanguage":"es"},{"@type":"Person","@id":"https:\/\/arealorcaradio.es\/#\/schema\/person\/9fae605fc25b0f2c83c1ab207139bd27","name":"Paco S\u00e1nchez","image":{"@type":"ImageObject","inLanguage":"es","@id":"https:\/\/secure.gravatar.com\/avatar\/d67144e966420fb74aa84c9f2a0103be4724fd14db52b52d3b6bca749f257e79?s=96&d=mm&r=g","url":"https:\/\/secure.gravatar.com\/avatar\/d67144e966420fb74aa84c9f2a0103be4724fd14db52b52d3b6bca749f257e79?s=96&d=mm&r=g","contentUrl":"https:\/\/secure.gravatar.com\/avatar\/d67144e966420fb74aa84c9f2a0103be4724fd14db52b52d3b6bca749f257e79?s=96&d=mm&r=g","caption":"Paco S\u00e1nchez"},"sameAs":["https:\/\/arealorcaradio.es"],"url":"https:\/\/arealorcaradio.es\/index.php\/author\/admin_alorcaradio\/"}]}},"_links":{"self":[{"href":"https:\/\/arealorcaradio.es\/index.php\/wp-json\/wp\/v2\/posts\/4359","targetHints":{"allow":["GET"]}}],"collection":[{"href":"https:\/\/arealorcaradio.es\/index.php\/wp-json\/wp\/v2\/posts"}],"about":[{"href":"https:\/\/arealorcaradio.es\/index.php\/wp-json\/wp\/v2\/types\/post"}],"author":[{"embeddable":true,"href":"https:\/\/arealorcaradio.es\/index.php\/wp-json\/wp\/v2\/users\/1"}],"replies":[{"embeddable":true,"href":"https:\/\/arealorcaradio.es\/index.php\/wp-json\/wp\/v2\/comments?post=4359"}],"version-history":[{"count":1,"href":"https:\/\/arealorcaradio.es\/index.php\/wp-json\/wp\/v2\/posts\/4359\/revisions"}],"predecessor-version":[{"id":4364,"href":"https:\/\/arealorcaradio.es\/index.php\/wp-json\/wp\/v2\/posts\/4359\/revisions\/4364"}],"wp:featuredmedia":[{"embeddable":true,"href":"https:\/\/arealorcaradio.es\/index.php\/wp-json\/wp\/v2\/media\/4363"}],"wp:attachment":[{"href":"https:\/\/arealorcaradio.es\/index.php\/wp-json\/wp\/v2\/media?parent=4359"}],"wp:term":[{"taxonomy":"category","embeddable":true,"href":"https:\/\/arealorcaradio.es\/index.php\/wp-json\/wp\/v2\/categories?post=4359"},{"taxonomy":"post_tag","embeddable":true,"href":"https:\/\/arealorcaradio.es\/index.php\/wp-json\/wp\/v2\/tags?post=4359"}],"curies":[{"name":"wp","href":"https:\/\/api.w.org\/{rel}","templated":true}]}}