{"id":434,"date":"2023-03-27T16:42:04","date_gmt":"2023-03-27T16:42:04","guid":{"rendered":"https:\/\/arealorcaradio.es\/?p=434"},"modified":"2023-03-27T16:42:04","modified_gmt":"2023-03-27T16:42:04","slug":"el-lorca-deportiva-da-una-de-cal-y-otra-de-arena","status":"publish","type":"post","link":"https:\/\/arealorcaradio.es\/index.php\/2023\/03\/27\/el-lorca-deportiva-da-una-de-cal-y-otra-de-arena\/","title":{"rendered":"El Lorca Deportiva da una de cal y otra de arena"},"content":{"rendered":"<p>\u00c1REA LORCA RADIO.<\/p>\n<p>El director deportivo del Lorca Deportiva, David Navarro \u00abPeki\u00bb, en declaraciones a \u00c1rea Lorca Deportes, asegura que las desconexiones que sufre el equipo durante el transcurso de algunos partidos son preocupantes, aunque tambi\u00e9n ha asegurado que conf\u00eda plenamente en el equipo cara a la promoci\u00f3n de ascenso a Segunda RFEF.<\/p>\n<p>Escucha aqu\u00ed la entrevista que ha concedido David Navarro a Paco S\u00e1nchez en el programa deportivo de \u00c1rea Lorca Radio.<\/p>\n<audio class=\"wp-audio-shortcode\" id=\"audio-434-1\" preload=\"none\" style=\"width: 100%;\" controls=\"controls\"><source type=\"audio\/mpeg\" src=\"https:\/\/arealorcaradio.es\/wp-content\/uploads\/2023\/03\/270323-DAVID-NAVARRO-PEKI.-POST-CARAVACA.mp3?_=1\" \/><a href=\"https:\/\/arealorcaradio.es\/wp-content\/uploads\/2023\/03\/270323-DAVID-NAVARRO-PEKI.-POST-CARAVACA.mp3\">https:\/\/arealorcaradio.es\/wp-content\/uploads\/2023\/03\/270323-DAVID-NAVARRO-PEKI.-POST-CARAVACA.mp3<\/a><\/audio>\n","protected":false},"excerpt":{"rendered":"<p>\u00c1REA LORCA RADIO. El director deportivo del Lorca Deportiva, David Navarro \u00abPeki\u00bb, en declaraciones a \u00c1rea Lorca Deportes, asegura que las desconexiones que sufre el equipo durante el transcurso de algunos partidos son preocupantes, aunque tambi\u00e9n ha asegurado que conf\u00eda plenamente en el equipo cara a la promoci\u00f3n de ascenso a Segunda RFEF. Escucha aqu\u00ed [&hellip;]<\/p>\n","protected":false},"author":1,"featured_media":436,"comment_status":"open","ping_status":"open","sticky":false,"template":"","format":"standard","meta":{"iawp_total_views":2,"footnotes":""},"categories":[4,7],"tags":[],"class_list":["post-434","post","type-post","status-publish","format-standard","has-post-thumbnail","hentry","category-deportes","category-lorca"],"yoast_head":"<!-- This site is optimized with the Yoast SEO plugin v27.5 - https:\/\/yoast.com\/product\/yoast-seo-wordpress\/ -->\n<title>El Lorca Deportiva da una de cal y otra de arena - AREA LORCA RADIO<\/title>\n<meta name=\"robots\" content=\"index, follow, max-snippet:-1, max-image-preview:large, max-video-preview:-1\" \/>\n<link rel=\"canonical\" href=\"https:\/\/arealorcaradio.es\/index.php\/2023\/03\/27\/el-lorca-deportiva-da-una-de-cal-y-otra-de-arena\/\" \/>\n<meta property=\"og:locale\" content=\"es_ES\" \/>\n<meta property=\"og:type\" content=\"article\" \/>\n<meta property=\"og:title\" content=\"El Lorca Deportiva da una de cal y otra de arena - AREA LORCA RADIO\" \/>\n<meta property=\"og:description\" content=\"\u00c1REA LORCA RADIO. El director deportivo del Lorca Deportiva, David Navarro \u00abPeki\u00bb, en declaraciones a \u00c1rea Lorca Deportes, asegura que las desconexiones que sufre el equipo durante el transcurso de algunos partidos son preocupantes, aunque tambi\u00e9n ha asegurado que conf\u00eda plenamente en el equipo cara a la promoci\u00f3n de ascenso a Segunda RFEF. Escucha aqu\u00ed [&hellip;]\" \/>\n<meta property=\"og:url\" content=\"https:\/\/arealorcaradio.es\/index.php\/2023\/03\/27\/el-lorca-deportiva-da-una-de-cal-y-otra-de-arena\/\" \/>\n<meta property=\"og:site_name\" content=\"AREA LORCA RADIO\" \/>\n<meta property=\"article:published_time\" content=\"2023-03-27T16:42:04+00:00\" \/>\n<meta property=\"og:image\" content=\"https:\/\/arealorcaradio.es\/wp-content\/uploads\/2023\/03\/IMG-20230327-WA0032.jpg\" \/>\n\t<meta property=\"og:image:width\" content=\"1122\" \/>\n\t<meta property=\"og:image:height\" content=\"738\" \/>\n\t<meta property=\"og:image:type\" content=\"image\/jpeg\" \/>\n<meta name=\"author\" content=\"Paco S\u00e1nchez\" \/>\n<meta name=\"twitter:card\" content=\"summary_large_image\" \/>\n<meta name=\"twitter:label1\" content=\"Escrito por\" \/>\n\t<meta name=\"twitter:data1\" content=\"Paco S\u00e1nchez\" \/>\n\t<meta name=\"twitter:label2\" content=\"Tiempo de lectura\" \/>\n\t<meta name=\"twitter:data2\" content=\"1 minuto\" \/>\n<script type=\"application\/ld+json\" class=\"yoast-schema-graph\">{\"@context\":\"https:\\\/\\\/schema.org\",\"@graph\":[{\"@type\":\"Article\",\"@id\":\"https:\\\/\\\/arealorcaradio.es\\\/index.php\\\/2023\\\/03\\\/27\\\/el-lorca-deportiva-da-una-de-cal-y-otra-de-arena\\\/#article\",\"isPartOf\":{\"@id\":\"https:\\\/\\\/arealorcaradio.es\\\/index.php\\\/2023\\\/03\\\/27\\\/el-lorca-deportiva-da-una-de-cal-y-otra-de-arena\\\/\"},\"author\":{\"name\":\"Paco S\u00e1nchez\",\"@id\":\"https:\\\/\\\/arealorcaradio.es\\\/#\\\/schema\\\/person\\\/9fae605fc25b0f2c83c1ab207139bd27\"},\"headline\":\"El Lorca Deportiva da una de cal y otra de arena\",\"datePublished\":\"2023-03-27T16:42:04+00:00\",\"mainEntityOfPage\":{\"@id\":\"https:\\\/\\\/arealorcaradio.es\\\/index.php\\\/2023\\\/03\\\/27\\\/el-lorca-deportiva-da-una-de-cal-y-otra-de-arena\\\/\"},\"wordCount\":99,\"commentCount\":0,\"image\":{\"@id\":\"https:\\\/\\\/arealorcaradio.es\\\/index.php\\\/2023\\\/03\\\/27\\\/el-lorca-deportiva-da-una-de-cal-y-otra-de-arena\\\/#primaryimage\"},\"thumbnailUrl\":\"https:\\\/\\\/arealorcaradio.es\\\/wp-content\\\/uploads\\\/2023\\\/03\\\/IMG-20230327-WA0032.jpg\",\"articleSection\":[\"DEPORTES\",\"LORCA\"],\"inLanguage\":\"es\",\"potentialAction\":[{\"@type\":\"CommentAction\",\"name\":\"Comment\",\"target\":[\"https:\\\/\\\/arealorcaradio.es\\\/index.php\\\/2023\\\/03\\\/27\\\/el-lorca-deportiva-da-una-de-cal-y-otra-de-arena\\\/#respond\"]}]},{\"@type\":\"WebPage\",\"@id\":\"https:\\\/\\\/arealorcaradio.es\\\/index.php\\\/2023\\\/03\\\/27\\\/el-lorca-deportiva-da-una-de-cal-y-otra-de-arena\\\/\",\"url\":\"https:\\\/\\\/arealorcaradio.es\\\/index.php\\\/2023\\\/03\\\/27\\\/el-lorca-deportiva-da-una-de-cal-y-otra-de-arena\\\/\",\"name\":\"El Lorca Deportiva da una de cal y otra de arena - AREA LORCA RADIO\",\"isPartOf\":{\"@id\":\"https:\\\/\\\/arealorcaradio.es\\\/#website\"},\"primaryImageOfPage\":{\"@id\":\"https:\\\/\\\/arealorcaradio.es\\\/index.php\\\/2023\\\/03\\\/27\\\/el-lorca-deportiva-da-una-de-cal-y-otra-de-arena\\\/#primaryimage\"},\"image\":{\"@id\":\"https:\\\/\\\/arealorcaradio.es\\\/index.php\\\/2023\\\/03\\\/27\\\/el-lorca-deportiva-da-una-de-cal-y-otra-de-arena\\\/#primaryimage\"},\"thumbnailUrl\":\"https:\\\/\\\/arealorcaradio.es\\\/wp-content\\\/uploads\\\/2023\\\/03\\\/IMG-20230327-WA0032.jpg\",\"datePublished\":\"2023-03-27T16:42:04+00:00\",\"author\":{\"@id\":\"https:\\\/\\\/arealorcaradio.es\\\/#\\\/schema\\\/person\\\/9fae605fc25b0f2c83c1ab207139bd27\"},\"breadcrumb\":{\"@id\":\"https:\\\/\\\/arealorcaradio.es\\\/index.php\\\/2023\\\/03\\\/27\\\/el-lorca-deportiva-da-una-de-cal-y-otra-de-arena\\\/#breadcrumb\"},\"inLanguage\":\"es\",\"potentialAction\":[{\"@type\":\"ReadAction\",\"target\":[\"https:\\\/\\\/arealorcaradio.es\\\/index.php\\\/2023\\\/03\\\/27\\\/el-lorca-deportiva-da-una-de-cal-y-otra-de-arena\\\/\"]}]},{\"@type\":\"ImageObject\",\"inLanguage\":\"es\",\"@id\":\"https:\\\/\\\/arealorcaradio.es\\\/index.php\\\/2023\\\/03\\\/27\\\/el-lorca-deportiva-da-una-de-cal-y-otra-de-arena\\\/#primaryimage\",\"url\":\"https:\\\/\\\/arealorcaradio.es\\\/wp-content\\\/uploads\\\/2023\\\/03\\\/IMG-20230327-WA0032.jpg\",\"contentUrl\":\"https:\\\/\\\/arealorcaradio.es\\\/wp-content\\\/uploads\\\/2023\\\/03\\\/IMG-20230327-WA0032.jpg\",\"width\":1122,\"height\":738},{\"@type\":\"BreadcrumbList\",\"@id\":\"https:\\\/\\\/arealorcaradio.es\\\/index.php\\\/2023\\\/03\\\/27\\\/el-lorca-deportiva-da-una-de-cal-y-otra-de-arena\\\/#breadcrumb\",\"itemListElement\":[{\"@type\":\"ListItem\",\"position\":1,\"name\":\"Portada\",\"item\":\"https:\\\/\\\/arealorcaradio.es\\\/\"},{\"@type\":\"ListItem\",\"position\":2,\"name\":\"El Lorca Deportiva da una de cal y otra de arena\"}]},{\"@type\":\"WebSite\",\"@id\":\"https:\\\/\\\/arealorcaradio.es\\\/#website\",\"url\":\"https:\\\/\\\/arealorcaradio.es\\\/\",\"name\":\"AREA LORCA RADIO\",\"description\":\"Descubre la programaci\u00f3n actual en \u00c1rea Lorca Radio, tu fuente de entrenamiento y noticias locales. Sintoniza ahora y mantente conectado online.\",\"potentialAction\":[{\"@type\":\"SearchAction\",\"target\":{\"@type\":\"EntryPoint\",\"urlTemplate\":\"https:\\\/\\\/arealorcaradio.es\\\/?s={search_term_string}\"},\"query-input\":{\"@type\":\"PropertyValueSpecification\",\"valueRequired\":true,\"valueName\":\"search_term_string\"}}],\"inLanguage\":\"es\"},{\"@type\":\"Person\",\"@id\":\"https:\\\/\\\/arealorcaradio.es\\\/#\\\/schema\\\/person\\\/9fae605fc25b0f2c83c1ab207139bd27\",\"name\":\"Paco S\u00e1nchez\",\"image\":{\"@type\":\"ImageObject\",\"inLanguage\":\"es\",\"@id\":\"https:\\\/\\\/secure.gravatar.com\\\/avatar\\\/d67144e966420fb74aa84c9f2a0103be4724fd14db52b52d3b6bca749f257e79?s=96&d=mm&r=g\",\"url\":\"https:\\\/\\\/secure.gravatar.com\\\/avatar\\\/d67144e966420fb74aa84c9f2a0103be4724fd14db52b52d3b6bca749f257e79?s=96&d=mm&r=g\",\"contentUrl\":\"https:\\\/\\\/secure.gravatar.com\\\/avatar\\\/d67144e966420fb74aa84c9f2a0103be4724fd14db52b52d3b6bca749f257e79?s=96&d=mm&r=g\",\"caption\":\"Paco S\u00e1nchez\"},\"sameAs\":[\"https:\\\/\\\/arealorcaradio.es\"],\"url\":\"https:\\\/\\\/arealorcaradio.es\\\/index.php\\\/author\\\/admin_alorcaradio\\\/\"}]}<\/script>\n<!-- \/ Yoast SEO plugin. -->","yoast_head_json":{"title":"El Lorca Deportiva da una de cal y otra de arena - AREA LORCA RADIO","robots":{"index":"index","follow":"follow","max-snippet":"max-snippet:-1","max-image-preview":"max-image-preview:large","max-video-preview":"max-video-preview:-1"},"canonical":"https:\/\/arealorcaradio.es\/index.php\/2023\/03\/27\/el-lorca-deportiva-da-una-de-cal-y-otra-de-arena\/","og_locale":"es_ES","og_type":"article","og_title":"El Lorca Deportiva da una de cal y otra de arena - AREA LORCA RADIO","og_description":"\u00c1REA LORCA RADIO. El director deportivo del Lorca Deportiva, David Navarro \u00abPeki\u00bb, en declaraciones a \u00c1rea Lorca Deportes, asegura que las desconexiones que sufre el equipo durante el transcurso de algunos partidos son preocupantes, aunque tambi\u00e9n ha asegurado que conf\u00eda plenamente en el equipo cara a la promoci\u00f3n de ascenso a Segunda RFEF. Escucha aqu\u00ed [&hellip;]","og_url":"https:\/\/arealorcaradio.es\/index.php\/2023\/03\/27\/el-lorca-deportiva-da-una-de-cal-y-otra-de-arena\/","og_site_name":"AREA LORCA RADIO","article_published_time":"2023-03-27T16:42:04+00:00","og_image":[{"width":1122,"height":738,"url":"https:\/\/arealorcaradio.es\/wp-content\/uploads\/2023\/03\/IMG-20230327-WA0032.jpg","type":"image\/jpeg"}],"author":"Paco S\u00e1nchez","twitter_card":"summary_large_image","twitter_misc":{"Escrito por":"Paco S\u00e1nchez","Tiempo de lectura":"1 minuto"},"schema":{"@context":"https:\/\/schema.org","@graph":[{"@type":"Article","@id":"https:\/\/arealorcaradio.es\/index.php\/2023\/03\/27\/el-lorca-deportiva-da-una-de-cal-y-otra-de-arena\/#article","isPartOf":{"@id":"https:\/\/arealorcaradio.es\/index.php\/2023\/03\/27\/el-lorca-deportiva-da-una-de-cal-y-otra-de-arena\/"},"author":{"name":"Paco S\u00e1nchez","@id":"https:\/\/arealorcaradio.es\/#\/schema\/person\/9fae605fc25b0f2c83c1ab207139bd27"},"headline":"El Lorca Deportiva da una de cal y otra de arena","datePublished":"2023-03-27T16:42:04+00:00","mainEntityOfPage":{"@id":"https:\/\/arealorcaradio.es\/index.php\/2023\/03\/27\/el-lorca-deportiva-da-una-de-cal-y-otra-de-arena\/"},"wordCount":99,"commentCount":0,"image":{"@id":"https:\/\/arealorcaradio.es\/index.php\/2023\/03\/27\/el-lorca-deportiva-da-una-de-cal-y-otra-de-arena\/#primaryimage"},"thumbnailUrl":"https:\/\/arealorcaradio.es\/wp-content\/uploads\/2023\/03\/IMG-20230327-WA0032.jpg","articleSection":["DEPORTES","LORCA"],"inLanguage":"es","potentialAction":[{"@type":"CommentAction","name":"Comment","target":["https:\/\/arealorcaradio.es\/index.php\/2023\/03\/27\/el-lorca-deportiva-da-una-de-cal-y-otra-de-arena\/#respond"]}]},{"@type":"WebPage","@id":"https:\/\/arealorcaradio.es\/index.php\/2023\/03\/27\/el-lorca-deportiva-da-una-de-cal-y-otra-de-arena\/","url":"https:\/\/arealorcaradio.es\/index.php\/2023\/03\/27\/el-lorca-deportiva-da-una-de-cal-y-otra-de-arena\/","name":"El Lorca Deportiva da una de cal y otra de arena - AREA LORCA RADIO","isPartOf":{"@id":"https:\/\/arealorcaradio.es\/#website"},"primaryImageOfPage":{"@id":"https:\/\/arealorcaradio.es\/index.php\/2023\/03\/27\/el-lorca-deportiva-da-una-de-cal-y-otra-de-arena\/#primaryimage"},"image":{"@id":"https:\/\/arealorcaradio.es\/index.php\/2023\/03\/27\/el-lorca-deportiva-da-una-de-cal-y-otra-de-arena\/#primaryimage"},"thumbnailUrl":"https:\/\/arealorcaradio.es\/wp-content\/uploads\/2023\/03\/IMG-20230327-WA0032.jpg","datePublished":"2023-03-27T16:42:04+00:00","author":{"@id":"https:\/\/arealorcaradio.es\/#\/schema\/person\/9fae605fc25b0f2c83c1ab207139bd27"},"breadcrumb":{"@id":"https:\/\/arealorcaradio.es\/index.php\/2023\/03\/27\/el-lorca-deportiva-da-una-de-cal-y-otra-de-arena\/#breadcrumb"},"inLanguage":"es","potentialAction":[{"@type":"ReadAction","target":["https:\/\/arealorcaradio.es\/index.php\/2023\/03\/27\/el-lorca-deportiva-da-una-de-cal-y-otra-de-arena\/"]}]},{"@type":"ImageObject","inLanguage":"es","@id":"https:\/\/arealorcaradio.es\/index.php\/2023\/03\/27\/el-lorca-deportiva-da-una-de-cal-y-otra-de-arena\/#primaryimage","url":"https:\/\/arealorcaradio.es\/wp-content\/uploads\/2023\/03\/IMG-20230327-WA0032.jpg","contentUrl":"https:\/\/arealorcaradio.es\/wp-content\/uploads\/2023\/03\/IMG-20230327-WA0032.jpg","width":1122,"height":738},{"@type":"BreadcrumbList","@id":"https:\/\/arealorcaradio.es\/index.php\/2023\/03\/27\/el-lorca-deportiva-da-una-de-cal-y-otra-de-arena\/#breadcrumb","itemListElement":[{"@type":"ListItem","position":1,"name":"Portada","item":"https:\/\/arealorcaradio.es\/"},{"@type":"ListItem","position":2,"name":"El Lorca Deportiva da una de cal y otra de arena"}]},{"@type":"WebSite","@id":"https:\/\/arealorcaradio.es\/#website","url":"https:\/\/arealorcaradio.es\/","name":"AREA LORCA RADIO","description":"Descubre la programaci\u00f3n actual en \u00c1rea Lorca Radio, tu fuente de entrenamiento y noticias locales. Sintoniza ahora y mantente conectado online.","potentialAction":[{"@type":"SearchAction","target":{"@type":"EntryPoint","urlTemplate":"https:\/\/arealorcaradio.es\/?s={search_term_string}"},"query-input":{"@type":"PropertyValueSpecification","valueRequired":true,"valueName":"search_term_string"}}],"inLanguage":"es"},{"@type":"Person","@id":"https:\/\/arealorcaradio.es\/#\/schema\/person\/9fae605fc25b0f2c83c1ab207139bd27","name":"Paco S\u00e1nchez","image":{"@type":"ImageObject","inLanguage":"es","@id":"https:\/\/secure.gravatar.com\/avatar\/d67144e966420fb74aa84c9f2a0103be4724fd14db52b52d3b6bca749f257e79?s=96&d=mm&r=g","url":"https:\/\/secure.gravatar.com\/avatar\/d67144e966420fb74aa84c9f2a0103be4724fd14db52b52d3b6bca749f257e79?s=96&d=mm&r=g","contentUrl":"https:\/\/secure.gravatar.com\/avatar\/d67144e966420fb74aa84c9f2a0103be4724fd14db52b52d3b6bca749f257e79?s=96&d=mm&r=g","caption":"Paco S\u00e1nchez"},"sameAs":["https:\/\/arealorcaradio.es"],"url":"https:\/\/arealorcaradio.es\/index.php\/author\/admin_alorcaradio\/"}]}},"_links":{"self":[{"href":"https:\/\/arealorcaradio.es\/index.php\/wp-json\/wp\/v2\/posts\/434","targetHints":{"allow":["GET"]}}],"collection":[{"href":"https:\/\/arealorcaradio.es\/index.php\/wp-json\/wp\/v2\/posts"}],"about":[{"href":"https:\/\/arealorcaradio.es\/index.php\/wp-json\/wp\/v2\/types\/post"}],"author":[{"embeddable":true,"href":"https:\/\/arealorcaradio.es\/index.php\/wp-json\/wp\/v2\/users\/1"}],"replies":[{"embeddable":true,"href":"https:\/\/arealorcaradio.es\/index.php\/wp-json\/wp\/v2\/comments?post=434"}],"version-history":[{"count":1,"href":"https:\/\/arealorcaradio.es\/index.php\/wp-json\/wp\/v2\/posts\/434\/revisions"}],"predecessor-version":[{"id":437,"href":"https:\/\/arealorcaradio.es\/index.php\/wp-json\/wp\/v2\/posts\/434\/revisions\/437"}],"wp:featuredmedia":[{"embeddable":true,"href":"https:\/\/arealorcaradio.es\/index.php\/wp-json\/wp\/v2\/media\/436"}],"wp:attachment":[{"href":"https:\/\/arealorcaradio.es\/index.php\/wp-json\/wp\/v2\/media?parent=434"}],"wp:term":[{"taxonomy":"category","embeddable":true,"href":"https:\/\/arealorcaradio.es\/index.php\/wp-json\/wp\/v2\/categories?post=434"},{"taxonomy":"post_tag","embeddable":true,"href":"https:\/\/arealorcaradio.es\/index.php\/wp-json\/wp\/v2\/tags?post=434"}],"curies":[{"name":"wp","href":"https:\/\/api.w.org\/{rel}","templated":true}]}}