{"id":4334,"date":"2024-10-15T17:00:47","date_gmt":"2024-10-15T17:00:47","guid":{"rendered":"https:\/\/arealorcaradio.es\/?p=4334"},"modified":"2024-10-15T17:00:47","modified_gmt":"2024-10-15T17:00:47","slug":"la-asociacion-de-amigos-del-ferrocarril-de-la-comarca-de-baza-continua-con-su-lucha-para-la-vuelta-del-tren-a-esta-zona-de-granada","status":"publish","type":"post","link":"https:\/\/arealorcaradio.es\/index.php\/2024\/10\/15\/la-asociacion-de-amigos-del-ferrocarril-de-la-comarca-de-baza-continua-con-su-lucha-para-la-vuelta-del-tren-a-esta-zona-de-granada\/","title":{"rendered":"La Asociaci\u00f3n de Amigos del Ferrocarril de la Comarca de Baza contin\u00faa con su lucha para la vuelta del tren a esta zona de Granada"},"content":{"rendered":"<p>\u00c1REA LORCA RADIO.<\/p>\n<p>Escucha aqu\u00ed la entrevista que ha concedido a Paco S\u00e1nchez en el magazine \u00c1rea Lorca Actualidad, el presidente de la Asociaci\u00f3n de Amigos del Ferrocarril de la Comarca de Baza, Antonio Francisco Mart\u00ednez, qui\u00e9n asegura que la lucha por la reapertura de la l\u00ednea ferroviaria contin\u00faa a la vez que pide colaboraci\u00f3n de la ciudadan\u00eda.<\/p>\n<audio class=\"wp-audio-shortcode\" id=\"audio-4334-1\" preload=\"none\" style=\"width: 100%;\" controls=\"controls\"><source type=\"audio\/mpeg\" src=\"https:\/\/arealorcaradio.es\/wp-content\/uploads\/2024\/10\/151024-ANTONIO-FCO.-MARTINEZ.-AMIGOS-FERROCARRIL-BAZA.mp3?_=1\" \/><a href=\"https:\/\/arealorcaradio.es\/wp-content\/uploads\/2024\/10\/151024-ANTONIO-FCO.-MARTINEZ.-AMIGOS-FERROCARRIL-BAZA.mp3\">https:\/\/arealorcaradio.es\/wp-content\/uploads\/2024\/10\/151024-ANTONIO-FCO.-MARTINEZ.-AMIGOS-FERROCARRIL-BAZA.mp3<\/a><\/audio>\n<p><img loading=\"lazy\" decoding=\"async\" class=\"alignnone size-medium wp-image-4338\" src=\"https:\/\/arealorcaradio.es\/wp-content\/uploads\/2024\/10\/Antonio-Francisco-Martinez.-ferrocarril-300x217.jpg\" alt=\"\" width=\"300\" height=\"217\" srcset=\"https:\/\/arealorcaradio.es\/wp-content\/uploads\/2024\/10\/Antonio-Francisco-Martinez.-ferrocarril-300x217.jpg 300w, https:\/\/arealorcaradio.es\/wp-content\/uploads\/2024\/10\/Antonio-Francisco-Martinez.-ferrocarril-1024x742.jpg 1024w, https:\/\/arealorcaradio.es\/wp-content\/uploads\/2024\/10\/Antonio-Francisco-Martinez.-ferrocarril-768x556.jpg 768w, https:\/\/arealorcaradio.es\/wp-content\/uploads\/2024\/10\/Antonio-Francisco-Martinez.-ferrocarril-1536x1112.jpg 1536w, https:\/\/arealorcaradio.es\/wp-content\/uploads\/2024\/10\/Antonio-Francisco-Martinez.-ferrocarril.jpg 2048w\" sizes=\"auto, (max-width: 300px) 100vw, 300px\" \/> <img loading=\"lazy\" decoding=\"async\" class=\"alignnone wp-image-4344\" src=\"https:\/\/arealorcaradio.es\/wp-content\/uploads\/2024\/10\/20241015_184103-272x300.jpg\" alt=\"\" width=\"197\" height=\"217\" srcset=\"https:\/\/arealorcaradio.es\/wp-content\/uploads\/2024\/10\/20241015_184103-272x300.jpg 272w, https:\/\/arealorcaradio.es\/wp-content\/uploads\/2024\/10\/20241015_184103-928x1024.jpg 928w, https:\/\/arealorcaradio.es\/wp-content\/uploads\/2024\/10\/20241015_184103-768x847.jpg 768w, https:\/\/arealorcaradio.es\/wp-content\/uploads\/2024\/10\/20241015_184103-1393x1536.jpg 1393w, https:\/\/arealorcaradio.es\/wp-content\/uploads\/2024\/10\/20241015_184103.jpg 1468w\" sizes=\"auto, (max-width: 197px) 100vw, 197px\" \/><\/p>\n","protected":false},"excerpt":{"rendered":"<p>\u00c1REA LORCA RADIO. Escucha aqu\u00ed la entrevista que ha concedido a Paco S\u00e1nchez en el magazine \u00c1rea Lorca Actualidad, el presidente de la Asociaci\u00f3n de Amigos del Ferrocarril de la Comarca de Baza, Antonio Francisco Mart\u00ednez, qui\u00e9n asegura que la lucha por la reapertura de la l\u00ednea ferroviaria contin\u00faa a la vez que pide colaboraci\u00f3n [&hellip;]<\/p>\n","protected":false},"author":1,"featured_media":4336,"comment_status":"open","ping_status":"open","sticky":false,"template":"","format":"standard","meta":{"iawp_total_views":42,"footnotes":""},"categories":[5,7],"tags":[],"class_list":["post-4334","post","type-post","status-publish","format-standard","has-post-thumbnail","hentry","category-actualidad","category-lorca"],"yoast_head":"<!-- This site is optimized with the Yoast SEO plugin v27.5 - https:\/\/yoast.com\/product\/yoast-seo-wordpress\/ -->\n<title>La Asociaci\u00f3n de Amigos del Ferrocarril de la Comarca de Baza contin\u00faa con su lucha para la vuelta del tren a esta zona de Granada - AREA LORCA RADIO<\/title>\n<meta name=\"robots\" content=\"index, follow, max-snippet:-1, max-image-preview:large, max-video-preview:-1\" \/>\n<link rel=\"canonical\" href=\"https:\/\/arealorcaradio.es\/index.php\/2024\/10\/15\/la-asociacion-de-amigos-del-ferrocarril-de-la-comarca-de-baza-continua-con-su-lucha-para-la-vuelta-del-tren-a-esta-zona-de-granada\/\" \/>\n<meta property=\"og:locale\" content=\"es_ES\" \/>\n<meta property=\"og:type\" content=\"article\" \/>\n<meta property=\"og:title\" content=\"La Asociaci\u00f3n de Amigos del Ferrocarril de la Comarca de Baza contin\u00faa con su lucha para la vuelta del tren a esta zona de Granada - AREA LORCA RADIO\" \/>\n<meta property=\"og:description\" content=\"\u00c1REA LORCA RADIO. Escucha aqu\u00ed la entrevista que ha concedido a Paco S\u00e1nchez en el magazine \u00c1rea Lorca Actualidad, el presidente de la Asociaci\u00f3n de Amigos del Ferrocarril de la Comarca de Baza, Antonio Francisco Mart\u00ednez, qui\u00e9n asegura que la lucha por la reapertura de la l\u00ednea ferroviaria contin\u00faa a la vez que pide colaboraci\u00f3n [&hellip;]\" \/>\n<meta property=\"og:url\" content=\"https:\/\/arealorcaradio.es\/index.php\/2024\/10\/15\/la-asociacion-de-amigos-del-ferrocarril-de-la-comarca-de-baza-continua-con-su-lucha-para-la-vuelta-del-tren-a-esta-zona-de-granada\/\" \/>\n<meta property=\"og:site_name\" content=\"AREA LORCA RADIO\" \/>\n<meta property=\"article:published_time\" content=\"2024-10-15T17:00:47+00:00\" \/>\n<meta property=\"og:image\" content=\"https:\/\/arealorcaradio.es\/wp-content\/uploads\/2024\/10\/Antonio-Fco-Martinez-Amig-Ferrocarril-Comarca-de-Baza.jpg\" \/>\n\t<meta property=\"og:image:width\" content=\"1221\" \/>\n\t<meta property=\"og:image:height\" content=\"1011\" \/>\n\t<meta property=\"og:image:type\" content=\"image\/jpeg\" \/>\n<meta name=\"author\" content=\"Paco S\u00e1nchez\" \/>\n<meta name=\"twitter:card\" content=\"summary_large_image\" \/>\n<meta name=\"twitter:label1\" content=\"Escrito por\" \/>\n\t<meta name=\"twitter:data1\" content=\"Paco S\u00e1nchez\" \/>\n\t<meta name=\"twitter:label2\" content=\"Tiempo de lectura\" \/>\n\t<meta name=\"twitter:data2\" content=\"1 minuto\" \/>\n<script type=\"application\/ld+json\" class=\"yoast-schema-graph\">{\"@context\":\"https:\\\/\\\/schema.org\",\"@graph\":[{\"@type\":\"Article\",\"@id\":\"https:\\\/\\\/arealorcaradio.es\\\/index.php\\\/2024\\\/10\\\/15\\\/la-asociacion-de-amigos-del-ferrocarril-de-la-comarca-de-baza-continua-con-su-lucha-para-la-vuelta-del-tren-a-esta-zona-de-granada\\\/#article\",\"isPartOf\":{\"@id\":\"https:\\\/\\\/arealorcaradio.es\\\/index.php\\\/2024\\\/10\\\/15\\\/la-asociacion-de-amigos-del-ferrocarril-de-la-comarca-de-baza-continua-con-su-lucha-para-la-vuelta-del-tren-a-esta-zona-de-granada\\\/\"},\"author\":{\"name\":\"Paco S\u00e1nchez\",\"@id\":\"https:\\\/\\\/arealorcaradio.es\\\/#\\\/schema\\\/person\\\/9fae605fc25b0f2c83c1ab207139bd27\"},\"headline\":\"La Asociaci\u00f3n de Amigos del Ferrocarril de la Comarca de Baza contin\u00faa con su lucha para la vuelta del tren a esta zona de Granada\",\"datePublished\":\"2024-10-15T17:00:47+00:00\",\"mainEntityOfPage\":{\"@id\":\"https:\\\/\\\/arealorcaradio.es\\\/index.php\\\/2024\\\/10\\\/15\\\/la-asociacion-de-amigos-del-ferrocarril-de-la-comarca-de-baza-continua-con-su-lucha-para-la-vuelta-del-tren-a-esta-zona-de-granada\\\/\"},\"wordCount\":105,\"commentCount\":0,\"image\":{\"@id\":\"https:\\\/\\\/arealorcaradio.es\\\/index.php\\\/2024\\\/10\\\/15\\\/la-asociacion-de-amigos-del-ferrocarril-de-la-comarca-de-baza-continua-con-su-lucha-para-la-vuelta-del-tren-a-esta-zona-de-granada\\\/#primaryimage\"},\"thumbnailUrl\":\"https:\\\/\\\/arealorcaradio.es\\\/wp-content\\\/uploads\\\/2024\\\/10\\\/Antonio-Fco-Martinez-Amig-Ferrocarril-Comarca-de-Baza.jpg\",\"articleSection\":[\"ACTUALIDAD\",\"LORCA\"],\"inLanguage\":\"es\",\"potentialAction\":[{\"@type\":\"CommentAction\",\"name\":\"Comment\",\"target\":[\"https:\\\/\\\/arealorcaradio.es\\\/index.php\\\/2024\\\/10\\\/15\\\/la-asociacion-de-amigos-del-ferrocarril-de-la-comarca-de-baza-continua-con-su-lucha-para-la-vuelta-del-tren-a-esta-zona-de-granada\\\/#respond\"]}]},{\"@type\":\"WebPage\",\"@id\":\"https:\\\/\\\/arealorcaradio.es\\\/index.php\\\/2024\\\/10\\\/15\\\/la-asociacion-de-amigos-del-ferrocarril-de-la-comarca-de-baza-continua-con-su-lucha-para-la-vuelta-del-tren-a-esta-zona-de-granada\\\/\",\"url\":\"https:\\\/\\\/arealorcaradio.es\\\/index.php\\\/2024\\\/10\\\/15\\\/la-asociacion-de-amigos-del-ferrocarril-de-la-comarca-de-baza-continua-con-su-lucha-para-la-vuelta-del-tren-a-esta-zona-de-granada\\\/\",\"name\":\"La Asociaci\u00f3n de Amigos del Ferrocarril de la Comarca de Baza contin\u00faa con su lucha para la vuelta del tren a esta zona de Granada - AREA LORCA RADIO\",\"isPartOf\":{\"@id\":\"https:\\\/\\\/arealorcaradio.es\\\/#website\"},\"primaryImageOfPage\":{\"@id\":\"https:\\\/\\\/arealorcaradio.es\\\/index.php\\\/2024\\\/10\\\/15\\\/la-asociacion-de-amigos-del-ferrocarril-de-la-comarca-de-baza-continua-con-su-lucha-para-la-vuelta-del-tren-a-esta-zona-de-granada\\\/#primaryimage\"},\"image\":{\"@id\":\"https:\\\/\\\/arealorcaradio.es\\\/index.php\\\/2024\\\/10\\\/15\\\/la-asociacion-de-amigos-del-ferrocarril-de-la-comarca-de-baza-continua-con-su-lucha-para-la-vuelta-del-tren-a-esta-zona-de-granada\\\/#primaryimage\"},\"thumbnailUrl\":\"https:\\\/\\\/arealorcaradio.es\\\/wp-content\\\/uploads\\\/2024\\\/10\\\/Antonio-Fco-Martinez-Amig-Ferrocarril-Comarca-de-Baza.jpg\",\"datePublished\":\"2024-10-15T17:00:47+00:00\",\"author\":{\"@id\":\"https:\\\/\\\/arealorcaradio.es\\\/#\\\/schema\\\/person\\\/9fae605fc25b0f2c83c1ab207139bd27\"},\"breadcrumb\":{\"@id\":\"https:\\\/\\\/arealorcaradio.es\\\/index.php\\\/2024\\\/10\\\/15\\\/la-asociacion-de-amigos-del-ferrocarril-de-la-comarca-de-baza-continua-con-su-lucha-para-la-vuelta-del-tren-a-esta-zona-de-granada\\\/#breadcrumb\"},\"inLanguage\":\"es\",\"potentialAction\":[{\"@type\":\"ReadAction\",\"target\":[\"https:\\\/\\\/arealorcaradio.es\\\/index.php\\\/2024\\\/10\\\/15\\\/la-asociacion-de-amigos-del-ferrocarril-de-la-comarca-de-baza-continua-con-su-lucha-para-la-vuelta-del-tren-a-esta-zona-de-granada\\\/\"]}]},{\"@type\":\"ImageObject\",\"inLanguage\":\"es\",\"@id\":\"https:\\\/\\\/arealorcaradio.es\\\/index.php\\\/2024\\\/10\\\/15\\\/la-asociacion-de-amigos-del-ferrocarril-de-la-comarca-de-baza-continua-con-su-lucha-para-la-vuelta-del-tren-a-esta-zona-de-granada\\\/#primaryimage\",\"url\":\"https:\\\/\\\/arealorcaradio.es\\\/wp-content\\\/uploads\\\/2024\\\/10\\\/Antonio-Fco-Martinez-Amig-Ferrocarril-Comarca-de-Baza.jpg\",\"contentUrl\":\"https:\\\/\\\/arealorcaradio.es\\\/wp-content\\\/uploads\\\/2024\\\/10\\\/Antonio-Fco-Martinez-Amig-Ferrocarril-Comarca-de-Baza.jpg\",\"width\":1221,\"height\":1011},{\"@type\":\"BreadcrumbList\",\"@id\":\"https:\\\/\\\/arealorcaradio.es\\\/index.php\\\/2024\\\/10\\\/15\\\/la-asociacion-de-amigos-del-ferrocarril-de-la-comarca-de-baza-continua-con-su-lucha-para-la-vuelta-del-tren-a-esta-zona-de-granada\\\/#breadcrumb\",\"itemListElement\":[{\"@type\":\"ListItem\",\"position\":1,\"name\":\"Portada\",\"item\":\"https:\\\/\\\/arealorcaradio.es\\\/\"},{\"@type\":\"ListItem\",\"position\":2,\"name\":\"La Asociaci\u00f3n de Amigos del Ferrocarril de la Comarca de Baza contin\u00faa con su lucha para la vuelta del tren a esta zona de Granada\"}]},{\"@type\":\"WebSite\",\"@id\":\"https:\\\/\\\/arealorcaradio.es\\\/#website\",\"url\":\"https:\\\/\\\/arealorcaradio.es\\\/\",\"name\":\"AREA LORCA RADIO\",\"description\":\"Descubre la programaci\u00f3n actual en \u00c1rea Lorca Radio, tu fuente de entrenamiento y noticias locales. Sintoniza ahora y mantente conectado online.\",\"potentialAction\":[{\"@type\":\"SearchAction\",\"target\":{\"@type\":\"EntryPoint\",\"urlTemplate\":\"https:\\\/\\\/arealorcaradio.es\\\/?s={search_term_string}\"},\"query-input\":{\"@type\":\"PropertyValueSpecification\",\"valueRequired\":true,\"valueName\":\"search_term_string\"}}],\"inLanguage\":\"es\"},{\"@type\":\"Person\",\"@id\":\"https:\\\/\\\/arealorcaradio.es\\\/#\\\/schema\\\/person\\\/9fae605fc25b0f2c83c1ab207139bd27\",\"name\":\"Paco S\u00e1nchez\",\"image\":{\"@type\":\"ImageObject\",\"inLanguage\":\"es\",\"@id\":\"https:\\\/\\\/secure.gravatar.com\\\/avatar\\\/d67144e966420fb74aa84c9f2a0103be4724fd14db52b52d3b6bca749f257e79?s=96&d=mm&r=g\",\"url\":\"https:\\\/\\\/secure.gravatar.com\\\/avatar\\\/d67144e966420fb74aa84c9f2a0103be4724fd14db52b52d3b6bca749f257e79?s=96&d=mm&r=g\",\"contentUrl\":\"https:\\\/\\\/secure.gravatar.com\\\/avatar\\\/d67144e966420fb74aa84c9f2a0103be4724fd14db52b52d3b6bca749f257e79?s=96&d=mm&r=g\",\"caption\":\"Paco S\u00e1nchez\"},\"sameAs\":[\"https:\\\/\\\/arealorcaradio.es\"],\"url\":\"https:\\\/\\\/arealorcaradio.es\\\/index.php\\\/author\\\/admin_alorcaradio\\\/\"}]}<\/script>\n<!-- \/ Yoast SEO plugin. -->","yoast_head_json":{"title":"La Asociaci\u00f3n de Amigos del Ferrocarril de la Comarca de Baza contin\u00faa con su lucha para la vuelta del tren a esta zona de Granada - AREA LORCA RADIO","robots":{"index":"index","follow":"follow","max-snippet":"max-snippet:-1","max-image-preview":"max-image-preview:large","max-video-preview":"max-video-preview:-1"},"canonical":"https:\/\/arealorcaradio.es\/index.php\/2024\/10\/15\/la-asociacion-de-amigos-del-ferrocarril-de-la-comarca-de-baza-continua-con-su-lucha-para-la-vuelta-del-tren-a-esta-zona-de-granada\/","og_locale":"es_ES","og_type":"article","og_title":"La Asociaci\u00f3n de Amigos del Ferrocarril de la Comarca de Baza contin\u00faa con su lucha para la vuelta del tren a esta zona de Granada - AREA LORCA RADIO","og_description":"\u00c1REA LORCA RADIO. Escucha aqu\u00ed la entrevista que ha concedido a Paco S\u00e1nchez en el magazine \u00c1rea Lorca Actualidad, el presidente de la Asociaci\u00f3n de Amigos del Ferrocarril de la Comarca de Baza, Antonio Francisco Mart\u00ednez, qui\u00e9n asegura que la lucha por la reapertura de la l\u00ednea ferroviaria contin\u00faa a la vez que pide colaboraci\u00f3n [&hellip;]","og_url":"https:\/\/arealorcaradio.es\/index.php\/2024\/10\/15\/la-asociacion-de-amigos-del-ferrocarril-de-la-comarca-de-baza-continua-con-su-lucha-para-la-vuelta-del-tren-a-esta-zona-de-granada\/","og_site_name":"AREA LORCA RADIO","article_published_time":"2024-10-15T17:00:47+00:00","og_image":[{"width":1221,"height":1011,"url":"https:\/\/arealorcaradio.es\/wp-content\/uploads\/2024\/10\/Antonio-Fco-Martinez-Amig-Ferrocarril-Comarca-de-Baza.jpg","type":"image\/jpeg"}],"author":"Paco S\u00e1nchez","twitter_card":"summary_large_image","twitter_misc":{"Escrito por":"Paco S\u00e1nchez","Tiempo de lectura":"1 minuto"},"schema":{"@context":"https:\/\/schema.org","@graph":[{"@type":"Article","@id":"https:\/\/arealorcaradio.es\/index.php\/2024\/10\/15\/la-asociacion-de-amigos-del-ferrocarril-de-la-comarca-de-baza-continua-con-su-lucha-para-la-vuelta-del-tren-a-esta-zona-de-granada\/#article","isPartOf":{"@id":"https:\/\/arealorcaradio.es\/index.php\/2024\/10\/15\/la-asociacion-de-amigos-del-ferrocarril-de-la-comarca-de-baza-continua-con-su-lucha-para-la-vuelta-del-tren-a-esta-zona-de-granada\/"},"author":{"name":"Paco S\u00e1nchez","@id":"https:\/\/arealorcaradio.es\/#\/schema\/person\/9fae605fc25b0f2c83c1ab207139bd27"},"headline":"La Asociaci\u00f3n de Amigos del Ferrocarril de la Comarca de Baza contin\u00faa con su lucha para la vuelta del tren a esta zona de Granada","datePublished":"2024-10-15T17:00:47+00:00","mainEntityOfPage":{"@id":"https:\/\/arealorcaradio.es\/index.php\/2024\/10\/15\/la-asociacion-de-amigos-del-ferrocarril-de-la-comarca-de-baza-continua-con-su-lucha-para-la-vuelta-del-tren-a-esta-zona-de-granada\/"},"wordCount":105,"commentCount":0,"image":{"@id":"https:\/\/arealorcaradio.es\/index.php\/2024\/10\/15\/la-asociacion-de-amigos-del-ferrocarril-de-la-comarca-de-baza-continua-con-su-lucha-para-la-vuelta-del-tren-a-esta-zona-de-granada\/#primaryimage"},"thumbnailUrl":"https:\/\/arealorcaradio.es\/wp-content\/uploads\/2024\/10\/Antonio-Fco-Martinez-Amig-Ferrocarril-Comarca-de-Baza.jpg","articleSection":["ACTUALIDAD","LORCA"],"inLanguage":"es","potentialAction":[{"@type":"CommentAction","name":"Comment","target":["https:\/\/arealorcaradio.es\/index.php\/2024\/10\/15\/la-asociacion-de-amigos-del-ferrocarril-de-la-comarca-de-baza-continua-con-su-lucha-para-la-vuelta-del-tren-a-esta-zona-de-granada\/#respond"]}]},{"@type":"WebPage","@id":"https:\/\/arealorcaradio.es\/index.php\/2024\/10\/15\/la-asociacion-de-amigos-del-ferrocarril-de-la-comarca-de-baza-continua-con-su-lucha-para-la-vuelta-del-tren-a-esta-zona-de-granada\/","url":"https:\/\/arealorcaradio.es\/index.php\/2024\/10\/15\/la-asociacion-de-amigos-del-ferrocarril-de-la-comarca-de-baza-continua-con-su-lucha-para-la-vuelta-del-tren-a-esta-zona-de-granada\/","name":"La Asociaci\u00f3n de Amigos del Ferrocarril de la Comarca de Baza contin\u00faa con su lucha para la vuelta del tren a esta zona de Granada - AREA LORCA RADIO","isPartOf":{"@id":"https:\/\/arealorcaradio.es\/#website"},"primaryImageOfPage":{"@id":"https:\/\/arealorcaradio.es\/index.php\/2024\/10\/15\/la-asociacion-de-amigos-del-ferrocarril-de-la-comarca-de-baza-continua-con-su-lucha-para-la-vuelta-del-tren-a-esta-zona-de-granada\/#primaryimage"},"image":{"@id":"https:\/\/arealorcaradio.es\/index.php\/2024\/10\/15\/la-asociacion-de-amigos-del-ferrocarril-de-la-comarca-de-baza-continua-con-su-lucha-para-la-vuelta-del-tren-a-esta-zona-de-granada\/#primaryimage"},"thumbnailUrl":"https:\/\/arealorcaradio.es\/wp-content\/uploads\/2024\/10\/Antonio-Fco-Martinez-Amig-Ferrocarril-Comarca-de-Baza.jpg","datePublished":"2024-10-15T17:00:47+00:00","author":{"@id":"https:\/\/arealorcaradio.es\/#\/schema\/person\/9fae605fc25b0f2c83c1ab207139bd27"},"breadcrumb":{"@id":"https:\/\/arealorcaradio.es\/index.php\/2024\/10\/15\/la-asociacion-de-amigos-del-ferrocarril-de-la-comarca-de-baza-continua-con-su-lucha-para-la-vuelta-del-tren-a-esta-zona-de-granada\/#breadcrumb"},"inLanguage":"es","potentialAction":[{"@type":"ReadAction","target":["https:\/\/arealorcaradio.es\/index.php\/2024\/10\/15\/la-asociacion-de-amigos-del-ferrocarril-de-la-comarca-de-baza-continua-con-su-lucha-para-la-vuelta-del-tren-a-esta-zona-de-granada\/"]}]},{"@type":"ImageObject","inLanguage":"es","@id":"https:\/\/arealorcaradio.es\/index.php\/2024\/10\/15\/la-asociacion-de-amigos-del-ferrocarril-de-la-comarca-de-baza-continua-con-su-lucha-para-la-vuelta-del-tren-a-esta-zona-de-granada\/#primaryimage","url":"https:\/\/arealorcaradio.es\/wp-content\/uploads\/2024\/10\/Antonio-Fco-Martinez-Amig-Ferrocarril-Comarca-de-Baza.jpg","contentUrl":"https:\/\/arealorcaradio.es\/wp-content\/uploads\/2024\/10\/Antonio-Fco-Martinez-Amig-Ferrocarril-Comarca-de-Baza.jpg","width":1221,"height":1011},{"@type":"BreadcrumbList","@id":"https:\/\/arealorcaradio.es\/index.php\/2024\/10\/15\/la-asociacion-de-amigos-del-ferrocarril-de-la-comarca-de-baza-continua-con-su-lucha-para-la-vuelta-del-tren-a-esta-zona-de-granada\/#breadcrumb","itemListElement":[{"@type":"ListItem","position":1,"name":"Portada","item":"https:\/\/arealorcaradio.es\/"},{"@type":"ListItem","position":2,"name":"La Asociaci\u00f3n de Amigos del Ferrocarril de la Comarca de Baza contin\u00faa con su lucha para la vuelta del tren a esta zona de Granada"}]},{"@type":"WebSite","@id":"https:\/\/arealorcaradio.es\/#website","url":"https:\/\/arealorcaradio.es\/","name":"AREA LORCA RADIO","description":"Descubre la programaci\u00f3n actual en \u00c1rea Lorca Radio, tu fuente de entrenamiento y noticias locales. Sintoniza ahora y mantente conectado online.","potentialAction":[{"@type":"SearchAction","target":{"@type":"EntryPoint","urlTemplate":"https:\/\/arealorcaradio.es\/?s={search_term_string}"},"query-input":{"@type":"PropertyValueSpecification","valueRequired":true,"valueName":"search_term_string"}}],"inLanguage":"es"},{"@type":"Person","@id":"https:\/\/arealorcaradio.es\/#\/schema\/person\/9fae605fc25b0f2c83c1ab207139bd27","name":"Paco S\u00e1nchez","image":{"@type":"ImageObject","inLanguage":"es","@id":"https:\/\/secure.gravatar.com\/avatar\/d67144e966420fb74aa84c9f2a0103be4724fd14db52b52d3b6bca749f257e79?s=96&d=mm&r=g","url":"https:\/\/secure.gravatar.com\/avatar\/d67144e966420fb74aa84c9f2a0103be4724fd14db52b52d3b6bca749f257e79?s=96&d=mm&r=g","contentUrl":"https:\/\/secure.gravatar.com\/avatar\/d67144e966420fb74aa84c9f2a0103be4724fd14db52b52d3b6bca749f257e79?s=96&d=mm&r=g","caption":"Paco S\u00e1nchez"},"sameAs":["https:\/\/arealorcaradio.es"],"url":"https:\/\/arealorcaradio.es\/index.php\/author\/admin_alorcaradio\/"}]}},"_links":{"self":[{"href":"https:\/\/arealorcaradio.es\/index.php\/wp-json\/wp\/v2\/posts\/4334","targetHints":{"allow":["GET"]}}],"collection":[{"href":"https:\/\/arealorcaradio.es\/index.php\/wp-json\/wp\/v2\/posts"}],"about":[{"href":"https:\/\/arealorcaradio.es\/index.php\/wp-json\/wp\/v2\/types\/post"}],"author":[{"embeddable":true,"href":"https:\/\/arealorcaradio.es\/index.php\/wp-json\/wp\/v2\/users\/1"}],"replies":[{"embeddable":true,"href":"https:\/\/arealorcaradio.es\/index.php\/wp-json\/wp\/v2\/comments?post=4334"}],"version-history":[{"count":4,"href":"https:\/\/arealorcaradio.es\/index.php\/wp-json\/wp\/v2\/posts\/4334\/revisions"}],"predecessor-version":[{"id":4346,"href":"https:\/\/arealorcaradio.es\/index.php\/wp-json\/wp\/v2\/posts\/4334\/revisions\/4346"}],"wp:featuredmedia":[{"embeddable":true,"href":"https:\/\/arealorcaradio.es\/index.php\/wp-json\/wp\/v2\/media\/4336"}],"wp:attachment":[{"href":"https:\/\/arealorcaradio.es\/index.php\/wp-json\/wp\/v2\/media?parent=4334"}],"wp:term":[{"taxonomy":"category","embeddable":true,"href":"https:\/\/arealorcaradio.es\/index.php\/wp-json\/wp\/v2\/categories?post=4334"},{"taxonomy":"post_tag","embeddable":true,"href":"https:\/\/arealorcaradio.es\/index.php\/wp-json\/wp\/v2\/tags?post=4334"}],"curies":[{"name":"wp","href":"https:\/\/api.w.org\/{rel}","templated":true}]}}