{"id":4320,"date":"2024-10-15T09:24:44","date_gmt":"2024-10-15T09:24:44","guid":{"rendered":"https:\/\/arealorcaradio.es\/?p=4320"},"modified":"2024-10-15T09:43:46","modified_gmt":"2024-10-15T09:43:46","slug":"de-lorca-celebra-el-proximo-sabado-el-dia-de-la-mujer-rural-con-una-jornada-convivencia-en-la-diputacion-de-aguaderas","status":"publish","type":"post","link":"https:\/\/arealorcaradio.es\/index.php\/2024\/10\/15\/de-lorca-celebra-el-proximo-sabado-el-dia-de-la-mujer-rural-con-una-jornada-convivencia-en-la-diputacion-de-aguaderas\/","title":{"rendered":"Lorca celebra el pr\u00f3ximo s\u00e1bado el D\u00eda de la Mujer Rural con una jornada convivencia en la diputaci\u00f3n de Aguaderas"},"content":{"rendered":"<p><strong>\u00c1REA LORCA RADIO.<\/strong><\/p>\n<p><strong>Lorca, 15 de octubre de 2024. <\/strong>La edil de Mujer del Ayuntamiento de Lorca, Mar\u00eda de las Huertas Garc\u00eda, ha presentado esta ma\u00f1ana las actividades que se llevar\u00e1n a cabo con motivo de la celebraci\u00f3n del D\u00eda de la Mujer Rural, y que tendr\u00e1n lugar el pr\u00f3ximo s\u00e1bado, 19 de octubre, en las instalaciones del Centro Local Social de la Ermita del Sacrist\u00e1n de Aguaderas y su entorno, una cita cuyo objetivo principal es visibilizar el enorme papel de las mujeres del \u00e1mbito rural.<\/p>\n<p><img loading=\"lazy\" decoding=\"async\" class=\"alignnone size-medium wp-image-4323\" src=\"https:\/\/arealorcaradio.es\/wp-content\/uploads\/2024\/10\/WhatsApp-Image-2024-10-15-at-11.01.29-2-300x200.jpeg\" alt=\"\" width=\"300\" height=\"200\" srcset=\"https:\/\/arealorcaradio.es\/wp-content\/uploads\/2024\/10\/WhatsApp-Image-2024-10-15-at-11.01.29-2-300x200.jpeg 300w, https:\/\/arealorcaradio.es\/wp-content\/uploads\/2024\/10\/WhatsApp-Image-2024-10-15-at-11.01.29-2-1024x682.jpeg 1024w, https:\/\/arealorcaradio.es\/wp-content\/uploads\/2024\/10\/WhatsApp-Image-2024-10-15-at-11.01.29-2-768x512.jpeg 768w, https:\/\/arealorcaradio.es\/wp-content\/uploads\/2024\/10\/WhatsApp-Image-2024-10-15-at-11.01.29-2-1536x1023.jpeg 1536w, https:\/\/arealorcaradio.es\/wp-content\/uploads\/2024\/10\/WhatsApp-Image-2024-10-15-at-11.01.29-2.jpeg 1600w\" sizes=\"auto, (max-width: 300px) 100vw, 300px\" \/> \u00a0<img loading=\"lazy\" decoding=\"async\" class=\"alignnone size-medium wp-image-4324\" src=\"https:\/\/arealorcaradio.es\/wp-content\/uploads\/2024\/10\/WhatsApp-Image-2024-10-15-at-11.01.29-300x200.jpeg\" alt=\"\" width=\"300\" height=\"200\" srcset=\"https:\/\/arealorcaradio.es\/wp-content\/uploads\/2024\/10\/WhatsApp-Image-2024-10-15-at-11.01.29-300x200.jpeg 300w, https:\/\/arealorcaradio.es\/wp-content\/uploads\/2024\/10\/WhatsApp-Image-2024-10-15-at-11.01.29-1024x682.jpeg 1024w, https:\/\/arealorcaradio.es\/wp-content\/uploads\/2024\/10\/WhatsApp-Image-2024-10-15-at-11.01.29-768x512.jpeg 768w, https:\/\/arealorcaradio.es\/wp-content\/uploads\/2024\/10\/WhatsApp-Image-2024-10-15-at-11.01.29-1536x1023.jpeg 1536w, https:\/\/arealorcaradio.es\/wp-content\/uploads\/2024\/10\/WhatsApp-Image-2024-10-15-at-11.01.29.jpeg 1600w\" sizes=\"auto, (max-width: 300px) 100vw, 300px\" \/><\/p>\n<p>\u201cPoner el foco en ellas, reconocer la importancia de su trabajo y su contribuci\u00f3n al desarrollo del \u00e1mbito rural son algunas de las metas de estas jornadas\u201d, ha indicado la edil, que ha recordado que \u201cestas premisas se incluyen dentro de los objetivos generales del Plan de Igualdad de Oportunidades entre Mujeres y Hombres en el municipio de Lorca, en concreto en el \u00e1rea de ruralidad\u201d.<\/p>\n<p>En este contexto, \u201cotro de los objetivos que se persigue es poder rescatar todo tipo de costumbres que identifican nuestras ra\u00edces culturales\u201d. Para ello, durante el encuentro, se realizar\u00e1n tres talleres centrados en diferentes elaboraciones, como son las conservas, los salazones y el jab\u00f3n; donde las asistentes podr\u00e1n participar de manera activa, interactuando y enriqueci\u00e9ndose unas de otras de la mano de su buen hacer.<\/p>\n<p>Tambi\u00e9n se proyectar\u00e1 la pel\u00edcula \u201cEl agua\u201d, de Elena L\u00f3pez Riera, facilitada por el Ministerio de Agricultura, que contar\u00e1 con otros dos pases fuera de esta velada; concretamente, el d\u00eda 24 de octubre, en el Centro Cultural Alcalde Jose Mar\u00eda Campoy Camacho, a las 18.30 horas y a las 21.30 horas. Adem\u00e1s, los asistentes podr\u00e1n disfrutar de una muestra en la que se expondr\u00e1n diversas actividades que llevan a cabo las asociaciones de mujeres de Lorca; y se realizar\u00e1 una ruta de senderismo que tendr\u00e1 como epicentro la ermita de la Cruz en Aguaderas.<\/p>\n<p>No obstante, cabe destacar que esta celebraci\u00f3n supone un momento de encuentro de las mujeres rurales entre ellas y de estas con las mujeres de la ciudad, un contexto ideal para analizar la situaci\u00f3n actual del mundo rural, en el cual las mujeres mayores representan un porcentaje importante de la poblaci\u00f3n.<\/p>\n<p>En la organizaci\u00f3n de esta acci\u00f3n han intervenido las concejal\u00edas de Mujer; Desarrollo Rural, Pedan\u00edas y Agricultura que se han coordinado con la Federaci\u00f3n de Organizaciones de Mujeres de Lorca (FOML), la Casa del Artesano de Lorca, Artelor y la Cuadrilla de Aguaderas.<\/p>\n<p><strong><u>Detalle Jornada: <\/u><\/strong><\/p>\n<p>9:30 h. Recibimiento de participantes con chocolate<\/p>\n<p>10 h. Presentaci\u00f3n e inauguraci\u00f3n de las jornadas.<\/p>\n<p>10:15 h. Proyecci\u00f3n de la pel\u00edcula \u201cEl agua\u201d de Elena L\u00f3pez y ruta de senderismo a la Ermita de La Cruz<\/p>\n<p>12 h. Muestra &#8211; Taller de conservas, salazones y jabones.<\/p>\n<p>12:30 h. Actuaci\u00f3n de la cuadrilla de Aguaderas<\/p>\n<p>14 h. Comida<\/p>\n<p>16:30 h. Cl\u00e1usula de la jornadas y despedida<\/p>\n","protected":false},"excerpt":{"rendered":"<p>\u00c1REA LORCA RADIO. Lorca, 15 de octubre de 2024. La edil de Mujer del Ayuntamiento de Lorca, Mar\u00eda de las Huertas Garc\u00eda, ha presentado esta ma\u00f1ana las actividades que se llevar\u00e1n a cabo con motivo de la celebraci\u00f3n del D\u00eda de la Mujer Rural, y que tendr\u00e1n lugar el pr\u00f3ximo s\u00e1bado, 19 de octubre, en [&hellip;]<\/p>\n","protected":false},"author":1,"featured_media":4321,"comment_status":"open","ping_status":"open","sticky":false,"template":"","format":"standard","meta":{"iawp_total_views":6,"footnotes":""},"categories":[5,7],"tags":[],"class_list":["post-4320","post","type-post","status-publish","format-standard","has-post-thumbnail","hentry","category-actualidad","category-lorca"],"yoast_head":"<!-- This site is optimized with the Yoast SEO plugin v27.5 - https:\/\/yoast.com\/product\/yoast-seo-wordpress\/ -->\n<title>Lorca celebra el pr\u00f3ximo s\u00e1bado el D\u00eda de la Mujer Rural con una jornada convivencia en la diputaci\u00f3n de Aguaderas - AREA LORCA RADIO<\/title>\n<meta name=\"robots\" content=\"index, follow, max-snippet:-1, max-image-preview:large, max-video-preview:-1\" \/>\n<link rel=\"canonical\" href=\"https:\/\/arealorcaradio.es\/index.php\/2024\/10\/15\/de-lorca-celebra-el-proximo-sabado-el-dia-de-la-mujer-rural-con-una-jornada-convivencia-en-la-diputacion-de-aguaderas\/\" \/>\n<meta property=\"og:locale\" content=\"es_ES\" \/>\n<meta property=\"og:type\" content=\"article\" \/>\n<meta property=\"og:title\" content=\"Lorca celebra el pr\u00f3ximo s\u00e1bado el D\u00eda de la Mujer Rural con una jornada convivencia en la diputaci\u00f3n de Aguaderas - AREA LORCA RADIO\" \/>\n<meta property=\"og:description\" content=\"\u00c1REA LORCA RADIO. Lorca, 15 de octubre de 2024. La edil de Mujer del Ayuntamiento de Lorca, Mar\u00eda de las Huertas Garc\u00eda, ha presentado esta ma\u00f1ana las actividades que se llevar\u00e1n a cabo con motivo de la celebraci\u00f3n del D\u00eda de la Mujer Rural, y que tendr\u00e1n lugar el pr\u00f3ximo s\u00e1bado, 19 de octubre, en [&hellip;]\" \/>\n<meta property=\"og:url\" content=\"https:\/\/arealorcaradio.es\/index.php\/2024\/10\/15\/de-lorca-celebra-el-proximo-sabado-el-dia-de-la-mujer-rural-con-una-jornada-convivencia-en-la-diputacion-de-aguaderas\/\" \/>\n<meta property=\"og:site_name\" content=\"AREA LORCA RADIO\" \/>\n<meta property=\"article:published_time\" content=\"2024-10-15T09:24:44+00:00\" \/>\n<meta property=\"article:modified_time\" content=\"2024-10-15T09:43:46+00:00\" \/>\n<meta property=\"og:image\" content=\"https:\/\/arealorcaradio.es\/wp-content\/uploads\/2024\/10\/WhatsApp-Image-2024-10-15-at-11.01.29-1.jpeg\" \/>\n\t<meta property=\"og:image:width\" content=\"1600\" \/>\n\t<meta property=\"og:image:height\" content=\"1066\" \/>\n\t<meta property=\"og:image:type\" content=\"image\/jpeg\" \/>\n<meta name=\"author\" content=\"Paco S\u00e1nchez\" \/>\n<meta name=\"twitter:card\" content=\"summary_large_image\" \/>\n<meta name=\"twitter:label1\" content=\"Escrito por\" \/>\n\t<meta name=\"twitter:data1\" content=\"Paco S\u00e1nchez\" \/>\n\t<meta name=\"twitter:label2\" content=\"Tiempo de lectura\" \/>\n\t<meta name=\"twitter:data2\" content=\"3 minutos\" \/>\n<script type=\"application\/ld+json\" class=\"yoast-schema-graph\">{\"@context\":\"https:\\\/\\\/schema.org\",\"@graph\":[{\"@type\":\"Article\",\"@id\":\"https:\\\/\\\/arealorcaradio.es\\\/index.php\\\/2024\\\/10\\\/15\\\/de-lorca-celebra-el-proximo-sabado-el-dia-de-la-mujer-rural-con-una-jornada-convivencia-en-la-diputacion-de-aguaderas\\\/#article\",\"isPartOf\":{\"@id\":\"https:\\\/\\\/arealorcaradio.es\\\/index.php\\\/2024\\\/10\\\/15\\\/de-lorca-celebra-el-proximo-sabado-el-dia-de-la-mujer-rural-con-una-jornada-convivencia-en-la-diputacion-de-aguaderas\\\/\"},\"author\":{\"name\":\"Paco S\u00e1nchez\",\"@id\":\"https:\\\/\\\/arealorcaradio.es\\\/#\\\/schema\\\/person\\\/9fae605fc25b0f2c83c1ab207139bd27\"},\"headline\":\"Lorca celebra el pr\u00f3ximo s\u00e1bado el D\u00eda de la Mujer Rural con una jornada convivencia en la diputaci\u00f3n de Aguaderas\",\"datePublished\":\"2024-10-15T09:24:44+00:00\",\"dateModified\":\"2024-10-15T09:43:46+00:00\",\"mainEntityOfPage\":{\"@id\":\"https:\\\/\\\/arealorcaradio.es\\\/index.php\\\/2024\\\/10\\\/15\\\/de-lorca-celebra-el-proximo-sabado-el-dia-de-la-mujer-rural-con-una-jornada-convivencia-en-la-diputacion-de-aguaderas\\\/\"},\"wordCount\":523,\"commentCount\":0,\"image\":{\"@id\":\"https:\\\/\\\/arealorcaradio.es\\\/index.php\\\/2024\\\/10\\\/15\\\/de-lorca-celebra-el-proximo-sabado-el-dia-de-la-mujer-rural-con-una-jornada-convivencia-en-la-diputacion-de-aguaderas\\\/#primaryimage\"},\"thumbnailUrl\":\"https:\\\/\\\/arealorcaradio.es\\\/wp-content\\\/uploads\\\/2024\\\/10\\\/WhatsApp-Image-2024-10-15-at-11.01.29-1.jpeg\",\"articleSection\":[\"ACTUALIDAD\",\"LORCA\"],\"inLanguage\":\"es\",\"potentialAction\":[{\"@type\":\"CommentAction\",\"name\":\"Comment\",\"target\":[\"https:\\\/\\\/arealorcaradio.es\\\/index.php\\\/2024\\\/10\\\/15\\\/de-lorca-celebra-el-proximo-sabado-el-dia-de-la-mujer-rural-con-una-jornada-convivencia-en-la-diputacion-de-aguaderas\\\/#respond\"]}]},{\"@type\":\"WebPage\",\"@id\":\"https:\\\/\\\/arealorcaradio.es\\\/index.php\\\/2024\\\/10\\\/15\\\/de-lorca-celebra-el-proximo-sabado-el-dia-de-la-mujer-rural-con-una-jornada-convivencia-en-la-diputacion-de-aguaderas\\\/\",\"url\":\"https:\\\/\\\/arealorcaradio.es\\\/index.php\\\/2024\\\/10\\\/15\\\/de-lorca-celebra-el-proximo-sabado-el-dia-de-la-mujer-rural-con-una-jornada-convivencia-en-la-diputacion-de-aguaderas\\\/\",\"name\":\"Lorca celebra el pr\u00f3ximo s\u00e1bado el D\u00eda de la Mujer Rural con una jornada convivencia en la diputaci\u00f3n de Aguaderas - AREA LORCA RADIO\",\"isPartOf\":{\"@id\":\"https:\\\/\\\/arealorcaradio.es\\\/#website\"},\"primaryImageOfPage\":{\"@id\":\"https:\\\/\\\/arealorcaradio.es\\\/index.php\\\/2024\\\/10\\\/15\\\/de-lorca-celebra-el-proximo-sabado-el-dia-de-la-mujer-rural-con-una-jornada-convivencia-en-la-diputacion-de-aguaderas\\\/#primaryimage\"},\"image\":{\"@id\":\"https:\\\/\\\/arealorcaradio.es\\\/index.php\\\/2024\\\/10\\\/15\\\/de-lorca-celebra-el-proximo-sabado-el-dia-de-la-mujer-rural-con-una-jornada-convivencia-en-la-diputacion-de-aguaderas\\\/#primaryimage\"},\"thumbnailUrl\":\"https:\\\/\\\/arealorcaradio.es\\\/wp-content\\\/uploads\\\/2024\\\/10\\\/WhatsApp-Image-2024-10-15-at-11.01.29-1.jpeg\",\"datePublished\":\"2024-10-15T09:24:44+00:00\",\"dateModified\":\"2024-10-15T09:43:46+00:00\",\"author\":{\"@id\":\"https:\\\/\\\/arealorcaradio.es\\\/#\\\/schema\\\/person\\\/9fae605fc25b0f2c83c1ab207139bd27\"},\"breadcrumb\":{\"@id\":\"https:\\\/\\\/arealorcaradio.es\\\/index.php\\\/2024\\\/10\\\/15\\\/de-lorca-celebra-el-proximo-sabado-el-dia-de-la-mujer-rural-con-una-jornada-convivencia-en-la-diputacion-de-aguaderas\\\/#breadcrumb\"},\"inLanguage\":\"es\",\"potentialAction\":[{\"@type\":\"ReadAction\",\"target\":[\"https:\\\/\\\/arealorcaradio.es\\\/index.php\\\/2024\\\/10\\\/15\\\/de-lorca-celebra-el-proximo-sabado-el-dia-de-la-mujer-rural-con-una-jornada-convivencia-en-la-diputacion-de-aguaderas\\\/\"]}]},{\"@type\":\"ImageObject\",\"inLanguage\":\"es\",\"@id\":\"https:\\\/\\\/arealorcaradio.es\\\/index.php\\\/2024\\\/10\\\/15\\\/de-lorca-celebra-el-proximo-sabado-el-dia-de-la-mujer-rural-con-una-jornada-convivencia-en-la-diputacion-de-aguaderas\\\/#primaryimage\",\"url\":\"https:\\\/\\\/arealorcaradio.es\\\/wp-content\\\/uploads\\\/2024\\\/10\\\/WhatsApp-Image-2024-10-15-at-11.01.29-1.jpeg\",\"contentUrl\":\"https:\\\/\\\/arealorcaradio.es\\\/wp-content\\\/uploads\\\/2024\\\/10\\\/WhatsApp-Image-2024-10-15-at-11.01.29-1.jpeg\",\"width\":1600,\"height\":1066},{\"@type\":\"BreadcrumbList\",\"@id\":\"https:\\\/\\\/arealorcaradio.es\\\/index.php\\\/2024\\\/10\\\/15\\\/de-lorca-celebra-el-proximo-sabado-el-dia-de-la-mujer-rural-con-una-jornada-convivencia-en-la-diputacion-de-aguaderas\\\/#breadcrumb\",\"itemListElement\":[{\"@type\":\"ListItem\",\"position\":1,\"name\":\"Portada\",\"item\":\"https:\\\/\\\/arealorcaradio.es\\\/\"},{\"@type\":\"ListItem\",\"position\":2,\"name\":\"Lorca celebra el pr\u00f3ximo s\u00e1bado el D\u00eda de la Mujer Rural con una jornada convivencia en la diputaci\u00f3n de Aguaderas\"}]},{\"@type\":\"WebSite\",\"@id\":\"https:\\\/\\\/arealorcaradio.es\\\/#website\",\"url\":\"https:\\\/\\\/arealorcaradio.es\\\/\",\"name\":\"AREA LORCA RADIO\",\"description\":\"Descubre la programaci\u00f3n actual en \u00c1rea Lorca Radio, tu fuente de entrenamiento y noticias locales. Sintoniza ahora y mantente conectado online.\",\"potentialAction\":[{\"@type\":\"SearchAction\",\"target\":{\"@type\":\"EntryPoint\",\"urlTemplate\":\"https:\\\/\\\/arealorcaradio.es\\\/?s={search_term_string}\"},\"query-input\":{\"@type\":\"PropertyValueSpecification\",\"valueRequired\":true,\"valueName\":\"search_term_string\"}}],\"inLanguage\":\"es\"},{\"@type\":\"Person\",\"@id\":\"https:\\\/\\\/arealorcaradio.es\\\/#\\\/schema\\\/person\\\/9fae605fc25b0f2c83c1ab207139bd27\",\"name\":\"Paco S\u00e1nchez\",\"image\":{\"@type\":\"ImageObject\",\"inLanguage\":\"es\",\"@id\":\"https:\\\/\\\/secure.gravatar.com\\\/avatar\\\/d67144e966420fb74aa84c9f2a0103be4724fd14db52b52d3b6bca749f257e79?s=96&d=mm&r=g\",\"url\":\"https:\\\/\\\/secure.gravatar.com\\\/avatar\\\/d67144e966420fb74aa84c9f2a0103be4724fd14db52b52d3b6bca749f257e79?s=96&d=mm&r=g\",\"contentUrl\":\"https:\\\/\\\/secure.gravatar.com\\\/avatar\\\/d67144e966420fb74aa84c9f2a0103be4724fd14db52b52d3b6bca749f257e79?s=96&d=mm&r=g\",\"caption\":\"Paco S\u00e1nchez\"},\"sameAs\":[\"https:\\\/\\\/arealorcaradio.es\"],\"url\":\"https:\\\/\\\/arealorcaradio.es\\\/index.php\\\/author\\\/admin_alorcaradio\\\/\"}]}<\/script>\n<!-- \/ Yoast SEO plugin. -->","yoast_head_json":{"title":"Lorca celebra el pr\u00f3ximo s\u00e1bado el D\u00eda de la Mujer Rural con una jornada convivencia en la diputaci\u00f3n de Aguaderas - AREA LORCA RADIO","robots":{"index":"index","follow":"follow","max-snippet":"max-snippet:-1","max-image-preview":"max-image-preview:large","max-video-preview":"max-video-preview:-1"},"canonical":"https:\/\/arealorcaradio.es\/index.php\/2024\/10\/15\/de-lorca-celebra-el-proximo-sabado-el-dia-de-la-mujer-rural-con-una-jornada-convivencia-en-la-diputacion-de-aguaderas\/","og_locale":"es_ES","og_type":"article","og_title":"Lorca celebra el pr\u00f3ximo s\u00e1bado el D\u00eda de la Mujer Rural con una jornada convivencia en la diputaci\u00f3n de Aguaderas - AREA LORCA RADIO","og_description":"\u00c1REA LORCA RADIO. Lorca, 15 de octubre de 2024. La edil de Mujer del Ayuntamiento de Lorca, Mar\u00eda de las Huertas Garc\u00eda, ha presentado esta ma\u00f1ana las actividades que se llevar\u00e1n a cabo con motivo de la celebraci\u00f3n del D\u00eda de la Mujer Rural, y que tendr\u00e1n lugar el pr\u00f3ximo s\u00e1bado, 19 de octubre, en [&hellip;]","og_url":"https:\/\/arealorcaradio.es\/index.php\/2024\/10\/15\/de-lorca-celebra-el-proximo-sabado-el-dia-de-la-mujer-rural-con-una-jornada-convivencia-en-la-diputacion-de-aguaderas\/","og_site_name":"AREA LORCA RADIO","article_published_time":"2024-10-15T09:24:44+00:00","article_modified_time":"2024-10-15T09:43:46+00:00","og_image":[{"width":1600,"height":1066,"url":"https:\/\/arealorcaradio.es\/wp-content\/uploads\/2024\/10\/WhatsApp-Image-2024-10-15-at-11.01.29-1.jpeg","type":"image\/jpeg"}],"author":"Paco S\u00e1nchez","twitter_card":"summary_large_image","twitter_misc":{"Escrito por":"Paco S\u00e1nchez","Tiempo de lectura":"3 minutos"},"schema":{"@context":"https:\/\/schema.org","@graph":[{"@type":"Article","@id":"https:\/\/arealorcaradio.es\/index.php\/2024\/10\/15\/de-lorca-celebra-el-proximo-sabado-el-dia-de-la-mujer-rural-con-una-jornada-convivencia-en-la-diputacion-de-aguaderas\/#article","isPartOf":{"@id":"https:\/\/arealorcaradio.es\/index.php\/2024\/10\/15\/de-lorca-celebra-el-proximo-sabado-el-dia-de-la-mujer-rural-con-una-jornada-convivencia-en-la-diputacion-de-aguaderas\/"},"author":{"name":"Paco S\u00e1nchez","@id":"https:\/\/arealorcaradio.es\/#\/schema\/person\/9fae605fc25b0f2c83c1ab207139bd27"},"headline":"Lorca celebra el pr\u00f3ximo s\u00e1bado el D\u00eda de la Mujer Rural con una jornada convivencia en la diputaci\u00f3n de Aguaderas","datePublished":"2024-10-15T09:24:44+00:00","dateModified":"2024-10-15T09:43:46+00:00","mainEntityOfPage":{"@id":"https:\/\/arealorcaradio.es\/index.php\/2024\/10\/15\/de-lorca-celebra-el-proximo-sabado-el-dia-de-la-mujer-rural-con-una-jornada-convivencia-en-la-diputacion-de-aguaderas\/"},"wordCount":523,"commentCount":0,"image":{"@id":"https:\/\/arealorcaradio.es\/index.php\/2024\/10\/15\/de-lorca-celebra-el-proximo-sabado-el-dia-de-la-mujer-rural-con-una-jornada-convivencia-en-la-diputacion-de-aguaderas\/#primaryimage"},"thumbnailUrl":"https:\/\/arealorcaradio.es\/wp-content\/uploads\/2024\/10\/WhatsApp-Image-2024-10-15-at-11.01.29-1.jpeg","articleSection":["ACTUALIDAD","LORCA"],"inLanguage":"es","potentialAction":[{"@type":"CommentAction","name":"Comment","target":["https:\/\/arealorcaradio.es\/index.php\/2024\/10\/15\/de-lorca-celebra-el-proximo-sabado-el-dia-de-la-mujer-rural-con-una-jornada-convivencia-en-la-diputacion-de-aguaderas\/#respond"]}]},{"@type":"WebPage","@id":"https:\/\/arealorcaradio.es\/index.php\/2024\/10\/15\/de-lorca-celebra-el-proximo-sabado-el-dia-de-la-mujer-rural-con-una-jornada-convivencia-en-la-diputacion-de-aguaderas\/","url":"https:\/\/arealorcaradio.es\/index.php\/2024\/10\/15\/de-lorca-celebra-el-proximo-sabado-el-dia-de-la-mujer-rural-con-una-jornada-convivencia-en-la-diputacion-de-aguaderas\/","name":"Lorca celebra el pr\u00f3ximo s\u00e1bado el D\u00eda de la Mujer Rural con una jornada convivencia en la diputaci\u00f3n de Aguaderas - AREA LORCA RADIO","isPartOf":{"@id":"https:\/\/arealorcaradio.es\/#website"},"primaryImageOfPage":{"@id":"https:\/\/arealorcaradio.es\/index.php\/2024\/10\/15\/de-lorca-celebra-el-proximo-sabado-el-dia-de-la-mujer-rural-con-una-jornada-convivencia-en-la-diputacion-de-aguaderas\/#primaryimage"},"image":{"@id":"https:\/\/arealorcaradio.es\/index.php\/2024\/10\/15\/de-lorca-celebra-el-proximo-sabado-el-dia-de-la-mujer-rural-con-una-jornada-convivencia-en-la-diputacion-de-aguaderas\/#primaryimage"},"thumbnailUrl":"https:\/\/arealorcaradio.es\/wp-content\/uploads\/2024\/10\/WhatsApp-Image-2024-10-15-at-11.01.29-1.jpeg","datePublished":"2024-10-15T09:24:44+00:00","dateModified":"2024-10-15T09:43:46+00:00","author":{"@id":"https:\/\/arealorcaradio.es\/#\/schema\/person\/9fae605fc25b0f2c83c1ab207139bd27"},"breadcrumb":{"@id":"https:\/\/arealorcaradio.es\/index.php\/2024\/10\/15\/de-lorca-celebra-el-proximo-sabado-el-dia-de-la-mujer-rural-con-una-jornada-convivencia-en-la-diputacion-de-aguaderas\/#breadcrumb"},"inLanguage":"es","potentialAction":[{"@type":"ReadAction","target":["https:\/\/arealorcaradio.es\/index.php\/2024\/10\/15\/de-lorca-celebra-el-proximo-sabado-el-dia-de-la-mujer-rural-con-una-jornada-convivencia-en-la-diputacion-de-aguaderas\/"]}]},{"@type":"ImageObject","inLanguage":"es","@id":"https:\/\/arealorcaradio.es\/index.php\/2024\/10\/15\/de-lorca-celebra-el-proximo-sabado-el-dia-de-la-mujer-rural-con-una-jornada-convivencia-en-la-diputacion-de-aguaderas\/#primaryimage","url":"https:\/\/arealorcaradio.es\/wp-content\/uploads\/2024\/10\/WhatsApp-Image-2024-10-15-at-11.01.29-1.jpeg","contentUrl":"https:\/\/arealorcaradio.es\/wp-content\/uploads\/2024\/10\/WhatsApp-Image-2024-10-15-at-11.01.29-1.jpeg","width":1600,"height":1066},{"@type":"BreadcrumbList","@id":"https:\/\/arealorcaradio.es\/index.php\/2024\/10\/15\/de-lorca-celebra-el-proximo-sabado-el-dia-de-la-mujer-rural-con-una-jornada-convivencia-en-la-diputacion-de-aguaderas\/#breadcrumb","itemListElement":[{"@type":"ListItem","position":1,"name":"Portada","item":"https:\/\/arealorcaradio.es\/"},{"@type":"ListItem","position":2,"name":"Lorca celebra el pr\u00f3ximo s\u00e1bado el D\u00eda de la Mujer Rural con una jornada convivencia en la diputaci\u00f3n de Aguaderas"}]},{"@type":"WebSite","@id":"https:\/\/arealorcaradio.es\/#website","url":"https:\/\/arealorcaradio.es\/","name":"AREA LORCA RADIO","description":"Descubre la programaci\u00f3n actual en \u00c1rea Lorca Radio, tu fuente de entrenamiento y noticias locales. Sintoniza ahora y mantente conectado online.","potentialAction":[{"@type":"SearchAction","target":{"@type":"EntryPoint","urlTemplate":"https:\/\/arealorcaradio.es\/?s={search_term_string}"},"query-input":{"@type":"PropertyValueSpecification","valueRequired":true,"valueName":"search_term_string"}}],"inLanguage":"es"},{"@type":"Person","@id":"https:\/\/arealorcaradio.es\/#\/schema\/person\/9fae605fc25b0f2c83c1ab207139bd27","name":"Paco S\u00e1nchez","image":{"@type":"ImageObject","inLanguage":"es","@id":"https:\/\/secure.gravatar.com\/avatar\/d67144e966420fb74aa84c9f2a0103be4724fd14db52b52d3b6bca749f257e79?s=96&d=mm&r=g","url":"https:\/\/secure.gravatar.com\/avatar\/d67144e966420fb74aa84c9f2a0103be4724fd14db52b52d3b6bca749f257e79?s=96&d=mm&r=g","contentUrl":"https:\/\/secure.gravatar.com\/avatar\/d67144e966420fb74aa84c9f2a0103be4724fd14db52b52d3b6bca749f257e79?s=96&d=mm&r=g","caption":"Paco S\u00e1nchez"},"sameAs":["https:\/\/arealorcaradio.es"],"url":"https:\/\/arealorcaradio.es\/index.php\/author\/admin_alorcaradio\/"}]}},"_links":{"self":[{"href":"https:\/\/arealorcaradio.es\/index.php\/wp-json\/wp\/v2\/posts\/4320","targetHints":{"allow":["GET"]}}],"collection":[{"href":"https:\/\/arealorcaradio.es\/index.php\/wp-json\/wp\/v2\/posts"}],"about":[{"href":"https:\/\/arealorcaradio.es\/index.php\/wp-json\/wp\/v2\/types\/post"}],"author":[{"embeddable":true,"href":"https:\/\/arealorcaradio.es\/index.php\/wp-json\/wp\/v2\/users\/1"}],"replies":[{"embeddable":true,"href":"https:\/\/arealorcaradio.es\/index.php\/wp-json\/wp\/v2\/comments?post=4320"}],"version-history":[{"count":4,"href":"https:\/\/arealorcaradio.es\/index.php\/wp-json\/wp\/v2\/posts\/4320\/revisions"}],"predecessor-version":[{"id":4327,"href":"https:\/\/arealorcaradio.es\/index.php\/wp-json\/wp\/v2\/posts\/4320\/revisions\/4327"}],"wp:featuredmedia":[{"embeddable":true,"href":"https:\/\/arealorcaradio.es\/index.php\/wp-json\/wp\/v2\/media\/4321"}],"wp:attachment":[{"href":"https:\/\/arealorcaradio.es\/index.php\/wp-json\/wp\/v2\/media?parent=4320"}],"wp:term":[{"taxonomy":"category","embeddable":true,"href":"https:\/\/arealorcaradio.es\/index.php\/wp-json\/wp\/v2\/categories?post=4320"},{"taxonomy":"post_tag","embeddable":true,"href":"https:\/\/arealorcaradio.es\/index.php\/wp-json\/wp\/v2\/tags?post=4320"}],"curies":[{"name":"wp","href":"https:\/\/api.w.org\/{rel}","templated":true}]}}