{"id":4316,"date":"2024-10-15T09:20:47","date_gmt":"2024-10-15T09:20:47","guid":{"rendered":"https:\/\/arealorcaradio.es\/?p=4316"},"modified":"2024-10-15T09:20:47","modified_gmt":"2024-10-15T09:20:47","slug":"mas-de-un-millon-de-euros-para-la-rehabilitacion-de-viviendas-de-uso-residencial-en-lorca","status":"publish","type":"post","link":"https:\/\/arealorcaradio.es\/index.php\/2024\/10\/15\/mas-de-un-millon-de-euros-para-la-rehabilitacion-de-viviendas-de-uso-residencial-en-lorca\/","title":{"rendered":"M\u00e1s de un mill\u00f3n de euros para la rehabilitaci\u00f3n de viviendas de uso residencial en Lorca"},"content":{"rendered":"<p>\u00c1REA LORCA RADIO.<\/p>\n<p><strong>Lorca, 15 de octubre de 2024<\/strong>. La edil de Urbanismo del Ayuntamiento de Lorca, Mar\u00eda Hern\u00e1ndez, ha informado de la puesta en marcha de ayudas directas a los ciudadanos en materia de rehabilitaci\u00f3n de viviendas en Lorca dotadas con un presupuesto inicial total de <strong>1.071.324,31 <\/strong>euros.<\/p>\n<p>El anuncio llega tras la aprobaci\u00f3n en la \u00faltima Junta de Gobierno Local de la convocatoria de ayudas destinadas a las actuaciones de rehabilitaci\u00f3n a nivel de barrio para obras de rehabilitaci\u00f3n de viviendas de uso principalmente residencial \u201cLorca. Fase I\u201d del \u201cPrograma de Ayudas a las actuaciones de Rehabilitaci\u00f3n a nivel de Barrio\u201d, financiadas con cargo al Plan de Recuperaci\u00f3n, Transformaci\u00f3n y Resiliencia \u2013 Fondos Next Generation.<\/p>\n<p>\u201cLa caracter\u00edstica principal de estas ayudas es que exclusivamente van unidas a eficiencia energ\u00e9tica. Por tanto, cabe cualquier actuaci\u00f3n de rehabilitaci\u00f3n en las viviendas, del tipo que sea, siempre y cuando se consiga un porcentaje de reducci\u00f3n de consumo energ\u00e9tico, debi\u00e9ndose conseguir como m\u00ednimo un 30%\u201d, ha indicado Hern\u00e1ndez, que apuntado que \u201cel porcentaje de ayuda aumenta seg\u00fan se vaya consiguiendo una mayor reducci\u00f3n del consumo energ\u00e9tico\u201d:<\/p>\n<p>Con una reducci\u00f3n entre un 30% y un 45% se obtendr\u00eda una ayuda total del 40% del coste de la obra, con el l\u00edmite de 8.100 euros por vivienda.<\/p>\n<p>Con una reducci\u00f3n del consumo energ\u00e9tico superior al 45% e inferior al 60% se llegar\u00eda hasta el 60% de la ayuda, con un m\u00e1ximo de 14.500 euros.<\/p>\n<p>Y si supera el 61% se llegar\u00eda hasta el 80% del coste de la obra, con el l\u00edmite de 21.400 euros.<\/p>\n<p>\u201cHablamos, por ejemplo, de la mejora y adaptaci\u00f3n de las instalaciones de climatizaci\u00f3n, la instalaci\u00f3n de sistemas de generaci\u00f3n de energ\u00eda renovable o la sustituci\u00f3n del sistema de Agua Caliente Sanitaria (ACS) por otros que no utilicen combustible f\u00f3sil\u201d, ha sumado Hern\u00e1ndez.<\/p>\n<p>Adem\u00e1s de lo anterior, se incrementan estas ayudas cuando la petici\u00f3n se realice por personas en situaci\u00f3n de vulnerabilidad econ\u00f3mica. En esos casos, las cuant\u00edas m\u00e1ximas suben hasta 20.250 euros, 22.300 y 26.750 euros en cada uno de los tramos de ahorro energ\u00e9tico.<\/p>\n<p>Hern\u00e1ndez ha explicado que \u201cla situaci\u00f3n de vulnerabilidad solamente va unida a la situaci\u00f3n econ\u00f3mica de la unidad de convivencia\u201d, consider\u00e1ndose vulnerables aquellas unidades de convivencia en que la suma de sus ingresos sea igual o inferior a dos veces el IPREM anual (14 pagas). Con algunos correctivos:<\/p>\n<p>Si uno de sus miembros es menor o tiene una discapacidad superior al 33% se considera 2,5 veces el IPREM; si son dos los miembros en esa situaci\u00f3n, la cuant\u00eda sube hasta el 2,7 del IPREM; y si son tres o m\u00e1s, la cuant\u00eda del IPREM se eleva a 3.<\/p>\n<p>Una vez que el Bolet\u00edn Oficial de la Regi\u00f3n de Murcia (BORM) publique el extracto de la convocatoria, que lo har\u00e1 en los pr\u00f3ximos d\u00edas, se abrir\u00e1 el plazo de solicitudes, que estar\u00e1 abierto hasta el 30 de abril de 2025. Las obras que se realicen deber\u00e1n de hacerse dentro del a\u00f1o siguiente a la concesi\u00f3n de la ayuda y, como m\u00e1ximo, hasta el 30 de Junio de 2026.<\/p>\n<p>Esta convocatoria tiene la particularidad de que tambi\u00e9n se pueden financiar obras ya realizadas, siempre que se hayan hecho con posterioridad al 1 de Febrero de 2020 y cumplan con los requisitos de eficiencia energ\u00e9tica.<\/p>\n<p>Para su tramitaci\u00f3n se ha creado, mediante convenio con SUVILOR, una Oficina T\u00e9cnica de Rehabilitaci\u00f3n para la tramitaci\u00f3n de todas estas ayudas, a modo de \u201cventanilla \u00fanica\u201d y que ser\u00e1 la recientemente creada Oficina ReHABITA, situada en la planta baja de la Concejal\u00eda de Urbanismo. Desde all\u00ed se podr\u00e1 obtener informaci\u00f3n sobre los requisitos, documentaci\u00f3n a presentar, etc.\u2026, a partir de la apertura del plazo de presentaci\u00f3n, tras la publicaci\u00f3n en el BORM.<\/p>\n<p><img loading=\"lazy\" decoding=\"async\" class=\"alignnone size-medium wp-image-4318\" src=\"https:\/\/arealorcaradio.es\/wp-content\/uploads\/2024\/10\/WhatsApp-Image-2024-10-15-at-10.57.53-300x200.jpeg\" alt=\"\" width=\"300\" height=\"200\" srcset=\"https:\/\/arealorcaradio.es\/wp-content\/uploads\/2024\/10\/WhatsApp-Image-2024-10-15-at-10.57.53-300x200.jpeg 300w, https:\/\/arealorcaradio.es\/wp-content\/uploads\/2024\/10\/WhatsApp-Image-2024-10-15-at-10.57.53-1024x682.jpeg 1024w, https:\/\/arealorcaradio.es\/wp-content\/uploads\/2024\/10\/WhatsApp-Image-2024-10-15-at-10.57.53-768x512.jpeg 768w, https:\/\/arealorcaradio.es\/wp-content\/uploads\/2024\/10\/WhatsApp-Image-2024-10-15-at-10.57.53-1536x1023.jpeg 1536w, https:\/\/arealorcaradio.es\/wp-content\/uploads\/2024\/10\/WhatsApp-Image-2024-10-15-at-10.57.53.jpeg 1600w\" sizes=\"auto, (max-width: 300px) 100vw, 300px\" \/><\/p>\n<p>\u201cDado que hay m\u00e1s de un centenar de solicitudes de informaci\u00f3n previas, esta Oficina ReHABITA se pondr\u00e1 en contacto con los interesados para ir cit\u00e1ndolos de manera prioritaria, por lo que se recomienda a los nuevos interesados ponerse en contacto con los t\u00e9cnicos de la Oficina (presencialmente o al tel\u00e9fono de la Concejal\u00eda de Urbanismo) para agendar cita y evitar esperas\u201d, ha a\u00f1adido la edil.<\/p>\n<p>Adem\u00e1s de lo anterior, esta convocatoria es la Fase I de un programa que dura hasta 2026, por lo que, en funci\u00f3n de la demanda, se ir\u00e1n obteniendo m\u00e1s cantidades por parte del Ayuntamiento durante los a\u00f1os 2024, 2025 y 2026, pudi\u00e9ndose llegar a m\u00e1s de 4 millones de euros para poner a disposici\u00f3n de la ciudadan\u00eda.<\/p>\n<p>Los beneficiarios pueden ser todos los vecinos que residan en los n\u00facleos urbanos del municipio, tanto de la ciudad como de pedan\u00edas. Adem\u00e1s, este programa es complementario al puesto en marcha por SUVILOR y dotada con 500.000 euros, que va unido a la consecuci\u00f3n de la calificaci\u00f3n energ\u00e9tica A, con un 50% de la inversi\u00f3n y 12.000 euros m\u00e1ximos de ayuda.<\/p>\n<p>Por tanto, con la puesta en marcha de este programa y del anterior cualquier vecino o vecina del municipio puede obtener ayudas en materia de rehabilitaci\u00f3n de sus viviendas, consigui\u00e9ndose as\u00ed mejorar el confort y las condiciones de habitabilidad de las mismas a la vez que se lucha contra el cambio clim\u00e1tico y la reducci\u00f3n de emisiones.<\/p>\n","protected":false},"excerpt":{"rendered":"<p>\u00c1REA LORCA RADIO. Lorca, 15 de octubre de 2024. La edil de Urbanismo del Ayuntamiento de Lorca, Mar\u00eda Hern\u00e1ndez, ha informado de la puesta en marcha de ayudas directas a los ciudadanos en materia de rehabilitaci\u00f3n de viviendas en Lorca dotadas con un presupuesto inicial total de 1.071.324,31 euros. El anuncio llega tras la aprobaci\u00f3n [&hellip;]<\/p>\n","protected":false},"author":1,"featured_media":4317,"comment_status":"open","ping_status":"open","sticky":false,"template":"","format":"standard","meta":{"iawp_total_views":15,"footnotes":""},"categories":[5,7],"tags":[],"class_list":["post-4316","post","type-post","status-publish","format-standard","has-post-thumbnail","hentry","category-actualidad","category-lorca"],"yoast_head":"<!-- This site is optimized with the Yoast SEO plugin v27.5 - https:\/\/yoast.com\/product\/yoast-seo-wordpress\/ -->\n<title>M\u00e1s de un mill\u00f3n de euros para la rehabilitaci\u00f3n de viviendas de uso residencial en Lorca - AREA LORCA RADIO<\/title>\n<meta name=\"robots\" content=\"index, follow, max-snippet:-1, max-image-preview:large, max-video-preview:-1\" \/>\n<link rel=\"canonical\" href=\"https:\/\/arealorcaradio.es\/index.php\/2024\/10\/15\/mas-de-un-millon-de-euros-para-la-rehabilitacion-de-viviendas-de-uso-residencial-en-lorca\/\" \/>\n<meta property=\"og:locale\" content=\"es_ES\" \/>\n<meta property=\"og:type\" content=\"article\" \/>\n<meta property=\"og:title\" content=\"M\u00e1s de un mill\u00f3n de euros para la rehabilitaci\u00f3n de viviendas de uso residencial en Lorca - AREA LORCA RADIO\" \/>\n<meta property=\"og:description\" content=\"\u00c1REA LORCA RADIO. Lorca, 15 de octubre de 2024. La edil de Urbanismo del Ayuntamiento de Lorca, Mar\u00eda Hern\u00e1ndez, ha informado de la puesta en marcha de ayudas directas a los ciudadanos en materia de rehabilitaci\u00f3n de viviendas en Lorca dotadas con un presupuesto inicial total de 1.071.324,31 euros. El anuncio llega tras la aprobaci\u00f3n [&hellip;]\" \/>\n<meta property=\"og:url\" content=\"https:\/\/arealorcaradio.es\/index.php\/2024\/10\/15\/mas-de-un-millon-de-euros-para-la-rehabilitacion-de-viviendas-de-uso-residencial-en-lorca\/\" \/>\n<meta property=\"og:site_name\" content=\"AREA LORCA RADIO\" \/>\n<meta property=\"article:published_time\" content=\"2024-10-15T09:20:47+00:00\" \/>\n<meta property=\"og:image\" content=\"https:\/\/arealorcaradio.es\/wp-content\/uploads\/2024\/10\/WhatsApp-Image-2024-10-15-at-10.57.53-2.jpeg\" \/>\n\t<meta property=\"og:image:width\" content=\"1600\" \/>\n\t<meta property=\"og:image:height\" content=\"1066\" \/>\n\t<meta property=\"og:image:type\" content=\"image\/jpeg\" \/>\n<meta name=\"author\" content=\"Paco S\u00e1nchez\" \/>\n<meta name=\"twitter:card\" content=\"summary_large_image\" \/>\n<meta name=\"twitter:label1\" content=\"Escrito por\" \/>\n\t<meta name=\"twitter:data1\" content=\"Paco S\u00e1nchez\" \/>\n\t<meta name=\"twitter:label2\" content=\"Tiempo de lectura\" \/>\n\t<meta name=\"twitter:data2\" content=\"5 minutos\" \/>\n<script type=\"application\/ld+json\" class=\"yoast-schema-graph\">{\"@context\":\"https:\\\/\\\/schema.org\",\"@graph\":[{\"@type\":\"Article\",\"@id\":\"https:\\\/\\\/arealorcaradio.es\\\/index.php\\\/2024\\\/10\\\/15\\\/mas-de-un-millon-de-euros-para-la-rehabilitacion-de-viviendas-de-uso-residencial-en-lorca\\\/#article\",\"isPartOf\":{\"@id\":\"https:\\\/\\\/arealorcaradio.es\\\/index.php\\\/2024\\\/10\\\/15\\\/mas-de-un-millon-de-euros-para-la-rehabilitacion-de-viviendas-de-uso-residencial-en-lorca\\\/\"},\"author\":{\"name\":\"Paco S\u00e1nchez\",\"@id\":\"https:\\\/\\\/arealorcaradio.es\\\/#\\\/schema\\\/person\\\/9fae605fc25b0f2c83c1ab207139bd27\"},\"headline\":\"M\u00e1s de un mill\u00f3n de euros para la rehabilitaci\u00f3n de viviendas de uso residencial en Lorca\",\"datePublished\":\"2024-10-15T09:20:47+00:00\",\"mainEntityOfPage\":{\"@id\":\"https:\\\/\\\/arealorcaradio.es\\\/index.php\\\/2024\\\/10\\\/15\\\/mas-de-un-millon-de-euros-para-la-rehabilitacion-de-viviendas-de-uso-residencial-en-lorca\\\/\"},\"wordCount\":943,\"commentCount\":0,\"image\":{\"@id\":\"https:\\\/\\\/arealorcaradio.es\\\/index.php\\\/2024\\\/10\\\/15\\\/mas-de-un-millon-de-euros-para-la-rehabilitacion-de-viviendas-de-uso-residencial-en-lorca\\\/#primaryimage\"},\"thumbnailUrl\":\"https:\\\/\\\/arealorcaradio.es\\\/wp-content\\\/uploads\\\/2024\\\/10\\\/WhatsApp-Image-2024-10-15-at-10.57.53-2.jpeg\",\"articleSection\":[\"ACTUALIDAD\",\"LORCA\"],\"inLanguage\":\"es\",\"potentialAction\":[{\"@type\":\"CommentAction\",\"name\":\"Comment\",\"target\":[\"https:\\\/\\\/arealorcaradio.es\\\/index.php\\\/2024\\\/10\\\/15\\\/mas-de-un-millon-de-euros-para-la-rehabilitacion-de-viviendas-de-uso-residencial-en-lorca\\\/#respond\"]}]},{\"@type\":\"WebPage\",\"@id\":\"https:\\\/\\\/arealorcaradio.es\\\/index.php\\\/2024\\\/10\\\/15\\\/mas-de-un-millon-de-euros-para-la-rehabilitacion-de-viviendas-de-uso-residencial-en-lorca\\\/\",\"url\":\"https:\\\/\\\/arealorcaradio.es\\\/index.php\\\/2024\\\/10\\\/15\\\/mas-de-un-millon-de-euros-para-la-rehabilitacion-de-viviendas-de-uso-residencial-en-lorca\\\/\",\"name\":\"M\u00e1s de un mill\u00f3n de euros para la rehabilitaci\u00f3n de viviendas de uso residencial en Lorca - AREA LORCA RADIO\",\"isPartOf\":{\"@id\":\"https:\\\/\\\/arealorcaradio.es\\\/#website\"},\"primaryImageOfPage\":{\"@id\":\"https:\\\/\\\/arealorcaradio.es\\\/index.php\\\/2024\\\/10\\\/15\\\/mas-de-un-millon-de-euros-para-la-rehabilitacion-de-viviendas-de-uso-residencial-en-lorca\\\/#primaryimage\"},\"image\":{\"@id\":\"https:\\\/\\\/arealorcaradio.es\\\/index.php\\\/2024\\\/10\\\/15\\\/mas-de-un-millon-de-euros-para-la-rehabilitacion-de-viviendas-de-uso-residencial-en-lorca\\\/#primaryimage\"},\"thumbnailUrl\":\"https:\\\/\\\/arealorcaradio.es\\\/wp-content\\\/uploads\\\/2024\\\/10\\\/WhatsApp-Image-2024-10-15-at-10.57.53-2.jpeg\",\"datePublished\":\"2024-10-15T09:20:47+00:00\",\"author\":{\"@id\":\"https:\\\/\\\/arealorcaradio.es\\\/#\\\/schema\\\/person\\\/9fae605fc25b0f2c83c1ab207139bd27\"},\"breadcrumb\":{\"@id\":\"https:\\\/\\\/arealorcaradio.es\\\/index.php\\\/2024\\\/10\\\/15\\\/mas-de-un-millon-de-euros-para-la-rehabilitacion-de-viviendas-de-uso-residencial-en-lorca\\\/#breadcrumb\"},\"inLanguage\":\"es\",\"potentialAction\":[{\"@type\":\"ReadAction\",\"target\":[\"https:\\\/\\\/arealorcaradio.es\\\/index.php\\\/2024\\\/10\\\/15\\\/mas-de-un-millon-de-euros-para-la-rehabilitacion-de-viviendas-de-uso-residencial-en-lorca\\\/\"]}]},{\"@type\":\"ImageObject\",\"inLanguage\":\"es\",\"@id\":\"https:\\\/\\\/arealorcaradio.es\\\/index.php\\\/2024\\\/10\\\/15\\\/mas-de-un-millon-de-euros-para-la-rehabilitacion-de-viviendas-de-uso-residencial-en-lorca\\\/#primaryimage\",\"url\":\"https:\\\/\\\/arealorcaradio.es\\\/wp-content\\\/uploads\\\/2024\\\/10\\\/WhatsApp-Image-2024-10-15-at-10.57.53-2.jpeg\",\"contentUrl\":\"https:\\\/\\\/arealorcaradio.es\\\/wp-content\\\/uploads\\\/2024\\\/10\\\/WhatsApp-Image-2024-10-15-at-10.57.53-2.jpeg\",\"width\":1600,\"height\":1066},{\"@type\":\"BreadcrumbList\",\"@id\":\"https:\\\/\\\/arealorcaradio.es\\\/index.php\\\/2024\\\/10\\\/15\\\/mas-de-un-millon-de-euros-para-la-rehabilitacion-de-viviendas-de-uso-residencial-en-lorca\\\/#breadcrumb\",\"itemListElement\":[{\"@type\":\"ListItem\",\"position\":1,\"name\":\"Portada\",\"item\":\"https:\\\/\\\/arealorcaradio.es\\\/\"},{\"@type\":\"ListItem\",\"position\":2,\"name\":\"M\u00e1s de un mill\u00f3n de euros para la rehabilitaci\u00f3n de viviendas de uso residencial en Lorca\"}]},{\"@type\":\"WebSite\",\"@id\":\"https:\\\/\\\/arealorcaradio.es\\\/#website\",\"url\":\"https:\\\/\\\/arealorcaradio.es\\\/\",\"name\":\"AREA LORCA RADIO\",\"description\":\"Descubre la programaci\u00f3n actual en \u00c1rea Lorca Radio, tu fuente de entrenamiento y noticias locales. Sintoniza ahora y mantente conectado online.\",\"potentialAction\":[{\"@type\":\"SearchAction\",\"target\":{\"@type\":\"EntryPoint\",\"urlTemplate\":\"https:\\\/\\\/arealorcaradio.es\\\/?s={search_term_string}\"},\"query-input\":{\"@type\":\"PropertyValueSpecification\",\"valueRequired\":true,\"valueName\":\"search_term_string\"}}],\"inLanguage\":\"es\"},{\"@type\":\"Person\",\"@id\":\"https:\\\/\\\/arealorcaradio.es\\\/#\\\/schema\\\/person\\\/9fae605fc25b0f2c83c1ab207139bd27\",\"name\":\"Paco S\u00e1nchez\",\"image\":{\"@type\":\"ImageObject\",\"inLanguage\":\"es\",\"@id\":\"https:\\\/\\\/secure.gravatar.com\\\/avatar\\\/d67144e966420fb74aa84c9f2a0103be4724fd14db52b52d3b6bca749f257e79?s=96&d=mm&r=g\",\"url\":\"https:\\\/\\\/secure.gravatar.com\\\/avatar\\\/d67144e966420fb74aa84c9f2a0103be4724fd14db52b52d3b6bca749f257e79?s=96&d=mm&r=g\",\"contentUrl\":\"https:\\\/\\\/secure.gravatar.com\\\/avatar\\\/d67144e966420fb74aa84c9f2a0103be4724fd14db52b52d3b6bca749f257e79?s=96&d=mm&r=g\",\"caption\":\"Paco S\u00e1nchez\"},\"sameAs\":[\"https:\\\/\\\/arealorcaradio.es\"],\"url\":\"https:\\\/\\\/arealorcaradio.es\\\/index.php\\\/author\\\/admin_alorcaradio\\\/\"}]}<\/script>\n<!-- \/ Yoast SEO plugin. -->","yoast_head_json":{"title":"M\u00e1s de un mill\u00f3n de euros para la rehabilitaci\u00f3n de viviendas de uso residencial en Lorca - AREA LORCA RADIO","robots":{"index":"index","follow":"follow","max-snippet":"max-snippet:-1","max-image-preview":"max-image-preview:large","max-video-preview":"max-video-preview:-1"},"canonical":"https:\/\/arealorcaradio.es\/index.php\/2024\/10\/15\/mas-de-un-millon-de-euros-para-la-rehabilitacion-de-viviendas-de-uso-residencial-en-lorca\/","og_locale":"es_ES","og_type":"article","og_title":"M\u00e1s de un mill\u00f3n de euros para la rehabilitaci\u00f3n de viviendas de uso residencial en Lorca - AREA LORCA RADIO","og_description":"\u00c1REA LORCA RADIO. Lorca, 15 de octubre de 2024. La edil de Urbanismo del Ayuntamiento de Lorca, Mar\u00eda Hern\u00e1ndez, ha informado de la puesta en marcha de ayudas directas a los ciudadanos en materia de rehabilitaci\u00f3n de viviendas en Lorca dotadas con un presupuesto inicial total de 1.071.324,31 euros. El anuncio llega tras la aprobaci\u00f3n [&hellip;]","og_url":"https:\/\/arealorcaradio.es\/index.php\/2024\/10\/15\/mas-de-un-millon-de-euros-para-la-rehabilitacion-de-viviendas-de-uso-residencial-en-lorca\/","og_site_name":"AREA LORCA RADIO","article_published_time":"2024-10-15T09:20:47+00:00","og_image":[{"width":1600,"height":1066,"url":"https:\/\/arealorcaradio.es\/wp-content\/uploads\/2024\/10\/WhatsApp-Image-2024-10-15-at-10.57.53-2.jpeg","type":"image\/jpeg"}],"author":"Paco S\u00e1nchez","twitter_card":"summary_large_image","twitter_misc":{"Escrito por":"Paco S\u00e1nchez","Tiempo de lectura":"5 minutos"},"schema":{"@context":"https:\/\/schema.org","@graph":[{"@type":"Article","@id":"https:\/\/arealorcaradio.es\/index.php\/2024\/10\/15\/mas-de-un-millon-de-euros-para-la-rehabilitacion-de-viviendas-de-uso-residencial-en-lorca\/#article","isPartOf":{"@id":"https:\/\/arealorcaradio.es\/index.php\/2024\/10\/15\/mas-de-un-millon-de-euros-para-la-rehabilitacion-de-viviendas-de-uso-residencial-en-lorca\/"},"author":{"name":"Paco S\u00e1nchez","@id":"https:\/\/arealorcaradio.es\/#\/schema\/person\/9fae605fc25b0f2c83c1ab207139bd27"},"headline":"M\u00e1s de un mill\u00f3n de euros para la rehabilitaci\u00f3n de viviendas de uso residencial en Lorca","datePublished":"2024-10-15T09:20:47+00:00","mainEntityOfPage":{"@id":"https:\/\/arealorcaradio.es\/index.php\/2024\/10\/15\/mas-de-un-millon-de-euros-para-la-rehabilitacion-de-viviendas-de-uso-residencial-en-lorca\/"},"wordCount":943,"commentCount":0,"image":{"@id":"https:\/\/arealorcaradio.es\/index.php\/2024\/10\/15\/mas-de-un-millon-de-euros-para-la-rehabilitacion-de-viviendas-de-uso-residencial-en-lorca\/#primaryimage"},"thumbnailUrl":"https:\/\/arealorcaradio.es\/wp-content\/uploads\/2024\/10\/WhatsApp-Image-2024-10-15-at-10.57.53-2.jpeg","articleSection":["ACTUALIDAD","LORCA"],"inLanguage":"es","potentialAction":[{"@type":"CommentAction","name":"Comment","target":["https:\/\/arealorcaradio.es\/index.php\/2024\/10\/15\/mas-de-un-millon-de-euros-para-la-rehabilitacion-de-viviendas-de-uso-residencial-en-lorca\/#respond"]}]},{"@type":"WebPage","@id":"https:\/\/arealorcaradio.es\/index.php\/2024\/10\/15\/mas-de-un-millon-de-euros-para-la-rehabilitacion-de-viviendas-de-uso-residencial-en-lorca\/","url":"https:\/\/arealorcaradio.es\/index.php\/2024\/10\/15\/mas-de-un-millon-de-euros-para-la-rehabilitacion-de-viviendas-de-uso-residencial-en-lorca\/","name":"M\u00e1s de un mill\u00f3n de euros para la rehabilitaci\u00f3n de viviendas de uso residencial en Lorca - AREA LORCA RADIO","isPartOf":{"@id":"https:\/\/arealorcaradio.es\/#website"},"primaryImageOfPage":{"@id":"https:\/\/arealorcaradio.es\/index.php\/2024\/10\/15\/mas-de-un-millon-de-euros-para-la-rehabilitacion-de-viviendas-de-uso-residencial-en-lorca\/#primaryimage"},"image":{"@id":"https:\/\/arealorcaradio.es\/index.php\/2024\/10\/15\/mas-de-un-millon-de-euros-para-la-rehabilitacion-de-viviendas-de-uso-residencial-en-lorca\/#primaryimage"},"thumbnailUrl":"https:\/\/arealorcaradio.es\/wp-content\/uploads\/2024\/10\/WhatsApp-Image-2024-10-15-at-10.57.53-2.jpeg","datePublished":"2024-10-15T09:20:47+00:00","author":{"@id":"https:\/\/arealorcaradio.es\/#\/schema\/person\/9fae605fc25b0f2c83c1ab207139bd27"},"breadcrumb":{"@id":"https:\/\/arealorcaradio.es\/index.php\/2024\/10\/15\/mas-de-un-millon-de-euros-para-la-rehabilitacion-de-viviendas-de-uso-residencial-en-lorca\/#breadcrumb"},"inLanguage":"es","potentialAction":[{"@type":"ReadAction","target":["https:\/\/arealorcaradio.es\/index.php\/2024\/10\/15\/mas-de-un-millon-de-euros-para-la-rehabilitacion-de-viviendas-de-uso-residencial-en-lorca\/"]}]},{"@type":"ImageObject","inLanguage":"es","@id":"https:\/\/arealorcaradio.es\/index.php\/2024\/10\/15\/mas-de-un-millon-de-euros-para-la-rehabilitacion-de-viviendas-de-uso-residencial-en-lorca\/#primaryimage","url":"https:\/\/arealorcaradio.es\/wp-content\/uploads\/2024\/10\/WhatsApp-Image-2024-10-15-at-10.57.53-2.jpeg","contentUrl":"https:\/\/arealorcaradio.es\/wp-content\/uploads\/2024\/10\/WhatsApp-Image-2024-10-15-at-10.57.53-2.jpeg","width":1600,"height":1066},{"@type":"BreadcrumbList","@id":"https:\/\/arealorcaradio.es\/index.php\/2024\/10\/15\/mas-de-un-millon-de-euros-para-la-rehabilitacion-de-viviendas-de-uso-residencial-en-lorca\/#breadcrumb","itemListElement":[{"@type":"ListItem","position":1,"name":"Portada","item":"https:\/\/arealorcaradio.es\/"},{"@type":"ListItem","position":2,"name":"M\u00e1s de un mill\u00f3n de euros para la rehabilitaci\u00f3n de viviendas de uso residencial en Lorca"}]},{"@type":"WebSite","@id":"https:\/\/arealorcaradio.es\/#website","url":"https:\/\/arealorcaradio.es\/","name":"AREA LORCA RADIO","description":"Descubre la programaci\u00f3n actual en \u00c1rea Lorca Radio, tu fuente de entrenamiento y noticias locales. Sintoniza ahora y mantente conectado online.","potentialAction":[{"@type":"SearchAction","target":{"@type":"EntryPoint","urlTemplate":"https:\/\/arealorcaradio.es\/?s={search_term_string}"},"query-input":{"@type":"PropertyValueSpecification","valueRequired":true,"valueName":"search_term_string"}}],"inLanguage":"es"},{"@type":"Person","@id":"https:\/\/arealorcaradio.es\/#\/schema\/person\/9fae605fc25b0f2c83c1ab207139bd27","name":"Paco S\u00e1nchez","image":{"@type":"ImageObject","inLanguage":"es","@id":"https:\/\/secure.gravatar.com\/avatar\/d67144e966420fb74aa84c9f2a0103be4724fd14db52b52d3b6bca749f257e79?s=96&d=mm&r=g","url":"https:\/\/secure.gravatar.com\/avatar\/d67144e966420fb74aa84c9f2a0103be4724fd14db52b52d3b6bca749f257e79?s=96&d=mm&r=g","contentUrl":"https:\/\/secure.gravatar.com\/avatar\/d67144e966420fb74aa84c9f2a0103be4724fd14db52b52d3b6bca749f257e79?s=96&d=mm&r=g","caption":"Paco S\u00e1nchez"},"sameAs":["https:\/\/arealorcaradio.es"],"url":"https:\/\/arealorcaradio.es\/index.php\/author\/admin_alorcaradio\/"}]}},"_links":{"self":[{"href":"https:\/\/arealorcaradio.es\/index.php\/wp-json\/wp\/v2\/posts\/4316","targetHints":{"allow":["GET"]}}],"collection":[{"href":"https:\/\/arealorcaradio.es\/index.php\/wp-json\/wp\/v2\/posts"}],"about":[{"href":"https:\/\/arealorcaradio.es\/index.php\/wp-json\/wp\/v2\/types\/post"}],"author":[{"embeddable":true,"href":"https:\/\/arealorcaradio.es\/index.php\/wp-json\/wp\/v2\/users\/1"}],"replies":[{"embeddable":true,"href":"https:\/\/arealorcaradio.es\/index.php\/wp-json\/wp\/v2\/comments?post=4316"}],"version-history":[{"count":1,"href":"https:\/\/arealorcaradio.es\/index.php\/wp-json\/wp\/v2\/posts\/4316\/revisions"}],"predecessor-version":[{"id":4319,"href":"https:\/\/arealorcaradio.es\/index.php\/wp-json\/wp\/v2\/posts\/4316\/revisions\/4319"}],"wp:featuredmedia":[{"embeddable":true,"href":"https:\/\/arealorcaradio.es\/index.php\/wp-json\/wp\/v2\/media\/4317"}],"wp:attachment":[{"href":"https:\/\/arealorcaradio.es\/index.php\/wp-json\/wp\/v2\/media?parent=4316"}],"wp:term":[{"taxonomy":"category","embeddable":true,"href":"https:\/\/arealorcaradio.es\/index.php\/wp-json\/wp\/v2\/categories?post=4316"},{"taxonomy":"post_tag","embeddable":true,"href":"https:\/\/arealorcaradio.es\/index.php\/wp-json\/wp\/v2\/tags?post=4316"}],"curies":[{"name":"wp","href":"https:\/\/api.w.org\/{rel}","templated":true}]}}