{"id":4295,"date":"2024-10-10T17:02:26","date_gmt":"2024-10-10T17:02:26","guid":{"rendered":"https:\/\/arealorcaradio.es\/?p=4295"},"modified":"2024-10-10T17:02:26","modified_gmt":"2024-10-10T17:02:26","slug":"lorca-conmemora-el-dia-mundial-de-la-salud-mental-con-diversas-actividades-de-sensibilizacion-de-la-mano-de-asofem","status":"publish","type":"post","link":"https:\/\/arealorcaradio.es\/index.php\/2024\/10\/10\/lorca-conmemora-el-dia-mundial-de-la-salud-mental-con-diversas-actividades-de-sensibilizacion-de-la-mano-de-asofem\/","title":{"rendered":"Lorca conmemora el D\u00eda Mundial de la Salud Mental con diversas actividades de sensibilizaci\u00f3n de la mano de ASOFEM\u00a0"},"content":{"rendered":"<p>\u00c1REA LORCA RADIO.<\/p>\n<p>Escucha aqu\u00ed la entrevista que han concedido a Paco S\u00e1nchez en el magazine \u00c1rea Lorca Actualidad, el presidente de ASOFEN Salud Mental Lorca, Domingo P\u00e9rez, la directora del centro Rosana Salas y la psic\u00f3loga \u00c1gueda M\u00e9ndez.<\/p>\n<p>&nbsp;<\/p>\n<audio class=\"wp-audio-shortcode\" id=\"audio-4295-1\" preload=\"none\" style=\"width: 100%;\" controls=\"controls\"><source type=\"audio\/mpeg\" src=\"https:\/\/arealorcaradio.es\/wp-content\/uploads\/2024\/10\/101024-DOMINGO-PEREZ-ROSANA-Y-AGUEDA.-ASOFEM.mp3?_=1\" \/><a href=\"https:\/\/arealorcaradio.es\/wp-content\/uploads\/2024\/10\/101024-DOMINGO-PEREZ-ROSANA-Y-AGUEDA.-ASOFEM.mp3\">https:\/\/arealorcaradio.es\/wp-content\/uploads\/2024\/10\/101024-DOMINGO-PEREZ-ROSANA-Y-AGUEDA.-ASOFEM.mp3<\/a><\/audio>\n<p class=\"v1MsoNormal\"><span lang=\"ES-TRAD\">ASOFEM Salud Mental Lorca ha dispuesto de mesas informativas en la Alameda de la Constituci\u00f3n en conmemoraci\u00f3n del D\u00eda Mundial de la Salud Mental, con el objetivo de reforzar la visibilidad y contribuir a la promoci\u00f3n de las actividades organizadas por la entidad con motivo de la efem\u00e9ride.<\/span><\/p>\n<p class=\"v1MsoNormal\"><span lang=\"ES-TRAD\"><img loading=\"lazy\" decoding=\"async\" class=\"alignnone size-medium wp-image-4298\" src=\"https:\/\/arealorcaradio.es\/wp-content\/uploads\/2024\/10\/FOTO1-ASOFEM-2-300x225.jpeg\" alt=\"\" width=\"300\" height=\"225\" srcset=\"https:\/\/arealorcaradio.es\/wp-content\/uploads\/2024\/10\/FOTO1-ASOFEM-2-300x225.jpeg 300w, https:\/\/arealorcaradio.es\/wp-content\/uploads\/2024\/10\/FOTO1-ASOFEM-2-1024x768.jpeg 1024w, https:\/\/arealorcaradio.es\/wp-content\/uploads\/2024\/10\/FOTO1-ASOFEM-2-768x576.jpeg 768w, https:\/\/arealorcaradio.es\/wp-content\/uploads\/2024\/10\/FOTO1-ASOFEM-2-1536x1152.jpeg 1536w, https:\/\/arealorcaradio.es\/wp-content\/uploads\/2024\/10\/FOTO1-ASOFEM-2-86x64.jpeg 86w, https:\/\/arealorcaradio.es\/wp-content\/uploads\/2024\/10\/FOTO1-ASOFEM-2.jpeg 2048w\" sizes=\"auto, (max-width: 300px) 100vw, 300px\" \/> \u00a0<img loading=\"lazy\" decoding=\"async\" class=\"alignnone size-medium wp-image-4299\" src=\"https:\/\/arealorcaradio.es\/wp-content\/uploads\/2024\/10\/FOTO2-ASOFEM-300x225.jpeg\" alt=\"\" width=\"300\" height=\"225\" srcset=\"https:\/\/arealorcaradio.es\/wp-content\/uploads\/2024\/10\/FOTO2-ASOFEM-300x225.jpeg 300w, https:\/\/arealorcaradio.es\/wp-content\/uploads\/2024\/10\/FOTO2-ASOFEM-1024x768.jpeg 1024w, https:\/\/arealorcaradio.es\/wp-content\/uploads\/2024\/10\/FOTO2-ASOFEM-768x576.jpeg 768w, https:\/\/arealorcaradio.es\/wp-content\/uploads\/2024\/10\/FOTO2-ASOFEM-1536x1152.jpeg 1536w, https:\/\/arealorcaradio.es\/wp-content\/uploads\/2024\/10\/FOTO2-ASOFEM-86x64.jpeg 86w, https:\/\/arealorcaradio.es\/wp-content\/uploads\/2024\/10\/FOTO2-ASOFEM.jpeg 2048w\" sizes=\"auto, (max-width: 300px) 100vw, 300px\" \/><\/span><\/p>\n<p class=\"v1MsoNormal\"><span lang=\"ES-TRAD\">Estas mesas informativas, complementan el resto de actividades que la organizaci\u00f3n va a llevar a cabo, como son la lectura de un manifiesto y proclama en la Pasarela de Lorca, a las 20 horas de hoy; que, adem\u00e1s, ser\u00e1 iluminada especialmente para la ocasi\u00f3n. Tambi\u00e9n, el viernes, 15 de Noviembre, tendr\u00e1 lugar una cena solidaria en el restaurante \u00abFaroli\u00bb que contar\u00e1 con Noelia Salas como madrina.<b><\/b><\/span><\/p>\n<p class=\"v1MsoNormal\"><span lang=\"ES-TRAD\">La iniciativa llega este a\u00f1o bajo el lema \u00abTrabajo y Salud Mental, un v\u00ednculo fundamental\u00bb, atendiendo a que el entorno laboral es uno de los principales factores que influye en el bienestar de las personas, y desde la Asociaci\u00f3n se contemplan varios objetivos para la acci\u00f3n: la implicaci\u00f3n de las empresas en generar entornos saludables e inclusivos; el impulso, por parte de la Administraci\u00f3n, de medidas contra la precariedad laboral y el control de riesgos psicosociales en las compa\u00f1\u00edas; la implementaci\u00f3n en estas de un sistema de apoyos y adaptaciones, respetando la privacidad de la persona; la inclusi\u00f3n de recursos que faciliten la inserci\u00f3n laboral de las personas con trastorno mental; el cumplimiento de las cuotas de reserva de empleo para las personas con discapacidad\u00a0 y la incorporaci\u00f3n de la metodolog\u00eda de apoyo de pares.<\/span><\/p>\n<p class=\"v1MsoNormal\"><span lang=\"ES-TRAD\">ASOFEM Salud Mental Lorca se une as\u00ed al llamamiento de Salud Mental Espa\u00f1a para terminar con la precariedad laboral por ser un factor de riesgo de malestar ps\u00edquico en las personas trabajadoras. En este sentido, ha puesto el foco en la estrecha relaci\u00f3n que existe entre salud mental y el trabajo, siendo el entorno laboral uno de los principales factores que influye en el bienestar de las personas.<\/span><\/p>\n<p class=\"v1MsoNormal\"><span lang=\"ES-TRAD\">El objetivo de este lema tiene una doble reivindicaci\u00f3n. Por una parte, visibilizar y reclamar el trabajo digno, que promueve la recuperaci\u00f3n de las personas con problemas de salud mental y, por otra parte, el trabajo debe construirse desde una perspectiva de derechos y alejarse lo m\u00e1ximo posible de las condiciones precarias y discriminaci\u00f3n, las cuales generan sufrimiento y aumentan el riesgo de desarrollar un problema de salud mental.<\/span><\/p>\n<p class=\"v1MsoNormal\"><span lang=\"ES-TRAD\">ASOFEM Salud Mental Lorca, miembro de la Federaci\u00f3n Salud Mental de la Regi\u00f3n de Murcia, y \u00e9sta a su vez de la Confederaci\u00f3n Salud Mental Espa\u00f1a, celebra la efem\u00e9ride junto a todas las asociaciones de toda la Regi\u00f3n, una conmemoraci\u00f3n a la que se suma el Ayuntamiento de Lorca.<\/span><\/p>\n<p>&nbsp;<\/p>\n<p class=\"v1MsoNormal\"><span lang=\"ES-TRAD\">\u00a0<\/span><\/p>\n","protected":false},"excerpt":{"rendered":"<p>\u00c1REA LORCA RADIO. Escucha aqu\u00ed la entrevista que han concedido a Paco S\u00e1nchez en el magazine \u00c1rea Lorca Actualidad, el presidente de ASOFEN Salud Mental Lorca, Domingo P\u00e9rez, la directora del centro Rosana Salas y la psic\u00f3loga \u00c1gueda M\u00e9ndez. &nbsp; ASOFEM Salud Mental Lorca ha dispuesto de mesas informativas en la Alameda de la Constituci\u00f3n [&hellip;]<\/p>\n","protected":false},"author":1,"featured_media":4300,"comment_status":"open","ping_status":"open","sticky":false,"template":"","format":"standard","meta":{"iawp_total_views":81,"footnotes":""},"categories":[5,7],"tags":[],"class_list":["post-4295","post","type-post","status-publish","format-standard","has-post-thumbnail","hentry","category-actualidad","category-lorca"],"yoast_head":"<!-- This site is optimized with the Yoast SEO plugin v27.5 - https:\/\/yoast.com\/product\/yoast-seo-wordpress\/ -->\n<title>Lorca conmemora el D\u00eda Mundial de la Salud Mental con diversas actividades de sensibilizaci\u00f3n de la mano de ASOFEM\u00a0 - AREA LORCA RADIO<\/title>\n<meta name=\"robots\" content=\"index, follow, max-snippet:-1, max-image-preview:large, max-video-preview:-1\" \/>\n<link rel=\"canonical\" href=\"https:\/\/arealorcaradio.es\/index.php\/2024\/10\/10\/lorca-conmemora-el-dia-mundial-de-la-salud-mental-con-diversas-actividades-de-sensibilizacion-de-la-mano-de-asofem\/\" \/>\n<meta property=\"og:locale\" content=\"es_ES\" \/>\n<meta property=\"og:type\" content=\"article\" \/>\n<meta property=\"og:title\" content=\"Lorca conmemora el D\u00eda Mundial de la Salud Mental con diversas actividades de sensibilizaci\u00f3n de la mano de ASOFEM\u00a0 - AREA LORCA RADIO\" \/>\n<meta property=\"og:description\" content=\"\u00c1REA LORCA RADIO. Escucha aqu\u00ed la entrevista que han concedido a Paco S\u00e1nchez en el magazine \u00c1rea Lorca Actualidad, el presidente de ASOFEN Salud Mental Lorca, Domingo P\u00e9rez, la directora del centro Rosana Salas y la psic\u00f3loga \u00c1gueda M\u00e9ndez. &nbsp; ASOFEM Salud Mental Lorca ha dispuesto de mesas informativas en la Alameda de la Constituci\u00f3n [&hellip;]\" \/>\n<meta property=\"og:url\" content=\"https:\/\/arealorcaradio.es\/index.php\/2024\/10\/10\/lorca-conmemora-el-dia-mundial-de-la-salud-mental-con-diversas-actividades-de-sensibilizacion-de-la-mano-de-asofem\/\" \/>\n<meta property=\"og:site_name\" content=\"AREA LORCA RADIO\" \/>\n<meta property=\"article:published_time\" content=\"2024-10-10T17:02:26+00:00\" \/>\n<meta property=\"og:image\" content=\"https:\/\/arealorcaradio.es\/wp-content\/uploads\/2024\/10\/20241010_141143-scaled.jpg\" \/>\n\t<meta property=\"og:image:width\" content=\"2560\" \/>\n\t<meta property=\"og:image:height\" content=\"1920\" \/>\n\t<meta property=\"og:image:type\" content=\"image\/jpeg\" \/>\n<meta name=\"author\" content=\"Paco S\u00e1nchez\" \/>\n<meta name=\"twitter:card\" content=\"summary_large_image\" \/>\n<meta name=\"twitter:label1\" content=\"Escrito por\" \/>\n\t<meta name=\"twitter:data1\" content=\"Paco S\u00e1nchez\" \/>\n\t<meta name=\"twitter:label2\" content=\"Tiempo de lectura\" \/>\n\t<meta name=\"twitter:data2\" content=\"3 minutos\" \/>\n<script type=\"application\/ld+json\" class=\"yoast-schema-graph\">{\"@context\":\"https:\\\/\\\/schema.org\",\"@graph\":[{\"@type\":\"Article\",\"@id\":\"https:\\\/\\\/arealorcaradio.es\\\/index.php\\\/2024\\\/10\\\/10\\\/lorca-conmemora-el-dia-mundial-de-la-salud-mental-con-diversas-actividades-de-sensibilizacion-de-la-mano-de-asofem\\\/#article\",\"isPartOf\":{\"@id\":\"https:\\\/\\\/arealorcaradio.es\\\/index.php\\\/2024\\\/10\\\/10\\\/lorca-conmemora-el-dia-mundial-de-la-salud-mental-con-diversas-actividades-de-sensibilizacion-de-la-mano-de-asofem\\\/\"},\"author\":{\"name\":\"Paco S\u00e1nchez\",\"@id\":\"https:\\\/\\\/arealorcaradio.es\\\/#\\\/schema\\\/person\\\/9fae605fc25b0f2c83c1ab207139bd27\"},\"headline\":\"Lorca conmemora el D\u00eda Mundial de la Salud Mental con diversas actividades de sensibilizaci\u00f3n de la mano de ASOFEM\u00a0\",\"datePublished\":\"2024-10-10T17:02:26+00:00\",\"mainEntityOfPage\":{\"@id\":\"https:\\\/\\\/arealorcaradio.es\\\/index.php\\\/2024\\\/10\\\/10\\\/lorca-conmemora-el-dia-mundial-de-la-salud-mental-con-diversas-actividades-de-sensibilizacion-de-la-mano-de-asofem\\\/\"},\"wordCount\":545,\"commentCount\":0,\"image\":{\"@id\":\"https:\\\/\\\/arealorcaradio.es\\\/index.php\\\/2024\\\/10\\\/10\\\/lorca-conmemora-el-dia-mundial-de-la-salud-mental-con-diversas-actividades-de-sensibilizacion-de-la-mano-de-asofem\\\/#primaryimage\"},\"thumbnailUrl\":\"https:\\\/\\\/arealorcaradio.es\\\/wp-content\\\/uploads\\\/2024\\\/10\\\/20241010_141143-scaled.jpg\",\"articleSection\":[\"ACTUALIDAD\",\"LORCA\"],\"inLanguage\":\"es\",\"potentialAction\":[{\"@type\":\"CommentAction\",\"name\":\"Comment\",\"target\":[\"https:\\\/\\\/arealorcaradio.es\\\/index.php\\\/2024\\\/10\\\/10\\\/lorca-conmemora-el-dia-mundial-de-la-salud-mental-con-diversas-actividades-de-sensibilizacion-de-la-mano-de-asofem\\\/#respond\"]}]},{\"@type\":\"WebPage\",\"@id\":\"https:\\\/\\\/arealorcaradio.es\\\/index.php\\\/2024\\\/10\\\/10\\\/lorca-conmemora-el-dia-mundial-de-la-salud-mental-con-diversas-actividades-de-sensibilizacion-de-la-mano-de-asofem\\\/\",\"url\":\"https:\\\/\\\/arealorcaradio.es\\\/index.php\\\/2024\\\/10\\\/10\\\/lorca-conmemora-el-dia-mundial-de-la-salud-mental-con-diversas-actividades-de-sensibilizacion-de-la-mano-de-asofem\\\/\",\"name\":\"Lorca conmemora el D\u00eda Mundial de la Salud Mental con diversas actividades de sensibilizaci\u00f3n de la mano de ASOFEM\u00a0 - AREA LORCA RADIO\",\"isPartOf\":{\"@id\":\"https:\\\/\\\/arealorcaradio.es\\\/#website\"},\"primaryImageOfPage\":{\"@id\":\"https:\\\/\\\/arealorcaradio.es\\\/index.php\\\/2024\\\/10\\\/10\\\/lorca-conmemora-el-dia-mundial-de-la-salud-mental-con-diversas-actividades-de-sensibilizacion-de-la-mano-de-asofem\\\/#primaryimage\"},\"image\":{\"@id\":\"https:\\\/\\\/arealorcaradio.es\\\/index.php\\\/2024\\\/10\\\/10\\\/lorca-conmemora-el-dia-mundial-de-la-salud-mental-con-diversas-actividades-de-sensibilizacion-de-la-mano-de-asofem\\\/#primaryimage\"},\"thumbnailUrl\":\"https:\\\/\\\/arealorcaradio.es\\\/wp-content\\\/uploads\\\/2024\\\/10\\\/20241010_141143-scaled.jpg\",\"datePublished\":\"2024-10-10T17:02:26+00:00\",\"author\":{\"@id\":\"https:\\\/\\\/arealorcaradio.es\\\/#\\\/schema\\\/person\\\/9fae605fc25b0f2c83c1ab207139bd27\"},\"breadcrumb\":{\"@id\":\"https:\\\/\\\/arealorcaradio.es\\\/index.php\\\/2024\\\/10\\\/10\\\/lorca-conmemora-el-dia-mundial-de-la-salud-mental-con-diversas-actividades-de-sensibilizacion-de-la-mano-de-asofem\\\/#breadcrumb\"},\"inLanguage\":\"es\",\"potentialAction\":[{\"@type\":\"ReadAction\",\"target\":[\"https:\\\/\\\/arealorcaradio.es\\\/index.php\\\/2024\\\/10\\\/10\\\/lorca-conmemora-el-dia-mundial-de-la-salud-mental-con-diversas-actividades-de-sensibilizacion-de-la-mano-de-asofem\\\/\"]}]},{\"@type\":\"ImageObject\",\"inLanguage\":\"es\",\"@id\":\"https:\\\/\\\/arealorcaradio.es\\\/index.php\\\/2024\\\/10\\\/10\\\/lorca-conmemora-el-dia-mundial-de-la-salud-mental-con-diversas-actividades-de-sensibilizacion-de-la-mano-de-asofem\\\/#primaryimage\",\"url\":\"https:\\\/\\\/arealorcaradio.es\\\/wp-content\\\/uploads\\\/2024\\\/10\\\/20241010_141143-scaled.jpg\",\"contentUrl\":\"https:\\\/\\\/arealorcaradio.es\\\/wp-content\\\/uploads\\\/2024\\\/10\\\/20241010_141143-scaled.jpg\",\"width\":2560,\"height\":1920},{\"@type\":\"BreadcrumbList\",\"@id\":\"https:\\\/\\\/arealorcaradio.es\\\/index.php\\\/2024\\\/10\\\/10\\\/lorca-conmemora-el-dia-mundial-de-la-salud-mental-con-diversas-actividades-de-sensibilizacion-de-la-mano-de-asofem\\\/#breadcrumb\",\"itemListElement\":[{\"@type\":\"ListItem\",\"position\":1,\"name\":\"Portada\",\"item\":\"https:\\\/\\\/arealorcaradio.es\\\/\"},{\"@type\":\"ListItem\",\"position\":2,\"name\":\"Lorca conmemora el D\u00eda Mundial de la Salud Mental con diversas actividades de sensibilizaci\u00f3n de la mano de ASOFEM\u00a0\"}]},{\"@type\":\"WebSite\",\"@id\":\"https:\\\/\\\/arealorcaradio.es\\\/#website\",\"url\":\"https:\\\/\\\/arealorcaradio.es\\\/\",\"name\":\"AREA LORCA RADIO\",\"description\":\"Descubre la programaci\u00f3n actual en \u00c1rea Lorca Radio, tu fuente de entrenamiento y noticias locales. Sintoniza ahora y mantente conectado online.\",\"potentialAction\":[{\"@type\":\"SearchAction\",\"target\":{\"@type\":\"EntryPoint\",\"urlTemplate\":\"https:\\\/\\\/arealorcaradio.es\\\/?s={search_term_string}\"},\"query-input\":{\"@type\":\"PropertyValueSpecification\",\"valueRequired\":true,\"valueName\":\"search_term_string\"}}],\"inLanguage\":\"es\"},{\"@type\":\"Person\",\"@id\":\"https:\\\/\\\/arealorcaradio.es\\\/#\\\/schema\\\/person\\\/9fae605fc25b0f2c83c1ab207139bd27\",\"name\":\"Paco S\u00e1nchez\",\"image\":{\"@type\":\"ImageObject\",\"inLanguage\":\"es\",\"@id\":\"https:\\\/\\\/secure.gravatar.com\\\/avatar\\\/d67144e966420fb74aa84c9f2a0103be4724fd14db52b52d3b6bca749f257e79?s=96&d=mm&r=g\",\"url\":\"https:\\\/\\\/secure.gravatar.com\\\/avatar\\\/d67144e966420fb74aa84c9f2a0103be4724fd14db52b52d3b6bca749f257e79?s=96&d=mm&r=g\",\"contentUrl\":\"https:\\\/\\\/secure.gravatar.com\\\/avatar\\\/d67144e966420fb74aa84c9f2a0103be4724fd14db52b52d3b6bca749f257e79?s=96&d=mm&r=g\",\"caption\":\"Paco S\u00e1nchez\"},\"sameAs\":[\"https:\\\/\\\/arealorcaradio.es\"],\"url\":\"https:\\\/\\\/arealorcaradio.es\\\/index.php\\\/author\\\/admin_alorcaradio\\\/\"}]}<\/script>\n<!-- \/ Yoast SEO plugin. -->","yoast_head_json":{"title":"Lorca conmemora el D\u00eda Mundial de la Salud Mental con diversas actividades de sensibilizaci\u00f3n de la mano de ASOFEM\u00a0 - AREA LORCA RADIO","robots":{"index":"index","follow":"follow","max-snippet":"max-snippet:-1","max-image-preview":"max-image-preview:large","max-video-preview":"max-video-preview:-1"},"canonical":"https:\/\/arealorcaradio.es\/index.php\/2024\/10\/10\/lorca-conmemora-el-dia-mundial-de-la-salud-mental-con-diversas-actividades-de-sensibilizacion-de-la-mano-de-asofem\/","og_locale":"es_ES","og_type":"article","og_title":"Lorca conmemora el D\u00eda Mundial de la Salud Mental con diversas actividades de sensibilizaci\u00f3n de la mano de ASOFEM\u00a0 - AREA LORCA RADIO","og_description":"\u00c1REA LORCA RADIO. Escucha aqu\u00ed la entrevista que han concedido a Paco S\u00e1nchez en el magazine \u00c1rea Lorca Actualidad, el presidente de ASOFEN Salud Mental Lorca, Domingo P\u00e9rez, la directora del centro Rosana Salas y la psic\u00f3loga \u00c1gueda M\u00e9ndez. &nbsp; ASOFEM Salud Mental Lorca ha dispuesto de mesas informativas en la Alameda de la Constituci\u00f3n [&hellip;]","og_url":"https:\/\/arealorcaradio.es\/index.php\/2024\/10\/10\/lorca-conmemora-el-dia-mundial-de-la-salud-mental-con-diversas-actividades-de-sensibilizacion-de-la-mano-de-asofem\/","og_site_name":"AREA LORCA RADIO","article_published_time":"2024-10-10T17:02:26+00:00","og_image":[{"width":2560,"height":1920,"url":"https:\/\/arealorcaradio.es\/wp-content\/uploads\/2024\/10\/20241010_141143-scaled.jpg","type":"image\/jpeg"}],"author":"Paco S\u00e1nchez","twitter_card":"summary_large_image","twitter_misc":{"Escrito por":"Paco S\u00e1nchez","Tiempo de lectura":"3 minutos"},"schema":{"@context":"https:\/\/schema.org","@graph":[{"@type":"Article","@id":"https:\/\/arealorcaradio.es\/index.php\/2024\/10\/10\/lorca-conmemora-el-dia-mundial-de-la-salud-mental-con-diversas-actividades-de-sensibilizacion-de-la-mano-de-asofem\/#article","isPartOf":{"@id":"https:\/\/arealorcaradio.es\/index.php\/2024\/10\/10\/lorca-conmemora-el-dia-mundial-de-la-salud-mental-con-diversas-actividades-de-sensibilizacion-de-la-mano-de-asofem\/"},"author":{"name":"Paco S\u00e1nchez","@id":"https:\/\/arealorcaradio.es\/#\/schema\/person\/9fae605fc25b0f2c83c1ab207139bd27"},"headline":"Lorca conmemora el D\u00eda Mundial de la Salud Mental con diversas actividades de sensibilizaci\u00f3n de la mano de ASOFEM\u00a0","datePublished":"2024-10-10T17:02:26+00:00","mainEntityOfPage":{"@id":"https:\/\/arealorcaradio.es\/index.php\/2024\/10\/10\/lorca-conmemora-el-dia-mundial-de-la-salud-mental-con-diversas-actividades-de-sensibilizacion-de-la-mano-de-asofem\/"},"wordCount":545,"commentCount":0,"image":{"@id":"https:\/\/arealorcaradio.es\/index.php\/2024\/10\/10\/lorca-conmemora-el-dia-mundial-de-la-salud-mental-con-diversas-actividades-de-sensibilizacion-de-la-mano-de-asofem\/#primaryimage"},"thumbnailUrl":"https:\/\/arealorcaradio.es\/wp-content\/uploads\/2024\/10\/20241010_141143-scaled.jpg","articleSection":["ACTUALIDAD","LORCA"],"inLanguage":"es","potentialAction":[{"@type":"CommentAction","name":"Comment","target":["https:\/\/arealorcaradio.es\/index.php\/2024\/10\/10\/lorca-conmemora-el-dia-mundial-de-la-salud-mental-con-diversas-actividades-de-sensibilizacion-de-la-mano-de-asofem\/#respond"]}]},{"@type":"WebPage","@id":"https:\/\/arealorcaradio.es\/index.php\/2024\/10\/10\/lorca-conmemora-el-dia-mundial-de-la-salud-mental-con-diversas-actividades-de-sensibilizacion-de-la-mano-de-asofem\/","url":"https:\/\/arealorcaradio.es\/index.php\/2024\/10\/10\/lorca-conmemora-el-dia-mundial-de-la-salud-mental-con-diversas-actividades-de-sensibilizacion-de-la-mano-de-asofem\/","name":"Lorca conmemora el D\u00eda Mundial de la Salud Mental con diversas actividades de sensibilizaci\u00f3n de la mano de ASOFEM\u00a0 - AREA LORCA RADIO","isPartOf":{"@id":"https:\/\/arealorcaradio.es\/#website"},"primaryImageOfPage":{"@id":"https:\/\/arealorcaradio.es\/index.php\/2024\/10\/10\/lorca-conmemora-el-dia-mundial-de-la-salud-mental-con-diversas-actividades-de-sensibilizacion-de-la-mano-de-asofem\/#primaryimage"},"image":{"@id":"https:\/\/arealorcaradio.es\/index.php\/2024\/10\/10\/lorca-conmemora-el-dia-mundial-de-la-salud-mental-con-diversas-actividades-de-sensibilizacion-de-la-mano-de-asofem\/#primaryimage"},"thumbnailUrl":"https:\/\/arealorcaradio.es\/wp-content\/uploads\/2024\/10\/20241010_141143-scaled.jpg","datePublished":"2024-10-10T17:02:26+00:00","author":{"@id":"https:\/\/arealorcaradio.es\/#\/schema\/person\/9fae605fc25b0f2c83c1ab207139bd27"},"breadcrumb":{"@id":"https:\/\/arealorcaradio.es\/index.php\/2024\/10\/10\/lorca-conmemora-el-dia-mundial-de-la-salud-mental-con-diversas-actividades-de-sensibilizacion-de-la-mano-de-asofem\/#breadcrumb"},"inLanguage":"es","potentialAction":[{"@type":"ReadAction","target":["https:\/\/arealorcaradio.es\/index.php\/2024\/10\/10\/lorca-conmemora-el-dia-mundial-de-la-salud-mental-con-diversas-actividades-de-sensibilizacion-de-la-mano-de-asofem\/"]}]},{"@type":"ImageObject","inLanguage":"es","@id":"https:\/\/arealorcaradio.es\/index.php\/2024\/10\/10\/lorca-conmemora-el-dia-mundial-de-la-salud-mental-con-diversas-actividades-de-sensibilizacion-de-la-mano-de-asofem\/#primaryimage","url":"https:\/\/arealorcaradio.es\/wp-content\/uploads\/2024\/10\/20241010_141143-scaled.jpg","contentUrl":"https:\/\/arealorcaradio.es\/wp-content\/uploads\/2024\/10\/20241010_141143-scaled.jpg","width":2560,"height":1920},{"@type":"BreadcrumbList","@id":"https:\/\/arealorcaradio.es\/index.php\/2024\/10\/10\/lorca-conmemora-el-dia-mundial-de-la-salud-mental-con-diversas-actividades-de-sensibilizacion-de-la-mano-de-asofem\/#breadcrumb","itemListElement":[{"@type":"ListItem","position":1,"name":"Portada","item":"https:\/\/arealorcaradio.es\/"},{"@type":"ListItem","position":2,"name":"Lorca conmemora el D\u00eda Mundial de la Salud Mental con diversas actividades de sensibilizaci\u00f3n de la mano de ASOFEM\u00a0"}]},{"@type":"WebSite","@id":"https:\/\/arealorcaradio.es\/#website","url":"https:\/\/arealorcaradio.es\/","name":"AREA LORCA RADIO","description":"Descubre la programaci\u00f3n actual en \u00c1rea Lorca Radio, tu fuente de entrenamiento y noticias locales. Sintoniza ahora y mantente conectado online.","potentialAction":[{"@type":"SearchAction","target":{"@type":"EntryPoint","urlTemplate":"https:\/\/arealorcaradio.es\/?s={search_term_string}"},"query-input":{"@type":"PropertyValueSpecification","valueRequired":true,"valueName":"search_term_string"}}],"inLanguage":"es"},{"@type":"Person","@id":"https:\/\/arealorcaradio.es\/#\/schema\/person\/9fae605fc25b0f2c83c1ab207139bd27","name":"Paco S\u00e1nchez","image":{"@type":"ImageObject","inLanguage":"es","@id":"https:\/\/secure.gravatar.com\/avatar\/d67144e966420fb74aa84c9f2a0103be4724fd14db52b52d3b6bca749f257e79?s=96&d=mm&r=g","url":"https:\/\/secure.gravatar.com\/avatar\/d67144e966420fb74aa84c9f2a0103be4724fd14db52b52d3b6bca749f257e79?s=96&d=mm&r=g","contentUrl":"https:\/\/secure.gravatar.com\/avatar\/d67144e966420fb74aa84c9f2a0103be4724fd14db52b52d3b6bca749f257e79?s=96&d=mm&r=g","caption":"Paco S\u00e1nchez"},"sameAs":["https:\/\/arealorcaradio.es"],"url":"https:\/\/arealorcaradio.es\/index.php\/author\/admin_alorcaradio\/"}]}},"_links":{"self":[{"href":"https:\/\/arealorcaradio.es\/index.php\/wp-json\/wp\/v2\/posts\/4295","targetHints":{"allow":["GET"]}}],"collection":[{"href":"https:\/\/arealorcaradio.es\/index.php\/wp-json\/wp\/v2\/posts"}],"about":[{"href":"https:\/\/arealorcaradio.es\/index.php\/wp-json\/wp\/v2\/types\/post"}],"author":[{"embeddable":true,"href":"https:\/\/arealorcaradio.es\/index.php\/wp-json\/wp\/v2\/users\/1"}],"replies":[{"embeddable":true,"href":"https:\/\/arealorcaradio.es\/index.php\/wp-json\/wp\/v2\/comments?post=4295"}],"version-history":[{"count":2,"href":"https:\/\/arealorcaradio.es\/index.php\/wp-json\/wp\/v2\/posts\/4295\/revisions"}],"predecessor-version":[{"id":4303,"href":"https:\/\/arealorcaradio.es\/index.php\/wp-json\/wp\/v2\/posts\/4295\/revisions\/4303"}],"wp:featuredmedia":[{"embeddable":true,"href":"https:\/\/arealorcaradio.es\/index.php\/wp-json\/wp\/v2\/media\/4300"}],"wp:attachment":[{"href":"https:\/\/arealorcaradio.es\/index.php\/wp-json\/wp\/v2\/media?parent=4295"}],"wp:term":[{"taxonomy":"category","embeddable":true,"href":"https:\/\/arealorcaradio.es\/index.php\/wp-json\/wp\/v2\/categories?post=4295"},{"taxonomy":"post_tag","embeddable":true,"href":"https:\/\/arealorcaradio.es\/index.php\/wp-json\/wp\/v2\/tags?post=4295"}],"curies":[{"name":"wp","href":"https:\/\/api.w.org\/{rel}","templated":true}]}}