{"id":4243,"date":"2024-10-01T16:52:49","date_gmt":"2024-10-01T16:52:49","guid":{"rendered":"https:\/\/arealorcaradio.es\/?p=4243"},"modified":"2024-10-01T16:52:49","modified_gmt":"2024-10-01T16:52:49","slug":"juan-jodar-desde-ceclor-nos-unimos-a-la-mesa-por-el-tren-propulsada-desde-la-provincia-de-granada","status":"publish","type":"post","link":"https:\/\/arealorcaradio.es\/index.php\/2024\/10\/01\/juan-jodar-desde-ceclor-nos-unimos-a-la-mesa-por-el-tren-propulsada-desde-la-provincia-de-granada\/","title":{"rendered":"Juan Jodar: \u00abDesde Ceclor nos unimos a la Mesa por el Tren propulsada desde la provincia de Granada\u00bb"},"content":{"rendered":"<p>\u00c1REA LORCA RADIO.<\/p>\n<p>Escucha aqu\u00ed la entrevista que ha concedido el presidente de Ceclor, Juan Jodar a Paco S\u00e1nchez en el magazine \u00c1rea Lorca Actualidad.<\/p>\n<audio class=\"wp-audio-shortcode\" id=\"audio-4243-1\" preload=\"none\" style=\"width: 100%;\" controls=\"controls\"><source type=\"audio\/mpeg\" src=\"https:\/\/arealorcaradio.es\/wp-content\/uploads\/2024\/10\/011024-JUAN-JODAR.-PTE.-CECLOR.mp3?_=1\" \/><a href=\"https:\/\/arealorcaradio.es\/wp-content\/uploads\/2024\/10\/011024-JUAN-JODAR.-PTE.-CECLOR.mp3\">https:\/\/arealorcaradio.es\/wp-content\/uploads\/2024\/10\/011024-JUAN-JODAR.-PTE.-CECLOR.mp3<\/a><\/audio>\n<p>En ella habla de las obras del Corredor Mediterr\u00e1neo, de la defensa de la reapertura de la l\u00ednea ferroviaria Guadix-Baza-Almanzora-Lorca, del d\u00eda del empresario que este mi\u00e9rcoles se celebra en Murcia, de la Asamblea de la directiva de Ceclor que se desarrollar\u00e1 este jueves, actuaciones necesarias, colector sur de saneamiento, ampliaci\u00f3n de Pol\u00edgonos Industriales y alg\u00fan que otro tema m\u00e1s.<\/p>\n","protected":false},"excerpt":{"rendered":"<p>\u00c1REA LORCA RADIO. Escucha aqu\u00ed la entrevista que ha concedido el presidente de Ceclor, Juan Jodar a Paco S\u00e1nchez en el magazine \u00c1rea Lorca Actualidad. En ella habla de las obras del Corredor Mediterr\u00e1neo, de la defensa de la reapertura de la l\u00ednea ferroviaria Guadix-Baza-Almanzora-Lorca, del d\u00eda del empresario que este mi\u00e9rcoles se celebra en [&hellip;]<\/p>\n","protected":false},"author":1,"featured_media":4245,"comment_status":"open","ping_status":"open","sticky":false,"template":"","format":"standard","meta":{"iawp_total_views":19,"footnotes":""},"categories":[5,7],"tags":[],"class_list":["post-4243","post","type-post","status-publish","format-standard","has-post-thumbnail","hentry","category-actualidad","category-lorca"],"yoast_head":"<!-- This site is optimized with the Yoast SEO plugin v27.5 - https:\/\/yoast.com\/product\/yoast-seo-wordpress\/ -->\n<title>Juan Jodar: &quot;Desde Ceclor nos unimos a la Mesa por el Tren propulsada desde la provincia de Granada&quot; - AREA LORCA RADIO<\/title>\n<meta name=\"robots\" content=\"index, follow, max-snippet:-1, max-image-preview:large, max-video-preview:-1\" \/>\n<link rel=\"canonical\" href=\"https:\/\/arealorcaradio.es\/index.php\/2024\/10\/01\/juan-jodar-desde-ceclor-nos-unimos-a-la-mesa-por-el-tren-propulsada-desde-la-provincia-de-granada\/\" \/>\n<meta property=\"og:locale\" content=\"es_ES\" \/>\n<meta property=\"og:type\" content=\"article\" \/>\n<meta property=\"og:title\" content=\"Juan Jodar: &quot;Desde Ceclor nos unimos a la Mesa por el Tren propulsada desde la provincia de Granada&quot; - AREA LORCA RADIO\" \/>\n<meta property=\"og:description\" content=\"\u00c1REA LORCA RADIO. Escucha aqu\u00ed la entrevista que ha concedido el presidente de Ceclor, Juan Jodar a Paco S\u00e1nchez en el magazine \u00c1rea Lorca Actualidad. En ella habla de las obras del Corredor Mediterr\u00e1neo, de la defensa de la reapertura de la l\u00ednea ferroviaria Guadix-Baza-Almanzora-Lorca, del d\u00eda del empresario que este mi\u00e9rcoles se celebra en [&hellip;]\" \/>\n<meta property=\"og:url\" content=\"https:\/\/arealorcaradio.es\/index.php\/2024\/10\/01\/juan-jodar-desde-ceclor-nos-unimos-a-la-mesa-por-el-tren-propulsada-desde-la-provincia-de-granada\/\" \/>\n<meta property=\"og:site_name\" content=\"AREA LORCA RADIO\" \/>\n<meta property=\"article:published_time\" content=\"2024-10-01T16:52:49+00:00\" \/>\n<meta property=\"og:image\" content=\"https:\/\/arealorcaradio.es\/wp-content\/uploads\/2024\/10\/20241001_175327-scaled.jpg\" \/>\n\t<meta property=\"og:image:width\" content=\"2560\" \/>\n\t<meta property=\"og:image:height\" content=\"1920\" \/>\n\t<meta property=\"og:image:type\" content=\"image\/jpeg\" \/>\n<meta name=\"author\" content=\"Paco S\u00e1nchez\" \/>\n<meta name=\"twitter:card\" content=\"summary_large_image\" \/>\n<meta name=\"twitter:label1\" content=\"Escrito por\" \/>\n\t<meta name=\"twitter:data1\" content=\"Paco S\u00e1nchez\" \/>\n\t<meta name=\"twitter:label2\" content=\"Tiempo de lectura\" \/>\n\t<meta name=\"twitter:data2\" content=\"1 minuto\" \/>\n<script type=\"application\/ld+json\" class=\"yoast-schema-graph\">{\"@context\":\"https:\\\/\\\/schema.org\",\"@graph\":[{\"@type\":\"Article\",\"@id\":\"https:\\\/\\\/arealorcaradio.es\\\/index.php\\\/2024\\\/10\\\/01\\\/juan-jodar-desde-ceclor-nos-unimos-a-la-mesa-por-el-tren-propulsada-desde-la-provincia-de-granada\\\/#article\",\"isPartOf\":{\"@id\":\"https:\\\/\\\/arealorcaradio.es\\\/index.php\\\/2024\\\/10\\\/01\\\/juan-jodar-desde-ceclor-nos-unimos-a-la-mesa-por-el-tren-propulsada-desde-la-provincia-de-granada\\\/\"},\"author\":{\"name\":\"Paco S\u00e1nchez\",\"@id\":\"https:\\\/\\\/arealorcaradio.es\\\/#\\\/schema\\\/person\\\/9fae605fc25b0f2c83c1ab207139bd27\"},\"headline\":\"Juan Jodar: \u00abDesde Ceclor nos unimos a la Mesa por el Tren propulsada desde la provincia de Granada\u00bb\",\"datePublished\":\"2024-10-01T16:52:49+00:00\",\"mainEntityOfPage\":{\"@id\":\"https:\\\/\\\/arealorcaradio.es\\\/index.php\\\/2024\\\/10\\\/01\\\/juan-jodar-desde-ceclor-nos-unimos-a-la-mesa-por-el-tren-propulsada-desde-la-provincia-de-granada\\\/\"},\"wordCount\":124,\"commentCount\":0,\"image\":{\"@id\":\"https:\\\/\\\/arealorcaradio.es\\\/index.php\\\/2024\\\/10\\\/01\\\/juan-jodar-desde-ceclor-nos-unimos-a-la-mesa-por-el-tren-propulsada-desde-la-provincia-de-granada\\\/#primaryimage\"},\"thumbnailUrl\":\"https:\\\/\\\/arealorcaradio.es\\\/wp-content\\\/uploads\\\/2024\\\/10\\\/20241001_175327-scaled.jpg\",\"articleSection\":[\"ACTUALIDAD\",\"LORCA\"],\"inLanguage\":\"es\",\"potentialAction\":[{\"@type\":\"CommentAction\",\"name\":\"Comment\",\"target\":[\"https:\\\/\\\/arealorcaradio.es\\\/index.php\\\/2024\\\/10\\\/01\\\/juan-jodar-desde-ceclor-nos-unimos-a-la-mesa-por-el-tren-propulsada-desde-la-provincia-de-granada\\\/#respond\"]}]},{\"@type\":\"WebPage\",\"@id\":\"https:\\\/\\\/arealorcaradio.es\\\/index.php\\\/2024\\\/10\\\/01\\\/juan-jodar-desde-ceclor-nos-unimos-a-la-mesa-por-el-tren-propulsada-desde-la-provincia-de-granada\\\/\",\"url\":\"https:\\\/\\\/arealorcaradio.es\\\/index.php\\\/2024\\\/10\\\/01\\\/juan-jodar-desde-ceclor-nos-unimos-a-la-mesa-por-el-tren-propulsada-desde-la-provincia-de-granada\\\/\",\"name\":\"Juan Jodar: \\\"Desde Ceclor nos unimos a la Mesa por el Tren propulsada desde la provincia de Granada\\\" - AREA LORCA RADIO\",\"isPartOf\":{\"@id\":\"https:\\\/\\\/arealorcaradio.es\\\/#website\"},\"primaryImageOfPage\":{\"@id\":\"https:\\\/\\\/arealorcaradio.es\\\/index.php\\\/2024\\\/10\\\/01\\\/juan-jodar-desde-ceclor-nos-unimos-a-la-mesa-por-el-tren-propulsada-desde-la-provincia-de-granada\\\/#primaryimage\"},\"image\":{\"@id\":\"https:\\\/\\\/arealorcaradio.es\\\/index.php\\\/2024\\\/10\\\/01\\\/juan-jodar-desde-ceclor-nos-unimos-a-la-mesa-por-el-tren-propulsada-desde-la-provincia-de-granada\\\/#primaryimage\"},\"thumbnailUrl\":\"https:\\\/\\\/arealorcaradio.es\\\/wp-content\\\/uploads\\\/2024\\\/10\\\/20241001_175327-scaled.jpg\",\"datePublished\":\"2024-10-01T16:52:49+00:00\",\"author\":{\"@id\":\"https:\\\/\\\/arealorcaradio.es\\\/#\\\/schema\\\/person\\\/9fae605fc25b0f2c83c1ab207139bd27\"},\"breadcrumb\":{\"@id\":\"https:\\\/\\\/arealorcaradio.es\\\/index.php\\\/2024\\\/10\\\/01\\\/juan-jodar-desde-ceclor-nos-unimos-a-la-mesa-por-el-tren-propulsada-desde-la-provincia-de-granada\\\/#breadcrumb\"},\"inLanguage\":\"es\",\"potentialAction\":[{\"@type\":\"ReadAction\",\"target\":[\"https:\\\/\\\/arealorcaradio.es\\\/index.php\\\/2024\\\/10\\\/01\\\/juan-jodar-desde-ceclor-nos-unimos-a-la-mesa-por-el-tren-propulsada-desde-la-provincia-de-granada\\\/\"]}]},{\"@type\":\"ImageObject\",\"inLanguage\":\"es\",\"@id\":\"https:\\\/\\\/arealorcaradio.es\\\/index.php\\\/2024\\\/10\\\/01\\\/juan-jodar-desde-ceclor-nos-unimos-a-la-mesa-por-el-tren-propulsada-desde-la-provincia-de-granada\\\/#primaryimage\",\"url\":\"https:\\\/\\\/arealorcaradio.es\\\/wp-content\\\/uploads\\\/2024\\\/10\\\/20241001_175327-scaled.jpg\",\"contentUrl\":\"https:\\\/\\\/arealorcaradio.es\\\/wp-content\\\/uploads\\\/2024\\\/10\\\/20241001_175327-scaled.jpg\",\"width\":2560,\"height\":1920},{\"@type\":\"BreadcrumbList\",\"@id\":\"https:\\\/\\\/arealorcaradio.es\\\/index.php\\\/2024\\\/10\\\/01\\\/juan-jodar-desde-ceclor-nos-unimos-a-la-mesa-por-el-tren-propulsada-desde-la-provincia-de-granada\\\/#breadcrumb\",\"itemListElement\":[{\"@type\":\"ListItem\",\"position\":1,\"name\":\"Portada\",\"item\":\"https:\\\/\\\/arealorcaradio.es\\\/\"},{\"@type\":\"ListItem\",\"position\":2,\"name\":\"Juan Jodar: \u00abDesde Ceclor nos unimos a la Mesa por el Tren propulsada desde la provincia de Granada\u00bb\"}]},{\"@type\":\"WebSite\",\"@id\":\"https:\\\/\\\/arealorcaradio.es\\\/#website\",\"url\":\"https:\\\/\\\/arealorcaradio.es\\\/\",\"name\":\"AREA LORCA RADIO\",\"description\":\"Descubre la programaci\u00f3n actual en \u00c1rea Lorca Radio, tu fuente de entrenamiento y noticias locales. Sintoniza ahora y mantente conectado online.\",\"potentialAction\":[{\"@type\":\"SearchAction\",\"target\":{\"@type\":\"EntryPoint\",\"urlTemplate\":\"https:\\\/\\\/arealorcaradio.es\\\/?s={search_term_string}\"},\"query-input\":{\"@type\":\"PropertyValueSpecification\",\"valueRequired\":true,\"valueName\":\"search_term_string\"}}],\"inLanguage\":\"es\"},{\"@type\":\"Person\",\"@id\":\"https:\\\/\\\/arealorcaradio.es\\\/#\\\/schema\\\/person\\\/9fae605fc25b0f2c83c1ab207139bd27\",\"name\":\"Paco S\u00e1nchez\",\"image\":{\"@type\":\"ImageObject\",\"inLanguage\":\"es\",\"@id\":\"https:\\\/\\\/secure.gravatar.com\\\/avatar\\\/d67144e966420fb74aa84c9f2a0103be4724fd14db52b52d3b6bca749f257e79?s=96&d=mm&r=g\",\"url\":\"https:\\\/\\\/secure.gravatar.com\\\/avatar\\\/d67144e966420fb74aa84c9f2a0103be4724fd14db52b52d3b6bca749f257e79?s=96&d=mm&r=g\",\"contentUrl\":\"https:\\\/\\\/secure.gravatar.com\\\/avatar\\\/d67144e966420fb74aa84c9f2a0103be4724fd14db52b52d3b6bca749f257e79?s=96&d=mm&r=g\",\"caption\":\"Paco S\u00e1nchez\"},\"sameAs\":[\"https:\\\/\\\/arealorcaradio.es\"],\"url\":\"https:\\\/\\\/arealorcaradio.es\\\/index.php\\\/author\\\/admin_alorcaradio\\\/\"}]}<\/script>\n<!-- \/ Yoast SEO plugin. -->","yoast_head_json":{"title":"Juan Jodar: \"Desde Ceclor nos unimos a la Mesa por el Tren propulsada desde la provincia de Granada\" - AREA LORCA RADIO","robots":{"index":"index","follow":"follow","max-snippet":"max-snippet:-1","max-image-preview":"max-image-preview:large","max-video-preview":"max-video-preview:-1"},"canonical":"https:\/\/arealorcaradio.es\/index.php\/2024\/10\/01\/juan-jodar-desde-ceclor-nos-unimos-a-la-mesa-por-el-tren-propulsada-desde-la-provincia-de-granada\/","og_locale":"es_ES","og_type":"article","og_title":"Juan Jodar: \"Desde Ceclor nos unimos a la Mesa por el Tren propulsada desde la provincia de Granada\" - AREA LORCA RADIO","og_description":"\u00c1REA LORCA RADIO. Escucha aqu\u00ed la entrevista que ha concedido el presidente de Ceclor, Juan Jodar a Paco S\u00e1nchez en el magazine \u00c1rea Lorca Actualidad. En ella habla de las obras del Corredor Mediterr\u00e1neo, de la defensa de la reapertura de la l\u00ednea ferroviaria Guadix-Baza-Almanzora-Lorca, del d\u00eda del empresario que este mi\u00e9rcoles se celebra en [&hellip;]","og_url":"https:\/\/arealorcaradio.es\/index.php\/2024\/10\/01\/juan-jodar-desde-ceclor-nos-unimos-a-la-mesa-por-el-tren-propulsada-desde-la-provincia-de-granada\/","og_site_name":"AREA LORCA RADIO","article_published_time":"2024-10-01T16:52:49+00:00","og_image":[{"width":2560,"height":1920,"url":"https:\/\/arealorcaradio.es\/wp-content\/uploads\/2024\/10\/20241001_175327-scaled.jpg","type":"image\/jpeg"}],"author":"Paco S\u00e1nchez","twitter_card":"summary_large_image","twitter_misc":{"Escrito por":"Paco S\u00e1nchez","Tiempo de lectura":"1 minuto"},"schema":{"@context":"https:\/\/schema.org","@graph":[{"@type":"Article","@id":"https:\/\/arealorcaradio.es\/index.php\/2024\/10\/01\/juan-jodar-desde-ceclor-nos-unimos-a-la-mesa-por-el-tren-propulsada-desde-la-provincia-de-granada\/#article","isPartOf":{"@id":"https:\/\/arealorcaradio.es\/index.php\/2024\/10\/01\/juan-jodar-desde-ceclor-nos-unimos-a-la-mesa-por-el-tren-propulsada-desde-la-provincia-de-granada\/"},"author":{"name":"Paco S\u00e1nchez","@id":"https:\/\/arealorcaradio.es\/#\/schema\/person\/9fae605fc25b0f2c83c1ab207139bd27"},"headline":"Juan Jodar: \u00abDesde Ceclor nos unimos a la Mesa por el Tren propulsada desde la provincia de Granada\u00bb","datePublished":"2024-10-01T16:52:49+00:00","mainEntityOfPage":{"@id":"https:\/\/arealorcaradio.es\/index.php\/2024\/10\/01\/juan-jodar-desde-ceclor-nos-unimos-a-la-mesa-por-el-tren-propulsada-desde-la-provincia-de-granada\/"},"wordCount":124,"commentCount":0,"image":{"@id":"https:\/\/arealorcaradio.es\/index.php\/2024\/10\/01\/juan-jodar-desde-ceclor-nos-unimos-a-la-mesa-por-el-tren-propulsada-desde-la-provincia-de-granada\/#primaryimage"},"thumbnailUrl":"https:\/\/arealorcaradio.es\/wp-content\/uploads\/2024\/10\/20241001_175327-scaled.jpg","articleSection":["ACTUALIDAD","LORCA"],"inLanguage":"es","potentialAction":[{"@type":"CommentAction","name":"Comment","target":["https:\/\/arealorcaradio.es\/index.php\/2024\/10\/01\/juan-jodar-desde-ceclor-nos-unimos-a-la-mesa-por-el-tren-propulsada-desde-la-provincia-de-granada\/#respond"]}]},{"@type":"WebPage","@id":"https:\/\/arealorcaradio.es\/index.php\/2024\/10\/01\/juan-jodar-desde-ceclor-nos-unimos-a-la-mesa-por-el-tren-propulsada-desde-la-provincia-de-granada\/","url":"https:\/\/arealorcaradio.es\/index.php\/2024\/10\/01\/juan-jodar-desde-ceclor-nos-unimos-a-la-mesa-por-el-tren-propulsada-desde-la-provincia-de-granada\/","name":"Juan Jodar: \"Desde Ceclor nos unimos a la Mesa por el Tren propulsada desde la provincia de Granada\" - AREA LORCA RADIO","isPartOf":{"@id":"https:\/\/arealorcaradio.es\/#website"},"primaryImageOfPage":{"@id":"https:\/\/arealorcaradio.es\/index.php\/2024\/10\/01\/juan-jodar-desde-ceclor-nos-unimos-a-la-mesa-por-el-tren-propulsada-desde-la-provincia-de-granada\/#primaryimage"},"image":{"@id":"https:\/\/arealorcaradio.es\/index.php\/2024\/10\/01\/juan-jodar-desde-ceclor-nos-unimos-a-la-mesa-por-el-tren-propulsada-desde-la-provincia-de-granada\/#primaryimage"},"thumbnailUrl":"https:\/\/arealorcaradio.es\/wp-content\/uploads\/2024\/10\/20241001_175327-scaled.jpg","datePublished":"2024-10-01T16:52:49+00:00","author":{"@id":"https:\/\/arealorcaradio.es\/#\/schema\/person\/9fae605fc25b0f2c83c1ab207139bd27"},"breadcrumb":{"@id":"https:\/\/arealorcaradio.es\/index.php\/2024\/10\/01\/juan-jodar-desde-ceclor-nos-unimos-a-la-mesa-por-el-tren-propulsada-desde-la-provincia-de-granada\/#breadcrumb"},"inLanguage":"es","potentialAction":[{"@type":"ReadAction","target":["https:\/\/arealorcaradio.es\/index.php\/2024\/10\/01\/juan-jodar-desde-ceclor-nos-unimos-a-la-mesa-por-el-tren-propulsada-desde-la-provincia-de-granada\/"]}]},{"@type":"ImageObject","inLanguage":"es","@id":"https:\/\/arealorcaradio.es\/index.php\/2024\/10\/01\/juan-jodar-desde-ceclor-nos-unimos-a-la-mesa-por-el-tren-propulsada-desde-la-provincia-de-granada\/#primaryimage","url":"https:\/\/arealorcaradio.es\/wp-content\/uploads\/2024\/10\/20241001_175327-scaled.jpg","contentUrl":"https:\/\/arealorcaradio.es\/wp-content\/uploads\/2024\/10\/20241001_175327-scaled.jpg","width":2560,"height":1920},{"@type":"BreadcrumbList","@id":"https:\/\/arealorcaradio.es\/index.php\/2024\/10\/01\/juan-jodar-desde-ceclor-nos-unimos-a-la-mesa-por-el-tren-propulsada-desde-la-provincia-de-granada\/#breadcrumb","itemListElement":[{"@type":"ListItem","position":1,"name":"Portada","item":"https:\/\/arealorcaradio.es\/"},{"@type":"ListItem","position":2,"name":"Juan Jodar: \u00abDesde Ceclor nos unimos a la Mesa por el Tren propulsada desde la provincia de Granada\u00bb"}]},{"@type":"WebSite","@id":"https:\/\/arealorcaradio.es\/#website","url":"https:\/\/arealorcaradio.es\/","name":"AREA LORCA RADIO","description":"Descubre la programaci\u00f3n actual en \u00c1rea Lorca Radio, tu fuente de entrenamiento y noticias locales. Sintoniza ahora y mantente conectado online.","potentialAction":[{"@type":"SearchAction","target":{"@type":"EntryPoint","urlTemplate":"https:\/\/arealorcaradio.es\/?s={search_term_string}"},"query-input":{"@type":"PropertyValueSpecification","valueRequired":true,"valueName":"search_term_string"}}],"inLanguage":"es"},{"@type":"Person","@id":"https:\/\/arealorcaradio.es\/#\/schema\/person\/9fae605fc25b0f2c83c1ab207139bd27","name":"Paco S\u00e1nchez","image":{"@type":"ImageObject","inLanguage":"es","@id":"https:\/\/secure.gravatar.com\/avatar\/d67144e966420fb74aa84c9f2a0103be4724fd14db52b52d3b6bca749f257e79?s=96&d=mm&r=g","url":"https:\/\/secure.gravatar.com\/avatar\/d67144e966420fb74aa84c9f2a0103be4724fd14db52b52d3b6bca749f257e79?s=96&d=mm&r=g","contentUrl":"https:\/\/secure.gravatar.com\/avatar\/d67144e966420fb74aa84c9f2a0103be4724fd14db52b52d3b6bca749f257e79?s=96&d=mm&r=g","caption":"Paco S\u00e1nchez"},"sameAs":["https:\/\/arealorcaradio.es"],"url":"https:\/\/arealorcaradio.es\/index.php\/author\/admin_alorcaradio\/"}]}},"_links":{"self":[{"href":"https:\/\/arealorcaradio.es\/index.php\/wp-json\/wp\/v2\/posts\/4243","targetHints":{"allow":["GET"]}}],"collection":[{"href":"https:\/\/arealorcaradio.es\/index.php\/wp-json\/wp\/v2\/posts"}],"about":[{"href":"https:\/\/arealorcaradio.es\/index.php\/wp-json\/wp\/v2\/types\/post"}],"author":[{"embeddable":true,"href":"https:\/\/arealorcaradio.es\/index.php\/wp-json\/wp\/v2\/users\/1"}],"replies":[{"embeddable":true,"href":"https:\/\/arealorcaradio.es\/index.php\/wp-json\/wp\/v2\/comments?post=4243"}],"version-history":[{"count":1,"href":"https:\/\/arealorcaradio.es\/index.php\/wp-json\/wp\/v2\/posts\/4243\/revisions"}],"predecessor-version":[{"id":4246,"href":"https:\/\/arealorcaradio.es\/index.php\/wp-json\/wp\/v2\/posts\/4243\/revisions\/4246"}],"wp:featuredmedia":[{"embeddable":true,"href":"https:\/\/arealorcaradio.es\/index.php\/wp-json\/wp\/v2\/media\/4245"}],"wp:attachment":[{"href":"https:\/\/arealorcaradio.es\/index.php\/wp-json\/wp\/v2\/media?parent=4243"}],"wp:term":[{"taxonomy":"category","embeddable":true,"href":"https:\/\/arealorcaradio.es\/index.php\/wp-json\/wp\/v2\/categories?post=4243"},{"taxonomy":"post_tag","embeddable":true,"href":"https:\/\/arealorcaradio.es\/index.php\/wp-json\/wp\/v2\/tags?post=4243"}],"curies":[{"name":"wp","href":"https:\/\/api.w.org\/{rel}","templated":true}]}}