{"id":4217,"date":"2024-09-26T16:58:11","date_gmt":"2024-09-26T16:58:11","guid":{"rendered":"https:\/\/arealorcaradio.es\/?p=4217"},"modified":"2024-09-26T16:58:11","modified_gmt":"2024-09-26T16:58:11","slug":"vecinos-de-la-plataforma-de-afectados-por-la-inundacion-de-san-wenceslao-se-concentran-este-domingo-en-la-torrecilla","status":"publish","type":"post","link":"https:\/\/arealorcaradio.es\/index.php\/2024\/09\/26\/vecinos-de-la-plataforma-de-afectados-por-la-inundacion-de-san-wenceslao-se-concentran-este-domingo-en-la-torrecilla\/","title":{"rendered":"Vecinos de la Plataforma de Afectados por la inundaci\u00f3n de San Wenceslao se concentran este domingo en La Torrecilla"},"content":{"rendered":"<p>\u00c1REA LORCA RADIO.<\/p>\n<p>Con el slogan \u00ab12 a\u00f1os de espera, 12 a\u00f1os de retrocesos, exigimos soluciones ya\u00bb, vecinos de la Plataforma de Afectados por la Inundaci\u00f3n del 12 de septiembre de 2012 pedir\u00e1n a las administraciones, a la Confederaci\u00f3n Hidrogr\u00e1fica del Segura y a ADIF soluciones urgentes a una situaci\u00f3n que se ha hecho insostenible para los vecinos afectados.<\/p>\n<p><img loading=\"lazy\" decoding=\"async\" class=\"alignnone size-medium wp-image-4219\" src=\"https:\/\/arealorcaradio.es\/wp-content\/uploads\/2024\/09\/Cartel-concentracion-12-aniv.-San-Wenceslao-212x300.jpg\" alt=\"\" width=\"212\" height=\"300\" srcset=\"https:\/\/arealorcaradio.es\/wp-content\/uploads\/2024\/09\/Cartel-concentracion-12-aniv.-San-Wenceslao-212x300.jpg 212w, https:\/\/arealorcaradio.es\/wp-content\/uploads\/2024\/09\/Cartel-concentracion-12-aniv.-San-Wenceslao-724x1024.jpg 724w, https:\/\/arealorcaradio.es\/wp-content\/uploads\/2024\/09\/Cartel-concentracion-12-aniv.-San-Wenceslao-768x1086.jpg 768w, https:\/\/arealorcaradio.es\/wp-content\/uploads\/2024\/09\/Cartel-concentracion-12-aniv.-San-Wenceslao-1086x1536.jpg 1086w, https:\/\/arealorcaradio.es\/wp-content\/uploads\/2024\/09\/Cartel-concentracion-12-aniv.-San-Wenceslao.jpg 1131w\" sizes=\"auto, (max-width: 212px) 100vw, 212px\" \/><\/p>\n<p>Escucha aqu\u00ed la entrevista que han concedido a Paco S\u00e1nchez en el magazine \u00c1rea Lorca Actualidad, los representantes vecinales de las Asociaciones de Vecinos de Campillo y La Torrecilla, Joaqu\u00edn Giner y Cayetano Padilla respectivamente, quienes han reivindicado una soluci\u00f3n urgente ya a sus inquietudes.<\/p>\n<audio class=\"wp-audio-shortcode\" id=\"audio-4217-1\" preload=\"none\" style=\"width: 100%;\" controls=\"controls\"><source type=\"audio\/mpeg\" src=\"https:\/\/arealorcaradio.es\/wp-content\/uploads\/2024\/09\/260924-CAYETANO-PADILLA-Y-JOAQUIN-GINER.-12-ANIV.-SAN-WENCESLAO.mp3?_=1\" \/><a href=\"https:\/\/arealorcaradio.es\/wp-content\/uploads\/2024\/09\/260924-CAYETANO-PADILLA-Y-JOAQUIN-GINER.-12-ANIV.-SAN-WENCESLAO.mp3\">https:\/\/arealorcaradio.es\/wp-content\/uploads\/2024\/09\/260924-CAYETANO-PADILLA-Y-JOAQUIN-GINER.-12-ANIV.-SAN-WENCESLAO.mp3<\/a><\/audio>\n","protected":false},"excerpt":{"rendered":"<p>\u00c1REA LORCA RADIO. Con el slogan \u00ab12 a\u00f1os de espera, 12 a\u00f1os de retrocesos, exigimos soluciones ya\u00bb, vecinos de la Plataforma de Afectados por la Inundaci\u00f3n del 12 de septiembre de 2012 pedir\u00e1n a las administraciones, a la Confederaci\u00f3n Hidrogr\u00e1fica del Segura y a ADIF soluciones urgentes a una situaci\u00f3n que se ha hecho insostenible [&hellip;]<\/p>\n","protected":false},"author":1,"featured_media":4223,"comment_status":"open","ping_status":"open","sticky":false,"template":"","format":"standard","meta":{"iawp_total_views":13,"footnotes":""},"categories":[5,7],"tags":[],"class_list":["post-4217","post","type-post","status-publish","format-standard","has-post-thumbnail","hentry","category-actualidad","category-lorca"],"yoast_head":"<!-- This site is optimized with the Yoast SEO plugin v27.5 - https:\/\/yoast.com\/product\/yoast-seo-wordpress\/ -->\n<title>Vecinos de la Plataforma de Afectados por la inundaci\u00f3n de San Wenceslao se concentran este domingo en La Torrecilla - AREA LORCA RADIO<\/title>\n<meta name=\"robots\" content=\"index, follow, max-snippet:-1, max-image-preview:large, max-video-preview:-1\" \/>\n<link rel=\"canonical\" href=\"https:\/\/arealorcaradio.es\/index.php\/2024\/09\/26\/vecinos-de-la-plataforma-de-afectados-por-la-inundacion-de-san-wenceslao-se-concentran-este-domingo-en-la-torrecilla\/\" \/>\n<meta property=\"og:locale\" content=\"es_ES\" \/>\n<meta property=\"og:type\" content=\"article\" \/>\n<meta property=\"og:title\" content=\"Vecinos de la Plataforma de Afectados por la inundaci\u00f3n de San Wenceslao se concentran este domingo en La Torrecilla - AREA LORCA RADIO\" \/>\n<meta property=\"og:description\" content=\"\u00c1REA LORCA RADIO. Con el slogan \u00ab12 a\u00f1os de espera, 12 a\u00f1os de retrocesos, exigimos soluciones ya\u00bb, vecinos de la Plataforma de Afectados por la Inundaci\u00f3n del 12 de septiembre de 2012 pedir\u00e1n a las administraciones, a la Confederaci\u00f3n Hidrogr\u00e1fica del Segura y a ADIF soluciones urgentes a una situaci\u00f3n que se ha hecho insostenible [&hellip;]\" \/>\n<meta property=\"og:url\" content=\"https:\/\/arealorcaradio.es\/index.php\/2024\/09\/26\/vecinos-de-la-plataforma-de-afectados-por-la-inundacion-de-san-wenceslao-se-concentran-este-domingo-en-la-torrecilla\/\" \/>\n<meta property=\"og:site_name\" content=\"AREA LORCA RADIO\" \/>\n<meta property=\"article:published_time\" content=\"2024-09-26T16:58:11+00:00\" \/>\n<meta property=\"og:image\" content=\"https:\/\/arealorcaradio.es\/wp-content\/uploads\/2024\/09\/20240926_174321-scaled.jpg\" \/>\n\t<meta property=\"og:image:width\" content=\"2560\" \/>\n\t<meta property=\"og:image:height\" content=\"1920\" \/>\n\t<meta property=\"og:image:type\" content=\"image\/jpeg\" \/>\n<meta name=\"author\" content=\"Paco S\u00e1nchez\" \/>\n<meta name=\"twitter:card\" content=\"summary_large_image\" \/>\n<meta name=\"twitter:label1\" content=\"Escrito por\" \/>\n\t<meta name=\"twitter:data1\" content=\"Paco S\u00e1nchez\" \/>\n\t<meta name=\"twitter:label2\" content=\"Tiempo de lectura\" \/>\n\t<meta name=\"twitter:data2\" content=\"1 minuto\" \/>\n<script type=\"application\/ld+json\" class=\"yoast-schema-graph\">{\"@context\":\"https:\\\/\\\/schema.org\",\"@graph\":[{\"@type\":\"Article\",\"@id\":\"https:\\\/\\\/arealorcaradio.es\\\/index.php\\\/2024\\\/09\\\/26\\\/vecinos-de-la-plataforma-de-afectados-por-la-inundacion-de-san-wenceslao-se-concentran-este-domingo-en-la-torrecilla\\\/#article\",\"isPartOf\":{\"@id\":\"https:\\\/\\\/arealorcaradio.es\\\/index.php\\\/2024\\\/09\\\/26\\\/vecinos-de-la-plataforma-de-afectados-por-la-inundacion-de-san-wenceslao-se-concentran-este-domingo-en-la-torrecilla\\\/\"},\"author\":{\"name\":\"Paco S\u00e1nchez\",\"@id\":\"https:\\\/\\\/arealorcaradio.es\\\/#\\\/schema\\\/person\\\/9fae605fc25b0f2c83c1ab207139bd27\"},\"headline\":\"Vecinos de la Plataforma de Afectados por la inundaci\u00f3n de San Wenceslao se concentran este domingo en La Torrecilla\",\"datePublished\":\"2024-09-26T16:58:11+00:00\",\"mainEntityOfPage\":{\"@id\":\"https:\\\/\\\/arealorcaradio.es\\\/index.php\\\/2024\\\/09\\\/26\\\/vecinos-de-la-plataforma-de-afectados-por-la-inundacion-de-san-wenceslao-se-concentran-este-domingo-en-la-torrecilla\\\/\"},\"wordCount\":143,\"commentCount\":0,\"image\":{\"@id\":\"https:\\\/\\\/arealorcaradio.es\\\/index.php\\\/2024\\\/09\\\/26\\\/vecinos-de-la-plataforma-de-afectados-por-la-inundacion-de-san-wenceslao-se-concentran-este-domingo-en-la-torrecilla\\\/#primaryimage\"},\"thumbnailUrl\":\"https:\\\/\\\/arealorcaradio.es\\\/wp-content\\\/uploads\\\/2024\\\/09\\\/20240926_174321-scaled.jpg\",\"articleSection\":[\"ACTUALIDAD\",\"LORCA\"],\"inLanguage\":\"es\",\"potentialAction\":[{\"@type\":\"CommentAction\",\"name\":\"Comment\",\"target\":[\"https:\\\/\\\/arealorcaradio.es\\\/index.php\\\/2024\\\/09\\\/26\\\/vecinos-de-la-plataforma-de-afectados-por-la-inundacion-de-san-wenceslao-se-concentran-este-domingo-en-la-torrecilla\\\/#respond\"]}]},{\"@type\":\"WebPage\",\"@id\":\"https:\\\/\\\/arealorcaradio.es\\\/index.php\\\/2024\\\/09\\\/26\\\/vecinos-de-la-plataforma-de-afectados-por-la-inundacion-de-san-wenceslao-se-concentran-este-domingo-en-la-torrecilla\\\/\",\"url\":\"https:\\\/\\\/arealorcaradio.es\\\/index.php\\\/2024\\\/09\\\/26\\\/vecinos-de-la-plataforma-de-afectados-por-la-inundacion-de-san-wenceslao-se-concentran-este-domingo-en-la-torrecilla\\\/\",\"name\":\"Vecinos de la Plataforma de Afectados por la inundaci\u00f3n de San Wenceslao se concentran este domingo en La Torrecilla - AREA LORCA RADIO\",\"isPartOf\":{\"@id\":\"https:\\\/\\\/arealorcaradio.es\\\/#website\"},\"primaryImageOfPage\":{\"@id\":\"https:\\\/\\\/arealorcaradio.es\\\/index.php\\\/2024\\\/09\\\/26\\\/vecinos-de-la-plataforma-de-afectados-por-la-inundacion-de-san-wenceslao-se-concentran-este-domingo-en-la-torrecilla\\\/#primaryimage\"},\"image\":{\"@id\":\"https:\\\/\\\/arealorcaradio.es\\\/index.php\\\/2024\\\/09\\\/26\\\/vecinos-de-la-plataforma-de-afectados-por-la-inundacion-de-san-wenceslao-se-concentran-este-domingo-en-la-torrecilla\\\/#primaryimage\"},\"thumbnailUrl\":\"https:\\\/\\\/arealorcaradio.es\\\/wp-content\\\/uploads\\\/2024\\\/09\\\/20240926_174321-scaled.jpg\",\"datePublished\":\"2024-09-26T16:58:11+00:00\",\"author\":{\"@id\":\"https:\\\/\\\/arealorcaradio.es\\\/#\\\/schema\\\/person\\\/9fae605fc25b0f2c83c1ab207139bd27\"},\"breadcrumb\":{\"@id\":\"https:\\\/\\\/arealorcaradio.es\\\/index.php\\\/2024\\\/09\\\/26\\\/vecinos-de-la-plataforma-de-afectados-por-la-inundacion-de-san-wenceslao-se-concentran-este-domingo-en-la-torrecilla\\\/#breadcrumb\"},\"inLanguage\":\"es\",\"potentialAction\":[{\"@type\":\"ReadAction\",\"target\":[\"https:\\\/\\\/arealorcaradio.es\\\/index.php\\\/2024\\\/09\\\/26\\\/vecinos-de-la-plataforma-de-afectados-por-la-inundacion-de-san-wenceslao-se-concentran-este-domingo-en-la-torrecilla\\\/\"]}]},{\"@type\":\"ImageObject\",\"inLanguage\":\"es\",\"@id\":\"https:\\\/\\\/arealorcaradio.es\\\/index.php\\\/2024\\\/09\\\/26\\\/vecinos-de-la-plataforma-de-afectados-por-la-inundacion-de-san-wenceslao-se-concentran-este-domingo-en-la-torrecilla\\\/#primaryimage\",\"url\":\"https:\\\/\\\/arealorcaradio.es\\\/wp-content\\\/uploads\\\/2024\\\/09\\\/20240926_174321-scaled.jpg\",\"contentUrl\":\"https:\\\/\\\/arealorcaradio.es\\\/wp-content\\\/uploads\\\/2024\\\/09\\\/20240926_174321-scaled.jpg\",\"width\":2560,\"height\":1920},{\"@type\":\"BreadcrumbList\",\"@id\":\"https:\\\/\\\/arealorcaradio.es\\\/index.php\\\/2024\\\/09\\\/26\\\/vecinos-de-la-plataforma-de-afectados-por-la-inundacion-de-san-wenceslao-se-concentran-este-domingo-en-la-torrecilla\\\/#breadcrumb\",\"itemListElement\":[{\"@type\":\"ListItem\",\"position\":1,\"name\":\"Portada\",\"item\":\"https:\\\/\\\/arealorcaradio.es\\\/\"},{\"@type\":\"ListItem\",\"position\":2,\"name\":\"Vecinos de la Plataforma de Afectados por la inundaci\u00f3n de San Wenceslao se concentran este domingo en La Torrecilla\"}]},{\"@type\":\"WebSite\",\"@id\":\"https:\\\/\\\/arealorcaradio.es\\\/#website\",\"url\":\"https:\\\/\\\/arealorcaradio.es\\\/\",\"name\":\"AREA LORCA RADIO\",\"description\":\"Descubre la programaci\u00f3n actual en \u00c1rea Lorca Radio, tu fuente de entrenamiento y noticias locales. Sintoniza ahora y mantente conectado online.\",\"potentialAction\":[{\"@type\":\"SearchAction\",\"target\":{\"@type\":\"EntryPoint\",\"urlTemplate\":\"https:\\\/\\\/arealorcaradio.es\\\/?s={search_term_string}\"},\"query-input\":{\"@type\":\"PropertyValueSpecification\",\"valueRequired\":true,\"valueName\":\"search_term_string\"}}],\"inLanguage\":\"es\"},{\"@type\":\"Person\",\"@id\":\"https:\\\/\\\/arealorcaradio.es\\\/#\\\/schema\\\/person\\\/9fae605fc25b0f2c83c1ab207139bd27\",\"name\":\"Paco S\u00e1nchez\",\"image\":{\"@type\":\"ImageObject\",\"inLanguage\":\"es\",\"@id\":\"https:\\\/\\\/secure.gravatar.com\\\/avatar\\\/d67144e966420fb74aa84c9f2a0103be4724fd14db52b52d3b6bca749f257e79?s=96&d=mm&r=g\",\"url\":\"https:\\\/\\\/secure.gravatar.com\\\/avatar\\\/d67144e966420fb74aa84c9f2a0103be4724fd14db52b52d3b6bca749f257e79?s=96&d=mm&r=g\",\"contentUrl\":\"https:\\\/\\\/secure.gravatar.com\\\/avatar\\\/d67144e966420fb74aa84c9f2a0103be4724fd14db52b52d3b6bca749f257e79?s=96&d=mm&r=g\",\"caption\":\"Paco S\u00e1nchez\"},\"sameAs\":[\"https:\\\/\\\/arealorcaradio.es\"],\"url\":\"https:\\\/\\\/arealorcaradio.es\\\/index.php\\\/author\\\/admin_alorcaradio\\\/\"}]}<\/script>\n<!-- \/ Yoast SEO plugin. -->","yoast_head_json":{"title":"Vecinos de la Plataforma de Afectados por la inundaci\u00f3n de San Wenceslao se concentran este domingo en La Torrecilla - AREA LORCA RADIO","robots":{"index":"index","follow":"follow","max-snippet":"max-snippet:-1","max-image-preview":"max-image-preview:large","max-video-preview":"max-video-preview:-1"},"canonical":"https:\/\/arealorcaradio.es\/index.php\/2024\/09\/26\/vecinos-de-la-plataforma-de-afectados-por-la-inundacion-de-san-wenceslao-se-concentran-este-domingo-en-la-torrecilla\/","og_locale":"es_ES","og_type":"article","og_title":"Vecinos de la Plataforma de Afectados por la inundaci\u00f3n de San Wenceslao se concentran este domingo en La Torrecilla - AREA LORCA RADIO","og_description":"\u00c1REA LORCA RADIO. Con el slogan \u00ab12 a\u00f1os de espera, 12 a\u00f1os de retrocesos, exigimos soluciones ya\u00bb, vecinos de la Plataforma de Afectados por la Inundaci\u00f3n del 12 de septiembre de 2012 pedir\u00e1n a las administraciones, a la Confederaci\u00f3n Hidrogr\u00e1fica del Segura y a ADIF soluciones urgentes a una situaci\u00f3n que se ha hecho insostenible [&hellip;]","og_url":"https:\/\/arealorcaradio.es\/index.php\/2024\/09\/26\/vecinos-de-la-plataforma-de-afectados-por-la-inundacion-de-san-wenceslao-se-concentran-este-domingo-en-la-torrecilla\/","og_site_name":"AREA LORCA RADIO","article_published_time":"2024-09-26T16:58:11+00:00","og_image":[{"width":2560,"height":1920,"url":"https:\/\/arealorcaradio.es\/wp-content\/uploads\/2024\/09\/20240926_174321-scaled.jpg","type":"image\/jpeg"}],"author":"Paco S\u00e1nchez","twitter_card":"summary_large_image","twitter_misc":{"Escrito por":"Paco S\u00e1nchez","Tiempo de lectura":"1 minuto"},"schema":{"@context":"https:\/\/schema.org","@graph":[{"@type":"Article","@id":"https:\/\/arealorcaradio.es\/index.php\/2024\/09\/26\/vecinos-de-la-plataforma-de-afectados-por-la-inundacion-de-san-wenceslao-se-concentran-este-domingo-en-la-torrecilla\/#article","isPartOf":{"@id":"https:\/\/arealorcaradio.es\/index.php\/2024\/09\/26\/vecinos-de-la-plataforma-de-afectados-por-la-inundacion-de-san-wenceslao-se-concentran-este-domingo-en-la-torrecilla\/"},"author":{"name":"Paco S\u00e1nchez","@id":"https:\/\/arealorcaradio.es\/#\/schema\/person\/9fae605fc25b0f2c83c1ab207139bd27"},"headline":"Vecinos de la Plataforma de Afectados por la inundaci\u00f3n de San Wenceslao se concentran este domingo en La Torrecilla","datePublished":"2024-09-26T16:58:11+00:00","mainEntityOfPage":{"@id":"https:\/\/arealorcaradio.es\/index.php\/2024\/09\/26\/vecinos-de-la-plataforma-de-afectados-por-la-inundacion-de-san-wenceslao-se-concentran-este-domingo-en-la-torrecilla\/"},"wordCount":143,"commentCount":0,"image":{"@id":"https:\/\/arealorcaradio.es\/index.php\/2024\/09\/26\/vecinos-de-la-plataforma-de-afectados-por-la-inundacion-de-san-wenceslao-se-concentran-este-domingo-en-la-torrecilla\/#primaryimage"},"thumbnailUrl":"https:\/\/arealorcaradio.es\/wp-content\/uploads\/2024\/09\/20240926_174321-scaled.jpg","articleSection":["ACTUALIDAD","LORCA"],"inLanguage":"es","potentialAction":[{"@type":"CommentAction","name":"Comment","target":["https:\/\/arealorcaradio.es\/index.php\/2024\/09\/26\/vecinos-de-la-plataforma-de-afectados-por-la-inundacion-de-san-wenceslao-se-concentran-este-domingo-en-la-torrecilla\/#respond"]}]},{"@type":"WebPage","@id":"https:\/\/arealorcaradio.es\/index.php\/2024\/09\/26\/vecinos-de-la-plataforma-de-afectados-por-la-inundacion-de-san-wenceslao-se-concentran-este-domingo-en-la-torrecilla\/","url":"https:\/\/arealorcaradio.es\/index.php\/2024\/09\/26\/vecinos-de-la-plataforma-de-afectados-por-la-inundacion-de-san-wenceslao-se-concentran-este-domingo-en-la-torrecilla\/","name":"Vecinos de la Plataforma de Afectados por la inundaci\u00f3n de San Wenceslao se concentran este domingo en La Torrecilla - AREA LORCA RADIO","isPartOf":{"@id":"https:\/\/arealorcaradio.es\/#website"},"primaryImageOfPage":{"@id":"https:\/\/arealorcaradio.es\/index.php\/2024\/09\/26\/vecinos-de-la-plataforma-de-afectados-por-la-inundacion-de-san-wenceslao-se-concentran-este-domingo-en-la-torrecilla\/#primaryimage"},"image":{"@id":"https:\/\/arealorcaradio.es\/index.php\/2024\/09\/26\/vecinos-de-la-plataforma-de-afectados-por-la-inundacion-de-san-wenceslao-se-concentran-este-domingo-en-la-torrecilla\/#primaryimage"},"thumbnailUrl":"https:\/\/arealorcaradio.es\/wp-content\/uploads\/2024\/09\/20240926_174321-scaled.jpg","datePublished":"2024-09-26T16:58:11+00:00","author":{"@id":"https:\/\/arealorcaradio.es\/#\/schema\/person\/9fae605fc25b0f2c83c1ab207139bd27"},"breadcrumb":{"@id":"https:\/\/arealorcaradio.es\/index.php\/2024\/09\/26\/vecinos-de-la-plataforma-de-afectados-por-la-inundacion-de-san-wenceslao-se-concentran-este-domingo-en-la-torrecilla\/#breadcrumb"},"inLanguage":"es","potentialAction":[{"@type":"ReadAction","target":["https:\/\/arealorcaradio.es\/index.php\/2024\/09\/26\/vecinos-de-la-plataforma-de-afectados-por-la-inundacion-de-san-wenceslao-se-concentran-este-domingo-en-la-torrecilla\/"]}]},{"@type":"ImageObject","inLanguage":"es","@id":"https:\/\/arealorcaradio.es\/index.php\/2024\/09\/26\/vecinos-de-la-plataforma-de-afectados-por-la-inundacion-de-san-wenceslao-se-concentran-este-domingo-en-la-torrecilla\/#primaryimage","url":"https:\/\/arealorcaradio.es\/wp-content\/uploads\/2024\/09\/20240926_174321-scaled.jpg","contentUrl":"https:\/\/arealorcaradio.es\/wp-content\/uploads\/2024\/09\/20240926_174321-scaled.jpg","width":2560,"height":1920},{"@type":"BreadcrumbList","@id":"https:\/\/arealorcaradio.es\/index.php\/2024\/09\/26\/vecinos-de-la-plataforma-de-afectados-por-la-inundacion-de-san-wenceslao-se-concentran-este-domingo-en-la-torrecilla\/#breadcrumb","itemListElement":[{"@type":"ListItem","position":1,"name":"Portada","item":"https:\/\/arealorcaradio.es\/"},{"@type":"ListItem","position":2,"name":"Vecinos de la Plataforma de Afectados por la inundaci\u00f3n de San Wenceslao se concentran este domingo en La Torrecilla"}]},{"@type":"WebSite","@id":"https:\/\/arealorcaradio.es\/#website","url":"https:\/\/arealorcaradio.es\/","name":"AREA LORCA RADIO","description":"Descubre la programaci\u00f3n actual en \u00c1rea Lorca Radio, tu fuente de entrenamiento y noticias locales. Sintoniza ahora y mantente conectado online.","potentialAction":[{"@type":"SearchAction","target":{"@type":"EntryPoint","urlTemplate":"https:\/\/arealorcaradio.es\/?s={search_term_string}"},"query-input":{"@type":"PropertyValueSpecification","valueRequired":true,"valueName":"search_term_string"}}],"inLanguage":"es"},{"@type":"Person","@id":"https:\/\/arealorcaradio.es\/#\/schema\/person\/9fae605fc25b0f2c83c1ab207139bd27","name":"Paco S\u00e1nchez","image":{"@type":"ImageObject","inLanguage":"es","@id":"https:\/\/secure.gravatar.com\/avatar\/d67144e966420fb74aa84c9f2a0103be4724fd14db52b52d3b6bca749f257e79?s=96&d=mm&r=g","url":"https:\/\/secure.gravatar.com\/avatar\/d67144e966420fb74aa84c9f2a0103be4724fd14db52b52d3b6bca749f257e79?s=96&d=mm&r=g","contentUrl":"https:\/\/secure.gravatar.com\/avatar\/d67144e966420fb74aa84c9f2a0103be4724fd14db52b52d3b6bca749f257e79?s=96&d=mm&r=g","caption":"Paco S\u00e1nchez"},"sameAs":["https:\/\/arealorcaradio.es"],"url":"https:\/\/arealorcaradio.es\/index.php\/author\/admin_alorcaradio\/"}]}},"_links":{"self":[{"href":"https:\/\/arealorcaradio.es\/index.php\/wp-json\/wp\/v2\/posts\/4217","targetHints":{"allow":["GET"]}}],"collection":[{"href":"https:\/\/arealorcaradio.es\/index.php\/wp-json\/wp\/v2\/posts"}],"about":[{"href":"https:\/\/arealorcaradio.es\/index.php\/wp-json\/wp\/v2\/types\/post"}],"author":[{"embeddable":true,"href":"https:\/\/arealorcaradio.es\/index.php\/wp-json\/wp\/v2\/users\/1"}],"replies":[{"embeddable":true,"href":"https:\/\/arealorcaradio.es\/index.php\/wp-json\/wp\/v2\/comments?post=4217"}],"version-history":[{"count":1,"href":"https:\/\/arealorcaradio.es\/index.php\/wp-json\/wp\/v2\/posts\/4217\/revisions"}],"predecessor-version":[{"id":4220,"href":"https:\/\/arealorcaradio.es\/index.php\/wp-json\/wp\/v2\/posts\/4217\/revisions\/4220"}],"wp:featuredmedia":[{"embeddable":true,"href":"https:\/\/arealorcaradio.es\/index.php\/wp-json\/wp\/v2\/media\/4223"}],"wp:attachment":[{"href":"https:\/\/arealorcaradio.es\/index.php\/wp-json\/wp\/v2\/media?parent=4217"}],"wp:term":[{"taxonomy":"category","embeddable":true,"href":"https:\/\/arealorcaradio.es\/index.php\/wp-json\/wp\/v2\/categories?post=4217"},{"taxonomy":"post_tag","embeddable":true,"href":"https:\/\/arealorcaradio.es\/index.php\/wp-json\/wp\/v2\/tags?post=4217"}],"curies":[{"name":"wp","href":"https:\/\/api.w.org\/{rel}","templated":true}]}}