{"id":4211,"date":"2024-09-26T11:11:02","date_gmt":"2024-09-26T11:11:02","guid":{"rendered":"https:\/\/arealorcaradio.es\/?p=4211"},"modified":"2024-09-26T11:11:02","modified_gmt":"2024-09-26T11:11:02","slug":"aguilas-gana-peso-en-el-gobierno-regional-con-la-incorporacion-de-eva-reverte-y-javier-rollan-como-nuevos-directores-generales","status":"publish","type":"post","link":"https:\/\/arealorcaradio.es\/index.php\/2024\/09\/26\/aguilas-gana-peso-en-el-gobierno-regional-con-la-incorporacion-de-eva-reverte-y-javier-rollan-como-nuevos-directores-generales\/","title":{"rendered":"\u00c1guilas gana peso en el Gobierno regional con la incorporaci\u00f3n de Eva Reverte y Javier Roll\u00e1n como nuevos directores generales\u00a0"},"content":{"rendered":"<p>\u00c1REA LORCA RADIO.<\/p>\n<p><b>26 de septiembre de 2024<\/b>. El PP de \u00c1guilas celebra la decisi\u00f3n del presidente de la Regi\u00f3n de Murcia, Fernando L\u00f3pez Miras, de incorporar a la presidenta del PP de \u00c1guilas, Eva Reverte, como nueva directora general de Competitividad y Calidad Tur\u00edsticas y al actual arquitecto municipal del Ayuntamiento de \u00c1guilas, Javier Roll\u00e1n, como director general de Ordenaci\u00f3n del Territorio y Arquitectura.<\/p>\n<p>El PP ha remarcado que para \u00c1guilas es una excelente noticia que dos personas con la trayectoria de gesti\u00f3n, vocaci\u00f3n de servicio p\u00fablico y compromiso de Reverte y Roll\u00e1n se incorporen al Gobierno de la Regi\u00f3n de Murcia en \u00e1reas tan importantes para el municipio como son el turismo y fomento.<\/p>\n<p>De esta forma \u00c1guilas est\u00e1 a\u00fan m\u00e1s presente en el centro de la pol\u00edtica regional, ya que es la primera vez que dos aguile\u00f1os asumen las competencias de gestionar direcciones generales en el Gobierno regional.<\/p>\n<p>Por su parte, Eva Reverte ha se\u00f1alado que \u00abseguir\u00e9 comprometida con \u00c1guilas desde mi nuevo cargo\u00bb. \u00abMi nombramiento es una gran oportunidad para el municipio desde el que podr\u00e9\u00a0\u00a0gestionar e impulsar el turismo en \u00c1guilas y tendr\u00e9 m\u00e1s posibilidades para ayudar a nuestros vecinos, puesto que continuar\u00e9 siendo una firme defensora de mi ciudad\u00bb.<\/p>\n<p>Asimismo, la presidenta del PP asume este nuevo reto con responsabilidad, expresando su agradecimiento al presidente L\u00f3pez Miras y reafirmando su firme compromiso de trabajar en la promoci\u00f3n del turismo de la Regi\u00f3n de Murcia.<\/p>\n<p>Roll\u00e1n se suma al proyecto en la Consejer\u00eda de Fomento e Infraestructuras con una avalada experiencia en la administraci\u00f3n local y demostrada capacidad de trabajo en numerosos proyectos de desarrollo urbano, que han mejorado la calidad de vida de los ciudadanos, entre ellos y junto a Reverte, el impulso de la tramitaci\u00f3n del Plan General de Ordenaci\u00f3n Urbana (PGOU) de \u00c1guilas hasta su aprobaci\u00f3n definitiva parcial.<\/p>\n<p>\u00abVoy a poner toda mi experiencia en el campo de la arquitectura y la planificaci\u00f3n urbana al servicio de la Regi\u00f3n\u00bb, ha se\u00f1alado Roll\u00e1n.<\/p>\n<p>Por \u00faltimo, desde el PP se subraya que estos dos nombramientos representan un claro signo de confianza por parte del presidente, Fernando L\u00f3pez Miras, hacia la direcci\u00f3n del Partido Popular de \u00c1guilas.<\/p>\n","protected":false},"excerpt":{"rendered":"<p>\u00c1REA LORCA RADIO. 26 de septiembre de 2024. El PP de \u00c1guilas celebra la decisi\u00f3n del presidente de la Regi\u00f3n de Murcia, Fernando L\u00f3pez Miras, de incorporar a la presidenta del PP de \u00c1guilas, Eva Reverte, como nueva directora general de Competitividad y Calidad Tur\u00edsticas y al actual arquitecto municipal del Ayuntamiento de \u00c1guilas, Javier [&hellip;]<\/p>\n","protected":false},"author":1,"featured_media":4216,"comment_status":"open","ping_status":"open","sticky":false,"template":"","format":"standard","meta":{"iawp_total_views":8,"footnotes":""},"categories":[5,8],"tags":[],"class_list":["post-4211","post","type-post","status-publish","format-standard","has-post-thumbnail","hentry","category-actualidad","category-aguilas"],"yoast_head":"<!-- This site is optimized with the Yoast SEO plugin v27.5 - https:\/\/yoast.com\/product\/yoast-seo-wordpress\/ -->\n<title>\u00c1guilas gana peso en el Gobierno regional con la incorporaci\u00f3n de Eva Reverte y Javier Roll\u00e1n como nuevos directores generales\u00a0 - AREA LORCA RADIO<\/title>\n<meta name=\"robots\" content=\"index, follow, max-snippet:-1, max-image-preview:large, max-video-preview:-1\" \/>\n<link rel=\"canonical\" href=\"https:\/\/arealorcaradio.es\/index.php\/2024\/09\/26\/aguilas-gana-peso-en-el-gobierno-regional-con-la-incorporacion-de-eva-reverte-y-javier-rollan-como-nuevos-directores-generales\/\" \/>\n<meta property=\"og:locale\" content=\"es_ES\" \/>\n<meta property=\"og:type\" content=\"article\" \/>\n<meta property=\"og:title\" content=\"\u00c1guilas gana peso en el Gobierno regional con la incorporaci\u00f3n de Eva Reverte y Javier Roll\u00e1n como nuevos directores generales\u00a0 - AREA LORCA RADIO\" \/>\n<meta property=\"og:description\" content=\"\u00c1REA LORCA RADIO. 26 de septiembre de 2024. El PP de \u00c1guilas celebra la decisi\u00f3n del presidente de la Regi\u00f3n de Murcia, Fernando L\u00f3pez Miras, de incorporar a la presidenta del PP de \u00c1guilas, Eva Reverte, como nueva directora general de Competitividad y Calidad Tur\u00edsticas y al actual arquitecto municipal del Ayuntamiento de \u00c1guilas, Javier [&hellip;]\" \/>\n<meta property=\"og:url\" content=\"https:\/\/arealorcaradio.es\/index.php\/2024\/09\/26\/aguilas-gana-peso-en-el-gobierno-regional-con-la-incorporacion-de-eva-reverte-y-javier-rollan-como-nuevos-directores-generales\/\" \/>\n<meta property=\"og:site_name\" content=\"AREA LORCA RADIO\" \/>\n<meta property=\"article:published_time\" content=\"2024-09-26T11:11:02+00:00\" \/>\n<meta property=\"og:image\" content=\"https:\/\/arealorcaradio.es\/wp-content\/uploads\/2024\/09\/20240926_130622-scaled.jpg\" \/>\n\t<meta property=\"og:image:width\" content=\"2560\" \/>\n\t<meta property=\"og:image:height\" content=\"1920\" \/>\n\t<meta property=\"og:image:type\" content=\"image\/jpeg\" \/>\n<meta name=\"author\" content=\"Paco S\u00e1nchez\" \/>\n<meta name=\"twitter:card\" content=\"summary_large_image\" \/>\n<meta name=\"twitter:label1\" content=\"Escrito por\" \/>\n\t<meta name=\"twitter:data1\" content=\"Paco S\u00e1nchez\" \/>\n\t<meta name=\"twitter:label2\" content=\"Tiempo de lectura\" \/>\n\t<meta name=\"twitter:data2\" content=\"2 minutos\" \/>\n<script type=\"application\/ld+json\" class=\"yoast-schema-graph\">{\"@context\":\"https:\\\/\\\/schema.org\",\"@graph\":[{\"@type\":\"Article\",\"@id\":\"https:\\\/\\\/arealorcaradio.es\\\/index.php\\\/2024\\\/09\\\/26\\\/aguilas-gana-peso-en-el-gobierno-regional-con-la-incorporacion-de-eva-reverte-y-javier-rollan-como-nuevos-directores-generales\\\/#article\",\"isPartOf\":{\"@id\":\"https:\\\/\\\/arealorcaradio.es\\\/index.php\\\/2024\\\/09\\\/26\\\/aguilas-gana-peso-en-el-gobierno-regional-con-la-incorporacion-de-eva-reverte-y-javier-rollan-como-nuevos-directores-generales\\\/\"},\"author\":{\"name\":\"Paco S\u00e1nchez\",\"@id\":\"https:\\\/\\\/arealorcaradio.es\\\/#\\\/schema\\\/person\\\/9fae605fc25b0f2c83c1ab207139bd27\"},\"headline\":\"\u00c1guilas gana peso en el Gobierno regional con la incorporaci\u00f3n de Eva Reverte y Javier Roll\u00e1n como nuevos directores generales\u00a0\",\"datePublished\":\"2024-09-26T11:11:02+00:00\",\"mainEntityOfPage\":{\"@id\":\"https:\\\/\\\/arealorcaradio.es\\\/index.php\\\/2024\\\/09\\\/26\\\/aguilas-gana-peso-en-el-gobierno-regional-con-la-incorporacion-de-eva-reverte-y-javier-rollan-como-nuevos-directores-generales\\\/\"},\"wordCount\":415,\"commentCount\":0,\"image\":{\"@id\":\"https:\\\/\\\/arealorcaradio.es\\\/index.php\\\/2024\\\/09\\\/26\\\/aguilas-gana-peso-en-el-gobierno-regional-con-la-incorporacion-de-eva-reverte-y-javier-rollan-como-nuevos-directores-generales\\\/#primaryimage\"},\"thumbnailUrl\":\"https:\\\/\\\/arealorcaradio.es\\\/wp-content\\\/uploads\\\/2024\\\/09\\\/20240926_130622-scaled.jpg\",\"articleSection\":[\"ACTUALIDAD\",\"\u00c1GUILAS\"],\"inLanguage\":\"es\",\"potentialAction\":[{\"@type\":\"CommentAction\",\"name\":\"Comment\",\"target\":[\"https:\\\/\\\/arealorcaradio.es\\\/index.php\\\/2024\\\/09\\\/26\\\/aguilas-gana-peso-en-el-gobierno-regional-con-la-incorporacion-de-eva-reverte-y-javier-rollan-como-nuevos-directores-generales\\\/#respond\"]}]},{\"@type\":\"WebPage\",\"@id\":\"https:\\\/\\\/arealorcaradio.es\\\/index.php\\\/2024\\\/09\\\/26\\\/aguilas-gana-peso-en-el-gobierno-regional-con-la-incorporacion-de-eva-reverte-y-javier-rollan-como-nuevos-directores-generales\\\/\",\"url\":\"https:\\\/\\\/arealorcaradio.es\\\/index.php\\\/2024\\\/09\\\/26\\\/aguilas-gana-peso-en-el-gobierno-regional-con-la-incorporacion-de-eva-reverte-y-javier-rollan-como-nuevos-directores-generales\\\/\",\"name\":\"\u00c1guilas gana peso en el Gobierno regional con la incorporaci\u00f3n de Eva Reverte y Javier Roll\u00e1n como nuevos directores generales\u00a0 - AREA LORCA RADIO\",\"isPartOf\":{\"@id\":\"https:\\\/\\\/arealorcaradio.es\\\/#website\"},\"primaryImageOfPage\":{\"@id\":\"https:\\\/\\\/arealorcaradio.es\\\/index.php\\\/2024\\\/09\\\/26\\\/aguilas-gana-peso-en-el-gobierno-regional-con-la-incorporacion-de-eva-reverte-y-javier-rollan-como-nuevos-directores-generales\\\/#primaryimage\"},\"image\":{\"@id\":\"https:\\\/\\\/arealorcaradio.es\\\/index.php\\\/2024\\\/09\\\/26\\\/aguilas-gana-peso-en-el-gobierno-regional-con-la-incorporacion-de-eva-reverte-y-javier-rollan-como-nuevos-directores-generales\\\/#primaryimage\"},\"thumbnailUrl\":\"https:\\\/\\\/arealorcaradio.es\\\/wp-content\\\/uploads\\\/2024\\\/09\\\/20240926_130622-scaled.jpg\",\"datePublished\":\"2024-09-26T11:11:02+00:00\",\"author\":{\"@id\":\"https:\\\/\\\/arealorcaradio.es\\\/#\\\/schema\\\/person\\\/9fae605fc25b0f2c83c1ab207139bd27\"},\"breadcrumb\":{\"@id\":\"https:\\\/\\\/arealorcaradio.es\\\/index.php\\\/2024\\\/09\\\/26\\\/aguilas-gana-peso-en-el-gobierno-regional-con-la-incorporacion-de-eva-reverte-y-javier-rollan-como-nuevos-directores-generales\\\/#breadcrumb\"},\"inLanguage\":\"es\",\"potentialAction\":[{\"@type\":\"ReadAction\",\"target\":[\"https:\\\/\\\/arealorcaradio.es\\\/index.php\\\/2024\\\/09\\\/26\\\/aguilas-gana-peso-en-el-gobierno-regional-con-la-incorporacion-de-eva-reverte-y-javier-rollan-como-nuevos-directores-generales\\\/\"]}]},{\"@type\":\"ImageObject\",\"inLanguage\":\"es\",\"@id\":\"https:\\\/\\\/arealorcaradio.es\\\/index.php\\\/2024\\\/09\\\/26\\\/aguilas-gana-peso-en-el-gobierno-regional-con-la-incorporacion-de-eva-reverte-y-javier-rollan-como-nuevos-directores-generales\\\/#primaryimage\",\"url\":\"https:\\\/\\\/arealorcaradio.es\\\/wp-content\\\/uploads\\\/2024\\\/09\\\/20240926_130622-scaled.jpg\",\"contentUrl\":\"https:\\\/\\\/arealorcaradio.es\\\/wp-content\\\/uploads\\\/2024\\\/09\\\/20240926_130622-scaled.jpg\",\"width\":2560,\"height\":1920},{\"@type\":\"BreadcrumbList\",\"@id\":\"https:\\\/\\\/arealorcaradio.es\\\/index.php\\\/2024\\\/09\\\/26\\\/aguilas-gana-peso-en-el-gobierno-regional-con-la-incorporacion-de-eva-reverte-y-javier-rollan-como-nuevos-directores-generales\\\/#breadcrumb\",\"itemListElement\":[{\"@type\":\"ListItem\",\"position\":1,\"name\":\"Portada\",\"item\":\"https:\\\/\\\/arealorcaradio.es\\\/\"},{\"@type\":\"ListItem\",\"position\":2,\"name\":\"\u00c1guilas gana peso en el Gobierno regional con la incorporaci\u00f3n de Eva Reverte y Javier Roll\u00e1n como nuevos directores generales\u00a0\"}]},{\"@type\":\"WebSite\",\"@id\":\"https:\\\/\\\/arealorcaradio.es\\\/#website\",\"url\":\"https:\\\/\\\/arealorcaradio.es\\\/\",\"name\":\"AREA LORCA RADIO\",\"description\":\"Descubre la programaci\u00f3n actual en \u00c1rea Lorca Radio, tu fuente de entrenamiento y noticias locales. Sintoniza ahora y mantente conectado online.\",\"potentialAction\":[{\"@type\":\"SearchAction\",\"target\":{\"@type\":\"EntryPoint\",\"urlTemplate\":\"https:\\\/\\\/arealorcaradio.es\\\/?s={search_term_string}\"},\"query-input\":{\"@type\":\"PropertyValueSpecification\",\"valueRequired\":true,\"valueName\":\"search_term_string\"}}],\"inLanguage\":\"es\"},{\"@type\":\"Person\",\"@id\":\"https:\\\/\\\/arealorcaradio.es\\\/#\\\/schema\\\/person\\\/9fae605fc25b0f2c83c1ab207139bd27\",\"name\":\"Paco S\u00e1nchez\",\"image\":{\"@type\":\"ImageObject\",\"inLanguage\":\"es\",\"@id\":\"https:\\\/\\\/secure.gravatar.com\\\/avatar\\\/d67144e966420fb74aa84c9f2a0103be4724fd14db52b52d3b6bca749f257e79?s=96&d=mm&r=g\",\"url\":\"https:\\\/\\\/secure.gravatar.com\\\/avatar\\\/d67144e966420fb74aa84c9f2a0103be4724fd14db52b52d3b6bca749f257e79?s=96&d=mm&r=g\",\"contentUrl\":\"https:\\\/\\\/secure.gravatar.com\\\/avatar\\\/d67144e966420fb74aa84c9f2a0103be4724fd14db52b52d3b6bca749f257e79?s=96&d=mm&r=g\",\"caption\":\"Paco S\u00e1nchez\"},\"sameAs\":[\"https:\\\/\\\/arealorcaradio.es\"],\"url\":\"https:\\\/\\\/arealorcaradio.es\\\/index.php\\\/author\\\/admin_alorcaradio\\\/\"}]}<\/script>\n<!-- \/ Yoast SEO plugin. -->","yoast_head_json":{"title":"\u00c1guilas gana peso en el Gobierno regional con la incorporaci\u00f3n de Eva Reverte y Javier Roll\u00e1n como nuevos directores generales\u00a0 - AREA LORCA RADIO","robots":{"index":"index","follow":"follow","max-snippet":"max-snippet:-1","max-image-preview":"max-image-preview:large","max-video-preview":"max-video-preview:-1"},"canonical":"https:\/\/arealorcaradio.es\/index.php\/2024\/09\/26\/aguilas-gana-peso-en-el-gobierno-regional-con-la-incorporacion-de-eva-reverte-y-javier-rollan-como-nuevos-directores-generales\/","og_locale":"es_ES","og_type":"article","og_title":"\u00c1guilas gana peso en el Gobierno regional con la incorporaci\u00f3n de Eva Reverte y Javier Roll\u00e1n como nuevos directores generales\u00a0 - AREA LORCA RADIO","og_description":"\u00c1REA LORCA RADIO. 26 de septiembre de 2024. El PP de \u00c1guilas celebra la decisi\u00f3n del presidente de la Regi\u00f3n de Murcia, Fernando L\u00f3pez Miras, de incorporar a la presidenta del PP de \u00c1guilas, Eva Reverte, como nueva directora general de Competitividad y Calidad Tur\u00edsticas y al actual arquitecto municipal del Ayuntamiento de \u00c1guilas, Javier [&hellip;]","og_url":"https:\/\/arealorcaradio.es\/index.php\/2024\/09\/26\/aguilas-gana-peso-en-el-gobierno-regional-con-la-incorporacion-de-eva-reverte-y-javier-rollan-como-nuevos-directores-generales\/","og_site_name":"AREA LORCA RADIO","article_published_time":"2024-09-26T11:11:02+00:00","og_image":[{"width":2560,"height":1920,"url":"https:\/\/arealorcaradio.es\/wp-content\/uploads\/2024\/09\/20240926_130622-scaled.jpg","type":"image\/jpeg"}],"author":"Paco S\u00e1nchez","twitter_card":"summary_large_image","twitter_misc":{"Escrito por":"Paco S\u00e1nchez","Tiempo de lectura":"2 minutos"},"schema":{"@context":"https:\/\/schema.org","@graph":[{"@type":"Article","@id":"https:\/\/arealorcaradio.es\/index.php\/2024\/09\/26\/aguilas-gana-peso-en-el-gobierno-regional-con-la-incorporacion-de-eva-reverte-y-javier-rollan-como-nuevos-directores-generales\/#article","isPartOf":{"@id":"https:\/\/arealorcaradio.es\/index.php\/2024\/09\/26\/aguilas-gana-peso-en-el-gobierno-regional-con-la-incorporacion-de-eva-reverte-y-javier-rollan-como-nuevos-directores-generales\/"},"author":{"name":"Paco S\u00e1nchez","@id":"https:\/\/arealorcaradio.es\/#\/schema\/person\/9fae605fc25b0f2c83c1ab207139bd27"},"headline":"\u00c1guilas gana peso en el Gobierno regional con la incorporaci\u00f3n de Eva Reverte y Javier Roll\u00e1n como nuevos directores generales\u00a0","datePublished":"2024-09-26T11:11:02+00:00","mainEntityOfPage":{"@id":"https:\/\/arealorcaradio.es\/index.php\/2024\/09\/26\/aguilas-gana-peso-en-el-gobierno-regional-con-la-incorporacion-de-eva-reverte-y-javier-rollan-como-nuevos-directores-generales\/"},"wordCount":415,"commentCount":0,"image":{"@id":"https:\/\/arealorcaradio.es\/index.php\/2024\/09\/26\/aguilas-gana-peso-en-el-gobierno-regional-con-la-incorporacion-de-eva-reverte-y-javier-rollan-como-nuevos-directores-generales\/#primaryimage"},"thumbnailUrl":"https:\/\/arealorcaradio.es\/wp-content\/uploads\/2024\/09\/20240926_130622-scaled.jpg","articleSection":["ACTUALIDAD","\u00c1GUILAS"],"inLanguage":"es","potentialAction":[{"@type":"CommentAction","name":"Comment","target":["https:\/\/arealorcaradio.es\/index.php\/2024\/09\/26\/aguilas-gana-peso-en-el-gobierno-regional-con-la-incorporacion-de-eva-reverte-y-javier-rollan-como-nuevos-directores-generales\/#respond"]}]},{"@type":"WebPage","@id":"https:\/\/arealorcaradio.es\/index.php\/2024\/09\/26\/aguilas-gana-peso-en-el-gobierno-regional-con-la-incorporacion-de-eva-reverte-y-javier-rollan-como-nuevos-directores-generales\/","url":"https:\/\/arealorcaradio.es\/index.php\/2024\/09\/26\/aguilas-gana-peso-en-el-gobierno-regional-con-la-incorporacion-de-eva-reverte-y-javier-rollan-como-nuevos-directores-generales\/","name":"\u00c1guilas gana peso en el Gobierno regional con la incorporaci\u00f3n de Eva Reverte y Javier Roll\u00e1n como nuevos directores generales\u00a0 - AREA LORCA RADIO","isPartOf":{"@id":"https:\/\/arealorcaradio.es\/#website"},"primaryImageOfPage":{"@id":"https:\/\/arealorcaradio.es\/index.php\/2024\/09\/26\/aguilas-gana-peso-en-el-gobierno-regional-con-la-incorporacion-de-eva-reverte-y-javier-rollan-como-nuevos-directores-generales\/#primaryimage"},"image":{"@id":"https:\/\/arealorcaradio.es\/index.php\/2024\/09\/26\/aguilas-gana-peso-en-el-gobierno-regional-con-la-incorporacion-de-eva-reverte-y-javier-rollan-como-nuevos-directores-generales\/#primaryimage"},"thumbnailUrl":"https:\/\/arealorcaradio.es\/wp-content\/uploads\/2024\/09\/20240926_130622-scaled.jpg","datePublished":"2024-09-26T11:11:02+00:00","author":{"@id":"https:\/\/arealorcaradio.es\/#\/schema\/person\/9fae605fc25b0f2c83c1ab207139bd27"},"breadcrumb":{"@id":"https:\/\/arealorcaradio.es\/index.php\/2024\/09\/26\/aguilas-gana-peso-en-el-gobierno-regional-con-la-incorporacion-de-eva-reverte-y-javier-rollan-como-nuevos-directores-generales\/#breadcrumb"},"inLanguage":"es","potentialAction":[{"@type":"ReadAction","target":["https:\/\/arealorcaradio.es\/index.php\/2024\/09\/26\/aguilas-gana-peso-en-el-gobierno-regional-con-la-incorporacion-de-eva-reverte-y-javier-rollan-como-nuevos-directores-generales\/"]}]},{"@type":"ImageObject","inLanguage":"es","@id":"https:\/\/arealorcaradio.es\/index.php\/2024\/09\/26\/aguilas-gana-peso-en-el-gobierno-regional-con-la-incorporacion-de-eva-reverte-y-javier-rollan-como-nuevos-directores-generales\/#primaryimage","url":"https:\/\/arealorcaradio.es\/wp-content\/uploads\/2024\/09\/20240926_130622-scaled.jpg","contentUrl":"https:\/\/arealorcaradio.es\/wp-content\/uploads\/2024\/09\/20240926_130622-scaled.jpg","width":2560,"height":1920},{"@type":"BreadcrumbList","@id":"https:\/\/arealorcaradio.es\/index.php\/2024\/09\/26\/aguilas-gana-peso-en-el-gobierno-regional-con-la-incorporacion-de-eva-reverte-y-javier-rollan-como-nuevos-directores-generales\/#breadcrumb","itemListElement":[{"@type":"ListItem","position":1,"name":"Portada","item":"https:\/\/arealorcaradio.es\/"},{"@type":"ListItem","position":2,"name":"\u00c1guilas gana peso en el Gobierno regional con la incorporaci\u00f3n de Eva Reverte y Javier Roll\u00e1n como nuevos directores generales\u00a0"}]},{"@type":"WebSite","@id":"https:\/\/arealorcaradio.es\/#website","url":"https:\/\/arealorcaradio.es\/","name":"AREA LORCA RADIO","description":"Descubre la programaci\u00f3n actual en \u00c1rea Lorca Radio, tu fuente de entrenamiento y noticias locales. Sintoniza ahora y mantente conectado online.","potentialAction":[{"@type":"SearchAction","target":{"@type":"EntryPoint","urlTemplate":"https:\/\/arealorcaradio.es\/?s={search_term_string}"},"query-input":{"@type":"PropertyValueSpecification","valueRequired":true,"valueName":"search_term_string"}}],"inLanguage":"es"},{"@type":"Person","@id":"https:\/\/arealorcaradio.es\/#\/schema\/person\/9fae605fc25b0f2c83c1ab207139bd27","name":"Paco S\u00e1nchez","image":{"@type":"ImageObject","inLanguage":"es","@id":"https:\/\/secure.gravatar.com\/avatar\/d67144e966420fb74aa84c9f2a0103be4724fd14db52b52d3b6bca749f257e79?s=96&d=mm&r=g","url":"https:\/\/secure.gravatar.com\/avatar\/d67144e966420fb74aa84c9f2a0103be4724fd14db52b52d3b6bca749f257e79?s=96&d=mm&r=g","contentUrl":"https:\/\/secure.gravatar.com\/avatar\/d67144e966420fb74aa84c9f2a0103be4724fd14db52b52d3b6bca749f257e79?s=96&d=mm&r=g","caption":"Paco S\u00e1nchez"},"sameAs":["https:\/\/arealorcaradio.es"],"url":"https:\/\/arealorcaradio.es\/index.php\/author\/admin_alorcaradio\/"}]}},"_links":{"self":[{"href":"https:\/\/arealorcaradio.es\/index.php\/wp-json\/wp\/v2\/posts\/4211","targetHints":{"allow":["GET"]}}],"collection":[{"href":"https:\/\/arealorcaradio.es\/index.php\/wp-json\/wp\/v2\/posts"}],"about":[{"href":"https:\/\/arealorcaradio.es\/index.php\/wp-json\/wp\/v2\/types\/post"}],"author":[{"embeddable":true,"href":"https:\/\/arealorcaradio.es\/index.php\/wp-json\/wp\/v2\/users\/1"}],"replies":[{"embeddable":true,"href":"https:\/\/arealorcaradio.es\/index.php\/wp-json\/wp\/v2\/comments?post=4211"}],"version-history":[{"count":1,"href":"https:\/\/arealorcaradio.es\/index.php\/wp-json\/wp\/v2\/posts\/4211\/revisions"}],"predecessor-version":[{"id":4214,"href":"https:\/\/arealorcaradio.es\/index.php\/wp-json\/wp\/v2\/posts\/4211\/revisions\/4214"}],"wp:featuredmedia":[{"embeddable":true,"href":"https:\/\/arealorcaradio.es\/index.php\/wp-json\/wp\/v2\/media\/4216"}],"wp:attachment":[{"href":"https:\/\/arealorcaradio.es\/index.php\/wp-json\/wp\/v2\/media?parent=4211"}],"wp:term":[{"taxonomy":"category","embeddable":true,"href":"https:\/\/arealorcaradio.es\/index.php\/wp-json\/wp\/v2\/categories?post=4211"},{"taxonomy":"post_tag","embeddable":true,"href":"https:\/\/arealorcaradio.es\/index.php\/wp-json\/wp\/v2\/tags?post=4211"}],"curies":[{"name":"wp","href":"https:\/\/api.w.org\/{rel}","templated":true}]}}