{"id":4205,"date":"2024-09-25T16:38:25","date_gmt":"2024-09-25T16:38:25","guid":{"rendered":"https:\/\/arealorcaradio.es\/?p=4205"},"modified":"2024-09-25T16:38:25","modified_gmt":"2024-09-25T16:38:25","slug":"antonio-jesus-bermudez-cutillas-se-postula-como-presidente-de-la-famu-federacion-de-atletismo-de-la-region-de-murcia","status":"publish","type":"post","link":"https:\/\/arealorcaradio.es\/index.php\/2024\/09\/25\/antonio-jesus-bermudez-cutillas-se-postula-como-presidente-de-la-famu-federacion-de-atletismo-de-la-region-de-murcia\/","title":{"rendered":"Antonio Jes\u00fas Bermudez Cutillas se postula como presidente de la FAMU, Federaci\u00f3n de Atletismo de la Regi\u00f3n de Murcia"},"content":{"rendered":"<p>\u00c1REA LORCA RADIO.<\/p>\n<p class=\"ft-text\" style=\"margin-top: 0cm; background: white;\"><span style=\"font-size: 13.5pt; font-family: 'Segoe UI',sans-serif; color: #111111;\">Despu\u00e9s de celebrar el pasado s\u00e1bado su Asamblea, la FAMU se encuentra ya inmersa en el proceso electoral para elegir al presidente para el per\u00edodo 2024-2028 y Berm\u00fadez Cutillas es por ahora el \u00fanico candidato.<\/span><\/p>\n<p class=\"ft-text\" style=\"margin-top: 0cm; background: white;\"><span style=\"font-size: 13.5pt; font-family: 'Segoe UI',sans-serif; color: #111111;\">Hasta la fecha, nunca se ha llegado a una elecci\u00f3n de presidente en una votaci\u00f3n final en el atletismo regional. Pero todo apunta a que en esta ocasi\u00f3n s\u00ed se dar\u00e1 esa situaci\u00f3n, puesto que el ciezano Antonio Jes\u00fas Berm\u00fadez Cutillas (Cieza, 13 de septiembre de 1971) ya ha dado a conocer que quiere ser el pr\u00f3ximo presidente.<\/span><\/p>\n<p class=\"ft-text\" style=\"margin-top: 0cm; background: white;\"><span style=\"font-size: 13.5pt; font-family: 'Segoe UI',sans-serif; color: #111111;\">Berm\u00fadez Cutillas fue secretario de la FAMU durante una d\u00e9cada y que est\u00e1 vinculado al atletismo desde 1987, dej\u00f3 la directiva en enero de 2023 por discrepancias. <\/span><\/p>\n<p class=\"ft-text\" style=\"margin-top: 0cm; background: white;\"><span style=\"font-size: 13.5pt; font-family: 'Segoe UI',sans-serif; color: #111111;\">El candidato a la presidencia que fue apoyado este pasado s\u00e1bado por pr\u00e1cticamente la totalidad de personas que asist\u00edan a la Asamblea, asegura que \u201cdonde haya una persona involucrada con el atletismo se tiene que sentir cobijada por la Federaci\u00f3n, y en los \u00faltimos tiempos hay ciertas patas de la mesa que cojean, cuando no todas\u201d.\u00a0<\/span><\/p>\n<p>Escucha aqu\u00ed la entrevista que ha concedido Antonio Jes\u00fas Berm\u00fadez Cutillas a Paco S\u00e1nchez y Mario Molina en el programa \u00c1rea Lorca Deportes.<\/p>\n<audio class=\"wp-audio-shortcode\" id=\"audio-4205-1\" preload=\"none\" style=\"width: 100%;\" controls=\"controls\"><source type=\"audio\/mpeg\" src=\"https:\/\/arealorcaradio.es\/wp-content\/uploads\/2024\/09\/250924-MARIO-MOLINA-Y-ANTONIO-JESUS-BERMUDEZ.mp3?_=1\" \/><a href=\"https:\/\/arealorcaradio.es\/wp-content\/uploads\/2024\/09\/250924-MARIO-MOLINA-Y-ANTONIO-JESUS-BERMUDEZ.mp3\">https:\/\/arealorcaradio.es\/wp-content\/uploads\/2024\/09\/250924-MARIO-MOLINA-Y-ANTONIO-JESUS-BERMUDEZ.mp3<\/a><\/audio>\n<p><img loading=\"lazy\" decoding=\"async\" class=\"alignnone size-medium wp-image-4207\" src=\"https:\/\/arealorcaradio.es\/wp-content\/uploads\/2024\/09\/20240924_163512-300x225.jpg\" alt=\"\" width=\"300\" height=\"225\" srcset=\"https:\/\/arealorcaradio.es\/wp-content\/uploads\/2024\/09\/20240924_163512-300x225.jpg 300w, https:\/\/arealorcaradio.es\/wp-content\/uploads\/2024\/09\/20240924_163512-1024x768.jpg 1024w, https:\/\/arealorcaradio.es\/wp-content\/uploads\/2024\/09\/20240924_163512-768x576.jpg 768w, https:\/\/arealorcaradio.es\/wp-content\/uploads\/2024\/09\/20240924_163512-1536x1152.jpg 1536w, https:\/\/arealorcaradio.es\/wp-content\/uploads\/2024\/09\/20240924_163512-2048x1536.jpg 2048w, https:\/\/arealorcaradio.es\/wp-content\/uploads\/2024\/09\/20240924_163512-86x64.jpg 86w\" sizes=\"auto, (max-width: 300px) 100vw, 300px\" \/><\/p>\n<p>Mario Molina, uno de los principales apoyos en el Valle del Guadalent\u00edn del \u00fanico y principal candidato a la presidencia de la FAMU, Antonio Jes\u00fas Berm\u00fadez Cutillas.<\/p>\n","protected":false},"excerpt":{"rendered":"<p>\u00c1REA LORCA RADIO. Despu\u00e9s de celebrar el pasado s\u00e1bado su Asamblea, la FAMU se encuentra ya inmersa en el proceso electoral para elegir al presidente para el per\u00edodo 2024-2028 y Berm\u00fadez Cutillas es por ahora el \u00fanico candidato. Hasta la fecha, nunca se ha llegado a una elecci\u00f3n de presidente en una votaci\u00f3n final en [&hellip;]<\/p>\n","protected":false},"author":1,"featured_media":4206,"comment_status":"open","ping_status":"open","sticky":false,"template":"","format":"standard","meta":{"iawp_total_views":74,"footnotes":""},"categories":[4,7],"tags":[],"class_list":["post-4205","post","type-post","status-publish","format-standard","has-post-thumbnail","hentry","category-deportes","category-lorca"],"yoast_head":"<!-- This site is optimized with the Yoast SEO plugin v27.5 - https:\/\/yoast.com\/product\/yoast-seo-wordpress\/ -->\n<title>Antonio Jes\u00fas Bermudez Cutillas se postula como presidente de la FAMU, Federaci\u00f3n de Atletismo de la Regi\u00f3n de Murcia - AREA LORCA RADIO<\/title>\n<meta name=\"robots\" content=\"index, follow, max-snippet:-1, max-image-preview:large, max-video-preview:-1\" \/>\n<link rel=\"canonical\" href=\"https:\/\/arealorcaradio.es\/index.php\/2024\/09\/25\/antonio-jesus-bermudez-cutillas-se-postula-como-presidente-de-la-famu-federacion-de-atletismo-de-la-region-de-murcia\/\" \/>\n<meta property=\"og:locale\" content=\"es_ES\" \/>\n<meta property=\"og:type\" content=\"article\" \/>\n<meta property=\"og:title\" content=\"Antonio Jes\u00fas Bermudez Cutillas se postula como presidente de la FAMU, Federaci\u00f3n de Atletismo de la Regi\u00f3n de Murcia - AREA LORCA RADIO\" \/>\n<meta property=\"og:description\" content=\"\u00c1REA LORCA RADIO. Despu\u00e9s de celebrar el pasado s\u00e1bado su Asamblea, la FAMU se encuentra ya inmersa en el proceso electoral para elegir al presidente para el per\u00edodo 2024-2028 y Berm\u00fadez Cutillas es por ahora el \u00fanico candidato. Hasta la fecha, nunca se ha llegado a una elecci\u00f3n de presidente en una votaci\u00f3n final en [&hellip;]\" \/>\n<meta property=\"og:url\" content=\"https:\/\/arealorcaradio.es\/index.php\/2024\/09\/25\/antonio-jesus-bermudez-cutillas-se-postula-como-presidente-de-la-famu-federacion-de-atletismo-de-la-region-de-murcia\/\" \/>\n<meta property=\"og:site_name\" content=\"AREA LORCA RADIO\" \/>\n<meta property=\"article:published_time\" content=\"2024-09-25T16:38:25+00:00\" \/>\n<meta property=\"og:image\" content=\"https:\/\/arealorcaradio.es\/wp-content\/uploads\/2024\/09\/Antonio-Jesus-Bermudez-Cutillas-FAMU.jpg\" \/>\n\t<meta property=\"og:image:width\" content=\"1600\" \/>\n\t<meta property=\"og:image:height\" content=\"1038\" \/>\n\t<meta property=\"og:image:type\" content=\"image\/jpeg\" \/>\n<meta name=\"author\" content=\"Paco S\u00e1nchez\" \/>\n<meta name=\"twitter:card\" content=\"summary_large_image\" \/>\n<meta name=\"twitter:label1\" content=\"Escrito por\" \/>\n\t<meta name=\"twitter:data1\" content=\"Paco S\u00e1nchez\" \/>\n\t<meta name=\"twitter:label2\" content=\"Tiempo de lectura\" \/>\n\t<meta name=\"twitter:data2\" content=\"2 minutos\" \/>\n<script type=\"application\/ld+json\" class=\"yoast-schema-graph\">{\"@context\":\"https:\\\/\\\/schema.org\",\"@graph\":[{\"@type\":\"Article\",\"@id\":\"https:\\\/\\\/arealorcaradio.es\\\/index.php\\\/2024\\\/09\\\/25\\\/antonio-jesus-bermudez-cutillas-se-postula-como-presidente-de-la-famu-federacion-de-atletismo-de-la-region-de-murcia\\\/#article\",\"isPartOf\":{\"@id\":\"https:\\\/\\\/arealorcaradio.es\\\/index.php\\\/2024\\\/09\\\/25\\\/antonio-jesus-bermudez-cutillas-se-postula-como-presidente-de-la-famu-federacion-de-atletismo-de-la-region-de-murcia\\\/\"},\"author\":{\"name\":\"Paco S\u00e1nchez\",\"@id\":\"https:\\\/\\\/arealorcaradio.es\\\/#\\\/schema\\\/person\\\/9fae605fc25b0f2c83c1ab207139bd27\"},\"headline\":\"Antonio Jes\u00fas Bermudez Cutillas se postula como presidente de la FAMU, Federaci\u00f3n de Atletismo de la Regi\u00f3n de Murcia\",\"datePublished\":\"2024-09-25T16:38:25+00:00\",\"mainEntityOfPage\":{\"@id\":\"https:\\\/\\\/arealorcaradio.es\\\/index.php\\\/2024\\\/09\\\/25\\\/antonio-jesus-bermudez-cutillas-se-postula-como-presidente-de-la-famu-federacion-de-atletismo-de-la-region-de-murcia\\\/\"},\"wordCount\":280,\"commentCount\":0,\"image\":{\"@id\":\"https:\\\/\\\/arealorcaradio.es\\\/index.php\\\/2024\\\/09\\\/25\\\/antonio-jesus-bermudez-cutillas-se-postula-como-presidente-de-la-famu-federacion-de-atletismo-de-la-region-de-murcia\\\/#primaryimage\"},\"thumbnailUrl\":\"https:\\\/\\\/arealorcaradio.es\\\/wp-content\\\/uploads\\\/2024\\\/09\\\/Antonio-Jesus-Bermudez-Cutillas-FAMU.jpg\",\"articleSection\":[\"DEPORTES\",\"LORCA\"],\"inLanguage\":\"es\",\"potentialAction\":[{\"@type\":\"CommentAction\",\"name\":\"Comment\",\"target\":[\"https:\\\/\\\/arealorcaradio.es\\\/index.php\\\/2024\\\/09\\\/25\\\/antonio-jesus-bermudez-cutillas-se-postula-como-presidente-de-la-famu-federacion-de-atletismo-de-la-region-de-murcia\\\/#respond\"]}]},{\"@type\":\"WebPage\",\"@id\":\"https:\\\/\\\/arealorcaradio.es\\\/index.php\\\/2024\\\/09\\\/25\\\/antonio-jesus-bermudez-cutillas-se-postula-como-presidente-de-la-famu-federacion-de-atletismo-de-la-region-de-murcia\\\/\",\"url\":\"https:\\\/\\\/arealorcaradio.es\\\/index.php\\\/2024\\\/09\\\/25\\\/antonio-jesus-bermudez-cutillas-se-postula-como-presidente-de-la-famu-federacion-de-atletismo-de-la-region-de-murcia\\\/\",\"name\":\"Antonio Jes\u00fas Bermudez Cutillas se postula como presidente de la FAMU, Federaci\u00f3n de Atletismo de la Regi\u00f3n de Murcia - AREA LORCA RADIO\",\"isPartOf\":{\"@id\":\"https:\\\/\\\/arealorcaradio.es\\\/#website\"},\"primaryImageOfPage\":{\"@id\":\"https:\\\/\\\/arealorcaradio.es\\\/index.php\\\/2024\\\/09\\\/25\\\/antonio-jesus-bermudez-cutillas-se-postula-como-presidente-de-la-famu-federacion-de-atletismo-de-la-region-de-murcia\\\/#primaryimage\"},\"image\":{\"@id\":\"https:\\\/\\\/arealorcaradio.es\\\/index.php\\\/2024\\\/09\\\/25\\\/antonio-jesus-bermudez-cutillas-se-postula-como-presidente-de-la-famu-federacion-de-atletismo-de-la-region-de-murcia\\\/#primaryimage\"},\"thumbnailUrl\":\"https:\\\/\\\/arealorcaradio.es\\\/wp-content\\\/uploads\\\/2024\\\/09\\\/Antonio-Jesus-Bermudez-Cutillas-FAMU.jpg\",\"datePublished\":\"2024-09-25T16:38:25+00:00\",\"author\":{\"@id\":\"https:\\\/\\\/arealorcaradio.es\\\/#\\\/schema\\\/person\\\/9fae605fc25b0f2c83c1ab207139bd27\"},\"breadcrumb\":{\"@id\":\"https:\\\/\\\/arealorcaradio.es\\\/index.php\\\/2024\\\/09\\\/25\\\/antonio-jesus-bermudez-cutillas-se-postula-como-presidente-de-la-famu-federacion-de-atletismo-de-la-region-de-murcia\\\/#breadcrumb\"},\"inLanguage\":\"es\",\"potentialAction\":[{\"@type\":\"ReadAction\",\"target\":[\"https:\\\/\\\/arealorcaradio.es\\\/index.php\\\/2024\\\/09\\\/25\\\/antonio-jesus-bermudez-cutillas-se-postula-como-presidente-de-la-famu-federacion-de-atletismo-de-la-region-de-murcia\\\/\"]}]},{\"@type\":\"ImageObject\",\"inLanguage\":\"es\",\"@id\":\"https:\\\/\\\/arealorcaradio.es\\\/index.php\\\/2024\\\/09\\\/25\\\/antonio-jesus-bermudez-cutillas-se-postula-como-presidente-de-la-famu-federacion-de-atletismo-de-la-region-de-murcia\\\/#primaryimage\",\"url\":\"https:\\\/\\\/arealorcaradio.es\\\/wp-content\\\/uploads\\\/2024\\\/09\\\/Antonio-Jesus-Bermudez-Cutillas-FAMU.jpg\",\"contentUrl\":\"https:\\\/\\\/arealorcaradio.es\\\/wp-content\\\/uploads\\\/2024\\\/09\\\/Antonio-Jesus-Bermudez-Cutillas-FAMU.jpg\",\"width\":1600,\"height\":1038},{\"@type\":\"BreadcrumbList\",\"@id\":\"https:\\\/\\\/arealorcaradio.es\\\/index.php\\\/2024\\\/09\\\/25\\\/antonio-jesus-bermudez-cutillas-se-postula-como-presidente-de-la-famu-federacion-de-atletismo-de-la-region-de-murcia\\\/#breadcrumb\",\"itemListElement\":[{\"@type\":\"ListItem\",\"position\":1,\"name\":\"Portada\",\"item\":\"https:\\\/\\\/arealorcaradio.es\\\/\"},{\"@type\":\"ListItem\",\"position\":2,\"name\":\"Antonio Jes\u00fas Bermudez Cutillas se postula como presidente de la FAMU, Federaci\u00f3n de Atletismo de la Regi\u00f3n de Murcia\"}]},{\"@type\":\"WebSite\",\"@id\":\"https:\\\/\\\/arealorcaradio.es\\\/#website\",\"url\":\"https:\\\/\\\/arealorcaradio.es\\\/\",\"name\":\"AREA LORCA RADIO\",\"description\":\"Descubre la programaci\u00f3n actual en \u00c1rea Lorca Radio, tu fuente de entrenamiento y noticias locales. Sintoniza ahora y mantente conectado online.\",\"potentialAction\":[{\"@type\":\"SearchAction\",\"target\":{\"@type\":\"EntryPoint\",\"urlTemplate\":\"https:\\\/\\\/arealorcaradio.es\\\/?s={search_term_string}\"},\"query-input\":{\"@type\":\"PropertyValueSpecification\",\"valueRequired\":true,\"valueName\":\"search_term_string\"}}],\"inLanguage\":\"es\"},{\"@type\":\"Person\",\"@id\":\"https:\\\/\\\/arealorcaradio.es\\\/#\\\/schema\\\/person\\\/9fae605fc25b0f2c83c1ab207139bd27\",\"name\":\"Paco S\u00e1nchez\",\"image\":{\"@type\":\"ImageObject\",\"inLanguage\":\"es\",\"@id\":\"https:\\\/\\\/secure.gravatar.com\\\/avatar\\\/d67144e966420fb74aa84c9f2a0103be4724fd14db52b52d3b6bca749f257e79?s=96&d=mm&r=g\",\"url\":\"https:\\\/\\\/secure.gravatar.com\\\/avatar\\\/d67144e966420fb74aa84c9f2a0103be4724fd14db52b52d3b6bca749f257e79?s=96&d=mm&r=g\",\"contentUrl\":\"https:\\\/\\\/secure.gravatar.com\\\/avatar\\\/d67144e966420fb74aa84c9f2a0103be4724fd14db52b52d3b6bca749f257e79?s=96&d=mm&r=g\",\"caption\":\"Paco S\u00e1nchez\"},\"sameAs\":[\"https:\\\/\\\/arealorcaradio.es\"],\"url\":\"https:\\\/\\\/arealorcaradio.es\\\/index.php\\\/author\\\/admin_alorcaradio\\\/\"}]}<\/script>\n<!-- \/ Yoast SEO plugin. -->","yoast_head_json":{"title":"Antonio Jes\u00fas Bermudez Cutillas se postula como presidente de la FAMU, Federaci\u00f3n de Atletismo de la Regi\u00f3n de Murcia - AREA LORCA RADIO","robots":{"index":"index","follow":"follow","max-snippet":"max-snippet:-1","max-image-preview":"max-image-preview:large","max-video-preview":"max-video-preview:-1"},"canonical":"https:\/\/arealorcaradio.es\/index.php\/2024\/09\/25\/antonio-jesus-bermudez-cutillas-se-postula-como-presidente-de-la-famu-federacion-de-atletismo-de-la-region-de-murcia\/","og_locale":"es_ES","og_type":"article","og_title":"Antonio Jes\u00fas Bermudez Cutillas se postula como presidente de la FAMU, Federaci\u00f3n de Atletismo de la Regi\u00f3n de Murcia - AREA LORCA RADIO","og_description":"\u00c1REA LORCA RADIO. Despu\u00e9s de celebrar el pasado s\u00e1bado su Asamblea, la FAMU se encuentra ya inmersa en el proceso electoral para elegir al presidente para el per\u00edodo 2024-2028 y Berm\u00fadez Cutillas es por ahora el \u00fanico candidato. Hasta la fecha, nunca se ha llegado a una elecci\u00f3n de presidente en una votaci\u00f3n final en [&hellip;]","og_url":"https:\/\/arealorcaradio.es\/index.php\/2024\/09\/25\/antonio-jesus-bermudez-cutillas-se-postula-como-presidente-de-la-famu-federacion-de-atletismo-de-la-region-de-murcia\/","og_site_name":"AREA LORCA RADIO","article_published_time":"2024-09-25T16:38:25+00:00","og_image":[{"width":1600,"height":1038,"url":"https:\/\/arealorcaradio.es\/wp-content\/uploads\/2024\/09\/Antonio-Jesus-Bermudez-Cutillas-FAMU.jpg","type":"image\/jpeg"}],"author":"Paco S\u00e1nchez","twitter_card":"summary_large_image","twitter_misc":{"Escrito por":"Paco S\u00e1nchez","Tiempo de lectura":"2 minutos"},"schema":{"@context":"https:\/\/schema.org","@graph":[{"@type":"Article","@id":"https:\/\/arealorcaradio.es\/index.php\/2024\/09\/25\/antonio-jesus-bermudez-cutillas-se-postula-como-presidente-de-la-famu-federacion-de-atletismo-de-la-region-de-murcia\/#article","isPartOf":{"@id":"https:\/\/arealorcaradio.es\/index.php\/2024\/09\/25\/antonio-jesus-bermudez-cutillas-se-postula-como-presidente-de-la-famu-federacion-de-atletismo-de-la-region-de-murcia\/"},"author":{"name":"Paco S\u00e1nchez","@id":"https:\/\/arealorcaradio.es\/#\/schema\/person\/9fae605fc25b0f2c83c1ab207139bd27"},"headline":"Antonio Jes\u00fas Bermudez Cutillas se postula como presidente de la FAMU, Federaci\u00f3n de Atletismo de la Regi\u00f3n de Murcia","datePublished":"2024-09-25T16:38:25+00:00","mainEntityOfPage":{"@id":"https:\/\/arealorcaradio.es\/index.php\/2024\/09\/25\/antonio-jesus-bermudez-cutillas-se-postula-como-presidente-de-la-famu-federacion-de-atletismo-de-la-region-de-murcia\/"},"wordCount":280,"commentCount":0,"image":{"@id":"https:\/\/arealorcaradio.es\/index.php\/2024\/09\/25\/antonio-jesus-bermudez-cutillas-se-postula-como-presidente-de-la-famu-federacion-de-atletismo-de-la-region-de-murcia\/#primaryimage"},"thumbnailUrl":"https:\/\/arealorcaradio.es\/wp-content\/uploads\/2024\/09\/Antonio-Jesus-Bermudez-Cutillas-FAMU.jpg","articleSection":["DEPORTES","LORCA"],"inLanguage":"es","potentialAction":[{"@type":"CommentAction","name":"Comment","target":["https:\/\/arealorcaradio.es\/index.php\/2024\/09\/25\/antonio-jesus-bermudez-cutillas-se-postula-como-presidente-de-la-famu-federacion-de-atletismo-de-la-region-de-murcia\/#respond"]}]},{"@type":"WebPage","@id":"https:\/\/arealorcaradio.es\/index.php\/2024\/09\/25\/antonio-jesus-bermudez-cutillas-se-postula-como-presidente-de-la-famu-federacion-de-atletismo-de-la-region-de-murcia\/","url":"https:\/\/arealorcaradio.es\/index.php\/2024\/09\/25\/antonio-jesus-bermudez-cutillas-se-postula-como-presidente-de-la-famu-federacion-de-atletismo-de-la-region-de-murcia\/","name":"Antonio Jes\u00fas Bermudez Cutillas se postula como presidente de la FAMU, Federaci\u00f3n de Atletismo de la Regi\u00f3n de Murcia - AREA LORCA RADIO","isPartOf":{"@id":"https:\/\/arealorcaradio.es\/#website"},"primaryImageOfPage":{"@id":"https:\/\/arealorcaradio.es\/index.php\/2024\/09\/25\/antonio-jesus-bermudez-cutillas-se-postula-como-presidente-de-la-famu-federacion-de-atletismo-de-la-region-de-murcia\/#primaryimage"},"image":{"@id":"https:\/\/arealorcaradio.es\/index.php\/2024\/09\/25\/antonio-jesus-bermudez-cutillas-se-postula-como-presidente-de-la-famu-federacion-de-atletismo-de-la-region-de-murcia\/#primaryimage"},"thumbnailUrl":"https:\/\/arealorcaradio.es\/wp-content\/uploads\/2024\/09\/Antonio-Jesus-Bermudez-Cutillas-FAMU.jpg","datePublished":"2024-09-25T16:38:25+00:00","author":{"@id":"https:\/\/arealorcaradio.es\/#\/schema\/person\/9fae605fc25b0f2c83c1ab207139bd27"},"breadcrumb":{"@id":"https:\/\/arealorcaradio.es\/index.php\/2024\/09\/25\/antonio-jesus-bermudez-cutillas-se-postula-como-presidente-de-la-famu-federacion-de-atletismo-de-la-region-de-murcia\/#breadcrumb"},"inLanguage":"es","potentialAction":[{"@type":"ReadAction","target":["https:\/\/arealorcaradio.es\/index.php\/2024\/09\/25\/antonio-jesus-bermudez-cutillas-se-postula-como-presidente-de-la-famu-federacion-de-atletismo-de-la-region-de-murcia\/"]}]},{"@type":"ImageObject","inLanguage":"es","@id":"https:\/\/arealorcaradio.es\/index.php\/2024\/09\/25\/antonio-jesus-bermudez-cutillas-se-postula-como-presidente-de-la-famu-federacion-de-atletismo-de-la-region-de-murcia\/#primaryimage","url":"https:\/\/arealorcaradio.es\/wp-content\/uploads\/2024\/09\/Antonio-Jesus-Bermudez-Cutillas-FAMU.jpg","contentUrl":"https:\/\/arealorcaradio.es\/wp-content\/uploads\/2024\/09\/Antonio-Jesus-Bermudez-Cutillas-FAMU.jpg","width":1600,"height":1038},{"@type":"BreadcrumbList","@id":"https:\/\/arealorcaradio.es\/index.php\/2024\/09\/25\/antonio-jesus-bermudez-cutillas-se-postula-como-presidente-de-la-famu-federacion-de-atletismo-de-la-region-de-murcia\/#breadcrumb","itemListElement":[{"@type":"ListItem","position":1,"name":"Portada","item":"https:\/\/arealorcaradio.es\/"},{"@type":"ListItem","position":2,"name":"Antonio Jes\u00fas Bermudez Cutillas se postula como presidente de la FAMU, Federaci\u00f3n de Atletismo de la Regi\u00f3n de Murcia"}]},{"@type":"WebSite","@id":"https:\/\/arealorcaradio.es\/#website","url":"https:\/\/arealorcaradio.es\/","name":"AREA LORCA RADIO","description":"Descubre la programaci\u00f3n actual en \u00c1rea Lorca Radio, tu fuente de entrenamiento y noticias locales. Sintoniza ahora y mantente conectado online.","potentialAction":[{"@type":"SearchAction","target":{"@type":"EntryPoint","urlTemplate":"https:\/\/arealorcaradio.es\/?s={search_term_string}"},"query-input":{"@type":"PropertyValueSpecification","valueRequired":true,"valueName":"search_term_string"}}],"inLanguage":"es"},{"@type":"Person","@id":"https:\/\/arealorcaradio.es\/#\/schema\/person\/9fae605fc25b0f2c83c1ab207139bd27","name":"Paco S\u00e1nchez","image":{"@type":"ImageObject","inLanguage":"es","@id":"https:\/\/secure.gravatar.com\/avatar\/d67144e966420fb74aa84c9f2a0103be4724fd14db52b52d3b6bca749f257e79?s=96&d=mm&r=g","url":"https:\/\/secure.gravatar.com\/avatar\/d67144e966420fb74aa84c9f2a0103be4724fd14db52b52d3b6bca749f257e79?s=96&d=mm&r=g","contentUrl":"https:\/\/secure.gravatar.com\/avatar\/d67144e966420fb74aa84c9f2a0103be4724fd14db52b52d3b6bca749f257e79?s=96&d=mm&r=g","caption":"Paco S\u00e1nchez"},"sameAs":["https:\/\/arealorcaradio.es"],"url":"https:\/\/arealorcaradio.es\/index.php\/author\/admin_alorcaradio\/"}]}},"_links":{"self":[{"href":"https:\/\/arealorcaradio.es\/index.php\/wp-json\/wp\/v2\/posts\/4205","targetHints":{"allow":["GET"]}}],"collection":[{"href":"https:\/\/arealorcaradio.es\/index.php\/wp-json\/wp\/v2\/posts"}],"about":[{"href":"https:\/\/arealorcaradio.es\/index.php\/wp-json\/wp\/v2\/types\/post"}],"author":[{"embeddable":true,"href":"https:\/\/arealorcaradio.es\/index.php\/wp-json\/wp\/v2\/users\/1"}],"replies":[{"embeddable":true,"href":"https:\/\/arealorcaradio.es\/index.php\/wp-json\/wp\/v2\/comments?post=4205"}],"version-history":[{"count":2,"href":"https:\/\/arealorcaradio.es\/index.php\/wp-json\/wp\/v2\/posts\/4205\/revisions"}],"predecessor-version":[{"id":4210,"href":"https:\/\/arealorcaradio.es\/index.php\/wp-json\/wp\/v2\/posts\/4205\/revisions\/4210"}],"wp:featuredmedia":[{"embeddable":true,"href":"https:\/\/arealorcaradio.es\/index.php\/wp-json\/wp\/v2\/media\/4206"}],"wp:attachment":[{"href":"https:\/\/arealorcaradio.es\/index.php\/wp-json\/wp\/v2\/media?parent=4205"}],"wp:term":[{"taxonomy":"category","embeddable":true,"href":"https:\/\/arealorcaradio.es\/index.php\/wp-json\/wp\/v2\/categories?post=4205"},{"taxonomy":"post_tag","embeddable":true,"href":"https:\/\/arealorcaradio.es\/index.php\/wp-json\/wp\/v2\/tags?post=4205"}],"curies":[{"name":"wp","href":"https:\/\/api.w.org\/{rel}","templated":true}]}}