{"id":4186,"date":"2024-09-24T17:02:08","date_gmt":"2024-09-24T17:02:08","guid":{"rendered":"https:\/\/arealorcaradio.es\/?p=4186"},"modified":"2024-09-24T18:47:56","modified_gmt":"2024-09-24T18:47:56","slug":"paco-urena-me-encontre-muy-a-gusto-y-feliz-desde-el-paseillo-y-me-hizo-muy-feliz-ver-a-mi-gente-disfrutar-con-mi-toreo","status":"publish","type":"post","link":"https:\/\/arealorcaradio.es\/index.php\/2024\/09\/24\/paco-urena-me-encontre-muy-a-gusto-y-feliz-desde-el-paseillo-y-me-hizo-muy-feliz-ver-a-mi-gente-disfrutar-con-mi-toreo\/","title":{"rendered":"Paco Ure\u00f1a: \u00abMe encontr\u00e9 muy a gusto y desde el pase\u00edllo y me hizo muy feliz ver a mi gente disfrutar con mi toreo\u00bb"},"content":{"rendered":"<p>\u00c1REA LORCA RADIO.<\/p>\n<p>Escucha aqu\u00ed la entrevista que ha concedido el torero lorquino Paco Ure\u00f1a y el tambi\u00e9n torero y asesor del presidente el pasado domingo Pep\u00edn Jim\u00e9nez a Paco S\u00e1nchez en el programa \u00c1rea Lorca Actualidad, donde el primero ha repasado su trayectoria en sus \u00faltimos compromisos y en especial el pasado domingo en Lorca, donde sali\u00f3 a hombros tras cortar tres orejas, mientras que Alejandro Talavante y Cayetano Rivera le acompa\u00f1aron tras cortar dos orejas cada uno de ellos.<\/p>\n<p>Pep\u00edn Jim\u00e9nez ha contado como se sinti\u00f3 en el palco del Coso de Sutullena en su debut como asesor. Tanto Paco Ure\u00f1a como Pep\u00edn Jim\u00e9nez se han desecho en elogios el uno hacia el otro durante su intervenci\u00f3n.<\/p>\n<p><img loading=\"lazy\" decoding=\"async\" class=\"alignnone wp-image-4198\" src=\"https:\/\/arealorcaradio.es\/wp-content\/uploads\/2024\/09\/IMG-20240924-WA0027-300x200.jpg\" alt=\"\" width=\"294\" height=\"196\" srcset=\"https:\/\/arealorcaradio.es\/wp-content\/uploads\/2024\/09\/IMG-20240924-WA0027-300x200.jpg 300w, https:\/\/arealorcaradio.es\/wp-content\/uploads\/2024\/09\/IMG-20240924-WA0027-1024x682.jpg 1024w, https:\/\/arealorcaradio.es\/wp-content\/uploads\/2024\/09\/IMG-20240924-WA0027-768x512.jpg 768w, https:\/\/arealorcaradio.es\/wp-content\/uploads\/2024\/09\/IMG-20240924-WA0027-1536x1023.jpg 1536w, https:\/\/arealorcaradio.es\/wp-content\/uploads\/2024\/09\/IMG-20240924-WA0027.jpg 1600w\" sizes=\"auto, (max-width: 294px) 100vw, 294px\" \/> <img loading=\"lazy\" decoding=\"async\" class=\"alignnone wp-image-4199\" src=\"https:\/\/arealorcaradio.es\/wp-content\/uploads\/2024\/09\/IMG-20240924-WA0025-1-234x300.jpg\" alt=\"\" width=\"153\" height=\"196\" srcset=\"https:\/\/arealorcaradio.es\/wp-content\/uploads\/2024\/09\/IMG-20240924-WA0025-1-234x300.jpg 234w, https:\/\/arealorcaradio.es\/wp-content\/uploads\/2024\/09\/IMG-20240924-WA0025-1.jpg 505w\" sizes=\"auto, (max-width: 153px) 100vw, 153px\" \/> <img loading=\"lazy\" decoding=\"async\" class=\"alignnone wp-image-4200\" src=\"https:\/\/arealorcaradio.es\/wp-content\/uploads\/2024\/09\/IMG-20240922-WA0048-300x225.jpg\" alt=\"\" width=\"263\" height=\"198\" srcset=\"https:\/\/arealorcaradio.es\/wp-content\/uploads\/2024\/09\/IMG-20240922-WA0048-300x225.jpg 300w, https:\/\/arealorcaradio.es\/wp-content\/uploads\/2024\/09\/IMG-20240922-WA0048-1024x768.jpg 1024w, https:\/\/arealorcaradio.es\/wp-content\/uploads\/2024\/09\/IMG-20240922-WA0048-768x576.jpg 768w, https:\/\/arealorcaradio.es\/wp-content\/uploads\/2024\/09\/IMG-20240922-WA0048-1536x1152.jpg 1536w, https:\/\/arealorcaradio.es\/wp-content\/uploads\/2024\/09\/IMG-20240922-WA0048-2048x1536.jpg 2048w, https:\/\/arealorcaradio.es\/wp-content\/uploads\/2024\/09\/IMG-20240922-WA0048-86x64.jpg 86w\" sizes=\"auto, (max-width: 263px) 100vw, 263px\" \/><\/p>\n<audio class=\"wp-audio-shortcode\" id=\"audio-4186-1\" preload=\"none\" style=\"width: 100%;\" controls=\"controls\"><source type=\"audio\/mpeg\" src=\"https:\/\/arealorcaradio.es\/wp-content\/uploads\/2024\/09\/240924-PACO-URENA-Y-PEPIN-JIMENEZ.mp3?_=1\" \/><a href=\"https:\/\/arealorcaradio.es\/wp-content\/uploads\/2024\/09\/240924-PACO-URENA-Y-PEPIN-JIMENEZ.mp3\">https:\/\/arealorcaradio.es\/wp-content\/uploads\/2024\/09\/240924-PACO-URENA-Y-PEPIN-JIMENEZ.mp3<\/a><\/audio>\n<p>&nbsp;<\/p>\n<p><img loading=\"lazy\" decoding=\"async\" class=\"alignnone wp-image-4187\" src=\"https:\/\/arealorcaradio.es\/wp-content\/uploads\/2024\/09\/20240924_125705-300x300.jpg\" alt=\"\" width=\"284\" height=\"284\" srcset=\"https:\/\/arealorcaradio.es\/wp-content\/uploads\/2024\/09\/20240924_125705-300x300.jpg 300w, https:\/\/arealorcaradio.es\/wp-content\/uploads\/2024\/09\/20240924_125705-150x150.jpg 150w, https:\/\/arealorcaradio.es\/wp-content\/uploads\/2024\/09\/20240924_125705-768x768.jpg 768w, https:\/\/arealorcaradio.es\/wp-content\/uploads\/2024\/09\/20240924_125705.jpg 912w\" sizes=\"auto, (max-width: 284px) 100vw, 284px\" \/>\u00a0 <img loading=\"lazy\" decoding=\"async\" class=\"alignnone size-medium wp-image-4188\" src=\"https:\/\/arealorcaradio.es\/wp-content\/uploads\/2024\/09\/20240924_125748-300x284.jpg\" alt=\"\" width=\"300\" height=\"284\" srcset=\"https:\/\/arealorcaradio.es\/wp-content\/uploads\/2024\/09\/20240924_125748-300x284.jpg 300w, https:\/\/arealorcaradio.es\/wp-content\/uploads\/2024\/09\/20240924_125748-768x726.jpg 768w, https:\/\/arealorcaradio.es\/wp-content\/uploads\/2024\/09\/20240924_125748.jpg 902w\" sizes=\"auto, (max-width: 300px) 100vw, 300px\" \/> <img loading=\"lazy\" decoding=\"async\" class=\"alignnone size-medium wp-image-4189\" src=\"https:\/\/arealorcaradio.es\/wp-content\/uploads\/2024\/09\/IMG_1393-300x200.jpg\" alt=\"\" width=\"300\" height=\"200\" srcset=\"https:\/\/arealorcaradio.es\/wp-content\/uploads\/2024\/09\/IMG_1393-300x200.jpg 300w, https:\/\/arealorcaradio.es\/wp-content\/uploads\/2024\/09\/IMG_1393-768x512.jpg 768w, https:\/\/arealorcaradio.es\/wp-content\/uploads\/2024\/09\/IMG_1393.jpg 900w\" sizes=\"auto, (max-width: 300px) 100vw, 300px\" \/> \u00a0<img loading=\"lazy\" decoding=\"async\" class=\"alignnone size-medium wp-image-4190\" src=\"https:\/\/arealorcaradio.es\/wp-content\/uploads\/2024\/09\/IMG_0795-1-300x200.jpg\" alt=\"\" width=\"300\" height=\"200\" srcset=\"https:\/\/arealorcaradio.es\/wp-content\/uploads\/2024\/09\/IMG_0795-1-300x200.jpg 300w, https:\/\/arealorcaradio.es\/wp-content\/uploads\/2024\/09\/IMG_0795-1-768x512.jpg 768w, https:\/\/arealorcaradio.es\/wp-content\/uploads\/2024\/09\/IMG_0795-1.jpg 900w\" sizes=\"auto, (max-width: 300px) 100vw, 300px\" \/><\/p>\n","protected":false},"excerpt":{"rendered":"<p>\u00c1REA LORCA RADIO. Escucha aqu\u00ed la entrevista que ha concedido el torero lorquino Paco Ure\u00f1a y el tambi\u00e9n torero y asesor del presidente el pasado domingo Pep\u00edn Jim\u00e9nez a Paco S\u00e1nchez en el programa \u00c1rea Lorca Actualidad, donde el primero ha repasado su trayectoria en sus \u00faltimos compromisos y en especial el pasado domingo en [&hellip;]<\/p>\n","protected":false},"author":1,"featured_media":4191,"comment_status":"open","ping_status":"open","sticky":false,"template":"","format":"standard","meta":{"iawp_total_views":36,"footnotes":""},"categories":[5,7],"tags":[],"class_list":["post-4186","post","type-post","status-publish","format-standard","has-post-thumbnail","hentry","category-actualidad","category-lorca"],"yoast_head":"<!-- This site is optimized with the Yoast SEO plugin v27.5 - https:\/\/yoast.com\/product\/yoast-seo-wordpress\/ -->\n<title>Paco Ure\u00f1a: &quot;Me encontr\u00e9 muy a gusto y desde el pase\u00edllo y me hizo muy feliz ver a mi gente disfrutar con mi toreo&quot; - AREA LORCA RADIO<\/title>\n<meta name=\"robots\" content=\"index, follow, max-snippet:-1, max-image-preview:large, max-video-preview:-1\" \/>\n<link rel=\"canonical\" href=\"https:\/\/arealorcaradio.es\/index.php\/2024\/09\/24\/paco-urena-me-encontre-muy-a-gusto-y-feliz-desde-el-paseillo-y-me-hizo-muy-feliz-ver-a-mi-gente-disfrutar-con-mi-toreo\/\" \/>\n<meta property=\"og:locale\" content=\"es_ES\" \/>\n<meta property=\"og:type\" content=\"article\" \/>\n<meta property=\"og:title\" content=\"Paco Ure\u00f1a: &quot;Me encontr\u00e9 muy a gusto y desde el pase\u00edllo y me hizo muy feliz ver a mi gente disfrutar con mi toreo&quot; - AREA LORCA RADIO\" \/>\n<meta property=\"og:description\" content=\"\u00c1REA LORCA RADIO. Escucha aqu\u00ed la entrevista que ha concedido el torero lorquino Paco Ure\u00f1a y el tambi\u00e9n torero y asesor del presidente el pasado domingo Pep\u00edn Jim\u00e9nez a Paco S\u00e1nchez en el programa \u00c1rea Lorca Actualidad, donde el primero ha repasado su trayectoria en sus \u00faltimos compromisos y en especial el pasado domingo en [&hellip;]\" \/>\n<meta property=\"og:url\" content=\"https:\/\/arealorcaradio.es\/index.php\/2024\/09\/24\/paco-urena-me-encontre-muy-a-gusto-y-feliz-desde-el-paseillo-y-me-hizo-muy-feliz-ver-a-mi-gente-disfrutar-con-mi-toreo\/\" \/>\n<meta property=\"og:site_name\" content=\"AREA LORCA RADIO\" \/>\n<meta property=\"article:published_time\" content=\"2024-09-24T17:02:08+00:00\" \/>\n<meta property=\"article:modified_time\" content=\"2024-09-24T18:47:56+00:00\" \/>\n<meta property=\"og:image\" content=\"https:\/\/arealorcaradio.es\/wp-content\/uploads\/2024\/09\/IMG_0586-1.jpg\" \/>\n\t<meta property=\"og:image:width\" content=\"900\" \/>\n\t<meta property=\"og:image:height\" content=\"600\" \/>\n\t<meta property=\"og:image:type\" content=\"image\/jpeg\" \/>\n<meta name=\"author\" content=\"Paco S\u00e1nchez\" \/>\n<meta name=\"twitter:card\" content=\"summary_large_image\" \/>\n<meta name=\"twitter:label1\" content=\"Escrito por\" \/>\n\t<meta name=\"twitter:data1\" content=\"Paco S\u00e1nchez\" \/>\n\t<meta name=\"twitter:label2\" content=\"Tiempo de lectura\" \/>\n\t<meta name=\"twitter:data2\" content=\"3 minutos\" \/>\n<script type=\"application\/ld+json\" class=\"yoast-schema-graph\">{\"@context\":\"https:\\\/\\\/schema.org\",\"@graph\":[{\"@type\":\"Article\",\"@id\":\"https:\\\/\\\/arealorcaradio.es\\\/index.php\\\/2024\\\/09\\\/24\\\/paco-urena-me-encontre-muy-a-gusto-y-feliz-desde-el-paseillo-y-me-hizo-muy-feliz-ver-a-mi-gente-disfrutar-con-mi-toreo\\\/#article\",\"isPartOf\":{\"@id\":\"https:\\\/\\\/arealorcaradio.es\\\/index.php\\\/2024\\\/09\\\/24\\\/paco-urena-me-encontre-muy-a-gusto-y-feliz-desde-el-paseillo-y-me-hizo-muy-feliz-ver-a-mi-gente-disfrutar-con-mi-toreo\\\/\"},\"author\":{\"name\":\"Paco S\u00e1nchez\",\"@id\":\"https:\\\/\\\/arealorcaradio.es\\\/#\\\/schema\\\/person\\\/9fae605fc25b0f2c83c1ab207139bd27\"},\"headline\":\"Paco Ure\u00f1a: \u00abMe encontr\u00e9 muy a gusto y desde el pase\u00edllo y me hizo muy feliz ver a mi gente disfrutar con mi toreo\u00bb\",\"datePublished\":\"2024-09-24T17:02:08+00:00\",\"dateModified\":\"2024-09-24T18:47:56+00:00\",\"mainEntityOfPage\":{\"@id\":\"https:\\\/\\\/arealorcaradio.es\\\/index.php\\\/2024\\\/09\\\/24\\\/paco-urena-me-encontre-muy-a-gusto-y-feliz-desde-el-paseillo-y-me-hizo-muy-feliz-ver-a-mi-gente-disfrutar-con-mi-toreo\\\/\"},\"wordCount\":168,\"commentCount\":0,\"image\":{\"@id\":\"https:\\\/\\\/arealorcaradio.es\\\/index.php\\\/2024\\\/09\\\/24\\\/paco-urena-me-encontre-muy-a-gusto-y-feliz-desde-el-paseillo-y-me-hizo-muy-feliz-ver-a-mi-gente-disfrutar-con-mi-toreo\\\/#primaryimage\"},\"thumbnailUrl\":\"https:\\\/\\\/arealorcaradio.es\\\/wp-content\\\/uploads\\\/2024\\\/09\\\/IMG_0586-1.jpg\",\"articleSection\":[\"ACTUALIDAD\",\"LORCA\"],\"inLanguage\":\"es\",\"potentialAction\":[{\"@type\":\"CommentAction\",\"name\":\"Comment\",\"target\":[\"https:\\\/\\\/arealorcaradio.es\\\/index.php\\\/2024\\\/09\\\/24\\\/paco-urena-me-encontre-muy-a-gusto-y-feliz-desde-el-paseillo-y-me-hizo-muy-feliz-ver-a-mi-gente-disfrutar-con-mi-toreo\\\/#respond\"]}]},{\"@type\":\"WebPage\",\"@id\":\"https:\\\/\\\/arealorcaradio.es\\\/index.php\\\/2024\\\/09\\\/24\\\/paco-urena-me-encontre-muy-a-gusto-y-feliz-desde-el-paseillo-y-me-hizo-muy-feliz-ver-a-mi-gente-disfrutar-con-mi-toreo\\\/\",\"url\":\"https:\\\/\\\/arealorcaradio.es\\\/index.php\\\/2024\\\/09\\\/24\\\/paco-urena-me-encontre-muy-a-gusto-y-feliz-desde-el-paseillo-y-me-hizo-muy-feliz-ver-a-mi-gente-disfrutar-con-mi-toreo\\\/\",\"name\":\"Paco Ure\u00f1a: \\\"Me encontr\u00e9 muy a gusto y desde el pase\u00edllo y me hizo muy feliz ver a mi gente disfrutar con mi toreo\\\" - AREA LORCA RADIO\",\"isPartOf\":{\"@id\":\"https:\\\/\\\/arealorcaradio.es\\\/#website\"},\"primaryImageOfPage\":{\"@id\":\"https:\\\/\\\/arealorcaradio.es\\\/index.php\\\/2024\\\/09\\\/24\\\/paco-urena-me-encontre-muy-a-gusto-y-feliz-desde-el-paseillo-y-me-hizo-muy-feliz-ver-a-mi-gente-disfrutar-con-mi-toreo\\\/#primaryimage\"},\"image\":{\"@id\":\"https:\\\/\\\/arealorcaradio.es\\\/index.php\\\/2024\\\/09\\\/24\\\/paco-urena-me-encontre-muy-a-gusto-y-feliz-desde-el-paseillo-y-me-hizo-muy-feliz-ver-a-mi-gente-disfrutar-con-mi-toreo\\\/#primaryimage\"},\"thumbnailUrl\":\"https:\\\/\\\/arealorcaradio.es\\\/wp-content\\\/uploads\\\/2024\\\/09\\\/IMG_0586-1.jpg\",\"datePublished\":\"2024-09-24T17:02:08+00:00\",\"dateModified\":\"2024-09-24T18:47:56+00:00\",\"author\":{\"@id\":\"https:\\\/\\\/arealorcaradio.es\\\/#\\\/schema\\\/person\\\/9fae605fc25b0f2c83c1ab207139bd27\"},\"breadcrumb\":{\"@id\":\"https:\\\/\\\/arealorcaradio.es\\\/index.php\\\/2024\\\/09\\\/24\\\/paco-urena-me-encontre-muy-a-gusto-y-feliz-desde-el-paseillo-y-me-hizo-muy-feliz-ver-a-mi-gente-disfrutar-con-mi-toreo\\\/#breadcrumb\"},\"inLanguage\":\"es\",\"potentialAction\":[{\"@type\":\"ReadAction\",\"target\":[\"https:\\\/\\\/arealorcaradio.es\\\/index.php\\\/2024\\\/09\\\/24\\\/paco-urena-me-encontre-muy-a-gusto-y-feliz-desde-el-paseillo-y-me-hizo-muy-feliz-ver-a-mi-gente-disfrutar-con-mi-toreo\\\/\"]}]},{\"@type\":\"ImageObject\",\"inLanguage\":\"es\",\"@id\":\"https:\\\/\\\/arealorcaradio.es\\\/index.php\\\/2024\\\/09\\\/24\\\/paco-urena-me-encontre-muy-a-gusto-y-feliz-desde-el-paseillo-y-me-hizo-muy-feliz-ver-a-mi-gente-disfrutar-con-mi-toreo\\\/#primaryimage\",\"url\":\"https:\\\/\\\/arealorcaradio.es\\\/wp-content\\\/uploads\\\/2024\\\/09\\\/IMG_0586-1.jpg\",\"contentUrl\":\"https:\\\/\\\/arealorcaradio.es\\\/wp-content\\\/uploads\\\/2024\\\/09\\\/IMG_0586-1.jpg\",\"width\":900,\"height\":600},{\"@type\":\"BreadcrumbList\",\"@id\":\"https:\\\/\\\/arealorcaradio.es\\\/index.php\\\/2024\\\/09\\\/24\\\/paco-urena-me-encontre-muy-a-gusto-y-feliz-desde-el-paseillo-y-me-hizo-muy-feliz-ver-a-mi-gente-disfrutar-con-mi-toreo\\\/#breadcrumb\",\"itemListElement\":[{\"@type\":\"ListItem\",\"position\":1,\"name\":\"Portada\",\"item\":\"https:\\\/\\\/arealorcaradio.es\\\/\"},{\"@type\":\"ListItem\",\"position\":2,\"name\":\"Paco Ure\u00f1a: \u00abMe encontr\u00e9 muy a gusto y desde el pase\u00edllo y me hizo muy feliz ver a mi gente disfrutar con mi toreo\u00bb\"}]},{\"@type\":\"WebSite\",\"@id\":\"https:\\\/\\\/arealorcaradio.es\\\/#website\",\"url\":\"https:\\\/\\\/arealorcaradio.es\\\/\",\"name\":\"AREA LORCA RADIO\",\"description\":\"Descubre la programaci\u00f3n actual en \u00c1rea Lorca Radio, tu fuente de entrenamiento y noticias locales. Sintoniza ahora y mantente conectado online.\",\"potentialAction\":[{\"@type\":\"SearchAction\",\"target\":{\"@type\":\"EntryPoint\",\"urlTemplate\":\"https:\\\/\\\/arealorcaradio.es\\\/?s={search_term_string}\"},\"query-input\":{\"@type\":\"PropertyValueSpecification\",\"valueRequired\":true,\"valueName\":\"search_term_string\"}}],\"inLanguage\":\"es\"},{\"@type\":\"Person\",\"@id\":\"https:\\\/\\\/arealorcaradio.es\\\/#\\\/schema\\\/person\\\/9fae605fc25b0f2c83c1ab207139bd27\",\"name\":\"Paco S\u00e1nchez\",\"image\":{\"@type\":\"ImageObject\",\"inLanguage\":\"es\",\"@id\":\"https:\\\/\\\/secure.gravatar.com\\\/avatar\\\/d67144e966420fb74aa84c9f2a0103be4724fd14db52b52d3b6bca749f257e79?s=96&d=mm&r=g\",\"url\":\"https:\\\/\\\/secure.gravatar.com\\\/avatar\\\/d67144e966420fb74aa84c9f2a0103be4724fd14db52b52d3b6bca749f257e79?s=96&d=mm&r=g\",\"contentUrl\":\"https:\\\/\\\/secure.gravatar.com\\\/avatar\\\/d67144e966420fb74aa84c9f2a0103be4724fd14db52b52d3b6bca749f257e79?s=96&d=mm&r=g\",\"caption\":\"Paco S\u00e1nchez\"},\"sameAs\":[\"https:\\\/\\\/arealorcaradio.es\"],\"url\":\"https:\\\/\\\/arealorcaradio.es\\\/index.php\\\/author\\\/admin_alorcaradio\\\/\"}]}<\/script>\n<!-- \/ Yoast SEO plugin. -->","yoast_head_json":{"title":"Paco Ure\u00f1a: \"Me encontr\u00e9 muy a gusto y desde el pase\u00edllo y me hizo muy feliz ver a mi gente disfrutar con mi toreo\" - AREA LORCA RADIO","robots":{"index":"index","follow":"follow","max-snippet":"max-snippet:-1","max-image-preview":"max-image-preview:large","max-video-preview":"max-video-preview:-1"},"canonical":"https:\/\/arealorcaradio.es\/index.php\/2024\/09\/24\/paco-urena-me-encontre-muy-a-gusto-y-feliz-desde-el-paseillo-y-me-hizo-muy-feliz-ver-a-mi-gente-disfrutar-con-mi-toreo\/","og_locale":"es_ES","og_type":"article","og_title":"Paco Ure\u00f1a: \"Me encontr\u00e9 muy a gusto y desde el pase\u00edllo y me hizo muy feliz ver a mi gente disfrutar con mi toreo\" - AREA LORCA RADIO","og_description":"\u00c1REA LORCA RADIO. Escucha aqu\u00ed la entrevista que ha concedido el torero lorquino Paco Ure\u00f1a y el tambi\u00e9n torero y asesor del presidente el pasado domingo Pep\u00edn Jim\u00e9nez a Paco S\u00e1nchez en el programa \u00c1rea Lorca Actualidad, donde el primero ha repasado su trayectoria en sus \u00faltimos compromisos y en especial el pasado domingo en [&hellip;]","og_url":"https:\/\/arealorcaradio.es\/index.php\/2024\/09\/24\/paco-urena-me-encontre-muy-a-gusto-y-feliz-desde-el-paseillo-y-me-hizo-muy-feliz-ver-a-mi-gente-disfrutar-con-mi-toreo\/","og_site_name":"AREA LORCA RADIO","article_published_time":"2024-09-24T17:02:08+00:00","article_modified_time":"2024-09-24T18:47:56+00:00","og_image":[{"width":900,"height":600,"url":"https:\/\/arealorcaradio.es\/wp-content\/uploads\/2024\/09\/IMG_0586-1.jpg","type":"image\/jpeg"}],"author":"Paco S\u00e1nchez","twitter_card":"summary_large_image","twitter_misc":{"Escrito por":"Paco S\u00e1nchez","Tiempo de lectura":"3 minutos"},"schema":{"@context":"https:\/\/schema.org","@graph":[{"@type":"Article","@id":"https:\/\/arealorcaradio.es\/index.php\/2024\/09\/24\/paco-urena-me-encontre-muy-a-gusto-y-feliz-desde-el-paseillo-y-me-hizo-muy-feliz-ver-a-mi-gente-disfrutar-con-mi-toreo\/#article","isPartOf":{"@id":"https:\/\/arealorcaradio.es\/index.php\/2024\/09\/24\/paco-urena-me-encontre-muy-a-gusto-y-feliz-desde-el-paseillo-y-me-hizo-muy-feliz-ver-a-mi-gente-disfrutar-con-mi-toreo\/"},"author":{"name":"Paco S\u00e1nchez","@id":"https:\/\/arealorcaradio.es\/#\/schema\/person\/9fae605fc25b0f2c83c1ab207139bd27"},"headline":"Paco Ure\u00f1a: \u00abMe encontr\u00e9 muy a gusto y desde el pase\u00edllo y me hizo muy feliz ver a mi gente disfrutar con mi toreo\u00bb","datePublished":"2024-09-24T17:02:08+00:00","dateModified":"2024-09-24T18:47:56+00:00","mainEntityOfPage":{"@id":"https:\/\/arealorcaradio.es\/index.php\/2024\/09\/24\/paco-urena-me-encontre-muy-a-gusto-y-feliz-desde-el-paseillo-y-me-hizo-muy-feliz-ver-a-mi-gente-disfrutar-con-mi-toreo\/"},"wordCount":168,"commentCount":0,"image":{"@id":"https:\/\/arealorcaradio.es\/index.php\/2024\/09\/24\/paco-urena-me-encontre-muy-a-gusto-y-feliz-desde-el-paseillo-y-me-hizo-muy-feliz-ver-a-mi-gente-disfrutar-con-mi-toreo\/#primaryimage"},"thumbnailUrl":"https:\/\/arealorcaradio.es\/wp-content\/uploads\/2024\/09\/IMG_0586-1.jpg","articleSection":["ACTUALIDAD","LORCA"],"inLanguage":"es","potentialAction":[{"@type":"CommentAction","name":"Comment","target":["https:\/\/arealorcaradio.es\/index.php\/2024\/09\/24\/paco-urena-me-encontre-muy-a-gusto-y-feliz-desde-el-paseillo-y-me-hizo-muy-feliz-ver-a-mi-gente-disfrutar-con-mi-toreo\/#respond"]}]},{"@type":"WebPage","@id":"https:\/\/arealorcaradio.es\/index.php\/2024\/09\/24\/paco-urena-me-encontre-muy-a-gusto-y-feliz-desde-el-paseillo-y-me-hizo-muy-feliz-ver-a-mi-gente-disfrutar-con-mi-toreo\/","url":"https:\/\/arealorcaradio.es\/index.php\/2024\/09\/24\/paco-urena-me-encontre-muy-a-gusto-y-feliz-desde-el-paseillo-y-me-hizo-muy-feliz-ver-a-mi-gente-disfrutar-con-mi-toreo\/","name":"Paco Ure\u00f1a: \"Me encontr\u00e9 muy a gusto y desde el pase\u00edllo y me hizo muy feliz ver a mi gente disfrutar con mi toreo\" - AREA LORCA RADIO","isPartOf":{"@id":"https:\/\/arealorcaradio.es\/#website"},"primaryImageOfPage":{"@id":"https:\/\/arealorcaradio.es\/index.php\/2024\/09\/24\/paco-urena-me-encontre-muy-a-gusto-y-feliz-desde-el-paseillo-y-me-hizo-muy-feliz-ver-a-mi-gente-disfrutar-con-mi-toreo\/#primaryimage"},"image":{"@id":"https:\/\/arealorcaradio.es\/index.php\/2024\/09\/24\/paco-urena-me-encontre-muy-a-gusto-y-feliz-desde-el-paseillo-y-me-hizo-muy-feliz-ver-a-mi-gente-disfrutar-con-mi-toreo\/#primaryimage"},"thumbnailUrl":"https:\/\/arealorcaradio.es\/wp-content\/uploads\/2024\/09\/IMG_0586-1.jpg","datePublished":"2024-09-24T17:02:08+00:00","dateModified":"2024-09-24T18:47:56+00:00","author":{"@id":"https:\/\/arealorcaradio.es\/#\/schema\/person\/9fae605fc25b0f2c83c1ab207139bd27"},"breadcrumb":{"@id":"https:\/\/arealorcaradio.es\/index.php\/2024\/09\/24\/paco-urena-me-encontre-muy-a-gusto-y-feliz-desde-el-paseillo-y-me-hizo-muy-feliz-ver-a-mi-gente-disfrutar-con-mi-toreo\/#breadcrumb"},"inLanguage":"es","potentialAction":[{"@type":"ReadAction","target":["https:\/\/arealorcaradio.es\/index.php\/2024\/09\/24\/paco-urena-me-encontre-muy-a-gusto-y-feliz-desde-el-paseillo-y-me-hizo-muy-feliz-ver-a-mi-gente-disfrutar-con-mi-toreo\/"]}]},{"@type":"ImageObject","inLanguage":"es","@id":"https:\/\/arealorcaradio.es\/index.php\/2024\/09\/24\/paco-urena-me-encontre-muy-a-gusto-y-feliz-desde-el-paseillo-y-me-hizo-muy-feliz-ver-a-mi-gente-disfrutar-con-mi-toreo\/#primaryimage","url":"https:\/\/arealorcaradio.es\/wp-content\/uploads\/2024\/09\/IMG_0586-1.jpg","contentUrl":"https:\/\/arealorcaradio.es\/wp-content\/uploads\/2024\/09\/IMG_0586-1.jpg","width":900,"height":600},{"@type":"BreadcrumbList","@id":"https:\/\/arealorcaradio.es\/index.php\/2024\/09\/24\/paco-urena-me-encontre-muy-a-gusto-y-feliz-desde-el-paseillo-y-me-hizo-muy-feliz-ver-a-mi-gente-disfrutar-con-mi-toreo\/#breadcrumb","itemListElement":[{"@type":"ListItem","position":1,"name":"Portada","item":"https:\/\/arealorcaradio.es\/"},{"@type":"ListItem","position":2,"name":"Paco Ure\u00f1a: \u00abMe encontr\u00e9 muy a gusto y desde el pase\u00edllo y me hizo muy feliz ver a mi gente disfrutar con mi toreo\u00bb"}]},{"@type":"WebSite","@id":"https:\/\/arealorcaradio.es\/#website","url":"https:\/\/arealorcaradio.es\/","name":"AREA LORCA RADIO","description":"Descubre la programaci\u00f3n actual en \u00c1rea Lorca Radio, tu fuente de entrenamiento y noticias locales. Sintoniza ahora y mantente conectado online.","potentialAction":[{"@type":"SearchAction","target":{"@type":"EntryPoint","urlTemplate":"https:\/\/arealorcaradio.es\/?s={search_term_string}"},"query-input":{"@type":"PropertyValueSpecification","valueRequired":true,"valueName":"search_term_string"}}],"inLanguage":"es"},{"@type":"Person","@id":"https:\/\/arealorcaradio.es\/#\/schema\/person\/9fae605fc25b0f2c83c1ab207139bd27","name":"Paco S\u00e1nchez","image":{"@type":"ImageObject","inLanguage":"es","@id":"https:\/\/secure.gravatar.com\/avatar\/d67144e966420fb74aa84c9f2a0103be4724fd14db52b52d3b6bca749f257e79?s=96&d=mm&r=g","url":"https:\/\/secure.gravatar.com\/avatar\/d67144e966420fb74aa84c9f2a0103be4724fd14db52b52d3b6bca749f257e79?s=96&d=mm&r=g","contentUrl":"https:\/\/secure.gravatar.com\/avatar\/d67144e966420fb74aa84c9f2a0103be4724fd14db52b52d3b6bca749f257e79?s=96&d=mm&r=g","caption":"Paco S\u00e1nchez"},"sameAs":["https:\/\/arealorcaradio.es"],"url":"https:\/\/arealorcaradio.es\/index.php\/author\/admin_alorcaradio\/"}]}},"_links":{"self":[{"href":"https:\/\/arealorcaradio.es\/index.php\/wp-json\/wp\/v2\/posts\/4186","targetHints":{"allow":["GET"]}}],"collection":[{"href":"https:\/\/arealorcaradio.es\/index.php\/wp-json\/wp\/v2\/posts"}],"about":[{"href":"https:\/\/arealorcaradio.es\/index.php\/wp-json\/wp\/v2\/types\/post"}],"author":[{"embeddable":true,"href":"https:\/\/arealorcaradio.es\/index.php\/wp-json\/wp\/v2\/users\/1"}],"replies":[{"embeddable":true,"href":"https:\/\/arealorcaradio.es\/index.php\/wp-json\/wp\/v2\/comments?post=4186"}],"version-history":[{"count":5,"href":"https:\/\/arealorcaradio.es\/index.php\/wp-json\/wp\/v2\/posts\/4186\/revisions"}],"predecessor-version":[{"id":4204,"href":"https:\/\/arealorcaradio.es\/index.php\/wp-json\/wp\/v2\/posts\/4186\/revisions\/4204"}],"wp:featuredmedia":[{"embeddable":true,"href":"https:\/\/arealorcaradio.es\/index.php\/wp-json\/wp\/v2\/media\/4191"}],"wp:attachment":[{"href":"https:\/\/arealorcaradio.es\/index.php\/wp-json\/wp\/v2\/media?parent=4186"}],"wp:term":[{"taxonomy":"category","embeddable":true,"href":"https:\/\/arealorcaradio.es\/index.php\/wp-json\/wp\/v2\/categories?post=4186"},{"taxonomy":"post_tag","embeddable":true,"href":"https:\/\/arealorcaradio.es\/index.php\/wp-json\/wp\/v2\/tags?post=4186"}],"curies":[{"name":"wp","href":"https:\/\/api.w.org\/{rel}","templated":true}]}}