{"id":4108,"date":"2024-09-17T20:27:19","date_gmt":"2024-09-17T20:27:19","guid":{"rendered":"https:\/\/arealorcaradio.es\/?p=4108"},"modified":"2024-09-17T20:27:19","modified_gmt":"2024-09-17T20:27:19","slug":"vecinos-de-la-parroquia-plantean-movilizaciones-a-las-puertas-del-gobierno-regional-reivindicando-el-arreglo-de-la-carretera-rm-c22","status":"publish","type":"post","link":"https:\/\/arealorcaradio.es\/index.php\/2024\/09\/17\/vecinos-de-la-parroquia-plantean-movilizaciones-a-las-puertas-del-gobierno-regional-reivindicando-el-arreglo-de-la-carretera-rm-c22\/","title":{"rendered":"Vecinos de La Parroquia plantean movilizaciones a las puertas del Gobierno Regional reivindicando el arreglo de la carretera RM-C22"},"content":{"rendered":"<p>\u00c1REA LORCA RADIO.<\/p>\n<p>Escucha aqu\u00ed la entrevista que han concedido a Paco S\u00e1nchez en el magazine \u00c1rea Lorca Actualidad, la presidenta y el secretario de la AAVV de La Parroquia, Juana Mellinas y Luis Mellinas respectivamente. Seg\u00fan los representantes vecinales la carretera RM-C22 es un peligro constante para aquellos vecinos y usuarios que transitan diariamente por ella por su firme en mal estado, su estrechez y peligrosidad debido al gran n\u00famero de curvas con las que cuenta. Los vecinos, cansados de promesas incumplidas reivindican un arreglo urgente de esta v\u00eda porque de no ser as\u00ed no descartan un desplazamiento a Murcia para exigir a las puertas del Gobierno Regional algo que aseguran merecen para no sentirse ciudadanos de otra categor\u00eda menor.<\/p>\n<audio class=\"wp-audio-shortcode\" id=\"audio-4108-1\" preload=\"none\" style=\"width: 100%;\" controls=\"controls\"><source type=\"audio\/mpeg\" src=\"https:\/\/arealorcaradio.es\/wp-content\/uploads\/2024\/09\/170924-JUANA-MELLINAS-Y-LUIS-MELLINAS.-LA-PARROQUIA.mp3?_=1\" \/><a href=\"https:\/\/arealorcaradio.es\/wp-content\/uploads\/2024\/09\/170924-JUANA-MELLINAS-Y-LUIS-MELLINAS.-LA-PARROQUIA.mp3\">https:\/\/arealorcaradio.es\/wp-content\/uploads\/2024\/09\/170924-JUANA-MELLINAS-Y-LUIS-MELLINAS.-LA-PARROQUIA.mp3<\/a><\/audio>\n<p><img loading=\"lazy\" decoding=\"async\" class=\"alignnone size-medium wp-image-4110\" src=\"https:\/\/arealorcaradio.es\/wp-content\/uploads\/2024\/09\/IMG-20240916-WA0022-225x300.jpg\" alt=\"\" width=\"225\" height=\"300\" srcset=\"https:\/\/arealorcaradio.es\/wp-content\/uploads\/2024\/09\/IMG-20240916-WA0022-225x300.jpg 225w, https:\/\/arealorcaradio.es\/wp-content\/uploads\/2024\/09\/IMG-20240916-WA0022-768x1024.jpg 768w, https:\/\/arealorcaradio.es\/wp-content\/uploads\/2024\/09\/IMG-20240916-WA0022-1152x1536.jpg 1152w, https:\/\/arealorcaradio.es\/wp-content\/uploads\/2024\/09\/IMG-20240916-WA0022.jpg 1200w\" sizes=\"auto, (max-width: 225px) 100vw, 225px\" \/> <img loading=\"lazy\" decoding=\"async\" class=\"alignnone size-medium wp-image-4111\" src=\"https:\/\/arealorcaradio.es\/wp-content\/uploads\/2024\/09\/IMG-20240916-WA0020-225x300.jpg\" alt=\"\" width=\"225\" height=\"300\" srcset=\"https:\/\/arealorcaradio.es\/wp-content\/uploads\/2024\/09\/IMG-20240916-WA0020-225x300.jpg 225w, https:\/\/arealorcaradio.es\/wp-content\/uploads\/2024\/09\/IMG-20240916-WA0020-768x1024.jpg 768w, https:\/\/arealorcaradio.es\/wp-content\/uploads\/2024\/09\/IMG-20240916-WA0020-1152x1536.jpg 1152w, https:\/\/arealorcaradio.es\/wp-content\/uploads\/2024\/09\/IMG-20240916-WA0020.jpg 1200w\" sizes=\"auto, (max-width: 225px) 100vw, 225px\" \/> <img loading=\"lazy\" decoding=\"async\" class=\"alignnone size-medium wp-image-4112\" src=\"https:\/\/arealorcaradio.es\/wp-content\/uploads\/2024\/09\/IMG-20240916-WA0023-225x300.jpg\" alt=\"\" width=\"225\" height=\"300\" srcset=\"https:\/\/arealorcaradio.es\/wp-content\/uploads\/2024\/09\/IMG-20240916-WA0023-225x300.jpg 225w, https:\/\/arealorcaradio.es\/wp-content\/uploads\/2024\/09\/IMG-20240916-WA0023-768x1024.jpg 768w, https:\/\/arealorcaradio.es\/wp-content\/uploads\/2024\/09\/IMG-20240916-WA0023-1152x1536.jpg 1152w, https:\/\/arealorcaradio.es\/wp-content\/uploads\/2024\/09\/IMG-20240916-WA0023.jpg 1200w\" sizes=\"auto, (max-width: 225px) 100vw, 225px\" \/><img loading=\"lazy\" decoding=\"async\" class=\"alignnone size-medium wp-image-4113\" src=\"https:\/\/arealorcaradio.es\/wp-content\/uploads\/2024\/09\/IMG-20240916-WA0021-225x300.jpg\" alt=\"\" width=\"225\" height=\"300\" srcset=\"https:\/\/arealorcaradio.es\/wp-content\/uploads\/2024\/09\/IMG-20240916-WA0021-225x300.jpg 225w, https:\/\/arealorcaradio.es\/wp-content\/uploads\/2024\/09\/IMG-20240916-WA0021-768x1024.jpg 768w, https:\/\/arealorcaradio.es\/wp-content\/uploads\/2024\/09\/IMG-20240916-WA0021-1152x1536.jpg 1152w, https:\/\/arealorcaradio.es\/wp-content\/uploads\/2024\/09\/IMG-20240916-WA0021.jpg 1200w\" sizes=\"auto, (max-width: 225px) 100vw, 225px\" \/> <img loading=\"lazy\" decoding=\"async\" class=\"alignnone size-medium wp-image-4114\" src=\"https:\/\/arealorcaradio.es\/wp-content\/uploads\/2024\/09\/IMG-20240916-WA0024-225x300.jpg\" alt=\"\" width=\"225\" height=\"300\" srcset=\"https:\/\/arealorcaradio.es\/wp-content\/uploads\/2024\/09\/IMG-20240916-WA0024-225x300.jpg 225w, https:\/\/arealorcaradio.es\/wp-content\/uploads\/2024\/09\/IMG-20240916-WA0024-768x1024.jpg 768w, https:\/\/arealorcaradio.es\/wp-content\/uploads\/2024\/09\/IMG-20240916-WA0024-1152x1536.jpg 1152w, https:\/\/arealorcaradio.es\/wp-content\/uploads\/2024\/09\/IMG-20240916-WA0024.jpg 1200w\" sizes=\"auto, (max-width: 225px) 100vw, 225px\" \/> <img loading=\"lazy\" decoding=\"async\" class=\"alignnone size-medium wp-image-4115\" src=\"https:\/\/arealorcaradio.es\/wp-content\/uploads\/2024\/09\/IMG-20240916-WA0027-225x300.jpg\" alt=\"\" width=\"225\" height=\"300\" srcset=\"https:\/\/arealorcaradio.es\/wp-content\/uploads\/2024\/09\/IMG-20240916-WA0027-225x300.jpg 225w, https:\/\/arealorcaradio.es\/wp-content\/uploads\/2024\/09\/IMG-20240916-WA0027-768x1024.jpg 768w, https:\/\/arealorcaradio.es\/wp-content\/uploads\/2024\/09\/IMG-20240916-WA0027-1152x1536.jpg 1152w, https:\/\/arealorcaradio.es\/wp-content\/uploads\/2024\/09\/IMG-20240916-WA0027.jpg 1200w\" sizes=\"auto, (max-width: 225px) 100vw, 225px\" \/><\/p>\n","protected":false},"excerpt":{"rendered":"<p>\u00c1REA LORCA RADIO. Escucha aqu\u00ed la entrevista que han concedido a Paco S\u00e1nchez en el magazine \u00c1rea Lorca Actualidad, la presidenta y el secretario de la AAVV de La Parroquia, Juana Mellinas y Luis Mellinas respectivamente. Seg\u00fan los representantes vecinales la carretera RM-C22 es un peligro constante para aquellos vecinos y usuarios que transitan diariamente [&hellip;]<\/p>\n","protected":false},"author":1,"featured_media":4116,"comment_status":"open","ping_status":"open","sticky":false,"template":"","format":"standard","meta":{"iawp_total_views":296,"footnotes":""},"categories":[5,7],"tags":[],"class_list":["post-4108","post","type-post","status-publish","format-standard","has-post-thumbnail","hentry","category-actualidad","category-lorca"],"yoast_head":"<!-- This site is optimized with the Yoast SEO plugin v27.5 - https:\/\/yoast.com\/product\/yoast-seo-wordpress\/ -->\n<title>Vecinos de La Parroquia plantean movilizaciones a las puertas del Gobierno Regional reivindicando el arreglo de la carretera RM-C22 - AREA LORCA RADIO<\/title>\n<meta name=\"robots\" content=\"index, follow, max-snippet:-1, max-image-preview:large, max-video-preview:-1\" \/>\n<link rel=\"canonical\" href=\"https:\/\/arealorcaradio.es\/index.php\/2024\/09\/17\/vecinos-de-la-parroquia-plantean-movilizaciones-a-las-puertas-del-gobierno-regional-reivindicando-el-arreglo-de-la-carretera-rm-c22\/\" \/>\n<meta property=\"og:locale\" content=\"es_ES\" \/>\n<meta property=\"og:type\" content=\"article\" \/>\n<meta property=\"og:title\" content=\"Vecinos de La Parroquia plantean movilizaciones a las puertas del Gobierno Regional reivindicando el arreglo de la carretera RM-C22 - AREA LORCA RADIO\" \/>\n<meta property=\"og:description\" content=\"\u00c1REA LORCA RADIO. Escucha aqu\u00ed la entrevista que han concedido a Paco S\u00e1nchez en el magazine \u00c1rea Lorca Actualidad, la presidenta y el secretario de la AAVV de La Parroquia, Juana Mellinas y Luis Mellinas respectivamente. Seg\u00fan los representantes vecinales la carretera RM-C22 es un peligro constante para aquellos vecinos y usuarios que transitan diariamente [&hellip;]\" \/>\n<meta property=\"og:url\" content=\"https:\/\/arealorcaradio.es\/index.php\/2024\/09\/17\/vecinos-de-la-parroquia-plantean-movilizaciones-a-las-puertas-del-gobierno-regional-reivindicando-el-arreglo-de-la-carretera-rm-c22\/\" \/>\n<meta property=\"og:site_name\" content=\"AREA LORCA RADIO\" \/>\n<meta property=\"article:published_time\" content=\"2024-09-17T20:27:19+00:00\" \/>\n<meta property=\"og:image\" content=\"https:\/\/arealorcaradio.es\/wp-content\/uploads\/2024\/09\/Juana-Mellinas-y-Luis-Mellinas-scaled.jpg\" \/>\n\t<meta property=\"og:image:width\" content=\"2560\" \/>\n\t<meta property=\"og:image:height\" content=\"1920\" \/>\n\t<meta property=\"og:image:type\" content=\"image\/jpeg\" \/>\n<meta name=\"author\" content=\"Paco S\u00e1nchez\" \/>\n<meta name=\"twitter:card\" content=\"summary_large_image\" \/>\n<meta name=\"twitter:label1\" content=\"Escrito por\" \/>\n\t<meta name=\"twitter:data1\" content=\"Paco S\u00e1nchez\" \/>\n\t<meta name=\"twitter:label2\" content=\"Tiempo de lectura\" \/>\n\t<meta name=\"twitter:data2\" content=\"2 minutos\" \/>\n<script type=\"application\/ld+json\" class=\"yoast-schema-graph\">{\"@context\":\"https:\\\/\\\/schema.org\",\"@graph\":[{\"@type\":\"Article\",\"@id\":\"https:\\\/\\\/arealorcaradio.es\\\/index.php\\\/2024\\\/09\\\/17\\\/vecinos-de-la-parroquia-plantean-movilizaciones-a-las-puertas-del-gobierno-regional-reivindicando-el-arreglo-de-la-carretera-rm-c22\\\/#article\",\"isPartOf\":{\"@id\":\"https:\\\/\\\/arealorcaradio.es\\\/index.php\\\/2024\\\/09\\\/17\\\/vecinos-de-la-parroquia-plantean-movilizaciones-a-las-puertas-del-gobierno-regional-reivindicando-el-arreglo-de-la-carretera-rm-c22\\\/\"},\"author\":{\"name\":\"Paco S\u00e1nchez\",\"@id\":\"https:\\\/\\\/arealorcaradio.es\\\/#\\\/schema\\\/person\\\/9fae605fc25b0f2c83c1ab207139bd27\"},\"headline\":\"Vecinos de La Parroquia plantean movilizaciones a las puertas del Gobierno Regional reivindicando el arreglo de la carretera RM-C22\",\"datePublished\":\"2024-09-17T20:27:19+00:00\",\"mainEntityOfPage\":{\"@id\":\"https:\\\/\\\/arealorcaradio.es\\\/index.php\\\/2024\\\/09\\\/17\\\/vecinos-de-la-parroquia-plantean-movilizaciones-a-las-puertas-del-gobierno-regional-reivindicando-el-arreglo-de-la-carretera-rm-c22\\\/\"},\"wordCount\":156,\"commentCount\":0,\"image\":{\"@id\":\"https:\\\/\\\/arealorcaradio.es\\\/index.php\\\/2024\\\/09\\\/17\\\/vecinos-de-la-parroquia-plantean-movilizaciones-a-las-puertas-del-gobierno-regional-reivindicando-el-arreglo-de-la-carretera-rm-c22\\\/#primaryimage\"},\"thumbnailUrl\":\"https:\\\/\\\/arealorcaradio.es\\\/wp-content\\\/uploads\\\/2024\\\/09\\\/Juana-Mellinas-y-Luis-Mellinas-scaled.jpg\",\"articleSection\":[\"ACTUALIDAD\",\"LORCA\"],\"inLanguage\":\"es\",\"potentialAction\":[{\"@type\":\"CommentAction\",\"name\":\"Comment\",\"target\":[\"https:\\\/\\\/arealorcaradio.es\\\/index.php\\\/2024\\\/09\\\/17\\\/vecinos-de-la-parroquia-plantean-movilizaciones-a-las-puertas-del-gobierno-regional-reivindicando-el-arreglo-de-la-carretera-rm-c22\\\/#respond\"]}]},{\"@type\":\"WebPage\",\"@id\":\"https:\\\/\\\/arealorcaradio.es\\\/index.php\\\/2024\\\/09\\\/17\\\/vecinos-de-la-parroquia-plantean-movilizaciones-a-las-puertas-del-gobierno-regional-reivindicando-el-arreglo-de-la-carretera-rm-c22\\\/\",\"url\":\"https:\\\/\\\/arealorcaradio.es\\\/index.php\\\/2024\\\/09\\\/17\\\/vecinos-de-la-parroquia-plantean-movilizaciones-a-las-puertas-del-gobierno-regional-reivindicando-el-arreglo-de-la-carretera-rm-c22\\\/\",\"name\":\"Vecinos de La Parroquia plantean movilizaciones a las puertas del Gobierno Regional reivindicando el arreglo de la carretera RM-C22 - AREA LORCA RADIO\",\"isPartOf\":{\"@id\":\"https:\\\/\\\/arealorcaradio.es\\\/#website\"},\"primaryImageOfPage\":{\"@id\":\"https:\\\/\\\/arealorcaradio.es\\\/index.php\\\/2024\\\/09\\\/17\\\/vecinos-de-la-parroquia-plantean-movilizaciones-a-las-puertas-del-gobierno-regional-reivindicando-el-arreglo-de-la-carretera-rm-c22\\\/#primaryimage\"},\"image\":{\"@id\":\"https:\\\/\\\/arealorcaradio.es\\\/index.php\\\/2024\\\/09\\\/17\\\/vecinos-de-la-parroquia-plantean-movilizaciones-a-las-puertas-del-gobierno-regional-reivindicando-el-arreglo-de-la-carretera-rm-c22\\\/#primaryimage\"},\"thumbnailUrl\":\"https:\\\/\\\/arealorcaradio.es\\\/wp-content\\\/uploads\\\/2024\\\/09\\\/Juana-Mellinas-y-Luis-Mellinas-scaled.jpg\",\"datePublished\":\"2024-09-17T20:27:19+00:00\",\"author\":{\"@id\":\"https:\\\/\\\/arealorcaradio.es\\\/#\\\/schema\\\/person\\\/9fae605fc25b0f2c83c1ab207139bd27\"},\"breadcrumb\":{\"@id\":\"https:\\\/\\\/arealorcaradio.es\\\/index.php\\\/2024\\\/09\\\/17\\\/vecinos-de-la-parroquia-plantean-movilizaciones-a-las-puertas-del-gobierno-regional-reivindicando-el-arreglo-de-la-carretera-rm-c22\\\/#breadcrumb\"},\"inLanguage\":\"es\",\"potentialAction\":[{\"@type\":\"ReadAction\",\"target\":[\"https:\\\/\\\/arealorcaradio.es\\\/index.php\\\/2024\\\/09\\\/17\\\/vecinos-de-la-parroquia-plantean-movilizaciones-a-las-puertas-del-gobierno-regional-reivindicando-el-arreglo-de-la-carretera-rm-c22\\\/\"]}]},{\"@type\":\"ImageObject\",\"inLanguage\":\"es\",\"@id\":\"https:\\\/\\\/arealorcaradio.es\\\/index.php\\\/2024\\\/09\\\/17\\\/vecinos-de-la-parroquia-plantean-movilizaciones-a-las-puertas-del-gobierno-regional-reivindicando-el-arreglo-de-la-carretera-rm-c22\\\/#primaryimage\",\"url\":\"https:\\\/\\\/arealorcaradio.es\\\/wp-content\\\/uploads\\\/2024\\\/09\\\/Juana-Mellinas-y-Luis-Mellinas-scaled.jpg\",\"contentUrl\":\"https:\\\/\\\/arealorcaradio.es\\\/wp-content\\\/uploads\\\/2024\\\/09\\\/Juana-Mellinas-y-Luis-Mellinas-scaled.jpg\",\"width\":2560,\"height\":1920},{\"@type\":\"BreadcrumbList\",\"@id\":\"https:\\\/\\\/arealorcaradio.es\\\/index.php\\\/2024\\\/09\\\/17\\\/vecinos-de-la-parroquia-plantean-movilizaciones-a-las-puertas-del-gobierno-regional-reivindicando-el-arreglo-de-la-carretera-rm-c22\\\/#breadcrumb\",\"itemListElement\":[{\"@type\":\"ListItem\",\"position\":1,\"name\":\"Portada\",\"item\":\"https:\\\/\\\/arealorcaradio.es\\\/\"},{\"@type\":\"ListItem\",\"position\":2,\"name\":\"Vecinos de La Parroquia plantean movilizaciones a las puertas del Gobierno Regional reivindicando el arreglo de la carretera RM-C22\"}]},{\"@type\":\"WebSite\",\"@id\":\"https:\\\/\\\/arealorcaradio.es\\\/#website\",\"url\":\"https:\\\/\\\/arealorcaradio.es\\\/\",\"name\":\"AREA LORCA RADIO\",\"description\":\"Descubre la programaci\u00f3n actual en \u00c1rea Lorca Radio, tu fuente de entrenamiento y noticias locales. Sintoniza ahora y mantente conectado online.\",\"potentialAction\":[{\"@type\":\"SearchAction\",\"target\":{\"@type\":\"EntryPoint\",\"urlTemplate\":\"https:\\\/\\\/arealorcaradio.es\\\/?s={search_term_string}\"},\"query-input\":{\"@type\":\"PropertyValueSpecification\",\"valueRequired\":true,\"valueName\":\"search_term_string\"}}],\"inLanguage\":\"es\"},{\"@type\":\"Person\",\"@id\":\"https:\\\/\\\/arealorcaradio.es\\\/#\\\/schema\\\/person\\\/9fae605fc25b0f2c83c1ab207139bd27\",\"name\":\"Paco S\u00e1nchez\",\"image\":{\"@type\":\"ImageObject\",\"inLanguage\":\"es\",\"@id\":\"https:\\\/\\\/secure.gravatar.com\\\/avatar\\\/d67144e966420fb74aa84c9f2a0103be4724fd14db52b52d3b6bca749f257e79?s=96&d=mm&r=g\",\"url\":\"https:\\\/\\\/secure.gravatar.com\\\/avatar\\\/d67144e966420fb74aa84c9f2a0103be4724fd14db52b52d3b6bca749f257e79?s=96&d=mm&r=g\",\"contentUrl\":\"https:\\\/\\\/secure.gravatar.com\\\/avatar\\\/d67144e966420fb74aa84c9f2a0103be4724fd14db52b52d3b6bca749f257e79?s=96&d=mm&r=g\",\"caption\":\"Paco S\u00e1nchez\"},\"sameAs\":[\"https:\\\/\\\/arealorcaradio.es\"],\"url\":\"https:\\\/\\\/arealorcaradio.es\\\/index.php\\\/author\\\/admin_alorcaradio\\\/\"}]}<\/script>\n<!-- \/ Yoast SEO plugin. -->","yoast_head_json":{"title":"Vecinos de La Parroquia plantean movilizaciones a las puertas del Gobierno Regional reivindicando el arreglo de la carretera RM-C22 - AREA LORCA RADIO","robots":{"index":"index","follow":"follow","max-snippet":"max-snippet:-1","max-image-preview":"max-image-preview:large","max-video-preview":"max-video-preview:-1"},"canonical":"https:\/\/arealorcaradio.es\/index.php\/2024\/09\/17\/vecinos-de-la-parroquia-plantean-movilizaciones-a-las-puertas-del-gobierno-regional-reivindicando-el-arreglo-de-la-carretera-rm-c22\/","og_locale":"es_ES","og_type":"article","og_title":"Vecinos de La Parroquia plantean movilizaciones a las puertas del Gobierno Regional reivindicando el arreglo de la carretera RM-C22 - AREA LORCA RADIO","og_description":"\u00c1REA LORCA RADIO. Escucha aqu\u00ed la entrevista que han concedido a Paco S\u00e1nchez en el magazine \u00c1rea Lorca Actualidad, la presidenta y el secretario de la AAVV de La Parroquia, Juana Mellinas y Luis Mellinas respectivamente. Seg\u00fan los representantes vecinales la carretera RM-C22 es un peligro constante para aquellos vecinos y usuarios que transitan diariamente [&hellip;]","og_url":"https:\/\/arealorcaradio.es\/index.php\/2024\/09\/17\/vecinos-de-la-parroquia-plantean-movilizaciones-a-las-puertas-del-gobierno-regional-reivindicando-el-arreglo-de-la-carretera-rm-c22\/","og_site_name":"AREA LORCA RADIO","article_published_time":"2024-09-17T20:27:19+00:00","og_image":[{"width":2560,"height":1920,"url":"https:\/\/arealorcaradio.es\/wp-content\/uploads\/2024\/09\/Juana-Mellinas-y-Luis-Mellinas-scaled.jpg","type":"image\/jpeg"}],"author":"Paco S\u00e1nchez","twitter_card":"summary_large_image","twitter_misc":{"Escrito por":"Paco S\u00e1nchez","Tiempo de lectura":"2 minutos"},"schema":{"@context":"https:\/\/schema.org","@graph":[{"@type":"Article","@id":"https:\/\/arealorcaradio.es\/index.php\/2024\/09\/17\/vecinos-de-la-parroquia-plantean-movilizaciones-a-las-puertas-del-gobierno-regional-reivindicando-el-arreglo-de-la-carretera-rm-c22\/#article","isPartOf":{"@id":"https:\/\/arealorcaradio.es\/index.php\/2024\/09\/17\/vecinos-de-la-parroquia-plantean-movilizaciones-a-las-puertas-del-gobierno-regional-reivindicando-el-arreglo-de-la-carretera-rm-c22\/"},"author":{"name":"Paco S\u00e1nchez","@id":"https:\/\/arealorcaradio.es\/#\/schema\/person\/9fae605fc25b0f2c83c1ab207139bd27"},"headline":"Vecinos de La Parroquia plantean movilizaciones a las puertas del Gobierno Regional reivindicando el arreglo de la carretera RM-C22","datePublished":"2024-09-17T20:27:19+00:00","mainEntityOfPage":{"@id":"https:\/\/arealorcaradio.es\/index.php\/2024\/09\/17\/vecinos-de-la-parroquia-plantean-movilizaciones-a-las-puertas-del-gobierno-regional-reivindicando-el-arreglo-de-la-carretera-rm-c22\/"},"wordCount":156,"commentCount":0,"image":{"@id":"https:\/\/arealorcaradio.es\/index.php\/2024\/09\/17\/vecinos-de-la-parroquia-plantean-movilizaciones-a-las-puertas-del-gobierno-regional-reivindicando-el-arreglo-de-la-carretera-rm-c22\/#primaryimage"},"thumbnailUrl":"https:\/\/arealorcaradio.es\/wp-content\/uploads\/2024\/09\/Juana-Mellinas-y-Luis-Mellinas-scaled.jpg","articleSection":["ACTUALIDAD","LORCA"],"inLanguage":"es","potentialAction":[{"@type":"CommentAction","name":"Comment","target":["https:\/\/arealorcaradio.es\/index.php\/2024\/09\/17\/vecinos-de-la-parroquia-plantean-movilizaciones-a-las-puertas-del-gobierno-regional-reivindicando-el-arreglo-de-la-carretera-rm-c22\/#respond"]}]},{"@type":"WebPage","@id":"https:\/\/arealorcaradio.es\/index.php\/2024\/09\/17\/vecinos-de-la-parroquia-plantean-movilizaciones-a-las-puertas-del-gobierno-regional-reivindicando-el-arreglo-de-la-carretera-rm-c22\/","url":"https:\/\/arealorcaradio.es\/index.php\/2024\/09\/17\/vecinos-de-la-parroquia-plantean-movilizaciones-a-las-puertas-del-gobierno-regional-reivindicando-el-arreglo-de-la-carretera-rm-c22\/","name":"Vecinos de La Parroquia plantean movilizaciones a las puertas del Gobierno Regional reivindicando el arreglo de la carretera RM-C22 - AREA LORCA RADIO","isPartOf":{"@id":"https:\/\/arealorcaradio.es\/#website"},"primaryImageOfPage":{"@id":"https:\/\/arealorcaradio.es\/index.php\/2024\/09\/17\/vecinos-de-la-parroquia-plantean-movilizaciones-a-las-puertas-del-gobierno-regional-reivindicando-el-arreglo-de-la-carretera-rm-c22\/#primaryimage"},"image":{"@id":"https:\/\/arealorcaradio.es\/index.php\/2024\/09\/17\/vecinos-de-la-parroquia-plantean-movilizaciones-a-las-puertas-del-gobierno-regional-reivindicando-el-arreglo-de-la-carretera-rm-c22\/#primaryimage"},"thumbnailUrl":"https:\/\/arealorcaradio.es\/wp-content\/uploads\/2024\/09\/Juana-Mellinas-y-Luis-Mellinas-scaled.jpg","datePublished":"2024-09-17T20:27:19+00:00","author":{"@id":"https:\/\/arealorcaradio.es\/#\/schema\/person\/9fae605fc25b0f2c83c1ab207139bd27"},"breadcrumb":{"@id":"https:\/\/arealorcaradio.es\/index.php\/2024\/09\/17\/vecinos-de-la-parroquia-plantean-movilizaciones-a-las-puertas-del-gobierno-regional-reivindicando-el-arreglo-de-la-carretera-rm-c22\/#breadcrumb"},"inLanguage":"es","potentialAction":[{"@type":"ReadAction","target":["https:\/\/arealorcaradio.es\/index.php\/2024\/09\/17\/vecinos-de-la-parroquia-plantean-movilizaciones-a-las-puertas-del-gobierno-regional-reivindicando-el-arreglo-de-la-carretera-rm-c22\/"]}]},{"@type":"ImageObject","inLanguage":"es","@id":"https:\/\/arealorcaradio.es\/index.php\/2024\/09\/17\/vecinos-de-la-parroquia-plantean-movilizaciones-a-las-puertas-del-gobierno-regional-reivindicando-el-arreglo-de-la-carretera-rm-c22\/#primaryimage","url":"https:\/\/arealorcaradio.es\/wp-content\/uploads\/2024\/09\/Juana-Mellinas-y-Luis-Mellinas-scaled.jpg","contentUrl":"https:\/\/arealorcaradio.es\/wp-content\/uploads\/2024\/09\/Juana-Mellinas-y-Luis-Mellinas-scaled.jpg","width":2560,"height":1920},{"@type":"BreadcrumbList","@id":"https:\/\/arealorcaradio.es\/index.php\/2024\/09\/17\/vecinos-de-la-parroquia-plantean-movilizaciones-a-las-puertas-del-gobierno-regional-reivindicando-el-arreglo-de-la-carretera-rm-c22\/#breadcrumb","itemListElement":[{"@type":"ListItem","position":1,"name":"Portada","item":"https:\/\/arealorcaradio.es\/"},{"@type":"ListItem","position":2,"name":"Vecinos de La Parroquia plantean movilizaciones a las puertas del Gobierno Regional reivindicando el arreglo de la carretera RM-C22"}]},{"@type":"WebSite","@id":"https:\/\/arealorcaradio.es\/#website","url":"https:\/\/arealorcaradio.es\/","name":"AREA LORCA RADIO","description":"Descubre la programaci\u00f3n actual en \u00c1rea Lorca Radio, tu fuente de entrenamiento y noticias locales. Sintoniza ahora y mantente conectado online.","potentialAction":[{"@type":"SearchAction","target":{"@type":"EntryPoint","urlTemplate":"https:\/\/arealorcaradio.es\/?s={search_term_string}"},"query-input":{"@type":"PropertyValueSpecification","valueRequired":true,"valueName":"search_term_string"}}],"inLanguage":"es"},{"@type":"Person","@id":"https:\/\/arealorcaradio.es\/#\/schema\/person\/9fae605fc25b0f2c83c1ab207139bd27","name":"Paco S\u00e1nchez","image":{"@type":"ImageObject","inLanguage":"es","@id":"https:\/\/secure.gravatar.com\/avatar\/d67144e966420fb74aa84c9f2a0103be4724fd14db52b52d3b6bca749f257e79?s=96&d=mm&r=g","url":"https:\/\/secure.gravatar.com\/avatar\/d67144e966420fb74aa84c9f2a0103be4724fd14db52b52d3b6bca749f257e79?s=96&d=mm&r=g","contentUrl":"https:\/\/secure.gravatar.com\/avatar\/d67144e966420fb74aa84c9f2a0103be4724fd14db52b52d3b6bca749f257e79?s=96&d=mm&r=g","caption":"Paco S\u00e1nchez"},"sameAs":["https:\/\/arealorcaradio.es"],"url":"https:\/\/arealorcaradio.es\/index.php\/author\/admin_alorcaradio\/"}]}},"_links":{"self":[{"href":"https:\/\/arealorcaradio.es\/index.php\/wp-json\/wp\/v2\/posts\/4108","targetHints":{"allow":["GET"]}}],"collection":[{"href":"https:\/\/arealorcaradio.es\/index.php\/wp-json\/wp\/v2\/posts"}],"about":[{"href":"https:\/\/arealorcaradio.es\/index.php\/wp-json\/wp\/v2\/types\/post"}],"author":[{"embeddable":true,"href":"https:\/\/arealorcaradio.es\/index.php\/wp-json\/wp\/v2\/users\/1"}],"replies":[{"embeddable":true,"href":"https:\/\/arealorcaradio.es\/index.php\/wp-json\/wp\/v2\/comments?post=4108"}],"version-history":[{"count":1,"href":"https:\/\/arealorcaradio.es\/index.php\/wp-json\/wp\/v2\/posts\/4108\/revisions"}],"predecessor-version":[{"id":4117,"href":"https:\/\/arealorcaradio.es\/index.php\/wp-json\/wp\/v2\/posts\/4108\/revisions\/4117"}],"wp:featuredmedia":[{"embeddable":true,"href":"https:\/\/arealorcaradio.es\/index.php\/wp-json\/wp\/v2\/media\/4116"}],"wp:attachment":[{"href":"https:\/\/arealorcaradio.es\/index.php\/wp-json\/wp\/v2\/media?parent=4108"}],"wp:term":[{"taxonomy":"category","embeddable":true,"href":"https:\/\/arealorcaradio.es\/index.php\/wp-json\/wp\/v2\/categories?post=4108"},{"taxonomy":"post_tag","embeddable":true,"href":"https:\/\/arealorcaradio.es\/index.php\/wp-json\/wp\/v2\/tags?post=4108"}],"curies":[{"name":"wp","href":"https:\/\/api.w.org\/{rel}","templated":true}]}}