{"id":4099,"date":"2024-09-16T16:57:35","date_gmt":"2024-09-16T16:57:35","guid":{"rendered":"https:\/\/arealorcaradio.es\/?p=4099"},"modified":"2024-09-16T16:57:35","modified_gmt":"2024-09-16T16:57:35","slug":"zorro-esta-temporada-estoy-donde-queria-estar-y-espero-conseguir-el-objetivo-del-ascenso-con-el-lorca-deportiva","status":"publish","type":"post","link":"https:\/\/arealorcaradio.es\/index.php\/2024\/09\/16\/zorro-esta-temporada-estoy-donde-queria-estar-y-espero-conseguir-el-objetivo-del-ascenso-con-el-lorca-deportiva\/","title":{"rendered":"Zorro: \u00abEsta temporada estoy donde quer\u00eda estar y espero conseguir el objetivo del ascenso con el Lorca Deportiva\u00bb"},"content":{"rendered":"<p>\u00c1REA LORCA DEPORTES.<\/p>\n<p>Escucha aqu\u00ed la entrevista que ha concedido el portero del Lorca Deportiva Crist\u00f3bal Egea \u00abZorro\u00bb a Paco S\u00e1nchez en el programa \u00c1rea Lorca Deportes, donde ha analizado su situaci\u00f3n personal, la del equipo as\u00ed como el objetivo que todos se marcan esta temporada.<\/p>\n<audio class=\"wp-audio-shortcode\" id=\"audio-4099-1\" preload=\"none\" style=\"width: 100%;\" controls=\"controls\"><source type=\"audio\/mpeg\" src=\"https:\/\/arealorcaradio.es\/wp-content\/uploads\/2024\/09\/160924-CRISTOBAL-EGEA.-ZORRO.-POST-MARITIMO.mp3?_=1\" \/><a href=\"https:\/\/arealorcaradio.es\/wp-content\/uploads\/2024\/09\/160924-CRISTOBAL-EGEA.-ZORRO.-POST-MARITIMO.mp3\">https:\/\/arealorcaradio.es\/wp-content\/uploads\/2024\/09\/160924-CRISTOBAL-EGEA.-ZORRO.-POST-MARITIMO.mp3<\/a><\/audio>\n<p><img loading=\"lazy\" decoding=\"async\" class=\"alignnone size-medium wp-image-4101\" src=\"https:\/\/arealorcaradio.es\/wp-content\/uploads\/2024\/09\/IMG-20240916-WA0031-300x200.jpg\" alt=\"\" width=\"300\" height=\"200\" srcset=\"https:\/\/arealorcaradio.es\/wp-content\/uploads\/2024\/09\/IMG-20240916-WA0031-300x200.jpg 300w, https:\/\/arealorcaradio.es\/wp-content\/uploads\/2024\/09\/IMG-20240916-WA0031-1024x683.jpg 1024w, https:\/\/arealorcaradio.es\/wp-content\/uploads\/2024\/09\/IMG-20240916-WA0031-768x512.jpg 768w, https:\/\/arealorcaradio.es\/wp-content\/uploads\/2024\/09\/IMG-20240916-WA0031-1536x1025.jpg 1536w, https:\/\/arealorcaradio.es\/wp-content\/uploads\/2024\/09\/IMG-20240916-WA0031.jpg 2048w\" sizes=\"auto, (max-width: 300px) 100vw, 300px\" \/><\/p>\n<p>Zorro defendiendo la porter\u00eda del Lorca Deportiva este domingo en el campo del Mar\u00edtimo de Cartagena, en la Urbanizaci\u00f3n Mediterr\u00e1neo donde su equipo gan\u00f3 0-5.<\/p>\n","protected":false},"excerpt":{"rendered":"<p>\u00c1REA LORCA DEPORTES. Escucha aqu\u00ed la entrevista que ha concedido el portero del Lorca Deportiva Crist\u00f3bal Egea \u00abZorro\u00bb a Paco S\u00e1nchez en el programa \u00c1rea Lorca Deportes, donde ha analizado su situaci\u00f3n personal, la del equipo as\u00ed como el objetivo que todos se marcan esta temporada. Zorro defendiendo la porter\u00eda del Lorca Deportiva este domingo [&hellip;]<\/p>\n","protected":false},"author":1,"featured_media":4102,"comment_status":"open","ping_status":"open","sticky":false,"template":"","format":"standard","meta":{"iawp_total_views":97,"footnotes":""},"categories":[4,7],"tags":[],"class_list":["post-4099","post","type-post","status-publish","format-standard","has-post-thumbnail","hentry","category-deportes","category-lorca"],"yoast_head":"<!-- This site is optimized with the Yoast SEO plugin v27.5 - https:\/\/yoast.com\/product\/yoast-seo-wordpress\/ -->\n<title>Zorro: &quot;Esta temporada estoy donde quer\u00eda estar y espero conseguir el objetivo del ascenso con el Lorca Deportiva&quot; - AREA LORCA RADIO<\/title>\n<meta name=\"robots\" content=\"index, follow, max-snippet:-1, max-image-preview:large, max-video-preview:-1\" \/>\n<link rel=\"canonical\" href=\"https:\/\/arealorcaradio.es\/index.php\/2024\/09\/16\/zorro-esta-temporada-estoy-donde-queria-estar-y-espero-conseguir-el-objetivo-del-ascenso-con-el-lorca-deportiva\/\" \/>\n<meta property=\"og:locale\" content=\"es_ES\" \/>\n<meta property=\"og:type\" content=\"article\" \/>\n<meta property=\"og:title\" content=\"Zorro: &quot;Esta temporada estoy donde quer\u00eda estar y espero conseguir el objetivo del ascenso con el Lorca Deportiva&quot; - AREA LORCA RADIO\" \/>\n<meta property=\"og:description\" content=\"\u00c1REA LORCA DEPORTES. Escucha aqu\u00ed la entrevista que ha concedido el portero del Lorca Deportiva Crist\u00f3bal Egea \u00abZorro\u00bb a Paco S\u00e1nchez en el programa \u00c1rea Lorca Deportes, donde ha analizado su situaci\u00f3n personal, la del equipo as\u00ed como el objetivo que todos se marcan esta temporada. Zorro defendiendo la porter\u00eda del Lorca Deportiva este domingo [&hellip;]\" \/>\n<meta property=\"og:url\" content=\"https:\/\/arealorcaradio.es\/index.php\/2024\/09\/16\/zorro-esta-temporada-estoy-donde-queria-estar-y-espero-conseguir-el-objetivo-del-ascenso-con-el-lorca-deportiva\/\" \/>\n<meta property=\"og:site_name\" content=\"AREA LORCA RADIO\" \/>\n<meta property=\"article:published_time\" content=\"2024-09-16T16:57:35+00:00\" \/>\n<meta property=\"og:image\" content=\"https:\/\/arealorcaradio.es\/wp-content\/uploads\/2024\/09\/20240916_130402-scaled.jpg\" \/>\n\t<meta property=\"og:image:width\" content=\"2560\" \/>\n\t<meta property=\"og:image:height\" content=\"1920\" \/>\n\t<meta property=\"og:image:type\" content=\"image\/jpeg\" \/>\n<meta name=\"author\" content=\"Paco S\u00e1nchez\" \/>\n<meta name=\"twitter:card\" content=\"summary_large_image\" \/>\n<meta name=\"twitter:label1\" content=\"Escrito por\" \/>\n\t<meta name=\"twitter:data1\" content=\"Paco S\u00e1nchez\" \/>\n\t<meta name=\"twitter:label2\" content=\"Tiempo de lectura\" \/>\n\t<meta name=\"twitter:data2\" content=\"1 minuto\" \/>\n<script type=\"application\/ld+json\" class=\"yoast-schema-graph\">{\"@context\":\"https:\\\/\\\/schema.org\",\"@graph\":[{\"@type\":\"Article\",\"@id\":\"https:\\\/\\\/arealorcaradio.es\\\/index.php\\\/2024\\\/09\\\/16\\\/zorro-esta-temporada-estoy-donde-queria-estar-y-espero-conseguir-el-objetivo-del-ascenso-con-el-lorca-deportiva\\\/#article\",\"isPartOf\":{\"@id\":\"https:\\\/\\\/arealorcaradio.es\\\/index.php\\\/2024\\\/09\\\/16\\\/zorro-esta-temporada-estoy-donde-queria-estar-y-espero-conseguir-el-objetivo-del-ascenso-con-el-lorca-deportiva\\\/\"},\"author\":{\"name\":\"Paco S\u00e1nchez\",\"@id\":\"https:\\\/\\\/arealorcaradio.es\\\/#\\\/schema\\\/person\\\/9fae605fc25b0f2c83c1ab207139bd27\"},\"headline\":\"Zorro: \u00abEsta temporada estoy donde quer\u00eda estar y espero conseguir el objetivo del ascenso con el Lorca Deportiva\u00bb\",\"datePublished\":\"2024-09-16T16:57:35+00:00\",\"mainEntityOfPage\":{\"@id\":\"https:\\\/\\\/arealorcaradio.es\\\/index.php\\\/2024\\\/09\\\/16\\\/zorro-esta-temporada-estoy-donde-queria-estar-y-espero-conseguir-el-objetivo-del-ascenso-con-el-lorca-deportiva\\\/\"},\"wordCount\":109,\"commentCount\":0,\"image\":{\"@id\":\"https:\\\/\\\/arealorcaradio.es\\\/index.php\\\/2024\\\/09\\\/16\\\/zorro-esta-temporada-estoy-donde-queria-estar-y-espero-conseguir-el-objetivo-del-ascenso-con-el-lorca-deportiva\\\/#primaryimage\"},\"thumbnailUrl\":\"https:\\\/\\\/arealorcaradio.es\\\/wp-content\\\/uploads\\\/2024\\\/09\\\/20240916_130402-scaled.jpg\",\"articleSection\":[\"DEPORTES\",\"LORCA\"],\"inLanguage\":\"es\",\"potentialAction\":[{\"@type\":\"CommentAction\",\"name\":\"Comment\",\"target\":[\"https:\\\/\\\/arealorcaradio.es\\\/index.php\\\/2024\\\/09\\\/16\\\/zorro-esta-temporada-estoy-donde-queria-estar-y-espero-conseguir-el-objetivo-del-ascenso-con-el-lorca-deportiva\\\/#respond\"]}]},{\"@type\":\"WebPage\",\"@id\":\"https:\\\/\\\/arealorcaradio.es\\\/index.php\\\/2024\\\/09\\\/16\\\/zorro-esta-temporada-estoy-donde-queria-estar-y-espero-conseguir-el-objetivo-del-ascenso-con-el-lorca-deportiva\\\/\",\"url\":\"https:\\\/\\\/arealorcaradio.es\\\/index.php\\\/2024\\\/09\\\/16\\\/zorro-esta-temporada-estoy-donde-queria-estar-y-espero-conseguir-el-objetivo-del-ascenso-con-el-lorca-deportiva\\\/\",\"name\":\"Zorro: \\\"Esta temporada estoy donde quer\u00eda estar y espero conseguir el objetivo del ascenso con el Lorca Deportiva\\\" - AREA LORCA RADIO\",\"isPartOf\":{\"@id\":\"https:\\\/\\\/arealorcaradio.es\\\/#website\"},\"primaryImageOfPage\":{\"@id\":\"https:\\\/\\\/arealorcaradio.es\\\/index.php\\\/2024\\\/09\\\/16\\\/zorro-esta-temporada-estoy-donde-queria-estar-y-espero-conseguir-el-objetivo-del-ascenso-con-el-lorca-deportiva\\\/#primaryimage\"},\"image\":{\"@id\":\"https:\\\/\\\/arealorcaradio.es\\\/index.php\\\/2024\\\/09\\\/16\\\/zorro-esta-temporada-estoy-donde-queria-estar-y-espero-conseguir-el-objetivo-del-ascenso-con-el-lorca-deportiva\\\/#primaryimage\"},\"thumbnailUrl\":\"https:\\\/\\\/arealorcaradio.es\\\/wp-content\\\/uploads\\\/2024\\\/09\\\/20240916_130402-scaled.jpg\",\"datePublished\":\"2024-09-16T16:57:35+00:00\",\"author\":{\"@id\":\"https:\\\/\\\/arealorcaradio.es\\\/#\\\/schema\\\/person\\\/9fae605fc25b0f2c83c1ab207139bd27\"},\"breadcrumb\":{\"@id\":\"https:\\\/\\\/arealorcaradio.es\\\/index.php\\\/2024\\\/09\\\/16\\\/zorro-esta-temporada-estoy-donde-queria-estar-y-espero-conseguir-el-objetivo-del-ascenso-con-el-lorca-deportiva\\\/#breadcrumb\"},\"inLanguage\":\"es\",\"potentialAction\":[{\"@type\":\"ReadAction\",\"target\":[\"https:\\\/\\\/arealorcaradio.es\\\/index.php\\\/2024\\\/09\\\/16\\\/zorro-esta-temporada-estoy-donde-queria-estar-y-espero-conseguir-el-objetivo-del-ascenso-con-el-lorca-deportiva\\\/\"]}]},{\"@type\":\"ImageObject\",\"inLanguage\":\"es\",\"@id\":\"https:\\\/\\\/arealorcaradio.es\\\/index.php\\\/2024\\\/09\\\/16\\\/zorro-esta-temporada-estoy-donde-queria-estar-y-espero-conseguir-el-objetivo-del-ascenso-con-el-lorca-deportiva\\\/#primaryimage\",\"url\":\"https:\\\/\\\/arealorcaradio.es\\\/wp-content\\\/uploads\\\/2024\\\/09\\\/20240916_130402-scaled.jpg\",\"contentUrl\":\"https:\\\/\\\/arealorcaradio.es\\\/wp-content\\\/uploads\\\/2024\\\/09\\\/20240916_130402-scaled.jpg\",\"width\":2560,\"height\":1920},{\"@type\":\"BreadcrumbList\",\"@id\":\"https:\\\/\\\/arealorcaradio.es\\\/index.php\\\/2024\\\/09\\\/16\\\/zorro-esta-temporada-estoy-donde-queria-estar-y-espero-conseguir-el-objetivo-del-ascenso-con-el-lorca-deportiva\\\/#breadcrumb\",\"itemListElement\":[{\"@type\":\"ListItem\",\"position\":1,\"name\":\"Portada\",\"item\":\"https:\\\/\\\/arealorcaradio.es\\\/\"},{\"@type\":\"ListItem\",\"position\":2,\"name\":\"Zorro: \u00abEsta temporada estoy donde quer\u00eda estar y espero conseguir el objetivo del ascenso con el Lorca Deportiva\u00bb\"}]},{\"@type\":\"WebSite\",\"@id\":\"https:\\\/\\\/arealorcaradio.es\\\/#website\",\"url\":\"https:\\\/\\\/arealorcaradio.es\\\/\",\"name\":\"AREA LORCA RADIO\",\"description\":\"Descubre la programaci\u00f3n actual en \u00c1rea Lorca Radio, tu fuente de entrenamiento y noticias locales. Sintoniza ahora y mantente conectado online.\",\"potentialAction\":[{\"@type\":\"SearchAction\",\"target\":{\"@type\":\"EntryPoint\",\"urlTemplate\":\"https:\\\/\\\/arealorcaradio.es\\\/?s={search_term_string}\"},\"query-input\":{\"@type\":\"PropertyValueSpecification\",\"valueRequired\":true,\"valueName\":\"search_term_string\"}}],\"inLanguage\":\"es\"},{\"@type\":\"Person\",\"@id\":\"https:\\\/\\\/arealorcaradio.es\\\/#\\\/schema\\\/person\\\/9fae605fc25b0f2c83c1ab207139bd27\",\"name\":\"Paco S\u00e1nchez\",\"image\":{\"@type\":\"ImageObject\",\"inLanguage\":\"es\",\"@id\":\"https:\\\/\\\/secure.gravatar.com\\\/avatar\\\/d67144e966420fb74aa84c9f2a0103be4724fd14db52b52d3b6bca749f257e79?s=96&d=mm&r=g\",\"url\":\"https:\\\/\\\/secure.gravatar.com\\\/avatar\\\/d67144e966420fb74aa84c9f2a0103be4724fd14db52b52d3b6bca749f257e79?s=96&d=mm&r=g\",\"contentUrl\":\"https:\\\/\\\/secure.gravatar.com\\\/avatar\\\/d67144e966420fb74aa84c9f2a0103be4724fd14db52b52d3b6bca749f257e79?s=96&d=mm&r=g\",\"caption\":\"Paco S\u00e1nchez\"},\"sameAs\":[\"https:\\\/\\\/arealorcaradio.es\"],\"url\":\"https:\\\/\\\/arealorcaradio.es\\\/index.php\\\/author\\\/admin_alorcaradio\\\/\"}]}<\/script>\n<!-- \/ Yoast SEO plugin. -->","yoast_head_json":{"title":"Zorro: \"Esta temporada estoy donde quer\u00eda estar y espero conseguir el objetivo del ascenso con el Lorca Deportiva\" - AREA LORCA RADIO","robots":{"index":"index","follow":"follow","max-snippet":"max-snippet:-1","max-image-preview":"max-image-preview:large","max-video-preview":"max-video-preview:-1"},"canonical":"https:\/\/arealorcaradio.es\/index.php\/2024\/09\/16\/zorro-esta-temporada-estoy-donde-queria-estar-y-espero-conseguir-el-objetivo-del-ascenso-con-el-lorca-deportiva\/","og_locale":"es_ES","og_type":"article","og_title":"Zorro: \"Esta temporada estoy donde quer\u00eda estar y espero conseguir el objetivo del ascenso con el Lorca Deportiva\" - AREA LORCA RADIO","og_description":"\u00c1REA LORCA DEPORTES. Escucha aqu\u00ed la entrevista que ha concedido el portero del Lorca Deportiva Crist\u00f3bal Egea \u00abZorro\u00bb a Paco S\u00e1nchez en el programa \u00c1rea Lorca Deportes, donde ha analizado su situaci\u00f3n personal, la del equipo as\u00ed como el objetivo que todos se marcan esta temporada. Zorro defendiendo la porter\u00eda del Lorca Deportiva este domingo [&hellip;]","og_url":"https:\/\/arealorcaradio.es\/index.php\/2024\/09\/16\/zorro-esta-temporada-estoy-donde-queria-estar-y-espero-conseguir-el-objetivo-del-ascenso-con-el-lorca-deportiva\/","og_site_name":"AREA LORCA RADIO","article_published_time":"2024-09-16T16:57:35+00:00","og_image":[{"width":2560,"height":1920,"url":"https:\/\/arealorcaradio.es\/wp-content\/uploads\/2024\/09\/20240916_130402-scaled.jpg","type":"image\/jpeg"}],"author":"Paco S\u00e1nchez","twitter_card":"summary_large_image","twitter_misc":{"Escrito por":"Paco S\u00e1nchez","Tiempo de lectura":"1 minuto"},"schema":{"@context":"https:\/\/schema.org","@graph":[{"@type":"Article","@id":"https:\/\/arealorcaradio.es\/index.php\/2024\/09\/16\/zorro-esta-temporada-estoy-donde-queria-estar-y-espero-conseguir-el-objetivo-del-ascenso-con-el-lorca-deportiva\/#article","isPartOf":{"@id":"https:\/\/arealorcaradio.es\/index.php\/2024\/09\/16\/zorro-esta-temporada-estoy-donde-queria-estar-y-espero-conseguir-el-objetivo-del-ascenso-con-el-lorca-deportiva\/"},"author":{"name":"Paco S\u00e1nchez","@id":"https:\/\/arealorcaradio.es\/#\/schema\/person\/9fae605fc25b0f2c83c1ab207139bd27"},"headline":"Zorro: \u00abEsta temporada estoy donde quer\u00eda estar y espero conseguir el objetivo del ascenso con el Lorca Deportiva\u00bb","datePublished":"2024-09-16T16:57:35+00:00","mainEntityOfPage":{"@id":"https:\/\/arealorcaradio.es\/index.php\/2024\/09\/16\/zorro-esta-temporada-estoy-donde-queria-estar-y-espero-conseguir-el-objetivo-del-ascenso-con-el-lorca-deportiva\/"},"wordCount":109,"commentCount":0,"image":{"@id":"https:\/\/arealorcaradio.es\/index.php\/2024\/09\/16\/zorro-esta-temporada-estoy-donde-queria-estar-y-espero-conseguir-el-objetivo-del-ascenso-con-el-lorca-deportiva\/#primaryimage"},"thumbnailUrl":"https:\/\/arealorcaradio.es\/wp-content\/uploads\/2024\/09\/20240916_130402-scaled.jpg","articleSection":["DEPORTES","LORCA"],"inLanguage":"es","potentialAction":[{"@type":"CommentAction","name":"Comment","target":["https:\/\/arealorcaradio.es\/index.php\/2024\/09\/16\/zorro-esta-temporada-estoy-donde-queria-estar-y-espero-conseguir-el-objetivo-del-ascenso-con-el-lorca-deportiva\/#respond"]}]},{"@type":"WebPage","@id":"https:\/\/arealorcaradio.es\/index.php\/2024\/09\/16\/zorro-esta-temporada-estoy-donde-queria-estar-y-espero-conseguir-el-objetivo-del-ascenso-con-el-lorca-deportiva\/","url":"https:\/\/arealorcaradio.es\/index.php\/2024\/09\/16\/zorro-esta-temporada-estoy-donde-queria-estar-y-espero-conseguir-el-objetivo-del-ascenso-con-el-lorca-deportiva\/","name":"Zorro: \"Esta temporada estoy donde quer\u00eda estar y espero conseguir el objetivo del ascenso con el Lorca Deportiva\" - AREA LORCA RADIO","isPartOf":{"@id":"https:\/\/arealorcaradio.es\/#website"},"primaryImageOfPage":{"@id":"https:\/\/arealorcaradio.es\/index.php\/2024\/09\/16\/zorro-esta-temporada-estoy-donde-queria-estar-y-espero-conseguir-el-objetivo-del-ascenso-con-el-lorca-deportiva\/#primaryimage"},"image":{"@id":"https:\/\/arealorcaradio.es\/index.php\/2024\/09\/16\/zorro-esta-temporada-estoy-donde-queria-estar-y-espero-conseguir-el-objetivo-del-ascenso-con-el-lorca-deportiva\/#primaryimage"},"thumbnailUrl":"https:\/\/arealorcaradio.es\/wp-content\/uploads\/2024\/09\/20240916_130402-scaled.jpg","datePublished":"2024-09-16T16:57:35+00:00","author":{"@id":"https:\/\/arealorcaradio.es\/#\/schema\/person\/9fae605fc25b0f2c83c1ab207139bd27"},"breadcrumb":{"@id":"https:\/\/arealorcaradio.es\/index.php\/2024\/09\/16\/zorro-esta-temporada-estoy-donde-queria-estar-y-espero-conseguir-el-objetivo-del-ascenso-con-el-lorca-deportiva\/#breadcrumb"},"inLanguage":"es","potentialAction":[{"@type":"ReadAction","target":["https:\/\/arealorcaradio.es\/index.php\/2024\/09\/16\/zorro-esta-temporada-estoy-donde-queria-estar-y-espero-conseguir-el-objetivo-del-ascenso-con-el-lorca-deportiva\/"]}]},{"@type":"ImageObject","inLanguage":"es","@id":"https:\/\/arealorcaradio.es\/index.php\/2024\/09\/16\/zorro-esta-temporada-estoy-donde-queria-estar-y-espero-conseguir-el-objetivo-del-ascenso-con-el-lorca-deportiva\/#primaryimage","url":"https:\/\/arealorcaradio.es\/wp-content\/uploads\/2024\/09\/20240916_130402-scaled.jpg","contentUrl":"https:\/\/arealorcaradio.es\/wp-content\/uploads\/2024\/09\/20240916_130402-scaled.jpg","width":2560,"height":1920},{"@type":"BreadcrumbList","@id":"https:\/\/arealorcaradio.es\/index.php\/2024\/09\/16\/zorro-esta-temporada-estoy-donde-queria-estar-y-espero-conseguir-el-objetivo-del-ascenso-con-el-lorca-deportiva\/#breadcrumb","itemListElement":[{"@type":"ListItem","position":1,"name":"Portada","item":"https:\/\/arealorcaradio.es\/"},{"@type":"ListItem","position":2,"name":"Zorro: \u00abEsta temporada estoy donde quer\u00eda estar y espero conseguir el objetivo del ascenso con el Lorca Deportiva\u00bb"}]},{"@type":"WebSite","@id":"https:\/\/arealorcaradio.es\/#website","url":"https:\/\/arealorcaradio.es\/","name":"AREA LORCA RADIO","description":"Descubre la programaci\u00f3n actual en \u00c1rea Lorca Radio, tu fuente de entrenamiento y noticias locales. Sintoniza ahora y mantente conectado online.","potentialAction":[{"@type":"SearchAction","target":{"@type":"EntryPoint","urlTemplate":"https:\/\/arealorcaradio.es\/?s={search_term_string}"},"query-input":{"@type":"PropertyValueSpecification","valueRequired":true,"valueName":"search_term_string"}}],"inLanguage":"es"},{"@type":"Person","@id":"https:\/\/arealorcaradio.es\/#\/schema\/person\/9fae605fc25b0f2c83c1ab207139bd27","name":"Paco S\u00e1nchez","image":{"@type":"ImageObject","inLanguage":"es","@id":"https:\/\/secure.gravatar.com\/avatar\/d67144e966420fb74aa84c9f2a0103be4724fd14db52b52d3b6bca749f257e79?s=96&d=mm&r=g","url":"https:\/\/secure.gravatar.com\/avatar\/d67144e966420fb74aa84c9f2a0103be4724fd14db52b52d3b6bca749f257e79?s=96&d=mm&r=g","contentUrl":"https:\/\/secure.gravatar.com\/avatar\/d67144e966420fb74aa84c9f2a0103be4724fd14db52b52d3b6bca749f257e79?s=96&d=mm&r=g","caption":"Paco S\u00e1nchez"},"sameAs":["https:\/\/arealorcaradio.es"],"url":"https:\/\/arealorcaradio.es\/index.php\/author\/admin_alorcaradio\/"}]}},"_links":{"self":[{"href":"https:\/\/arealorcaradio.es\/index.php\/wp-json\/wp\/v2\/posts\/4099","targetHints":{"allow":["GET"]}}],"collection":[{"href":"https:\/\/arealorcaradio.es\/index.php\/wp-json\/wp\/v2\/posts"}],"about":[{"href":"https:\/\/arealorcaradio.es\/index.php\/wp-json\/wp\/v2\/types\/post"}],"author":[{"embeddable":true,"href":"https:\/\/arealorcaradio.es\/index.php\/wp-json\/wp\/v2\/users\/1"}],"replies":[{"embeddable":true,"href":"https:\/\/arealorcaradio.es\/index.php\/wp-json\/wp\/v2\/comments?post=4099"}],"version-history":[{"count":1,"href":"https:\/\/arealorcaradio.es\/index.php\/wp-json\/wp\/v2\/posts\/4099\/revisions"}],"predecessor-version":[{"id":4103,"href":"https:\/\/arealorcaradio.es\/index.php\/wp-json\/wp\/v2\/posts\/4099\/revisions\/4103"}],"wp:featuredmedia":[{"embeddable":true,"href":"https:\/\/arealorcaradio.es\/index.php\/wp-json\/wp\/v2\/media\/4102"}],"wp:attachment":[{"href":"https:\/\/arealorcaradio.es\/index.php\/wp-json\/wp\/v2\/media?parent=4099"}],"wp:term":[{"taxonomy":"category","embeddable":true,"href":"https:\/\/arealorcaradio.es\/index.php\/wp-json\/wp\/v2\/categories?post=4099"},{"taxonomy":"post_tag","embeddable":true,"href":"https:\/\/arealorcaradio.es\/index.php\/wp-json\/wp\/v2\/tags?post=4099"}],"curies":[{"name":"wp","href":"https:\/\/api.w.org\/{rel}","templated":true}]}}