{"id":4094,"date":"2024-09-14T17:54:52","date_gmt":"2024-09-14T17:54:52","guid":{"rendered":"https:\/\/arealorcaradio.es\/?p=4094"},"modified":"2024-09-14T17:55:44","modified_gmt":"2024-09-14T17:55:44","slug":"andres-navarro-durante-la-semana-hemos-trabajado-muy-bien-con-el-unico-objetivo-de-ganar-en-cartagena","status":"publish","type":"post","link":"https:\/\/arealorcaradio.es\/index.php\/2024\/09\/14\/andres-navarro-durante-la-semana-hemos-trabajado-muy-bien-con-el-unico-objetivo-de-ganar-en-cartagena\/","title":{"rendered":"Andr\u00e9s Navarro: \u00abDurante la semana hemos trabajado muy bien con el \u00fanico objetivo de ganar en Cartagena\u00bb"},"content":{"rendered":"<p>\u00c1REA LORCA RADIO.<\/p>\n<p>El Lorca Deportiva juega este domingo a las 18 horas frente al Deportivo Mar\u00edtimo, equipo debutante en la categor\u00eda que ocupa la plaza del CD Balsicas. El t\u00e9cnico de este joven equipo es Manolo Palomeque y como director deportivo esta Isaac Jov\u00e9, dos conocidos de la afici\u00f3n lorquina. Palomeque no podr\u00e1 contar con el sancionado Adri\u00e1n Sanmart\u00edn. En el Lorca Deportiva las sensaciones son muy positivas y buscan la primera victoria de la temporada en un terreno de juego complicado. Alberto Castillo no podr\u00e1 contar con el sancionado Morete y con el lesionado V\u00edctor Fenoll.<\/p>\n<p>Andr\u00e9s Navarro, uno de los m\u00e1s destacados el pasado fin de semana frente al CD Cieza, esta convencido que lograr\u00e1n el primer triunfo del ejercicio liguero. Escucha aqu\u00ed la entrevista que ha concedido a Paco S\u00e1nchez en el programa \u00c1rea Lorca Deportes.<\/p>\n<audio class=\"wp-audio-shortcode\" id=\"audio-4094-1\" preload=\"none\" style=\"width: 100%;\" controls=\"controls\"><source type=\"audio\/mpeg\" src=\"https:\/\/arealorcaradio.es\/wp-content\/uploads\/2024\/09\/130924-ANDRES-NAVARRO.-PRE-MARITIMO.mp3?_=1\" \/><a href=\"https:\/\/arealorcaradio.es\/wp-content\/uploads\/2024\/09\/130924-ANDRES-NAVARRO.-PRE-MARITIMO.mp3\">https:\/\/arealorcaradio.es\/wp-content\/uploads\/2024\/09\/130924-ANDRES-NAVARRO.-PRE-MARITIMO.mp3<\/a><\/audio>\n","protected":false},"excerpt":{"rendered":"<p>\u00c1REA LORCA RADIO. El Lorca Deportiva juega este domingo a las 18 horas frente al Deportivo Mar\u00edtimo, equipo debutante en la categor\u00eda que ocupa la plaza del CD Balsicas. El t\u00e9cnico de este joven equipo es Manolo Palomeque y como director deportivo esta Isaac Jov\u00e9, dos conocidos de la afici\u00f3n lorquina. Palomeque no podr\u00e1 contar [&hellip;]<\/p>\n","protected":false},"author":1,"featured_media":4096,"comment_status":"open","ping_status":"open","sticky":false,"template":"","format":"standard","meta":{"iawp_total_views":32,"footnotes":""},"categories":[4,7],"tags":[],"class_list":["post-4094","post","type-post","status-publish","format-standard","has-post-thumbnail","hentry","category-deportes","category-lorca"],"yoast_head":"<!-- This site is optimized with the Yoast SEO plugin v27.5 - https:\/\/yoast.com\/product\/yoast-seo-wordpress\/ -->\n<title>Andr\u00e9s Navarro: &quot;Durante la semana hemos trabajado muy bien con el \u00fanico objetivo de ganar en Cartagena&quot; - AREA LORCA RADIO<\/title>\n<meta name=\"robots\" content=\"index, follow, max-snippet:-1, max-image-preview:large, max-video-preview:-1\" \/>\n<link rel=\"canonical\" href=\"https:\/\/arealorcaradio.es\/index.php\/2024\/09\/14\/andres-navarro-durante-la-semana-hemos-trabajado-muy-bien-con-el-unico-objetivo-de-ganar-en-cartagena\/\" \/>\n<meta property=\"og:locale\" content=\"es_ES\" \/>\n<meta property=\"og:type\" content=\"article\" \/>\n<meta property=\"og:title\" content=\"Andr\u00e9s Navarro: &quot;Durante la semana hemos trabajado muy bien con el \u00fanico objetivo de ganar en Cartagena&quot; - AREA LORCA RADIO\" \/>\n<meta property=\"og:description\" content=\"\u00c1REA LORCA RADIO. El Lorca Deportiva juega este domingo a las 18 horas frente al Deportivo Mar\u00edtimo, equipo debutante en la categor\u00eda que ocupa la plaza del CD Balsicas. El t\u00e9cnico de este joven equipo es Manolo Palomeque y como director deportivo esta Isaac Jov\u00e9, dos conocidos de la afici\u00f3n lorquina. Palomeque no podr\u00e1 contar [&hellip;]\" \/>\n<meta property=\"og:url\" content=\"https:\/\/arealorcaradio.es\/index.php\/2024\/09\/14\/andres-navarro-durante-la-semana-hemos-trabajado-muy-bien-con-el-unico-objetivo-de-ganar-en-cartagena\/\" \/>\n<meta property=\"og:site_name\" content=\"AREA LORCA RADIO\" \/>\n<meta property=\"article:published_time\" content=\"2024-09-14T17:54:52+00:00\" \/>\n<meta property=\"article:modified_time\" content=\"2024-09-14T17:55:44+00:00\" \/>\n<meta property=\"og:image\" content=\"https:\/\/arealorcaradio.es\/wp-content\/uploads\/2024\/09\/IMG-20240913-WA0044.jpg\" \/>\n\t<meta property=\"og:image:width\" content=\"2048\" \/>\n\t<meta property=\"og:image:height\" content=\"1536\" \/>\n\t<meta property=\"og:image:type\" content=\"image\/jpeg\" \/>\n<meta name=\"author\" content=\"Paco S\u00e1nchez\" \/>\n<meta name=\"twitter:card\" content=\"summary_large_image\" \/>\n<meta name=\"twitter:label1\" content=\"Escrito por\" \/>\n\t<meta name=\"twitter:data1\" content=\"Paco S\u00e1nchez\" \/>\n\t<meta name=\"twitter:label2\" content=\"Tiempo de lectura\" \/>\n\t<meta name=\"twitter:data2\" content=\"1 minuto\" \/>\n<script type=\"application\/ld+json\" class=\"yoast-schema-graph\">{\"@context\":\"https:\\\/\\\/schema.org\",\"@graph\":[{\"@type\":\"Article\",\"@id\":\"https:\\\/\\\/arealorcaradio.es\\\/index.php\\\/2024\\\/09\\\/14\\\/andres-navarro-durante-la-semana-hemos-trabajado-muy-bien-con-el-unico-objetivo-de-ganar-en-cartagena\\\/#article\",\"isPartOf\":{\"@id\":\"https:\\\/\\\/arealorcaradio.es\\\/index.php\\\/2024\\\/09\\\/14\\\/andres-navarro-durante-la-semana-hemos-trabajado-muy-bien-con-el-unico-objetivo-de-ganar-en-cartagena\\\/\"},\"author\":{\"name\":\"Paco S\u00e1nchez\",\"@id\":\"https:\\\/\\\/arealorcaradio.es\\\/#\\\/schema\\\/person\\\/9fae605fc25b0f2c83c1ab207139bd27\"},\"headline\":\"Andr\u00e9s Navarro: \u00abDurante la semana hemos trabajado muy bien con el \u00fanico objetivo de ganar en Cartagena\u00bb\",\"datePublished\":\"2024-09-14T17:54:52+00:00\",\"dateModified\":\"2024-09-14T17:55:44+00:00\",\"mainEntityOfPage\":{\"@id\":\"https:\\\/\\\/arealorcaradio.es\\\/index.php\\\/2024\\\/09\\\/14\\\/andres-navarro-durante-la-semana-hemos-trabajado-muy-bien-con-el-unico-objetivo-de-ganar-en-cartagena\\\/\"},\"wordCount\":179,\"commentCount\":0,\"image\":{\"@id\":\"https:\\\/\\\/arealorcaradio.es\\\/index.php\\\/2024\\\/09\\\/14\\\/andres-navarro-durante-la-semana-hemos-trabajado-muy-bien-con-el-unico-objetivo-de-ganar-en-cartagena\\\/#primaryimage\"},\"thumbnailUrl\":\"https:\\\/\\\/arealorcaradio.es\\\/wp-content\\\/uploads\\\/2024\\\/09\\\/IMG-20240913-WA0044.jpg\",\"articleSection\":[\"DEPORTES\",\"LORCA\"],\"inLanguage\":\"es\",\"potentialAction\":[{\"@type\":\"CommentAction\",\"name\":\"Comment\",\"target\":[\"https:\\\/\\\/arealorcaradio.es\\\/index.php\\\/2024\\\/09\\\/14\\\/andres-navarro-durante-la-semana-hemos-trabajado-muy-bien-con-el-unico-objetivo-de-ganar-en-cartagena\\\/#respond\"]}]},{\"@type\":\"WebPage\",\"@id\":\"https:\\\/\\\/arealorcaradio.es\\\/index.php\\\/2024\\\/09\\\/14\\\/andres-navarro-durante-la-semana-hemos-trabajado-muy-bien-con-el-unico-objetivo-de-ganar-en-cartagena\\\/\",\"url\":\"https:\\\/\\\/arealorcaradio.es\\\/index.php\\\/2024\\\/09\\\/14\\\/andres-navarro-durante-la-semana-hemos-trabajado-muy-bien-con-el-unico-objetivo-de-ganar-en-cartagena\\\/\",\"name\":\"Andr\u00e9s Navarro: \\\"Durante la semana hemos trabajado muy bien con el \u00fanico objetivo de ganar en Cartagena\\\" - AREA LORCA RADIO\",\"isPartOf\":{\"@id\":\"https:\\\/\\\/arealorcaradio.es\\\/#website\"},\"primaryImageOfPage\":{\"@id\":\"https:\\\/\\\/arealorcaradio.es\\\/index.php\\\/2024\\\/09\\\/14\\\/andres-navarro-durante-la-semana-hemos-trabajado-muy-bien-con-el-unico-objetivo-de-ganar-en-cartagena\\\/#primaryimage\"},\"image\":{\"@id\":\"https:\\\/\\\/arealorcaradio.es\\\/index.php\\\/2024\\\/09\\\/14\\\/andres-navarro-durante-la-semana-hemos-trabajado-muy-bien-con-el-unico-objetivo-de-ganar-en-cartagena\\\/#primaryimage\"},\"thumbnailUrl\":\"https:\\\/\\\/arealorcaradio.es\\\/wp-content\\\/uploads\\\/2024\\\/09\\\/IMG-20240913-WA0044.jpg\",\"datePublished\":\"2024-09-14T17:54:52+00:00\",\"dateModified\":\"2024-09-14T17:55:44+00:00\",\"author\":{\"@id\":\"https:\\\/\\\/arealorcaradio.es\\\/#\\\/schema\\\/person\\\/9fae605fc25b0f2c83c1ab207139bd27\"},\"breadcrumb\":{\"@id\":\"https:\\\/\\\/arealorcaradio.es\\\/index.php\\\/2024\\\/09\\\/14\\\/andres-navarro-durante-la-semana-hemos-trabajado-muy-bien-con-el-unico-objetivo-de-ganar-en-cartagena\\\/#breadcrumb\"},\"inLanguage\":\"es\",\"potentialAction\":[{\"@type\":\"ReadAction\",\"target\":[\"https:\\\/\\\/arealorcaradio.es\\\/index.php\\\/2024\\\/09\\\/14\\\/andres-navarro-durante-la-semana-hemos-trabajado-muy-bien-con-el-unico-objetivo-de-ganar-en-cartagena\\\/\"]}]},{\"@type\":\"ImageObject\",\"inLanguage\":\"es\",\"@id\":\"https:\\\/\\\/arealorcaradio.es\\\/index.php\\\/2024\\\/09\\\/14\\\/andres-navarro-durante-la-semana-hemos-trabajado-muy-bien-con-el-unico-objetivo-de-ganar-en-cartagena\\\/#primaryimage\",\"url\":\"https:\\\/\\\/arealorcaradio.es\\\/wp-content\\\/uploads\\\/2024\\\/09\\\/IMG-20240913-WA0044.jpg\",\"contentUrl\":\"https:\\\/\\\/arealorcaradio.es\\\/wp-content\\\/uploads\\\/2024\\\/09\\\/IMG-20240913-WA0044.jpg\",\"width\":2048,\"height\":1536},{\"@type\":\"BreadcrumbList\",\"@id\":\"https:\\\/\\\/arealorcaradio.es\\\/index.php\\\/2024\\\/09\\\/14\\\/andres-navarro-durante-la-semana-hemos-trabajado-muy-bien-con-el-unico-objetivo-de-ganar-en-cartagena\\\/#breadcrumb\",\"itemListElement\":[{\"@type\":\"ListItem\",\"position\":1,\"name\":\"Portada\",\"item\":\"https:\\\/\\\/arealorcaradio.es\\\/\"},{\"@type\":\"ListItem\",\"position\":2,\"name\":\"Andr\u00e9s Navarro: \u00abDurante la semana hemos trabajado muy bien con el \u00fanico objetivo de ganar en Cartagena\u00bb\"}]},{\"@type\":\"WebSite\",\"@id\":\"https:\\\/\\\/arealorcaradio.es\\\/#website\",\"url\":\"https:\\\/\\\/arealorcaradio.es\\\/\",\"name\":\"AREA LORCA RADIO\",\"description\":\"Descubre la programaci\u00f3n actual en \u00c1rea Lorca Radio, tu fuente de entrenamiento y noticias locales. Sintoniza ahora y mantente conectado online.\",\"potentialAction\":[{\"@type\":\"SearchAction\",\"target\":{\"@type\":\"EntryPoint\",\"urlTemplate\":\"https:\\\/\\\/arealorcaradio.es\\\/?s={search_term_string}\"},\"query-input\":{\"@type\":\"PropertyValueSpecification\",\"valueRequired\":true,\"valueName\":\"search_term_string\"}}],\"inLanguage\":\"es\"},{\"@type\":\"Person\",\"@id\":\"https:\\\/\\\/arealorcaradio.es\\\/#\\\/schema\\\/person\\\/9fae605fc25b0f2c83c1ab207139bd27\",\"name\":\"Paco S\u00e1nchez\",\"image\":{\"@type\":\"ImageObject\",\"inLanguage\":\"es\",\"@id\":\"https:\\\/\\\/secure.gravatar.com\\\/avatar\\\/d67144e966420fb74aa84c9f2a0103be4724fd14db52b52d3b6bca749f257e79?s=96&d=mm&r=g\",\"url\":\"https:\\\/\\\/secure.gravatar.com\\\/avatar\\\/d67144e966420fb74aa84c9f2a0103be4724fd14db52b52d3b6bca749f257e79?s=96&d=mm&r=g\",\"contentUrl\":\"https:\\\/\\\/secure.gravatar.com\\\/avatar\\\/d67144e966420fb74aa84c9f2a0103be4724fd14db52b52d3b6bca749f257e79?s=96&d=mm&r=g\",\"caption\":\"Paco S\u00e1nchez\"},\"sameAs\":[\"https:\\\/\\\/arealorcaradio.es\"],\"url\":\"https:\\\/\\\/arealorcaradio.es\\\/index.php\\\/author\\\/admin_alorcaradio\\\/\"}]}<\/script>\n<!-- \/ Yoast SEO plugin. -->","yoast_head_json":{"title":"Andr\u00e9s Navarro: \"Durante la semana hemos trabajado muy bien con el \u00fanico objetivo de ganar en Cartagena\" - AREA LORCA RADIO","robots":{"index":"index","follow":"follow","max-snippet":"max-snippet:-1","max-image-preview":"max-image-preview:large","max-video-preview":"max-video-preview:-1"},"canonical":"https:\/\/arealorcaradio.es\/index.php\/2024\/09\/14\/andres-navarro-durante-la-semana-hemos-trabajado-muy-bien-con-el-unico-objetivo-de-ganar-en-cartagena\/","og_locale":"es_ES","og_type":"article","og_title":"Andr\u00e9s Navarro: \"Durante la semana hemos trabajado muy bien con el \u00fanico objetivo de ganar en Cartagena\" - AREA LORCA RADIO","og_description":"\u00c1REA LORCA RADIO. El Lorca Deportiva juega este domingo a las 18 horas frente al Deportivo Mar\u00edtimo, equipo debutante en la categor\u00eda que ocupa la plaza del CD Balsicas. El t\u00e9cnico de este joven equipo es Manolo Palomeque y como director deportivo esta Isaac Jov\u00e9, dos conocidos de la afici\u00f3n lorquina. Palomeque no podr\u00e1 contar [&hellip;]","og_url":"https:\/\/arealorcaradio.es\/index.php\/2024\/09\/14\/andres-navarro-durante-la-semana-hemos-trabajado-muy-bien-con-el-unico-objetivo-de-ganar-en-cartagena\/","og_site_name":"AREA LORCA RADIO","article_published_time":"2024-09-14T17:54:52+00:00","article_modified_time":"2024-09-14T17:55:44+00:00","og_image":[{"width":2048,"height":1536,"url":"https:\/\/arealorcaradio.es\/wp-content\/uploads\/2024\/09\/IMG-20240913-WA0044.jpg","type":"image\/jpeg"}],"author":"Paco S\u00e1nchez","twitter_card":"summary_large_image","twitter_misc":{"Escrito por":"Paco S\u00e1nchez","Tiempo de lectura":"1 minuto"},"schema":{"@context":"https:\/\/schema.org","@graph":[{"@type":"Article","@id":"https:\/\/arealorcaradio.es\/index.php\/2024\/09\/14\/andres-navarro-durante-la-semana-hemos-trabajado-muy-bien-con-el-unico-objetivo-de-ganar-en-cartagena\/#article","isPartOf":{"@id":"https:\/\/arealorcaradio.es\/index.php\/2024\/09\/14\/andres-navarro-durante-la-semana-hemos-trabajado-muy-bien-con-el-unico-objetivo-de-ganar-en-cartagena\/"},"author":{"name":"Paco S\u00e1nchez","@id":"https:\/\/arealorcaradio.es\/#\/schema\/person\/9fae605fc25b0f2c83c1ab207139bd27"},"headline":"Andr\u00e9s Navarro: \u00abDurante la semana hemos trabajado muy bien con el \u00fanico objetivo de ganar en Cartagena\u00bb","datePublished":"2024-09-14T17:54:52+00:00","dateModified":"2024-09-14T17:55:44+00:00","mainEntityOfPage":{"@id":"https:\/\/arealorcaradio.es\/index.php\/2024\/09\/14\/andres-navarro-durante-la-semana-hemos-trabajado-muy-bien-con-el-unico-objetivo-de-ganar-en-cartagena\/"},"wordCount":179,"commentCount":0,"image":{"@id":"https:\/\/arealorcaradio.es\/index.php\/2024\/09\/14\/andres-navarro-durante-la-semana-hemos-trabajado-muy-bien-con-el-unico-objetivo-de-ganar-en-cartagena\/#primaryimage"},"thumbnailUrl":"https:\/\/arealorcaradio.es\/wp-content\/uploads\/2024\/09\/IMG-20240913-WA0044.jpg","articleSection":["DEPORTES","LORCA"],"inLanguage":"es","potentialAction":[{"@type":"CommentAction","name":"Comment","target":["https:\/\/arealorcaradio.es\/index.php\/2024\/09\/14\/andres-navarro-durante-la-semana-hemos-trabajado-muy-bien-con-el-unico-objetivo-de-ganar-en-cartagena\/#respond"]}]},{"@type":"WebPage","@id":"https:\/\/arealorcaradio.es\/index.php\/2024\/09\/14\/andres-navarro-durante-la-semana-hemos-trabajado-muy-bien-con-el-unico-objetivo-de-ganar-en-cartagena\/","url":"https:\/\/arealorcaradio.es\/index.php\/2024\/09\/14\/andres-navarro-durante-la-semana-hemos-trabajado-muy-bien-con-el-unico-objetivo-de-ganar-en-cartagena\/","name":"Andr\u00e9s Navarro: \"Durante la semana hemos trabajado muy bien con el \u00fanico objetivo de ganar en Cartagena\" - AREA LORCA RADIO","isPartOf":{"@id":"https:\/\/arealorcaradio.es\/#website"},"primaryImageOfPage":{"@id":"https:\/\/arealorcaradio.es\/index.php\/2024\/09\/14\/andres-navarro-durante-la-semana-hemos-trabajado-muy-bien-con-el-unico-objetivo-de-ganar-en-cartagena\/#primaryimage"},"image":{"@id":"https:\/\/arealorcaradio.es\/index.php\/2024\/09\/14\/andres-navarro-durante-la-semana-hemos-trabajado-muy-bien-con-el-unico-objetivo-de-ganar-en-cartagena\/#primaryimage"},"thumbnailUrl":"https:\/\/arealorcaradio.es\/wp-content\/uploads\/2024\/09\/IMG-20240913-WA0044.jpg","datePublished":"2024-09-14T17:54:52+00:00","dateModified":"2024-09-14T17:55:44+00:00","author":{"@id":"https:\/\/arealorcaradio.es\/#\/schema\/person\/9fae605fc25b0f2c83c1ab207139bd27"},"breadcrumb":{"@id":"https:\/\/arealorcaradio.es\/index.php\/2024\/09\/14\/andres-navarro-durante-la-semana-hemos-trabajado-muy-bien-con-el-unico-objetivo-de-ganar-en-cartagena\/#breadcrumb"},"inLanguage":"es","potentialAction":[{"@type":"ReadAction","target":["https:\/\/arealorcaradio.es\/index.php\/2024\/09\/14\/andres-navarro-durante-la-semana-hemos-trabajado-muy-bien-con-el-unico-objetivo-de-ganar-en-cartagena\/"]}]},{"@type":"ImageObject","inLanguage":"es","@id":"https:\/\/arealorcaradio.es\/index.php\/2024\/09\/14\/andres-navarro-durante-la-semana-hemos-trabajado-muy-bien-con-el-unico-objetivo-de-ganar-en-cartagena\/#primaryimage","url":"https:\/\/arealorcaradio.es\/wp-content\/uploads\/2024\/09\/IMG-20240913-WA0044.jpg","contentUrl":"https:\/\/arealorcaradio.es\/wp-content\/uploads\/2024\/09\/IMG-20240913-WA0044.jpg","width":2048,"height":1536},{"@type":"BreadcrumbList","@id":"https:\/\/arealorcaradio.es\/index.php\/2024\/09\/14\/andres-navarro-durante-la-semana-hemos-trabajado-muy-bien-con-el-unico-objetivo-de-ganar-en-cartagena\/#breadcrumb","itemListElement":[{"@type":"ListItem","position":1,"name":"Portada","item":"https:\/\/arealorcaradio.es\/"},{"@type":"ListItem","position":2,"name":"Andr\u00e9s Navarro: \u00abDurante la semana hemos trabajado muy bien con el \u00fanico objetivo de ganar en Cartagena\u00bb"}]},{"@type":"WebSite","@id":"https:\/\/arealorcaradio.es\/#website","url":"https:\/\/arealorcaradio.es\/","name":"AREA LORCA RADIO","description":"Descubre la programaci\u00f3n actual en \u00c1rea Lorca Radio, tu fuente de entrenamiento y noticias locales. Sintoniza ahora y mantente conectado online.","potentialAction":[{"@type":"SearchAction","target":{"@type":"EntryPoint","urlTemplate":"https:\/\/arealorcaradio.es\/?s={search_term_string}"},"query-input":{"@type":"PropertyValueSpecification","valueRequired":true,"valueName":"search_term_string"}}],"inLanguage":"es"},{"@type":"Person","@id":"https:\/\/arealorcaradio.es\/#\/schema\/person\/9fae605fc25b0f2c83c1ab207139bd27","name":"Paco S\u00e1nchez","image":{"@type":"ImageObject","inLanguage":"es","@id":"https:\/\/secure.gravatar.com\/avatar\/d67144e966420fb74aa84c9f2a0103be4724fd14db52b52d3b6bca749f257e79?s=96&d=mm&r=g","url":"https:\/\/secure.gravatar.com\/avatar\/d67144e966420fb74aa84c9f2a0103be4724fd14db52b52d3b6bca749f257e79?s=96&d=mm&r=g","contentUrl":"https:\/\/secure.gravatar.com\/avatar\/d67144e966420fb74aa84c9f2a0103be4724fd14db52b52d3b6bca749f257e79?s=96&d=mm&r=g","caption":"Paco S\u00e1nchez"},"sameAs":["https:\/\/arealorcaradio.es"],"url":"https:\/\/arealorcaradio.es\/index.php\/author\/admin_alorcaradio\/"}]}},"_links":{"self":[{"href":"https:\/\/arealorcaradio.es\/index.php\/wp-json\/wp\/v2\/posts\/4094","targetHints":{"allow":["GET"]}}],"collection":[{"href":"https:\/\/arealorcaradio.es\/index.php\/wp-json\/wp\/v2\/posts"}],"about":[{"href":"https:\/\/arealorcaradio.es\/index.php\/wp-json\/wp\/v2\/types\/post"}],"author":[{"embeddable":true,"href":"https:\/\/arealorcaradio.es\/index.php\/wp-json\/wp\/v2\/users\/1"}],"replies":[{"embeddable":true,"href":"https:\/\/arealorcaradio.es\/index.php\/wp-json\/wp\/v2\/comments?post=4094"}],"version-history":[{"count":2,"href":"https:\/\/arealorcaradio.es\/index.php\/wp-json\/wp\/v2\/posts\/4094\/revisions"}],"predecessor-version":[{"id":4098,"href":"https:\/\/arealorcaradio.es\/index.php\/wp-json\/wp\/v2\/posts\/4094\/revisions\/4098"}],"wp:featuredmedia":[{"embeddable":true,"href":"https:\/\/arealorcaradio.es\/index.php\/wp-json\/wp\/v2\/media\/4096"}],"wp:attachment":[{"href":"https:\/\/arealorcaradio.es\/index.php\/wp-json\/wp\/v2\/media?parent=4094"}],"wp:term":[{"taxonomy":"category","embeddable":true,"href":"https:\/\/arealorcaradio.es\/index.php\/wp-json\/wp\/v2\/categories?post=4094"},{"taxonomy":"post_tag","embeddable":true,"href":"https:\/\/arealorcaradio.es\/index.php\/wp-json\/wp\/v2\/tags?post=4094"}],"curies":[{"name":"wp","href":"https:\/\/api.w.org\/{rel}","templated":true}]}}