{"id":4087,"date":"2024-09-13T07:59:54","date_gmt":"2024-09-13T07:59:54","guid":{"rendered":"https:\/\/arealorcaradio.es\/?p=4087"},"modified":"2024-09-13T07:59:54","modified_gmt":"2024-09-13T07:59:54","slug":"la-artesania-de-lorca-presente-en-intergift-la-feria-internacional-del-regalo-y-la-decoracion","status":"publish","type":"post","link":"https:\/\/arealorcaradio.es\/index.php\/2024\/09\/13\/la-artesania-de-lorca-presente-en-intergift-la-feria-internacional-del-regalo-y-la-decoracion\/","title":{"rendered":"La artesan\u00eda de Lorca, presente en Intergift, la feria internacional del regalo y la decoraci\u00f3n"},"content":{"rendered":"<p>\u00c1REA LORCA RADIO.<\/p>\n<p>Escucha aqu\u00ed la intervenci\u00f3n desde Madrid del presidente de la Asociaci\u00f3n de Artesanos de Lorca \u00abArtelor\u00bb Mart\u00edn Lario y del coordinador de actividades de La Casa del Artesano de Lorca, Paco Salas en el magazine \u00c1rea Lorca Actualidad, con Paco S\u00e1nchez.<\/p>\n<audio class=\"wp-audio-shortcode\" id=\"audio-4087-1\" preload=\"none\" style=\"width: 100%;\" controls=\"controls\"><source type=\"audio\/mpeg\" src=\"https:\/\/arealorcaradio.es\/wp-content\/uploads\/2024\/09\/120924-MARTIN-LARIO-Y-PACO-SALAS.-ARTESANIA-MADRID.mp3?_=1\" \/><a href=\"https:\/\/arealorcaradio.es\/wp-content\/uploads\/2024\/09\/120924-MARTIN-LARIO-Y-PACO-SALAS.-ARTESANIA-MADRID.mp3\">https:\/\/arealorcaradio.es\/wp-content\/uploads\/2024\/09\/120924-MARTIN-LARIO-Y-PACO-SALAS.-ARTESANIA-MADRID.mp3<\/a><\/audio>\n<p class=\"v1MsoNormal\">La artesan\u00eda lorquina est\u00e1 de enhorabuena. La Casa del Artesano viaja hasta Madrid para estar presente en Intergift, la mayor exposici\u00f3n comercial en Espa\u00f1a y Portugal para la presentaci\u00f3n de nuevos productos, dise\u00f1os, tendencias e innovaciones, tanto de marca como de retail, Una feria avalada por\u00a084 ediciones y una larga trayectoria gracias a las empresas y profesionales participantes, y que tendr\u00e1 lugar en Ifema hasta el 14 de septiembre, con una amplio cat\u00e1logo de expositores de marcas emergentes y otras firmas consagradas de relevancia internacional.<\/p>\n<p class=\"v1MsoNormal\"><img loading=\"lazy\" decoding=\"async\" class=\"alignnone size-medium wp-image-4089\" src=\"https:\/\/arealorcaradio.es\/wp-content\/uploads\/2024\/09\/IMG-20240912-WA0038-180x300.jpg\" alt=\"\" width=\"180\" height=\"300\" srcset=\"https:\/\/arealorcaradio.es\/wp-content\/uploads\/2024\/09\/IMG-20240912-WA0038-180x300.jpg 180w, https:\/\/arealorcaradio.es\/wp-content\/uploads\/2024\/09\/IMG-20240912-WA0038-616x1024.jpg 616w, https:\/\/arealorcaradio.es\/wp-content\/uploads\/2024\/09\/IMG-20240912-WA0038-768x1278.jpg 768w, https:\/\/arealorcaradio.es\/wp-content\/uploads\/2024\/09\/IMG-20240912-WA0038-923x1536.jpg 923w, https:\/\/arealorcaradio.es\/wp-content\/uploads\/2024\/09\/IMG-20240912-WA0038.jpg 945w\" sizes=\"auto, (max-width: 180px) 100vw, 180px\" \/>\u00a0 <img loading=\"lazy\" decoding=\"async\" class=\"alignnone size-medium wp-image-4090\" src=\"https:\/\/arealorcaradio.es\/wp-content\/uploads\/2024\/09\/IMG-20240912-WA0040-191x300.jpg\" alt=\"\" width=\"191\" height=\"300\" srcset=\"https:\/\/arealorcaradio.es\/wp-content\/uploads\/2024\/09\/IMG-20240912-WA0040-191x300.jpg 191w, https:\/\/arealorcaradio.es\/wp-content\/uploads\/2024\/09\/IMG-20240912-WA0040-651x1024.jpg 651w, https:\/\/arealorcaradio.es\/wp-content\/uploads\/2024\/09\/IMG-20240912-WA0040-768x1208.jpg 768w, https:\/\/arealorcaradio.es\/wp-content\/uploads\/2024\/09\/IMG-20240912-WA0040.jpg 945w\" sizes=\"auto, (max-width: 191px) 100vw, 191px\" \/> \u00a0<img loading=\"lazy\" decoding=\"async\" class=\"alignnone size-medium wp-image-4091\" src=\"https:\/\/arealorcaradio.es\/wp-content\/uploads\/2024\/09\/IMG-20240912-WA0041-209x300.jpg\" alt=\"\" width=\"209\" height=\"300\" srcset=\"https:\/\/arealorcaradio.es\/wp-content\/uploads\/2024\/09\/IMG-20240912-WA0041-209x300.jpg 209w, https:\/\/arealorcaradio.es\/wp-content\/uploads\/2024\/09\/IMG-20240912-WA0041-714x1024.jpg 714w, https:\/\/arealorcaradio.es\/wp-content\/uploads\/2024\/09\/IMG-20240912-WA0041-768x1102.jpg 768w, https:\/\/arealorcaradio.es\/wp-content\/uploads\/2024\/09\/IMG-20240912-WA0041.jpg 945w\" sizes=\"auto, (max-width: 209px) 100vw, 209px\" \/><\/p>\n<p class=\"v1MsoNormal\">Los cinco artesanos lorquinos que participan en la muestra lo har\u00e1n desde la concejal\u00eda de Artesan\u00eda, concretamente de la mano de la Asociaci\u00f3n de Artesanos de Lorca (Artelor) y la Casa del Artesano, no s\u00f3lo exponiendo sus art\u00edculos, sino tambi\u00e9n realizando demostraciones en vivo, mostrando su habilidad en la creaci\u00f3n de piezas \u00fanicas.<\/p>\n<p class=\"v1MsoNormal\">Intergift es una gran oportunidad para dar a conocer la artesan\u00eda y el comercio m\u00e1s tradicional de nuestro municipio, un escaparate abierto al mundo que nos ayudar\u00e1 a posicionar a Lorca en los sectores de la decoraci\u00f3n, los complementos, el interiorismo y el regalo, a promocionar la imagen de nuestra ciudad fuera de nuestras fronteras y a abrir nuevos mercados, estableciendo contactos comerciales, puesto que esta cita es uno de los foros m\u00e1s importantes de captaci\u00f3n de profesionales del sector. Adem\u00e1s, centenares de visitantes podr\u00e1n contemplar y disfrutar de productos t\u00edpicos y locales de nuestra tierra, haciendo atractiva nuestra oferta a posibles turistas, fortaleciendo, con ello, nuestro comercio m\u00e1s artesano y proyectando, en definitiva, la imagen de Lorca a nivel mundial.<\/p>\n<p class=\"v1MsoNormal\">Los cinco artesanos lorquinos:\u00a0<b>Alfarer\u00eda Eusebio Lario, Tarsya,<\/b>\u00a0<b>Artellano 1.994, Nataly artesan\u00eda y Recicla y Decora\u00a0<\/b>est\u00e1n ubicados en el stand de la C\u00e1mara de Comercio, dedicado principalmente a la promoci\u00f3n de la artesan\u00eda tradicional de la Regi\u00f3n de Murcia. Bajo el lema\u00a0<b>\u00abEn buenas manos. Artesan\u00eda de la Regi\u00f3n de Murcia\u00bb\u00a0<\/b>este exhibe una selecci\u00f3n de productos artesanales \u00fanicos que representan nuestra rica herencia cultural; todo ello a trav\u00e9s del Plan de Promoci\u00f3n Exterior de la Regi\u00f3n de Murcia, y la colaboraci\u00f3n del INFO (Instituto de Fomento de la Regi\u00f3n de Murcia).<\/p>\n<p class=\"v1MsoNormal\">Sus visitantes podr\u00e1n descubrir la diversidad y calidad de la artesan\u00eda lorquina, en la que destacan productos tan representativos como la cer\u00e1mica, la taracea, las jarapas y los complementos, art\u00edculos que ponen de manifiesto la destreza de los artesanos locales, que a\u00fan hoy mantienen viva la tradici\u00f3n desarrollando t\u00e9cnicas ancestrales, sin perder de vista la innovaci\u00f3n y la adaptaci\u00f3n a las demandas del mercado hoy d\u00eda.<\/p>\n<p class=\"v1MsoNormal\">Ser\u00e1 muy interesante ver in situ y en directo c\u00f3mo trabajan estos artesanos. Lo har\u00e1n cada d\u00eda, las 12:00 horas, haciendo part\u00edcipes a los presentes en el proceso de ejecuci\u00f3n de las piezas. Tambi\u00e9n, todos los d\u00edas, a las 13:00 horas, habr\u00e1 una degustaci\u00f3n gastron\u00f3mica de productos artesanos donde los visitantes podr\u00e1n saborear algunas de las delicias de la Regi\u00f3n de Murcia.<\/p>\n<p class=\"v1MsoNormal\">El stand de la C\u00e1mara de Comercio est\u00e1 situado en el pabell\u00f3n 5, stand 5A10 de Ifema Madrid, y estar\u00e1 abierto al p\u00fablico durante todo el horario de la feria. Esta actividad est\u00e1 financiada por el Gobierno Regional, a trav\u00e9s del Plan de Promoci\u00f3n Exterior de la Regi\u00f3n de Murcia impulsado por el INFO y las C\u00e1mara de Comercio.<\/p>\n","protected":false},"excerpt":{"rendered":"<p>\u00c1REA LORCA RADIO. Escucha aqu\u00ed la intervenci\u00f3n desde Madrid del presidente de la Asociaci\u00f3n de Artesanos de Lorca \u00abArtelor\u00bb Mart\u00edn Lario y del coordinador de actividades de La Casa del Artesano de Lorca, Paco Salas en el magazine \u00c1rea Lorca Actualidad, con Paco S\u00e1nchez. La artesan\u00eda lorquina est\u00e1 de enhorabuena. La Casa del Artesano viaja [&hellip;]<\/p>\n","protected":false},"author":1,"featured_media":4092,"comment_status":"open","ping_status":"open","sticky":false,"template":"","format":"standard","meta":{"iawp_total_views":7,"footnotes":""},"categories":[5,7],"tags":[],"class_list":["post-4087","post","type-post","status-publish","format-standard","has-post-thumbnail","hentry","category-actualidad","category-lorca"],"yoast_head":"<!-- This site is optimized with the Yoast SEO plugin v27.5 - https:\/\/yoast.com\/product\/yoast-seo-wordpress\/ -->\n<title>La artesan\u00eda de Lorca, presente en Intergift, la feria internacional del regalo y la decoraci\u00f3n - AREA LORCA RADIO<\/title>\n<meta name=\"robots\" content=\"index, follow, max-snippet:-1, max-image-preview:large, max-video-preview:-1\" \/>\n<link rel=\"canonical\" href=\"https:\/\/arealorcaradio.es\/index.php\/2024\/09\/13\/la-artesania-de-lorca-presente-en-intergift-la-feria-internacional-del-regalo-y-la-decoracion\/\" \/>\n<meta property=\"og:locale\" content=\"es_ES\" \/>\n<meta property=\"og:type\" content=\"article\" \/>\n<meta property=\"og:title\" content=\"La artesan\u00eda de Lorca, presente en Intergift, la feria internacional del regalo y la decoraci\u00f3n - AREA LORCA RADIO\" \/>\n<meta property=\"og:description\" content=\"\u00c1REA LORCA RADIO. Escucha aqu\u00ed la intervenci\u00f3n desde Madrid del presidente de la Asociaci\u00f3n de Artesanos de Lorca \u00abArtelor\u00bb Mart\u00edn Lario y del coordinador de actividades de La Casa del Artesano de Lorca, Paco Salas en el magazine \u00c1rea Lorca Actualidad, con Paco S\u00e1nchez. La artesan\u00eda lorquina est\u00e1 de enhorabuena. La Casa del Artesano viaja [&hellip;]\" \/>\n<meta property=\"og:url\" content=\"https:\/\/arealorcaradio.es\/index.php\/2024\/09\/13\/la-artesania-de-lorca-presente-en-intergift-la-feria-internacional-del-regalo-y-la-decoracion\/\" \/>\n<meta property=\"og:site_name\" content=\"AREA LORCA RADIO\" \/>\n<meta property=\"article:published_time\" content=\"2024-09-13T07:59:54+00:00\" \/>\n<meta property=\"og:image\" content=\"https:\/\/arealorcaradio.es\/wp-content\/uploads\/2024\/09\/IMG-20240912-WA0042.jpg\" \/>\n\t<meta property=\"og:image:width\" content=\"2048\" \/>\n\t<meta property=\"og:image:height\" content=\"921\" \/>\n\t<meta property=\"og:image:type\" content=\"image\/jpeg\" \/>\n<meta name=\"author\" content=\"Paco S\u00e1nchez\" \/>\n<meta name=\"twitter:card\" content=\"summary_large_image\" \/>\n<meta name=\"twitter:label1\" content=\"Escrito por\" \/>\n\t<meta name=\"twitter:data1\" content=\"Paco S\u00e1nchez\" \/>\n\t<meta name=\"twitter:label2\" content=\"Tiempo de lectura\" \/>\n\t<meta name=\"twitter:data2\" content=\"4 minutos\" \/>\n<script type=\"application\/ld+json\" class=\"yoast-schema-graph\">{\"@context\":\"https:\\\/\\\/schema.org\",\"@graph\":[{\"@type\":\"Article\",\"@id\":\"https:\\\/\\\/arealorcaradio.es\\\/index.php\\\/2024\\\/09\\\/13\\\/la-artesania-de-lorca-presente-en-intergift-la-feria-internacional-del-regalo-y-la-decoracion\\\/#article\",\"isPartOf\":{\"@id\":\"https:\\\/\\\/arealorcaradio.es\\\/index.php\\\/2024\\\/09\\\/13\\\/la-artesania-de-lorca-presente-en-intergift-la-feria-internacional-del-regalo-y-la-decoracion\\\/\"},\"author\":{\"name\":\"Paco S\u00e1nchez\",\"@id\":\"https:\\\/\\\/arealorcaradio.es\\\/#\\\/schema\\\/person\\\/9fae605fc25b0f2c83c1ab207139bd27\"},\"headline\":\"La artesan\u00eda de Lorca, presente en Intergift, la feria internacional del regalo y la decoraci\u00f3n\",\"datePublished\":\"2024-09-13T07:59:54+00:00\",\"mainEntityOfPage\":{\"@id\":\"https:\\\/\\\/arealorcaradio.es\\\/index.php\\\/2024\\\/09\\\/13\\\/la-artesania-de-lorca-presente-en-intergift-la-feria-internacional-del-regalo-y-la-decoracion\\\/\"},\"wordCount\":676,\"commentCount\":0,\"image\":{\"@id\":\"https:\\\/\\\/arealorcaradio.es\\\/index.php\\\/2024\\\/09\\\/13\\\/la-artesania-de-lorca-presente-en-intergift-la-feria-internacional-del-regalo-y-la-decoracion\\\/#primaryimage\"},\"thumbnailUrl\":\"https:\\\/\\\/arealorcaradio.es\\\/wp-content\\\/uploads\\\/2024\\\/09\\\/IMG-20240912-WA0042.jpg\",\"articleSection\":[\"ACTUALIDAD\",\"LORCA\"],\"inLanguage\":\"es\",\"potentialAction\":[{\"@type\":\"CommentAction\",\"name\":\"Comment\",\"target\":[\"https:\\\/\\\/arealorcaradio.es\\\/index.php\\\/2024\\\/09\\\/13\\\/la-artesania-de-lorca-presente-en-intergift-la-feria-internacional-del-regalo-y-la-decoracion\\\/#respond\"]}]},{\"@type\":\"WebPage\",\"@id\":\"https:\\\/\\\/arealorcaradio.es\\\/index.php\\\/2024\\\/09\\\/13\\\/la-artesania-de-lorca-presente-en-intergift-la-feria-internacional-del-regalo-y-la-decoracion\\\/\",\"url\":\"https:\\\/\\\/arealorcaradio.es\\\/index.php\\\/2024\\\/09\\\/13\\\/la-artesania-de-lorca-presente-en-intergift-la-feria-internacional-del-regalo-y-la-decoracion\\\/\",\"name\":\"La artesan\u00eda de Lorca, presente en Intergift, la feria internacional del regalo y la decoraci\u00f3n - AREA LORCA RADIO\",\"isPartOf\":{\"@id\":\"https:\\\/\\\/arealorcaradio.es\\\/#website\"},\"primaryImageOfPage\":{\"@id\":\"https:\\\/\\\/arealorcaradio.es\\\/index.php\\\/2024\\\/09\\\/13\\\/la-artesania-de-lorca-presente-en-intergift-la-feria-internacional-del-regalo-y-la-decoracion\\\/#primaryimage\"},\"image\":{\"@id\":\"https:\\\/\\\/arealorcaradio.es\\\/index.php\\\/2024\\\/09\\\/13\\\/la-artesania-de-lorca-presente-en-intergift-la-feria-internacional-del-regalo-y-la-decoracion\\\/#primaryimage\"},\"thumbnailUrl\":\"https:\\\/\\\/arealorcaradio.es\\\/wp-content\\\/uploads\\\/2024\\\/09\\\/IMG-20240912-WA0042.jpg\",\"datePublished\":\"2024-09-13T07:59:54+00:00\",\"author\":{\"@id\":\"https:\\\/\\\/arealorcaradio.es\\\/#\\\/schema\\\/person\\\/9fae605fc25b0f2c83c1ab207139bd27\"},\"breadcrumb\":{\"@id\":\"https:\\\/\\\/arealorcaradio.es\\\/index.php\\\/2024\\\/09\\\/13\\\/la-artesania-de-lorca-presente-en-intergift-la-feria-internacional-del-regalo-y-la-decoracion\\\/#breadcrumb\"},\"inLanguage\":\"es\",\"potentialAction\":[{\"@type\":\"ReadAction\",\"target\":[\"https:\\\/\\\/arealorcaradio.es\\\/index.php\\\/2024\\\/09\\\/13\\\/la-artesania-de-lorca-presente-en-intergift-la-feria-internacional-del-regalo-y-la-decoracion\\\/\"]}]},{\"@type\":\"ImageObject\",\"inLanguage\":\"es\",\"@id\":\"https:\\\/\\\/arealorcaradio.es\\\/index.php\\\/2024\\\/09\\\/13\\\/la-artesania-de-lorca-presente-en-intergift-la-feria-internacional-del-regalo-y-la-decoracion\\\/#primaryimage\",\"url\":\"https:\\\/\\\/arealorcaradio.es\\\/wp-content\\\/uploads\\\/2024\\\/09\\\/IMG-20240912-WA0042.jpg\",\"contentUrl\":\"https:\\\/\\\/arealorcaradio.es\\\/wp-content\\\/uploads\\\/2024\\\/09\\\/IMG-20240912-WA0042.jpg\",\"width\":2048,\"height\":921},{\"@type\":\"BreadcrumbList\",\"@id\":\"https:\\\/\\\/arealorcaradio.es\\\/index.php\\\/2024\\\/09\\\/13\\\/la-artesania-de-lorca-presente-en-intergift-la-feria-internacional-del-regalo-y-la-decoracion\\\/#breadcrumb\",\"itemListElement\":[{\"@type\":\"ListItem\",\"position\":1,\"name\":\"Portada\",\"item\":\"https:\\\/\\\/arealorcaradio.es\\\/\"},{\"@type\":\"ListItem\",\"position\":2,\"name\":\"La artesan\u00eda de Lorca, presente en Intergift, la feria internacional del regalo y la decoraci\u00f3n\"}]},{\"@type\":\"WebSite\",\"@id\":\"https:\\\/\\\/arealorcaradio.es\\\/#website\",\"url\":\"https:\\\/\\\/arealorcaradio.es\\\/\",\"name\":\"AREA LORCA RADIO\",\"description\":\"Descubre la programaci\u00f3n actual en \u00c1rea Lorca Radio, tu fuente de entrenamiento y noticias locales. Sintoniza ahora y mantente conectado online.\",\"potentialAction\":[{\"@type\":\"SearchAction\",\"target\":{\"@type\":\"EntryPoint\",\"urlTemplate\":\"https:\\\/\\\/arealorcaradio.es\\\/?s={search_term_string}\"},\"query-input\":{\"@type\":\"PropertyValueSpecification\",\"valueRequired\":true,\"valueName\":\"search_term_string\"}}],\"inLanguage\":\"es\"},{\"@type\":\"Person\",\"@id\":\"https:\\\/\\\/arealorcaradio.es\\\/#\\\/schema\\\/person\\\/9fae605fc25b0f2c83c1ab207139bd27\",\"name\":\"Paco S\u00e1nchez\",\"image\":{\"@type\":\"ImageObject\",\"inLanguage\":\"es\",\"@id\":\"https:\\\/\\\/secure.gravatar.com\\\/avatar\\\/d67144e966420fb74aa84c9f2a0103be4724fd14db52b52d3b6bca749f257e79?s=96&d=mm&r=g\",\"url\":\"https:\\\/\\\/secure.gravatar.com\\\/avatar\\\/d67144e966420fb74aa84c9f2a0103be4724fd14db52b52d3b6bca749f257e79?s=96&d=mm&r=g\",\"contentUrl\":\"https:\\\/\\\/secure.gravatar.com\\\/avatar\\\/d67144e966420fb74aa84c9f2a0103be4724fd14db52b52d3b6bca749f257e79?s=96&d=mm&r=g\",\"caption\":\"Paco S\u00e1nchez\"},\"sameAs\":[\"https:\\\/\\\/arealorcaradio.es\"],\"url\":\"https:\\\/\\\/arealorcaradio.es\\\/index.php\\\/author\\\/admin_alorcaradio\\\/\"}]}<\/script>\n<!-- \/ Yoast SEO plugin. -->","yoast_head_json":{"title":"La artesan\u00eda de Lorca, presente en Intergift, la feria internacional del regalo y la decoraci\u00f3n - AREA LORCA RADIO","robots":{"index":"index","follow":"follow","max-snippet":"max-snippet:-1","max-image-preview":"max-image-preview:large","max-video-preview":"max-video-preview:-1"},"canonical":"https:\/\/arealorcaradio.es\/index.php\/2024\/09\/13\/la-artesania-de-lorca-presente-en-intergift-la-feria-internacional-del-regalo-y-la-decoracion\/","og_locale":"es_ES","og_type":"article","og_title":"La artesan\u00eda de Lorca, presente en Intergift, la feria internacional del regalo y la decoraci\u00f3n - AREA LORCA RADIO","og_description":"\u00c1REA LORCA RADIO. Escucha aqu\u00ed la intervenci\u00f3n desde Madrid del presidente de la Asociaci\u00f3n de Artesanos de Lorca \u00abArtelor\u00bb Mart\u00edn Lario y del coordinador de actividades de La Casa del Artesano de Lorca, Paco Salas en el magazine \u00c1rea Lorca Actualidad, con Paco S\u00e1nchez. La artesan\u00eda lorquina est\u00e1 de enhorabuena. La Casa del Artesano viaja [&hellip;]","og_url":"https:\/\/arealorcaradio.es\/index.php\/2024\/09\/13\/la-artesania-de-lorca-presente-en-intergift-la-feria-internacional-del-regalo-y-la-decoracion\/","og_site_name":"AREA LORCA RADIO","article_published_time":"2024-09-13T07:59:54+00:00","og_image":[{"width":2048,"height":921,"url":"https:\/\/arealorcaradio.es\/wp-content\/uploads\/2024\/09\/IMG-20240912-WA0042.jpg","type":"image\/jpeg"}],"author":"Paco S\u00e1nchez","twitter_card":"summary_large_image","twitter_misc":{"Escrito por":"Paco S\u00e1nchez","Tiempo de lectura":"4 minutos"},"schema":{"@context":"https:\/\/schema.org","@graph":[{"@type":"Article","@id":"https:\/\/arealorcaradio.es\/index.php\/2024\/09\/13\/la-artesania-de-lorca-presente-en-intergift-la-feria-internacional-del-regalo-y-la-decoracion\/#article","isPartOf":{"@id":"https:\/\/arealorcaradio.es\/index.php\/2024\/09\/13\/la-artesania-de-lorca-presente-en-intergift-la-feria-internacional-del-regalo-y-la-decoracion\/"},"author":{"name":"Paco S\u00e1nchez","@id":"https:\/\/arealorcaradio.es\/#\/schema\/person\/9fae605fc25b0f2c83c1ab207139bd27"},"headline":"La artesan\u00eda de Lorca, presente en Intergift, la feria internacional del regalo y la decoraci\u00f3n","datePublished":"2024-09-13T07:59:54+00:00","mainEntityOfPage":{"@id":"https:\/\/arealorcaradio.es\/index.php\/2024\/09\/13\/la-artesania-de-lorca-presente-en-intergift-la-feria-internacional-del-regalo-y-la-decoracion\/"},"wordCount":676,"commentCount":0,"image":{"@id":"https:\/\/arealorcaradio.es\/index.php\/2024\/09\/13\/la-artesania-de-lorca-presente-en-intergift-la-feria-internacional-del-regalo-y-la-decoracion\/#primaryimage"},"thumbnailUrl":"https:\/\/arealorcaradio.es\/wp-content\/uploads\/2024\/09\/IMG-20240912-WA0042.jpg","articleSection":["ACTUALIDAD","LORCA"],"inLanguage":"es","potentialAction":[{"@type":"CommentAction","name":"Comment","target":["https:\/\/arealorcaradio.es\/index.php\/2024\/09\/13\/la-artesania-de-lorca-presente-en-intergift-la-feria-internacional-del-regalo-y-la-decoracion\/#respond"]}]},{"@type":"WebPage","@id":"https:\/\/arealorcaradio.es\/index.php\/2024\/09\/13\/la-artesania-de-lorca-presente-en-intergift-la-feria-internacional-del-regalo-y-la-decoracion\/","url":"https:\/\/arealorcaradio.es\/index.php\/2024\/09\/13\/la-artesania-de-lorca-presente-en-intergift-la-feria-internacional-del-regalo-y-la-decoracion\/","name":"La artesan\u00eda de Lorca, presente en Intergift, la feria internacional del regalo y la decoraci\u00f3n - AREA LORCA RADIO","isPartOf":{"@id":"https:\/\/arealorcaradio.es\/#website"},"primaryImageOfPage":{"@id":"https:\/\/arealorcaradio.es\/index.php\/2024\/09\/13\/la-artesania-de-lorca-presente-en-intergift-la-feria-internacional-del-regalo-y-la-decoracion\/#primaryimage"},"image":{"@id":"https:\/\/arealorcaradio.es\/index.php\/2024\/09\/13\/la-artesania-de-lorca-presente-en-intergift-la-feria-internacional-del-regalo-y-la-decoracion\/#primaryimage"},"thumbnailUrl":"https:\/\/arealorcaradio.es\/wp-content\/uploads\/2024\/09\/IMG-20240912-WA0042.jpg","datePublished":"2024-09-13T07:59:54+00:00","author":{"@id":"https:\/\/arealorcaradio.es\/#\/schema\/person\/9fae605fc25b0f2c83c1ab207139bd27"},"breadcrumb":{"@id":"https:\/\/arealorcaradio.es\/index.php\/2024\/09\/13\/la-artesania-de-lorca-presente-en-intergift-la-feria-internacional-del-regalo-y-la-decoracion\/#breadcrumb"},"inLanguage":"es","potentialAction":[{"@type":"ReadAction","target":["https:\/\/arealorcaradio.es\/index.php\/2024\/09\/13\/la-artesania-de-lorca-presente-en-intergift-la-feria-internacional-del-regalo-y-la-decoracion\/"]}]},{"@type":"ImageObject","inLanguage":"es","@id":"https:\/\/arealorcaradio.es\/index.php\/2024\/09\/13\/la-artesania-de-lorca-presente-en-intergift-la-feria-internacional-del-regalo-y-la-decoracion\/#primaryimage","url":"https:\/\/arealorcaradio.es\/wp-content\/uploads\/2024\/09\/IMG-20240912-WA0042.jpg","contentUrl":"https:\/\/arealorcaradio.es\/wp-content\/uploads\/2024\/09\/IMG-20240912-WA0042.jpg","width":2048,"height":921},{"@type":"BreadcrumbList","@id":"https:\/\/arealorcaradio.es\/index.php\/2024\/09\/13\/la-artesania-de-lorca-presente-en-intergift-la-feria-internacional-del-regalo-y-la-decoracion\/#breadcrumb","itemListElement":[{"@type":"ListItem","position":1,"name":"Portada","item":"https:\/\/arealorcaradio.es\/"},{"@type":"ListItem","position":2,"name":"La artesan\u00eda de Lorca, presente en Intergift, la feria internacional del regalo y la decoraci\u00f3n"}]},{"@type":"WebSite","@id":"https:\/\/arealorcaradio.es\/#website","url":"https:\/\/arealorcaradio.es\/","name":"AREA LORCA RADIO","description":"Descubre la programaci\u00f3n actual en \u00c1rea Lorca Radio, tu fuente de entrenamiento y noticias locales. Sintoniza ahora y mantente conectado online.","potentialAction":[{"@type":"SearchAction","target":{"@type":"EntryPoint","urlTemplate":"https:\/\/arealorcaradio.es\/?s={search_term_string}"},"query-input":{"@type":"PropertyValueSpecification","valueRequired":true,"valueName":"search_term_string"}}],"inLanguage":"es"},{"@type":"Person","@id":"https:\/\/arealorcaradio.es\/#\/schema\/person\/9fae605fc25b0f2c83c1ab207139bd27","name":"Paco S\u00e1nchez","image":{"@type":"ImageObject","inLanguage":"es","@id":"https:\/\/secure.gravatar.com\/avatar\/d67144e966420fb74aa84c9f2a0103be4724fd14db52b52d3b6bca749f257e79?s=96&d=mm&r=g","url":"https:\/\/secure.gravatar.com\/avatar\/d67144e966420fb74aa84c9f2a0103be4724fd14db52b52d3b6bca749f257e79?s=96&d=mm&r=g","contentUrl":"https:\/\/secure.gravatar.com\/avatar\/d67144e966420fb74aa84c9f2a0103be4724fd14db52b52d3b6bca749f257e79?s=96&d=mm&r=g","caption":"Paco S\u00e1nchez"},"sameAs":["https:\/\/arealorcaradio.es"],"url":"https:\/\/arealorcaradio.es\/index.php\/author\/admin_alorcaradio\/"}]}},"_links":{"self":[{"href":"https:\/\/arealorcaradio.es\/index.php\/wp-json\/wp\/v2\/posts\/4087","targetHints":{"allow":["GET"]}}],"collection":[{"href":"https:\/\/arealorcaradio.es\/index.php\/wp-json\/wp\/v2\/posts"}],"about":[{"href":"https:\/\/arealorcaradio.es\/index.php\/wp-json\/wp\/v2\/types\/post"}],"author":[{"embeddable":true,"href":"https:\/\/arealorcaradio.es\/index.php\/wp-json\/wp\/v2\/users\/1"}],"replies":[{"embeddable":true,"href":"https:\/\/arealorcaradio.es\/index.php\/wp-json\/wp\/v2\/comments?post=4087"}],"version-history":[{"count":1,"href":"https:\/\/arealorcaradio.es\/index.php\/wp-json\/wp\/v2\/posts\/4087\/revisions"}],"predecessor-version":[{"id":4093,"href":"https:\/\/arealorcaradio.es\/index.php\/wp-json\/wp\/v2\/posts\/4087\/revisions\/4093"}],"wp:featuredmedia":[{"embeddable":true,"href":"https:\/\/arealorcaradio.es\/index.php\/wp-json\/wp\/v2\/media\/4092"}],"wp:attachment":[{"href":"https:\/\/arealorcaradio.es\/index.php\/wp-json\/wp\/v2\/media?parent=4087"}],"wp:term":[{"taxonomy":"category","embeddable":true,"href":"https:\/\/arealorcaradio.es\/index.php\/wp-json\/wp\/v2\/categories?post=4087"},{"taxonomy":"post_tag","embeddable":true,"href":"https:\/\/arealorcaradio.es\/index.php\/wp-json\/wp\/v2\/tags?post=4087"}],"curies":[{"name":"wp","href":"https:\/\/api.w.org\/{rel}","templated":true}]}}