{"id":4050,"date":"2024-09-11T07:48:35","date_gmt":"2024-09-11T07:48:35","guid":{"rendered":"https:\/\/arealorcaradio.es\/?p=4050"},"modified":"2024-09-11T07:48:35","modified_gmt":"2024-09-11T07:48:35","slug":"por-primera-vez-en-la-historia-los-visitantes-pueden-contemplar-a-la-virgen-de-la-amargura-de-cerca-y-compartir-un-momento-unico-de-recogimiento","status":"publish","type":"post","link":"https:\/\/arealorcaradio.es\/index.php\/2024\/09\/11\/por-primera-vez-en-la-historia-los-visitantes-pueden-contemplar-a-la-virgen-de-la-amargura-de-cerca-y-compartir-un-momento-unico-de-recogimiento\/","title":{"rendered":"Por primera vez en la Historia, los visitantes pueden contemplar a la Virgen de la Amargura de cerca y compartir un momento \u00fanico de recogimiento"},"content":{"rendered":"<p>\u00c1REA LORCA RADIO.<\/p>\n<p>Escucha aqu\u00ed la entrevista que ha concedido el presidente del Paso Blanco, Ram\u00f3n Mateos a Paco S\u00e1nchez en el magazine \u00c1rea Lorca Actualidad.<\/p>\n<audio class=\"wp-audio-shortcode\" id=\"audio-4050-1\" preload=\"none\" style=\"width: 100%;\" controls=\"controls\"><source type=\"audio\/mpeg\" src=\"https:\/\/arealorcaradio.es\/wp-content\/uploads\/2024\/09\/100924-RAMON-MATEOS.-BESAMANOS-AMARGURA.mp3?_=1\" \/><a href=\"https:\/\/arealorcaradio.es\/wp-content\/uploads\/2024\/09\/100924-RAMON-MATEOS.-BESAMANOS-AMARGURA.mp3\">https:\/\/arealorcaradio.es\/wp-content\/uploads\/2024\/09\/100924-RAMON-MATEOS.-BESAMANOS-AMARGURA.mp3<\/a><\/audio>\n<p>Con motivo de esta efem\u00e9ride la cofrad\u00eda organiza un besamanos extraordinario a la Amargura los d\u00edas 10, 11 y 12 de septiembre.<\/p>\n<p>El besamanos es un acto de culto que permite a los fieles acercarse a la Virgen y mostrar su devoci\u00f3n en un entorno de recogimiento e intimidad.<\/p>\n<p>La Virgen recibe a los fieles en el altar mayor de la Capilla del Rosario. \u00c9sta ser\u00e1 una ocasi\u00f3n muy especial, como explica el presidente de la cofrad\u00eda, Ram\u00f3n Mateos Padilla, ya que \u201cjam\u00e1s, en la historia del Paso Blanco la Virgen de la Amargura ha sido protagonista de un acto similar\u201d.<\/p>\n<p><img loading=\"lazy\" decoding=\"async\" class=\"alignnone size-medium wp-image-4053\" src=\"https:\/\/arealorcaradio.es\/wp-content\/uploads\/2024\/09\/FB_IMG_1725984350830-300x300.jpg\" alt=\"\" width=\"300\" height=\"300\" srcset=\"https:\/\/arealorcaradio.es\/wp-content\/uploads\/2024\/09\/FB_IMG_1725984350830-300x300.jpg 300w, https:\/\/arealorcaradio.es\/wp-content\/uploads\/2024\/09\/FB_IMG_1725984350830-150x150.jpg 150w, https:\/\/arealorcaradio.es\/wp-content\/uploads\/2024\/09\/FB_IMG_1725984350830.jpg 720w\" sizes=\"auto, (max-width: 300px) 100vw, 300px\" \/> <img loading=\"lazy\" decoding=\"async\" class=\"alignnone size-medium wp-image-4054\" src=\"https:\/\/arealorcaradio.es\/wp-content\/uploads\/2024\/09\/FB_IMG_1725984335675-300x300.jpg\" alt=\"\" width=\"300\" height=\"300\" srcset=\"https:\/\/arealorcaradio.es\/wp-content\/uploads\/2024\/09\/FB_IMG_1725984335675-300x300.jpg 300w, https:\/\/arealorcaradio.es\/wp-content\/uploads\/2024\/09\/FB_IMG_1725984335675-150x150.jpg 150w, https:\/\/arealorcaradio.es\/wp-content\/uploads\/2024\/09\/FB_IMG_1725984335675.jpg 720w\" sizes=\"auto, (max-width: 300px) 100vw, 300px\" \/><\/p>\n<p>Los lorquinos y visitantes podr\u00e1n disfrutar de este momento \u00fanico durante tres jornadas. Los d\u00edas 10 y 11 de septiembre, el horario ser\u00e1 de 10,30 a 13,30 horas por la ma\u00f1ana, y de 17,30 a 20,30 horas por la tarde; mientras que el 12 de septiembre s\u00f3lo se podr\u00e1 acceder a la Capilla por la ma\u00f1ana, ya que a las 20,30 horas se celebrar\u00e1 una solemne eucarist\u00eda con motivo del XXVII Aniversario de la Coronaci\u00f3n Can\u00f3nica de la Virgen. La celebraci\u00f3n ser\u00e1 oficiada por el Obispo, Monse\u00f1or D. Jos\u00e9 Manuel Lorca Planes, ya que se trata del tercer d\u00eda del Tiempo Jubilar concedido por el Obispado.<\/p>\n<p><strong>El Obispo, Mayordomo de Honor del Paso Blanco<\/strong><b><br \/>\n<\/b><br \/>\nAl finalizar la eucarist\u00eda, se conceder\u00e1 el t\u00edtulo de Mayordomo de Honor de la cofrad\u00eda blanca a Monse\u00f1or Lorca Planes, una distinci\u00f3n otorgada por la estrecha relaci\u00f3n que siempre ha tenido con Lorca y el cari\u00f1o que profesa a nuestra ciudad y su Semana Santa.<\/p>\n<p>Este nombramiento es adem\u00e1s un agradecimiento por haber concedido al Paso Blanco este Tiempo Jubilar que con tanta intensidad estamos viviendo junto a nuestra Virgen.<\/p>\n","protected":false},"excerpt":{"rendered":"<p>\u00c1REA LORCA RADIO. Escucha aqu\u00ed la entrevista que ha concedido el presidente del Paso Blanco, Ram\u00f3n Mateos a Paco S\u00e1nchez en el magazine \u00c1rea Lorca Actualidad. Con motivo de esta efem\u00e9ride la cofrad\u00eda organiza un besamanos extraordinario a la Amargura los d\u00edas 10, 11 y 12 de septiembre. El besamanos es un acto de culto [&hellip;]<\/p>\n","protected":false},"author":1,"featured_media":4055,"comment_status":"open","ping_status":"open","sticky":false,"template":"","format":"standard","meta":{"iawp_total_views":40,"footnotes":""},"categories":[5,7],"tags":[],"class_list":["post-4050","post","type-post","status-publish","format-standard","has-post-thumbnail","hentry","category-actualidad","category-lorca"],"yoast_head":"<!-- This site is optimized with the Yoast SEO plugin v27.5 - https:\/\/yoast.com\/product\/yoast-seo-wordpress\/ -->\n<title>Por primera vez en la Historia, los visitantes pueden contemplar a la Virgen de la Amargura de cerca y compartir un momento \u00fanico de recogimiento - AREA LORCA RADIO<\/title>\n<meta name=\"robots\" content=\"index, follow, max-snippet:-1, max-image-preview:large, max-video-preview:-1\" \/>\n<link rel=\"canonical\" href=\"https:\/\/arealorcaradio.es\/index.php\/2024\/09\/11\/por-primera-vez-en-la-historia-los-visitantes-pueden-contemplar-a-la-virgen-de-la-amargura-de-cerca-y-compartir-un-momento-unico-de-recogimiento\/\" \/>\n<meta property=\"og:locale\" content=\"es_ES\" \/>\n<meta property=\"og:type\" content=\"article\" \/>\n<meta property=\"og:title\" content=\"Por primera vez en la Historia, los visitantes pueden contemplar a la Virgen de la Amargura de cerca y compartir un momento \u00fanico de recogimiento - AREA LORCA RADIO\" \/>\n<meta property=\"og:description\" content=\"\u00c1REA LORCA RADIO. Escucha aqu\u00ed la entrevista que ha concedido el presidente del Paso Blanco, Ram\u00f3n Mateos a Paco S\u00e1nchez en el magazine \u00c1rea Lorca Actualidad. Con motivo de esta efem\u00e9ride la cofrad\u00eda organiza un besamanos extraordinario a la Amargura los d\u00edas 10, 11 y 12 de septiembre. El besamanos es un acto de culto [&hellip;]\" \/>\n<meta property=\"og:url\" content=\"https:\/\/arealorcaradio.es\/index.php\/2024\/09\/11\/por-primera-vez-en-la-historia-los-visitantes-pueden-contemplar-a-la-virgen-de-la-amargura-de-cerca-y-compartir-un-momento-unico-de-recogimiento\/\" \/>\n<meta property=\"og:site_name\" content=\"AREA LORCA RADIO\" \/>\n<meta property=\"article:published_time\" content=\"2024-09-11T07:48:35+00:00\" \/>\n<meta property=\"og:image\" content=\"https:\/\/arealorcaradio.es\/wp-content\/uploads\/2024\/09\/20240910_181642-1-scaled.jpg\" \/>\n\t<meta property=\"og:image:width\" content=\"2560\" \/>\n\t<meta property=\"og:image:height\" content=\"1920\" \/>\n\t<meta property=\"og:image:type\" content=\"image\/jpeg\" \/>\n<meta name=\"author\" content=\"Paco S\u00e1nchez\" \/>\n<meta name=\"twitter:card\" content=\"summary_large_image\" \/>\n<meta name=\"twitter:label1\" content=\"Escrito por\" \/>\n\t<meta name=\"twitter:data1\" content=\"Paco S\u00e1nchez\" \/>\n\t<meta name=\"twitter:label2\" content=\"Tiempo de lectura\" \/>\n\t<meta name=\"twitter:data2\" content=\"3 minutos\" \/>\n<script type=\"application\/ld+json\" class=\"yoast-schema-graph\">{\"@context\":\"https:\\\/\\\/schema.org\",\"@graph\":[{\"@type\":\"Article\",\"@id\":\"https:\\\/\\\/arealorcaradio.es\\\/index.php\\\/2024\\\/09\\\/11\\\/por-primera-vez-en-la-historia-los-visitantes-pueden-contemplar-a-la-virgen-de-la-amargura-de-cerca-y-compartir-un-momento-unico-de-recogimiento\\\/#article\",\"isPartOf\":{\"@id\":\"https:\\\/\\\/arealorcaradio.es\\\/index.php\\\/2024\\\/09\\\/11\\\/por-primera-vez-en-la-historia-los-visitantes-pueden-contemplar-a-la-virgen-de-la-amargura-de-cerca-y-compartir-un-momento-unico-de-recogimiento\\\/\"},\"author\":{\"name\":\"Paco S\u00e1nchez\",\"@id\":\"https:\\\/\\\/arealorcaradio.es\\\/#\\\/schema\\\/person\\\/9fae605fc25b0f2c83c1ab207139bd27\"},\"headline\":\"Por primera vez en la Historia, los visitantes pueden contemplar a la Virgen de la Amargura de cerca y compartir un momento \u00fanico de recogimiento\",\"datePublished\":\"2024-09-11T07:48:35+00:00\",\"mainEntityOfPage\":{\"@id\":\"https:\\\/\\\/arealorcaradio.es\\\/index.php\\\/2024\\\/09\\\/11\\\/por-primera-vez-en-la-historia-los-visitantes-pueden-contemplar-a-la-virgen-de-la-amargura-de-cerca-y-compartir-un-momento-unico-de-recogimiento\\\/\"},\"wordCount\":365,\"commentCount\":0,\"image\":{\"@id\":\"https:\\\/\\\/arealorcaradio.es\\\/index.php\\\/2024\\\/09\\\/11\\\/por-primera-vez-en-la-historia-los-visitantes-pueden-contemplar-a-la-virgen-de-la-amargura-de-cerca-y-compartir-un-momento-unico-de-recogimiento\\\/#primaryimage\"},\"thumbnailUrl\":\"https:\\\/\\\/arealorcaradio.es\\\/wp-content\\\/uploads\\\/2024\\\/09\\\/20240910_181642-1-scaled.jpg\",\"articleSection\":[\"ACTUALIDAD\",\"LORCA\"],\"inLanguage\":\"es\",\"potentialAction\":[{\"@type\":\"CommentAction\",\"name\":\"Comment\",\"target\":[\"https:\\\/\\\/arealorcaradio.es\\\/index.php\\\/2024\\\/09\\\/11\\\/por-primera-vez-en-la-historia-los-visitantes-pueden-contemplar-a-la-virgen-de-la-amargura-de-cerca-y-compartir-un-momento-unico-de-recogimiento\\\/#respond\"]}]},{\"@type\":\"WebPage\",\"@id\":\"https:\\\/\\\/arealorcaradio.es\\\/index.php\\\/2024\\\/09\\\/11\\\/por-primera-vez-en-la-historia-los-visitantes-pueden-contemplar-a-la-virgen-de-la-amargura-de-cerca-y-compartir-un-momento-unico-de-recogimiento\\\/\",\"url\":\"https:\\\/\\\/arealorcaradio.es\\\/index.php\\\/2024\\\/09\\\/11\\\/por-primera-vez-en-la-historia-los-visitantes-pueden-contemplar-a-la-virgen-de-la-amargura-de-cerca-y-compartir-un-momento-unico-de-recogimiento\\\/\",\"name\":\"Por primera vez en la Historia, los visitantes pueden contemplar a la Virgen de la Amargura de cerca y compartir un momento \u00fanico de recogimiento - AREA LORCA RADIO\",\"isPartOf\":{\"@id\":\"https:\\\/\\\/arealorcaradio.es\\\/#website\"},\"primaryImageOfPage\":{\"@id\":\"https:\\\/\\\/arealorcaradio.es\\\/index.php\\\/2024\\\/09\\\/11\\\/por-primera-vez-en-la-historia-los-visitantes-pueden-contemplar-a-la-virgen-de-la-amargura-de-cerca-y-compartir-un-momento-unico-de-recogimiento\\\/#primaryimage\"},\"image\":{\"@id\":\"https:\\\/\\\/arealorcaradio.es\\\/index.php\\\/2024\\\/09\\\/11\\\/por-primera-vez-en-la-historia-los-visitantes-pueden-contemplar-a-la-virgen-de-la-amargura-de-cerca-y-compartir-un-momento-unico-de-recogimiento\\\/#primaryimage\"},\"thumbnailUrl\":\"https:\\\/\\\/arealorcaradio.es\\\/wp-content\\\/uploads\\\/2024\\\/09\\\/20240910_181642-1-scaled.jpg\",\"datePublished\":\"2024-09-11T07:48:35+00:00\",\"author\":{\"@id\":\"https:\\\/\\\/arealorcaradio.es\\\/#\\\/schema\\\/person\\\/9fae605fc25b0f2c83c1ab207139bd27\"},\"breadcrumb\":{\"@id\":\"https:\\\/\\\/arealorcaradio.es\\\/index.php\\\/2024\\\/09\\\/11\\\/por-primera-vez-en-la-historia-los-visitantes-pueden-contemplar-a-la-virgen-de-la-amargura-de-cerca-y-compartir-un-momento-unico-de-recogimiento\\\/#breadcrumb\"},\"inLanguage\":\"es\",\"potentialAction\":[{\"@type\":\"ReadAction\",\"target\":[\"https:\\\/\\\/arealorcaradio.es\\\/index.php\\\/2024\\\/09\\\/11\\\/por-primera-vez-en-la-historia-los-visitantes-pueden-contemplar-a-la-virgen-de-la-amargura-de-cerca-y-compartir-un-momento-unico-de-recogimiento\\\/\"]}]},{\"@type\":\"ImageObject\",\"inLanguage\":\"es\",\"@id\":\"https:\\\/\\\/arealorcaradio.es\\\/index.php\\\/2024\\\/09\\\/11\\\/por-primera-vez-en-la-historia-los-visitantes-pueden-contemplar-a-la-virgen-de-la-amargura-de-cerca-y-compartir-un-momento-unico-de-recogimiento\\\/#primaryimage\",\"url\":\"https:\\\/\\\/arealorcaradio.es\\\/wp-content\\\/uploads\\\/2024\\\/09\\\/20240910_181642-1-scaled.jpg\",\"contentUrl\":\"https:\\\/\\\/arealorcaradio.es\\\/wp-content\\\/uploads\\\/2024\\\/09\\\/20240910_181642-1-scaled.jpg\",\"width\":2560,\"height\":1920},{\"@type\":\"BreadcrumbList\",\"@id\":\"https:\\\/\\\/arealorcaradio.es\\\/index.php\\\/2024\\\/09\\\/11\\\/por-primera-vez-en-la-historia-los-visitantes-pueden-contemplar-a-la-virgen-de-la-amargura-de-cerca-y-compartir-un-momento-unico-de-recogimiento\\\/#breadcrumb\",\"itemListElement\":[{\"@type\":\"ListItem\",\"position\":1,\"name\":\"Portada\",\"item\":\"https:\\\/\\\/arealorcaradio.es\\\/\"},{\"@type\":\"ListItem\",\"position\":2,\"name\":\"Por primera vez en la Historia, los visitantes pueden contemplar a la Virgen de la Amargura de cerca y compartir un momento \u00fanico de recogimiento\"}]},{\"@type\":\"WebSite\",\"@id\":\"https:\\\/\\\/arealorcaradio.es\\\/#website\",\"url\":\"https:\\\/\\\/arealorcaradio.es\\\/\",\"name\":\"AREA LORCA RADIO\",\"description\":\"Descubre la programaci\u00f3n actual en \u00c1rea Lorca Radio, tu fuente de entrenamiento y noticias locales. Sintoniza ahora y mantente conectado online.\",\"potentialAction\":[{\"@type\":\"SearchAction\",\"target\":{\"@type\":\"EntryPoint\",\"urlTemplate\":\"https:\\\/\\\/arealorcaradio.es\\\/?s={search_term_string}\"},\"query-input\":{\"@type\":\"PropertyValueSpecification\",\"valueRequired\":true,\"valueName\":\"search_term_string\"}}],\"inLanguage\":\"es\"},{\"@type\":\"Person\",\"@id\":\"https:\\\/\\\/arealorcaradio.es\\\/#\\\/schema\\\/person\\\/9fae605fc25b0f2c83c1ab207139bd27\",\"name\":\"Paco S\u00e1nchez\",\"image\":{\"@type\":\"ImageObject\",\"inLanguage\":\"es\",\"@id\":\"https:\\\/\\\/secure.gravatar.com\\\/avatar\\\/d67144e966420fb74aa84c9f2a0103be4724fd14db52b52d3b6bca749f257e79?s=96&d=mm&r=g\",\"url\":\"https:\\\/\\\/secure.gravatar.com\\\/avatar\\\/d67144e966420fb74aa84c9f2a0103be4724fd14db52b52d3b6bca749f257e79?s=96&d=mm&r=g\",\"contentUrl\":\"https:\\\/\\\/secure.gravatar.com\\\/avatar\\\/d67144e966420fb74aa84c9f2a0103be4724fd14db52b52d3b6bca749f257e79?s=96&d=mm&r=g\",\"caption\":\"Paco S\u00e1nchez\"},\"sameAs\":[\"https:\\\/\\\/arealorcaradio.es\"],\"url\":\"https:\\\/\\\/arealorcaradio.es\\\/index.php\\\/author\\\/admin_alorcaradio\\\/\"}]}<\/script>\n<!-- \/ Yoast SEO plugin. -->","yoast_head_json":{"title":"Por primera vez en la Historia, los visitantes pueden contemplar a la Virgen de la Amargura de cerca y compartir un momento \u00fanico de recogimiento - AREA LORCA RADIO","robots":{"index":"index","follow":"follow","max-snippet":"max-snippet:-1","max-image-preview":"max-image-preview:large","max-video-preview":"max-video-preview:-1"},"canonical":"https:\/\/arealorcaradio.es\/index.php\/2024\/09\/11\/por-primera-vez-en-la-historia-los-visitantes-pueden-contemplar-a-la-virgen-de-la-amargura-de-cerca-y-compartir-un-momento-unico-de-recogimiento\/","og_locale":"es_ES","og_type":"article","og_title":"Por primera vez en la Historia, los visitantes pueden contemplar a la Virgen de la Amargura de cerca y compartir un momento \u00fanico de recogimiento - AREA LORCA RADIO","og_description":"\u00c1REA LORCA RADIO. Escucha aqu\u00ed la entrevista que ha concedido el presidente del Paso Blanco, Ram\u00f3n Mateos a Paco S\u00e1nchez en el magazine \u00c1rea Lorca Actualidad. Con motivo de esta efem\u00e9ride la cofrad\u00eda organiza un besamanos extraordinario a la Amargura los d\u00edas 10, 11 y 12 de septiembre. El besamanos es un acto de culto [&hellip;]","og_url":"https:\/\/arealorcaradio.es\/index.php\/2024\/09\/11\/por-primera-vez-en-la-historia-los-visitantes-pueden-contemplar-a-la-virgen-de-la-amargura-de-cerca-y-compartir-un-momento-unico-de-recogimiento\/","og_site_name":"AREA LORCA RADIO","article_published_time":"2024-09-11T07:48:35+00:00","og_image":[{"width":2560,"height":1920,"url":"https:\/\/arealorcaradio.es\/wp-content\/uploads\/2024\/09\/20240910_181642-1-scaled.jpg","type":"image\/jpeg"}],"author":"Paco S\u00e1nchez","twitter_card":"summary_large_image","twitter_misc":{"Escrito por":"Paco S\u00e1nchez","Tiempo de lectura":"3 minutos"},"schema":{"@context":"https:\/\/schema.org","@graph":[{"@type":"Article","@id":"https:\/\/arealorcaradio.es\/index.php\/2024\/09\/11\/por-primera-vez-en-la-historia-los-visitantes-pueden-contemplar-a-la-virgen-de-la-amargura-de-cerca-y-compartir-un-momento-unico-de-recogimiento\/#article","isPartOf":{"@id":"https:\/\/arealorcaradio.es\/index.php\/2024\/09\/11\/por-primera-vez-en-la-historia-los-visitantes-pueden-contemplar-a-la-virgen-de-la-amargura-de-cerca-y-compartir-un-momento-unico-de-recogimiento\/"},"author":{"name":"Paco S\u00e1nchez","@id":"https:\/\/arealorcaradio.es\/#\/schema\/person\/9fae605fc25b0f2c83c1ab207139bd27"},"headline":"Por primera vez en la Historia, los visitantes pueden contemplar a la Virgen de la Amargura de cerca y compartir un momento \u00fanico de recogimiento","datePublished":"2024-09-11T07:48:35+00:00","mainEntityOfPage":{"@id":"https:\/\/arealorcaradio.es\/index.php\/2024\/09\/11\/por-primera-vez-en-la-historia-los-visitantes-pueden-contemplar-a-la-virgen-de-la-amargura-de-cerca-y-compartir-un-momento-unico-de-recogimiento\/"},"wordCount":365,"commentCount":0,"image":{"@id":"https:\/\/arealorcaradio.es\/index.php\/2024\/09\/11\/por-primera-vez-en-la-historia-los-visitantes-pueden-contemplar-a-la-virgen-de-la-amargura-de-cerca-y-compartir-un-momento-unico-de-recogimiento\/#primaryimage"},"thumbnailUrl":"https:\/\/arealorcaradio.es\/wp-content\/uploads\/2024\/09\/20240910_181642-1-scaled.jpg","articleSection":["ACTUALIDAD","LORCA"],"inLanguage":"es","potentialAction":[{"@type":"CommentAction","name":"Comment","target":["https:\/\/arealorcaradio.es\/index.php\/2024\/09\/11\/por-primera-vez-en-la-historia-los-visitantes-pueden-contemplar-a-la-virgen-de-la-amargura-de-cerca-y-compartir-un-momento-unico-de-recogimiento\/#respond"]}]},{"@type":"WebPage","@id":"https:\/\/arealorcaradio.es\/index.php\/2024\/09\/11\/por-primera-vez-en-la-historia-los-visitantes-pueden-contemplar-a-la-virgen-de-la-amargura-de-cerca-y-compartir-un-momento-unico-de-recogimiento\/","url":"https:\/\/arealorcaradio.es\/index.php\/2024\/09\/11\/por-primera-vez-en-la-historia-los-visitantes-pueden-contemplar-a-la-virgen-de-la-amargura-de-cerca-y-compartir-un-momento-unico-de-recogimiento\/","name":"Por primera vez en la Historia, los visitantes pueden contemplar a la Virgen de la Amargura de cerca y compartir un momento \u00fanico de recogimiento - AREA LORCA RADIO","isPartOf":{"@id":"https:\/\/arealorcaradio.es\/#website"},"primaryImageOfPage":{"@id":"https:\/\/arealorcaradio.es\/index.php\/2024\/09\/11\/por-primera-vez-en-la-historia-los-visitantes-pueden-contemplar-a-la-virgen-de-la-amargura-de-cerca-y-compartir-un-momento-unico-de-recogimiento\/#primaryimage"},"image":{"@id":"https:\/\/arealorcaradio.es\/index.php\/2024\/09\/11\/por-primera-vez-en-la-historia-los-visitantes-pueden-contemplar-a-la-virgen-de-la-amargura-de-cerca-y-compartir-un-momento-unico-de-recogimiento\/#primaryimage"},"thumbnailUrl":"https:\/\/arealorcaradio.es\/wp-content\/uploads\/2024\/09\/20240910_181642-1-scaled.jpg","datePublished":"2024-09-11T07:48:35+00:00","author":{"@id":"https:\/\/arealorcaradio.es\/#\/schema\/person\/9fae605fc25b0f2c83c1ab207139bd27"},"breadcrumb":{"@id":"https:\/\/arealorcaradio.es\/index.php\/2024\/09\/11\/por-primera-vez-en-la-historia-los-visitantes-pueden-contemplar-a-la-virgen-de-la-amargura-de-cerca-y-compartir-un-momento-unico-de-recogimiento\/#breadcrumb"},"inLanguage":"es","potentialAction":[{"@type":"ReadAction","target":["https:\/\/arealorcaradio.es\/index.php\/2024\/09\/11\/por-primera-vez-en-la-historia-los-visitantes-pueden-contemplar-a-la-virgen-de-la-amargura-de-cerca-y-compartir-un-momento-unico-de-recogimiento\/"]}]},{"@type":"ImageObject","inLanguage":"es","@id":"https:\/\/arealorcaradio.es\/index.php\/2024\/09\/11\/por-primera-vez-en-la-historia-los-visitantes-pueden-contemplar-a-la-virgen-de-la-amargura-de-cerca-y-compartir-un-momento-unico-de-recogimiento\/#primaryimage","url":"https:\/\/arealorcaradio.es\/wp-content\/uploads\/2024\/09\/20240910_181642-1-scaled.jpg","contentUrl":"https:\/\/arealorcaradio.es\/wp-content\/uploads\/2024\/09\/20240910_181642-1-scaled.jpg","width":2560,"height":1920},{"@type":"BreadcrumbList","@id":"https:\/\/arealorcaradio.es\/index.php\/2024\/09\/11\/por-primera-vez-en-la-historia-los-visitantes-pueden-contemplar-a-la-virgen-de-la-amargura-de-cerca-y-compartir-un-momento-unico-de-recogimiento\/#breadcrumb","itemListElement":[{"@type":"ListItem","position":1,"name":"Portada","item":"https:\/\/arealorcaradio.es\/"},{"@type":"ListItem","position":2,"name":"Por primera vez en la Historia, los visitantes pueden contemplar a la Virgen de la Amargura de cerca y compartir un momento \u00fanico de recogimiento"}]},{"@type":"WebSite","@id":"https:\/\/arealorcaradio.es\/#website","url":"https:\/\/arealorcaradio.es\/","name":"AREA LORCA RADIO","description":"Descubre la programaci\u00f3n actual en \u00c1rea Lorca Radio, tu fuente de entrenamiento y noticias locales. Sintoniza ahora y mantente conectado online.","potentialAction":[{"@type":"SearchAction","target":{"@type":"EntryPoint","urlTemplate":"https:\/\/arealorcaradio.es\/?s={search_term_string}"},"query-input":{"@type":"PropertyValueSpecification","valueRequired":true,"valueName":"search_term_string"}}],"inLanguage":"es"},{"@type":"Person","@id":"https:\/\/arealorcaradio.es\/#\/schema\/person\/9fae605fc25b0f2c83c1ab207139bd27","name":"Paco S\u00e1nchez","image":{"@type":"ImageObject","inLanguage":"es","@id":"https:\/\/secure.gravatar.com\/avatar\/d67144e966420fb74aa84c9f2a0103be4724fd14db52b52d3b6bca749f257e79?s=96&d=mm&r=g","url":"https:\/\/secure.gravatar.com\/avatar\/d67144e966420fb74aa84c9f2a0103be4724fd14db52b52d3b6bca749f257e79?s=96&d=mm&r=g","contentUrl":"https:\/\/secure.gravatar.com\/avatar\/d67144e966420fb74aa84c9f2a0103be4724fd14db52b52d3b6bca749f257e79?s=96&d=mm&r=g","caption":"Paco S\u00e1nchez"},"sameAs":["https:\/\/arealorcaradio.es"],"url":"https:\/\/arealorcaradio.es\/index.php\/author\/admin_alorcaradio\/"}]}},"_links":{"self":[{"href":"https:\/\/arealorcaradio.es\/index.php\/wp-json\/wp\/v2\/posts\/4050","targetHints":{"allow":["GET"]}}],"collection":[{"href":"https:\/\/arealorcaradio.es\/index.php\/wp-json\/wp\/v2\/posts"}],"about":[{"href":"https:\/\/arealorcaradio.es\/index.php\/wp-json\/wp\/v2\/types\/post"}],"author":[{"embeddable":true,"href":"https:\/\/arealorcaradio.es\/index.php\/wp-json\/wp\/v2\/users\/1"}],"replies":[{"embeddable":true,"href":"https:\/\/arealorcaradio.es\/index.php\/wp-json\/wp\/v2\/comments?post=4050"}],"version-history":[{"count":2,"href":"https:\/\/arealorcaradio.es\/index.php\/wp-json\/wp\/v2\/posts\/4050\/revisions"}],"predecessor-version":[{"id":4057,"href":"https:\/\/arealorcaradio.es\/index.php\/wp-json\/wp\/v2\/posts\/4050\/revisions\/4057"}],"wp:featuredmedia":[{"embeddable":true,"href":"https:\/\/arealorcaradio.es\/index.php\/wp-json\/wp\/v2\/media\/4055"}],"wp:attachment":[{"href":"https:\/\/arealorcaradio.es\/index.php\/wp-json\/wp\/v2\/media?parent=4050"}],"wp:term":[{"taxonomy":"category","embeddable":true,"href":"https:\/\/arealorcaradio.es\/index.php\/wp-json\/wp\/v2\/categories?post=4050"},{"taxonomy":"post_tag","embeddable":true,"href":"https:\/\/arealorcaradio.es\/index.php\/wp-json\/wp\/v2\/tags?post=4050"}],"curies":[{"name":"wp","href":"https:\/\/api.w.org\/{rel}","templated":true}]}}