{"id":4041,"date":"2024-09-11T07:48:17","date_gmt":"2024-09-11T07:48:17","guid":{"rendered":"https:\/\/arealorcaradio.es\/?p=4041"},"modified":"2024-09-11T07:48:17","modified_gmt":"2024-09-11T07:48:17","slug":"el-ayuntamiento-de-lorca-desarrolla-un-plan-municipal-de-prevencion-de-conductas-suicidas","status":"publish","type":"post","link":"https:\/\/arealorcaradio.es\/index.php\/2024\/09\/11\/el-ayuntamiento-de-lorca-desarrolla-un-plan-municipal-de-prevencion-de-conductas-suicidas\/","title":{"rendered":"El Ayuntamiento de Lorca desarrolla un plan municipal de prevenci\u00f3n de conductas suicidas"},"content":{"rendered":"<p>\u00c1REA LORCA RADIO.<\/p>\n<p>Escucha aqu\u00ed la entrevista que ha concedido a Paco S\u00e1nchez en el magazine \u00c1rea Lorca Actualidad, el psic\u00f3logo del Servicio de Emergencias del Ayuntamiento de Lorca, Antonio Var\u00f3n.<\/p>\n<audio class=\"wp-audio-shortcode\" id=\"audio-4041-1\" preload=\"none\" style=\"width: 100%;\" controls=\"controls\"><source type=\"audio\/mpeg\" src=\"https:\/\/arealorcaradio.es\/wp-content\/uploads\/2024\/09\/100924-ANTONIO-VARON.-PSICOLOGO-EMERGENCIAS.mp3?_=1\" \/><a href=\"https:\/\/arealorcaradio.es\/wp-content\/uploads\/2024\/09\/100924-ANTONIO-VARON.-PSICOLOGO-EMERGENCIAS.mp3\">https:\/\/arealorcaradio.es\/wp-content\/uploads\/2024\/09\/100924-ANTONIO-VARON.-PSICOLOGO-EMERGENCIAS.mp3<\/a><\/audio>\n<p class=\"v1MsoNormal\"><b>Lorca, 10 de septiembre de 2024.<\/b>\u00a0El concejal de Emergencias y Protecci\u00f3n Civil del Ayuntamiento de Lorca, Jos\u00e9 Mart\u00ednez, ha anunciado la puesta en marcha de un plan municipal de prevenci\u00f3n del suicidio, destinado a toda la poblaci\u00f3n en general, con especial \u00e9nfasis en j\u00f3venes y adolescentes, que versar\u00e1, fundamentalmente, sobre los factores de protecci\u00f3n ante el fen\u00f3meno del suicidio. Lorca se convierte as\u00ed en pionera al ser el primer municipio de la Regi\u00f3n de Murcia, y uno de los primeros de Espa\u00f1a, que activa un programa de este tipo en el \u00e1mbito local.<\/p>\n<p class=\"v1MsoNormal\"><img loading=\"lazy\" decoding=\"async\" class=\"alignnone size-medium wp-image-4046\" src=\"https:\/\/arealorcaradio.es\/wp-content\/uploads\/2024\/09\/20240910_171245-300x225.jpg\" alt=\"\" width=\"300\" height=\"225\" srcset=\"https:\/\/arealorcaradio.es\/wp-content\/uploads\/2024\/09\/20240910_171245-300x225.jpg 300w, https:\/\/arealorcaradio.es\/wp-content\/uploads\/2024\/09\/20240910_171245-1024x768.jpg 1024w, https:\/\/arealorcaradio.es\/wp-content\/uploads\/2024\/09\/20240910_171245-768x576.jpg 768w, https:\/\/arealorcaradio.es\/wp-content\/uploads\/2024\/09\/20240910_171245-1536x1152.jpg 1536w, https:\/\/arealorcaradio.es\/wp-content\/uploads\/2024\/09\/20240910_171245-2048x1536.jpg 2048w, https:\/\/arealorcaradio.es\/wp-content\/uploads\/2024\/09\/20240910_171245-86x64.jpg 86w\" sizes=\"auto, (max-width: 300px) 100vw, 300px\" \/> <img loading=\"lazy\" decoding=\"async\" class=\"alignnone wp-image-4047\" src=\"https:\/\/arealorcaradio.es\/wp-content\/uploads\/2024\/09\/FOTO1-300x217.jpeg\" alt=\"\" width=\"308\" height=\"223\" srcset=\"https:\/\/arealorcaradio.es\/wp-content\/uploads\/2024\/09\/FOTO1-300x217.jpeg 300w, https:\/\/arealorcaradio.es\/wp-content\/uploads\/2024\/09\/FOTO1-1024x741.jpeg 1024w, https:\/\/arealorcaradio.es\/wp-content\/uploads\/2024\/09\/FOTO1-768x556.jpeg 768w, https:\/\/arealorcaradio.es\/wp-content\/uploads\/2024\/09\/FOTO1-1536x1111.jpeg 1536w, https:\/\/arealorcaradio.es\/wp-content\/uploads\/2024\/09\/FOTO1.jpeg 1599w\" sizes=\"auto, (max-width: 308px) 100vw, 308px\" \/><\/p>\n<p class=\"v1MsoNormal\">El anuncio lo ha realizado en el marco de la celebraci\u00f3n del D\u00eda Mundial contra el Suicidio. Dicho plan ser\u00e1 implementado desde la propia concejal\u00eda de Emergencias y Protecci\u00f3n Civil, a trav\u00e9s de su unidad de psicolog\u00eda en coordinaci\u00f3n con el resto de \u00e1reas municipales implicadas, como Derechos Sociales, Deportes o Educaci\u00f3n, entre otras, y contempla diversas acciones prolongadas en el tiempo dirigidas a sensibilizar sobre esta problem\u00e1tica y a ofrecer una serie pautas que favorezcan la prevenci\u00f3n y la transmisi\u00f3n de todos aquellos aspectos protectores dirigidos a mejorar la calidad de vida de las personas y la promoci\u00f3n de la resiliencia ante ideas y conductas suicidas.<\/p>\n<p class=\"v1MsoNormal\">Cabe destacar que esta activaci\u00f3n no ha supuesto coste a\u00f1adido a los presupuestos municipales, habiendo aprovechado el personal especializado de la unidad y los recursos propios existentes, contempl\u00e1ndose acuerdos con entidades y administraciones para los gastos en lo referente al material informativo que se expida.<\/p>\n<p class=\"v1MsoNormal\">\u00abEn consonancia con las indicaciones de la Organizaci\u00f3n Mundial de la Salud, este plan se fundamenta en las aportaciones que la evidencia cient\u00edfica hace en materia de prevenci\u00f3n del suicidio, enfatizando la importancia del contexto y la persona, entendiendo la conducta suicida desde un enfoque multifactorial, contextual y transdiagn\u00f3stico\u00bb, ha indicado el edil, que ha a\u00f1adido que \u00abesto implica abordar la prevenci\u00f3n desde una perspectiva social, comunitaria y educativa, con implicaci\u00f3n de todos los agentes sociales y con la psicolog\u00eda como eje principal\u00bb.<\/p>\n<p class=\"v1MsoNormal\">Por ello, \u00abplantea estrategias de prevenci\u00f3n multicomponentes e integradoras, dirigidas no s\u00f3lo a la poblaci\u00f3n de alto riesgo, sino a toda la poblaci\u00f3n en general\u00bb; y lo hace abordando la prevenci\u00f3n desde 5 niveles de actuaci\u00f3n.<\/p>\n<p class=\"v1MsoNormal\">El primero de ellos centrado en la intervenci\u00f3n con la poblaci\u00f3n en general, especialmente j\u00f3venes y adolescentes mediante estrategias que permitan sensibilizar y comprender el suicidio, evitando la estigmatizaci\u00f3n, el tab\u00fa y los mitos que rodean el pensamiento o la conducta suicida.<\/p>\n<p class=\"v1MsoNormal\">El segundo atiende a la implicaci\u00f3n de asociaciones y entidades educativas, fomentando los factores de protecci\u00f3n, especialmente en el contexto escolar y universitario. Las principales habilidades a transmitir estar\u00e1n relacionadas con la gesti\u00f3n del sufrimiento, el dolor emocional y la conexi\u00f3n con la sociedad.<\/p>\n<p class=\"v1MsoNormal\">El tercero versar\u00e1 en la formaci\u00f3n para agentes y referentes sociales que permita conocer las estrategias de actuaci\u00f3n y los factores de protecci\u00f3n mediante\u00a0<b>talleres, seminarios y jornadas<\/b>, dirigidos a sanitarios, educadores, fuerzas de orden y seguridad, entrenadores deportivos, trabajadores sociales, psic\u00f3logos, etc.<\/p>\n<p class=\"v1MsoNormal\">El cuarto permitir\u00e1 proporcionar apoyo y acceso a los recursos de personas afectadas directa o indirectamente por el problema, asesorando no s\u00f3lo a la poblaci\u00f3n de riesgo sino tambi\u00e9n a las familias, proporcionando apoyo inmediato a trav\u00e9s del 112 tras un suicidio consumado.<\/p>\n<p class=\"v1MsoNormal\">El quinto, pero no por ello menos importante, se centrar\u00e1 en el observatorio y seguimiento de conductas autolesivas y tentativas, con el fin de evaluar la efectividad de las actividades y tareas que, precisamente, contempla el plan.<\/p>\n<p class=\"v1MsoNormal\">Para concluir, Mart\u00ednez ha querido dar la enhorabuena al equipo que ha desarrollado el programa, destacando \u00abel compromiso del Ayuntamiento con el desarrollo de pol\u00edticas de calado social ante las problem\u00e1ticas a las cuales se enfrenta la sociedad hoy d\u00eda, pensando, fundamentalmente, en aquellos que m\u00e1s lo necesitan. Comprender el drama vital, familiar y social que supone la conducta suicida es sumamente complejo.<b>\u00a0<\/b>Los datos de tentativas y suicidios consumados lo ha convertido en un problema social, comunitario, educativo y, especialmente, de salud p\u00fablica, ante el cual las administraciones p\u00fablicas debemos actuar con todos los mecanismos a nuestro alcance en aras de la sensibilizaci\u00f3n, el conocimiento y la prevenci\u00f3n de la poblaci\u00f3n\u00bb.<\/p>\n","protected":false},"excerpt":{"rendered":"<p>\u00c1REA LORCA RADIO. Escucha aqu\u00ed la entrevista que ha concedido a Paco S\u00e1nchez en el magazine \u00c1rea Lorca Actualidad, el psic\u00f3logo del Servicio de Emergencias del Ayuntamiento de Lorca, Antonio Var\u00f3n. Lorca, 10 de septiembre de 2024.\u00a0El concejal de Emergencias y Protecci\u00f3n Civil del Ayuntamiento de Lorca, Jos\u00e9 Mart\u00ednez, ha anunciado la puesta en marcha [&hellip;]<\/p>\n","protected":false},"author":1,"featured_media":4044,"comment_status":"open","ping_status":"open","sticky":false,"template":"","format":"standard","meta":{"iawp_total_views":11,"footnotes":""},"categories":[5,7],"tags":[],"class_list":["post-4041","post","type-post","status-publish","format-standard","has-post-thumbnail","hentry","category-actualidad","category-lorca"],"yoast_head":"<!-- This site is optimized with the Yoast SEO plugin v27.5 - https:\/\/yoast.com\/product\/yoast-seo-wordpress\/ -->\n<title>El Ayuntamiento de Lorca desarrolla un plan municipal de prevenci\u00f3n de conductas suicidas - AREA LORCA RADIO<\/title>\n<meta name=\"robots\" content=\"index, follow, max-snippet:-1, max-image-preview:large, max-video-preview:-1\" \/>\n<link rel=\"canonical\" href=\"https:\/\/arealorcaradio.es\/index.php\/2024\/09\/11\/el-ayuntamiento-de-lorca-desarrolla-un-plan-municipal-de-prevencion-de-conductas-suicidas\/\" \/>\n<meta property=\"og:locale\" content=\"es_ES\" \/>\n<meta property=\"og:type\" content=\"article\" \/>\n<meta property=\"og:title\" content=\"El Ayuntamiento de Lorca desarrolla un plan municipal de prevenci\u00f3n de conductas suicidas - AREA LORCA RADIO\" \/>\n<meta property=\"og:description\" content=\"\u00c1REA LORCA RADIO. Escucha aqu\u00ed la entrevista que ha concedido a Paco S\u00e1nchez en el magazine \u00c1rea Lorca Actualidad, el psic\u00f3logo del Servicio de Emergencias del Ayuntamiento de Lorca, Antonio Var\u00f3n. Lorca, 10 de septiembre de 2024.\u00a0El concejal de Emergencias y Protecci\u00f3n Civil del Ayuntamiento de Lorca, Jos\u00e9 Mart\u00ednez, ha anunciado la puesta en marcha [&hellip;]\" \/>\n<meta property=\"og:url\" content=\"https:\/\/arealorcaradio.es\/index.php\/2024\/09\/11\/el-ayuntamiento-de-lorca-desarrolla-un-plan-municipal-de-prevencion-de-conductas-suicidas\/\" \/>\n<meta property=\"og:site_name\" content=\"AREA LORCA RADIO\" \/>\n<meta property=\"article:published_time\" content=\"2024-09-11T07:48:17+00:00\" \/>\n<meta property=\"og:image\" content=\"https:\/\/arealorcaradio.es\/wp-content\/uploads\/2024\/09\/20240910_171225-1-scaled.jpg\" \/>\n\t<meta property=\"og:image:width\" content=\"2560\" \/>\n\t<meta property=\"og:image:height\" content=\"1920\" \/>\n\t<meta property=\"og:image:type\" content=\"image\/jpeg\" \/>\n<meta name=\"author\" content=\"Paco S\u00e1nchez\" \/>\n<meta name=\"twitter:card\" content=\"summary_large_image\" \/>\n<meta name=\"twitter:label1\" content=\"Escrito por\" \/>\n\t<meta name=\"twitter:data1\" content=\"Paco S\u00e1nchez\" \/>\n\t<meta name=\"twitter:label2\" content=\"Tiempo de lectura\" \/>\n\t<meta name=\"twitter:data2\" content=\"4 minutos\" \/>\n<script type=\"application\/ld+json\" class=\"yoast-schema-graph\">{\"@context\":\"https:\\\/\\\/schema.org\",\"@graph\":[{\"@type\":\"Article\",\"@id\":\"https:\\\/\\\/arealorcaradio.es\\\/index.php\\\/2024\\\/09\\\/11\\\/el-ayuntamiento-de-lorca-desarrolla-un-plan-municipal-de-prevencion-de-conductas-suicidas\\\/#article\",\"isPartOf\":{\"@id\":\"https:\\\/\\\/arealorcaradio.es\\\/index.php\\\/2024\\\/09\\\/11\\\/el-ayuntamiento-de-lorca-desarrolla-un-plan-municipal-de-prevencion-de-conductas-suicidas\\\/\"},\"author\":{\"name\":\"Paco S\u00e1nchez\",\"@id\":\"https:\\\/\\\/arealorcaradio.es\\\/#\\\/schema\\\/person\\\/9fae605fc25b0f2c83c1ab207139bd27\"},\"headline\":\"El Ayuntamiento de Lorca desarrolla un plan municipal de prevenci\u00f3n de conductas suicidas\",\"datePublished\":\"2024-09-11T07:48:17+00:00\",\"mainEntityOfPage\":{\"@id\":\"https:\\\/\\\/arealorcaradio.es\\\/index.php\\\/2024\\\/09\\\/11\\\/el-ayuntamiento-de-lorca-desarrolla-un-plan-municipal-de-prevencion-de-conductas-suicidas\\\/\"},\"wordCount\":806,\"commentCount\":0,\"image\":{\"@id\":\"https:\\\/\\\/arealorcaradio.es\\\/index.php\\\/2024\\\/09\\\/11\\\/el-ayuntamiento-de-lorca-desarrolla-un-plan-municipal-de-prevencion-de-conductas-suicidas\\\/#primaryimage\"},\"thumbnailUrl\":\"https:\\\/\\\/arealorcaradio.es\\\/wp-content\\\/uploads\\\/2024\\\/09\\\/20240910_171225-1-scaled.jpg\",\"articleSection\":[\"ACTUALIDAD\",\"LORCA\"],\"inLanguage\":\"es\",\"potentialAction\":[{\"@type\":\"CommentAction\",\"name\":\"Comment\",\"target\":[\"https:\\\/\\\/arealorcaradio.es\\\/index.php\\\/2024\\\/09\\\/11\\\/el-ayuntamiento-de-lorca-desarrolla-un-plan-municipal-de-prevencion-de-conductas-suicidas\\\/#respond\"]}]},{\"@type\":\"WebPage\",\"@id\":\"https:\\\/\\\/arealorcaradio.es\\\/index.php\\\/2024\\\/09\\\/11\\\/el-ayuntamiento-de-lorca-desarrolla-un-plan-municipal-de-prevencion-de-conductas-suicidas\\\/\",\"url\":\"https:\\\/\\\/arealorcaradio.es\\\/index.php\\\/2024\\\/09\\\/11\\\/el-ayuntamiento-de-lorca-desarrolla-un-plan-municipal-de-prevencion-de-conductas-suicidas\\\/\",\"name\":\"El Ayuntamiento de Lorca desarrolla un plan municipal de prevenci\u00f3n de conductas suicidas - AREA LORCA RADIO\",\"isPartOf\":{\"@id\":\"https:\\\/\\\/arealorcaradio.es\\\/#website\"},\"primaryImageOfPage\":{\"@id\":\"https:\\\/\\\/arealorcaradio.es\\\/index.php\\\/2024\\\/09\\\/11\\\/el-ayuntamiento-de-lorca-desarrolla-un-plan-municipal-de-prevencion-de-conductas-suicidas\\\/#primaryimage\"},\"image\":{\"@id\":\"https:\\\/\\\/arealorcaradio.es\\\/index.php\\\/2024\\\/09\\\/11\\\/el-ayuntamiento-de-lorca-desarrolla-un-plan-municipal-de-prevencion-de-conductas-suicidas\\\/#primaryimage\"},\"thumbnailUrl\":\"https:\\\/\\\/arealorcaradio.es\\\/wp-content\\\/uploads\\\/2024\\\/09\\\/20240910_171225-1-scaled.jpg\",\"datePublished\":\"2024-09-11T07:48:17+00:00\",\"author\":{\"@id\":\"https:\\\/\\\/arealorcaradio.es\\\/#\\\/schema\\\/person\\\/9fae605fc25b0f2c83c1ab207139bd27\"},\"breadcrumb\":{\"@id\":\"https:\\\/\\\/arealorcaradio.es\\\/index.php\\\/2024\\\/09\\\/11\\\/el-ayuntamiento-de-lorca-desarrolla-un-plan-municipal-de-prevencion-de-conductas-suicidas\\\/#breadcrumb\"},\"inLanguage\":\"es\",\"potentialAction\":[{\"@type\":\"ReadAction\",\"target\":[\"https:\\\/\\\/arealorcaradio.es\\\/index.php\\\/2024\\\/09\\\/11\\\/el-ayuntamiento-de-lorca-desarrolla-un-plan-municipal-de-prevencion-de-conductas-suicidas\\\/\"]}]},{\"@type\":\"ImageObject\",\"inLanguage\":\"es\",\"@id\":\"https:\\\/\\\/arealorcaradio.es\\\/index.php\\\/2024\\\/09\\\/11\\\/el-ayuntamiento-de-lorca-desarrolla-un-plan-municipal-de-prevencion-de-conductas-suicidas\\\/#primaryimage\",\"url\":\"https:\\\/\\\/arealorcaradio.es\\\/wp-content\\\/uploads\\\/2024\\\/09\\\/20240910_171225-1-scaled.jpg\",\"contentUrl\":\"https:\\\/\\\/arealorcaradio.es\\\/wp-content\\\/uploads\\\/2024\\\/09\\\/20240910_171225-1-scaled.jpg\",\"width\":2560,\"height\":1920},{\"@type\":\"BreadcrumbList\",\"@id\":\"https:\\\/\\\/arealorcaradio.es\\\/index.php\\\/2024\\\/09\\\/11\\\/el-ayuntamiento-de-lorca-desarrolla-un-plan-municipal-de-prevencion-de-conductas-suicidas\\\/#breadcrumb\",\"itemListElement\":[{\"@type\":\"ListItem\",\"position\":1,\"name\":\"Portada\",\"item\":\"https:\\\/\\\/arealorcaradio.es\\\/\"},{\"@type\":\"ListItem\",\"position\":2,\"name\":\"El Ayuntamiento de Lorca desarrolla un plan municipal de prevenci\u00f3n de conductas suicidas\"}]},{\"@type\":\"WebSite\",\"@id\":\"https:\\\/\\\/arealorcaradio.es\\\/#website\",\"url\":\"https:\\\/\\\/arealorcaradio.es\\\/\",\"name\":\"AREA LORCA RADIO\",\"description\":\"Descubre la programaci\u00f3n actual en \u00c1rea Lorca Radio, tu fuente de entrenamiento y noticias locales. Sintoniza ahora y mantente conectado online.\",\"potentialAction\":[{\"@type\":\"SearchAction\",\"target\":{\"@type\":\"EntryPoint\",\"urlTemplate\":\"https:\\\/\\\/arealorcaradio.es\\\/?s={search_term_string}\"},\"query-input\":{\"@type\":\"PropertyValueSpecification\",\"valueRequired\":true,\"valueName\":\"search_term_string\"}}],\"inLanguage\":\"es\"},{\"@type\":\"Person\",\"@id\":\"https:\\\/\\\/arealorcaradio.es\\\/#\\\/schema\\\/person\\\/9fae605fc25b0f2c83c1ab207139bd27\",\"name\":\"Paco S\u00e1nchez\",\"image\":{\"@type\":\"ImageObject\",\"inLanguage\":\"es\",\"@id\":\"https:\\\/\\\/secure.gravatar.com\\\/avatar\\\/d67144e966420fb74aa84c9f2a0103be4724fd14db52b52d3b6bca749f257e79?s=96&d=mm&r=g\",\"url\":\"https:\\\/\\\/secure.gravatar.com\\\/avatar\\\/d67144e966420fb74aa84c9f2a0103be4724fd14db52b52d3b6bca749f257e79?s=96&d=mm&r=g\",\"contentUrl\":\"https:\\\/\\\/secure.gravatar.com\\\/avatar\\\/d67144e966420fb74aa84c9f2a0103be4724fd14db52b52d3b6bca749f257e79?s=96&d=mm&r=g\",\"caption\":\"Paco S\u00e1nchez\"},\"sameAs\":[\"https:\\\/\\\/arealorcaradio.es\"],\"url\":\"https:\\\/\\\/arealorcaradio.es\\\/index.php\\\/author\\\/admin_alorcaradio\\\/\"}]}<\/script>\n<!-- \/ Yoast SEO plugin. -->","yoast_head_json":{"title":"El Ayuntamiento de Lorca desarrolla un plan municipal de prevenci\u00f3n de conductas suicidas - AREA LORCA RADIO","robots":{"index":"index","follow":"follow","max-snippet":"max-snippet:-1","max-image-preview":"max-image-preview:large","max-video-preview":"max-video-preview:-1"},"canonical":"https:\/\/arealorcaradio.es\/index.php\/2024\/09\/11\/el-ayuntamiento-de-lorca-desarrolla-un-plan-municipal-de-prevencion-de-conductas-suicidas\/","og_locale":"es_ES","og_type":"article","og_title":"El Ayuntamiento de Lorca desarrolla un plan municipal de prevenci\u00f3n de conductas suicidas - AREA LORCA RADIO","og_description":"\u00c1REA LORCA RADIO. Escucha aqu\u00ed la entrevista que ha concedido a Paco S\u00e1nchez en el magazine \u00c1rea Lorca Actualidad, el psic\u00f3logo del Servicio de Emergencias del Ayuntamiento de Lorca, Antonio Var\u00f3n. Lorca, 10 de septiembre de 2024.\u00a0El concejal de Emergencias y Protecci\u00f3n Civil del Ayuntamiento de Lorca, Jos\u00e9 Mart\u00ednez, ha anunciado la puesta en marcha [&hellip;]","og_url":"https:\/\/arealorcaradio.es\/index.php\/2024\/09\/11\/el-ayuntamiento-de-lorca-desarrolla-un-plan-municipal-de-prevencion-de-conductas-suicidas\/","og_site_name":"AREA LORCA RADIO","article_published_time":"2024-09-11T07:48:17+00:00","og_image":[{"width":2560,"height":1920,"url":"https:\/\/arealorcaradio.es\/wp-content\/uploads\/2024\/09\/20240910_171225-1-scaled.jpg","type":"image\/jpeg"}],"author":"Paco S\u00e1nchez","twitter_card":"summary_large_image","twitter_misc":{"Escrito por":"Paco S\u00e1nchez","Tiempo de lectura":"4 minutos"},"schema":{"@context":"https:\/\/schema.org","@graph":[{"@type":"Article","@id":"https:\/\/arealorcaradio.es\/index.php\/2024\/09\/11\/el-ayuntamiento-de-lorca-desarrolla-un-plan-municipal-de-prevencion-de-conductas-suicidas\/#article","isPartOf":{"@id":"https:\/\/arealorcaradio.es\/index.php\/2024\/09\/11\/el-ayuntamiento-de-lorca-desarrolla-un-plan-municipal-de-prevencion-de-conductas-suicidas\/"},"author":{"name":"Paco S\u00e1nchez","@id":"https:\/\/arealorcaradio.es\/#\/schema\/person\/9fae605fc25b0f2c83c1ab207139bd27"},"headline":"El Ayuntamiento de Lorca desarrolla un plan municipal de prevenci\u00f3n de conductas suicidas","datePublished":"2024-09-11T07:48:17+00:00","mainEntityOfPage":{"@id":"https:\/\/arealorcaradio.es\/index.php\/2024\/09\/11\/el-ayuntamiento-de-lorca-desarrolla-un-plan-municipal-de-prevencion-de-conductas-suicidas\/"},"wordCount":806,"commentCount":0,"image":{"@id":"https:\/\/arealorcaradio.es\/index.php\/2024\/09\/11\/el-ayuntamiento-de-lorca-desarrolla-un-plan-municipal-de-prevencion-de-conductas-suicidas\/#primaryimage"},"thumbnailUrl":"https:\/\/arealorcaradio.es\/wp-content\/uploads\/2024\/09\/20240910_171225-1-scaled.jpg","articleSection":["ACTUALIDAD","LORCA"],"inLanguage":"es","potentialAction":[{"@type":"CommentAction","name":"Comment","target":["https:\/\/arealorcaradio.es\/index.php\/2024\/09\/11\/el-ayuntamiento-de-lorca-desarrolla-un-plan-municipal-de-prevencion-de-conductas-suicidas\/#respond"]}]},{"@type":"WebPage","@id":"https:\/\/arealorcaradio.es\/index.php\/2024\/09\/11\/el-ayuntamiento-de-lorca-desarrolla-un-plan-municipal-de-prevencion-de-conductas-suicidas\/","url":"https:\/\/arealorcaradio.es\/index.php\/2024\/09\/11\/el-ayuntamiento-de-lorca-desarrolla-un-plan-municipal-de-prevencion-de-conductas-suicidas\/","name":"El Ayuntamiento de Lorca desarrolla un plan municipal de prevenci\u00f3n de conductas suicidas - AREA LORCA RADIO","isPartOf":{"@id":"https:\/\/arealorcaradio.es\/#website"},"primaryImageOfPage":{"@id":"https:\/\/arealorcaradio.es\/index.php\/2024\/09\/11\/el-ayuntamiento-de-lorca-desarrolla-un-plan-municipal-de-prevencion-de-conductas-suicidas\/#primaryimage"},"image":{"@id":"https:\/\/arealorcaradio.es\/index.php\/2024\/09\/11\/el-ayuntamiento-de-lorca-desarrolla-un-plan-municipal-de-prevencion-de-conductas-suicidas\/#primaryimage"},"thumbnailUrl":"https:\/\/arealorcaradio.es\/wp-content\/uploads\/2024\/09\/20240910_171225-1-scaled.jpg","datePublished":"2024-09-11T07:48:17+00:00","author":{"@id":"https:\/\/arealorcaradio.es\/#\/schema\/person\/9fae605fc25b0f2c83c1ab207139bd27"},"breadcrumb":{"@id":"https:\/\/arealorcaradio.es\/index.php\/2024\/09\/11\/el-ayuntamiento-de-lorca-desarrolla-un-plan-municipal-de-prevencion-de-conductas-suicidas\/#breadcrumb"},"inLanguage":"es","potentialAction":[{"@type":"ReadAction","target":["https:\/\/arealorcaradio.es\/index.php\/2024\/09\/11\/el-ayuntamiento-de-lorca-desarrolla-un-plan-municipal-de-prevencion-de-conductas-suicidas\/"]}]},{"@type":"ImageObject","inLanguage":"es","@id":"https:\/\/arealorcaradio.es\/index.php\/2024\/09\/11\/el-ayuntamiento-de-lorca-desarrolla-un-plan-municipal-de-prevencion-de-conductas-suicidas\/#primaryimage","url":"https:\/\/arealorcaradio.es\/wp-content\/uploads\/2024\/09\/20240910_171225-1-scaled.jpg","contentUrl":"https:\/\/arealorcaradio.es\/wp-content\/uploads\/2024\/09\/20240910_171225-1-scaled.jpg","width":2560,"height":1920},{"@type":"BreadcrumbList","@id":"https:\/\/arealorcaradio.es\/index.php\/2024\/09\/11\/el-ayuntamiento-de-lorca-desarrolla-un-plan-municipal-de-prevencion-de-conductas-suicidas\/#breadcrumb","itemListElement":[{"@type":"ListItem","position":1,"name":"Portada","item":"https:\/\/arealorcaradio.es\/"},{"@type":"ListItem","position":2,"name":"El Ayuntamiento de Lorca desarrolla un plan municipal de prevenci\u00f3n de conductas suicidas"}]},{"@type":"WebSite","@id":"https:\/\/arealorcaradio.es\/#website","url":"https:\/\/arealorcaradio.es\/","name":"AREA LORCA RADIO","description":"Descubre la programaci\u00f3n actual en \u00c1rea Lorca Radio, tu fuente de entrenamiento y noticias locales. Sintoniza ahora y mantente conectado online.","potentialAction":[{"@type":"SearchAction","target":{"@type":"EntryPoint","urlTemplate":"https:\/\/arealorcaradio.es\/?s={search_term_string}"},"query-input":{"@type":"PropertyValueSpecification","valueRequired":true,"valueName":"search_term_string"}}],"inLanguage":"es"},{"@type":"Person","@id":"https:\/\/arealorcaradio.es\/#\/schema\/person\/9fae605fc25b0f2c83c1ab207139bd27","name":"Paco S\u00e1nchez","image":{"@type":"ImageObject","inLanguage":"es","@id":"https:\/\/secure.gravatar.com\/avatar\/d67144e966420fb74aa84c9f2a0103be4724fd14db52b52d3b6bca749f257e79?s=96&d=mm&r=g","url":"https:\/\/secure.gravatar.com\/avatar\/d67144e966420fb74aa84c9f2a0103be4724fd14db52b52d3b6bca749f257e79?s=96&d=mm&r=g","contentUrl":"https:\/\/secure.gravatar.com\/avatar\/d67144e966420fb74aa84c9f2a0103be4724fd14db52b52d3b6bca749f257e79?s=96&d=mm&r=g","caption":"Paco S\u00e1nchez"},"sameAs":["https:\/\/arealorcaradio.es"],"url":"https:\/\/arealorcaradio.es\/index.php\/author\/admin_alorcaradio\/"}]}},"_links":{"self":[{"href":"https:\/\/arealorcaradio.es\/index.php\/wp-json\/wp\/v2\/posts\/4041","targetHints":{"allow":["GET"]}}],"collection":[{"href":"https:\/\/arealorcaradio.es\/index.php\/wp-json\/wp\/v2\/posts"}],"about":[{"href":"https:\/\/arealorcaradio.es\/index.php\/wp-json\/wp\/v2\/types\/post"}],"author":[{"embeddable":true,"href":"https:\/\/arealorcaradio.es\/index.php\/wp-json\/wp\/v2\/users\/1"}],"replies":[{"embeddable":true,"href":"https:\/\/arealorcaradio.es\/index.php\/wp-json\/wp\/v2\/comments?post=4041"}],"version-history":[{"count":3,"href":"https:\/\/arealorcaradio.es\/index.php\/wp-json\/wp\/v2\/posts\/4041\/revisions"}],"predecessor-version":[{"id":4058,"href":"https:\/\/arealorcaradio.es\/index.php\/wp-json\/wp\/v2\/posts\/4041\/revisions\/4058"}],"wp:featuredmedia":[{"embeddable":true,"href":"https:\/\/arealorcaradio.es\/index.php\/wp-json\/wp\/v2\/media\/4044"}],"wp:attachment":[{"href":"https:\/\/arealorcaradio.es\/index.php\/wp-json\/wp\/v2\/media?parent=4041"}],"wp:term":[{"taxonomy":"category","embeddable":true,"href":"https:\/\/arealorcaradio.es\/index.php\/wp-json\/wp\/v2\/categories?post=4041"},{"taxonomy":"post_tag","embeddable":true,"href":"https:\/\/arealorcaradio.es\/index.php\/wp-json\/wp\/v2\/tags?post=4041"}],"curies":[{"name":"wp","href":"https:\/\/api.w.org\/{rel}","templated":true}]}}