{"id":4034,"date":"2024-09-06T11:20:33","date_gmt":"2024-09-06T11:20:33","guid":{"rendered":"https:\/\/arealorcaradio.es\/?p=4034"},"modified":"2024-09-06T11:22:29","modified_gmt":"2024-09-06T11:22:29","slug":"la-xii-penarrubia-lorca-trail-cita-a-aficionados-de-toda-la-region-el-15-de-septiembre-en-los-juegos-deportivos-del-guadalentin","status":"publish","type":"post","link":"https:\/\/arealorcaradio.es\/index.php\/2024\/09\/06\/la-xii-penarrubia-lorca-trail-cita-a-aficionados-de-toda-la-region-el-15-de-septiembre-en-los-juegos-deportivos-del-guadalentin\/","title":{"rendered":"La XII Pe\u00f1arrubia Lorca Trail cita a aficionados de toda la Regi\u00f3n el 15 de septiembre en los Juegos Deportivos del Guadalent\u00edn"},"content":{"rendered":"<p>\u00c1REA LORCA RADIO.<\/p>\n<p class=\"v1MsoNormal\"><b>Lorca, 6 de septiembre de 2024.\u00a0<\/b>La carrera de monta\u00f1a &#8216;Pe\u00f1arrubia Lorca Trail-Gran Premio Regino Rodr\u00edguez Bermejo&#8217; llega a su d\u00e9cimo segunda edici\u00f3n el pr\u00f3ximo domingo 15 de septiembre a partir de las 08.00 horas con salida desde la puerta del colegio P\u00e9rez de Hita, en el barrio de La Vi\u00f1a. La Pe\u00f1arrubia Lorca Trail, incluida en el calendario de la cuadrag\u00e9sima quinta edici\u00f3n de los Juegos Deportivos del Guadalent\u00edn, es la veterana de las carreras de monta\u00f1a del municipio y un a\u00f1o m\u00e1s volver\u00e1 a tener car\u00e1cter ben\u00e9fico, ya que toda la recaudaci\u00f3n ir\u00e1 destinada a la Asociaci\u00f3n de Padres de Atenci\u00f3n Temprana (APAT).<\/p>\n<p class=\"v1MsoNormal\">El alcalde de Lorca, Fulgencio Gil J\u00f3dar; el concejal de Deportes, Juan Miguel Bayonas; la presidenta de APAT, Eva Mar\u00eda Guerrero; y el responsable de la prueba y de la secci\u00f3n deportiva de APAT, Antonio L\u00f3pez Mart\u00ednez, han presentado hoy los detalles de la Pe\u00f1arrubia Lorca Trail que adem\u00e1s ofertar\u00e1 servicio de ludoteca para que todas aquellas familias que quieran sumarse a las pruebas puedan hacerlo.<\/p>\n<p class=\"v1MsoNormal\"><img loading=\"lazy\" decoding=\"async\" class=\"alignnone size-medium wp-image-4037\" src=\"https:\/\/arealorcaradio.es\/wp-content\/uploads\/2024\/09\/WhatsApp-Image-2024-09-06-at-12.47.22-300x225.jpeg\" alt=\"\" width=\"300\" height=\"225\" srcset=\"https:\/\/arealorcaradio.es\/wp-content\/uploads\/2024\/09\/WhatsApp-Image-2024-09-06-at-12.47.22-300x225.jpeg 300w, https:\/\/arealorcaradio.es\/wp-content\/uploads\/2024\/09\/WhatsApp-Image-2024-09-06-at-12.47.22-1024x768.jpeg 1024w, https:\/\/arealorcaradio.es\/wp-content\/uploads\/2024\/09\/WhatsApp-Image-2024-09-06-at-12.47.22-768x576.jpeg 768w, https:\/\/arealorcaradio.es\/wp-content\/uploads\/2024\/09\/WhatsApp-Image-2024-09-06-at-12.47.22-1536x1152.jpeg 1536w, https:\/\/arealorcaradio.es\/wp-content\/uploads\/2024\/09\/WhatsApp-Image-2024-09-06-at-12.47.22-86x64.jpeg 86w, https:\/\/arealorcaradio.es\/wp-content\/uploads\/2024\/09\/WhatsApp-Image-2024-09-06-at-12.47.22.jpeg 1600w\" sizes=\"auto, (max-width: 300px) 100vw, 300px\" \/><\/p>\n<p class=\"v1MsoNormal\">Las cinco modalidades de participaci\u00f3n son Carrera Extreme (26 kil\u00f3metros con un desnivel acumulado de 1.750 metros), Carrera Promo (17 kil\u00f3metros y un desnivel de 940 metros), Carrera Promo Cadete para menores de 15 y 16 a\u00f1os (10 kil\u00f3metros con un desnivel acumulado de 500 metros), Minitrail para menores entre 11 y 14 a\u00f1os de edad (4 kil\u00f3metros con un desnivel de 130 metros) y la prueba de senderismo que abarca doce kil\u00f3metros de dificultad accesible para posibilitar la mayor participaci\u00f3n, tanto de mayores como de menores. La inscripci\u00f3n en las diferentes modalidades estar\u00e1 abierta hasta el jueves 12 de septiembre. La recogida de dorsales para corredores locales ser\u00e1 el s\u00e1bado 14 de septiembre de 18 a 21 horas en el colegio P\u00e9rez de Hita. Los corredores llegados desde fuera de Lorca podr\u00e1n recoger dorsal el mismo domingo, antes de la prueba, en horario de 06.00 a 07.30 horas.<\/p>\n<p><img loading=\"lazy\" decoding=\"async\" class=\"size-medium wp-image-4038\" src=\"https:\/\/arealorcaradio.es\/wp-content\/uploads\/2024\/09\/IMG20230910083148-300x169.jpg\" alt=\"\" width=\"300\" height=\"169\" srcset=\"https:\/\/arealorcaradio.es\/wp-content\/uploads\/2024\/09\/IMG20230910083148-300x169.jpg 300w, https:\/\/arealorcaradio.es\/wp-content\/uploads\/2024\/09\/IMG20230910083148-1024x576.jpg 1024w, https:\/\/arealorcaradio.es\/wp-content\/uploads\/2024\/09\/IMG20230910083148-768x432.jpg 768w, https:\/\/arealorcaradio.es\/wp-content\/uploads\/2024\/09\/IMG20230910083148.jpg 1280w\" sizes=\"auto, (max-width: 300px) 100vw, 300px\" \/><\/p>\n<p class=\"v1MsoNormal\">El alcalde de Lorca, Fulgencio Gil, ha destacado \u00abla gran oportunidad que ofrece cada a\u00f1o APAT a los corredores y senderistas que amamos la monta\u00f1a. La que hoy presentamos es una prueba que discurre por parajes de gran valor natural y paisaj\u00edstico que tenemos muy cerca del casco urbano y por los que siempre es una gozada pasar haciendo actividad f\u00edsica. APAT hace una labor organizativa tremenda junto con los t\u00e9cnicos de la Concejal\u00eda de Deportes del Ayuntamiento de Lorca para poder llevar a cabo este trail. La inclusi\u00f3n de hasta cinco modalidades de participaci\u00f3n hace posible que los aficionados de todas las edades puedan sumarse a esta cita que adem\u00e1s recauda fondos para ayudar a sufragar las importantes acciones de atenci\u00f3n a la infancia que desarrolla la Asociaci\u00f3n de Padres de Atenci\u00f3n Temprana durante todo el a\u00f1o. Reitero mi felicitaci\u00f3n a APAT y a todos sus voluntarios, y deseo mucha suerte a todos los participantes en esta gran prueba de los Juegos Deportivos del Guadalent\u00edn que inauguraremos el pr\u00f3ximo viernes 13 de septiembre con la tradicional marcha popular andando\u00bb.<\/p>\n","protected":false},"excerpt":{"rendered":"<p>\u00c1REA LORCA RADIO. Lorca, 6 de septiembre de 2024.\u00a0La carrera de monta\u00f1a &#8216;Pe\u00f1arrubia Lorca Trail-Gran Premio Regino Rodr\u00edguez Bermejo&#8217; llega a su d\u00e9cimo segunda edici\u00f3n el pr\u00f3ximo domingo 15 de septiembre a partir de las 08.00 horas con salida desde la puerta del colegio P\u00e9rez de Hita, en el barrio de La Vi\u00f1a. La Pe\u00f1arrubia [&hellip;]<\/p>\n","protected":false},"author":1,"featured_media":4035,"comment_status":"open","ping_status":"open","sticky":false,"template":"","format":"standard","meta":{"iawp_total_views":25,"footnotes":""},"categories":[4,7],"tags":[],"class_list":["post-4034","post","type-post","status-publish","format-standard","has-post-thumbnail","hentry","category-deportes","category-lorca"],"yoast_head":"<!-- This site is optimized with the Yoast SEO plugin v27.5 - https:\/\/yoast.com\/product\/yoast-seo-wordpress\/ -->\n<title>La XII Pe\u00f1arrubia Lorca Trail cita a aficionados de toda la Regi\u00f3n el 15 de septiembre en los Juegos Deportivos del Guadalent\u00edn - AREA LORCA RADIO<\/title>\n<meta name=\"robots\" content=\"index, follow, max-snippet:-1, max-image-preview:large, max-video-preview:-1\" \/>\n<link rel=\"canonical\" href=\"https:\/\/arealorcaradio.es\/index.php\/2024\/09\/06\/la-xii-penarrubia-lorca-trail-cita-a-aficionados-de-toda-la-region-el-15-de-septiembre-en-los-juegos-deportivos-del-guadalentin\/\" \/>\n<meta property=\"og:locale\" content=\"es_ES\" \/>\n<meta property=\"og:type\" content=\"article\" \/>\n<meta property=\"og:title\" content=\"La XII Pe\u00f1arrubia Lorca Trail cita a aficionados de toda la Regi\u00f3n el 15 de septiembre en los Juegos Deportivos del Guadalent\u00edn - AREA LORCA RADIO\" \/>\n<meta property=\"og:description\" content=\"\u00c1REA LORCA RADIO. Lorca, 6 de septiembre de 2024.\u00a0La carrera de monta\u00f1a &#8216;Pe\u00f1arrubia Lorca Trail-Gran Premio Regino Rodr\u00edguez Bermejo&#8217; llega a su d\u00e9cimo segunda edici\u00f3n el pr\u00f3ximo domingo 15 de septiembre a partir de las 08.00 horas con salida desde la puerta del colegio P\u00e9rez de Hita, en el barrio de La Vi\u00f1a. La Pe\u00f1arrubia [&hellip;]\" \/>\n<meta property=\"og:url\" content=\"https:\/\/arealorcaradio.es\/index.php\/2024\/09\/06\/la-xii-penarrubia-lorca-trail-cita-a-aficionados-de-toda-la-region-el-15-de-septiembre-en-los-juegos-deportivos-del-guadalentin\/\" \/>\n<meta property=\"og:site_name\" content=\"AREA LORCA RADIO\" \/>\n<meta property=\"article:published_time\" content=\"2024-09-06T11:20:33+00:00\" \/>\n<meta property=\"article:modified_time\" content=\"2024-09-06T11:22:29+00:00\" \/>\n<meta property=\"og:image\" content=\"https:\/\/arealorcaradio.es\/wp-content\/uploads\/2024\/09\/WhatsApp-Image-2024-09-06-at-12.47.22-2.jpeg\" \/>\n\t<meta property=\"og:image:width\" content=\"1600\" \/>\n\t<meta property=\"og:image:height\" content=\"1200\" \/>\n\t<meta property=\"og:image:type\" content=\"image\/jpeg\" \/>\n<meta name=\"author\" content=\"Paco S\u00e1nchez\" \/>\n<meta name=\"twitter:card\" content=\"summary_large_image\" \/>\n<meta name=\"twitter:label1\" content=\"Escrito por\" \/>\n\t<meta name=\"twitter:data1\" content=\"Paco S\u00e1nchez\" \/>\n\t<meta name=\"twitter:label2\" content=\"Tiempo de lectura\" \/>\n\t<meta name=\"twitter:data2\" content=\"3 minutos\" \/>\n<script type=\"application\/ld+json\" class=\"yoast-schema-graph\">{\"@context\":\"https:\\\/\\\/schema.org\",\"@graph\":[{\"@type\":\"Article\",\"@id\":\"https:\\\/\\\/arealorcaradio.es\\\/index.php\\\/2024\\\/09\\\/06\\\/la-xii-penarrubia-lorca-trail-cita-a-aficionados-de-toda-la-region-el-15-de-septiembre-en-los-juegos-deportivos-del-guadalentin\\\/#article\",\"isPartOf\":{\"@id\":\"https:\\\/\\\/arealorcaradio.es\\\/index.php\\\/2024\\\/09\\\/06\\\/la-xii-penarrubia-lorca-trail-cita-a-aficionados-de-toda-la-region-el-15-de-septiembre-en-los-juegos-deportivos-del-guadalentin\\\/\"},\"author\":{\"name\":\"Paco S\u00e1nchez\",\"@id\":\"https:\\\/\\\/arealorcaradio.es\\\/#\\\/schema\\\/person\\\/9fae605fc25b0f2c83c1ab207139bd27\"},\"headline\":\"La XII Pe\u00f1arrubia Lorca Trail cita a aficionados de toda la Regi\u00f3n el 15 de septiembre en los Juegos Deportivos del Guadalent\u00edn\",\"datePublished\":\"2024-09-06T11:20:33+00:00\",\"dateModified\":\"2024-09-06T11:22:29+00:00\",\"mainEntityOfPage\":{\"@id\":\"https:\\\/\\\/arealorcaradio.es\\\/index.php\\\/2024\\\/09\\\/06\\\/la-xii-penarrubia-lorca-trail-cita-a-aficionados-de-toda-la-region-el-15-de-septiembre-en-los-juegos-deportivos-del-guadalentin\\\/\"},\"wordCount\":560,\"commentCount\":0,\"image\":{\"@id\":\"https:\\\/\\\/arealorcaradio.es\\\/index.php\\\/2024\\\/09\\\/06\\\/la-xii-penarrubia-lorca-trail-cita-a-aficionados-de-toda-la-region-el-15-de-septiembre-en-los-juegos-deportivos-del-guadalentin\\\/#primaryimage\"},\"thumbnailUrl\":\"https:\\\/\\\/arealorcaradio.es\\\/wp-content\\\/uploads\\\/2024\\\/09\\\/WhatsApp-Image-2024-09-06-at-12.47.22-2.jpeg\",\"articleSection\":[\"DEPORTES\",\"LORCA\"],\"inLanguage\":\"es\",\"potentialAction\":[{\"@type\":\"CommentAction\",\"name\":\"Comment\",\"target\":[\"https:\\\/\\\/arealorcaradio.es\\\/index.php\\\/2024\\\/09\\\/06\\\/la-xii-penarrubia-lorca-trail-cita-a-aficionados-de-toda-la-region-el-15-de-septiembre-en-los-juegos-deportivos-del-guadalentin\\\/#respond\"]}]},{\"@type\":\"WebPage\",\"@id\":\"https:\\\/\\\/arealorcaradio.es\\\/index.php\\\/2024\\\/09\\\/06\\\/la-xii-penarrubia-lorca-trail-cita-a-aficionados-de-toda-la-region-el-15-de-septiembre-en-los-juegos-deportivos-del-guadalentin\\\/\",\"url\":\"https:\\\/\\\/arealorcaradio.es\\\/index.php\\\/2024\\\/09\\\/06\\\/la-xii-penarrubia-lorca-trail-cita-a-aficionados-de-toda-la-region-el-15-de-septiembre-en-los-juegos-deportivos-del-guadalentin\\\/\",\"name\":\"La XII Pe\u00f1arrubia Lorca Trail cita a aficionados de toda la Regi\u00f3n el 15 de septiembre en los Juegos Deportivos del Guadalent\u00edn - AREA LORCA RADIO\",\"isPartOf\":{\"@id\":\"https:\\\/\\\/arealorcaradio.es\\\/#website\"},\"primaryImageOfPage\":{\"@id\":\"https:\\\/\\\/arealorcaradio.es\\\/index.php\\\/2024\\\/09\\\/06\\\/la-xii-penarrubia-lorca-trail-cita-a-aficionados-de-toda-la-region-el-15-de-septiembre-en-los-juegos-deportivos-del-guadalentin\\\/#primaryimage\"},\"image\":{\"@id\":\"https:\\\/\\\/arealorcaradio.es\\\/index.php\\\/2024\\\/09\\\/06\\\/la-xii-penarrubia-lorca-trail-cita-a-aficionados-de-toda-la-region-el-15-de-septiembre-en-los-juegos-deportivos-del-guadalentin\\\/#primaryimage\"},\"thumbnailUrl\":\"https:\\\/\\\/arealorcaradio.es\\\/wp-content\\\/uploads\\\/2024\\\/09\\\/WhatsApp-Image-2024-09-06-at-12.47.22-2.jpeg\",\"datePublished\":\"2024-09-06T11:20:33+00:00\",\"dateModified\":\"2024-09-06T11:22:29+00:00\",\"author\":{\"@id\":\"https:\\\/\\\/arealorcaradio.es\\\/#\\\/schema\\\/person\\\/9fae605fc25b0f2c83c1ab207139bd27\"},\"breadcrumb\":{\"@id\":\"https:\\\/\\\/arealorcaradio.es\\\/index.php\\\/2024\\\/09\\\/06\\\/la-xii-penarrubia-lorca-trail-cita-a-aficionados-de-toda-la-region-el-15-de-septiembre-en-los-juegos-deportivos-del-guadalentin\\\/#breadcrumb\"},\"inLanguage\":\"es\",\"potentialAction\":[{\"@type\":\"ReadAction\",\"target\":[\"https:\\\/\\\/arealorcaradio.es\\\/index.php\\\/2024\\\/09\\\/06\\\/la-xii-penarrubia-lorca-trail-cita-a-aficionados-de-toda-la-region-el-15-de-septiembre-en-los-juegos-deportivos-del-guadalentin\\\/\"]}]},{\"@type\":\"ImageObject\",\"inLanguage\":\"es\",\"@id\":\"https:\\\/\\\/arealorcaradio.es\\\/index.php\\\/2024\\\/09\\\/06\\\/la-xii-penarrubia-lorca-trail-cita-a-aficionados-de-toda-la-region-el-15-de-septiembre-en-los-juegos-deportivos-del-guadalentin\\\/#primaryimage\",\"url\":\"https:\\\/\\\/arealorcaradio.es\\\/wp-content\\\/uploads\\\/2024\\\/09\\\/WhatsApp-Image-2024-09-06-at-12.47.22-2.jpeg\",\"contentUrl\":\"https:\\\/\\\/arealorcaradio.es\\\/wp-content\\\/uploads\\\/2024\\\/09\\\/WhatsApp-Image-2024-09-06-at-12.47.22-2.jpeg\",\"width\":1600,\"height\":1200},{\"@type\":\"BreadcrumbList\",\"@id\":\"https:\\\/\\\/arealorcaradio.es\\\/index.php\\\/2024\\\/09\\\/06\\\/la-xii-penarrubia-lorca-trail-cita-a-aficionados-de-toda-la-region-el-15-de-septiembre-en-los-juegos-deportivos-del-guadalentin\\\/#breadcrumb\",\"itemListElement\":[{\"@type\":\"ListItem\",\"position\":1,\"name\":\"Portada\",\"item\":\"https:\\\/\\\/arealorcaradio.es\\\/\"},{\"@type\":\"ListItem\",\"position\":2,\"name\":\"La XII Pe\u00f1arrubia Lorca Trail cita a aficionados de toda la Regi\u00f3n el 15 de septiembre en los Juegos Deportivos del Guadalent\u00edn\"}]},{\"@type\":\"WebSite\",\"@id\":\"https:\\\/\\\/arealorcaradio.es\\\/#website\",\"url\":\"https:\\\/\\\/arealorcaradio.es\\\/\",\"name\":\"AREA LORCA RADIO\",\"description\":\"Descubre la programaci\u00f3n actual en \u00c1rea Lorca Radio, tu fuente de entrenamiento y noticias locales. Sintoniza ahora y mantente conectado online.\",\"potentialAction\":[{\"@type\":\"SearchAction\",\"target\":{\"@type\":\"EntryPoint\",\"urlTemplate\":\"https:\\\/\\\/arealorcaradio.es\\\/?s={search_term_string}\"},\"query-input\":{\"@type\":\"PropertyValueSpecification\",\"valueRequired\":true,\"valueName\":\"search_term_string\"}}],\"inLanguage\":\"es\"},{\"@type\":\"Person\",\"@id\":\"https:\\\/\\\/arealorcaradio.es\\\/#\\\/schema\\\/person\\\/9fae605fc25b0f2c83c1ab207139bd27\",\"name\":\"Paco S\u00e1nchez\",\"image\":{\"@type\":\"ImageObject\",\"inLanguage\":\"es\",\"@id\":\"https:\\\/\\\/secure.gravatar.com\\\/avatar\\\/d67144e966420fb74aa84c9f2a0103be4724fd14db52b52d3b6bca749f257e79?s=96&d=mm&r=g\",\"url\":\"https:\\\/\\\/secure.gravatar.com\\\/avatar\\\/d67144e966420fb74aa84c9f2a0103be4724fd14db52b52d3b6bca749f257e79?s=96&d=mm&r=g\",\"contentUrl\":\"https:\\\/\\\/secure.gravatar.com\\\/avatar\\\/d67144e966420fb74aa84c9f2a0103be4724fd14db52b52d3b6bca749f257e79?s=96&d=mm&r=g\",\"caption\":\"Paco S\u00e1nchez\"},\"sameAs\":[\"https:\\\/\\\/arealorcaradio.es\"],\"url\":\"https:\\\/\\\/arealorcaradio.es\\\/index.php\\\/author\\\/admin_alorcaradio\\\/\"}]}<\/script>\n<!-- \/ Yoast SEO plugin. -->","yoast_head_json":{"title":"La XII Pe\u00f1arrubia Lorca Trail cita a aficionados de toda la Regi\u00f3n el 15 de septiembre en los Juegos Deportivos del Guadalent\u00edn - AREA LORCA RADIO","robots":{"index":"index","follow":"follow","max-snippet":"max-snippet:-1","max-image-preview":"max-image-preview:large","max-video-preview":"max-video-preview:-1"},"canonical":"https:\/\/arealorcaradio.es\/index.php\/2024\/09\/06\/la-xii-penarrubia-lorca-trail-cita-a-aficionados-de-toda-la-region-el-15-de-septiembre-en-los-juegos-deportivos-del-guadalentin\/","og_locale":"es_ES","og_type":"article","og_title":"La XII Pe\u00f1arrubia Lorca Trail cita a aficionados de toda la Regi\u00f3n el 15 de septiembre en los Juegos Deportivos del Guadalent\u00edn - AREA LORCA RADIO","og_description":"\u00c1REA LORCA RADIO. Lorca, 6 de septiembre de 2024.\u00a0La carrera de monta\u00f1a &#8216;Pe\u00f1arrubia Lorca Trail-Gran Premio Regino Rodr\u00edguez Bermejo&#8217; llega a su d\u00e9cimo segunda edici\u00f3n el pr\u00f3ximo domingo 15 de septiembre a partir de las 08.00 horas con salida desde la puerta del colegio P\u00e9rez de Hita, en el barrio de La Vi\u00f1a. La Pe\u00f1arrubia [&hellip;]","og_url":"https:\/\/arealorcaradio.es\/index.php\/2024\/09\/06\/la-xii-penarrubia-lorca-trail-cita-a-aficionados-de-toda-la-region-el-15-de-septiembre-en-los-juegos-deportivos-del-guadalentin\/","og_site_name":"AREA LORCA RADIO","article_published_time":"2024-09-06T11:20:33+00:00","article_modified_time":"2024-09-06T11:22:29+00:00","og_image":[{"width":1600,"height":1200,"url":"https:\/\/arealorcaradio.es\/wp-content\/uploads\/2024\/09\/WhatsApp-Image-2024-09-06-at-12.47.22-2.jpeg","type":"image\/jpeg"}],"author":"Paco S\u00e1nchez","twitter_card":"summary_large_image","twitter_misc":{"Escrito por":"Paco S\u00e1nchez","Tiempo de lectura":"3 minutos"},"schema":{"@context":"https:\/\/schema.org","@graph":[{"@type":"Article","@id":"https:\/\/arealorcaradio.es\/index.php\/2024\/09\/06\/la-xii-penarrubia-lorca-trail-cita-a-aficionados-de-toda-la-region-el-15-de-septiembre-en-los-juegos-deportivos-del-guadalentin\/#article","isPartOf":{"@id":"https:\/\/arealorcaradio.es\/index.php\/2024\/09\/06\/la-xii-penarrubia-lorca-trail-cita-a-aficionados-de-toda-la-region-el-15-de-septiembre-en-los-juegos-deportivos-del-guadalentin\/"},"author":{"name":"Paco S\u00e1nchez","@id":"https:\/\/arealorcaradio.es\/#\/schema\/person\/9fae605fc25b0f2c83c1ab207139bd27"},"headline":"La XII Pe\u00f1arrubia Lorca Trail cita a aficionados de toda la Regi\u00f3n el 15 de septiembre en los Juegos Deportivos del Guadalent\u00edn","datePublished":"2024-09-06T11:20:33+00:00","dateModified":"2024-09-06T11:22:29+00:00","mainEntityOfPage":{"@id":"https:\/\/arealorcaradio.es\/index.php\/2024\/09\/06\/la-xii-penarrubia-lorca-trail-cita-a-aficionados-de-toda-la-region-el-15-de-septiembre-en-los-juegos-deportivos-del-guadalentin\/"},"wordCount":560,"commentCount":0,"image":{"@id":"https:\/\/arealorcaradio.es\/index.php\/2024\/09\/06\/la-xii-penarrubia-lorca-trail-cita-a-aficionados-de-toda-la-region-el-15-de-septiembre-en-los-juegos-deportivos-del-guadalentin\/#primaryimage"},"thumbnailUrl":"https:\/\/arealorcaradio.es\/wp-content\/uploads\/2024\/09\/WhatsApp-Image-2024-09-06-at-12.47.22-2.jpeg","articleSection":["DEPORTES","LORCA"],"inLanguage":"es","potentialAction":[{"@type":"CommentAction","name":"Comment","target":["https:\/\/arealorcaradio.es\/index.php\/2024\/09\/06\/la-xii-penarrubia-lorca-trail-cita-a-aficionados-de-toda-la-region-el-15-de-septiembre-en-los-juegos-deportivos-del-guadalentin\/#respond"]}]},{"@type":"WebPage","@id":"https:\/\/arealorcaradio.es\/index.php\/2024\/09\/06\/la-xii-penarrubia-lorca-trail-cita-a-aficionados-de-toda-la-region-el-15-de-septiembre-en-los-juegos-deportivos-del-guadalentin\/","url":"https:\/\/arealorcaradio.es\/index.php\/2024\/09\/06\/la-xii-penarrubia-lorca-trail-cita-a-aficionados-de-toda-la-region-el-15-de-septiembre-en-los-juegos-deportivos-del-guadalentin\/","name":"La XII Pe\u00f1arrubia Lorca Trail cita a aficionados de toda la Regi\u00f3n el 15 de septiembre en los Juegos Deportivos del Guadalent\u00edn - AREA LORCA RADIO","isPartOf":{"@id":"https:\/\/arealorcaradio.es\/#website"},"primaryImageOfPage":{"@id":"https:\/\/arealorcaradio.es\/index.php\/2024\/09\/06\/la-xii-penarrubia-lorca-trail-cita-a-aficionados-de-toda-la-region-el-15-de-septiembre-en-los-juegos-deportivos-del-guadalentin\/#primaryimage"},"image":{"@id":"https:\/\/arealorcaradio.es\/index.php\/2024\/09\/06\/la-xii-penarrubia-lorca-trail-cita-a-aficionados-de-toda-la-region-el-15-de-septiembre-en-los-juegos-deportivos-del-guadalentin\/#primaryimage"},"thumbnailUrl":"https:\/\/arealorcaradio.es\/wp-content\/uploads\/2024\/09\/WhatsApp-Image-2024-09-06-at-12.47.22-2.jpeg","datePublished":"2024-09-06T11:20:33+00:00","dateModified":"2024-09-06T11:22:29+00:00","author":{"@id":"https:\/\/arealorcaradio.es\/#\/schema\/person\/9fae605fc25b0f2c83c1ab207139bd27"},"breadcrumb":{"@id":"https:\/\/arealorcaradio.es\/index.php\/2024\/09\/06\/la-xii-penarrubia-lorca-trail-cita-a-aficionados-de-toda-la-region-el-15-de-septiembre-en-los-juegos-deportivos-del-guadalentin\/#breadcrumb"},"inLanguage":"es","potentialAction":[{"@type":"ReadAction","target":["https:\/\/arealorcaradio.es\/index.php\/2024\/09\/06\/la-xii-penarrubia-lorca-trail-cita-a-aficionados-de-toda-la-region-el-15-de-septiembre-en-los-juegos-deportivos-del-guadalentin\/"]}]},{"@type":"ImageObject","inLanguage":"es","@id":"https:\/\/arealorcaradio.es\/index.php\/2024\/09\/06\/la-xii-penarrubia-lorca-trail-cita-a-aficionados-de-toda-la-region-el-15-de-septiembre-en-los-juegos-deportivos-del-guadalentin\/#primaryimage","url":"https:\/\/arealorcaradio.es\/wp-content\/uploads\/2024\/09\/WhatsApp-Image-2024-09-06-at-12.47.22-2.jpeg","contentUrl":"https:\/\/arealorcaradio.es\/wp-content\/uploads\/2024\/09\/WhatsApp-Image-2024-09-06-at-12.47.22-2.jpeg","width":1600,"height":1200},{"@type":"BreadcrumbList","@id":"https:\/\/arealorcaradio.es\/index.php\/2024\/09\/06\/la-xii-penarrubia-lorca-trail-cita-a-aficionados-de-toda-la-region-el-15-de-septiembre-en-los-juegos-deportivos-del-guadalentin\/#breadcrumb","itemListElement":[{"@type":"ListItem","position":1,"name":"Portada","item":"https:\/\/arealorcaradio.es\/"},{"@type":"ListItem","position":2,"name":"La XII Pe\u00f1arrubia Lorca Trail cita a aficionados de toda la Regi\u00f3n el 15 de septiembre en los Juegos Deportivos del Guadalent\u00edn"}]},{"@type":"WebSite","@id":"https:\/\/arealorcaradio.es\/#website","url":"https:\/\/arealorcaradio.es\/","name":"AREA LORCA RADIO","description":"Descubre la programaci\u00f3n actual en \u00c1rea Lorca Radio, tu fuente de entrenamiento y noticias locales. Sintoniza ahora y mantente conectado online.","potentialAction":[{"@type":"SearchAction","target":{"@type":"EntryPoint","urlTemplate":"https:\/\/arealorcaradio.es\/?s={search_term_string}"},"query-input":{"@type":"PropertyValueSpecification","valueRequired":true,"valueName":"search_term_string"}}],"inLanguage":"es"},{"@type":"Person","@id":"https:\/\/arealorcaradio.es\/#\/schema\/person\/9fae605fc25b0f2c83c1ab207139bd27","name":"Paco S\u00e1nchez","image":{"@type":"ImageObject","inLanguage":"es","@id":"https:\/\/secure.gravatar.com\/avatar\/d67144e966420fb74aa84c9f2a0103be4724fd14db52b52d3b6bca749f257e79?s=96&d=mm&r=g","url":"https:\/\/secure.gravatar.com\/avatar\/d67144e966420fb74aa84c9f2a0103be4724fd14db52b52d3b6bca749f257e79?s=96&d=mm&r=g","contentUrl":"https:\/\/secure.gravatar.com\/avatar\/d67144e966420fb74aa84c9f2a0103be4724fd14db52b52d3b6bca749f257e79?s=96&d=mm&r=g","caption":"Paco S\u00e1nchez"},"sameAs":["https:\/\/arealorcaradio.es"],"url":"https:\/\/arealorcaradio.es\/index.php\/author\/admin_alorcaradio\/"}]}},"_links":{"self":[{"href":"https:\/\/arealorcaradio.es\/index.php\/wp-json\/wp\/v2\/posts\/4034","targetHints":{"allow":["GET"]}}],"collection":[{"href":"https:\/\/arealorcaradio.es\/index.php\/wp-json\/wp\/v2\/posts"}],"about":[{"href":"https:\/\/arealorcaradio.es\/index.php\/wp-json\/wp\/v2\/types\/post"}],"author":[{"embeddable":true,"href":"https:\/\/arealorcaradio.es\/index.php\/wp-json\/wp\/v2\/users\/1"}],"replies":[{"embeddable":true,"href":"https:\/\/arealorcaradio.es\/index.php\/wp-json\/wp\/v2\/comments?post=4034"}],"version-history":[{"count":3,"href":"https:\/\/arealorcaradio.es\/index.php\/wp-json\/wp\/v2\/posts\/4034\/revisions"}],"predecessor-version":[{"id":4040,"href":"https:\/\/arealorcaradio.es\/index.php\/wp-json\/wp\/v2\/posts\/4034\/revisions\/4040"}],"wp:featuredmedia":[{"embeddable":true,"href":"https:\/\/arealorcaradio.es\/index.php\/wp-json\/wp\/v2\/media\/4035"}],"wp:attachment":[{"href":"https:\/\/arealorcaradio.es\/index.php\/wp-json\/wp\/v2\/media?parent=4034"}],"wp:term":[{"taxonomy":"category","embeddable":true,"href":"https:\/\/arealorcaradio.es\/index.php\/wp-json\/wp\/v2\/categories?post=4034"},{"taxonomy":"post_tag","embeddable":true,"href":"https:\/\/arealorcaradio.es\/index.php\/wp-json\/wp\/v2\/tags?post=4034"}],"curies":[{"name":"wp","href":"https:\/\/api.w.org\/{rel}","templated":true}]}}