{"id":4027,"date":"2024-09-06T11:09:09","date_gmt":"2024-09-06T11:09:09","guid":{"rendered":"https:\/\/arealorcaradio.es\/?p=4027"},"modified":"2024-09-06T11:09:09","modified_gmt":"2024-09-06T11:09:09","slug":"los-centros-escolares-de-lorca-se-ponen-a-punto-para-la-vuelta-al-cole-que-tendra-lugar-este-martes-10-de-septiembre","status":"publish","type":"post","link":"https:\/\/arealorcaradio.es\/index.php\/2024\/09\/06\/los-centros-escolares-de-lorca-se-ponen-a-punto-para-la-vuelta-al-cole-que-tendra-lugar-este-martes-10-de-septiembre\/","title":{"rendered":"Los centros escolares de Lorca se ponen a punto para &#8216;la vuelta al cole&#8217; que tendr\u00e1 lugar este martes 10 de septiembre"},"content":{"rendered":"<p>\u00c1REA LORCA RADIO.<\/p>\n<p class=\"v1MsoNormal\"><b>Lorca, 6 de septiembre de 2024.<\/b> La pr\u00f3xima semana comenzar\u00e1n a incorporarse los alumnos en el municipio: poco m\u00e1s de 10.000 en Infantil y Primaria lo har\u00e1n el 10 de septiembre, al ser festivo el lunes 9; otros 5.145 regresar\u00e1n a la E.S.O, junto con los 1.566 alumnos matriculados en bachillerato, tambi\u00e9n el 10 de septiembre.<\/p>\n<p class=\"v1MsoNormal\">\u00abEl prop\u00f3sito principal con esta bater\u00eda de actuaciones llevadas a cabo, aprovechando la \u00e9poca estival, era mejorar la red de centros escolares del municipio, asegurando de cara al nuevo curso mejores instalaciones en las que los alumnos lorquinos reciban una educaci\u00f3n de calidad en unas condiciones \u00f3ptimas. En definitiva, actuaciones solicitadas por los centros educativos, as\u00ed como tareas destinadas a subsanar da\u00f1os que se hayan ido produciendo durante el curso anterior. Una puesta a punto con casi una treintena de actuaciones en 18 centros educativos de educaci\u00f3n infantil y primaria, lo que ha supuesto una inversi\u00f3n conjunta del Ayuntamiento y la Comunidad Aut\u00f3noma de m\u00e1s de 865.000 euros\u00bb.<\/p>\n<p class=\"v1MsoNormal\">As\u00ed lo ha declarado el alcalde de Lorca, Fulgencio Gil, durante su visita a las instalaciones del <strong>CEIP<\/strong>\u00a0<b>P\u00e9rez de Hita<\/b>, una jornada en la que ha estado acompa\u00f1ado por el director general de Educaci\u00f3n e Infraestructuras de la Regi\u00f3n de Murcia, Luis Eduardo G\u00f3mez, y la edil de Educaci\u00f3n del Ayuntamiento de Lorca, Rosa Mar\u00eda Medina, adem\u00e1s del director del centro, Carlos Pe\u00f1a;y en la que han podido comprobar de primera mano las mejoras realizadas en las instalaciones, como han sido\u00a0la adecuaci\u00f3n del patio de infantil y la conexi\u00f3n de saneamiento de pluviales a la red, as\u00ed como la sustituci\u00f3n de la cubierta de fibrocemento e instalaci\u00f3n de placas solares en el colegio; actuaciones que han contado con una inversi\u00f3n de cerca de 460.000 euros de la mano de la Consejer\u00eda de Educaci\u00f3n. \u00abEsta iniciativa ayudar\u00e1 a reducir hasta en ocho grados la temperatura en el interior de los centros educativos, mejorando el aislamiento, ahorrando en la factura energ\u00e9tica e incrementando el confort para alumnos y docentes\u00bb, ha concretado el primer edil, que ha recordado otra partida de la\u00a0Consejer\u00eda\u00a0dirigida a \u00abuna segunda actuaci\u00f3n, centrada en\u00a0la sustituci\u00f3n del pavimento de hormig\u00f3n en la pista polideportiva del colegio de\u00a0<b>La Torrecilla<\/b><b>.\u00a0<\/b>\u00a0<b><\/b><\/p>\n<p class=\"v1MsoNormal\"><img loading=\"lazy\" decoding=\"async\" class=\"alignnone size-medium wp-image-4031\" src=\"https:\/\/arealorcaradio.es\/wp-content\/uploads\/2024\/09\/FOTO-COLEGIOS4-300x225.jpeg\" alt=\"\" width=\"300\" height=\"225\" srcset=\"https:\/\/arealorcaradio.es\/wp-content\/uploads\/2024\/09\/FOTO-COLEGIOS4-300x225.jpeg 300w, https:\/\/arealorcaradio.es\/wp-content\/uploads\/2024\/09\/FOTO-COLEGIOS4-1024x768.jpeg 1024w, https:\/\/arealorcaradio.es\/wp-content\/uploads\/2024\/09\/FOTO-COLEGIOS4-768x576.jpeg 768w, https:\/\/arealorcaradio.es\/wp-content\/uploads\/2024\/09\/FOTO-COLEGIOS4-1536x1152.jpeg 1536w, https:\/\/arealorcaradio.es\/wp-content\/uploads\/2024\/09\/FOTO-COLEGIOS4-86x64.jpeg 86w, https:\/\/arealorcaradio.es\/wp-content\/uploads\/2024\/09\/FOTO-COLEGIOS4.jpeg 1600w\" sizes=\"auto, (max-width: 300px) 100vw, 300px\" \/> \u00a0<img loading=\"lazy\" decoding=\"async\" class=\"alignnone size-medium wp-image-4032\" src=\"https:\/\/arealorcaradio.es\/wp-content\/uploads\/2024\/09\/FOTO-COLEGIOS1-300x225.jpeg\" alt=\"\" width=\"300\" height=\"225\" srcset=\"https:\/\/arealorcaradio.es\/wp-content\/uploads\/2024\/09\/FOTO-COLEGIOS1-300x225.jpeg 300w, https:\/\/arealorcaradio.es\/wp-content\/uploads\/2024\/09\/FOTO-COLEGIOS1-1024x768.jpeg 1024w, https:\/\/arealorcaradio.es\/wp-content\/uploads\/2024\/09\/FOTO-COLEGIOS1-768x576.jpeg 768w, https:\/\/arealorcaradio.es\/wp-content\/uploads\/2024\/09\/FOTO-COLEGIOS1-1536x1152.jpeg 1536w, https:\/\/arealorcaradio.es\/wp-content\/uploads\/2024\/09\/FOTO-COLEGIOS1-86x64.jpeg 86w, https:\/\/arealorcaradio.es\/wp-content\/uploads\/2024\/09\/FOTO-COLEGIOS1.jpeg 1600w\" sizes=\"auto, (max-width: 300px) 100vw, 300px\" \/><\/p>\n<p class=\"v1MsoNormal\">Pero no han sido s\u00f3lo estos los\u00a0centros\u00a0que han sufrido mejoras.\u00a0Siguiendo en las pedan\u00edas, se han realizado: la adecuaci\u00f3n del parterre para la ejecuci\u00f3n de un roc\u00f3dromo en el\u00a0<b>colegio Virgen de las Huertas<\/b>; el desmontaje de mobiliario empotrado en las aulas y la adecuaci\u00f3n de nuevos espacios en el colegio\u00a0<b>Alfonso Garc\u00eda L\u00f3pez de Purias;<\/b>\u00a0la colocaci\u00f3n de un forrado de corcho en las paredes de las aulas y pasillos de infantil del colegio de Villaespesa; la apertura de un hueco en la pared para ampliar un aula en el pabell\u00f3n de infantil del colegio de\u00a0<b>Ramonete<\/b>; pintura en interior y\/o exterior en los colegios de\u00a0<b>Coy<\/b>, Z<b>arzadilla de Totana, La Parroquia y Villaespesa<\/b>\u00a0y la construcci\u00f3n de un acceso para personas con movilidad reducida en el patio del colegio de\u00a0<b>Zarzadilla de Totana<\/b>\u00a0con el Plan de Pedan\u00edas.<\/p>\n<p class=\"v1MsoNormal\">En el casco urbano destacan: la adecuaci\u00f3n de la zona exterior para la construcci\u00f3n de almac\u00e9n en el colegio\u00a0<b>Jos\u00e9 Robles<\/b>; la sustituci\u00f3n del pavimento de caucho en la zona de juegos infantiles del colegio\u00a0<b>San Fernando<\/b>; la ejecuci\u00f3n de un tabique para aislar ac\u00fasticamente la zona de administraci\u00f3n y las zonas de servidores en el colegio\u00a0<b>Ana Caicedo Richard<\/b>; la colocaci\u00f3n de rejas en ventanas y puertas para evitar robos y la realizaci\u00f3n de un trasdosado en el aula colindante con el gimnasio en el colegio\u00a0<b>Andr\u00e9s Garc\u00eda Soler<\/b>; pintura en el\u00a0<b>colegio Alfonso X el Sabio<\/b>; y la reparaci\u00f3n de suelo vin\u00edlico en aseos y despensa, la sustituci\u00f3n de placas de falso techo que se encontraban en mal estado y la reposici\u00f3n de azulejos rotos en la cocina de la\u00a0<b>Escuela Infantil N\u00ba 1<\/b>.<\/p>\n<p class=\"v1MsoNormal\">Adem\u00e1s, a trav\u00e9s de dos subvenciones que ha recibido el Ayuntamiento de los fondos europeos Leader a trav\u00e9s del grupo de acci\u00f3n local Campoder con un importe de m\u00e1s de 115.000 euros, se ha llevado a cabo la mejora de las zonas exteriores del colegio\u00a0<b>Pasico-Campillo<\/b>, incluida la pista polideportiva, para eliminar las barreras arquitect\u00f3nicas, la instalaci\u00f3n de dos puntos de carga de veh\u00edculos el\u00e9ctricos y la apertura de las instalaciones deportivas y l\u00fadicas en horario extraescolar para el uso de los vecinos y asociaciones. Por otro lado,\u00a0 en el colegio de\u00a0<b>La Escucha<\/b>, la adecuaci\u00f3n de almacenes existentes para convertirlos en aulas para actividades extraescolares con equipamiento inform\u00e1tico y mobiliario con el objetivo de reducir la brecha digital, la sustituci\u00f3n de la cubierta de esos almacenes y las ventanas de todo el centro para una mayor eficiencia energ\u00e9tica, as\u00ed como la realizaci\u00f3n de rampas de acceso a las nuevas aulas para mejorar la accesibilidad.<\/p>\n<p class=\"v1MsoNormal\">El primer edil ha agradecido la colaboraci\u00f3n continua de la Comunidad\u00a0Aut\u00f3noma en cuanto a infraestructuras\u00a0 educativas en el municipio y ha\u00a0subrayado \u00abel esfuerzo y el compromiso continuo del Ayuntamiento en proporcionar una educaci\u00f3n de calidad a todos los escolares lorquinos\u00bb, destacando que\u00a0\u00abdesde el Gobierno de Lorca vamos a seguir trabajando para satisfacer las necesidades de nuestros colegios realizando este tipo de acciones y ofreciendo una formaci\u00f3n de marcada en la excelencia a nuestros estudiantes\u00bb.<\/p>\n<p class=\"v1MsoNormal\"><b>Inicio del curso escolar<\/b><\/p>\n<p class=\"v1MsoNormal\">La visita se enmarca dentro del inicio del curso escolar. En este sentido, 10.098 alumnos de Infantil y Primaria se incorporar\u00e1n a las aulas de los colegios de Lorca el 10 de septiembre, ya que el 9 es festivo en el municipio,<\/p>\n<p class=\"v1MsoNormal\">Tambi\u00e9n el d\u00eda 10, se sumar\u00e1n otros 5.145 estudiantes a la E.S.O y comenzar\u00e1n la etapa de Bachillerato los 1.566 alumnos matriculados (138 m\u00e1s que el a\u00f1o pasado, incremento que apunta a una reducci\u00f3n paulatina anual del abandono escolar). Aqu\u00ed entran las ramas de Bachillerato de Artes; Artes Pl\u00e1sticas, Imagen y Dise\u00f1o; Ciencias y Tecnolog\u00eda; Humanidades y Ciencias Sociales; M\u00fasica y Artes Esc\u00e9nicas; y Bachillerato General.<\/p>\n<p class=\"v1MsoNormal\">En el caso de FP, el arranque ser\u00e1 el 16 de septiembre y las matriculaciones a\u00fan siguen abiertas, aunque Lorca ha contado para este curso con una ampliaci\u00f3n de 300 plazas, superando las 1.700.<\/p>\n","protected":false},"excerpt":{"rendered":"<p>\u00c1REA LORCA RADIO. Lorca, 6 de septiembre de 2024. La pr\u00f3xima semana comenzar\u00e1n a incorporarse los alumnos en el municipio: poco m\u00e1s de 10.000 en Infantil y Primaria lo har\u00e1n el 10 de septiembre, al ser festivo el lunes 9; otros 5.145 regresar\u00e1n a la E.S.O, junto con los 1.566 alumnos matriculados en bachillerato, tambi\u00e9n [&hellip;]<\/p>\n","protected":false},"author":1,"featured_media":4030,"comment_status":"open","ping_status":"open","sticky":false,"template":"","format":"standard","meta":{"iawp_total_views":25,"footnotes":""},"categories":[5,7],"tags":[],"class_list":["post-4027","post","type-post","status-publish","format-standard","has-post-thumbnail","hentry","category-actualidad","category-lorca"],"yoast_head":"<!-- This site is optimized with the Yoast SEO plugin v27.5 - https:\/\/yoast.com\/product\/yoast-seo-wordpress\/ -->\n<title>Los centros escolares de Lorca se ponen a punto para &#039;la vuelta al cole&#039; que tendr\u00e1 lugar este martes 10 de septiembre - AREA LORCA RADIO<\/title>\n<meta name=\"robots\" content=\"index, follow, max-snippet:-1, max-image-preview:large, max-video-preview:-1\" \/>\n<link rel=\"canonical\" href=\"https:\/\/arealorcaradio.es\/index.php\/2024\/09\/06\/los-centros-escolares-de-lorca-se-ponen-a-punto-para-la-vuelta-al-cole-que-tendra-lugar-este-martes-10-de-septiembre\/\" \/>\n<meta property=\"og:locale\" content=\"es_ES\" \/>\n<meta property=\"og:type\" content=\"article\" \/>\n<meta property=\"og:title\" content=\"Los centros escolares de Lorca se ponen a punto para &#039;la vuelta al cole&#039; que tendr\u00e1 lugar este martes 10 de septiembre - AREA LORCA RADIO\" \/>\n<meta property=\"og:description\" content=\"\u00c1REA LORCA RADIO. Lorca, 6 de septiembre de 2024. La pr\u00f3xima semana comenzar\u00e1n a incorporarse los alumnos en el municipio: poco m\u00e1s de 10.000 en Infantil y Primaria lo har\u00e1n el 10 de septiembre, al ser festivo el lunes 9; otros 5.145 regresar\u00e1n a la E.S.O, junto con los 1.566 alumnos matriculados en bachillerato, tambi\u00e9n [&hellip;]\" \/>\n<meta property=\"og:url\" content=\"https:\/\/arealorcaradio.es\/index.php\/2024\/09\/06\/los-centros-escolares-de-lorca-se-ponen-a-punto-para-la-vuelta-al-cole-que-tendra-lugar-este-martes-10-de-septiembre\/\" \/>\n<meta property=\"og:site_name\" content=\"AREA LORCA RADIO\" \/>\n<meta property=\"article:published_time\" content=\"2024-09-06T11:09:09+00:00\" \/>\n<meta property=\"og:image\" content=\"https:\/\/arealorcaradio.es\/wp-content\/uploads\/2024\/09\/FOTO-COLEGIOS2.jpeg\" \/>\n\t<meta property=\"og:image:width\" content=\"1600\" \/>\n\t<meta property=\"og:image:height\" content=\"1200\" \/>\n\t<meta property=\"og:image:type\" content=\"image\/jpeg\" \/>\n<meta name=\"author\" content=\"Paco S\u00e1nchez\" \/>\n<meta name=\"twitter:card\" content=\"summary_large_image\" \/>\n<meta name=\"twitter:label1\" content=\"Escrito por\" \/>\n\t<meta name=\"twitter:data1\" content=\"Paco S\u00e1nchez\" \/>\n\t<meta name=\"twitter:label2\" content=\"Tiempo de lectura\" \/>\n\t<meta name=\"twitter:data2\" content=\"6 minutos\" \/>\n<script type=\"application\/ld+json\" class=\"yoast-schema-graph\">{\"@context\":\"https:\\\/\\\/schema.org\",\"@graph\":[{\"@type\":\"Article\",\"@id\":\"https:\\\/\\\/arealorcaradio.es\\\/index.php\\\/2024\\\/09\\\/06\\\/los-centros-escolares-de-lorca-se-ponen-a-punto-para-la-vuelta-al-cole-que-tendra-lugar-este-martes-10-de-septiembre\\\/#article\",\"isPartOf\":{\"@id\":\"https:\\\/\\\/arealorcaradio.es\\\/index.php\\\/2024\\\/09\\\/06\\\/los-centros-escolares-de-lorca-se-ponen-a-punto-para-la-vuelta-al-cole-que-tendra-lugar-este-martes-10-de-septiembre\\\/\"},\"author\":{\"name\":\"Paco S\u00e1nchez\",\"@id\":\"https:\\\/\\\/arealorcaradio.es\\\/#\\\/schema\\\/person\\\/9fae605fc25b0f2c83c1ab207139bd27\"},\"headline\":\"Los centros escolares de Lorca se ponen a punto para &#8216;la vuelta al cole&#8217; que tendr\u00e1 lugar este martes 10 de septiembre\",\"datePublished\":\"2024-09-06T11:09:09+00:00\",\"mainEntityOfPage\":{\"@id\":\"https:\\\/\\\/arealorcaradio.es\\\/index.php\\\/2024\\\/09\\\/06\\\/los-centros-escolares-de-lorca-se-ponen-a-punto-para-la-vuelta-al-cole-que-tendra-lugar-este-martes-10-de-septiembre\\\/\"},\"wordCount\":1127,\"commentCount\":0,\"image\":{\"@id\":\"https:\\\/\\\/arealorcaradio.es\\\/index.php\\\/2024\\\/09\\\/06\\\/los-centros-escolares-de-lorca-se-ponen-a-punto-para-la-vuelta-al-cole-que-tendra-lugar-este-martes-10-de-septiembre\\\/#primaryimage\"},\"thumbnailUrl\":\"https:\\\/\\\/arealorcaradio.es\\\/wp-content\\\/uploads\\\/2024\\\/09\\\/FOTO-COLEGIOS2.jpeg\",\"articleSection\":[\"ACTUALIDAD\",\"LORCA\"],\"inLanguage\":\"es\",\"potentialAction\":[{\"@type\":\"CommentAction\",\"name\":\"Comment\",\"target\":[\"https:\\\/\\\/arealorcaradio.es\\\/index.php\\\/2024\\\/09\\\/06\\\/los-centros-escolares-de-lorca-se-ponen-a-punto-para-la-vuelta-al-cole-que-tendra-lugar-este-martes-10-de-septiembre\\\/#respond\"]}]},{\"@type\":\"WebPage\",\"@id\":\"https:\\\/\\\/arealorcaradio.es\\\/index.php\\\/2024\\\/09\\\/06\\\/los-centros-escolares-de-lorca-se-ponen-a-punto-para-la-vuelta-al-cole-que-tendra-lugar-este-martes-10-de-septiembre\\\/\",\"url\":\"https:\\\/\\\/arealorcaradio.es\\\/index.php\\\/2024\\\/09\\\/06\\\/los-centros-escolares-de-lorca-se-ponen-a-punto-para-la-vuelta-al-cole-que-tendra-lugar-este-martes-10-de-septiembre\\\/\",\"name\":\"Los centros escolares de Lorca se ponen a punto para 'la vuelta al cole' que tendr\u00e1 lugar este martes 10 de septiembre - AREA LORCA RADIO\",\"isPartOf\":{\"@id\":\"https:\\\/\\\/arealorcaradio.es\\\/#website\"},\"primaryImageOfPage\":{\"@id\":\"https:\\\/\\\/arealorcaradio.es\\\/index.php\\\/2024\\\/09\\\/06\\\/los-centros-escolares-de-lorca-se-ponen-a-punto-para-la-vuelta-al-cole-que-tendra-lugar-este-martes-10-de-septiembre\\\/#primaryimage\"},\"image\":{\"@id\":\"https:\\\/\\\/arealorcaradio.es\\\/index.php\\\/2024\\\/09\\\/06\\\/los-centros-escolares-de-lorca-se-ponen-a-punto-para-la-vuelta-al-cole-que-tendra-lugar-este-martes-10-de-septiembre\\\/#primaryimage\"},\"thumbnailUrl\":\"https:\\\/\\\/arealorcaradio.es\\\/wp-content\\\/uploads\\\/2024\\\/09\\\/FOTO-COLEGIOS2.jpeg\",\"datePublished\":\"2024-09-06T11:09:09+00:00\",\"author\":{\"@id\":\"https:\\\/\\\/arealorcaradio.es\\\/#\\\/schema\\\/person\\\/9fae605fc25b0f2c83c1ab207139bd27\"},\"breadcrumb\":{\"@id\":\"https:\\\/\\\/arealorcaradio.es\\\/index.php\\\/2024\\\/09\\\/06\\\/los-centros-escolares-de-lorca-se-ponen-a-punto-para-la-vuelta-al-cole-que-tendra-lugar-este-martes-10-de-septiembre\\\/#breadcrumb\"},\"inLanguage\":\"es\",\"potentialAction\":[{\"@type\":\"ReadAction\",\"target\":[\"https:\\\/\\\/arealorcaradio.es\\\/index.php\\\/2024\\\/09\\\/06\\\/los-centros-escolares-de-lorca-se-ponen-a-punto-para-la-vuelta-al-cole-que-tendra-lugar-este-martes-10-de-septiembre\\\/\"]}]},{\"@type\":\"ImageObject\",\"inLanguage\":\"es\",\"@id\":\"https:\\\/\\\/arealorcaradio.es\\\/index.php\\\/2024\\\/09\\\/06\\\/los-centros-escolares-de-lorca-se-ponen-a-punto-para-la-vuelta-al-cole-que-tendra-lugar-este-martes-10-de-septiembre\\\/#primaryimage\",\"url\":\"https:\\\/\\\/arealorcaradio.es\\\/wp-content\\\/uploads\\\/2024\\\/09\\\/FOTO-COLEGIOS2.jpeg\",\"contentUrl\":\"https:\\\/\\\/arealorcaradio.es\\\/wp-content\\\/uploads\\\/2024\\\/09\\\/FOTO-COLEGIOS2.jpeg\",\"width\":1600,\"height\":1200},{\"@type\":\"BreadcrumbList\",\"@id\":\"https:\\\/\\\/arealorcaradio.es\\\/index.php\\\/2024\\\/09\\\/06\\\/los-centros-escolares-de-lorca-se-ponen-a-punto-para-la-vuelta-al-cole-que-tendra-lugar-este-martes-10-de-septiembre\\\/#breadcrumb\",\"itemListElement\":[{\"@type\":\"ListItem\",\"position\":1,\"name\":\"Portada\",\"item\":\"https:\\\/\\\/arealorcaradio.es\\\/\"},{\"@type\":\"ListItem\",\"position\":2,\"name\":\"Los centros escolares de Lorca se ponen a punto para &#8216;la vuelta al cole&#8217; que tendr\u00e1 lugar este martes 10 de septiembre\"}]},{\"@type\":\"WebSite\",\"@id\":\"https:\\\/\\\/arealorcaradio.es\\\/#website\",\"url\":\"https:\\\/\\\/arealorcaradio.es\\\/\",\"name\":\"AREA LORCA RADIO\",\"description\":\"Descubre la programaci\u00f3n actual en \u00c1rea Lorca Radio, tu fuente de entrenamiento y noticias locales. Sintoniza ahora y mantente conectado online.\",\"potentialAction\":[{\"@type\":\"SearchAction\",\"target\":{\"@type\":\"EntryPoint\",\"urlTemplate\":\"https:\\\/\\\/arealorcaradio.es\\\/?s={search_term_string}\"},\"query-input\":{\"@type\":\"PropertyValueSpecification\",\"valueRequired\":true,\"valueName\":\"search_term_string\"}}],\"inLanguage\":\"es\"},{\"@type\":\"Person\",\"@id\":\"https:\\\/\\\/arealorcaradio.es\\\/#\\\/schema\\\/person\\\/9fae605fc25b0f2c83c1ab207139bd27\",\"name\":\"Paco S\u00e1nchez\",\"image\":{\"@type\":\"ImageObject\",\"inLanguage\":\"es\",\"@id\":\"https:\\\/\\\/secure.gravatar.com\\\/avatar\\\/d67144e966420fb74aa84c9f2a0103be4724fd14db52b52d3b6bca749f257e79?s=96&d=mm&r=g\",\"url\":\"https:\\\/\\\/secure.gravatar.com\\\/avatar\\\/d67144e966420fb74aa84c9f2a0103be4724fd14db52b52d3b6bca749f257e79?s=96&d=mm&r=g\",\"contentUrl\":\"https:\\\/\\\/secure.gravatar.com\\\/avatar\\\/d67144e966420fb74aa84c9f2a0103be4724fd14db52b52d3b6bca749f257e79?s=96&d=mm&r=g\",\"caption\":\"Paco S\u00e1nchez\"},\"sameAs\":[\"https:\\\/\\\/arealorcaradio.es\"],\"url\":\"https:\\\/\\\/arealorcaradio.es\\\/index.php\\\/author\\\/admin_alorcaradio\\\/\"}]}<\/script>\n<!-- \/ Yoast SEO plugin. -->","yoast_head_json":{"title":"Los centros escolares de Lorca se ponen a punto para 'la vuelta al cole' que tendr\u00e1 lugar este martes 10 de septiembre - AREA LORCA RADIO","robots":{"index":"index","follow":"follow","max-snippet":"max-snippet:-1","max-image-preview":"max-image-preview:large","max-video-preview":"max-video-preview:-1"},"canonical":"https:\/\/arealorcaradio.es\/index.php\/2024\/09\/06\/los-centros-escolares-de-lorca-se-ponen-a-punto-para-la-vuelta-al-cole-que-tendra-lugar-este-martes-10-de-septiembre\/","og_locale":"es_ES","og_type":"article","og_title":"Los centros escolares de Lorca se ponen a punto para 'la vuelta al cole' que tendr\u00e1 lugar este martes 10 de septiembre - AREA LORCA RADIO","og_description":"\u00c1REA LORCA RADIO. Lorca, 6 de septiembre de 2024. La pr\u00f3xima semana comenzar\u00e1n a incorporarse los alumnos en el municipio: poco m\u00e1s de 10.000 en Infantil y Primaria lo har\u00e1n el 10 de septiembre, al ser festivo el lunes 9; otros 5.145 regresar\u00e1n a la E.S.O, junto con los 1.566 alumnos matriculados en bachillerato, tambi\u00e9n [&hellip;]","og_url":"https:\/\/arealorcaradio.es\/index.php\/2024\/09\/06\/los-centros-escolares-de-lorca-se-ponen-a-punto-para-la-vuelta-al-cole-que-tendra-lugar-este-martes-10-de-septiembre\/","og_site_name":"AREA LORCA RADIO","article_published_time":"2024-09-06T11:09:09+00:00","og_image":[{"width":1600,"height":1200,"url":"https:\/\/arealorcaradio.es\/wp-content\/uploads\/2024\/09\/FOTO-COLEGIOS2.jpeg","type":"image\/jpeg"}],"author":"Paco S\u00e1nchez","twitter_card":"summary_large_image","twitter_misc":{"Escrito por":"Paco S\u00e1nchez","Tiempo de lectura":"6 minutos"},"schema":{"@context":"https:\/\/schema.org","@graph":[{"@type":"Article","@id":"https:\/\/arealorcaradio.es\/index.php\/2024\/09\/06\/los-centros-escolares-de-lorca-se-ponen-a-punto-para-la-vuelta-al-cole-que-tendra-lugar-este-martes-10-de-septiembre\/#article","isPartOf":{"@id":"https:\/\/arealorcaradio.es\/index.php\/2024\/09\/06\/los-centros-escolares-de-lorca-se-ponen-a-punto-para-la-vuelta-al-cole-que-tendra-lugar-este-martes-10-de-septiembre\/"},"author":{"name":"Paco S\u00e1nchez","@id":"https:\/\/arealorcaradio.es\/#\/schema\/person\/9fae605fc25b0f2c83c1ab207139bd27"},"headline":"Los centros escolares de Lorca se ponen a punto para &#8216;la vuelta al cole&#8217; que tendr\u00e1 lugar este martes 10 de septiembre","datePublished":"2024-09-06T11:09:09+00:00","mainEntityOfPage":{"@id":"https:\/\/arealorcaradio.es\/index.php\/2024\/09\/06\/los-centros-escolares-de-lorca-se-ponen-a-punto-para-la-vuelta-al-cole-que-tendra-lugar-este-martes-10-de-septiembre\/"},"wordCount":1127,"commentCount":0,"image":{"@id":"https:\/\/arealorcaradio.es\/index.php\/2024\/09\/06\/los-centros-escolares-de-lorca-se-ponen-a-punto-para-la-vuelta-al-cole-que-tendra-lugar-este-martes-10-de-septiembre\/#primaryimage"},"thumbnailUrl":"https:\/\/arealorcaradio.es\/wp-content\/uploads\/2024\/09\/FOTO-COLEGIOS2.jpeg","articleSection":["ACTUALIDAD","LORCA"],"inLanguage":"es","potentialAction":[{"@type":"CommentAction","name":"Comment","target":["https:\/\/arealorcaradio.es\/index.php\/2024\/09\/06\/los-centros-escolares-de-lorca-se-ponen-a-punto-para-la-vuelta-al-cole-que-tendra-lugar-este-martes-10-de-septiembre\/#respond"]}]},{"@type":"WebPage","@id":"https:\/\/arealorcaradio.es\/index.php\/2024\/09\/06\/los-centros-escolares-de-lorca-se-ponen-a-punto-para-la-vuelta-al-cole-que-tendra-lugar-este-martes-10-de-septiembre\/","url":"https:\/\/arealorcaradio.es\/index.php\/2024\/09\/06\/los-centros-escolares-de-lorca-se-ponen-a-punto-para-la-vuelta-al-cole-que-tendra-lugar-este-martes-10-de-septiembre\/","name":"Los centros escolares de Lorca se ponen a punto para 'la vuelta al cole' que tendr\u00e1 lugar este martes 10 de septiembre - AREA LORCA RADIO","isPartOf":{"@id":"https:\/\/arealorcaradio.es\/#website"},"primaryImageOfPage":{"@id":"https:\/\/arealorcaradio.es\/index.php\/2024\/09\/06\/los-centros-escolares-de-lorca-se-ponen-a-punto-para-la-vuelta-al-cole-que-tendra-lugar-este-martes-10-de-septiembre\/#primaryimage"},"image":{"@id":"https:\/\/arealorcaradio.es\/index.php\/2024\/09\/06\/los-centros-escolares-de-lorca-se-ponen-a-punto-para-la-vuelta-al-cole-que-tendra-lugar-este-martes-10-de-septiembre\/#primaryimage"},"thumbnailUrl":"https:\/\/arealorcaradio.es\/wp-content\/uploads\/2024\/09\/FOTO-COLEGIOS2.jpeg","datePublished":"2024-09-06T11:09:09+00:00","author":{"@id":"https:\/\/arealorcaradio.es\/#\/schema\/person\/9fae605fc25b0f2c83c1ab207139bd27"},"breadcrumb":{"@id":"https:\/\/arealorcaradio.es\/index.php\/2024\/09\/06\/los-centros-escolares-de-lorca-se-ponen-a-punto-para-la-vuelta-al-cole-que-tendra-lugar-este-martes-10-de-septiembre\/#breadcrumb"},"inLanguage":"es","potentialAction":[{"@type":"ReadAction","target":["https:\/\/arealorcaradio.es\/index.php\/2024\/09\/06\/los-centros-escolares-de-lorca-se-ponen-a-punto-para-la-vuelta-al-cole-que-tendra-lugar-este-martes-10-de-septiembre\/"]}]},{"@type":"ImageObject","inLanguage":"es","@id":"https:\/\/arealorcaradio.es\/index.php\/2024\/09\/06\/los-centros-escolares-de-lorca-se-ponen-a-punto-para-la-vuelta-al-cole-que-tendra-lugar-este-martes-10-de-septiembre\/#primaryimage","url":"https:\/\/arealorcaradio.es\/wp-content\/uploads\/2024\/09\/FOTO-COLEGIOS2.jpeg","contentUrl":"https:\/\/arealorcaradio.es\/wp-content\/uploads\/2024\/09\/FOTO-COLEGIOS2.jpeg","width":1600,"height":1200},{"@type":"BreadcrumbList","@id":"https:\/\/arealorcaradio.es\/index.php\/2024\/09\/06\/los-centros-escolares-de-lorca-se-ponen-a-punto-para-la-vuelta-al-cole-que-tendra-lugar-este-martes-10-de-septiembre\/#breadcrumb","itemListElement":[{"@type":"ListItem","position":1,"name":"Portada","item":"https:\/\/arealorcaradio.es\/"},{"@type":"ListItem","position":2,"name":"Los centros escolares de Lorca se ponen a punto para &#8216;la vuelta al cole&#8217; que tendr\u00e1 lugar este martes 10 de septiembre"}]},{"@type":"WebSite","@id":"https:\/\/arealorcaradio.es\/#website","url":"https:\/\/arealorcaradio.es\/","name":"AREA LORCA RADIO","description":"Descubre la programaci\u00f3n actual en \u00c1rea Lorca Radio, tu fuente de entrenamiento y noticias locales. Sintoniza ahora y mantente conectado online.","potentialAction":[{"@type":"SearchAction","target":{"@type":"EntryPoint","urlTemplate":"https:\/\/arealorcaradio.es\/?s={search_term_string}"},"query-input":{"@type":"PropertyValueSpecification","valueRequired":true,"valueName":"search_term_string"}}],"inLanguage":"es"},{"@type":"Person","@id":"https:\/\/arealorcaradio.es\/#\/schema\/person\/9fae605fc25b0f2c83c1ab207139bd27","name":"Paco S\u00e1nchez","image":{"@type":"ImageObject","inLanguage":"es","@id":"https:\/\/secure.gravatar.com\/avatar\/d67144e966420fb74aa84c9f2a0103be4724fd14db52b52d3b6bca749f257e79?s=96&d=mm&r=g","url":"https:\/\/secure.gravatar.com\/avatar\/d67144e966420fb74aa84c9f2a0103be4724fd14db52b52d3b6bca749f257e79?s=96&d=mm&r=g","contentUrl":"https:\/\/secure.gravatar.com\/avatar\/d67144e966420fb74aa84c9f2a0103be4724fd14db52b52d3b6bca749f257e79?s=96&d=mm&r=g","caption":"Paco S\u00e1nchez"},"sameAs":["https:\/\/arealorcaradio.es"],"url":"https:\/\/arealorcaradio.es\/index.php\/author\/admin_alorcaradio\/"}]}},"_links":{"self":[{"href":"https:\/\/arealorcaradio.es\/index.php\/wp-json\/wp\/v2\/posts\/4027","targetHints":{"allow":["GET"]}}],"collection":[{"href":"https:\/\/arealorcaradio.es\/index.php\/wp-json\/wp\/v2\/posts"}],"about":[{"href":"https:\/\/arealorcaradio.es\/index.php\/wp-json\/wp\/v2\/types\/post"}],"author":[{"embeddable":true,"href":"https:\/\/arealorcaradio.es\/index.php\/wp-json\/wp\/v2\/users\/1"}],"replies":[{"embeddable":true,"href":"https:\/\/arealorcaradio.es\/index.php\/wp-json\/wp\/v2\/comments?post=4027"}],"version-history":[{"count":2,"href":"https:\/\/arealorcaradio.es\/index.php\/wp-json\/wp\/v2\/posts\/4027\/revisions"}],"predecessor-version":[{"id":4033,"href":"https:\/\/arealorcaradio.es\/index.php\/wp-json\/wp\/v2\/posts\/4027\/revisions\/4033"}],"wp:featuredmedia":[{"embeddable":true,"href":"https:\/\/arealorcaradio.es\/index.php\/wp-json\/wp\/v2\/media\/4030"}],"wp:attachment":[{"href":"https:\/\/arealorcaradio.es\/index.php\/wp-json\/wp\/v2\/media?parent=4027"}],"wp:term":[{"taxonomy":"category","embeddable":true,"href":"https:\/\/arealorcaradio.es\/index.php\/wp-json\/wp\/v2\/categories?post=4027"},{"taxonomy":"post_tag","embeddable":true,"href":"https:\/\/arealorcaradio.es\/index.php\/wp-json\/wp\/v2\/tags?post=4027"}],"curies":[{"name":"wp","href":"https:\/\/api.w.org\/{rel}","templated":true}]}}