{"id":4020,"date":"2024-09-06T10:58:43","date_gmt":"2024-09-06T10:58:43","guid":{"rendered":"https:\/\/arealorcaradio.es\/?p=4020"},"modified":"2024-09-06T10:58:43","modified_gmt":"2024-09-06T10:58:43","slug":"la-iglesia-de-san-francisco-estrenara-sagrario-durante-la-celebracion-de-los-dolores-gloriosos-y-el-xxvii-aniversario-de-la-coronacion-canonica-de-la-virgen-de-los-dolores-el-15-de-septiembre","status":"publish","type":"post","link":"https:\/\/arealorcaradio.es\/index.php\/2024\/09\/06\/la-iglesia-de-san-francisco-estrenara-sagrario-durante-la-celebracion-de-los-dolores-gloriosos-y-el-xxvii-aniversario-de-la-coronacion-canonica-de-la-virgen-de-los-dolores-el-15-de-septiembre\/","title":{"rendered":"La iglesia de San Francisco estrenar\u00e1 sagrario durante la celebraci\u00f3n de los Dolores Gloriosos y el XXVII aniversario de la Coronaci\u00f3n Can\u00f3nica de la Virgen de los Dolores, el 15 de septiembre"},"content":{"rendered":"<p>\u00c1REA LORCA RADIO.<\/p>\n<div><strong>06-09-24.<\/strong> La Hermandad de Labradores, Paso Azul, prepara una amplia programaci\u00f3n de actividades para conmemorar la festividad de los Dolores Gloriosos y el XXVII aniversario de la Coronaci\u00f3n Can\u00f3nica de la Sant\u00edsima Virgen de los Dolores.<\/div>\n<div><\/div>\n<div>Los d\u00edas 14 y 15 de septiembre ser\u00e1n dos jornadas que los azules dedicaremos a nuestra Madre, la Virgen de los Dolores, y a su entorno. La Hermandad de Labradores, Paso Azul, y la Asociaci\u00f3n de Nuestra Se\u00f1ora de los Dolores, han considerado perfecto hacer coincidir la festividad con la bendici\u00f3n del nuevo sagrario de la Iglesia de San Francisco.<\/div>\n<div><\/div>\n<div><img loading=\"lazy\" decoding=\"async\" class=\"alignnone size-medium wp-image-4021\" src=\"https:\/\/arealorcaradio.es\/wp-content\/uploads\/2024\/09\/presentacion-sagrario-300x200.jpeg\" alt=\"\" width=\"300\" height=\"200\" srcset=\"https:\/\/arealorcaradio.es\/wp-content\/uploads\/2024\/09\/presentacion-sagrario-300x200.jpeg 300w, https:\/\/arealorcaradio.es\/wp-content\/uploads\/2024\/09\/presentacion-sagrario-1024x682.jpeg 1024w, https:\/\/arealorcaradio.es\/wp-content\/uploads\/2024\/09\/presentacion-sagrario-768x512.jpeg 768w, https:\/\/arealorcaradio.es\/wp-content\/uploads\/2024\/09\/presentacion-sagrario-1536x1023.jpeg 1536w, https:\/\/arealorcaradio.es\/wp-content\/uploads\/2024\/09\/presentacion-sagrario.jpeg 1600w\" sizes=\"auto, (max-width: 300px) 100vw, 300px\" \/> <img loading=\"lazy\" decoding=\"async\" class=\"alignnone size-medium wp-image-4022\" src=\"https:\/\/arealorcaradio.es\/wp-content\/uploads\/2024\/09\/restauracion-resplandor-paso-azul-300x200.jpeg\" alt=\"\" width=\"300\" height=\"200\" srcset=\"https:\/\/arealorcaradio.es\/wp-content\/uploads\/2024\/09\/restauracion-resplandor-paso-azul-300x200.jpeg 300w, https:\/\/arealorcaradio.es\/wp-content\/uploads\/2024\/09\/restauracion-resplandor-paso-azul-1024x682.jpeg 1024w, https:\/\/arealorcaradio.es\/wp-content\/uploads\/2024\/09\/restauracion-resplandor-paso-azul-768x512.jpeg 768w, https:\/\/arealorcaradio.es\/wp-content\/uploads\/2024\/09\/restauracion-resplandor-paso-azul-1536x1023.jpeg 1536w, https:\/\/arealorcaradio.es\/wp-content\/uploads\/2024\/09\/restauracion-resplandor-paso-azul.jpeg 1600w\" sizes=\"auto, (max-width: 300px) 100vw, 300px\" \/><\/div>\n<div>El sagrario es uno de los elementos m\u00e1s importantes en la celebraci\u00f3n de una eucarist\u00eda pues es el lugar donde permanece el cuerpo de cristo. La iglesia de San Francisco estrenar\u00e1 la pieza \u00a0el pr\u00f3ximo 15 de septiembre, en la solemne Eucarist\u00eda que tendr\u00e1 lugar a las 20:30 horas, y estar\u00e1 oficiada por el obispo de la di\u00f3cesis de Cartagena, D. Jos\u00e9 Manuel Lorca Planes, mayordomo de honor de la Hermandad de Labradores, Paso Azul, desde el a\u00f1o 2000.<\/div>\n<div><\/div>\n<div>Antes de la celebraci\u00f3n de la misa se descubrir\u00e1 en el carrer\u00f3n de San Francisco el retrato de D. Joaqu\u00edn Gimeno Moulia\u00e1, presidente de honor del Paso Azul. La pintura, realizada por el director art\u00edstico del Paso Azul Jos\u00e9 L\u00f3pez Gimeno, ha sido cedida a la Fundaci\u00f3n Paso Azul por la familia del fuera presidente de la hermandad entre 1978 y 1981, para incorporarse a la Galer\u00eda de presidentes del Museo Azul de la Semana Santa. Adem\u00e1s de por los logros alcanzados bajo su presidencia, como el estreno del trono de la Virgen de los Dolores de Fernando Marmolejo, Joaqu\u00edn Gimeno es recordado por su intervenci\u00f3n como director art\u00edstico del Paso durante casi medio siglo, siendo autor de numerosas t\u00fanicas y mantos con los que contribuy\u00f3 a definir una est\u00e9tica propia de nuestra procesi\u00f3n desde la d\u00e9cada de 1970.<\/div>\n<div><\/div>\n<div>\n<div>Dentro de esta programaci\u00f3n de actos realizados, por y para Ella, se ha llevado a cabo la presentaci\u00f3n de la restauraci\u00f3n del resplandor de plata del siglo XVIII de la Virgen de los Dolores, junto al broche y el pu\u00f1al, recientemente localizado, que luce \u00a0la antigua Dolorosa en el estandarte del Reflejo que dirigiera Francisco Cayuela, de cuyo nacimiento conmemoramos el CL aniversario este 2024.<\/div>\n<\/div>\n<div><\/div>\n<div>Asimismo, el Paso Azul ha querido reservar el 14 de septiembre como jornada de reconocimiento a los grandes compositores con los que la Cofrad\u00eda ha tenido la suerte de contar y quienes han dedicado sus composiciones y partituras a la raz\u00f3n de ser de la Hermandad, la Sant\u00edsima Virgen de los Dolores. Y es que la Doloricas cuenta con un repertorio \u00fanico, dedicado exclusivamente a Ella.<\/div>\n<div><\/div>\n<div>A las 19:15 horas dar\u00e1 comienzo este homenaje a la m\u00fasica azul con la denominaci\u00f3n de la calle Juan Antonio G\u00f3mez Navarro, compositor de la Salve a la Sant\u00edsima Virgen de los Dolores, al tramo situado entre las v\u00edas Pr\u00edncipe Alfonso y \u00d3valo Santa Paula, acto que contar\u00e1 con la participaci\u00f3n de la Agrupaci\u00f3n Musical Mater Dolorosa. El Paso Azul quiere agradecer al Ayuntamiento de Lorca la celeridad con la que ha atendido la petici\u00f3n de conceder una calle a este ilustre m\u00fasico lorquino, formulada por nuestra hermandad en 2023.<\/div>\n<div><\/div>\n<div>A las 19:45 horas tambi\u00e9n un homenaje a Jos\u00e9 Alc\u00e1zar Garc\u00eda de las Bayonas, compositor de las famosas Coplas a la Virgen de los Dolores, que ser\u00e1n interpretadas. A las 20:30 horas se celebrar\u00e1 la paraliturgia de Exaltaci\u00f3n a la Cruz y, una vez finalizada, se proceder\u00e1 a hacer entrega a C\u00e1ritas de la recaudaci\u00f3n de la segunda edici\u00f3n de la Recogida Solidaria de Material Escolar, organizada por el Paso Azul.<\/div>\n<div><\/div>\n<div><strong>La iglesia de San Francisco contar\u00e1 con un nuevo sagrario<\/strong><\/div>\n<div><\/div>\n<div>El sagrario, encargado y sufragado por la Asociaci\u00f3n de Nuestra Se\u00f1ora de los Dolores, ha sido realizado por los talleres sevillanos de la Orfebrer\u00eda Villarreal. Cincelado completamente a mano en plata de Ley, cuenta con un dise\u00f1o de estilo renacentista con un metro de altura y 14,5 kilos de peso.<\/div>\n<div><\/div>\n<div>De su planta rectangular parte una base de moldura con hojas de acanto. La puerta representa una escena de la maternidad de la Virgen y, a ambos lados, como ornamento, aparecen como motivos sacramentales uvas y espigas. Asimismo, en la parte alta, aparece un coraz\u00f3n atravesado por una pu\u00f1al, s\u00edmbolo de la Hermandad de Labradores, y una cartela con el anagrama mariano. El sagrario culmina con una c\u00fapula en la que aparece representado el s\u00edmbolo del amor a Dios, un pel\u00edcano dando de beber su sangre a las cr\u00edas.<\/div>\n","protected":false},"excerpt":{"rendered":"<p>\u00c1REA LORCA RADIO. 06-09-24. La Hermandad de Labradores, Paso Azul, prepara una amplia programaci\u00f3n de actividades para conmemorar la festividad de los Dolores Gloriosos y el XXVII aniversario de la Coronaci\u00f3n Can\u00f3nica de la Sant\u00edsima Virgen de los Dolores. Los d\u00edas 14 y 15 de septiembre ser\u00e1n dos jornadas que los azules dedicaremos a nuestra [&hellip;]<\/p>\n","protected":false},"author":1,"featured_media":4023,"comment_status":"open","ping_status":"open","sticky":false,"template":"","format":"standard","meta":{"iawp_total_views":11,"footnotes":""},"categories":[5,7],"tags":[],"class_list":["post-4020","post","type-post","status-publish","format-standard","has-post-thumbnail","hentry","category-actualidad","category-lorca"],"yoast_head":"<!-- This site is optimized with the Yoast SEO plugin v27.5 - https:\/\/yoast.com\/product\/yoast-seo-wordpress\/ -->\n<title>La iglesia de San Francisco estrenar\u00e1 sagrario durante la celebraci\u00f3n de los Dolores Gloriosos y el XXVII aniversario de la Coronaci\u00f3n Can\u00f3nica de la Virgen de los Dolores, el 15 de septiembre - AREA LORCA RADIO<\/title>\n<meta name=\"robots\" content=\"index, follow, max-snippet:-1, max-image-preview:large, max-video-preview:-1\" \/>\n<link rel=\"canonical\" href=\"https:\/\/arealorcaradio.es\/index.php\/2024\/09\/06\/la-iglesia-de-san-francisco-estrenara-sagrario-durante-la-celebracion-de-los-dolores-gloriosos-y-el-xxvii-aniversario-de-la-coronacion-canonica-de-la-virgen-de-los-dolores-el-15-de-septiembre\/\" \/>\n<meta property=\"og:locale\" content=\"es_ES\" \/>\n<meta property=\"og:type\" content=\"article\" \/>\n<meta property=\"og:title\" content=\"La iglesia de San Francisco estrenar\u00e1 sagrario durante la celebraci\u00f3n de los Dolores Gloriosos y el XXVII aniversario de la Coronaci\u00f3n Can\u00f3nica de la Virgen de los Dolores, el 15 de septiembre - AREA LORCA RADIO\" \/>\n<meta property=\"og:description\" content=\"\u00c1REA LORCA RADIO. 06-09-24. La Hermandad de Labradores, Paso Azul, prepara una amplia programaci\u00f3n de actividades para conmemorar la festividad de los Dolores Gloriosos y el XXVII aniversario de la Coronaci\u00f3n Can\u00f3nica de la Sant\u00edsima Virgen de los Dolores. Los d\u00edas 14 y 15 de septiembre ser\u00e1n dos jornadas que los azules dedicaremos a nuestra [&hellip;]\" \/>\n<meta property=\"og:url\" content=\"https:\/\/arealorcaradio.es\/index.php\/2024\/09\/06\/la-iglesia-de-san-francisco-estrenara-sagrario-durante-la-celebracion-de-los-dolores-gloriosos-y-el-xxvii-aniversario-de-la-coronacion-canonica-de-la-virgen-de-los-dolores-el-15-de-septiembre\/\" \/>\n<meta property=\"og:site_name\" content=\"AREA LORCA RADIO\" \/>\n<meta property=\"article:published_time\" content=\"2024-09-06T10:58:43+00:00\" \/>\n<meta property=\"og:image\" content=\"https:\/\/arealorcaradio.es\/wp-content\/uploads\/2024\/09\/presentacion-sagrario-san-francisco.jpeg\" \/>\n\t<meta property=\"og:image:width\" content=\"1600\" \/>\n\t<meta property=\"og:image:height\" content=\"1066\" \/>\n\t<meta property=\"og:image:type\" content=\"image\/jpeg\" \/>\n<meta name=\"author\" content=\"Paco S\u00e1nchez\" \/>\n<meta name=\"twitter:card\" content=\"summary_large_image\" \/>\n<meta name=\"twitter:label1\" content=\"Escrito por\" \/>\n\t<meta name=\"twitter:data1\" content=\"Paco S\u00e1nchez\" \/>\n\t<meta name=\"twitter:label2\" content=\"Tiempo de lectura\" \/>\n\t<meta name=\"twitter:data2\" content=\"5 minutos\" \/>\n<script type=\"application\/ld+json\" class=\"yoast-schema-graph\">{\"@context\":\"https:\\\/\\\/schema.org\",\"@graph\":[{\"@type\":\"Article\",\"@id\":\"https:\\\/\\\/arealorcaradio.es\\\/index.php\\\/2024\\\/09\\\/06\\\/la-iglesia-de-san-francisco-estrenara-sagrario-durante-la-celebracion-de-los-dolores-gloriosos-y-el-xxvii-aniversario-de-la-coronacion-canonica-de-la-virgen-de-los-dolores-el-15-de-septiembre\\\/#article\",\"isPartOf\":{\"@id\":\"https:\\\/\\\/arealorcaradio.es\\\/index.php\\\/2024\\\/09\\\/06\\\/la-iglesia-de-san-francisco-estrenara-sagrario-durante-la-celebracion-de-los-dolores-gloriosos-y-el-xxvii-aniversario-de-la-coronacion-canonica-de-la-virgen-de-los-dolores-el-15-de-septiembre\\\/\"},\"author\":{\"name\":\"Paco S\u00e1nchez\",\"@id\":\"https:\\\/\\\/arealorcaradio.es\\\/#\\\/schema\\\/person\\\/9fae605fc25b0f2c83c1ab207139bd27\"},\"headline\":\"La iglesia de San Francisco estrenar\u00e1 sagrario durante la celebraci\u00f3n de los Dolores Gloriosos y el XXVII aniversario de la Coronaci\u00f3n Can\u00f3nica de la Virgen de los Dolores, el 15 de septiembre\",\"datePublished\":\"2024-09-06T10:58:43+00:00\",\"mainEntityOfPage\":{\"@id\":\"https:\\\/\\\/arealorcaradio.es\\\/index.php\\\/2024\\\/09\\\/06\\\/la-iglesia-de-san-francisco-estrenara-sagrario-durante-la-celebracion-de-los-dolores-gloriosos-y-el-xxvii-aniversario-de-la-coronacion-canonica-de-la-virgen-de-los-dolores-el-15-de-septiembre\\\/\"},\"wordCount\":845,\"commentCount\":0,\"image\":{\"@id\":\"https:\\\/\\\/arealorcaradio.es\\\/index.php\\\/2024\\\/09\\\/06\\\/la-iglesia-de-san-francisco-estrenara-sagrario-durante-la-celebracion-de-los-dolores-gloriosos-y-el-xxvii-aniversario-de-la-coronacion-canonica-de-la-virgen-de-los-dolores-el-15-de-septiembre\\\/#primaryimage\"},\"thumbnailUrl\":\"https:\\\/\\\/arealorcaradio.es\\\/wp-content\\\/uploads\\\/2024\\\/09\\\/presentacion-sagrario-san-francisco.jpeg\",\"articleSection\":[\"ACTUALIDAD\",\"LORCA\"],\"inLanguage\":\"es\",\"potentialAction\":[{\"@type\":\"CommentAction\",\"name\":\"Comment\",\"target\":[\"https:\\\/\\\/arealorcaradio.es\\\/index.php\\\/2024\\\/09\\\/06\\\/la-iglesia-de-san-francisco-estrenara-sagrario-durante-la-celebracion-de-los-dolores-gloriosos-y-el-xxvii-aniversario-de-la-coronacion-canonica-de-la-virgen-de-los-dolores-el-15-de-septiembre\\\/#respond\"]}]},{\"@type\":\"WebPage\",\"@id\":\"https:\\\/\\\/arealorcaradio.es\\\/index.php\\\/2024\\\/09\\\/06\\\/la-iglesia-de-san-francisco-estrenara-sagrario-durante-la-celebracion-de-los-dolores-gloriosos-y-el-xxvii-aniversario-de-la-coronacion-canonica-de-la-virgen-de-los-dolores-el-15-de-septiembre\\\/\",\"url\":\"https:\\\/\\\/arealorcaradio.es\\\/index.php\\\/2024\\\/09\\\/06\\\/la-iglesia-de-san-francisco-estrenara-sagrario-durante-la-celebracion-de-los-dolores-gloriosos-y-el-xxvii-aniversario-de-la-coronacion-canonica-de-la-virgen-de-los-dolores-el-15-de-septiembre\\\/\",\"name\":\"La iglesia de San Francisco estrenar\u00e1 sagrario durante la celebraci\u00f3n de los Dolores Gloriosos y el XXVII aniversario de la Coronaci\u00f3n Can\u00f3nica de la Virgen de los Dolores, el 15 de septiembre - AREA LORCA RADIO\",\"isPartOf\":{\"@id\":\"https:\\\/\\\/arealorcaradio.es\\\/#website\"},\"primaryImageOfPage\":{\"@id\":\"https:\\\/\\\/arealorcaradio.es\\\/index.php\\\/2024\\\/09\\\/06\\\/la-iglesia-de-san-francisco-estrenara-sagrario-durante-la-celebracion-de-los-dolores-gloriosos-y-el-xxvii-aniversario-de-la-coronacion-canonica-de-la-virgen-de-los-dolores-el-15-de-septiembre\\\/#primaryimage\"},\"image\":{\"@id\":\"https:\\\/\\\/arealorcaradio.es\\\/index.php\\\/2024\\\/09\\\/06\\\/la-iglesia-de-san-francisco-estrenara-sagrario-durante-la-celebracion-de-los-dolores-gloriosos-y-el-xxvii-aniversario-de-la-coronacion-canonica-de-la-virgen-de-los-dolores-el-15-de-septiembre\\\/#primaryimage\"},\"thumbnailUrl\":\"https:\\\/\\\/arealorcaradio.es\\\/wp-content\\\/uploads\\\/2024\\\/09\\\/presentacion-sagrario-san-francisco.jpeg\",\"datePublished\":\"2024-09-06T10:58:43+00:00\",\"author\":{\"@id\":\"https:\\\/\\\/arealorcaradio.es\\\/#\\\/schema\\\/person\\\/9fae605fc25b0f2c83c1ab207139bd27\"},\"breadcrumb\":{\"@id\":\"https:\\\/\\\/arealorcaradio.es\\\/index.php\\\/2024\\\/09\\\/06\\\/la-iglesia-de-san-francisco-estrenara-sagrario-durante-la-celebracion-de-los-dolores-gloriosos-y-el-xxvii-aniversario-de-la-coronacion-canonica-de-la-virgen-de-los-dolores-el-15-de-septiembre\\\/#breadcrumb\"},\"inLanguage\":\"es\",\"potentialAction\":[{\"@type\":\"ReadAction\",\"target\":[\"https:\\\/\\\/arealorcaradio.es\\\/index.php\\\/2024\\\/09\\\/06\\\/la-iglesia-de-san-francisco-estrenara-sagrario-durante-la-celebracion-de-los-dolores-gloriosos-y-el-xxvii-aniversario-de-la-coronacion-canonica-de-la-virgen-de-los-dolores-el-15-de-septiembre\\\/\"]}]},{\"@type\":\"ImageObject\",\"inLanguage\":\"es\",\"@id\":\"https:\\\/\\\/arealorcaradio.es\\\/index.php\\\/2024\\\/09\\\/06\\\/la-iglesia-de-san-francisco-estrenara-sagrario-durante-la-celebracion-de-los-dolores-gloriosos-y-el-xxvii-aniversario-de-la-coronacion-canonica-de-la-virgen-de-los-dolores-el-15-de-septiembre\\\/#primaryimage\",\"url\":\"https:\\\/\\\/arealorcaradio.es\\\/wp-content\\\/uploads\\\/2024\\\/09\\\/presentacion-sagrario-san-francisco.jpeg\",\"contentUrl\":\"https:\\\/\\\/arealorcaradio.es\\\/wp-content\\\/uploads\\\/2024\\\/09\\\/presentacion-sagrario-san-francisco.jpeg\",\"width\":1600,\"height\":1066},{\"@type\":\"BreadcrumbList\",\"@id\":\"https:\\\/\\\/arealorcaradio.es\\\/index.php\\\/2024\\\/09\\\/06\\\/la-iglesia-de-san-francisco-estrenara-sagrario-durante-la-celebracion-de-los-dolores-gloriosos-y-el-xxvii-aniversario-de-la-coronacion-canonica-de-la-virgen-de-los-dolores-el-15-de-septiembre\\\/#breadcrumb\",\"itemListElement\":[{\"@type\":\"ListItem\",\"position\":1,\"name\":\"Portada\",\"item\":\"https:\\\/\\\/arealorcaradio.es\\\/\"},{\"@type\":\"ListItem\",\"position\":2,\"name\":\"La iglesia de San Francisco estrenar\u00e1 sagrario durante la celebraci\u00f3n de los Dolores Gloriosos y el XXVII aniversario de la Coronaci\u00f3n Can\u00f3nica de la Virgen de los Dolores, el 15 de septiembre\"}]},{\"@type\":\"WebSite\",\"@id\":\"https:\\\/\\\/arealorcaradio.es\\\/#website\",\"url\":\"https:\\\/\\\/arealorcaradio.es\\\/\",\"name\":\"AREA LORCA RADIO\",\"description\":\"Descubre la programaci\u00f3n actual en \u00c1rea Lorca Radio, tu fuente de entrenamiento y noticias locales. Sintoniza ahora y mantente conectado online.\",\"potentialAction\":[{\"@type\":\"SearchAction\",\"target\":{\"@type\":\"EntryPoint\",\"urlTemplate\":\"https:\\\/\\\/arealorcaradio.es\\\/?s={search_term_string}\"},\"query-input\":{\"@type\":\"PropertyValueSpecification\",\"valueRequired\":true,\"valueName\":\"search_term_string\"}}],\"inLanguage\":\"es\"},{\"@type\":\"Person\",\"@id\":\"https:\\\/\\\/arealorcaradio.es\\\/#\\\/schema\\\/person\\\/9fae605fc25b0f2c83c1ab207139bd27\",\"name\":\"Paco S\u00e1nchez\",\"image\":{\"@type\":\"ImageObject\",\"inLanguage\":\"es\",\"@id\":\"https:\\\/\\\/secure.gravatar.com\\\/avatar\\\/d67144e966420fb74aa84c9f2a0103be4724fd14db52b52d3b6bca749f257e79?s=96&d=mm&r=g\",\"url\":\"https:\\\/\\\/secure.gravatar.com\\\/avatar\\\/d67144e966420fb74aa84c9f2a0103be4724fd14db52b52d3b6bca749f257e79?s=96&d=mm&r=g\",\"contentUrl\":\"https:\\\/\\\/secure.gravatar.com\\\/avatar\\\/d67144e966420fb74aa84c9f2a0103be4724fd14db52b52d3b6bca749f257e79?s=96&d=mm&r=g\",\"caption\":\"Paco S\u00e1nchez\"},\"sameAs\":[\"https:\\\/\\\/arealorcaradio.es\"],\"url\":\"https:\\\/\\\/arealorcaradio.es\\\/index.php\\\/author\\\/admin_alorcaradio\\\/\"}]}<\/script>\n<!-- \/ Yoast SEO plugin. -->","yoast_head_json":{"title":"La iglesia de San Francisco estrenar\u00e1 sagrario durante la celebraci\u00f3n de los Dolores Gloriosos y el XXVII aniversario de la Coronaci\u00f3n Can\u00f3nica de la Virgen de los Dolores, el 15 de septiembre - AREA LORCA RADIO","robots":{"index":"index","follow":"follow","max-snippet":"max-snippet:-1","max-image-preview":"max-image-preview:large","max-video-preview":"max-video-preview:-1"},"canonical":"https:\/\/arealorcaradio.es\/index.php\/2024\/09\/06\/la-iglesia-de-san-francisco-estrenara-sagrario-durante-la-celebracion-de-los-dolores-gloriosos-y-el-xxvii-aniversario-de-la-coronacion-canonica-de-la-virgen-de-los-dolores-el-15-de-septiembre\/","og_locale":"es_ES","og_type":"article","og_title":"La iglesia de San Francisco estrenar\u00e1 sagrario durante la celebraci\u00f3n de los Dolores Gloriosos y el XXVII aniversario de la Coronaci\u00f3n Can\u00f3nica de la Virgen de los Dolores, el 15 de septiembre - AREA LORCA RADIO","og_description":"\u00c1REA LORCA RADIO. 06-09-24. La Hermandad de Labradores, Paso Azul, prepara una amplia programaci\u00f3n de actividades para conmemorar la festividad de los Dolores Gloriosos y el XXVII aniversario de la Coronaci\u00f3n Can\u00f3nica de la Sant\u00edsima Virgen de los Dolores. Los d\u00edas 14 y 15 de septiembre ser\u00e1n dos jornadas que los azules dedicaremos a nuestra [&hellip;]","og_url":"https:\/\/arealorcaradio.es\/index.php\/2024\/09\/06\/la-iglesia-de-san-francisco-estrenara-sagrario-durante-la-celebracion-de-los-dolores-gloriosos-y-el-xxvii-aniversario-de-la-coronacion-canonica-de-la-virgen-de-los-dolores-el-15-de-septiembre\/","og_site_name":"AREA LORCA RADIO","article_published_time":"2024-09-06T10:58:43+00:00","og_image":[{"width":1600,"height":1066,"url":"https:\/\/arealorcaradio.es\/wp-content\/uploads\/2024\/09\/presentacion-sagrario-san-francisco.jpeg","type":"image\/jpeg"}],"author":"Paco S\u00e1nchez","twitter_card":"summary_large_image","twitter_misc":{"Escrito por":"Paco S\u00e1nchez","Tiempo de lectura":"5 minutos"},"schema":{"@context":"https:\/\/schema.org","@graph":[{"@type":"Article","@id":"https:\/\/arealorcaradio.es\/index.php\/2024\/09\/06\/la-iglesia-de-san-francisco-estrenara-sagrario-durante-la-celebracion-de-los-dolores-gloriosos-y-el-xxvii-aniversario-de-la-coronacion-canonica-de-la-virgen-de-los-dolores-el-15-de-septiembre\/#article","isPartOf":{"@id":"https:\/\/arealorcaradio.es\/index.php\/2024\/09\/06\/la-iglesia-de-san-francisco-estrenara-sagrario-durante-la-celebracion-de-los-dolores-gloriosos-y-el-xxvii-aniversario-de-la-coronacion-canonica-de-la-virgen-de-los-dolores-el-15-de-septiembre\/"},"author":{"name":"Paco S\u00e1nchez","@id":"https:\/\/arealorcaradio.es\/#\/schema\/person\/9fae605fc25b0f2c83c1ab207139bd27"},"headline":"La iglesia de San Francisco estrenar\u00e1 sagrario durante la celebraci\u00f3n de los Dolores Gloriosos y el XXVII aniversario de la Coronaci\u00f3n Can\u00f3nica de la Virgen de los Dolores, el 15 de septiembre","datePublished":"2024-09-06T10:58:43+00:00","mainEntityOfPage":{"@id":"https:\/\/arealorcaradio.es\/index.php\/2024\/09\/06\/la-iglesia-de-san-francisco-estrenara-sagrario-durante-la-celebracion-de-los-dolores-gloriosos-y-el-xxvii-aniversario-de-la-coronacion-canonica-de-la-virgen-de-los-dolores-el-15-de-septiembre\/"},"wordCount":845,"commentCount":0,"image":{"@id":"https:\/\/arealorcaradio.es\/index.php\/2024\/09\/06\/la-iglesia-de-san-francisco-estrenara-sagrario-durante-la-celebracion-de-los-dolores-gloriosos-y-el-xxvii-aniversario-de-la-coronacion-canonica-de-la-virgen-de-los-dolores-el-15-de-septiembre\/#primaryimage"},"thumbnailUrl":"https:\/\/arealorcaradio.es\/wp-content\/uploads\/2024\/09\/presentacion-sagrario-san-francisco.jpeg","articleSection":["ACTUALIDAD","LORCA"],"inLanguage":"es","potentialAction":[{"@type":"CommentAction","name":"Comment","target":["https:\/\/arealorcaradio.es\/index.php\/2024\/09\/06\/la-iglesia-de-san-francisco-estrenara-sagrario-durante-la-celebracion-de-los-dolores-gloriosos-y-el-xxvii-aniversario-de-la-coronacion-canonica-de-la-virgen-de-los-dolores-el-15-de-septiembre\/#respond"]}]},{"@type":"WebPage","@id":"https:\/\/arealorcaradio.es\/index.php\/2024\/09\/06\/la-iglesia-de-san-francisco-estrenara-sagrario-durante-la-celebracion-de-los-dolores-gloriosos-y-el-xxvii-aniversario-de-la-coronacion-canonica-de-la-virgen-de-los-dolores-el-15-de-septiembre\/","url":"https:\/\/arealorcaradio.es\/index.php\/2024\/09\/06\/la-iglesia-de-san-francisco-estrenara-sagrario-durante-la-celebracion-de-los-dolores-gloriosos-y-el-xxvii-aniversario-de-la-coronacion-canonica-de-la-virgen-de-los-dolores-el-15-de-septiembre\/","name":"La iglesia de San Francisco estrenar\u00e1 sagrario durante la celebraci\u00f3n de los Dolores Gloriosos y el XXVII aniversario de la Coronaci\u00f3n Can\u00f3nica de la Virgen de los Dolores, el 15 de septiembre - AREA LORCA RADIO","isPartOf":{"@id":"https:\/\/arealorcaradio.es\/#website"},"primaryImageOfPage":{"@id":"https:\/\/arealorcaradio.es\/index.php\/2024\/09\/06\/la-iglesia-de-san-francisco-estrenara-sagrario-durante-la-celebracion-de-los-dolores-gloriosos-y-el-xxvii-aniversario-de-la-coronacion-canonica-de-la-virgen-de-los-dolores-el-15-de-septiembre\/#primaryimage"},"image":{"@id":"https:\/\/arealorcaradio.es\/index.php\/2024\/09\/06\/la-iglesia-de-san-francisco-estrenara-sagrario-durante-la-celebracion-de-los-dolores-gloriosos-y-el-xxvii-aniversario-de-la-coronacion-canonica-de-la-virgen-de-los-dolores-el-15-de-septiembre\/#primaryimage"},"thumbnailUrl":"https:\/\/arealorcaradio.es\/wp-content\/uploads\/2024\/09\/presentacion-sagrario-san-francisco.jpeg","datePublished":"2024-09-06T10:58:43+00:00","author":{"@id":"https:\/\/arealorcaradio.es\/#\/schema\/person\/9fae605fc25b0f2c83c1ab207139bd27"},"breadcrumb":{"@id":"https:\/\/arealorcaradio.es\/index.php\/2024\/09\/06\/la-iglesia-de-san-francisco-estrenara-sagrario-durante-la-celebracion-de-los-dolores-gloriosos-y-el-xxvii-aniversario-de-la-coronacion-canonica-de-la-virgen-de-los-dolores-el-15-de-septiembre\/#breadcrumb"},"inLanguage":"es","potentialAction":[{"@type":"ReadAction","target":["https:\/\/arealorcaradio.es\/index.php\/2024\/09\/06\/la-iglesia-de-san-francisco-estrenara-sagrario-durante-la-celebracion-de-los-dolores-gloriosos-y-el-xxvii-aniversario-de-la-coronacion-canonica-de-la-virgen-de-los-dolores-el-15-de-septiembre\/"]}]},{"@type":"ImageObject","inLanguage":"es","@id":"https:\/\/arealorcaradio.es\/index.php\/2024\/09\/06\/la-iglesia-de-san-francisco-estrenara-sagrario-durante-la-celebracion-de-los-dolores-gloriosos-y-el-xxvii-aniversario-de-la-coronacion-canonica-de-la-virgen-de-los-dolores-el-15-de-septiembre\/#primaryimage","url":"https:\/\/arealorcaradio.es\/wp-content\/uploads\/2024\/09\/presentacion-sagrario-san-francisco.jpeg","contentUrl":"https:\/\/arealorcaradio.es\/wp-content\/uploads\/2024\/09\/presentacion-sagrario-san-francisco.jpeg","width":1600,"height":1066},{"@type":"BreadcrumbList","@id":"https:\/\/arealorcaradio.es\/index.php\/2024\/09\/06\/la-iglesia-de-san-francisco-estrenara-sagrario-durante-la-celebracion-de-los-dolores-gloriosos-y-el-xxvii-aniversario-de-la-coronacion-canonica-de-la-virgen-de-los-dolores-el-15-de-septiembre\/#breadcrumb","itemListElement":[{"@type":"ListItem","position":1,"name":"Portada","item":"https:\/\/arealorcaradio.es\/"},{"@type":"ListItem","position":2,"name":"La iglesia de San Francisco estrenar\u00e1 sagrario durante la celebraci\u00f3n de los Dolores Gloriosos y el XXVII aniversario de la Coronaci\u00f3n Can\u00f3nica de la Virgen de los Dolores, el 15 de septiembre"}]},{"@type":"WebSite","@id":"https:\/\/arealorcaradio.es\/#website","url":"https:\/\/arealorcaradio.es\/","name":"AREA LORCA RADIO","description":"Descubre la programaci\u00f3n actual en \u00c1rea Lorca Radio, tu fuente de entrenamiento y noticias locales. Sintoniza ahora y mantente conectado online.","potentialAction":[{"@type":"SearchAction","target":{"@type":"EntryPoint","urlTemplate":"https:\/\/arealorcaradio.es\/?s={search_term_string}"},"query-input":{"@type":"PropertyValueSpecification","valueRequired":true,"valueName":"search_term_string"}}],"inLanguage":"es"},{"@type":"Person","@id":"https:\/\/arealorcaradio.es\/#\/schema\/person\/9fae605fc25b0f2c83c1ab207139bd27","name":"Paco S\u00e1nchez","image":{"@type":"ImageObject","inLanguage":"es","@id":"https:\/\/secure.gravatar.com\/avatar\/d67144e966420fb74aa84c9f2a0103be4724fd14db52b52d3b6bca749f257e79?s=96&d=mm&r=g","url":"https:\/\/secure.gravatar.com\/avatar\/d67144e966420fb74aa84c9f2a0103be4724fd14db52b52d3b6bca749f257e79?s=96&d=mm&r=g","contentUrl":"https:\/\/secure.gravatar.com\/avatar\/d67144e966420fb74aa84c9f2a0103be4724fd14db52b52d3b6bca749f257e79?s=96&d=mm&r=g","caption":"Paco S\u00e1nchez"},"sameAs":["https:\/\/arealorcaradio.es"],"url":"https:\/\/arealorcaradio.es\/index.php\/author\/admin_alorcaradio\/"}]}},"_links":{"self":[{"href":"https:\/\/arealorcaradio.es\/index.php\/wp-json\/wp\/v2\/posts\/4020","targetHints":{"allow":["GET"]}}],"collection":[{"href":"https:\/\/arealorcaradio.es\/index.php\/wp-json\/wp\/v2\/posts"}],"about":[{"href":"https:\/\/arealorcaradio.es\/index.php\/wp-json\/wp\/v2\/types\/post"}],"author":[{"embeddable":true,"href":"https:\/\/arealorcaradio.es\/index.php\/wp-json\/wp\/v2\/users\/1"}],"replies":[{"embeddable":true,"href":"https:\/\/arealorcaradio.es\/index.php\/wp-json\/wp\/v2\/comments?post=4020"}],"version-history":[{"count":1,"href":"https:\/\/arealorcaradio.es\/index.php\/wp-json\/wp\/v2\/posts\/4020\/revisions"}],"predecessor-version":[{"id":4024,"href":"https:\/\/arealorcaradio.es\/index.php\/wp-json\/wp\/v2\/posts\/4020\/revisions\/4024"}],"wp:featuredmedia":[{"embeddable":true,"href":"https:\/\/arealorcaradio.es\/index.php\/wp-json\/wp\/v2\/media\/4023"}],"wp:attachment":[{"href":"https:\/\/arealorcaradio.es\/index.php\/wp-json\/wp\/v2\/media?parent=4020"}],"wp:term":[{"taxonomy":"category","embeddable":true,"href":"https:\/\/arealorcaradio.es\/index.php\/wp-json\/wp\/v2\/categories?post=4020"},{"taxonomy":"post_tag","embeddable":true,"href":"https:\/\/arealorcaradio.es\/index.php\/wp-json\/wp\/v2\/tags?post=4020"}],"curies":[{"name":"wp","href":"https:\/\/api.w.org\/{rel}","templated":true}]}}