{"id":4015,"date":"2024-09-06T10:53:24","date_gmt":"2024-09-06T10:53:24","guid":{"rendered":"https:\/\/arealorcaradio.es\/?p=4015"},"modified":"2024-09-06T10:53:24","modified_gmt":"2024-09-06T10:53:24","slug":"el-ayuntamiento-instalara-puntos-violeta-en-la-feria-chica-y-en-la-feria-de-lorca-para-prevenir-la-violencia-sexual-en-las-mujeres","status":"publish","type":"post","link":"https:\/\/arealorcaradio.es\/index.php\/2024\/09\/06\/el-ayuntamiento-instalara-puntos-violeta-en-la-feria-chica-y-en-la-feria-de-lorca-para-prevenir-la-violencia-sexual-en-las-mujeres\/","title":{"rendered":"El Ayuntamiento instalar\u00e1 &#8216;Puntos Violeta&#8217; en la Feria Chica y en la Feria de Lorca para prevenir la violencia sexual en las mujeres"},"content":{"rendered":"<p>\u00c1REA LORCA RADIO.<\/p>\n<p class=\"v1MsoNormal\"><b>5 de septiembre de 2024.<\/b>\u00a0La concejal\u00eda de la Mujer junto a la Federaci\u00f3n de Organizaciones de Mujeres de Lorca va a realizar una durante la Feria Chica y la Feria y Fiestas de Lorca una campa\u00f1a de sensibilizaci\u00f3n para prevenir e informar sobre la violencia hacia las mujeres y especialmente la de car\u00e1cter sexual. Esta acci\u00f3n ir\u00e1 dirigida a la poblaci\u00f3n en general y a las v\u00edctimas de violencia sexual en particular, haciendo con ello tambi\u00e9n un llamamiento a la implicaci\u00f3n de toda la ciudadan\u00eda en la lucha contra estas violencias.<\/p>\n<p class=\"v1MsoNormal\">La edil de Mujer del Ayuntamiento de Lorca, Mar\u00eda de las Huertas Garc\u00eda, y la presidenta de FOMLorca, Pilar Fern\u00e1ndez, han presentado esta acci\u00f3n en la que este a\u00f1o, se instalar\u00e1 un Punto Violeta Fijo durante los fines de semana durante las dos festividades. \u00abEl objetivo de estos espacios, es sensibilizar e informar a la poblaci\u00f3n sobre el impacto y actuaciones ante situaciones de violencia sexual, con la finalidad de concienciar, prevenir y disfrutar las fiestas bajo el respeto hacia las mujeres y si fuera necesario, se acoger\u00e1 y derivar\u00e1 a los servicios oportunos a las personas v\u00edctimas de violencia sexual\u00bb, ha se\u00f1alado la concejal.<\/p>\n<p class=\"v1MsoNormal\"><img loading=\"lazy\" decoding=\"async\" class=\"alignnone size-medium wp-image-4016\" src=\"https:\/\/arealorcaradio.es\/wp-content\/uploads\/2024\/09\/WhatsApp-Image-2024-09-06-at-12.04.53-1-300x200.jpeg\" alt=\"\" width=\"300\" height=\"200\" srcset=\"https:\/\/arealorcaradio.es\/wp-content\/uploads\/2024\/09\/WhatsApp-Image-2024-09-06-at-12.04.53-1-300x200.jpeg 300w, https:\/\/arealorcaradio.es\/wp-content\/uploads\/2024\/09\/WhatsApp-Image-2024-09-06-at-12.04.53-1-1024x682.jpeg 1024w, https:\/\/arealorcaradio.es\/wp-content\/uploads\/2024\/09\/WhatsApp-Image-2024-09-06-at-12.04.53-1-768x512.jpeg 768w, https:\/\/arealorcaradio.es\/wp-content\/uploads\/2024\/09\/WhatsApp-Image-2024-09-06-at-12.04.53-1-1536x1023.jpeg 1536w, https:\/\/arealorcaradio.es\/wp-content\/uploads\/2024\/09\/WhatsApp-Image-2024-09-06-at-12.04.53-1.jpeg 1600w\" sizes=\"auto, (max-width: 300px) 100vw, 300px\" \/><\/p>\n<p class=\"v1MsoNormal\">Mar\u00eda de las Huertas Garc\u00eda ha detallado que en la Feria Chica, este punto de informaci\u00f3n estar\u00e1 situado en las inmediaciones de la Plaza Rey Sabio y en la Feria de Lorca en calle Alporchones durante el d\u00eda y en la entrada principal del Recinto Ferial del Huerto de la Rueda durante la tarde-noche. Cabe destacar que este punto fijo se apoyar\u00e1 con puntos itinerantes que se desplazar\u00e1n por las calles y plazas m\u00e1s concurridas de la Feria de D\u00eda y por el Recinto Ferial, sus chiringuitos y locales, sobre todo, al caer la noche.<\/p>\n<p class=\"v1MsoNormal\">Y ha a\u00f1adido que estos puntos estar\u00e1n a cargo de personal t\u00e9cnico de la FOML, que cuentan con la debida formaci\u00f3n espec\u00edfica y que se acompa\u00f1ar\u00e1n de voluntariado, reclutado y formado por la misma, y con una experiencia de a\u00f1os realizando esta labor tan importante.<\/p>\n<p class=\"v1MsoNormal\">Los d\u00edas y horas en que funcionar\u00e1n los Puntos Violeta ser\u00e1n, para la Feria Chica, el d\u00eda 6 de septiembre, de 22:00 a 24:00 horas; y los d\u00edas 7 y 8 de septiembre de 00:00 a 2:00, en las inmediaciones de la Plaza del Rey Sabio. Durante la Feria y Fiestas de Lorca el d\u00eda 20 de septiembre a partir de las 20:00 hasta la 1:00 horas y los d\u00edas 21, 27\u00a0 y 28 de septiembre, de 21:00 a 01:00 horas en la entrada principal del Recinto Ferial del Huerto de la Rueda; y los d\u00edas 21, 22, 27, 28 de septiembre de 17:00 a 19:00 horas en la calle Alporchones.<\/p>\n<p class=\"v1MsoNormal\">Esta campa\u00f1a est\u00e1 financiada con cargo a los cr\u00e9ditos recibidos del Ministerio de Igualdad, Secretar\u00eda de Estado de Igualdad y para la Erradicaci\u00f3n de la Violencia contra las Mujeres, a trav\u00e9s del Pacto de Estado en Materia de Violencia de G\u00e9nero.<\/p>\n","protected":false},"excerpt":{"rendered":"<p>\u00c1REA LORCA RADIO. 5 de septiembre de 2024.\u00a0La concejal\u00eda de la Mujer junto a la Federaci\u00f3n de Organizaciones de Mujeres de Lorca va a realizar una durante la Feria Chica y la Feria y Fiestas de Lorca una campa\u00f1a de sensibilizaci\u00f3n para prevenir e informar sobre la violencia hacia las mujeres y especialmente la de [&hellip;]<\/p>\n","protected":false},"author":1,"featured_media":4017,"comment_status":"open","ping_status":"open","sticky":false,"template":"","format":"standard","meta":{"iawp_total_views":9,"footnotes":""},"categories":[5,7],"tags":[],"class_list":["post-4015","post","type-post","status-publish","format-standard","has-post-thumbnail","hentry","category-actualidad","category-lorca"],"yoast_head":"<!-- This site is optimized with the Yoast SEO plugin v27.5 - https:\/\/yoast.com\/product\/yoast-seo-wordpress\/ -->\n<title>El Ayuntamiento instalar\u00e1 &#039;Puntos Violeta&#039; en la Feria Chica y en la Feria de Lorca para prevenir la violencia sexual en las mujeres - AREA LORCA RADIO<\/title>\n<meta name=\"robots\" content=\"index, follow, max-snippet:-1, max-image-preview:large, max-video-preview:-1\" \/>\n<link rel=\"canonical\" href=\"https:\/\/arealorcaradio.es\/index.php\/2024\/09\/06\/el-ayuntamiento-instalara-puntos-violeta-en-la-feria-chica-y-en-la-feria-de-lorca-para-prevenir-la-violencia-sexual-en-las-mujeres\/\" \/>\n<meta property=\"og:locale\" content=\"es_ES\" \/>\n<meta property=\"og:type\" content=\"article\" \/>\n<meta property=\"og:title\" content=\"El Ayuntamiento instalar\u00e1 &#039;Puntos Violeta&#039; en la Feria Chica y en la Feria de Lorca para prevenir la violencia sexual en las mujeres - AREA LORCA RADIO\" \/>\n<meta property=\"og:description\" content=\"\u00c1REA LORCA RADIO. 5 de septiembre de 2024.\u00a0La concejal\u00eda de la Mujer junto a la Federaci\u00f3n de Organizaciones de Mujeres de Lorca va a realizar una durante la Feria Chica y la Feria y Fiestas de Lorca una campa\u00f1a de sensibilizaci\u00f3n para prevenir e informar sobre la violencia hacia las mujeres y especialmente la de [&hellip;]\" \/>\n<meta property=\"og:url\" content=\"https:\/\/arealorcaradio.es\/index.php\/2024\/09\/06\/el-ayuntamiento-instalara-puntos-violeta-en-la-feria-chica-y-en-la-feria-de-lorca-para-prevenir-la-violencia-sexual-en-las-mujeres\/\" \/>\n<meta property=\"og:site_name\" content=\"AREA LORCA RADIO\" \/>\n<meta property=\"article:published_time\" content=\"2024-09-06T10:53:24+00:00\" \/>\n<meta property=\"og:image\" content=\"https:\/\/arealorcaradio.es\/wp-content\/uploads\/2024\/09\/WhatsApp-Image-2024-09-06-at-12.04.53.jpeg\" \/>\n\t<meta property=\"og:image:width\" content=\"1600\" \/>\n\t<meta property=\"og:image:height\" content=\"1066\" \/>\n\t<meta property=\"og:image:type\" content=\"image\/jpeg\" \/>\n<meta name=\"author\" content=\"Paco S\u00e1nchez\" \/>\n<meta name=\"twitter:card\" content=\"summary_large_image\" \/>\n<meta name=\"twitter:label1\" content=\"Escrito por\" \/>\n\t<meta name=\"twitter:data1\" content=\"Paco S\u00e1nchez\" \/>\n\t<meta name=\"twitter:label2\" content=\"Tiempo de lectura\" \/>\n\t<meta name=\"twitter:data2\" content=\"3 minutos\" \/>\n<script type=\"application\/ld+json\" class=\"yoast-schema-graph\">{\"@context\":\"https:\\\/\\\/schema.org\",\"@graph\":[{\"@type\":\"Article\",\"@id\":\"https:\\\/\\\/arealorcaradio.es\\\/index.php\\\/2024\\\/09\\\/06\\\/el-ayuntamiento-instalara-puntos-violeta-en-la-feria-chica-y-en-la-feria-de-lorca-para-prevenir-la-violencia-sexual-en-las-mujeres\\\/#article\",\"isPartOf\":{\"@id\":\"https:\\\/\\\/arealorcaradio.es\\\/index.php\\\/2024\\\/09\\\/06\\\/el-ayuntamiento-instalara-puntos-violeta-en-la-feria-chica-y-en-la-feria-de-lorca-para-prevenir-la-violencia-sexual-en-las-mujeres\\\/\"},\"author\":{\"name\":\"Paco S\u00e1nchez\",\"@id\":\"https:\\\/\\\/arealorcaradio.es\\\/#\\\/schema\\\/person\\\/9fae605fc25b0f2c83c1ab207139bd27\"},\"headline\":\"El Ayuntamiento instalar\u00e1 &#8216;Puntos Violeta&#8217; en la Feria Chica y en la Feria de Lorca para prevenir la violencia sexual en las mujeres\",\"datePublished\":\"2024-09-06T10:53:24+00:00\",\"mainEntityOfPage\":{\"@id\":\"https:\\\/\\\/arealorcaradio.es\\\/index.php\\\/2024\\\/09\\\/06\\\/el-ayuntamiento-instalara-puntos-violeta-en-la-feria-chica-y-en-la-feria-de-lorca-para-prevenir-la-violencia-sexual-en-las-mujeres\\\/\"},\"wordCount\":540,\"commentCount\":0,\"image\":{\"@id\":\"https:\\\/\\\/arealorcaradio.es\\\/index.php\\\/2024\\\/09\\\/06\\\/el-ayuntamiento-instalara-puntos-violeta-en-la-feria-chica-y-en-la-feria-de-lorca-para-prevenir-la-violencia-sexual-en-las-mujeres\\\/#primaryimage\"},\"thumbnailUrl\":\"https:\\\/\\\/arealorcaradio.es\\\/wp-content\\\/uploads\\\/2024\\\/09\\\/WhatsApp-Image-2024-09-06-at-12.04.53.jpeg\",\"articleSection\":[\"ACTUALIDAD\",\"LORCA\"],\"inLanguage\":\"es\",\"potentialAction\":[{\"@type\":\"CommentAction\",\"name\":\"Comment\",\"target\":[\"https:\\\/\\\/arealorcaradio.es\\\/index.php\\\/2024\\\/09\\\/06\\\/el-ayuntamiento-instalara-puntos-violeta-en-la-feria-chica-y-en-la-feria-de-lorca-para-prevenir-la-violencia-sexual-en-las-mujeres\\\/#respond\"]}]},{\"@type\":\"WebPage\",\"@id\":\"https:\\\/\\\/arealorcaradio.es\\\/index.php\\\/2024\\\/09\\\/06\\\/el-ayuntamiento-instalara-puntos-violeta-en-la-feria-chica-y-en-la-feria-de-lorca-para-prevenir-la-violencia-sexual-en-las-mujeres\\\/\",\"url\":\"https:\\\/\\\/arealorcaradio.es\\\/index.php\\\/2024\\\/09\\\/06\\\/el-ayuntamiento-instalara-puntos-violeta-en-la-feria-chica-y-en-la-feria-de-lorca-para-prevenir-la-violencia-sexual-en-las-mujeres\\\/\",\"name\":\"El Ayuntamiento instalar\u00e1 'Puntos Violeta' en la Feria Chica y en la Feria de Lorca para prevenir la violencia sexual en las mujeres - AREA LORCA RADIO\",\"isPartOf\":{\"@id\":\"https:\\\/\\\/arealorcaradio.es\\\/#website\"},\"primaryImageOfPage\":{\"@id\":\"https:\\\/\\\/arealorcaradio.es\\\/index.php\\\/2024\\\/09\\\/06\\\/el-ayuntamiento-instalara-puntos-violeta-en-la-feria-chica-y-en-la-feria-de-lorca-para-prevenir-la-violencia-sexual-en-las-mujeres\\\/#primaryimage\"},\"image\":{\"@id\":\"https:\\\/\\\/arealorcaradio.es\\\/index.php\\\/2024\\\/09\\\/06\\\/el-ayuntamiento-instalara-puntos-violeta-en-la-feria-chica-y-en-la-feria-de-lorca-para-prevenir-la-violencia-sexual-en-las-mujeres\\\/#primaryimage\"},\"thumbnailUrl\":\"https:\\\/\\\/arealorcaradio.es\\\/wp-content\\\/uploads\\\/2024\\\/09\\\/WhatsApp-Image-2024-09-06-at-12.04.53.jpeg\",\"datePublished\":\"2024-09-06T10:53:24+00:00\",\"author\":{\"@id\":\"https:\\\/\\\/arealorcaradio.es\\\/#\\\/schema\\\/person\\\/9fae605fc25b0f2c83c1ab207139bd27\"},\"breadcrumb\":{\"@id\":\"https:\\\/\\\/arealorcaradio.es\\\/index.php\\\/2024\\\/09\\\/06\\\/el-ayuntamiento-instalara-puntos-violeta-en-la-feria-chica-y-en-la-feria-de-lorca-para-prevenir-la-violencia-sexual-en-las-mujeres\\\/#breadcrumb\"},\"inLanguage\":\"es\",\"potentialAction\":[{\"@type\":\"ReadAction\",\"target\":[\"https:\\\/\\\/arealorcaradio.es\\\/index.php\\\/2024\\\/09\\\/06\\\/el-ayuntamiento-instalara-puntos-violeta-en-la-feria-chica-y-en-la-feria-de-lorca-para-prevenir-la-violencia-sexual-en-las-mujeres\\\/\"]}]},{\"@type\":\"ImageObject\",\"inLanguage\":\"es\",\"@id\":\"https:\\\/\\\/arealorcaradio.es\\\/index.php\\\/2024\\\/09\\\/06\\\/el-ayuntamiento-instalara-puntos-violeta-en-la-feria-chica-y-en-la-feria-de-lorca-para-prevenir-la-violencia-sexual-en-las-mujeres\\\/#primaryimage\",\"url\":\"https:\\\/\\\/arealorcaradio.es\\\/wp-content\\\/uploads\\\/2024\\\/09\\\/WhatsApp-Image-2024-09-06-at-12.04.53.jpeg\",\"contentUrl\":\"https:\\\/\\\/arealorcaradio.es\\\/wp-content\\\/uploads\\\/2024\\\/09\\\/WhatsApp-Image-2024-09-06-at-12.04.53.jpeg\",\"width\":1600,\"height\":1066},{\"@type\":\"BreadcrumbList\",\"@id\":\"https:\\\/\\\/arealorcaradio.es\\\/index.php\\\/2024\\\/09\\\/06\\\/el-ayuntamiento-instalara-puntos-violeta-en-la-feria-chica-y-en-la-feria-de-lorca-para-prevenir-la-violencia-sexual-en-las-mujeres\\\/#breadcrumb\",\"itemListElement\":[{\"@type\":\"ListItem\",\"position\":1,\"name\":\"Portada\",\"item\":\"https:\\\/\\\/arealorcaradio.es\\\/\"},{\"@type\":\"ListItem\",\"position\":2,\"name\":\"El Ayuntamiento instalar\u00e1 &#8216;Puntos Violeta&#8217; en la Feria Chica y en la Feria de Lorca para prevenir la violencia sexual en las mujeres\"}]},{\"@type\":\"WebSite\",\"@id\":\"https:\\\/\\\/arealorcaradio.es\\\/#website\",\"url\":\"https:\\\/\\\/arealorcaradio.es\\\/\",\"name\":\"AREA LORCA RADIO\",\"description\":\"Descubre la programaci\u00f3n actual en \u00c1rea Lorca Radio, tu fuente de entrenamiento y noticias locales. Sintoniza ahora y mantente conectado online.\",\"potentialAction\":[{\"@type\":\"SearchAction\",\"target\":{\"@type\":\"EntryPoint\",\"urlTemplate\":\"https:\\\/\\\/arealorcaradio.es\\\/?s={search_term_string}\"},\"query-input\":{\"@type\":\"PropertyValueSpecification\",\"valueRequired\":true,\"valueName\":\"search_term_string\"}}],\"inLanguage\":\"es\"},{\"@type\":\"Person\",\"@id\":\"https:\\\/\\\/arealorcaradio.es\\\/#\\\/schema\\\/person\\\/9fae605fc25b0f2c83c1ab207139bd27\",\"name\":\"Paco S\u00e1nchez\",\"image\":{\"@type\":\"ImageObject\",\"inLanguage\":\"es\",\"@id\":\"https:\\\/\\\/secure.gravatar.com\\\/avatar\\\/d67144e966420fb74aa84c9f2a0103be4724fd14db52b52d3b6bca749f257e79?s=96&d=mm&r=g\",\"url\":\"https:\\\/\\\/secure.gravatar.com\\\/avatar\\\/d67144e966420fb74aa84c9f2a0103be4724fd14db52b52d3b6bca749f257e79?s=96&d=mm&r=g\",\"contentUrl\":\"https:\\\/\\\/secure.gravatar.com\\\/avatar\\\/d67144e966420fb74aa84c9f2a0103be4724fd14db52b52d3b6bca749f257e79?s=96&d=mm&r=g\",\"caption\":\"Paco S\u00e1nchez\"},\"sameAs\":[\"https:\\\/\\\/arealorcaradio.es\"],\"url\":\"https:\\\/\\\/arealorcaradio.es\\\/index.php\\\/author\\\/admin_alorcaradio\\\/\"}]}<\/script>\n<!-- \/ Yoast SEO plugin. -->","yoast_head_json":{"title":"El Ayuntamiento instalar\u00e1 'Puntos Violeta' en la Feria Chica y en la Feria de Lorca para prevenir la violencia sexual en las mujeres - AREA LORCA RADIO","robots":{"index":"index","follow":"follow","max-snippet":"max-snippet:-1","max-image-preview":"max-image-preview:large","max-video-preview":"max-video-preview:-1"},"canonical":"https:\/\/arealorcaradio.es\/index.php\/2024\/09\/06\/el-ayuntamiento-instalara-puntos-violeta-en-la-feria-chica-y-en-la-feria-de-lorca-para-prevenir-la-violencia-sexual-en-las-mujeres\/","og_locale":"es_ES","og_type":"article","og_title":"El Ayuntamiento instalar\u00e1 'Puntos Violeta' en la Feria Chica y en la Feria de Lorca para prevenir la violencia sexual en las mujeres - AREA LORCA RADIO","og_description":"\u00c1REA LORCA RADIO. 5 de septiembre de 2024.\u00a0La concejal\u00eda de la Mujer junto a la Federaci\u00f3n de Organizaciones de Mujeres de Lorca va a realizar una durante la Feria Chica y la Feria y Fiestas de Lorca una campa\u00f1a de sensibilizaci\u00f3n para prevenir e informar sobre la violencia hacia las mujeres y especialmente la de [&hellip;]","og_url":"https:\/\/arealorcaradio.es\/index.php\/2024\/09\/06\/el-ayuntamiento-instalara-puntos-violeta-en-la-feria-chica-y-en-la-feria-de-lorca-para-prevenir-la-violencia-sexual-en-las-mujeres\/","og_site_name":"AREA LORCA RADIO","article_published_time":"2024-09-06T10:53:24+00:00","og_image":[{"width":1600,"height":1066,"url":"https:\/\/arealorcaradio.es\/wp-content\/uploads\/2024\/09\/WhatsApp-Image-2024-09-06-at-12.04.53.jpeg","type":"image\/jpeg"}],"author":"Paco S\u00e1nchez","twitter_card":"summary_large_image","twitter_misc":{"Escrito por":"Paco S\u00e1nchez","Tiempo de lectura":"3 minutos"},"schema":{"@context":"https:\/\/schema.org","@graph":[{"@type":"Article","@id":"https:\/\/arealorcaradio.es\/index.php\/2024\/09\/06\/el-ayuntamiento-instalara-puntos-violeta-en-la-feria-chica-y-en-la-feria-de-lorca-para-prevenir-la-violencia-sexual-en-las-mujeres\/#article","isPartOf":{"@id":"https:\/\/arealorcaradio.es\/index.php\/2024\/09\/06\/el-ayuntamiento-instalara-puntos-violeta-en-la-feria-chica-y-en-la-feria-de-lorca-para-prevenir-la-violencia-sexual-en-las-mujeres\/"},"author":{"name":"Paco S\u00e1nchez","@id":"https:\/\/arealorcaradio.es\/#\/schema\/person\/9fae605fc25b0f2c83c1ab207139bd27"},"headline":"El Ayuntamiento instalar\u00e1 &#8216;Puntos Violeta&#8217; en la Feria Chica y en la Feria de Lorca para prevenir la violencia sexual en las mujeres","datePublished":"2024-09-06T10:53:24+00:00","mainEntityOfPage":{"@id":"https:\/\/arealorcaradio.es\/index.php\/2024\/09\/06\/el-ayuntamiento-instalara-puntos-violeta-en-la-feria-chica-y-en-la-feria-de-lorca-para-prevenir-la-violencia-sexual-en-las-mujeres\/"},"wordCount":540,"commentCount":0,"image":{"@id":"https:\/\/arealorcaradio.es\/index.php\/2024\/09\/06\/el-ayuntamiento-instalara-puntos-violeta-en-la-feria-chica-y-en-la-feria-de-lorca-para-prevenir-la-violencia-sexual-en-las-mujeres\/#primaryimage"},"thumbnailUrl":"https:\/\/arealorcaradio.es\/wp-content\/uploads\/2024\/09\/WhatsApp-Image-2024-09-06-at-12.04.53.jpeg","articleSection":["ACTUALIDAD","LORCA"],"inLanguage":"es","potentialAction":[{"@type":"CommentAction","name":"Comment","target":["https:\/\/arealorcaradio.es\/index.php\/2024\/09\/06\/el-ayuntamiento-instalara-puntos-violeta-en-la-feria-chica-y-en-la-feria-de-lorca-para-prevenir-la-violencia-sexual-en-las-mujeres\/#respond"]}]},{"@type":"WebPage","@id":"https:\/\/arealorcaradio.es\/index.php\/2024\/09\/06\/el-ayuntamiento-instalara-puntos-violeta-en-la-feria-chica-y-en-la-feria-de-lorca-para-prevenir-la-violencia-sexual-en-las-mujeres\/","url":"https:\/\/arealorcaradio.es\/index.php\/2024\/09\/06\/el-ayuntamiento-instalara-puntos-violeta-en-la-feria-chica-y-en-la-feria-de-lorca-para-prevenir-la-violencia-sexual-en-las-mujeres\/","name":"El Ayuntamiento instalar\u00e1 'Puntos Violeta' en la Feria Chica y en la Feria de Lorca para prevenir la violencia sexual en las mujeres - AREA LORCA RADIO","isPartOf":{"@id":"https:\/\/arealorcaradio.es\/#website"},"primaryImageOfPage":{"@id":"https:\/\/arealorcaradio.es\/index.php\/2024\/09\/06\/el-ayuntamiento-instalara-puntos-violeta-en-la-feria-chica-y-en-la-feria-de-lorca-para-prevenir-la-violencia-sexual-en-las-mujeres\/#primaryimage"},"image":{"@id":"https:\/\/arealorcaradio.es\/index.php\/2024\/09\/06\/el-ayuntamiento-instalara-puntos-violeta-en-la-feria-chica-y-en-la-feria-de-lorca-para-prevenir-la-violencia-sexual-en-las-mujeres\/#primaryimage"},"thumbnailUrl":"https:\/\/arealorcaradio.es\/wp-content\/uploads\/2024\/09\/WhatsApp-Image-2024-09-06-at-12.04.53.jpeg","datePublished":"2024-09-06T10:53:24+00:00","author":{"@id":"https:\/\/arealorcaradio.es\/#\/schema\/person\/9fae605fc25b0f2c83c1ab207139bd27"},"breadcrumb":{"@id":"https:\/\/arealorcaradio.es\/index.php\/2024\/09\/06\/el-ayuntamiento-instalara-puntos-violeta-en-la-feria-chica-y-en-la-feria-de-lorca-para-prevenir-la-violencia-sexual-en-las-mujeres\/#breadcrumb"},"inLanguage":"es","potentialAction":[{"@type":"ReadAction","target":["https:\/\/arealorcaradio.es\/index.php\/2024\/09\/06\/el-ayuntamiento-instalara-puntos-violeta-en-la-feria-chica-y-en-la-feria-de-lorca-para-prevenir-la-violencia-sexual-en-las-mujeres\/"]}]},{"@type":"ImageObject","inLanguage":"es","@id":"https:\/\/arealorcaradio.es\/index.php\/2024\/09\/06\/el-ayuntamiento-instalara-puntos-violeta-en-la-feria-chica-y-en-la-feria-de-lorca-para-prevenir-la-violencia-sexual-en-las-mujeres\/#primaryimage","url":"https:\/\/arealorcaradio.es\/wp-content\/uploads\/2024\/09\/WhatsApp-Image-2024-09-06-at-12.04.53.jpeg","contentUrl":"https:\/\/arealorcaradio.es\/wp-content\/uploads\/2024\/09\/WhatsApp-Image-2024-09-06-at-12.04.53.jpeg","width":1600,"height":1066},{"@type":"BreadcrumbList","@id":"https:\/\/arealorcaradio.es\/index.php\/2024\/09\/06\/el-ayuntamiento-instalara-puntos-violeta-en-la-feria-chica-y-en-la-feria-de-lorca-para-prevenir-la-violencia-sexual-en-las-mujeres\/#breadcrumb","itemListElement":[{"@type":"ListItem","position":1,"name":"Portada","item":"https:\/\/arealorcaradio.es\/"},{"@type":"ListItem","position":2,"name":"El Ayuntamiento instalar\u00e1 &#8216;Puntos Violeta&#8217; en la Feria Chica y en la Feria de Lorca para prevenir la violencia sexual en las mujeres"}]},{"@type":"WebSite","@id":"https:\/\/arealorcaradio.es\/#website","url":"https:\/\/arealorcaradio.es\/","name":"AREA LORCA RADIO","description":"Descubre la programaci\u00f3n actual en \u00c1rea Lorca Radio, tu fuente de entrenamiento y noticias locales. Sintoniza ahora y mantente conectado online.","potentialAction":[{"@type":"SearchAction","target":{"@type":"EntryPoint","urlTemplate":"https:\/\/arealorcaradio.es\/?s={search_term_string}"},"query-input":{"@type":"PropertyValueSpecification","valueRequired":true,"valueName":"search_term_string"}}],"inLanguage":"es"},{"@type":"Person","@id":"https:\/\/arealorcaradio.es\/#\/schema\/person\/9fae605fc25b0f2c83c1ab207139bd27","name":"Paco S\u00e1nchez","image":{"@type":"ImageObject","inLanguage":"es","@id":"https:\/\/secure.gravatar.com\/avatar\/d67144e966420fb74aa84c9f2a0103be4724fd14db52b52d3b6bca749f257e79?s=96&d=mm&r=g","url":"https:\/\/secure.gravatar.com\/avatar\/d67144e966420fb74aa84c9f2a0103be4724fd14db52b52d3b6bca749f257e79?s=96&d=mm&r=g","contentUrl":"https:\/\/secure.gravatar.com\/avatar\/d67144e966420fb74aa84c9f2a0103be4724fd14db52b52d3b6bca749f257e79?s=96&d=mm&r=g","caption":"Paco S\u00e1nchez"},"sameAs":["https:\/\/arealorcaradio.es"],"url":"https:\/\/arealorcaradio.es\/index.php\/author\/admin_alorcaradio\/"}]}},"_links":{"self":[{"href":"https:\/\/arealorcaradio.es\/index.php\/wp-json\/wp\/v2\/posts\/4015","targetHints":{"allow":["GET"]}}],"collection":[{"href":"https:\/\/arealorcaradio.es\/index.php\/wp-json\/wp\/v2\/posts"}],"about":[{"href":"https:\/\/arealorcaradio.es\/index.php\/wp-json\/wp\/v2\/types\/post"}],"author":[{"embeddable":true,"href":"https:\/\/arealorcaradio.es\/index.php\/wp-json\/wp\/v2\/users\/1"}],"replies":[{"embeddable":true,"href":"https:\/\/arealorcaradio.es\/index.php\/wp-json\/wp\/v2\/comments?post=4015"}],"version-history":[{"count":1,"href":"https:\/\/arealorcaradio.es\/index.php\/wp-json\/wp\/v2\/posts\/4015\/revisions"}],"predecessor-version":[{"id":4018,"href":"https:\/\/arealorcaradio.es\/index.php\/wp-json\/wp\/v2\/posts\/4015\/revisions\/4018"}],"wp:featuredmedia":[{"embeddable":true,"href":"https:\/\/arealorcaradio.es\/index.php\/wp-json\/wp\/v2\/media\/4017"}],"wp:attachment":[{"href":"https:\/\/arealorcaradio.es\/index.php\/wp-json\/wp\/v2\/media?parent=4015"}],"wp:term":[{"taxonomy":"category","embeddable":true,"href":"https:\/\/arealorcaradio.es\/index.php\/wp-json\/wp\/v2\/categories?post=4015"},{"taxonomy":"post_tag","embeddable":true,"href":"https:\/\/arealorcaradio.es\/index.php\/wp-json\/wp\/v2\/tags?post=4015"}],"curies":[{"name":"wp","href":"https:\/\/api.w.org\/{rel}","templated":true}]}}