{"id":4005,"date":"2024-09-05T20:30:35","date_gmt":"2024-09-05T20:30:35","guid":{"rendered":"https:\/\/arealorcaradio.es\/?p=4005"},"modified":"2024-09-05T20:30:35","modified_gmt":"2024-09-05T20:30:35","slug":"isabel-gimenez-el-nuevo-manto-de-la-virgen-de-las-huertas-lleva-mas-de-600-horas-de-trabajo-y-es-una-autentica-maravilla","status":"publish","type":"post","link":"https:\/\/arealorcaradio.es\/index.php\/2024\/09\/05\/isabel-gimenez-el-nuevo-manto-de-la-virgen-de-las-huertas-lleva-mas-de-600-horas-de-trabajo-y-es-una-autentica-maravilla\/","title":{"rendered":"Isabel Gim\u00e9nez: \u00abEl nuevo manto de la Virgen de las Huertas lleva m\u00e1s de 600 horas de trabajo y es una aut\u00e9ntica maravilla\u00bb"},"content":{"rendered":"<p>\u00c1REA LORCA RADIO.<\/p>\n<p>Escucha aqu\u00ed la entrevista que ha concedid0 a Paco S\u00e1nchez en el magazine \u00c1rea Lorca Actualidad, la camarera de la Virgen de las Huertas, Isabel Gim\u00e9nez. En ella cuenta los detalles de como se ha confeccionado el nuevo manto de la Patrona de Lorca con el traje de torero cedido hace a\u00f1os por el torero de Lorca Pep\u00edn Jim\u00e9nez.<\/p>\n<audio class=\"wp-audio-shortcode\" id=\"audio-4005-1\" preload=\"none\" style=\"width: 100%;\" controls=\"controls\"><source type=\"audio\/mpeg\" src=\"https:\/\/arealorcaradio.es\/wp-content\/uploads\/2024\/09\/050924-ISABEL-GIMENEZ.-CAMARERA-PATRONA.mp3?_=1\" \/><a href=\"https:\/\/arealorcaradio.es\/wp-content\/uploads\/2024\/09\/050924-ISABEL-GIMENEZ.-CAMARERA-PATRONA.mp3\">https:\/\/arealorcaradio.es\/wp-content\/uploads\/2024\/09\/050924-ISABEL-GIMENEZ.-CAMARERA-PATRONA.mp3<\/a><\/audio>\n","protected":false},"excerpt":{"rendered":"<p>\u00c1REA LORCA RADIO. Escucha aqu\u00ed la entrevista que ha concedid0 a Paco S\u00e1nchez en el magazine \u00c1rea Lorca Actualidad, la camarera de la Virgen de las Huertas, Isabel Gim\u00e9nez. En ella cuenta los detalles de como se ha confeccionado el nuevo manto de la Patrona de Lorca con el traje de torero cedido hace a\u00f1os [&hellip;]<\/p>\n","protected":false},"author":1,"featured_media":4007,"comment_status":"open","ping_status":"open","sticky":false,"template":"","format":"standard","meta":{"iawp_total_views":218,"footnotes":""},"categories":[5,7],"tags":[],"class_list":["post-4005","post","type-post","status-publish","format-standard","has-post-thumbnail","hentry","category-actualidad","category-lorca"],"yoast_head":"<!-- This site is optimized with the Yoast SEO plugin v27.5 - https:\/\/yoast.com\/product\/yoast-seo-wordpress\/ -->\n<title>Isabel Gim\u00e9nez: &quot;El nuevo manto de la Virgen de las Huertas lleva m\u00e1s de 600 horas de trabajo y es una aut\u00e9ntica maravilla&quot; - AREA LORCA RADIO<\/title>\n<meta name=\"robots\" content=\"index, follow, max-snippet:-1, max-image-preview:large, max-video-preview:-1\" \/>\n<link rel=\"canonical\" href=\"https:\/\/arealorcaradio.es\/index.php\/2024\/09\/05\/isabel-gimenez-el-nuevo-manto-de-la-virgen-de-las-huertas-lleva-mas-de-600-horas-de-trabajo-y-es-una-autentica-maravilla\/\" \/>\n<meta property=\"og:locale\" content=\"es_ES\" \/>\n<meta property=\"og:type\" content=\"article\" \/>\n<meta property=\"og:title\" content=\"Isabel Gim\u00e9nez: &quot;El nuevo manto de la Virgen de las Huertas lleva m\u00e1s de 600 horas de trabajo y es una aut\u00e9ntica maravilla&quot; - AREA LORCA RADIO\" \/>\n<meta property=\"og:description\" content=\"\u00c1REA LORCA RADIO. Escucha aqu\u00ed la entrevista que ha concedid0 a Paco S\u00e1nchez en el magazine \u00c1rea Lorca Actualidad, la camarera de la Virgen de las Huertas, Isabel Gim\u00e9nez. En ella cuenta los detalles de como se ha confeccionado el nuevo manto de la Patrona de Lorca con el traje de torero cedido hace a\u00f1os [&hellip;]\" \/>\n<meta property=\"og:url\" content=\"https:\/\/arealorcaradio.es\/index.php\/2024\/09\/05\/isabel-gimenez-el-nuevo-manto-de-la-virgen-de-las-huertas-lleva-mas-de-600-horas-de-trabajo-y-es-una-autentica-maravilla\/\" \/>\n<meta property=\"og:site_name\" content=\"AREA LORCA RADIO\" \/>\n<meta property=\"article:published_time\" content=\"2024-09-05T20:30:35+00:00\" \/>\n<meta property=\"og:image\" content=\"https:\/\/arealorcaradio.es\/wp-content\/uploads\/2024\/09\/20240905_113907-scaled.jpg\" \/>\n\t<meta property=\"og:image:width\" content=\"2560\" \/>\n\t<meta property=\"og:image:height\" content=\"1920\" \/>\n\t<meta property=\"og:image:type\" content=\"image\/jpeg\" \/>\n<meta name=\"author\" content=\"Paco S\u00e1nchez\" \/>\n<meta name=\"twitter:card\" content=\"summary_large_image\" \/>\n<meta name=\"twitter:label1\" content=\"Escrito por\" \/>\n\t<meta name=\"twitter:data1\" content=\"Paco S\u00e1nchez\" \/>\n\t<meta name=\"twitter:label2\" content=\"Tiempo de lectura\" \/>\n\t<meta name=\"twitter:data2\" content=\"1 minuto\" \/>\n<script type=\"application\/ld+json\" class=\"yoast-schema-graph\">{\"@context\":\"https:\\\/\\\/schema.org\",\"@graph\":[{\"@type\":\"Article\",\"@id\":\"https:\\\/\\\/arealorcaradio.es\\\/index.php\\\/2024\\\/09\\\/05\\\/isabel-gimenez-el-nuevo-manto-de-la-virgen-de-las-huertas-lleva-mas-de-600-horas-de-trabajo-y-es-una-autentica-maravilla\\\/#article\",\"isPartOf\":{\"@id\":\"https:\\\/\\\/arealorcaradio.es\\\/index.php\\\/2024\\\/09\\\/05\\\/isabel-gimenez-el-nuevo-manto-de-la-virgen-de-las-huertas-lleva-mas-de-600-horas-de-trabajo-y-es-una-autentica-maravilla\\\/\"},\"author\":{\"name\":\"Paco S\u00e1nchez\",\"@id\":\"https:\\\/\\\/arealorcaradio.es\\\/#\\\/schema\\\/person\\\/9fae605fc25b0f2c83c1ab207139bd27\"},\"headline\":\"Isabel Gim\u00e9nez: \u00abEl nuevo manto de la Virgen de las Huertas lleva m\u00e1s de 600 horas de trabajo y es una aut\u00e9ntica maravilla\u00bb\",\"datePublished\":\"2024-09-05T20:30:35+00:00\",\"mainEntityOfPage\":{\"@id\":\"https:\\\/\\\/arealorcaradio.es\\\/index.php\\\/2024\\\/09\\\/05\\\/isabel-gimenez-el-nuevo-manto-de-la-virgen-de-las-huertas-lleva-mas-de-600-horas-de-trabajo-y-es-una-autentica-maravilla\\\/\"},\"wordCount\":103,\"commentCount\":0,\"image\":{\"@id\":\"https:\\\/\\\/arealorcaradio.es\\\/index.php\\\/2024\\\/09\\\/05\\\/isabel-gimenez-el-nuevo-manto-de-la-virgen-de-las-huertas-lleva-mas-de-600-horas-de-trabajo-y-es-una-autentica-maravilla\\\/#primaryimage\"},\"thumbnailUrl\":\"https:\\\/\\\/arealorcaradio.es\\\/wp-content\\\/uploads\\\/2024\\\/09\\\/20240905_113907-scaled.jpg\",\"articleSection\":[\"ACTUALIDAD\",\"LORCA\"],\"inLanguage\":\"es\",\"potentialAction\":[{\"@type\":\"CommentAction\",\"name\":\"Comment\",\"target\":[\"https:\\\/\\\/arealorcaradio.es\\\/index.php\\\/2024\\\/09\\\/05\\\/isabel-gimenez-el-nuevo-manto-de-la-virgen-de-las-huertas-lleva-mas-de-600-horas-de-trabajo-y-es-una-autentica-maravilla\\\/#respond\"]}]},{\"@type\":\"WebPage\",\"@id\":\"https:\\\/\\\/arealorcaradio.es\\\/index.php\\\/2024\\\/09\\\/05\\\/isabel-gimenez-el-nuevo-manto-de-la-virgen-de-las-huertas-lleva-mas-de-600-horas-de-trabajo-y-es-una-autentica-maravilla\\\/\",\"url\":\"https:\\\/\\\/arealorcaradio.es\\\/index.php\\\/2024\\\/09\\\/05\\\/isabel-gimenez-el-nuevo-manto-de-la-virgen-de-las-huertas-lleva-mas-de-600-horas-de-trabajo-y-es-una-autentica-maravilla\\\/\",\"name\":\"Isabel Gim\u00e9nez: \\\"El nuevo manto de la Virgen de las Huertas lleva m\u00e1s de 600 horas de trabajo y es una aut\u00e9ntica maravilla\\\" - AREA LORCA RADIO\",\"isPartOf\":{\"@id\":\"https:\\\/\\\/arealorcaradio.es\\\/#website\"},\"primaryImageOfPage\":{\"@id\":\"https:\\\/\\\/arealorcaradio.es\\\/index.php\\\/2024\\\/09\\\/05\\\/isabel-gimenez-el-nuevo-manto-de-la-virgen-de-las-huertas-lleva-mas-de-600-horas-de-trabajo-y-es-una-autentica-maravilla\\\/#primaryimage\"},\"image\":{\"@id\":\"https:\\\/\\\/arealorcaradio.es\\\/index.php\\\/2024\\\/09\\\/05\\\/isabel-gimenez-el-nuevo-manto-de-la-virgen-de-las-huertas-lleva-mas-de-600-horas-de-trabajo-y-es-una-autentica-maravilla\\\/#primaryimage\"},\"thumbnailUrl\":\"https:\\\/\\\/arealorcaradio.es\\\/wp-content\\\/uploads\\\/2024\\\/09\\\/20240905_113907-scaled.jpg\",\"datePublished\":\"2024-09-05T20:30:35+00:00\",\"author\":{\"@id\":\"https:\\\/\\\/arealorcaradio.es\\\/#\\\/schema\\\/person\\\/9fae605fc25b0f2c83c1ab207139bd27\"},\"breadcrumb\":{\"@id\":\"https:\\\/\\\/arealorcaradio.es\\\/index.php\\\/2024\\\/09\\\/05\\\/isabel-gimenez-el-nuevo-manto-de-la-virgen-de-las-huertas-lleva-mas-de-600-horas-de-trabajo-y-es-una-autentica-maravilla\\\/#breadcrumb\"},\"inLanguage\":\"es\",\"potentialAction\":[{\"@type\":\"ReadAction\",\"target\":[\"https:\\\/\\\/arealorcaradio.es\\\/index.php\\\/2024\\\/09\\\/05\\\/isabel-gimenez-el-nuevo-manto-de-la-virgen-de-las-huertas-lleva-mas-de-600-horas-de-trabajo-y-es-una-autentica-maravilla\\\/\"]}]},{\"@type\":\"ImageObject\",\"inLanguage\":\"es\",\"@id\":\"https:\\\/\\\/arealorcaradio.es\\\/index.php\\\/2024\\\/09\\\/05\\\/isabel-gimenez-el-nuevo-manto-de-la-virgen-de-las-huertas-lleva-mas-de-600-horas-de-trabajo-y-es-una-autentica-maravilla\\\/#primaryimage\",\"url\":\"https:\\\/\\\/arealorcaradio.es\\\/wp-content\\\/uploads\\\/2024\\\/09\\\/20240905_113907-scaled.jpg\",\"contentUrl\":\"https:\\\/\\\/arealorcaradio.es\\\/wp-content\\\/uploads\\\/2024\\\/09\\\/20240905_113907-scaled.jpg\",\"width\":2560,\"height\":1920},{\"@type\":\"BreadcrumbList\",\"@id\":\"https:\\\/\\\/arealorcaradio.es\\\/index.php\\\/2024\\\/09\\\/05\\\/isabel-gimenez-el-nuevo-manto-de-la-virgen-de-las-huertas-lleva-mas-de-600-horas-de-trabajo-y-es-una-autentica-maravilla\\\/#breadcrumb\",\"itemListElement\":[{\"@type\":\"ListItem\",\"position\":1,\"name\":\"Portada\",\"item\":\"https:\\\/\\\/arealorcaradio.es\\\/\"},{\"@type\":\"ListItem\",\"position\":2,\"name\":\"Isabel Gim\u00e9nez: \u00abEl nuevo manto de la Virgen de las Huertas lleva m\u00e1s de 600 horas de trabajo y es una aut\u00e9ntica maravilla\u00bb\"}]},{\"@type\":\"WebSite\",\"@id\":\"https:\\\/\\\/arealorcaradio.es\\\/#website\",\"url\":\"https:\\\/\\\/arealorcaradio.es\\\/\",\"name\":\"AREA LORCA RADIO\",\"description\":\"Descubre la programaci\u00f3n actual en \u00c1rea Lorca Radio, tu fuente de entrenamiento y noticias locales. Sintoniza ahora y mantente conectado online.\",\"potentialAction\":[{\"@type\":\"SearchAction\",\"target\":{\"@type\":\"EntryPoint\",\"urlTemplate\":\"https:\\\/\\\/arealorcaradio.es\\\/?s={search_term_string}\"},\"query-input\":{\"@type\":\"PropertyValueSpecification\",\"valueRequired\":true,\"valueName\":\"search_term_string\"}}],\"inLanguage\":\"es\"},{\"@type\":\"Person\",\"@id\":\"https:\\\/\\\/arealorcaradio.es\\\/#\\\/schema\\\/person\\\/9fae605fc25b0f2c83c1ab207139bd27\",\"name\":\"Paco S\u00e1nchez\",\"image\":{\"@type\":\"ImageObject\",\"inLanguage\":\"es\",\"@id\":\"https:\\\/\\\/secure.gravatar.com\\\/avatar\\\/d67144e966420fb74aa84c9f2a0103be4724fd14db52b52d3b6bca749f257e79?s=96&d=mm&r=g\",\"url\":\"https:\\\/\\\/secure.gravatar.com\\\/avatar\\\/d67144e966420fb74aa84c9f2a0103be4724fd14db52b52d3b6bca749f257e79?s=96&d=mm&r=g\",\"contentUrl\":\"https:\\\/\\\/secure.gravatar.com\\\/avatar\\\/d67144e966420fb74aa84c9f2a0103be4724fd14db52b52d3b6bca749f257e79?s=96&d=mm&r=g\",\"caption\":\"Paco S\u00e1nchez\"},\"sameAs\":[\"https:\\\/\\\/arealorcaradio.es\"],\"url\":\"https:\\\/\\\/arealorcaradio.es\\\/index.php\\\/author\\\/admin_alorcaradio\\\/\"}]}<\/script>\n<!-- \/ Yoast SEO plugin. -->","yoast_head_json":{"title":"Isabel Gim\u00e9nez: \"El nuevo manto de la Virgen de las Huertas lleva m\u00e1s de 600 horas de trabajo y es una aut\u00e9ntica maravilla\" - AREA LORCA RADIO","robots":{"index":"index","follow":"follow","max-snippet":"max-snippet:-1","max-image-preview":"max-image-preview:large","max-video-preview":"max-video-preview:-1"},"canonical":"https:\/\/arealorcaradio.es\/index.php\/2024\/09\/05\/isabel-gimenez-el-nuevo-manto-de-la-virgen-de-las-huertas-lleva-mas-de-600-horas-de-trabajo-y-es-una-autentica-maravilla\/","og_locale":"es_ES","og_type":"article","og_title":"Isabel Gim\u00e9nez: \"El nuevo manto de la Virgen de las Huertas lleva m\u00e1s de 600 horas de trabajo y es una aut\u00e9ntica maravilla\" - AREA LORCA RADIO","og_description":"\u00c1REA LORCA RADIO. Escucha aqu\u00ed la entrevista que ha concedid0 a Paco S\u00e1nchez en el magazine \u00c1rea Lorca Actualidad, la camarera de la Virgen de las Huertas, Isabel Gim\u00e9nez. En ella cuenta los detalles de como se ha confeccionado el nuevo manto de la Patrona de Lorca con el traje de torero cedido hace a\u00f1os [&hellip;]","og_url":"https:\/\/arealorcaradio.es\/index.php\/2024\/09\/05\/isabel-gimenez-el-nuevo-manto-de-la-virgen-de-las-huertas-lleva-mas-de-600-horas-de-trabajo-y-es-una-autentica-maravilla\/","og_site_name":"AREA LORCA RADIO","article_published_time":"2024-09-05T20:30:35+00:00","og_image":[{"width":2560,"height":1920,"url":"https:\/\/arealorcaradio.es\/wp-content\/uploads\/2024\/09\/20240905_113907-scaled.jpg","type":"image\/jpeg"}],"author":"Paco S\u00e1nchez","twitter_card":"summary_large_image","twitter_misc":{"Escrito por":"Paco S\u00e1nchez","Tiempo de lectura":"1 minuto"},"schema":{"@context":"https:\/\/schema.org","@graph":[{"@type":"Article","@id":"https:\/\/arealorcaradio.es\/index.php\/2024\/09\/05\/isabel-gimenez-el-nuevo-manto-de-la-virgen-de-las-huertas-lleva-mas-de-600-horas-de-trabajo-y-es-una-autentica-maravilla\/#article","isPartOf":{"@id":"https:\/\/arealorcaradio.es\/index.php\/2024\/09\/05\/isabel-gimenez-el-nuevo-manto-de-la-virgen-de-las-huertas-lleva-mas-de-600-horas-de-trabajo-y-es-una-autentica-maravilla\/"},"author":{"name":"Paco S\u00e1nchez","@id":"https:\/\/arealorcaradio.es\/#\/schema\/person\/9fae605fc25b0f2c83c1ab207139bd27"},"headline":"Isabel Gim\u00e9nez: \u00abEl nuevo manto de la Virgen de las Huertas lleva m\u00e1s de 600 horas de trabajo y es una aut\u00e9ntica maravilla\u00bb","datePublished":"2024-09-05T20:30:35+00:00","mainEntityOfPage":{"@id":"https:\/\/arealorcaradio.es\/index.php\/2024\/09\/05\/isabel-gimenez-el-nuevo-manto-de-la-virgen-de-las-huertas-lleva-mas-de-600-horas-de-trabajo-y-es-una-autentica-maravilla\/"},"wordCount":103,"commentCount":0,"image":{"@id":"https:\/\/arealorcaradio.es\/index.php\/2024\/09\/05\/isabel-gimenez-el-nuevo-manto-de-la-virgen-de-las-huertas-lleva-mas-de-600-horas-de-trabajo-y-es-una-autentica-maravilla\/#primaryimage"},"thumbnailUrl":"https:\/\/arealorcaradio.es\/wp-content\/uploads\/2024\/09\/20240905_113907-scaled.jpg","articleSection":["ACTUALIDAD","LORCA"],"inLanguage":"es","potentialAction":[{"@type":"CommentAction","name":"Comment","target":["https:\/\/arealorcaradio.es\/index.php\/2024\/09\/05\/isabel-gimenez-el-nuevo-manto-de-la-virgen-de-las-huertas-lleva-mas-de-600-horas-de-trabajo-y-es-una-autentica-maravilla\/#respond"]}]},{"@type":"WebPage","@id":"https:\/\/arealorcaradio.es\/index.php\/2024\/09\/05\/isabel-gimenez-el-nuevo-manto-de-la-virgen-de-las-huertas-lleva-mas-de-600-horas-de-trabajo-y-es-una-autentica-maravilla\/","url":"https:\/\/arealorcaradio.es\/index.php\/2024\/09\/05\/isabel-gimenez-el-nuevo-manto-de-la-virgen-de-las-huertas-lleva-mas-de-600-horas-de-trabajo-y-es-una-autentica-maravilla\/","name":"Isabel Gim\u00e9nez: \"El nuevo manto de la Virgen de las Huertas lleva m\u00e1s de 600 horas de trabajo y es una aut\u00e9ntica maravilla\" - AREA LORCA RADIO","isPartOf":{"@id":"https:\/\/arealorcaradio.es\/#website"},"primaryImageOfPage":{"@id":"https:\/\/arealorcaradio.es\/index.php\/2024\/09\/05\/isabel-gimenez-el-nuevo-manto-de-la-virgen-de-las-huertas-lleva-mas-de-600-horas-de-trabajo-y-es-una-autentica-maravilla\/#primaryimage"},"image":{"@id":"https:\/\/arealorcaradio.es\/index.php\/2024\/09\/05\/isabel-gimenez-el-nuevo-manto-de-la-virgen-de-las-huertas-lleva-mas-de-600-horas-de-trabajo-y-es-una-autentica-maravilla\/#primaryimage"},"thumbnailUrl":"https:\/\/arealorcaradio.es\/wp-content\/uploads\/2024\/09\/20240905_113907-scaled.jpg","datePublished":"2024-09-05T20:30:35+00:00","author":{"@id":"https:\/\/arealorcaradio.es\/#\/schema\/person\/9fae605fc25b0f2c83c1ab207139bd27"},"breadcrumb":{"@id":"https:\/\/arealorcaradio.es\/index.php\/2024\/09\/05\/isabel-gimenez-el-nuevo-manto-de-la-virgen-de-las-huertas-lleva-mas-de-600-horas-de-trabajo-y-es-una-autentica-maravilla\/#breadcrumb"},"inLanguage":"es","potentialAction":[{"@type":"ReadAction","target":["https:\/\/arealorcaradio.es\/index.php\/2024\/09\/05\/isabel-gimenez-el-nuevo-manto-de-la-virgen-de-las-huertas-lleva-mas-de-600-horas-de-trabajo-y-es-una-autentica-maravilla\/"]}]},{"@type":"ImageObject","inLanguage":"es","@id":"https:\/\/arealorcaradio.es\/index.php\/2024\/09\/05\/isabel-gimenez-el-nuevo-manto-de-la-virgen-de-las-huertas-lleva-mas-de-600-horas-de-trabajo-y-es-una-autentica-maravilla\/#primaryimage","url":"https:\/\/arealorcaradio.es\/wp-content\/uploads\/2024\/09\/20240905_113907-scaled.jpg","contentUrl":"https:\/\/arealorcaradio.es\/wp-content\/uploads\/2024\/09\/20240905_113907-scaled.jpg","width":2560,"height":1920},{"@type":"BreadcrumbList","@id":"https:\/\/arealorcaradio.es\/index.php\/2024\/09\/05\/isabel-gimenez-el-nuevo-manto-de-la-virgen-de-las-huertas-lleva-mas-de-600-horas-de-trabajo-y-es-una-autentica-maravilla\/#breadcrumb","itemListElement":[{"@type":"ListItem","position":1,"name":"Portada","item":"https:\/\/arealorcaradio.es\/"},{"@type":"ListItem","position":2,"name":"Isabel Gim\u00e9nez: \u00abEl nuevo manto de la Virgen de las Huertas lleva m\u00e1s de 600 horas de trabajo y es una aut\u00e9ntica maravilla\u00bb"}]},{"@type":"WebSite","@id":"https:\/\/arealorcaradio.es\/#website","url":"https:\/\/arealorcaradio.es\/","name":"AREA LORCA RADIO","description":"Descubre la programaci\u00f3n actual en \u00c1rea Lorca Radio, tu fuente de entrenamiento y noticias locales. Sintoniza ahora y mantente conectado online.","potentialAction":[{"@type":"SearchAction","target":{"@type":"EntryPoint","urlTemplate":"https:\/\/arealorcaradio.es\/?s={search_term_string}"},"query-input":{"@type":"PropertyValueSpecification","valueRequired":true,"valueName":"search_term_string"}}],"inLanguage":"es"},{"@type":"Person","@id":"https:\/\/arealorcaradio.es\/#\/schema\/person\/9fae605fc25b0f2c83c1ab207139bd27","name":"Paco S\u00e1nchez","image":{"@type":"ImageObject","inLanguage":"es","@id":"https:\/\/secure.gravatar.com\/avatar\/d67144e966420fb74aa84c9f2a0103be4724fd14db52b52d3b6bca749f257e79?s=96&d=mm&r=g","url":"https:\/\/secure.gravatar.com\/avatar\/d67144e966420fb74aa84c9f2a0103be4724fd14db52b52d3b6bca749f257e79?s=96&d=mm&r=g","contentUrl":"https:\/\/secure.gravatar.com\/avatar\/d67144e966420fb74aa84c9f2a0103be4724fd14db52b52d3b6bca749f257e79?s=96&d=mm&r=g","caption":"Paco S\u00e1nchez"},"sameAs":["https:\/\/arealorcaradio.es"],"url":"https:\/\/arealorcaradio.es\/index.php\/author\/admin_alorcaradio\/"}]}},"_links":{"self":[{"href":"https:\/\/arealorcaradio.es\/index.php\/wp-json\/wp\/v2\/posts\/4005","targetHints":{"allow":["GET"]}}],"collection":[{"href":"https:\/\/arealorcaradio.es\/index.php\/wp-json\/wp\/v2\/posts"}],"about":[{"href":"https:\/\/arealorcaradio.es\/index.php\/wp-json\/wp\/v2\/types\/post"}],"author":[{"embeddable":true,"href":"https:\/\/arealorcaradio.es\/index.php\/wp-json\/wp\/v2\/users\/1"}],"replies":[{"embeddable":true,"href":"https:\/\/arealorcaradio.es\/index.php\/wp-json\/wp\/v2\/comments?post=4005"}],"version-history":[{"count":1,"href":"https:\/\/arealorcaradio.es\/index.php\/wp-json\/wp\/v2\/posts\/4005\/revisions"}],"predecessor-version":[{"id":4008,"href":"https:\/\/arealorcaradio.es\/index.php\/wp-json\/wp\/v2\/posts\/4005\/revisions\/4008"}],"wp:featuredmedia":[{"embeddable":true,"href":"https:\/\/arealorcaradio.es\/index.php\/wp-json\/wp\/v2\/media\/4007"}],"wp:attachment":[{"href":"https:\/\/arealorcaradio.es\/index.php\/wp-json\/wp\/v2\/media?parent=4005"}],"wp:term":[{"taxonomy":"category","embeddable":true,"href":"https:\/\/arealorcaradio.es\/index.php\/wp-json\/wp\/v2\/categories?post=4005"},{"taxonomy":"post_tag","embeddable":true,"href":"https:\/\/arealorcaradio.es\/index.php\/wp-json\/wp\/v2\/tags?post=4005"}],"curies":[{"name":"wp","href":"https:\/\/api.w.org\/{rel}","templated":true}]}}