{"id":3990,"date":"2024-09-04T18:20:36","date_gmt":"2024-09-04T18:20:36","guid":{"rendered":"https:\/\/arealorcaradio.es\/?p=3990"},"modified":"2024-09-04T18:20:36","modified_gmt":"2024-09-04T18:20:36","slug":"mas-de-medio-centenar-de-actividades-completan-la-45a-edicion-de-los-juegos-deportivos-del-guadalentin","status":"publish","type":"post","link":"https:\/\/arealorcaradio.es\/index.php\/2024\/09\/04\/mas-de-medio-centenar-de-actividades-completan-la-45a-edicion-de-los-juegos-deportivos-del-guadalentin\/","title":{"rendered":"M\u00e1s de medio centenar de actividades completan la 45\u00aa edici\u00f3n de los Juegos Deportivos del Guadalent\u00edn"},"content":{"rendered":"<p>\u00c1REA LORCA RADIO.<\/p>\n<p>Escucha aqu\u00ed la entrevista que ha concedido a Paco S\u00e1nchez en el programa \u00c1rea Lorca Deportes, el director de los Juegos Deportivos del Guadalent\u00edn, Jos\u00e9 Luis Lozano.<\/p>\n<audio class=\"wp-audio-shortcode\" id=\"audio-3990-1\" preload=\"none\" style=\"width: 100%;\" controls=\"controls\"><source type=\"audio\/mpeg\" src=\"https:\/\/arealorcaradio.es\/wp-content\/uploads\/2024\/09\/040924-JOSE-LUIS-LOZANO.-JUEGOS-DEL-GUADALENTIN.mp3?_=1\" \/><a href=\"https:\/\/arealorcaradio.es\/wp-content\/uploads\/2024\/09\/040924-JOSE-LUIS-LOZANO.-JUEGOS-DEL-GUADALENTIN.mp3\">https:\/\/arealorcaradio.es\/wp-content\/uploads\/2024\/09\/040924-JOSE-LUIS-LOZANO.-JUEGOS-DEL-GUADALENTIN.mp3<\/a><\/audio>\n<p>Los Juegos Deportivos del Guadalent\u00edn (JDG) volver\u00e1n un a\u00f1o m\u00e1s a inundar calles, plazas, pedan\u00edas e instalaciones deportivas municipales de personas de todas las edades practicando actividad f\u00edsica de todo tipo y adaptada a diferentes colectivos para favorecer el deporte inclusivo. M\u00e1s de medio centenar de actividades integran el calendario de los JDG que se desarrollar\u00e1 desde el 13 de septiembre hasta el 20 de octubre, retrasando una semana la fecha habitual para posibilitar una mejor coordinaci\u00f3n con los clubes y asociaciones deportivas de la ciudad.<\/p>\n<p>El alcalde de Lorca, Fulgencio Gil J\u00f3dar, acompa\u00f1ado por el concejal de Deportes, Juan Miguel Bayonas; el director t\u00e9cnico de los JDG, Jos\u00e9 Luis Lozano; integrantes del comit\u00e9 organizador y representantes de los clubes deportivos, ha presentado en la ma\u00f1ana de este jueves, en la Plaza de Espa\u00f1a, el cartel de la cuadrag\u00e9sima quinta edici\u00f3n, la propuesta de eventos que se suceder\u00e1n en los pr\u00f3ximos d\u00edas y al embajador de este a\u00f1o, el exconcejal de Deportes y docente de Educaci\u00f3n F\u00edsica, Francisco F\u00e9lix Montiel S\u00e1nchez.<\/p>\n<p><img loading=\"lazy\" decoding=\"async\" class=\"alignnone size-medium wp-image-3992\" src=\"https:\/\/arealorcaradio.es\/wp-content\/uploads\/2024\/09\/juegos-del-guadalentin-300x189.jpeg\" alt=\"\" width=\"300\" height=\"189\" srcset=\"https:\/\/arealorcaradio.es\/wp-content\/uploads\/2024\/09\/juegos-del-guadalentin-300x189.jpeg 300w, https:\/\/arealorcaradio.es\/wp-content\/uploads\/2024\/09\/juegos-del-guadalentin.jpeg 420w\" sizes=\"auto, (max-width: 300px) 100vw, 300px\" \/><\/p>\n<p>Entre las novedades de esta edici\u00f3n, destaca que -por primera vez- los JDG participar\u00e1n en la Semana Europea del Deporte convocada por la Comisi\u00f3n de la Uni\u00f3n Europea (UE) para luchar contra el sedentarismo. Durante siete d\u00edas, del 23 al 30 de septiembre, se registrar\u00e1 el n\u00famero de actividades organizadas para promocionar la salud, as\u00ed como la respuesta ciudadana a cada una de ellas. Al t\u00e9rmino del concurso, en el que participan miles de municipios europeos, la UE reconocer\u00e1 a las localidades que mayor n\u00famero de acciones hayan desarrollado, no s\u00f3lo a favor de una vida saludable, sino tambi\u00e9n a aquellas que pongan de relieve los valores positivos que el deporte puede promover en relaci\u00f3n con la sostenibilidad y la inclusi\u00f3n de grupos de poblaci\u00f3n vulnerable. \u201cLa mayor parte de las propuestas populares de los JDG cumplen a la perfecci\u00f3n el perfil que demanda la UE y as\u00ed ha sido desde que surgieron hace m\u00e1s de cuarenta a\u00f1os. Los lorquinos tenemos que intentar, con nuestra presencia en todas ellas, que Lorca y los JDG queden en muy buen lugar en ese listado europeo de municipios saludables y promotores de la inclusi\u00f3n a trav\u00e9s del deporte\u201d, ha apuntado Gil J\u00f3dar.<\/p>\n<p>Los JDG arrancar\u00e1n el pr\u00f3ximo viernes 13 de septiembre con la tradicional marcha inaugural andando que de nuevo tendr\u00e1 car\u00e1cter ben\u00e9fico y dar\u00e1 visibilidad a la ONG Astrade, un colectivo que surge en 1996 como resultado de la uni\u00f3n de las familias que tienen en su seno alg\u00fan miembro con Trastorno del Espectro del Autismo. Las personas inscritas ser\u00e1n obsequiadas con la camiseta conmemorativa de los JDG y al t\u00e9rmino de la marcha podr\u00e1n presenciar el espect\u00e1culo inaugural y participar en el sorteo de regalos.<\/p>\n<p>Tras la inauguraci\u00f3n se dar\u00e1 el pistoletazo de salida a cinco semanas de citas deportivas con el deporte popular como protagonista. La tradicional ruta al Cejo de los Enamorados tendr\u00e1 lugar el 29 de septiembre con salida desde La Merced y, una semana m\u00e1s tarde, el 6 de octubre, se desarrollar\u00e1 la carrera popular \u2018Run for Parkinsons\u2019 en colaboraci\u00f3n con el Cuerpo Nacional de Polic\u00eda. La traves\u00eda nocturna de monta\u00f1a est\u00e1 prevista para los d\u00edas 12 y 13 de octubre y el ciclopaseo de clausura el 20 de octubre. La planificaci\u00f3n de actividades populares incluye los \u2018Lunes Saludables\u2019, que este a\u00f1o viajar\u00e1n hasta las pedan\u00edas de Zarzadilla de Totana, La Parroquia y Almendricos; y para los m\u00e1s peque\u00f1os se mantiene el \u2018Atletismo en la calle\u2019 con diferentes citas y escenarios como el C.D. Gin\u00e9s Antonio Vidal-La Torrecilla; los colegios Sagrado Coraz\u00f3n y Petra Gonz\u00e1lez; y los parques de La Vi\u00f1a y San Jos\u00e9. Adem\u00e1s, el C.D.Felipe VI volver\u00e1 a promocionar el fitness y el aquazumba con jornadas de puertas abiertas, as\u00ed como el yoga en el inigualable enclave del Calvario.<\/p>\n<p>Las disciplinas presentes en la cuadrag\u00e9sima quinta edici\u00f3n de los JDG son baloncesto, automovilismo, ciclismo, tenis de mesa, parapente, trail, petanca, pesca deportiva, balonmano, voleibol, boxeo, ajedrez, golf, squash, orientaci\u00f3n, tenis, f\u00fatbol, f\u00fatbol sala, k\u00e1rate, trial, judo, tiro con arco, p\u00e1del, taekwondo, nataci\u00f3n y esgrima. De entre todas ellas, Fulgencio Gil J\u00f3dar ha destacado como novedad la incorporaci\u00f3n de una prueba de orientaci\u00f3n en bicicleta de monta\u00f1a. \u201cLorca va a acoger en estos Juegos el Campeonato de Espa\u00f1a Ultra Score de Orientaci\u00f3n MTBO el s\u00e1bado 28 de septiembre en la pedan\u00eda de Zarzadilla de Totana con la consecuente repercusi\u00f3n que un evento de estas caracter\u00edsticas tiene, tanto por el n\u00famero de participantes venidos de todo el pa\u00eds como por el de espectadores, ya que es una prueba muy llamativa\u201d.<\/p>\n<p>Los JDG mantienen su compromiso con el colectivo de personas mayores con los \u2018Juegos y Deportes 3\u00aa edad\u2019 y con el deporte de integraci\u00f3n a trav\u00e9s del XI Trofeo Apandis de f\u00fatbol 8 adaptado, que tendr\u00e1 lugar el jueves 3 de octubre en el club deportivo Los \u00c1lamos. En el cap\u00edtulo formativo, el jueves 17 de octubre tendr\u00e1 lugar una jornada sobre gesti\u00f3n de clubes deportivos a cargo de la Asociaci\u00f3n de Gestores de la Regi\u00f3n de Murcia (AGESDE).<\/p>\n<p>El alcalde de Lorca, Fulgencio Gil J\u00f3dar, ha agradecido durante la presentaci\u00f3n de los 45\u00ba JDG a los clubes deportivos y al comit\u00e9 de los JDG \u201cel gran esfuerzo que realizan cada a\u00f1o para ofrecernos un completo y variado programa de actividad f\u00edsica que permita la participaci\u00f3n de todos independientemente de la condici\u00f3n f\u00edsica. Mientras este verano disfrut\u00e1bamos con las pruebas de los Juegos Ol\u00edmpicos de Par\u00eds, aqu\u00ed en Lorca los responsables municipales y los t\u00e9cnicos de Deportes y de los clubes de la ciudad trabajaban preparando las respectivas pruebas, organizando fechas, horas, permisos y abriendo inscripciones para que nuestras \u2018olimpiadas\u2019 sean una realidad un a\u00f1o m\u00e1s, manteniendo vivo el esp\u00edritu con el que surgieron que no es otro que el de mantener a Lorca como una ciudad activa, saludable, en\u00e9rgica, que promueve el deporte y sus beneficios, en definitiva, una ciudad, la nuestra, con una arraigada cultura deportiva\u201d.<\/p>\n<p>El concejal de Deportes, Juan Miguel Bayonas, ha destacado -adem\u00e1s- la importante labor que desarrollan los voluntarios deportivos para que todas las jornadas transcurran con normalidad. Tambi\u00e9n ha agradecido la implicaci\u00f3n de empresas, patrocinadores y organizaciones que colaboran con la fiesta del deporte lorquino.<\/p>\n<p>Toda la informaci\u00f3n de los Juegos del Guadalent\u00edn, as\u00ed como el calendario actualizado semanalmente, se puede consultar en la web de la Concejal\u00eda de Deportes, a trav\u00e9s de sus perfiles de redes sociales, as\u00ed como en soportes publicitarios y mupis de la ciudad.<\/p>\n<p><strong>Calendario de actividades:<\/strong><\/p>\n<p><strong>Viernes, 13 de septiembre<\/strong><br \/>\n-Marcha inaugural andando. Acto Inaugural. 20.30 horas. Plaza de Espa\u00f1a<\/p>\n<p><strong>S\u00e1bado, 14 de septiembre<\/strong><br \/>\n-Baloncesto. VII Trofeo Ciudad de Lorca. 09.00 horas. C.D. Felipe VI<br \/>\n-XXIII Rallye Sprint Zarcilla de Ramos \u2018Antonio Motos\u2019. 09.00 horas. Zarcilla de Ramos.<br \/>\n-Ciclismo. Trofeo Interescuelas y III Criterium Ciudad de Lorca. Alameda de Cervantes.<br \/>\n-Tenis de Mesa. Open Feria de Lorca. 09.30 horas. C.D. San Antonio<br \/>\n-Parapente, Concentraci\u00f3n nacional. 11.00 horas. Pe\u00f1arrubia \/Torrecilla<br \/>\n-Pesca Deportiva. XXV Certamen Ciudad de Lorca. 18.00 horas. Playa de Puntas de Calnegre.<\/p>\n<p><strong>Domingo, 16 de septiembre<\/strong><br \/>\n-XII Pe\u00f1arrubia Lorca Trail. 08.00 La Vi\u00f1a.<br \/>\n-Tenis de Mesa. Open Feria de Lorca. 09.30 horas. C.D. San Antonio<br \/>\n-Pesca Deportiva. XXV Certamen Ciudad de Lorca. 10.00 horas. Playa de Puntas de Calnegre.<br \/>\n-F\u00fatbol. Trofeo Veteranos. Campo de f\u00fatbol de Casuco.<br \/>\n<strong>Lunes, 16 de septiembre<\/strong><br \/>\n-Juegos y Deportes de la Tercera Edad. 11 horas. Centros 3\u00aaEdad.<br \/>\n-Lunes saludables. 19.30 horas. Zarzadilla de Totana.<br \/>\n<strong>Jueves, 19 de septiembre<\/strong><br \/>\n-Senas (Sorteo). 12.00 horas. Casa del Deporte.<br \/>\n<strong>S\u00e1bado, 21 de septiembre<\/strong><br \/>\n-Balonmano. Promoci\u00f3n Cadete. 09.00 horas. Pabell\u00f3n de San Jos\u00e9.<br \/>\n-Voleibol. Torneo \u2018Voleibol en familia\u2019. 09.00 horas. C.D. Felipe VI.<br \/>\n-Baloncesto. IV Memorial Juan Antonio Lorente. 17.00 horas. C.D. Felipe VI.<br \/>\n<strong>Lunes, 23 de septiembre<\/strong><br \/>\n-Senas (Inicio). 18.00 horas. Casa del Deporte.<br \/>\n-Lunes saludables. 19.30 horas. La Parroquia.<br \/>\n<strong>Martes, 24 de septiembre<\/strong><br \/>\n-Fitness Day. Jornada de puertas abiertas. 17.00 horas. C.D. Felipe VI.<br \/>\n<strong>Mi\u00e9rcoles, 25 de septiembre<\/strong><br \/>\n-Aquazumba. 20.00 horas. C.D. Felipe VI.<br \/>\n<strong>Jueves, 26 de septiembre<\/strong><br \/>\n-Boxeo (exhibici\u00f3n). 18.30 horas. Alameda de Las Columnas.<br \/>\n<strong>Viernes, 27 de septiembre<\/strong><br \/>\n-Ajedrez. Simult\u00e1nea. 18 horas. Plaza de Col\u00f3n.<br \/>\n-Atletismo en la calle. 18 horas. Colegio Sagrado Coraz\u00f3n.<br \/>\n<strong>S\u00e1bado, 28 de septiembre<\/strong><br \/>\n-Golf. 9 horas. Lorca Golf Resort.<br \/>\n-Balonmano. Promoci\u00f3n alev\u00edn e infantil. 09.00 horas. Pabell\u00f3n de San Jos\u00e9.<br \/>\n-Squash. III Open Nacional Absoluto. 09.00 horas. C.D. Felipe VI.<br \/>\n-Orientaci\u00f3n MTBO. Campeonato de Espa\u00f1a Ultra Score. 09.00 horas. Zarzadilla de Totana.<br \/>\n-Ajedrez. 10.00 horas. C.C. Almenara.<br \/>\n<strong>Domingo, 29 de septiembre<\/strong><br \/>\n-Senderismo. Ruta al Cejo. 09.30 horas. La Merced.<br \/>\n<strong>Lunes, 30 de septiembre<\/strong><br \/>\n-Lunes saludables. 19.30 horas. Almendricos.<br \/>\n<strong>Martes, 1 de octubre<\/strong><br \/>\n-Yoga. 19.30 horas. El Calvario.<br \/>\n<strong>Jueves, 3 de octubre<\/strong><br \/>\n-F\u00fatbol 8 adaptado. XI Trofeo Jumondi (inicio). 21.00 horas. Campos de f\u00fatbol municipales.<br \/>\n<strong>Viernes, 4 de octubre<\/strong><br \/>\n-Tenis. Inicio. 17.00 horas. C.D. Los \u00c1lamos.<br \/>\n-Atletismo en la calle. 18 horas. Parque de La Vi\u00f1a.<br \/>\n-F\u00fatbol. Trofeo Jumondi. (Inicio). Campos de f\u00fatbol municipales.<br \/>\n<strong>S\u00e1bado, 5 de octubre<\/strong><br \/>\n-Automovilismo. TC Parajes de Cazorla. 09.00 horas. Zarcilla de Ramos.<br \/>\n-F\u00fatbol Sala pedan\u00edas.10.00 horas. Pabell\u00f3n Almendricos.<br \/>\n-Karate. 16.00 horas. C.D.Felipe VI.<br \/>\n<strong>Domingo, 6 de octubre<\/strong><br \/>\n-Carrera popular. Run for Parkinsons. 10.00 hotas. Plaza de la Polic\u00eda Nacional.<br \/>\n-Trial. Prueba del circuito regional. 10.00 horas. Circuito Parque Almenara.<br \/>\n<strong>Viernes, 11 de octubre<\/strong><br \/>\n-Atletismo en la calle. 18.00 horas. Colegio de La Paca.<br \/>\n<strong>S\u00e1bado, 12 de octubre<\/strong><br \/>\n-Tenis. Finales. 09.00. Club Deportivo Los \u00c1lamos.<br \/>\n-Judo. 09.00. C.D. Felipe VI.<br \/>\n-Orientaci\u00f3n. Prueba liga regional. 09.00 horas. Carraclaca.<br \/>\n&#8211;<strong>Traves\u00eda de monta\u00f1a. Salida. 17.00 horas.<\/strong><br \/>\n<strong>Domingo, 13 de octubre<\/strong><br \/>\n-Tiro con arco. Jornada liga regional. Villareal.<br \/>\n-Traves\u00eda de monta\u00f1a. Llegada. 12.00.<br \/>\n<strong>Mi\u00e9rcoles, 16 de octubre<\/strong><br \/>\n-Deporte por la integraci\u00f3n. 10.00. C.D. La Torrecilla.<br \/>\n-Atletismo en la calle. 18.00. C.D. La Torrecilla.<br \/>\n<strong>S\u00e1bado, 19 de octubre<\/strong><br \/>\n-Esgrima. 10.00. Alameda de Las Columnas.<br \/>\n-Squash. Open Regional Junior. 09.00. C.D. Felipe VI.<br \/>\n-P\u00e1del. Trofeo Intersport Zurano. 09.00. C.D. Los \u00c1lamos.<br \/>\n-P\u00e1del. Torneo menores. 09.30. C.D. La Torrecilla.<br \/>\n-Taekwondo. 15.00 horas. C.D. Felipe VI.<br \/>\n-Nataci\u00f3n. XII Trofeo Ciudad de Lorca. C.D. San Antonio.<br \/>\n<strong>Domingo, 20 de octubre<\/strong><br \/>\n-P\u00e1del. Trofeo Intersport Zurano. 09.00. C.D. Los \u00c1lamos.<br \/>\n-Ciclopaseo y clausura. 11.00 horas. C.D.Felipe VI.<\/p>\n","protected":false},"excerpt":{"rendered":"<p>\u00c1REA LORCA RADIO. Escucha aqu\u00ed la entrevista que ha concedido a Paco S\u00e1nchez en el programa \u00c1rea Lorca Deportes, el director de los Juegos Deportivos del Guadalent\u00edn, Jos\u00e9 Luis Lozano. Los Juegos Deportivos del Guadalent\u00edn (JDG) volver\u00e1n un a\u00f1o m\u00e1s a inundar calles, plazas, pedan\u00edas e instalaciones deportivas municipales de personas de todas las edades [&hellip;]<\/p>\n","protected":false},"author":1,"featured_media":3993,"comment_status":"open","ping_status":"open","sticky":false,"template":"","format":"standard","meta":{"iawp_total_views":28,"footnotes":""},"categories":[4,7],"tags":[],"class_list":["post-3990","post","type-post","status-publish","format-standard","has-post-thumbnail","hentry","category-deportes","category-lorca"],"yoast_head":"<!-- This site is optimized with the Yoast SEO plugin v27.5 - https:\/\/yoast.com\/product\/yoast-seo-wordpress\/ -->\n<title>M\u00e1s de medio centenar de actividades completan la 45\u00aa edici\u00f3n de los Juegos Deportivos del Guadalent\u00edn - AREA LORCA RADIO<\/title>\n<meta name=\"robots\" content=\"index, follow, max-snippet:-1, max-image-preview:large, max-video-preview:-1\" \/>\n<link rel=\"canonical\" href=\"https:\/\/arealorcaradio.es\/index.php\/2024\/09\/04\/mas-de-medio-centenar-de-actividades-completan-la-45a-edicion-de-los-juegos-deportivos-del-guadalentin\/\" \/>\n<meta property=\"og:locale\" content=\"es_ES\" \/>\n<meta property=\"og:type\" content=\"article\" \/>\n<meta property=\"og:title\" content=\"M\u00e1s de medio centenar de actividades completan la 45\u00aa edici\u00f3n de los Juegos Deportivos del Guadalent\u00edn - AREA LORCA RADIO\" \/>\n<meta property=\"og:description\" content=\"\u00c1REA LORCA RADIO. Escucha aqu\u00ed la entrevista que ha concedido a Paco S\u00e1nchez en el programa \u00c1rea Lorca Deportes, el director de los Juegos Deportivos del Guadalent\u00edn, Jos\u00e9 Luis Lozano. Los Juegos Deportivos del Guadalent\u00edn (JDG) volver\u00e1n un a\u00f1o m\u00e1s a inundar calles, plazas, pedan\u00edas e instalaciones deportivas municipales de personas de todas las edades [&hellip;]\" \/>\n<meta property=\"og:url\" content=\"https:\/\/arealorcaradio.es\/index.php\/2024\/09\/04\/mas-de-medio-centenar-de-actividades-completan-la-45a-edicion-de-los-juegos-deportivos-del-guadalentin\/\" \/>\n<meta property=\"og:site_name\" content=\"AREA LORCA RADIO\" \/>\n<meta property=\"article:published_time\" content=\"2024-09-04T18:20:36+00:00\" \/>\n<meta property=\"og:image\" content=\"https:\/\/arealorcaradio.es\/wp-content\/uploads\/2024\/09\/20240904_115414-scaled.jpg\" \/>\n\t<meta property=\"og:image:width\" content=\"2560\" \/>\n\t<meta property=\"og:image:height\" content=\"1920\" \/>\n\t<meta property=\"og:image:type\" content=\"image\/jpeg\" \/>\n<meta name=\"author\" content=\"Paco S\u00e1nchez\" \/>\n<meta name=\"twitter:card\" content=\"summary_large_image\" \/>\n<meta name=\"twitter:label1\" content=\"Escrito por\" \/>\n\t<meta name=\"twitter:data1\" content=\"Paco S\u00e1nchez\" \/>\n\t<meta name=\"twitter:label2\" content=\"Tiempo de lectura\" \/>\n\t<meta name=\"twitter:data2\" content=\"9 minutos\" \/>\n<script type=\"application\/ld+json\" class=\"yoast-schema-graph\">{\"@context\":\"https:\\\/\\\/schema.org\",\"@graph\":[{\"@type\":\"Article\",\"@id\":\"https:\\\/\\\/arealorcaradio.es\\\/index.php\\\/2024\\\/09\\\/04\\\/mas-de-medio-centenar-de-actividades-completan-la-45a-edicion-de-los-juegos-deportivos-del-guadalentin\\\/#article\",\"isPartOf\":{\"@id\":\"https:\\\/\\\/arealorcaradio.es\\\/index.php\\\/2024\\\/09\\\/04\\\/mas-de-medio-centenar-de-actividades-completan-la-45a-edicion-de-los-juegos-deportivos-del-guadalentin\\\/\"},\"author\":{\"name\":\"Paco S\u00e1nchez\",\"@id\":\"https:\\\/\\\/arealorcaradio.es\\\/#\\\/schema\\\/person\\\/9fae605fc25b0f2c83c1ab207139bd27\"},\"headline\":\"M\u00e1s de medio centenar de actividades completan la 45\u00aa edici\u00f3n de los Juegos Deportivos del Guadalent\u00edn\",\"datePublished\":\"2024-09-04T18:20:36+00:00\",\"mainEntityOfPage\":{\"@id\":\"https:\\\/\\\/arealorcaradio.es\\\/index.php\\\/2024\\\/09\\\/04\\\/mas-de-medio-centenar-de-actividades-completan-la-45a-edicion-de-los-juegos-deportivos-del-guadalentin\\\/\"},\"wordCount\":1832,\"commentCount\":0,\"image\":{\"@id\":\"https:\\\/\\\/arealorcaradio.es\\\/index.php\\\/2024\\\/09\\\/04\\\/mas-de-medio-centenar-de-actividades-completan-la-45a-edicion-de-los-juegos-deportivos-del-guadalentin\\\/#primaryimage\"},\"thumbnailUrl\":\"https:\\\/\\\/arealorcaradio.es\\\/wp-content\\\/uploads\\\/2024\\\/09\\\/20240904_115414-scaled.jpg\",\"articleSection\":[\"DEPORTES\",\"LORCA\"],\"inLanguage\":\"es\",\"potentialAction\":[{\"@type\":\"CommentAction\",\"name\":\"Comment\",\"target\":[\"https:\\\/\\\/arealorcaradio.es\\\/index.php\\\/2024\\\/09\\\/04\\\/mas-de-medio-centenar-de-actividades-completan-la-45a-edicion-de-los-juegos-deportivos-del-guadalentin\\\/#respond\"]}]},{\"@type\":\"WebPage\",\"@id\":\"https:\\\/\\\/arealorcaradio.es\\\/index.php\\\/2024\\\/09\\\/04\\\/mas-de-medio-centenar-de-actividades-completan-la-45a-edicion-de-los-juegos-deportivos-del-guadalentin\\\/\",\"url\":\"https:\\\/\\\/arealorcaradio.es\\\/index.php\\\/2024\\\/09\\\/04\\\/mas-de-medio-centenar-de-actividades-completan-la-45a-edicion-de-los-juegos-deportivos-del-guadalentin\\\/\",\"name\":\"M\u00e1s de medio centenar de actividades completan la 45\u00aa edici\u00f3n de los Juegos Deportivos del Guadalent\u00edn - AREA LORCA RADIO\",\"isPartOf\":{\"@id\":\"https:\\\/\\\/arealorcaradio.es\\\/#website\"},\"primaryImageOfPage\":{\"@id\":\"https:\\\/\\\/arealorcaradio.es\\\/index.php\\\/2024\\\/09\\\/04\\\/mas-de-medio-centenar-de-actividades-completan-la-45a-edicion-de-los-juegos-deportivos-del-guadalentin\\\/#primaryimage\"},\"image\":{\"@id\":\"https:\\\/\\\/arealorcaradio.es\\\/index.php\\\/2024\\\/09\\\/04\\\/mas-de-medio-centenar-de-actividades-completan-la-45a-edicion-de-los-juegos-deportivos-del-guadalentin\\\/#primaryimage\"},\"thumbnailUrl\":\"https:\\\/\\\/arealorcaradio.es\\\/wp-content\\\/uploads\\\/2024\\\/09\\\/20240904_115414-scaled.jpg\",\"datePublished\":\"2024-09-04T18:20:36+00:00\",\"author\":{\"@id\":\"https:\\\/\\\/arealorcaradio.es\\\/#\\\/schema\\\/person\\\/9fae605fc25b0f2c83c1ab207139bd27\"},\"breadcrumb\":{\"@id\":\"https:\\\/\\\/arealorcaradio.es\\\/index.php\\\/2024\\\/09\\\/04\\\/mas-de-medio-centenar-de-actividades-completan-la-45a-edicion-de-los-juegos-deportivos-del-guadalentin\\\/#breadcrumb\"},\"inLanguage\":\"es\",\"potentialAction\":[{\"@type\":\"ReadAction\",\"target\":[\"https:\\\/\\\/arealorcaradio.es\\\/index.php\\\/2024\\\/09\\\/04\\\/mas-de-medio-centenar-de-actividades-completan-la-45a-edicion-de-los-juegos-deportivos-del-guadalentin\\\/\"]}]},{\"@type\":\"ImageObject\",\"inLanguage\":\"es\",\"@id\":\"https:\\\/\\\/arealorcaradio.es\\\/index.php\\\/2024\\\/09\\\/04\\\/mas-de-medio-centenar-de-actividades-completan-la-45a-edicion-de-los-juegos-deportivos-del-guadalentin\\\/#primaryimage\",\"url\":\"https:\\\/\\\/arealorcaradio.es\\\/wp-content\\\/uploads\\\/2024\\\/09\\\/20240904_115414-scaled.jpg\",\"contentUrl\":\"https:\\\/\\\/arealorcaradio.es\\\/wp-content\\\/uploads\\\/2024\\\/09\\\/20240904_115414-scaled.jpg\",\"width\":2560,\"height\":1920},{\"@type\":\"BreadcrumbList\",\"@id\":\"https:\\\/\\\/arealorcaradio.es\\\/index.php\\\/2024\\\/09\\\/04\\\/mas-de-medio-centenar-de-actividades-completan-la-45a-edicion-de-los-juegos-deportivos-del-guadalentin\\\/#breadcrumb\",\"itemListElement\":[{\"@type\":\"ListItem\",\"position\":1,\"name\":\"Portada\",\"item\":\"https:\\\/\\\/arealorcaradio.es\\\/\"},{\"@type\":\"ListItem\",\"position\":2,\"name\":\"M\u00e1s de medio centenar de actividades completan la 45\u00aa edici\u00f3n de los Juegos Deportivos del Guadalent\u00edn\"}]},{\"@type\":\"WebSite\",\"@id\":\"https:\\\/\\\/arealorcaradio.es\\\/#website\",\"url\":\"https:\\\/\\\/arealorcaradio.es\\\/\",\"name\":\"AREA LORCA RADIO\",\"description\":\"Descubre la programaci\u00f3n actual en \u00c1rea Lorca Radio, tu fuente de entrenamiento y noticias locales. Sintoniza ahora y mantente conectado online.\",\"potentialAction\":[{\"@type\":\"SearchAction\",\"target\":{\"@type\":\"EntryPoint\",\"urlTemplate\":\"https:\\\/\\\/arealorcaradio.es\\\/?s={search_term_string}\"},\"query-input\":{\"@type\":\"PropertyValueSpecification\",\"valueRequired\":true,\"valueName\":\"search_term_string\"}}],\"inLanguage\":\"es\"},{\"@type\":\"Person\",\"@id\":\"https:\\\/\\\/arealorcaradio.es\\\/#\\\/schema\\\/person\\\/9fae605fc25b0f2c83c1ab207139bd27\",\"name\":\"Paco S\u00e1nchez\",\"image\":{\"@type\":\"ImageObject\",\"inLanguage\":\"es\",\"@id\":\"https:\\\/\\\/secure.gravatar.com\\\/avatar\\\/d67144e966420fb74aa84c9f2a0103be4724fd14db52b52d3b6bca749f257e79?s=96&d=mm&r=g\",\"url\":\"https:\\\/\\\/secure.gravatar.com\\\/avatar\\\/d67144e966420fb74aa84c9f2a0103be4724fd14db52b52d3b6bca749f257e79?s=96&d=mm&r=g\",\"contentUrl\":\"https:\\\/\\\/secure.gravatar.com\\\/avatar\\\/d67144e966420fb74aa84c9f2a0103be4724fd14db52b52d3b6bca749f257e79?s=96&d=mm&r=g\",\"caption\":\"Paco S\u00e1nchez\"},\"sameAs\":[\"https:\\\/\\\/arealorcaradio.es\"],\"url\":\"https:\\\/\\\/arealorcaradio.es\\\/index.php\\\/author\\\/admin_alorcaradio\\\/\"}]}<\/script>\n<!-- \/ Yoast SEO plugin. -->","yoast_head_json":{"title":"M\u00e1s de medio centenar de actividades completan la 45\u00aa edici\u00f3n de los Juegos Deportivos del Guadalent\u00edn - AREA LORCA RADIO","robots":{"index":"index","follow":"follow","max-snippet":"max-snippet:-1","max-image-preview":"max-image-preview:large","max-video-preview":"max-video-preview:-1"},"canonical":"https:\/\/arealorcaradio.es\/index.php\/2024\/09\/04\/mas-de-medio-centenar-de-actividades-completan-la-45a-edicion-de-los-juegos-deportivos-del-guadalentin\/","og_locale":"es_ES","og_type":"article","og_title":"M\u00e1s de medio centenar de actividades completan la 45\u00aa edici\u00f3n de los Juegos Deportivos del Guadalent\u00edn - AREA LORCA RADIO","og_description":"\u00c1REA LORCA RADIO. Escucha aqu\u00ed la entrevista que ha concedido a Paco S\u00e1nchez en el programa \u00c1rea Lorca Deportes, el director de los Juegos Deportivos del Guadalent\u00edn, Jos\u00e9 Luis Lozano. Los Juegos Deportivos del Guadalent\u00edn (JDG) volver\u00e1n un a\u00f1o m\u00e1s a inundar calles, plazas, pedan\u00edas e instalaciones deportivas municipales de personas de todas las edades [&hellip;]","og_url":"https:\/\/arealorcaradio.es\/index.php\/2024\/09\/04\/mas-de-medio-centenar-de-actividades-completan-la-45a-edicion-de-los-juegos-deportivos-del-guadalentin\/","og_site_name":"AREA LORCA RADIO","article_published_time":"2024-09-04T18:20:36+00:00","og_image":[{"width":2560,"height":1920,"url":"https:\/\/arealorcaradio.es\/wp-content\/uploads\/2024\/09\/20240904_115414-scaled.jpg","type":"image\/jpeg"}],"author":"Paco S\u00e1nchez","twitter_card":"summary_large_image","twitter_misc":{"Escrito por":"Paco S\u00e1nchez","Tiempo de lectura":"9 minutos"},"schema":{"@context":"https:\/\/schema.org","@graph":[{"@type":"Article","@id":"https:\/\/arealorcaradio.es\/index.php\/2024\/09\/04\/mas-de-medio-centenar-de-actividades-completan-la-45a-edicion-de-los-juegos-deportivos-del-guadalentin\/#article","isPartOf":{"@id":"https:\/\/arealorcaradio.es\/index.php\/2024\/09\/04\/mas-de-medio-centenar-de-actividades-completan-la-45a-edicion-de-los-juegos-deportivos-del-guadalentin\/"},"author":{"name":"Paco S\u00e1nchez","@id":"https:\/\/arealorcaradio.es\/#\/schema\/person\/9fae605fc25b0f2c83c1ab207139bd27"},"headline":"M\u00e1s de medio centenar de actividades completan la 45\u00aa edici\u00f3n de los Juegos Deportivos del Guadalent\u00edn","datePublished":"2024-09-04T18:20:36+00:00","mainEntityOfPage":{"@id":"https:\/\/arealorcaradio.es\/index.php\/2024\/09\/04\/mas-de-medio-centenar-de-actividades-completan-la-45a-edicion-de-los-juegos-deportivos-del-guadalentin\/"},"wordCount":1832,"commentCount":0,"image":{"@id":"https:\/\/arealorcaradio.es\/index.php\/2024\/09\/04\/mas-de-medio-centenar-de-actividades-completan-la-45a-edicion-de-los-juegos-deportivos-del-guadalentin\/#primaryimage"},"thumbnailUrl":"https:\/\/arealorcaradio.es\/wp-content\/uploads\/2024\/09\/20240904_115414-scaled.jpg","articleSection":["DEPORTES","LORCA"],"inLanguage":"es","potentialAction":[{"@type":"CommentAction","name":"Comment","target":["https:\/\/arealorcaradio.es\/index.php\/2024\/09\/04\/mas-de-medio-centenar-de-actividades-completan-la-45a-edicion-de-los-juegos-deportivos-del-guadalentin\/#respond"]}]},{"@type":"WebPage","@id":"https:\/\/arealorcaradio.es\/index.php\/2024\/09\/04\/mas-de-medio-centenar-de-actividades-completan-la-45a-edicion-de-los-juegos-deportivos-del-guadalentin\/","url":"https:\/\/arealorcaradio.es\/index.php\/2024\/09\/04\/mas-de-medio-centenar-de-actividades-completan-la-45a-edicion-de-los-juegos-deportivos-del-guadalentin\/","name":"M\u00e1s de medio centenar de actividades completan la 45\u00aa edici\u00f3n de los Juegos Deportivos del Guadalent\u00edn - AREA LORCA RADIO","isPartOf":{"@id":"https:\/\/arealorcaradio.es\/#website"},"primaryImageOfPage":{"@id":"https:\/\/arealorcaradio.es\/index.php\/2024\/09\/04\/mas-de-medio-centenar-de-actividades-completan-la-45a-edicion-de-los-juegos-deportivos-del-guadalentin\/#primaryimage"},"image":{"@id":"https:\/\/arealorcaradio.es\/index.php\/2024\/09\/04\/mas-de-medio-centenar-de-actividades-completan-la-45a-edicion-de-los-juegos-deportivos-del-guadalentin\/#primaryimage"},"thumbnailUrl":"https:\/\/arealorcaradio.es\/wp-content\/uploads\/2024\/09\/20240904_115414-scaled.jpg","datePublished":"2024-09-04T18:20:36+00:00","author":{"@id":"https:\/\/arealorcaradio.es\/#\/schema\/person\/9fae605fc25b0f2c83c1ab207139bd27"},"breadcrumb":{"@id":"https:\/\/arealorcaradio.es\/index.php\/2024\/09\/04\/mas-de-medio-centenar-de-actividades-completan-la-45a-edicion-de-los-juegos-deportivos-del-guadalentin\/#breadcrumb"},"inLanguage":"es","potentialAction":[{"@type":"ReadAction","target":["https:\/\/arealorcaradio.es\/index.php\/2024\/09\/04\/mas-de-medio-centenar-de-actividades-completan-la-45a-edicion-de-los-juegos-deportivos-del-guadalentin\/"]}]},{"@type":"ImageObject","inLanguage":"es","@id":"https:\/\/arealorcaradio.es\/index.php\/2024\/09\/04\/mas-de-medio-centenar-de-actividades-completan-la-45a-edicion-de-los-juegos-deportivos-del-guadalentin\/#primaryimage","url":"https:\/\/arealorcaradio.es\/wp-content\/uploads\/2024\/09\/20240904_115414-scaled.jpg","contentUrl":"https:\/\/arealorcaradio.es\/wp-content\/uploads\/2024\/09\/20240904_115414-scaled.jpg","width":2560,"height":1920},{"@type":"BreadcrumbList","@id":"https:\/\/arealorcaradio.es\/index.php\/2024\/09\/04\/mas-de-medio-centenar-de-actividades-completan-la-45a-edicion-de-los-juegos-deportivos-del-guadalentin\/#breadcrumb","itemListElement":[{"@type":"ListItem","position":1,"name":"Portada","item":"https:\/\/arealorcaradio.es\/"},{"@type":"ListItem","position":2,"name":"M\u00e1s de medio centenar de actividades completan la 45\u00aa edici\u00f3n de los Juegos Deportivos del Guadalent\u00edn"}]},{"@type":"WebSite","@id":"https:\/\/arealorcaradio.es\/#website","url":"https:\/\/arealorcaradio.es\/","name":"AREA LORCA RADIO","description":"Descubre la programaci\u00f3n actual en \u00c1rea Lorca Radio, tu fuente de entrenamiento y noticias locales. Sintoniza ahora y mantente conectado online.","potentialAction":[{"@type":"SearchAction","target":{"@type":"EntryPoint","urlTemplate":"https:\/\/arealorcaradio.es\/?s={search_term_string}"},"query-input":{"@type":"PropertyValueSpecification","valueRequired":true,"valueName":"search_term_string"}}],"inLanguage":"es"},{"@type":"Person","@id":"https:\/\/arealorcaradio.es\/#\/schema\/person\/9fae605fc25b0f2c83c1ab207139bd27","name":"Paco S\u00e1nchez","image":{"@type":"ImageObject","inLanguage":"es","@id":"https:\/\/secure.gravatar.com\/avatar\/d67144e966420fb74aa84c9f2a0103be4724fd14db52b52d3b6bca749f257e79?s=96&d=mm&r=g","url":"https:\/\/secure.gravatar.com\/avatar\/d67144e966420fb74aa84c9f2a0103be4724fd14db52b52d3b6bca749f257e79?s=96&d=mm&r=g","contentUrl":"https:\/\/secure.gravatar.com\/avatar\/d67144e966420fb74aa84c9f2a0103be4724fd14db52b52d3b6bca749f257e79?s=96&d=mm&r=g","caption":"Paco S\u00e1nchez"},"sameAs":["https:\/\/arealorcaradio.es"],"url":"https:\/\/arealorcaradio.es\/index.php\/author\/admin_alorcaradio\/"}]}},"_links":{"self":[{"href":"https:\/\/arealorcaradio.es\/index.php\/wp-json\/wp\/v2\/posts\/3990","targetHints":{"allow":["GET"]}}],"collection":[{"href":"https:\/\/arealorcaradio.es\/index.php\/wp-json\/wp\/v2\/posts"}],"about":[{"href":"https:\/\/arealorcaradio.es\/index.php\/wp-json\/wp\/v2\/types\/post"}],"author":[{"embeddable":true,"href":"https:\/\/arealorcaradio.es\/index.php\/wp-json\/wp\/v2\/users\/1"}],"replies":[{"embeddable":true,"href":"https:\/\/arealorcaradio.es\/index.php\/wp-json\/wp\/v2\/comments?post=3990"}],"version-history":[{"count":1,"href":"https:\/\/arealorcaradio.es\/index.php\/wp-json\/wp\/v2\/posts\/3990\/revisions"}],"predecessor-version":[{"id":3994,"href":"https:\/\/arealorcaradio.es\/index.php\/wp-json\/wp\/v2\/posts\/3990\/revisions\/3994"}],"wp:featuredmedia":[{"embeddable":true,"href":"https:\/\/arealorcaradio.es\/index.php\/wp-json\/wp\/v2\/media\/3993"}],"wp:attachment":[{"href":"https:\/\/arealorcaradio.es\/index.php\/wp-json\/wp\/v2\/media?parent=3990"}],"wp:term":[{"taxonomy":"category","embeddable":true,"href":"https:\/\/arealorcaradio.es\/index.php\/wp-json\/wp\/v2\/categories?post=3990"},{"taxonomy":"post_tag","embeddable":true,"href":"https:\/\/arealorcaradio.es\/index.php\/wp-json\/wp\/v2\/tags?post=3990"}],"curies":[{"name":"wp","href":"https:\/\/api.w.org\/{rel}","templated":true}]}}